{"id":11556,"date":"2024-02-12T16:51:26","date_gmt":"2024-02-12T15:51:26","guid":{"rendered":"https:\/\/www.link2fleet.com\/une-coalition-de-15-experts-hr-et-mobilite-plaident-pour-un-budget-de-mobilite-pour-tous-les-travailleurs\/"},"modified":"2024-02-12T16:51:26","modified_gmt":"2024-02-12T15:51:26","slug":"une-coalition-de-15-experts-hr-et-mobilite-plaident-pour-un-budget-de-mobilite-pour-tous-les-travailleurs","status":"publish","type":"post","link":"https:\/\/www.link2fleet.com\/fr\/une-coalition-de-15-experts-hr-et-mobilite-plaident-pour-un-budget-de-mobilite-pour-tous-les-travailleurs\/","title":{"rendered":"Une coalition de 15 experts HR et mobilit\u00e9 plaident pour un budget de mobilit\u00e9 pour tous les travailleurs"},"content":{"rendered":"<p style=\"font-weight: 400;\">Entr\u00e9e en vigueur en 2019, le budget de mobilit\u00e9, qui permet \u00e0 un employ\u00e9 d\u2019\u00e9changer sa voiture de soci\u00e9t\u00e9 contre un budget \u00e0 utiliser pour modeler sa propre mobilit\u00e9, n\u2019a pas connu un succ\u00e8s fulgurant d\u00e8s son lancement. Il faut dire que la complexit\u00e9 de sa mise en place, coupl\u00e9e \u00e0 la pand\u00e9mie de Covid-19 qui s\u2019en est suivie et a contraint tout le monde au t\u00e9l\u00e9travail n\u2019ont pas aid\u00e9.<\/p>\n<p style=\"font-weight: 400;\">Mais la roue commence visiblement a tourn\u00e9 puisqu\u2019entre 2022 et 2023, le nombre d\u2019employ\u00e9s qui ont demand\u00e9 \u00e0 b\u00e9n\u00e9ficier d\u2019un budget de mobilit\u00e9 a tripl\u00e9, tandis que le nombre d\u2019entreprises qui le proposent a presque doubl\u00e9.<\/p>\n<p style=\"font-weight: 400;\">\u00ab\u00a0Nous voyons les employeurs r\u00e9pondre \u00e0 une demande croissante de flexibilit\u00e9 de la part de leurs employ\u00e9s et futurs employ\u00e9s. En termes de r\u00e9mun\u00e9ration, de travail \u00e0 domicile par rapport au travail au bureau, mais aussi en termes de mobilit\u00e9, les employ\u00e9s veulent beaucoup plus choisir la fa\u00e7on dont ils se d\u00e9placent. La voiture n&rsquo;est plus le premier choix, surtout pour les jeunes citadins\u00a0\u00bb, expose Eefje Dulsster, Manager Bonus et R\u00e9mun\u00e9ration flexible chez Attentia.<\/p>\n<p style=\"font-weight: 400;\">\n<p style=\"font-weight: 400;\"><strong>Simplification administrative<\/strong><\/p>\n<p style=\"font-weight: 400;\">Malgr\u00e9 l\u2019entr\u00e9e en vigueur d\u2019un arr\u00eat\u00e9 royal d\u00e9but 2024 visant \u00e0 simplifier la mise en \u0153uvre et l\u2019acc\u00e8s au budget de mobilit\u00e9, les acteurs du secteur estiment qu\u2019il peut encore y avoir des am\u00e9liorations. \u00ab\u00a0Actuellement, seuls ceux qui ont d\u00e9j\u00e0 droit \u00e0 une voiture de soci\u00e9t\u00e9 peuvent opter pour le budget mobilit\u00e9,\u00a0\u00bb intervient Thierry Devresse, Managing Director de MMBB (My Mobility Budget Butler).\u00a0\u00ab\u00a0De nombreuses entreprises consid\u00e8rent cela comme injuste pour les employ\u00e9s qui n&rsquo;ont pas ce droit. Pour eux, le choix se limite souvent \u00e0 des abonnements aux transports publics ou \u00e0 une indemnit\u00e9 de v\u00e9lo. De nombreuses entreprises attendent donc que le budget mobilit\u00e9 soit \u00e9tendu \u00e0 tous les employ\u00e9s et ouvriers. Il permettra \u00e9galement une simplification administrative, car il peut remplacer tous les cadres juridiques existants et confus autour du trajet domicile-travail. Il suffit de penser \u00e0 toutes sortes d&rsquo;indemnit\u00e9s, au remboursement des transports publics, etc. qui sont actuellement \u00e9parpill\u00e9s dans les commissions paritaires.\u00a0\u00bb<\/p>\n<p style=\"font-weight: 400;\">\u00ab\u00a0Pour op\u00e9rer un v\u00e9ritable passage \u00e0 la mobilit\u00e9 durable, il est n\u00e9cessaire de rendre les alternatives \u00e0 la voiture \u00e0 \u00e9nergie fossile aussi accessibles et attrayantes que possible. C&rsquo;est exactement ce que fait le budget mobilit\u00e9. Avec l&rsquo;extension du budget mobilit\u00e9 f\u00e9d\u00e9ral, le gouvernement d\u00e9tient donc la cl\u00e9 du changement de comportement et de la durabilit\u00e9,\u00a0\u00bb ajoute Peter Van der Perre, Managing Director de ITS.be.<\/p>\n<p style=\"font-weight: 400;\">\n<p><strong>Une coalition pour faire changer les choses<\/strong><\/p>\n<p style=\"font-weight: 400;\">15 partenaires, acteurs dans les secteurs mobilit\u00e9 et HR, ont donc d\u00e9cid\u00e9 de se cr\u00e9er une coalition pour faire entendre leur voix. Ils souhaitent que le budget de mobilit\u00e9 soit donc d\u00e9sormais accessible \u00e0 l\u2019ensemble des travailleurs. Il s\u2019agit notamment des entreprises cit\u00e9es ci-dessus, mais aussi entre-autres de la SNCB, d\u2019Olympus Mobility, de Modalizy, Optimile, Mbrella ou encore Skipr, ainsi que d\u2019acteurs du secteur automobile, comme la f\u00e9d\u00e9ration Mobia ou Shell.<\/p>\n<p style=\"font-weight: 400;\">\u00ab\u00a0Un choix pour le budget mobilit\u00e9 n&rsquo;est pas un choix contre la voiture\u00a0\u00bb, assure Frank van Gool, Directeur G\u00e9n\u00e9ral de Mobia. \u00ab\u00a0C&rsquo;est un choix pour plus de flexibilit\u00e9, o\u00f9 l&rsquo;utilisateur choisit le moyen de transport le plus optimal pour un trajet sp\u00e9cifique. Parfois, il s&rsquo;agit d&rsquo;une voiture \u00e9lectrique, d&rsquo;autres fois d&rsquo;une voiture partag\u00e9e ou d&rsquo;un transport public ou d&rsquo;un v\u00e9lo. Les soci\u00e9t\u00e9s de leasing investissent \u00e9galement d\u00e9j\u00e0 beaucoup dans les solutions dites de mobilit\u00e9 en tant que service (MAAS).\u00a0\u00bb<\/p>\n<p style=\"font-weight: 400;\">\u00ab\u00a0Chez Shell Fleet Solutions, nous poussons d\u00e9j\u00e0 tr\u00e8s fort pour \u00e9lectrifier la mobilit\u00e9 professionnelle de nos clients, mais il faut aller plus loin pour atteindre les objectifs climatiques\u00a0\u00bb, indique Nikki Elewaut, Product Manager. \u00ab\u00a0La mobilit\u00e9 alternative a besoin de plus d&rsquo;attention, mais elle doit aussi \u00eatre facile \u00e0 g\u00e9rer. Depuis l&rsquo;ann\u00e9e derni\u00e8re, nous proposons donc une plateforme pour g\u00e9rer, entre autres, le budget f\u00e9d\u00e9ral de mobilit\u00e9.\u00a0\u00bb<\/p>\n<p style=\"font-weight: 400;\">\n","protected":false},"excerpt":{"rendered":"<p>Entr\u00e9e en vigueur en 2019, le budget de mobilit\u00e9, qui permet \u00e0 un employ\u00e9 d\u2019\u00e9changer sa voiture de soci\u00e9t\u00e9 contre un budget \u00e0 utiliser pour modeler sa propre mobilit\u00e9, n\u2019a pas connu un succ\u00e8s fulgurant d\u00e8s son lancement. Il faut dire que la complexit\u00e9 de sa mise en place, coupl\u00e9e \u00e0 la pand\u00e9mie de Covid-19 [&hellip;]<\/p>\n","protected":false},"author":4,"featured_media":2390,"comment_status":"closed","ping_status":"closed","sticky":false,"template":"","format":"standard","meta":{"_acf_changed":false,"footnotes":""},"categories":[90,88,89,99,87,97,98,96],"tags":[],"class_list":["post-11556","post","type-post","status-publish","format-standard","has-post-thumbnail","hentry","category-car-sharing-et-car-pooling","category-cartes-de-mobilite","category-modes-de-transports-alternatifs-flex-offices-parkings","category-gestiondeparking","category-mobility-2","category-transportsencommun","category-trottinettes_scooters_motos","category-velos-location"],"acf":[],"yoast_head":"<!-- This site is optimized with the Yoast SEO plugin v27.3 - https:\/\/yoast.com\/product\/yoast-seo-wordpress\/ -->\n<title>Une coalition de 15 experts HR et mobilit\u00e9 plaident pour un budget de mobilit\u00e9 pour tous les travailleurs - link2fleet<\/title>\n<meta name=\"description\" content=\"Le budget de mobilit\u00e9 commence doucement \u00e0 s\u2019imposer dans les entreprises. Elles \u00e9taient ainsi 852 \u00e0 le proposer l\u2019an dernier contre seulement 443 en 2022.\u2026\" \/>\n<meta name=\"robots\" content=\"index, follow, max-snippet:-1, max-image-preview:large, max-video-preview:-1\" \/>\n<meta property=\"og:locale\" content=\"fr_FR\" \/>\n<meta property=\"og:type\" content=\"article\" \/>\n<meta property=\"og:title\" content=\"Une coalition de 15 experts HR et mobilit\u00e9 plaident pour un budget de mobilit\u00e9 pour tous les travailleurs - link2fleet\" \/>\n<meta property=\"og:description\" content=\"Le budget de mobilit\u00e9 commence doucement \u00e0 s\u2019imposer dans les entreprises. Elles \u00e9taient ainsi 852 \u00e0 le proposer l\u2019an dernier contre seulement 443 en 2022.\u2026\" \/>\n<meta property=\"og:url\" content=\"https:\/\/www.link2fleet.com\/fr\/une-coalition-de-15-experts-hr-et-mobilite-plaident-pour-un-budget-de-mobilite-pour-tous-les-travailleurs\/\" \/>\n<meta property=\"og:site_name\" content=\"link2fleet\" \/>\n<meta property=\"article:published_time\" content=\"2024-02-12T15:51:26+00:00\" \/>\n<meta property=\"og:image\" content=\"https:\/\/static.link2fleet.com\/wp-content\/uploads\/2024\/03\/budget-mobilite-1.jpg\" \/>\n\t<meta property=\"og:image:width\" content=\"1200\" \/>\n\t<meta property=\"og:image:height\" content=\"800\" \/>\n\t<meta property=\"og:image:type\" content=\"image\/jpeg\" \/>\n<meta name=\"author\" content=\"Damien Malvetti\" \/>\n<meta name=\"twitter:card\" content=\"summary_large_image\" \/>\n<meta name=\"twitter:description\" content=\"Le budget de mobilit\u00e9 commence doucement \u00e0 s\u2019imposer dans les entreprises. Elles \u00e9taient ainsi 852 \u00e0 le proposer l\u2019an dernier contre seulement 443 en 2022.\u2026\" \/>\n<meta name=\"twitter:label1\" content=\"\u00c9crit par\" \/>\n\t<meta name=\"twitter:data1\" content=\"Damien Malvetti\" \/>\n\t<meta name=\"twitter:label2\" content=\"Dur\u00e9e de lecture estim\u00e9e\" \/>\n\t<meta name=\"twitter:data2\" content=\"3 minutes\" \/>\n<script type=\"application\/ld+json\" class=\"yoast-schema-graph\">{\"@context\":\"https:\\\/\\\/schema.org\",\"@graph\":[{\"@type\":\"Article\",\"@id\":\"https:\\\/\\\/www.link2fleet.com\\\/fr\\\/une-coalition-de-15-experts-hr-et-mobilite-plaident-pour-un-budget-de-mobilite-pour-tous-les-travailleurs\\\/#article\",\"isPartOf\":{\"@id\":\"https:\\\/\\\/www.link2fleet.com\\\/fr\\\/une-coalition-de-15-experts-hr-et-mobilite-plaident-pour-un-budget-de-mobilite-pour-tous-les-travailleurs\\\/\"},\"author\":{\"name\":\"Damien Malvetti\",\"@id\":\"https:\\\/\\\/www.link2fleet.com\\\/fr\\\/#\\\/schema\\\/person\\\/027cd46113c78036b3809c9a054049da\"},\"headline\":\"Une coalition de 15 experts HR et mobilit\u00e9 plaident pour un budget de mobilit\u00e9 pour tous les travailleurs\",\"datePublished\":\"2024-02-12T15:51:26+00:00\",\"mainEntityOfPage\":{\"@id\":\"https:\\\/\\\/www.link2fleet.com\\\/fr\\\/une-coalition-de-15-experts-hr-et-mobilite-plaident-pour-un-budget-de-mobilite-pour-tous-les-travailleurs\\\/\"},\"wordCount\":717,\"publisher\":{\"@id\":\"https:\\\/\\\/www.link2fleet.com\\\/fr\\\/#organization\"},\"image\":{\"@id\":\"https:\\\/\\\/www.link2fleet.com\\\/fr\\\/une-coalition-de-15-experts-hr-et-mobilite-plaident-pour-un-budget-de-mobilite-pour-tous-les-travailleurs\\\/#primaryimage\"},\"thumbnailUrl\":\"https:\\\/\\\/static.link2fleet.com\\\/wp-content\\\/uploads\\\/2024\\\/03\\\/budget-mobilite-1.jpg\",\"articleSection\":[\"Car-sharing, car-pooling et taxi\",\"Cartes\\\/app de mobilit\u00e9\",\"Flex-offices\",\"Gestion de parking\",\"Mobilit\u00e9\",\"Transports en commun\",\"Trottinettes, scooters et motos\",\"V\u00e9los (location)\"],\"inLanguage\":\"fr-FR\"},{\"@type\":\"WebPage\",\"@id\":\"https:\\\/\\\/www.link2fleet.com\\\/fr\\\/une-coalition-de-15-experts-hr-et-mobilite-plaident-pour-un-budget-de-mobilite-pour-tous-les-travailleurs\\\/\",\"url\":\"https:\\\/\\\/www.link2fleet.com\\\/fr\\\/une-coalition-de-15-experts-hr-et-mobilite-plaident-pour-un-budget-de-mobilite-pour-tous-les-travailleurs\\\/\",\"name\":\"Une coalition de 15 experts HR et mobilit\u00e9 plaident pour un budget de mobilit\u00e9 pour tous les travailleurs - link2fleet\",\"isPartOf\":{\"@id\":\"https:\\\/\\\/www.link2fleet.com\\\/fr\\\/#website\"},\"primaryImageOfPage\":{\"@id\":\"https:\\\/\\\/www.link2fleet.com\\\/fr\\\/une-coalition-de-15-experts-hr-et-mobilite-plaident-pour-un-budget-de-mobilite-pour-tous-les-travailleurs\\\/#primaryimage\"},\"image\":{\"@id\":\"https:\\\/\\\/www.link2fleet.com\\\/fr\\\/une-coalition-de-15-experts-hr-et-mobilite-plaident-pour-un-budget-de-mobilite-pour-tous-les-travailleurs\\\/#primaryimage\"},\"thumbnailUrl\":\"https:\\\/\\\/static.link2fleet.com\\\/wp-content\\\/uploads\\\/2024\\\/03\\\/budget-mobilite-1.jpg\",\"datePublished\":\"2024-02-12T15:51:26+00:00\",\"breadcrumb\":{\"@id\":\"https:\\\/\\\/www.link2fleet.com\\\/fr\\\/une-coalition-de-15-experts-hr-et-mobilite-plaident-pour-un-budget-de-mobilite-pour-tous-les-travailleurs\\\/#breadcrumb\"},\"inLanguage\":\"fr-FR\",\"potentialAction\":[{\"@type\":\"ReadAction\",\"target\":[\"https:\\\/\\\/www.link2fleet.com\\\/fr\\\/une-coalition-de-15-experts-hr-et-mobilite-plaident-pour-un-budget-de-mobilite-pour-tous-les-travailleurs\\\/\"]}]},{\"@type\":\"ImageObject\",\"inLanguage\":\"fr-FR\",\"@id\":\"https:\\\/\\\/www.link2fleet.com\\\/fr\\\/une-coalition-de-15-experts-hr-et-mobilite-plaident-pour-un-budget-de-mobilite-pour-tous-les-travailleurs\\\/#primaryimage\",\"url\":\"https:\\\/\\\/static.link2fleet.com\\\/wp-content\\\/uploads\\\/2024\\\/03\\\/budget-mobilite-1.jpg\",\"contentUrl\":\"https:\\\/\\\/static.link2fleet.com\\\/wp-content\\\/uploads\\\/2024\\\/03\\\/budget-mobilite-1.jpg\",\"width\":1200,\"height\":800},{\"@type\":\"BreadcrumbList\",\"@id\":\"https:\\\/\\\/www.link2fleet.com\\\/fr\\\/une-coalition-de-15-experts-hr-et-mobilite-plaident-pour-un-budget-de-mobilite-pour-tous-les-travailleurs\\\/#breadcrumb\",\"itemListElement\":[{\"@type\":\"ListItem\",\"position\":1,\"name\":\"Home\",\"item\":\"https:\\\/\\\/www.link2fleet.com\\\/fr\\\/\"},{\"@type\":\"ListItem\",\"position\":2,\"name\":\"Une coalition de 15 experts HR et mobilit\u00e9 plaident pour un budget de mobilit\u00e9 pour tous les travailleurs\"}]},{\"@type\":\"WebSite\",\"@id\":\"https:\\\/\\\/www.link2fleet.com\\\/fr\\\/#website\",\"url\":\"https:\\\/\\\/www.link2fleet.com\\\/fr\\\/\",\"name\":\"Link2fleet\",\"description\":\"\",\"publisher\":{\"@id\":\"https:\\\/\\\/www.link2fleet.com\\\/fr\\\/#organization\"},\"potentialAction\":[{\"@type\":\"SearchAction\",\"target\":{\"@type\":\"EntryPoint\",\"urlTemplate\":\"https:\\\/\\\/www.link2fleet.com\\\/fr\\\/?s={search_term_string}\"},\"query-input\":{\"@type\":\"PropertyValueSpecification\",\"valueRequired\":true,\"valueName\":\"search_term_string\"}}],\"inLanguage\":\"fr-FR\"},{\"@type\":\"Organization\",\"@id\":\"https:\\\/\\\/www.link2fleet.com\\\/fr\\\/#organization\",\"name\":\"Link2fleet\",\"url\":\"https:\\\/\\\/www.link2fleet.com\\\/fr\\\/\",\"logo\":{\"@type\":\"ImageObject\",\"inLanguage\":\"fr-FR\",\"@id\":\"https:\\\/\\\/www.link2fleet.com\\\/fr\\\/#\\\/schema\\\/logo\\\/image\\\/\",\"url\":\"https:\\\/\\\/static.link2fleet.com\\\/wp-content\\\/uploads\\\/2024\\\/03\\\/share-image.jpg\",\"contentUrl\":\"https:\\\/\\\/static.link2fleet.com\\\/wp-content\\\/uploads\\\/2024\\\/03\\\/share-image.jpg\",\"width\":1200,\"height\":630,\"caption\":\"Link2fleet\"},\"image\":{\"@id\":\"https:\\\/\\\/www.link2fleet.com\\\/fr\\\/#\\\/schema\\\/logo\\\/image\\\/\"},\"sameAs\":[\"https:\\\/\\\/www.linkedin.com\\\/company\\\/link2fleet-belgium\",\"https:\\\/\\\/www.youtube.com\\\/user\\\/MMMBMBE\"]},{\"@type\":\"Person\",\"@id\":\"https:\\\/\\\/www.link2fleet.com\\\/fr\\\/#\\\/schema\\\/person\\\/027cd46113c78036b3809c9a054049da\",\"name\":\"Damien Malvetti\",\"image\":{\"@type\":\"ImageObject\",\"inLanguage\":\"fr-FR\",\"@id\":\"https:\\\/\\\/secure.gravatar.com\\\/avatar\\\/dd8cc03b49466c735f753ac37f8caa371af16dfed347456ed61f02883255eebb?s=96&d=mm&r=g\",\"url\":\"https:\\\/\\\/secure.gravatar.com\\\/avatar\\\/dd8cc03b49466c735f753ac37f8caa371af16dfed347456ed61f02883255eebb?s=96&d=mm&r=g\",\"contentUrl\":\"https:\\\/\\\/secure.gravatar.com\\\/avatar\\\/dd8cc03b49466c735f753ac37f8caa371af16dfed347456ed61f02883255eebb?s=96&d=mm&r=g\",\"caption\":\"Damien Malvetti\"},\"description\":\"Damien Malvetti is opgeleid als journalist en gepassioneerd door wagens, technologie en mobiliteit. Hij is verantwoordelijk voor de redactionele inhoud van link2fleet en beschikt over een uitgebreide kennis van de fleet-sector en elektrische mobiliteit.\",\"sameAs\":[\"https:\\\/\\\/www.linkedin.com\\\/in\\\/damien-malvetti-56601142\\\/\"]}]}<\/script>\n<!-- \/ Yoast SEO plugin. -->","yoast_head_json":{"title":"Une coalition de 15 experts HR et mobilit\u00e9 plaident pour un budget de mobilit\u00e9 pour tous les travailleurs - link2fleet","description":"Le budget de mobilit\u00e9 commence doucement \u00e0 s\u2019imposer dans les entreprises. Elles \u00e9taient ainsi 852 \u00e0 le proposer l\u2019an dernier contre seulement 443 en 2022.\u2026","robots":{"index":"index","follow":"follow","max-snippet":"max-snippet:-1","max-image-preview":"max-image-preview:large","max-video-preview":"max-video-preview:-1"},"og_locale":"fr_FR","og_type":"article","og_title":"Une coalition de 15 experts HR et mobilit\u00e9 plaident pour un budget de mobilit\u00e9 pour tous les travailleurs - link2fleet","og_description":"Le budget de mobilit\u00e9 commence doucement \u00e0 s\u2019imposer dans les entreprises. Elles \u00e9taient ainsi 852 \u00e0 le proposer l\u2019an dernier contre seulement 443 en 2022.\u2026","og_url":"https:\/\/www.link2fleet.com\/fr\/une-coalition-de-15-experts-hr-et-mobilite-plaident-pour-un-budget-de-mobilite-pour-tous-les-travailleurs\/","og_site_name":"link2fleet","article_published_time":"2024-02-12T15:51:26+00:00","og_image":[{"width":1200,"height":800,"url":"https:\/\/static.link2fleet.com\/wp-content\/uploads\/2024\/03\/budget-mobilite-1.jpg","type":"image\/jpeg"}],"author":"Damien Malvetti","twitter_card":"summary_large_image","twitter_description":"Le budget de mobilit\u00e9 commence doucement \u00e0 s\u2019imposer dans les entreprises. Elles \u00e9taient ainsi 852 \u00e0 le proposer l\u2019an dernier contre seulement 443 en 2022.\u2026","twitter_misc":{"\u00c9crit par":"Damien Malvetti","Dur\u00e9e de lecture estim\u00e9e":"3 minutes"},"schema":{"@context":"https:\/\/schema.org","@graph":[{"@type":"Article","@id":"https:\/\/www.link2fleet.com\/fr\/une-coalition-de-15-experts-hr-et-mobilite-plaident-pour-un-budget-de-mobilite-pour-tous-les-travailleurs\/#article","isPartOf":{"@id":"https:\/\/www.link2fleet.com\/fr\/une-coalition-de-15-experts-hr-et-mobilite-plaident-pour-un-budget-de-mobilite-pour-tous-les-travailleurs\/"},"author":{"name":"Damien Malvetti","@id":"https:\/\/www.link2fleet.com\/fr\/#\/schema\/person\/027cd46113c78036b3809c9a054049da"},"headline":"Une coalition de 15 experts HR et mobilit\u00e9 plaident pour un budget de mobilit\u00e9 pour tous les travailleurs","datePublished":"2024-02-12T15:51:26+00:00","mainEntityOfPage":{"@id":"https:\/\/www.link2fleet.com\/fr\/une-coalition-de-15-experts-hr-et-mobilite-plaident-pour-un-budget-de-mobilite-pour-tous-les-travailleurs\/"},"wordCount":717,"publisher":{"@id":"https:\/\/www.link2fleet.com\/fr\/#organization"},"image":{"@id":"https:\/\/www.link2fleet.com\/fr\/une-coalition-de-15-experts-hr-et-mobilite-plaident-pour-un-budget-de-mobilite-pour-tous-les-travailleurs\/#primaryimage"},"thumbnailUrl":"https:\/\/static.link2fleet.com\/wp-content\/uploads\/2024\/03\/budget-mobilite-1.jpg","articleSection":["Car-sharing, car-pooling et taxi","Cartes\/app de mobilit\u00e9","Flex-offices","Gestion de parking","Mobilit\u00e9","Transports en commun","Trottinettes, scooters et motos","V\u00e9los (location)"],"inLanguage":"fr-FR"},{"@type":"WebPage","@id":"https:\/\/www.link2fleet.com\/fr\/une-coalition-de-15-experts-hr-et-mobilite-plaident-pour-un-budget-de-mobilite-pour-tous-les-travailleurs\/","url":"https:\/\/www.link2fleet.com\/fr\/une-coalition-de-15-experts-hr-et-mobilite-plaident-pour-un-budget-de-mobilite-pour-tous-les-travailleurs\/","name":"Une coalition de 15 experts HR et mobilit\u00e9 plaident pour un budget de mobilit\u00e9 pour tous les travailleurs - link2fleet","isPartOf":{"@id":"https:\/\/www.link2fleet.com\/fr\/#website"},"primaryImageOfPage":{"@id":"https:\/\/www.link2fleet.com\/fr\/une-coalition-de-15-experts-hr-et-mobilite-plaident-pour-un-budget-de-mobilite-pour-tous-les-travailleurs\/#primaryimage"},"image":{"@id":"https:\/\/www.link2fleet.com\/fr\/une-coalition-de-15-experts-hr-et-mobilite-plaident-pour-un-budget-de-mobilite-pour-tous-les-travailleurs\/#primaryimage"},"thumbnailUrl":"https:\/\/static.link2fleet.com\/wp-content\/uploads\/2024\/03\/budget-mobilite-1.jpg","datePublished":"2024-02-12T15:51:26+00:00","breadcrumb":{"@id":"https:\/\/www.link2fleet.com\/fr\/une-coalition-de-15-experts-hr-et-mobilite-plaident-pour-un-budget-de-mobilite-pour-tous-les-travailleurs\/#breadcrumb"},"inLanguage":"fr-FR","potentialAction":[{"@type":"ReadAction","target":["https:\/\/www.link2fleet.com\/fr\/une-coalition-de-15-experts-hr-et-mobilite-plaident-pour-un-budget-de-mobilite-pour-tous-les-travailleurs\/"]}]},{"@type":"ImageObject","inLanguage":"fr-FR","@id":"https:\/\/www.link2fleet.com\/fr\/une-coalition-de-15-experts-hr-et-mobilite-plaident-pour-un-budget-de-mobilite-pour-tous-les-travailleurs\/#primaryimage","url":"https:\/\/static.link2fleet.com\/wp-content\/uploads\/2024\/03\/budget-mobilite-1.jpg","contentUrl":"https:\/\/static.link2fleet.com\/wp-content\/uploads\/2024\/03\/budget-mobilite-1.jpg","width":1200,"height":800},{"@type":"BreadcrumbList","@id":"https:\/\/www.link2fleet.com\/fr\/une-coalition-de-15-experts-hr-et-mobilite-plaident-pour-un-budget-de-mobilite-pour-tous-les-travailleurs\/#breadcrumb","itemListElement":[{"@type":"ListItem","position":1,"name":"Home","item":"https:\/\/www.link2fleet.com\/fr\/"},{"@type":"ListItem","position":2,"name":"Une coalition de 15 experts HR et mobilit\u00e9 plaident pour un budget de mobilit\u00e9 pour tous les travailleurs"}]},{"@type":"WebSite","@id":"https:\/\/www.link2fleet.com\/fr\/#website","url":"https:\/\/www.link2fleet.com\/fr\/","name":"Link2fleet","description":"","publisher":{"@id":"https:\/\/www.link2fleet.com\/fr\/#organization"},"potentialAction":[{"@type":"SearchAction","target":{"@type":"EntryPoint","urlTemplate":"https:\/\/www.link2fleet.com\/fr\/?s={search_term_string}"},"query-input":{"@type":"PropertyValueSpecification","valueRequired":true,"valueName":"search_term_string"}}],"inLanguage":"fr-FR"},{"@type":"Organization","@id":"https:\/\/www.link2fleet.com\/fr\/#organization","name":"Link2fleet","url":"https:\/\/www.link2fleet.com\/fr\/","logo":{"@type":"ImageObject","inLanguage":"fr-FR","@id":"https:\/\/www.link2fleet.com\/fr\/#\/schema\/logo\/image\/","url":"https:\/\/static.link2fleet.com\/wp-content\/uploads\/2024\/03\/share-image.jpg","contentUrl":"https:\/\/static.link2fleet.com\/wp-content\/uploads\/2024\/03\/share-image.jpg","width":1200,"height":630,"caption":"Link2fleet"},"image":{"@id":"https:\/\/www.link2fleet.com\/fr\/#\/schema\/logo\/image\/"},"sameAs":["https:\/\/www.linkedin.com\/company\/link2fleet-belgium","https:\/\/www.youtube.com\/user\/MMMBMBE"]},{"@type":"Person","@id":"https:\/\/www.link2fleet.com\/fr\/#\/schema\/person\/027cd46113c78036b3809c9a054049da","name":"Damien Malvetti","image":{"@type":"ImageObject","inLanguage":"fr-FR","@id":"https:\/\/secure.gravatar.com\/avatar\/dd8cc03b49466c735f753ac37f8caa371af16dfed347456ed61f02883255eebb?s=96&d=mm&r=g","url":"https:\/\/secure.gravatar.com\/avatar\/dd8cc03b49466c735f753ac37f8caa371af16dfed347456ed61f02883255eebb?s=96&d=mm&r=g","contentUrl":"https:\/\/secure.gravatar.com\/avatar\/dd8cc03b49466c735f753ac37f8caa371af16dfed347456ed61f02883255eebb?s=96&d=mm&r=g","caption":"Damien Malvetti"},"description":"Damien Malvetti is opgeleid als journalist en gepassioneerd door wagens, technologie en mobiliteit. Hij is verantwoordelijk voor de redactionele inhoud van link2fleet en beschikt over een uitgebreide kennis van de fleet-sector en elektrische mobiliteit.","sameAs":["https:\/\/www.linkedin.com\/in\/damien-malvetti-56601142\/"]}]}},"_links":{"self":[{"href":"https:\/\/www.link2fleet.com\/fr\/wp-json\/wp\/v2\/posts\/11556","targetHints":{"allow":["GET"]}}],"collection":[{"href":"https:\/\/www.link2fleet.com\/fr\/wp-json\/wp\/v2\/posts"}],"about":[{"href":"https:\/\/www.link2fleet.com\/fr\/wp-json\/wp\/v2\/types\/post"}],"author":[{"embeddable":true,"href":"https:\/\/www.link2fleet.com\/fr\/wp-json\/wp\/v2\/users\/4"}],"replies":[{"embeddable":true,"href":"https:\/\/www.link2fleet.com\/fr\/wp-json\/wp\/v2\/comments?post=11556"}],"version-history":[{"count":0,"href":"https:\/\/www.link2fleet.com\/fr\/wp-json\/wp\/v2\/posts\/11556\/revisions"}],"wp:featuredmedia":[{"embeddable":true,"href":"https:\/\/www.link2fleet.com\/fr\/wp-json\/wp\/v2\/media\/2390"}],"wp:attachment":[{"href":"https:\/\/www.link2fleet.com\/fr\/wp-json\/wp\/v2\/media?parent=11556"}],"wp:term":[{"taxonomy":"category","embeddable":true,"href":"https:\/\/www.link2fleet.com\/fr\/wp-json\/wp\/v2\/categories?post=11556"},{"taxonomy":"post_tag","embeddable":true,"href":"https:\/\/www.link2fleet.com\/fr\/wp-json\/wp\/v2\/tags?post=11556"}],"curies":[{"name":"wp","href":"https:\/\/api.w.org\/{rel}","templated":true}]}}