{"id":11560,"date":"2024-02-15T06:33:18","date_gmt":"2024-02-15T05:33:18","guid":{"rendered":"https:\/\/www.link2fleet.com\/stellantis-belux-leve-le-voile-sur-ses-nouveautes-2024\/"},"modified":"2024-02-15T06:33:18","modified_gmt":"2024-02-15T05:33:18","slug":"stellantis-belux-leve-le-voile-sur-ses-nouveautes-2024","status":"publish","type":"post","link":"https:\/\/www.link2fleet.com\/fr\/stellantis-belux-leve-le-voile-sur-ses-nouveautes-2024\/","title":{"rendered":"Stellantis Belux l\u00e8ve le voile sur ses nouveaut\u00e9s 2024"},"content":{"rendered":"<p>Durant la &lsquo;House of Innovations&rsquo;, les visiteurs ont eu la chance de d\u00e9couvrir 36 nouveaux mod\u00e8les, parmi lesquels les tr\u00e8s attendues \u00a0<strong>Citro\u00ebn New \u00eb-C3<\/strong>, <strong>Peugeot New E-3008<\/strong>, et bien d&rsquo;autres. L&rsquo;\u00e9v\u00e9nement a soulign\u00e9 le r\u00f4le pr\u00e9pond\u00e9rant de Stellantis sur le march\u00e9 et son engagement en faveur de l&rsquo;innovation, comme l&rsquo;a soulign\u00e9 le PDG Florian Kraft.<\/p>\n<p><img loading=\"lazy\" decoding=\"async\" class=\"wp-image-1303917 alignright\" src=\"https:\/\/www.link2fleet.com\/wp-content\/uploads\/2024\/02\/Stellantis-2024-17-300x200.jpg\" alt=\"\" width=\"365\" height=\"243\" \/><\/p>\n<p>Avec des r\u00e9sultats impressionnants en 2023, notamment une deuxi\u00e8me position sur le march\u00e9 global et une forte pr\u00e9sence sur le march\u00e9 des LEV, Stellantis poursuit ses objectifs ambitieux pour 2024. Ceux-ci comprennent le maintien de leur position de leader en mati\u00e8re d&rsquo;\u00e9lectrification et l&rsquo;expansion dans le segment C avec de nouveaux mod\u00e8les tels que l&rsquo;<strong>Opel Astra<\/strong> et la <strong>Peugeot 308<\/strong>.<\/p>\n<p>L&rsquo;\u00e9v\u00e9nement n&rsquo;\u00e9tait pas seulement un showcase d&rsquo;avanc\u00e9es technologiques et de nouveaux mod\u00e8les, il offrait \u00e9galement une plateforme d&rsquo;interactions avec les leaders internationaux de Stellantis dont Eric Laforge et Antonella Bruno, qui ont partag\u00e9 leur vision sur l&rsquo;avenir de l&rsquo;industrie automobile.<\/p>\n<blockquote><p>Durant cette ann\u00e9e 2024 et au-del\u00e0, Stellantis Belux va donc continuer d&rsquo;innover et de viser la durabilit\u00e9 dans toutes ses activit\u00e9s. L&rsquo;\u00e9v\u00e9nement \u00a0\u00bb House of Innovation \u00a0\u00bb a \u00e9t\u00e9 une d\u00e9claration claire de cette mission, et promet un avenir passionnant pour l&rsquo;entreprise et ses clients. D\u00e9couvrez l&rsquo;\u00e9v\u00e9nement en quelques images gr\u00e2ce \u00e0 la galerie ci-dessous.<\/p><\/blockquote>\n<p>&nbsp;<\/p>\n\n","protected":false},"excerpt":{"rendered":"<p>Durant la &lsquo;House of Innovations&rsquo;, les visiteurs ont eu la chance de d\u00e9couvrir 36 nouveaux mod\u00e8les, parmi lesquels les tr\u00e8s attendues \u00a0Citro\u00ebn New \u00eb-C3, Peugeot New E-3008, et bien d&rsquo;autres. L&rsquo;\u00e9v\u00e9nement a soulign\u00e9 le r\u00f4le pr\u00e9pond\u00e9rant de Stellantis sur le march\u00e9 et son engagement en faveur de l&rsquo;innovation, comme l&rsquo;a soulign\u00e9 le PDG Florian Kraft. [&hellip;]<\/p>\n","protected":false},"author":43,"featured_media":11561,"comment_status":"closed","ping_status":"closed","sticky":false,"template":"","format":"standard","meta":{"_acf_changed":false,"footnotes":""},"categories":[77,76],"tags":[],"class_list":["post-11560","post","type-post","status-publish","format-standard","has-post-thumbnail","hentry","category-importateurs-et-constructeurs-automobiles-vp","category-car"],"acf":[],"yoast_head":"<!-- This site is optimized with the Yoast SEO plugin v27.3 - https:\/\/yoast.com\/product\/yoast-seo-wordpress\/ -->\n<title>Stellantis Belux l\u00e8ve le voile sur ses nouveaut\u00e9s 2024 - link2fleet<\/title>\n<meta name=\"description\" content=\"Stellantis Belux a d\u00e9voil\u00e9 sa vision et ses projets d&rsquo;avenir pour 2024 lors du r\u00e9cent \u00e9v\u00e9nement &lsquo;House of Innovation&rsquo;, au c\u0153ur de Bruxelles. Cet \u00e9v\u00e9nement\u2026\" \/>\n<meta name=\"robots\" content=\"index, follow, max-snippet:-1, max-image-preview:large, max-video-preview:-1\" \/>\n<meta property=\"og:locale\" content=\"fr_FR\" \/>\n<meta property=\"og:type\" content=\"article\" \/>\n<meta property=\"og:title\" content=\"Stellantis Belux l\u00e8ve le voile sur ses nouveaut\u00e9s 2024 - link2fleet\" \/>\n<meta property=\"og:description\" content=\"Stellantis Belux a d\u00e9voil\u00e9 sa vision et ses projets d&rsquo;avenir pour 2024 lors du r\u00e9cent \u00e9v\u00e9nement &lsquo;House of Innovation&rsquo;, au c\u0153ur de Bruxelles. Cet \u00e9v\u00e9nement\u2026\" \/>\n<meta property=\"og:url\" content=\"https:\/\/www.link2fleet.com\/fr\/stellantis-belux-leve-le-voile-sur-ses-nouveautes-2024\/\" \/>\n<meta property=\"og:site_name\" content=\"link2fleet\" \/>\n<meta property=\"article:published_time\" content=\"2024-02-15T05:33:18+00:00\" \/>\n<meta property=\"og:image\" content=\"https:\/\/static.link2fleet.com\/wp-content\/uploads\/2024\/03\/stellantis-drone-1-scaled-1.jpg\" \/>\n\t<meta property=\"og:image:width\" content=\"2560\" \/>\n\t<meta property=\"og:image:height\" content=\"1705\" \/>\n\t<meta property=\"og:image:type\" content=\"image\/jpeg\" \/>\n<meta name=\"author\" content=\"Jeroen Evens\" \/>\n<meta name=\"twitter:card\" content=\"summary_large_image\" \/>\n<meta name=\"twitter:description\" content=\"Stellantis Belux a d\u00e9voil\u00e9 sa vision et ses projets d&rsquo;avenir pour 2024 lors du r\u00e9cent \u00e9v\u00e9nement &lsquo;House of Innovation&rsquo;, au c\u0153ur de Bruxelles. Cet \u00e9v\u00e9nement\u2026\" \/>\n<meta name=\"twitter:label1\" content=\"\u00c9crit par\" \/>\n\t<meta name=\"twitter:data1\" content=\"Jeroen Evens\" \/>\n\t<meta name=\"twitter:label2\" content=\"Dur\u00e9e de lecture estim\u00e9e\" \/>\n\t<meta name=\"twitter:data2\" content=\"4 minutes\" \/>\n<script type=\"application\/ld+json\" class=\"yoast-schema-graph\">{\"@context\":\"https:\\\/\\\/schema.org\",\"@graph\":[{\"@type\":\"Article\",\"@id\":\"https:\\\/\\\/www.link2fleet.com\\\/fr\\\/stellantis-belux-leve-le-voile-sur-ses-nouveautes-2024\\\/#article\",\"isPartOf\":{\"@id\":\"https:\\\/\\\/www.link2fleet.com\\\/fr\\\/stellantis-belux-leve-le-voile-sur-ses-nouveautes-2024\\\/\"},\"author\":{\"name\":\"Jeroen Evens\",\"@id\":\"https:\\\/\\\/www.link2fleet.com\\\/fr\\\/#\\\/schema\\\/person\\\/3f23fa5cf039e25761156c930f6bf38f\"},\"headline\":\"Stellantis Belux l\u00e8ve le voile sur ses nouveaut\u00e9s 2024\",\"datePublished\":\"2024-02-15T05:33:18+00:00\",\"mainEntityOfPage\":{\"@id\":\"https:\\\/\\\/www.link2fleet.com\\\/fr\\\/stellantis-belux-leve-le-voile-sur-ses-nouveautes-2024\\\/\"},\"wordCount\":803,\"publisher\":{\"@id\":\"https:\\\/\\\/www.link2fleet.com\\\/fr\\\/#organization\"},\"image\":{\"@id\":\"https:\\\/\\\/www.link2fleet.com\\\/fr\\\/stellantis-belux-leve-le-voile-sur-ses-nouveautes-2024\\\/#primaryimage\"},\"thumbnailUrl\":\"https:\\\/\\\/static.link2fleet.com\\\/wp-content\\\/uploads\\\/2024\\\/03\\\/stellantis-drone-1-scaled-1.jpg\",\"articleSection\":[\"Importateurs et constructeurs\",\"V\u00e9hicules\"],\"inLanguage\":\"fr-FR\"},{\"@type\":\"WebPage\",\"@id\":\"https:\\\/\\\/www.link2fleet.com\\\/fr\\\/stellantis-belux-leve-le-voile-sur-ses-nouveautes-2024\\\/\",\"url\":\"https:\\\/\\\/www.link2fleet.com\\\/fr\\\/stellantis-belux-leve-le-voile-sur-ses-nouveautes-2024\\\/\",\"name\":\"Stellantis Belux l\u00e8ve le voile sur ses nouveaut\u00e9s 2024 - link2fleet\",\"isPartOf\":{\"@id\":\"https:\\\/\\\/www.link2fleet.com\\\/fr\\\/#website\"},\"primaryImageOfPage\":{\"@id\":\"https:\\\/\\\/www.link2fleet.com\\\/fr\\\/stellantis-belux-leve-le-voile-sur-ses-nouveautes-2024\\\/#primaryimage\"},\"image\":{\"@id\":\"https:\\\/\\\/www.link2fleet.com\\\/fr\\\/stellantis-belux-leve-le-voile-sur-ses-nouveautes-2024\\\/#primaryimage\"},\"thumbnailUrl\":\"https:\\\/\\\/static.link2fleet.com\\\/wp-content\\\/uploads\\\/2024\\\/03\\\/stellantis-drone-1-scaled-1.jpg\",\"datePublished\":\"2024-02-15T05:33:18+00:00\",\"breadcrumb\":{\"@id\":\"https:\\\/\\\/www.link2fleet.com\\\/fr\\\/stellantis-belux-leve-le-voile-sur-ses-nouveautes-2024\\\/#breadcrumb\"},\"inLanguage\":\"fr-FR\",\"potentialAction\":[{\"@type\":\"ReadAction\",\"target\":[\"https:\\\/\\\/www.link2fleet.com\\\/fr\\\/stellantis-belux-leve-le-voile-sur-ses-nouveautes-2024\\\/\"]}]},{\"@type\":\"ImageObject\",\"inLanguage\":\"fr-FR\",\"@id\":\"https:\\\/\\\/www.link2fleet.com\\\/fr\\\/stellantis-belux-leve-le-voile-sur-ses-nouveautes-2024\\\/#primaryimage\",\"url\":\"https:\\\/\\\/static.link2fleet.com\\\/wp-content\\\/uploads\\\/2024\\\/03\\\/stellantis-drone-1-scaled-1.jpg\",\"contentUrl\":\"https:\\\/\\\/static.link2fleet.com\\\/wp-content\\\/uploads\\\/2024\\\/03\\\/stellantis-drone-1-scaled-1.jpg\",\"width\":2560,\"height\":1705,\"caption\":\"|||||||||||||||||||||||||||||||\"},{\"@type\":\"BreadcrumbList\",\"@id\":\"https:\\\/\\\/www.link2fleet.com\\\/fr\\\/stellantis-belux-leve-le-voile-sur-ses-nouveautes-2024\\\/#breadcrumb\",\"itemListElement\":[{\"@type\":\"ListItem\",\"position\":1,\"name\":\"Home\",\"item\":\"https:\\\/\\\/www.link2fleet.com\\\/fr\\\/\"},{\"@type\":\"ListItem\",\"position\":2,\"name\":\"Stellantis Belux l\u00e8ve le voile sur ses nouveaut\u00e9s 2024\"}]},{\"@type\":\"WebSite\",\"@id\":\"https:\\\/\\\/www.link2fleet.com\\\/fr\\\/#website\",\"url\":\"https:\\\/\\\/www.link2fleet.com\\\/fr\\\/\",\"name\":\"Link2fleet\",\"description\":\"\",\"publisher\":{\"@id\":\"https:\\\/\\\/www.link2fleet.com\\\/fr\\\/#organization\"},\"potentialAction\":[{\"@type\":\"SearchAction\",\"target\":{\"@type\":\"EntryPoint\",\"urlTemplate\":\"https:\\\/\\\/www.link2fleet.com\\\/fr\\\/?s={search_term_string}\"},\"query-input\":{\"@type\":\"PropertyValueSpecification\",\"valueRequired\":true,\"valueName\":\"search_term_string\"}}],\"inLanguage\":\"fr-FR\"},{\"@type\":\"Organization\",\"@id\":\"https:\\\/\\\/www.link2fleet.com\\\/fr\\\/#organization\",\"name\":\"Link2fleet\",\"url\":\"https:\\\/\\\/www.link2fleet.com\\\/fr\\\/\",\"logo\":{\"@type\":\"ImageObject\",\"inLanguage\":\"fr-FR\",\"@id\":\"https:\\\/\\\/www.link2fleet.com\\\/fr\\\/#\\\/schema\\\/logo\\\/image\\\/\",\"url\":\"https:\\\/\\\/static.link2fleet.com\\\/wp-content\\\/uploads\\\/2024\\\/03\\\/share-image.jpg\",\"contentUrl\":\"https:\\\/\\\/static.link2fleet.com\\\/wp-content\\\/uploads\\\/2024\\\/03\\\/share-image.jpg\",\"width\":1200,\"height\":630,\"caption\":\"Link2fleet\"},\"image\":{\"@id\":\"https:\\\/\\\/www.link2fleet.com\\\/fr\\\/#\\\/schema\\\/logo\\\/image\\\/\"},\"sameAs\":[\"https:\\\/\\\/www.linkedin.com\\\/company\\\/link2fleet-belgium\",\"https:\\\/\\\/www.youtube.com\\\/user\\\/MMMBMBE\"]},{\"@type\":\"Person\",\"@id\":\"https:\\\/\\\/www.link2fleet.com\\\/fr\\\/#\\\/schema\\\/person\\\/3f23fa5cf039e25761156c930f6bf38f\",\"name\":\"Jeroen Evens\",\"image\":{\"@type\":\"ImageObject\",\"inLanguage\":\"fr-FR\",\"@id\":\"https:\\\/\\\/secure.gravatar.com\\\/avatar\\\/6e059523a84fbec54e5ec5d0f3fb4322b7b077be22b323085f823d1d7f00f32e?s=96&d=mm&r=g\",\"url\":\"https:\\\/\\\/secure.gravatar.com\\\/avatar\\\/6e059523a84fbec54e5ec5d0f3fb4322b7b077be22b323085f823d1d7f00f32e?s=96&d=mm&r=g\",\"contentUrl\":\"https:\\\/\\\/secure.gravatar.com\\\/avatar\\\/6e059523a84fbec54e5ec5d0f3fb4322b7b077be22b323085f823d1d7f00f32e?s=96&d=mm&r=g\",\"caption\":\"Jeroen Evens\"},\"description\":\"Jeroen Evens is opgeleid in de Communicatiewetenschappen (KULeuven) en is een enthousiaste volger van alles wat met mobiliteit en bedrijfswagens te maken heeft. Als freelance journalist gespecialiseerd in de fleetsector houdt hij al drie jaar lang de vinger aan de pols van de laatste ontwikkelingen in onze sector.\"}]}<\/script>\n<!-- \/ Yoast SEO plugin. -->","yoast_head_json":{"title":"Stellantis Belux l\u00e8ve le voile sur ses nouveaut\u00e9s 2024 - link2fleet","description":"Stellantis Belux a d\u00e9voil\u00e9 sa vision et ses projets d&rsquo;avenir pour 2024 lors du r\u00e9cent \u00e9v\u00e9nement &lsquo;House of Innovation&rsquo;, au c\u0153ur de Bruxelles. Cet \u00e9v\u00e9nement\u2026","robots":{"index":"index","follow":"follow","max-snippet":"max-snippet:-1","max-image-preview":"max-image-preview:large","max-video-preview":"max-video-preview:-1"},"og_locale":"fr_FR","og_type":"article","og_title":"Stellantis Belux l\u00e8ve le voile sur ses nouveaut\u00e9s 2024 - link2fleet","og_description":"Stellantis Belux a d\u00e9voil\u00e9 sa vision et ses projets d&rsquo;avenir pour 2024 lors du r\u00e9cent \u00e9v\u00e9nement &lsquo;House of Innovation&rsquo;, au c\u0153ur de Bruxelles. Cet \u00e9v\u00e9nement\u2026","og_url":"https:\/\/www.link2fleet.com\/fr\/stellantis-belux-leve-le-voile-sur-ses-nouveautes-2024\/","og_site_name":"link2fleet","article_published_time":"2024-02-15T05:33:18+00:00","og_image":[{"width":2560,"height":1705,"url":"https:\/\/static.link2fleet.com\/wp-content\/uploads\/2024\/03\/stellantis-drone-1-scaled-1.jpg","type":"image\/jpeg"}],"author":"Jeroen Evens","twitter_card":"summary_large_image","twitter_description":"Stellantis Belux a d\u00e9voil\u00e9 sa vision et ses projets d&rsquo;avenir pour 2024 lors du r\u00e9cent \u00e9v\u00e9nement &lsquo;House of Innovation&rsquo;, au c\u0153ur de Bruxelles. Cet \u00e9v\u00e9nement\u2026","twitter_misc":{"\u00c9crit par":"Jeroen Evens","Dur\u00e9e de lecture estim\u00e9e":"4 minutes"},"schema":{"@context":"https:\/\/schema.org","@graph":[{"@type":"Article","@id":"https:\/\/www.link2fleet.com\/fr\/stellantis-belux-leve-le-voile-sur-ses-nouveautes-2024\/#article","isPartOf":{"@id":"https:\/\/www.link2fleet.com\/fr\/stellantis-belux-leve-le-voile-sur-ses-nouveautes-2024\/"},"author":{"name":"Jeroen Evens","@id":"https:\/\/www.link2fleet.com\/fr\/#\/schema\/person\/3f23fa5cf039e25761156c930f6bf38f"},"headline":"Stellantis Belux l\u00e8ve le voile sur ses nouveaut\u00e9s 2024","datePublished":"2024-02-15T05:33:18+00:00","mainEntityOfPage":{"@id":"https:\/\/www.link2fleet.com\/fr\/stellantis-belux-leve-le-voile-sur-ses-nouveautes-2024\/"},"wordCount":803,"publisher":{"@id":"https:\/\/www.link2fleet.com\/fr\/#organization"},"image":{"@id":"https:\/\/www.link2fleet.com\/fr\/stellantis-belux-leve-le-voile-sur-ses-nouveautes-2024\/#primaryimage"},"thumbnailUrl":"https:\/\/static.link2fleet.com\/wp-content\/uploads\/2024\/03\/stellantis-drone-1-scaled-1.jpg","articleSection":["Importateurs et constructeurs","V\u00e9hicules"],"inLanguage":"fr-FR"},{"@type":"WebPage","@id":"https:\/\/www.link2fleet.com\/fr\/stellantis-belux-leve-le-voile-sur-ses-nouveautes-2024\/","url":"https:\/\/www.link2fleet.com\/fr\/stellantis-belux-leve-le-voile-sur-ses-nouveautes-2024\/","name":"Stellantis Belux l\u00e8ve le voile sur ses nouveaut\u00e9s 2024 - link2fleet","isPartOf":{"@id":"https:\/\/www.link2fleet.com\/fr\/#website"},"primaryImageOfPage":{"@id":"https:\/\/www.link2fleet.com\/fr\/stellantis-belux-leve-le-voile-sur-ses-nouveautes-2024\/#primaryimage"},"image":{"@id":"https:\/\/www.link2fleet.com\/fr\/stellantis-belux-leve-le-voile-sur-ses-nouveautes-2024\/#primaryimage"},"thumbnailUrl":"https:\/\/static.link2fleet.com\/wp-content\/uploads\/2024\/03\/stellantis-drone-1-scaled-1.jpg","datePublished":"2024-02-15T05:33:18+00:00","breadcrumb":{"@id":"https:\/\/www.link2fleet.com\/fr\/stellantis-belux-leve-le-voile-sur-ses-nouveautes-2024\/#breadcrumb"},"inLanguage":"fr-FR","potentialAction":[{"@type":"ReadAction","target":["https:\/\/www.link2fleet.com\/fr\/stellantis-belux-leve-le-voile-sur-ses-nouveautes-2024\/"]}]},{"@type":"ImageObject","inLanguage":"fr-FR","@id":"https:\/\/www.link2fleet.com\/fr\/stellantis-belux-leve-le-voile-sur-ses-nouveautes-2024\/#primaryimage","url":"https:\/\/static.link2fleet.com\/wp-content\/uploads\/2024\/03\/stellantis-drone-1-scaled-1.jpg","contentUrl":"https:\/\/static.link2fleet.com\/wp-content\/uploads\/2024\/03\/stellantis-drone-1-scaled-1.jpg","width":2560,"height":1705,"caption":"|||||||||||||||||||||||||||||||"},{"@type":"BreadcrumbList","@id":"https:\/\/www.link2fleet.com\/fr\/stellantis-belux-leve-le-voile-sur-ses-nouveautes-2024\/#breadcrumb","itemListElement":[{"@type":"ListItem","position":1,"name":"Home","item":"https:\/\/www.link2fleet.com\/fr\/"},{"@type":"ListItem","position":2,"name":"Stellantis Belux l\u00e8ve le voile sur ses nouveaut\u00e9s 2024"}]},{"@type":"WebSite","@id":"https:\/\/www.link2fleet.com\/fr\/#website","url":"https:\/\/www.link2fleet.com\/fr\/","name":"Link2fleet","description":"","publisher":{"@id":"https:\/\/www.link2fleet.com\/fr\/#organization"},"potentialAction":[{"@type":"SearchAction","target":{"@type":"EntryPoint","urlTemplate":"https:\/\/www.link2fleet.com\/fr\/?s={search_term_string}"},"query-input":{"@type":"PropertyValueSpecification","valueRequired":true,"valueName":"search_term_string"}}],"inLanguage":"fr-FR"},{"@type":"Organization","@id":"https:\/\/www.link2fleet.com\/fr\/#organization","name":"Link2fleet","url":"https:\/\/www.link2fleet.com\/fr\/","logo":{"@type":"ImageObject","inLanguage":"fr-FR","@id":"https:\/\/www.link2fleet.com\/fr\/#\/schema\/logo\/image\/","url":"https:\/\/static.link2fleet.com\/wp-content\/uploads\/2024\/03\/share-image.jpg","contentUrl":"https:\/\/static.link2fleet.com\/wp-content\/uploads\/2024\/03\/share-image.jpg","width":1200,"height":630,"caption":"Link2fleet"},"image":{"@id":"https:\/\/www.link2fleet.com\/fr\/#\/schema\/logo\/image\/"},"sameAs":["https:\/\/www.linkedin.com\/company\/link2fleet-belgium","https:\/\/www.youtube.com\/user\/MMMBMBE"]},{"@type":"Person","@id":"https:\/\/www.link2fleet.com\/fr\/#\/schema\/person\/3f23fa5cf039e25761156c930f6bf38f","name":"Jeroen Evens","image":{"@type":"ImageObject","inLanguage":"fr-FR","@id":"https:\/\/secure.gravatar.com\/avatar\/6e059523a84fbec54e5ec5d0f3fb4322b7b077be22b323085f823d1d7f00f32e?s=96&d=mm&r=g","url":"https:\/\/secure.gravatar.com\/avatar\/6e059523a84fbec54e5ec5d0f3fb4322b7b077be22b323085f823d1d7f00f32e?s=96&d=mm&r=g","contentUrl":"https:\/\/secure.gravatar.com\/avatar\/6e059523a84fbec54e5ec5d0f3fb4322b7b077be22b323085f823d1d7f00f32e?s=96&d=mm&r=g","caption":"Jeroen Evens"},"description":"Jeroen Evens is opgeleid in de Communicatiewetenschappen (KULeuven) en is een enthousiaste volger van alles wat met mobiliteit en bedrijfswagens te maken heeft. Als freelance journalist gespecialiseerd in de fleetsector houdt hij al drie jaar lang de vinger aan de pols van de laatste ontwikkelingen in onze sector."}]}},"_links":{"self":[{"href":"https:\/\/www.link2fleet.com\/fr\/wp-json\/wp\/v2\/posts\/11560","targetHints":{"allow":["GET"]}}],"collection":[{"href":"https:\/\/www.link2fleet.com\/fr\/wp-json\/wp\/v2\/posts"}],"about":[{"href":"https:\/\/www.link2fleet.com\/fr\/wp-json\/wp\/v2\/types\/post"}],"author":[{"embeddable":true,"href":"https:\/\/www.link2fleet.com\/fr\/wp-json\/wp\/v2\/users\/43"}],"replies":[{"embeddable":true,"href":"https:\/\/www.link2fleet.com\/fr\/wp-json\/wp\/v2\/comments?post=11560"}],"version-history":[{"count":0,"href":"https:\/\/www.link2fleet.com\/fr\/wp-json\/wp\/v2\/posts\/11560\/revisions"}],"wp:featuredmedia":[{"embeddable":true,"href":"https:\/\/www.link2fleet.com\/fr\/wp-json\/wp\/v2\/media\/11561"}],"wp:attachment":[{"href":"https:\/\/www.link2fleet.com\/fr\/wp-json\/wp\/v2\/media?parent=11560"}],"wp:term":[{"taxonomy":"category","embeddable":true,"href":"https:\/\/www.link2fleet.com\/fr\/wp-json\/wp\/v2\/categories?post=11560"},{"taxonomy":"post_tag","embeddable":true,"href":"https:\/\/www.link2fleet.com\/fr\/wp-json\/wp\/v2\/tags?post=11560"}],"curies":[{"name":"wp","href":"https:\/\/api.w.org\/{rel}","templated":true}]}}