{"id":11735,"date":"2024-02-26T08:50:06","date_gmt":"2024-02-26T07:50:06","guid":{"rendered":"https:\/\/www.link2fleet.com\/le-nouveau-renault-scenic-elu-car-of-the-year-2024\/"},"modified":"2024-04-12T13:55:58","modified_gmt":"2024-04-12T11:55:58","slug":"le-nouveau-renault-scenic-elu-car-of-the-year-2024","status":"publish","type":"post","link":"https:\/\/www.link2fleet.com\/fr\/le-nouveau-renault-scenic-elu-car-of-the-year-2024\/","title":{"rendered":"Le nouveau Renault Sc\u00e9nic \u00e9lu Car of the Year 2024"},"content":{"rendered":"<p>Ce lundi 26 f\u00e9vrier, le nom de la voiture europ\u00e9enne de l&rsquo;ann\u00e9e a \u00e9t\u00e9 d\u00e9voil\u00e9 dans le cadre du Salon de l&rsquo;Auto de Gen\u00e8ve. Parmi les 7 finalistes qui avaient \u00e9t\u00e9 s\u00e9lectionn\u00e9s en novembre 2023, c&rsquo;est Renault qui est ressorti grand vainqueur. Il est \u00e0 noter que 4 des 7 finalistes \u00e9taient des mod\u00e8les 100% \u00e9lectriques.<\/p>\n<p>Le Renault Sc\u00e9nic E-Tech, long de 4,4 m\u00e8tres, reprend donc le titre de la Jeep Avenger, qui avait h\u00e9rit\u00e9 de ce troph\u00e9e l&rsquo;an dernier lors du Salon de Bruxelles. La Renault a obtenu 329 points, devan\u00e7ant la BMW S\u00e9rie 5 et la Peugeot 3008, qui h\u00e9ritent respectivement des deuxi\u00e8me et troisi\u00e8me position, avec 308 et 198 voix. Le Sc\u00e9nic a, en plus, \u00e9t\u00e9 positionn\u00e9 \u00e0 la premi\u00e8re place par 22 des 58 membres du jury (contre 19 et 3 pour la BMW et la Peugeot).<\/p>\n<blockquote><p>\u201cToutes les \u00e9quipes du groupe et de la marque Renault sont tr\u00e8s fiers de recevoir cette reconnaissance prestigieuse de &lsquo;Car of the Year&rsquo;. Ce prix prouve que nous avons op\u00e9r\u00e9 les bons choix: une autonomie large, un int\u00e9rieur spacieux et riche avec une empreinte \u00e9cologique limit\u00e9e\u00a0\u00bb.<\/p>\n<p>Fabrice Cambolive, CEO de la marque Renault<\/p><\/blockquote>\n<p>&nbsp;<\/p>\n<p>Les places 4 \u00e0 7 ont \u00e9t\u00e9 obtenues par la Kia EV9 (190 points), la Volvo EX30 (168 points), la BYD Seal (131 points) et la Toyota C-HR (127 points). C&rsquo;est la 7e fois qu&rsquo;une Renault remporte le titre, apr\u00e8s la 16 en 1966, la 9 en 1982, la Clio en 1991, la premi\u00e8re g\u00e9n\u00e9ration de Sc\u00e9nic en 1997, la M\u00e9gane en 2003 et la Clio en 2006.<\/p>\n<p>&nbsp;<\/p>\n<p><a href=\"https:\/\/www.link2fleet.com\/wp-content\/uploads\/2024\/02\/renault-Scenic-E-Tech-Car-of-the-Year-scaled.jpeg\"><img loading=\"lazy\" decoding=\"async\" class=\"aligncenter size-large wp-image-1305018\" src=\"https:\/\/www.link2fleet.com\/wp-content\/uploads\/2024\/02\/renault-Scenic-E-Tech-Car-of-the-Year-1024x683.jpeg\" alt=\"\" width=\"640\" height=\"427\" \/><\/a><\/p>\n<p>&nbsp;<\/p>\n<blockquote>\n<h4><strong>Envie de tester toutes les voitures \u00e9lectriques du march\u00e9? Rendez-vous le 13 juin lors de notre link2fleet ZE Experience Event au Brabanthall de Leuven. L&rsquo;inscription est gratuite pour les gestionnaires de flotte via ce lien:<\/strong><\/h4>\n<p><a href=\"https:\/\/ze-experience-event.link2fleet.com\/fr\/\"><img loading=\"lazy\" decoding=\"async\" class=\"aligncenter  wp-image-1305274\" src=\"https:\/\/www.link2fleet.com\/wp-content\/uploads\/2024\/02\/ZE-EVENT-FR.gif\" alt=\"\" width=\"341\" height=\"284\" \/><\/a><\/p><\/blockquote>\n<p>&nbsp;<\/p>\n","protected":false},"excerpt":{"rendered":"<p>Ce lundi 26 f\u00e9vrier, le nom de la voiture europ\u00e9enne de l&rsquo;ann\u00e9e a \u00e9t\u00e9 d\u00e9voil\u00e9 dans le cadre du Salon de l&rsquo;Auto de Gen\u00e8ve. Parmi les 7 finalistes qui avaient \u00e9t\u00e9 s\u00e9lectionn\u00e9s en novembre 2023, c&rsquo;est Renault qui est ressorti grand vainqueur. Il est \u00e0 noter que 4 des 7 finalistes \u00e9taient des mod\u00e8les 100% [&hellip;]<\/p>\n","protected":false},"author":49,"featured_media":11736,"comment_status":"closed","ping_status":"closed","sticky":false,"template":"","format":"standard","meta":{"_acf_changed":false,"footnotes":""},"categories":[135,77,76],"tags":[],"class_list":["post-11735","post","type-post","status-publish","format-standard","has-post-thumbnail","hentry","category-news-fr","category-importateurs-et-constructeurs-automobiles-vp","category-car"],"acf":[],"yoast_head":"<!-- This site is optimized with the Yoast SEO plugin v27.3 - https:\/\/yoast.com\/product\/yoast-seo-wordpress\/ -->\n<title>Le nouveau Renault Sc\u00e9nic \u00e9lu Car of the Year 2024 - link2fleet<\/title>\n<meta name=\"description\" content=\"Le jury de l&rsquo;\u00e9lection europ\u00e9enne de la voiture de l&rsquo;ann\u00e9e (Car of the Year) vient tout juste d&rsquo;annoncer le vainqueur pour 2024. Le titre revient\u2026\" \/>\n<meta name=\"robots\" content=\"index, follow, max-snippet:-1, max-image-preview:large, max-video-preview:-1\" \/>\n<meta property=\"og:locale\" content=\"fr_FR\" \/>\n<meta property=\"og:type\" content=\"article\" \/>\n<meta property=\"og:title\" content=\"Le nouveau Renault Sc\u00e9nic \u00e9lu Car of the Year 2024 - link2fleet\" \/>\n<meta property=\"og:description\" content=\"Le jury de l&rsquo;\u00e9lection europ\u00e9enne de la voiture de l&rsquo;ann\u00e9e (Car of the Year) vient tout juste d&rsquo;annoncer le vainqueur pour 2024. Le titre revient\u2026\" \/>\n<meta property=\"og:url\" content=\"https:\/\/www.link2fleet.com\/fr\/le-nouveau-renault-scenic-elu-car-of-the-year-2024\/\" \/>\n<meta property=\"og:site_name\" content=\"link2fleet\" \/>\n<meta property=\"article:published_time\" content=\"2024-02-26T07:50:06+00:00\" \/>\n<meta property=\"article:modified_time\" content=\"2024-04-12T11:55:58+00:00\" \/>\n<meta property=\"og:image\" content=\"https:\/\/static.link2fleet.com\/wp-content\/uploads\/2024\/03\/70abc.jpg\" \/>\n\t<meta property=\"og:image:width\" content=\"1000\" \/>\n\t<meta property=\"og:image:height\" content=\"750\" \/>\n\t<meta property=\"og:image:type\" content=\"image\/jpeg\" \/>\n<meta name=\"author\" content=\"Kevin Kersemans\" \/>\n<meta name=\"twitter:card\" content=\"summary_large_image\" \/>\n<meta name=\"twitter:description\" content=\"Le jury de l&rsquo;\u00e9lection europ\u00e9enne de la voiture de l&rsquo;ann\u00e9e (Car of the Year) vient tout juste d&rsquo;annoncer le vainqueur pour 2024. Le titre revient\u2026\" \/>\n<meta name=\"twitter:label1\" content=\"\u00c9crit par\" \/>\n\t<meta name=\"twitter:data1\" content=\"Kevin Kersemans\" \/>\n\t<meta name=\"twitter:label2\" content=\"Dur\u00e9e de lecture estim\u00e9e\" \/>\n\t<meta name=\"twitter:data2\" content=\"1 minute\" \/>\n<script type=\"application\/ld+json\" class=\"yoast-schema-graph\">{\"@context\":\"https:\\\/\\\/schema.org\",\"@graph\":[{\"@type\":\"Article\",\"@id\":\"https:\\\/\\\/www.link2fleet.com\\\/fr\\\/le-nouveau-renault-scenic-elu-car-of-the-year-2024\\\/#article\",\"isPartOf\":{\"@id\":\"https:\\\/\\\/www.link2fleet.com\\\/fr\\\/le-nouveau-renault-scenic-elu-car-of-the-year-2024\\\/\"},\"author\":{\"name\":\"Kevin Kersemans\",\"@id\":\"https:\\\/\\\/www.link2fleet.com\\\/fr\\\/#\\\/schema\\\/person\\\/877bc89c32c65772066cb11fe1e67bbf\"},\"headline\":\"Le nouveau Renault Sc\u00e9nic \u00e9lu Car of the Year 2024\",\"datePublished\":\"2024-02-26T07:50:06+00:00\",\"dateModified\":\"2024-04-12T11:55:58+00:00\",\"mainEntityOfPage\":{\"@id\":\"https:\\\/\\\/www.link2fleet.com\\\/fr\\\/le-nouveau-renault-scenic-elu-car-of-the-year-2024\\\/\"},\"wordCount\":314,\"publisher\":{\"@id\":\"https:\\\/\\\/www.link2fleet.com\\\/fr\\\/#organization\"},\"image\":{\"@id\":\"https:\\\/\\\/www.link2fleet.com\\\/fr\\\/le-nouveau-renault-scenic-elu-car-of-the-year-2024\\\/#primaryimage\"},\"thumbnailUrl\":\"https:\\\/\\\/static.link2fleet.com\\\/wp-content\\\/uploads\\\/2024\\\/03\\\/70abc.jpg\",\"articleSection\":[\"Actus\",\"Importateurs et constructeurs\",\"V\u00e9hicules\"],\"inLanguage\":\"fr-FR\"},{\"@type\":\"WebPage\",\"@id\":\"https:\\\/\\\/www.link2fleet.com\\\/fr\\\/le-nouveau-renault-scenic-elu-car-of-the-year-2024\\\/\",\"url\":\"https:\\\/\\\/www.link2fleet.com\\\/fr\\\/le-nouveau-renault-scenic-elu-car-of-the-year-2024\\\/\",\"name\":\"Le nouveau Renault Sc\u00e9nic \u00e9lu Car of the Year 2024 - link2fleet\",\"isPartOf\":{\"@id\":\"https:\\\/\\\/www.link2fleet.com\\\/fr\\\/#website\"},\"primaryImageOfPage\":{\"@id\":\"https:\\\/\\\/www.link2fleet.com\\\/fr\\\/le-nouveau-renault-scenic-elu-car-of-the-year-2024\\\/#primaryimage\"},\"image\":{\"@id\":\"https:\\\/\\\/www.link2fleet.com\\\/fr\\\/le-nouveau-renault-scenic-elu-car-of-the-year-2024\\\/#primaryimage\"},\"thumbnailUrl\":\"https:\\\/\\\/static.link2fleet.com\\\/wp-content\\\/uploads\\\/2024\\\/03\\\/70abc.jpg\",\"datePublished\":\"2024-02-26T07:50:06+00:00\",\"dateModified\":\"2024-04-12T11:55:58+00:00\",\"breadcrumb\":{\"@id\":\"https:\\\/\\\/www.link2fleet.com\\\/fr\\\/le-nouveau-renault-scenic-elu-car-of-the-year-2024\\\/#breadcrumb\"},\"inLanguage\":\"fr-FR\",\"potentialAction\":[{\"@type\":\"ReadAction\",\"target\":[\"https:\\\/\\\/www.link2fleet.com\\\/fr\\\/le-nouveau-renault-scenic-elu-car-of-the-year-2024\\\/\"]}]},{\"@type\":\"ImageObject\",\"inLanguage\":\"fr-FR\",\"@id\":\"https:\\\/\\\/www.link2fleet.com\\\/fr\\\/le-nouveau-renault-scenic-elu-car-of-the-year-2024\\\/#primaryimage\",\"url\":\"https:\\\/\\\/static.link2fleet.com\\\/wp-content\\\/uploads\\\/2024\\\/03\\\/70abc.jpg\",\"contentUrl\":\"https:\\\/\\\/static.link2fleet.com\\\/wp-content\\\/uploads\\\/2024\\\/03\\\/70abc.jpg\",\"width\":1000,\"height\":750,\"caption\":\"|||||\"},{\"@type\":\"BreadcrumbList\",\"@id\":\"https:\\\/\\\/www.link2fleet.com\\\/fr\\\/le-nouveau-renault-scenic-elu-car-of-the-year-2024\\\/#breadcrumb\",\"itemListElement\":[{\"@type\":\"ListItem\",\"position\":1,\"name\":\"Home\",\"item\":\"https:\\\/\\\/www.link2fleet.com\\\/fr\\\/\"},{\"@type\":\"ListItem\",\"position\":2,\"name\":\"Le nouveau Renault Sc\u00e9nic \u00e9lu Car of the Year 2024\"}]},{\"@type\":\"WebSite\",\"@id\":\"https:\\\/\\\/www.link2fleet.com\\\/fr\\\/#website\",\"url\":\"https:\\\/\\\/www.link2fleet.com\\\/fr\\\/\",\"name\":\"Link2fleet\",\"description\":\"\",\"publisher\":{\"@id\":\"https:\\\/\\\/www.link2fleet.com\\\/fr\\\/#organization\"},\"potentialAction\":[{\"@type\":\"SearchAction\",\"target\":{\"@type\":\"EntryPoint\",\"urlTemplate\":\"https:\\\/\\\/www.link2fleet.com\\\/fr\\\/?s={search_term_string}\"},\"query-input\":{\"@type\":\"PropertyValueSpecification\",\"valueRequired\":true,\"valueName\":\"search_term_string\"}}],\"inLanguage\":\"fr-FR\"},{\"@type\":\"Organization\",\"@id\":\"https:\\\/\\\/www.link2fleet.com\\\/fr\\\/#organization\",\"name\":\"Link2fleet\",\"url\":\"https:\\\/\\\/www.link2fleet.com\\\/fr\\\/\",\"logo\":{\"@type\":\"ImageObject\",\"inLanguage\":\"fr-FR\",\"@id\":\"https:\\\/\\\/www.link2fleet.com\\\/fr\\\/#\\\/schema\\\/logo\\\/image\\\/\",\"url\":\"https:\\\/\\\/static.link2fleet.com\\\/wp-content\\\/uploads\\\/2024\\\/03\\\/share-image.jpg\",\"contentUrl\":\"https:\\\/\\\/static.link2fleet.com\\\/wp-content\\\/uploads\\\/2024\\\/03\\\/share-image.jpg\",\"width\":1200,\"height\":630,\"caption\":\"Link2fleet\"},\"image\":{\"@id\":\"https:\\\/\\\/www.link2fleet.com\\\/fr\\\/#\\\/schema\\\/logo\\\/image\\\/\"},\"sameAs\":[\"https:\\\/\\\/www.linkedin.com\\\/company\\\/link2fleet-belgium\",\"https:\\\/\\\/www.youtube.com\\\/user\\\/MMMBMBE\"]},{\"@type\":\"Person\",\"@id\":\"https:\\\/\\\/www.link2fleet.com\\\/fr\\\/#\\\/schema\\\/person\\\/877bc89c32c65772066cb11fe1e67bbf\",\"name\":\"Kevin Kersemans\",\"image\":{\"@type\":\"ImageObject\",\"inLanguage\":\"fr-FR\",\"@id\":\"https:\\\/\\\/secure.gravatar.com\\\/avatar\\\/b12f7d0f252688f677f4c181b6df65bf86880634bfcef3be42c82efcdb33d654?s=96&d=mm&r=g\",\"url\":\"https:\\\/\\\/secure.gravatar.com\\\/avatar\\\/b12f7d0f252688f677f4c181b6df65bf86880634bfcef3be42c82efcdb33d654?s=96&d=mm&r=g\",\"contentUrl\":\"https:\\\/\\\/secure.gravatar.com\\\/avatar\\\/b12f7d0f252688f677f4c181b6df65bf86880634bfcef3be42c82efcdb33d654?s=96&d=mm&r=g\",\"caption\":\"Kevin Kersemans\"},\"description\":\"Kevin Kersemans is autojournalist met al enkele decennia ervaring op de teller. Zijn passie voor auto's en alles op wielen heeft hij al van kindsbeen af. Voor link2fleet volgt hij vooral de auto-actualiteit en test hij nieuwe modellen.\"}]}<\/script>\n<!-- \/ Yoast SEO plugin. -->","yoast_head_json":{"title":"Le nouveau Renault Sc\u00e9nic \u00e9lu Car of the Year 2024 - link2fleet","description":"Le jury de l&rsquo;\u00e9lection europ\u00e9enne de la voiture de l&rsquo;ann\u00e9e (Car of the Year) vient tout juste d&rsquo;annoncer le vainqueur pour 2024. Le titre revient\u2026","robots":{"index":"index","follow":"follow","max-snippet":"max-snippet:-1","max-image-preview":"max-image-preview:large","max-video-preview":"max-video-preview:-1"},"og_locale":"fr_FR","og_type":"article","og_title":"Le nouveau Renault Sc\u00e9nic \u00e9lu Car of the Year 2024 - link2fleet","og_description":"Le jury de l&rsquo;\u00e9lection europ\u00e9enne de la voiture de l&rsquo;ann\u00e9e (Car of the Year) vient tout juste d&rsquo;annoncer le vainqueur pour 2024. Le titre revient\u2026","og_url":"https:\/\/www.link2fleet.com\/fr\/le-nouveau-renault-scenic-elu-car-of-the-year-2024\/","og_site_name":"link2fleet","article_published_time":"2024-02-26T07:50:06+00:00","article_modified_time":"2024-04-12T11:55:58+00:00","og_image":[{"width":1000,"height":750,"url":"https:\/\/static.link2fleet.com\/wp-content\/uploads\/2024\/03\/70abc.jpg","type":"image\/jpeg"}],"author":"Kevin Kersemans","twitter_card":"summary_large_image","twitter_description":"Le jury de l&rsquo;\u00e9lection europ\u00e9enne de la voiture de l&rsquo;ann\u00e9e (Car of the Year) vient tout juste d&rsquo;annoncer le vainqueur pour 2024. Le titre revient\u2026","twitter_misc":{"\u00c9crit par":"Kevin Kersemans","Dur\u00e9e de lecture estim\u00e9e":"1 minute"},"schema":{"@context":"https:\/\/schema.org","@graph":[{"@type":"Article","@id":"https:\/\/www.link2fleet.com\/fr\/le-nouveau-renault-scenic-elu-car-of-the-year-2024\/#article","isPartOf":{"@id":"https:\/\/www.link2fleet.com\/fr\/le-nouveau-renault-scenic-elu-car-of-the-year-2024\/"},"author":{"name":"Kevin Kersemans","@id":"https:\/\/www.link2fleet.com\/fr\/#\/schema\/person\/877bc89c32c65772066cb11fe1e67bbf"},"headline":"Le nouveau Renault Sc\u00e9nic \u00e9lu Car of the Year 2024","datePublished":"2024-02-26T07:50:06+00:00","dateModified":"2024-04-12T11:55:58+00:00","mainEntityOfPage":{"@id":"https:\/\/www.link2fleet.com\/fr\/le-nouveau-renault-scenic-elu-car-of-the-year-2024\/"},"wordCount":314,"publisher":{"@id":"https:\/\/www.link2fleet.com\/fr\/#organization"},"image":{"@id":"https:\/\/www.link2fleet.com\/fr\/le-nouveau-renault-scenic-elu-car-of-the-year-2024\/#primaryimage"},"thumbnailUrl":"https:\/\/static.link2fleet.com\/wp-content\/uploads\/2024\/03\/70abc.jpg","articleSection":["Actus","Importateurs et constructeurs","V\u00e9hicules"],"inLanguage":"fr-FR"},{"@type":"WebPage","@id":"https:\/\/www.link2fleet.com\/fr\/le-nouveau-renault-scenic-elu-car-of-the-year-2024\/","url":"https:\/\/www.link2fleet.com\/fr\/le-nouveau-renault-scenic-elu-car-of-the-year-2024\/","name":"Le nouveau Renault Sc\u00e9nic \u00e9lu Car of the Year 2024 - link2fleet","isPartOf":{"@id":"https:\/\/www.link2fleet.com\/fr\/#website"},"primaryImageOfPage":{"@id":"https:\/\/www.link2fleet.com\/fr\/le-nouveau-renault-scenic-elu-car-of-the-year-2024\/#primaryimage"},"image":{"@id":"https:\/\/www.link2fleet.com\/fr\/le-nouveau-renault-scenic-elu-car-of-the-year-2024\/#primaryimage"},"thumbnailUrl":"https:\/\/static.link2fleet.com\/wp-content\/uploads\/2024\/03\/70abc.jpg","datePublished":"2024-02-26T07:50:06+00:00","dateModified":"2024-04-12T11:55:58+00:00","breadcrumb":{"@id":"https:\/\/www.link2fleet.com\/fr\/le-nouveau-renault-scenic-elu-car-of-the-year-2024\/#breadcrumb"},"inLanguage":"fr-FR","potentialAction":[{"@type":"ReadAction","target":["https:\/\/www.link2fleet.com\/fr\/le-nouveau-renault-scenic-elu-car-of-the-year-2024\/"]}]},{"@type":"ImageObject","inLanguage":"fr-FR","@id":"https:\/\/www.link2fleet.com\/fr\/le-nouveau-renault-scenic-elu-car-of-the-year-2024\/#primaryimage","url":"https:\/\/static.link2fleet.com\/wp-content\/uploads\/2024\/03\/70abc.jpg","contentUrl":"https:\/\/static.link2fleet.com\/wp-content\/uploads\/2024\/03\/70abc.jpg","width":1000,"height":750,"caption":"|||||"},{"@type":"BreadcrumbList","@id":"https:\/\/www.link2fleet.com\/fr\/le-nouveau-renault-scenic-elu-car-of-the-year-2024\/#breadcrumb","itemListElement":[{"@type":"ListItem","position":1,"name":"Home","item":"https:\/\/www.link2fleet.com\/fr\/"},{"@type":"ListItem","position":2,"name":"Le nouveau Renault Sc\u00e9nic \u00e9lu Car of the Year 2024"}]},{"@type":"WebSite","@id":"https:\/\/www.link2fleet.com\/fr\/#website","url":"https:\/\/www.link2fleet.com\/fr\/","name":"Link2fleet","description":"","publisher":{"@id":"https:\/\/www.link2fleet.com\/fr\/#organization"},"potentialAction":[{"@type":"SearchAction","target":{"@type":"EntryPoint","urlTemplate":"https:\/\/www.link2fleet.com\/fr\/?s={search_term_string}"},"query-input":{"@type":"PropertyValueSpecification","valueRequired":true,"valueName":"search_term_string"}}],"inLanguage":"fr-FR"},{"@type":"Organization","@id":"https:\/\/www.link2fleet.com\/fr\/#organization","name":"Link2fleet","url":"https:\/\/www.link2fleet.com\/fr\/","logo":{"@type":"ImageObject","inLanguage":"fr-FR","@id":"https:\/\/www.link2fleet.com\/fr\/#\/schema\/logo\/image\/","url":"https:\/\/static.link2fleet.com\/wp-content\/uploads\/2024\/03\/share-image.jpg","contentUrl":"https:\/\/static.link2fleet.com\/wp-content\/uploads\/2024\/03\/share-image.jpg","width":1200,"height":630,"caption":"Link2fleet"},"image":{"@id":"https:\/\/www.link2fleet.com\/fr\/#\/schema\/logo\/image\/"},"sameAs":["https:\/\/www.linkedin.com\/company\/link2fleet-belgium","https:\/\/www.youtube.com\/user\/MMMBMBE"]},{"@type":"Person","@id":"https:\/\/www.link2fleet.com\/fr\/#\/schema\/person\/877bc89c32c65772066cb11fe1e67bbf","name":"Kevin Kersemans","image":{"@type":"ImageObject","inLanguage":"fr-FR","@id":"https:\/\/secure.gravatar.com\/avatar\/b12f7d0f252688f677f4c181b6df65bf86880634bfcef3be42c82efcdb33d654?s=96&d=mm&r=g","url":"https:\/\/secure.gravatar.com\/avatar\/b12f7d0f252688f677f4c181b6df65bf86880634bfcef3be42c82efcdb33d654?s=96&d=mm&r=g","contentUrl":"https:\/\/secure.gravatar.com\/avatar\/b12f7d0f252688f677f4c181b6df65bf86880634bfcef3be42c82efcdb33d654?s=96&d=mm&r=g","caption":"Kevin Kersemans"},"description":"Kevin Kersemans is autojournalist met al enkele decennia ervaring op de teller. Zijn passie voor auto's en alles op wielen heeft hij al van kindsbeen af. Voor link2fleet volgt hij vooral de auto-actualiteit en test hij nieuwe modellen."}]}},"_links":{"self":[{"href":"https:\/\/www.link2fleet.com\/fr\/wp-json\/wp\/v2\/posts\/11735","targetHints":{"allow":["GET"]}}],"collection":[{"href":"https:\/\/www.link2fleet.com\/fr\/wp-json\/wp\/v2\/posts"}],"about":[{"href":"https:\/\/www.link2fleet.com\/fr\/wp-json\/wp\/v2\/types\/post"}],"author":[{"embeddable":true,"href":"https:\/\/www.link2fleet.com\/fr\/wp-json\/wp\/v2\/users\/49"}],"replies":[{"embeddable":true,"href":"https:\/\/www.link2fleet.com\/fr\/wp-json\/wp\/v2\/comments?post=11735"}],"version-history":[{"count":0,"href":"https:\/\/www.link2fleet.com\/fr\/wp-json\/wp\/v2\/posts\/11735\/revisions"}],"wp:featuredmedia":[{"embeddable":true,"href":"https:\/\/www.link2fleet.com\/fr\/wp-json\/wp\/v2\/media\/11736"}],"wp:attachment":[{"href":"https:\/\/www.link2fleet.com\/fr\/wp-json\/wp\/v2\/media?parent=11735"}],"wp:term":[{"taxonomy":"category","embeddable":true,"href":"https:\/\/www.link2fleet.com\/fr\/wp-json\/wp\/v2\/categories?post=11735"},{"taxonomy":"post_tag","embeddable":true,"href":"https:\/\/www.link2fleet.com\/fr\/wp-json\/wp\/v2\/tags?post=11735"}],"curies":[{"name":"wp","href":"https:\/\/api.w.org\/{rel}","templated":true}]}}