{"id":11840,"date":"2024-02-29T20:38:59","date_gmt":"2024-02-29T19:38:59","guid":{"rendered":"https:\/\/www.link2fleet.com\/poppy-lance-deux-nouveaux-services-et-veut-revolutionner-le-secteur-de-la-location-court-terme\/"},"modified":"2024-02-29T20:38:59","modified_gmt":"2024-02-29T19:38:59","slug":"poppy-lance-deux-nouveaux-services-et-veut-revolutionner-le-secteur-de-la-location-court-terme","status":"publish","type":"post","link":"https:\/\/www.link2fleet.com\/fr\/poppy-lance-deux-nouveaux-services-et-veut-revolutionner-le-secteur-de-la-location-court-terme\/","title":{"rendered":"Poppy lance deux nouveaux services et veut r\u00e9volutionner le secteur de la location court-terme"},"content":{"rendered":"<h2>Planifiez votre trajet jusqu&rsquo;\u00e0 un mois \u00e0 l&rsquo;avance<\/h2>\n<p>D\u00e8s maintenant, les utilisateurs peuvent en quelques minutes s\u2019inscrire et planifier leurs trajets jusqu&rsquo;\u00e0 un mois \u00e0 l&rsquo;avance, enti\u00e8rement via l&rsquo;application Poppy. En s\u00e9lectionnant la date, le lieu et le type de voiture d\u00e9sir\u00e9s, les clients peuvent s&rsquo;assurer que le v\u00e9hicule de leur choix les attendra \u00e0 moins de 300 m\u00e8tres de l&#8217;emplacement sp\u00e9cifi\u00e9. Ce service est propos\u00e9 pour un co\u00fbt additionnel de 15\u20ac, avec la premi\u00e8re livraison offerte gratuitement.<\/p>\n<h2>Adieu les contraintes de la location<\/h2>\n<p>Les utilisateurs b\u00e9n\u00e9ficient de la m\u00eame facilit\u00e9 d&rsquo;utilisation que le service r\u00e9gulier de <a href=\"https:\/\/www.link2fleet.com\/fr\/expertsguide\/articles\/sylvain-niset-poppy-le-client-b2b-nest-pas-encore-tout-a-fait-pret-pour-le-car-sharing\/\">Poppy<\/a>. Sans heure ni lieu de retour fix\u00e9s, les clients peuvent rouler partout en Belgique et dans les pays limitrophes et simplement laisser la voiture dans l&rsquo;une des Zones Poppy une fois leur utilisation termin\u00e9e. Le carburant est inclus, \u00e9liminant la n\u00e9cessit\u00e9 de rendre le r\u00e9servoir plein. De plus, les clients peuvent prolonger leur voyage plusieurs fois, jusqu&rsquo;\u00e0 14 jours, sans frais suppl\u00e9mentaires.<\/p>\n<h2>Disponible d\u00e8s aujourd&rsquo;hui \u00e0 Bruxelles, Anvers et l&rsquo;a\u00e9roport de Bruxelles<\/h2>\n<p>Ce service est d\u00e9sormais accessible dans les villes de Bruxelles et Anvers, ainsi qu&rsquo;\u00e0 l&rsquo;a\u00e9roport de Bruxelles, offrant une solution id\u00e9ale pour les d\u00e9placements importants tels que les r\u00e9unions d&rsquo;affaires, les vols \u00e0 attraper ou les vacances en famille.<\/p>\n<h2>Une r\u00e9volution dans le march\u00e9 de la location de voitures<\/h2>\n<p>Avec ces innovations, Poppy se positionne de mani\u00e8re agressive sur le march\u00e9 traditionnel de la location de voitures. \u00ab\u00a0Il n&rsquo;y a plus aucune raison de se rendre dans une agence de location de voitures. Ce nouveau service de Poppy est moins cher et bien plus pratique. Nous visons \u00e0 prendre compl\u00e8tement le contr\u00f4le du segment B2C de la location de voitures.\u00a0\u00bb d\u00e9clare Pierre de Schaetzen, CMO de Poppy.<\/p>\n<h2>Engagement envers une mobilit\u00e9 urbaine durable<\/h2>\n<p>\u00ab\u00a0Offrir des alternatives fiables et pratiques \u00e0 la possession de voitures est crucial pour r\u00e9duire la congestion urbaine. Malheureusement, le secteur traditionnel de la location de voitures reste attach\u00e9 \u00e0 des pratiques d\u00e9pass\u00e9es, caract\u00e9ris\u00e9es par une tarification opaque, des processus fastidieux et des frais cach\u00e9s,\u00a0\u00bb ajoute de Schaetzen.<\/p>\n<p>\u201cEn tant qu&rsquo;acteur le plus fiable du secteur (avec un TrustScore de 4.2 contre une moyenne de l&rsquo;industrie de 2.8), notre engagement envers l\u2019exp\u00e9rience utilisateur nous permet non seulement de gagner la confiance des clients mais aussi de red\u00e9finir les standards de l&rsquo;industrie. L&rsquo;ann\u00e9e derni\u00e8re, nos utilisateurs nous ont r\u00e9compens\u00e9s par un triplement des locations.\u201d<\/p>\n","protected":false},"excerpt":{"rendered":"<p>Planifiez votre trajet jusqu&rsquo;\u00e0 un mois \u00e0 l&rsquo;avance D\u00e8s maintenant, les utilisateurs peuvent en quelques minutes s\u2019inscrire et planifier leurs trajets jusqu&rsquo;\u00e0 un mois \u00e0 l&rsquo;avance, enti\u00e8rement via l&rsquo;application Poppy. En s\u00e9lectionnant la date, le lieu et le type de voiture d\u00e9sir\u00e9s, les clients peuvent s&rsquo;assurer que le v\u00e9hicule de leur choix les attendra \u00e0 [&hellip;]<\/p>\n","protected":false},"author":4,"featured_media":11841,"comment_status":"closed","ping_status":"closed","sticky":false,"template":"","format":"standard","meta":{"_acf_changed":false,"footnotes":""},"categories":[91,80],"tags":[],"class_list":["post-11840","post","type-post","status-publish","format-standard","has-post-thumbnail","hentry","category-expertise-et-management","category-loueurs-courtterme"],"acf":[],"yoast_head":"<!-- This site is optimized with the Yoast SEO plugin v27.3 - https:\/\/yoast.com\/product\/yoast-seo-wordpress\/ -->\n<title>Poppy lance deux nouveaux services et veut r\u00e9volutionner le secteur de la location court-terme - link2fleet<\/title>\n<meta name=\"description\" content=\"Poppy, le leader belge de la mobilit\u00e9 partag\u00e9e, annonce le lancement de deux nouveaux services innovants destin\u00e9s \u00e0 transformer l&rsquo;exp\u00e9rience de location de voitures :\u2026\" \/>\n<meta name=\"robots\" content=\"index, follow, max-snippet:-1, max-image-preview:large, max-video-preview:-1\" \/>\n<meta property=\"og:locale\" content=\"fr_FR\" \/>\n<meta property=\"og:type\" content=\"article\" \/>\n<meta property=\"og:title\" content=\"Poppy lance deux nouveaux services et veut r\u00e9volutionner le secteur de la location court-terme - link2fleet\" \/>\n<meta property=\"og:description\" content=\"Poppy, le leader belge de la mobilit\u00e9 partag\u00e9e, annonce le lancement de deux nouveaux services innovants destin\u00e9s \u00e0 transformer l&rsquo;exp\u00e9rience de location de voitures :\u2026\" \/>\n<meta property=\"og:url\" content=\"https:\/\/www.link2fleet.com\/fr\/poppy-lance-deux-nouveaux-services-et-veut-revolutionner-le-secteur-de-la-location-court-terme\/\" \/>\n<meta property=\"og:site_name\" content=\"link2fleet\" \/>\n<meta property=\"article:published_time\" content=\"2024-02-29T19:38:59+00:00\" \/>\n<meta property=\"og:image\" content=\"https:\/\/static.link2fleet.com\/wp-content\/uploads\/2024\/03\/2023-08-09-poppy-leuven-hd-31.jpeg\" \/>\n\t<meta property=\"og:image:width\" content=\"1920\" \/>\n\t<meta property=\"og:image:height\" content=\"1281\" \/>\n\t<meta property=\"og:image:type\" content=\"image\/jpeg\" \/>\n<meta name=\"author\" content=\"Damien Malvetti\" \/>\n<meta name=\"twitter:card\" content=\"summary_large_image\" \/>\n<meta name=\"twitter:description\" content=\"Poppy, le leader belge de la mobilit\u00e9 partag\u00e9e, annonce le lancement de deux nouveaux services innovants destin\u00e9s \u00e0 transformer l&rsquo;exp\u00e9rience de location de voitures :\u2026\" \/>\n<meta name=\"twitter:label1\" content=\"\u00c9crit par\" \/>\n\t<meta name=\"twitter:data1\" content=\"Damien Malvetti\" \/>\n\t<meta name=\"twitter:label2\" content=\"Dur\u00e9e de lecture estim\u00e9e\" \/>\n\t<meta name=\"twitter:data2\" content=\"2 minutes\" \/>\n<script type=\"application\/ld+json\" class=\"yoast-schema-graph\">{\"@context\":\"https:\\\/\\\/schema.org\",\"@graph\":[{\"@type\":\"Article\",\"@id\":\"https:\\\/\\\/www.link2fleet.com\\\/fr\\\/poppy-lance-deux-nouveaux-services-et-veut-revolutionner-le-secteur-de-la-location-court-terme\\\/#article\",\"isPartOf\":{\"@id\":\"https:\\\/\\\/www.link2fleet.com\\\/fr\\\/poppy-lance-deux-nouveaux-services-et-veut-revolutionner-le-secteur-de-la-location-court-terme\\\/\"},\"author\":{\"name\":\"Damien Malvetti\",\"@id\":\"https:\\\/\\\/www.link2fleet.com\\\/fr\\\/#\\\/schema\\\/person\\\/027cd46113c78036b3809c9a054049da\"},\"headline\":\"Poppy lance deux nouveaux services et veut r\u00e9volutionner le secteur de la location court-terme\",\"datePublished\":\"2024-02-29T19:38:59+00:00\",\"mainEntityOfPage\":{\"@id\":\"https:\\\/\\\/www.link2fleet.com\\\/fr\\\/poppy-lance-deux-nouveaux-services-et-veut-revolutionner-le-secteur-de-la-location-court-terme\\\/\"},\"wordCount\":460,\"publisher\":{\"@id\":\"https:\\\/\\\/www.link2fleet.com\\\/fr\\\/#organization\"},\"image\":{\"@id\":\"https:\\\/\\\/www.link2fleet.com\\\/fr\\\/poppy-lance-deux-nouveaux-services-et-veut-revolutionner-le-secteur-de-la-location-court-terme\\\/#primaryimage\"},\"thumbnailUrl\":\"https:\\\/\\\/static.link2fleet.com\\\/wp-content\\\/uploads\\\/2024\\\/03\\\/2023-08-09-poppy-leuven-hd-31.jpeg\",\"articleSection\":[\"Gestion de flotte\",\"Location court-terme\"],\"inLanguage\":\"fr-FR\"},{\"@type\":\"WebPage\",\"@id\":\"https:\\\/\\\/www.link2fleet.com\\\/fr\\\/poppy-lance-deux-nouveaux-services-et-veut-revolutionner-le-secteur-de-la-location-court-terme\\\/\",\"url\":\"https:\\\/\\\/www.link2fleet.com\\\/fr\\\/poppy-lance-deux-nouveaux-services-et-veut-revolutionner-le-secteur-de-la-location-court-terme\\\/\",\"name\":\"Poppy lance deux nouveaux services et veut r\u00e9volutionner le secteur de la location court-terme - link2fleet\",\"isPartOf\":{\"@id\":\"https:\\\/\\\/www.link2fleet.com\\\/fr\\\/#website\"},\"primaryImageOfPage\":{\"@id\":\"https:\\\/\\\/www.link2fleet.com\\\/fr\\\/poppy-lance-deux-nouveaux-services-et-veut-revolutionner-le-secteur-de-la-location-court-terme\\\/#primaryimage\"},\"image\":{\"@id\":\"https:\\\/\\\/www.link2fleet.com\\\/fr\\\/poppy-lance-deux-nouveaux-services-et-veut-revolutionner-le-secteur-de-la-location-court-terme\\\/#primaryimage\"},\"thumbnailUrl\":\"https:\\\/\\\/static.link2fleet.com\\\/wp-content\\\/uploads\\\/2024\\\/03\\\/2023-08-09-poppy-leuven-hd-31.jpeg\",\"datePublished\":\"2024-02-29T19:38:59+00:00\",\"breadcrumb\":{\"@id\":\"https:\\\/\\\/www.link2fleet.com\\\/fr\\\/poppy-lance-deux-nouveaux-services-et-veut-revolutionner-le-secteur-de-la-location-court-terme\\\/#breadcrumb\"},\"inLanguage\":\"fr-FR\",\"potentialAction\":[{\"@type\":\"ReadAction\",\"target\":[\"https:\\\/\\\/www.link2fleet.com\\\/fr\\\/poppy-lance-deux-nouveaux-services-et-veut-revolutionner-le-secteur-de-la-location-court-terme\\\/\"]}]},{\"@type\":\"ImageObject\",\"inLanguage\":\"fr-FR\",\"@id\":\"https:\\\/\\\/www.link2fleet.com\\\/fr\\\/poppy-lance-deux-nouveaux-services-et-veut-revolutionner-le-secteur-de-la-location-court-terme\\\/#primaryimage\",\"url\":\"https:\\\/\\\/static.link2fleet.com\\\/wp-content\\\/uploads\\\/2024\\\/03\\\/2023-08-09-poppy-leuven-hd-31.jpeg\",\"contentUrl\":\"https:\\\/\\\/static.link2fleet.com\\\/wp-content\\\/uploads\\\/2024\\\/03\\\/2023-08-09-poppy-leuven-hd-31.jpeg\",\"width\":1920,\"height\":1281},{\"@type\":\"BreadcrumbList\",\"@id\":\"https:\\\/\\\/www.link2fleet.com\\\/fr\\\/poppy-lance-deux-nouveaux-services-et-veut-revolutionner-le-secteur-de-la-location-court-terme\\\/#breadcrumb\",\"itemListElement\":[{\"@type\":\"ListItem\",\"position\":1,\"name\":\"Home\",\"item\":\"https:\\\/\\\/www.link2fleet.com\\\/fr\\\/\"},{\"@type\":\"ListItem\",\"position\":2,\"name\":\"Poppy lance deux nouveaux services et veut r\u00e9volutionner le secteur de la location court-terme\"}]},{\"@type\":\"WebSite\",\"@id\":\"https:\\\/\\\/www.link2fleet.com\\\/fr\\\/#website\",\"url\":\"https:\\\/\\\/www.link2fleet.com\\\/fr\\\/\",\"name\":\"Link2fleet\",\"description\":\"\",\"publisher\":{\"@id\":\"https:\\\/\\\/www.link2fleet.com\\\/fr\\\/#organization\"},\"potentialAction\":[{\"@type\":\"SearchAction\",\"target\":{\"@type\":\"EntryPoint\",\"urlTemplate\":\"https:\\\/\\\/www.link2fleet.com\\\/fr\\\/?s={search_term_string}\"},\"query-input\":{\"@type\":\"PropertyValueSpecification\",\"valueRequired\":true,\"valueName\":\"search_term_string\"}}],\"inLanguage\":\"fr-FR\"},{\"@type\":\"Organization\",\"@id\":\"https:\\\/\\\/www.link2fleet.com\\\/fr\\\/#organization\",\"name\":\"Link2fleet\",\"url\":\"https:\\\/\\\/www.link2fleet.com\\\/fr\\\/\",\"logo\":{\"@type\":\"ImageObject\",\"inLanguage\":\"fr-FR\",\"@id\":\"https:\\\/\\\/www.link2fleet.com\\\/fr\\\/#\\\/schema\\\/logo\\\/image\\\/\",\"url\":\"https:\\\/\\\/static.link2fleet.com\\\/wp-content\\\/uploads\\\/2024\\\/03\\\/share-image.jpg\",\"contentUrl\":\"https:\\\/\\\/static.link2fleet.com\\\/wp-content\\\/uploads\\\/2024\\\/03\\\/share-image.jpg\",\"width\":1200,\"height\":630,\"caption\":\"Link2fleet\"},\"image\":{\"@id\":\"https:\\\/\\\/www.link2fleet.com\\\/fr\\\/#\\\/schema\\\/logo\\\/image\\\/\"},\"sameAs\":[\"https:\\\/\\\/www.linkedin.com\\\/company\\\/link2fleet-belgium\",\"https:\\\/\\\/www.youtube.com\\\/user\\\/MMMBMBE\"]},{\"@type\":\"Person\",\"@id\":\"https:\\\/\\\/www.link2fleet.com\\\/fr\\\/#\\\/schema\\\/person\\\/027cd46113c78036b3809c9a054049da\",\"name\":\"Damien Malvetti\",\"image\":{\"@type\":\"ImageObject\",\"inLanguage\":\"fr-FR\",\"@id\":\"https:\\\/\\\/secure.gravatar.com\\\/avatar\\\/dd8cc03b49466c735f753ac37f8caa371af16dfed347456ed61f02883255eebb?s=96&d=mm&r=g\",\"url\":\"https:\\\/\\\/secure.gravatar.com\\\/avatar\\\/dd8cc03b49466c735f753ac37f8caa371af16dfed347456ed61f02883255eebb?s=96&d=mm&r=g\",\"contentUrl\":\"https:\\\/\\\/secure.gravatar.com\\\/avatar\\\/dd8cc03b49466c735f753ac37f8caa371af16dfed347456ed61f02883255eebb?s=96&d=mm&r=g\",\"caption\":\"Damien Malvetti\"},\"description\":\"Damien Malvetti is opgeleid als journalist en gepassioneerd door wagens, technologie en mobiliteit. Hij is verantwoordelijk voor de redactionele inhoud van link2fleet en beschikt over een uitgebreide kennis van de fleet-sector en elektrische mobiliteit.\",\"sameAs\":[\"https:\\\/\\\/www.linkedin.com\\\/in\\\/damien-malvetti-56601142\\\/\"]}]}<\/script>\n<!-- \/ Yoast SEO plugin. -->","yoast_head_json":{"title":"Poppy lance deux nouveaux services et veut r\u00e9volutionner le secteur de la location court-terme - link2fleet","description":"Poppy, le leader belge de la mobilit\u00e9 partag\u00e9e, annonce le lancement de deux nouveaux services innovants destin\u00e9s \u00e0 transformer l&rsquo;exp\u00e9rience de location de voitures :\u2026","robots":{"index":"index","follow":"follow","max-snippet":"max-snippet:-1","max-image-preview":"max-image-preview:large","max-video-preview":"max-video-preview:-1"},"og_locale":"fr_FR","og_type":"article","og_title":"Poppy lance deux nouveaux services et veut r\u00e9volutionner le secteur de la location court-terme - link2fleet","og_description":"Poppy, le leader belge de la mobilit\u00e9 partag\u00e9e, annonce le lancement de deux nouveaux services innovants destin\u00e9s \u00e0 transformer l&rsquo;exp\u00e9rience de location de voitures :\u2026","og_url":"https:\/\/www.link2fleet.com\/fr\/poppy-lance-deux-nouveaux-services-et-veut-revolutionner-le-secteur-de-la-location-court-terme\/","og_site_name":"link2fleet","article_published_time":"2024-02-29T19:38:59+00:00","og_image":[{"width":1920,"height":1281,"url":"https:\/\/static.link2fleet.com\/wp-content\/uploads\/2024\/03\/2023-08-09-poppy-leuven-hd-31.jpeg","type":"image\/jpeg"}],"author":"Damien Malvetti","twitter_card":"summary_large_image","twitter_description":"Poppy, le leader belge de la mobilit\u00e9 partag\u00e9e, annonce le lancement de deux nouveaux services innovants destin\u00e9s \u00e0 transformer l&rsquo;exp\u00e9rience de location de voitures :\u2026","twitter_misc":{"\u00c9crit par":"Damien Malvetti","Dur\u00e9e de lecture estim\u00e9e":"2 minutes"},"schema":{"@context":"https:\/\/schema.org","@graph":[{"@type":"Article","@id":"https:\/\/www.link2fleet.com\/fr\/poppy-lance-deux-nouveaux-services-et-veut-revolutionner-le-secteur-de-la-location-court-terme\/#article","isPartOf":{"@id":"https:\/\/www.link2fleet.com\/fr\/poppy-lance-deux-nouveaux-services-et-veut-revolutionner-le-secteur-de-la-location-court-terme\/"},"author":{"name":"Damien Malvetti","@id":"https:\/\/www.link2fleet.com\/fr\/#\/schema\/person\/027cd46113c78036b3809c9a054049da"},"headline":"Poppy lance deux nouveaux services et veut r\u00e9volutionner le secteur de la location court-terme","datePublished":"2024-02-29T19:38:59+00:00","mainEntityOfPage":{"@id":"https:\/\/www.link2fleet.com\/fr\/poppy-lance-deux-nouveaux-services-et-veut-revolutionner-le-secteur-de-la-location-court-terme\/"},"wordCount":460,"publisher":{"@id":"https:\/\/www.link2fleet.com\/fr\/#organization"},"image":{"@id":"https:\/\/www.link2fleet.com\/fr\/poppy-lance-deux-nouveaux-services-et-veut-revolutionner-le-secteur-de-la-location-court-terme\/#primaryimage"},"thumbnailUrl":"https:\/\/static.link2fleet.com\/wp-content\/uploads\/2024\/03\/2023-08-09-poppy-leuven-hd-31.jpeg","articleSection":["Gestion de flotte","Location court-terme"],"inLanguage":"fr-FR"},{"@type":"WebPage","@id":"https:\/\/www.link2fleet.com\/fr\/poppy-lance-deux-nouveaux-services-et-veut-revolutionner-le-secteur-de-la-location-court-terme\/","url":"https:\/\/www.link2fleet.com\/fr\/poppy-lance-deux-nouveaux-services-et-veut-revolutionner-le-secteur-de-la-location-court-terme\/","name":"Poppy lance deux nouveaux services et veut r\u00e9volutionner le secteur de la location court-terme - link2fleet","isPartOf":{"@id":"https:\/\/www.link2fleet.com\/fr\/#website"},"primaryImageOfPage":{"@id":"https:\/\/www.link2fleet.com\/fr\/poppy-lance-deux-nouveaux-services-et-veut-revolutionner-le-secteur-de-la-location-court-terme\/#primaryimage"},"image":{"@id":"https:\/\/www.link2fleet.com\/fr\/poppy-lance-deux-nouveaux-services-et-veut-revolutionner-le-secteur-de-la-location-court-terme\/#primaryimage"},"thumbnailUrl":"https:\/\/static.link2fleet.com\/wp-content\/uploads\/2024\/03\/2023-08-09-poppy-leuven-hd-31.jpeg","datePublished":"2024-02-29T19:38:59+00:00","breadcrumb":{"@id":"https:\/\/www.link2fleet.com\/fr\/poppy-lance-deux-nouveaux-services-et-veut-revolutionner-le-secteur-de-la-location-court-terme\/#breadcrumb"},"inLanguage":"fr-FR","potentialAction":[{"@type":"ReadAction","target":["https:\/\/www.link2fleet.com\/fr\/poppy-lance-deux-nouveaux-services-et-veut-revolutionner-le-secteur-de-la-location-court-terme\/"]}]},{"@type":"ImageObject","inLanguage":"fr-FR","@id":"https:\/\/www.link2fleet.com\/fr\/poppy-lance-deux-nouveaux-services-et-veut-revolutionner-le-secteur-de-la-location-court-terme\/#primaryimage","url":"https:\/\/static.link2fleet.com\/wp-content\/uploads\/2024\/03\/2023-08-09-poppy-leuven-hd-31.jpeg","contentUrl":"https:\/\/static.link2fleet.com\/wp-content\/uploads\/2024\/03\/2023-08-09-poppy-leuven-hd-31.jpeg","width":1920,"height":1281},{"@type":"BreadcrumbList","@id":"https:\/\/www.link2fleet.com\/fr\/poppy-lance-deux-nouveaux-services-et-veut-revolutionner-le-secteur-de-la-location-court-terme\/#breadcrumb","itemListElement":[{"@type":"ListItem","position":1,"name":"Home","item":"https:\/\/www.link2fleet.com\/fr\/"},{"@type":"ListItem","position":2,"name":"Poppy lance deux nouveaux services et veut r\u00e9volutionner le secteur de la location court-terme"}]},{"@type":"WebSite","@id":"https:\/\/www.link2fleet.com\/fr\/#website","url":"https:\/\/www.link2fleet.com\/fr\/","name":"Link2fleet","description":"","publisher":{"@id":"https:\/\/www.link2fleet.com\/fr\/#organization"},"potentialAction":[{"@type":"SearchAction","target":{"@type":"EntryPoint","urlTemplate":"https:\/\/www.link2fleet.com\/fr\/?s={search_term_string}"},"query-input":{"@type":"PropertyValueSpecification","valueRequired":true,"valueName":"search_term_string"}}],"inLanguage":"fr-FR"},{"@type":"Organization","@id":"https:\/\/www.link2fleet.com\/fr\/#organization","name":"Link2fleet","url":"https:\/\/www.link2fleet.com\/fr\/","logo":{"@type":"ImageObject","inLanguage":"fr-FR","@id":"https:\/\/www.link2fleet.com\/fr\/#\/schema\/logo\/image\/","url":"https:\/\/static.link2fleet.com\/wp-content\/uploads\/2024\/03\/share-image.jpg","contentUrl":"https:\/\/static.link2fleet.com\/wp-content\/uploads\/2024\/03\/share-image.jpg","width":1200,"height":630,"caption":"Link2fleet"},"image":{"@id":"https:\/\/www.link2fleet.com\/fr\/#\/schema\/logo\/image\/"},"sameAs":["https:\/\/www.linkedin.com\/company\/link2fleet-belgium","https:\/\/www.youtube.com\/user\/MMMBMBE"]},{"@type":"Person","@id":"https:\/\/www.link2fleet.com\/fr\/#\/schema\/person\/027cd46113c78036b3809c9a054049da","name":"Damien Malvetti","image":{"@type":"ImageObject","inLanguage":"fr-FR","@id":"https:\/\/secure.gravatar.com\/avatar\/dd8cc03b49466c735f753ac37f8caa371af16dfed347456ed61f02883255eebb?s=96&d=mm&r=g","url":"https:\/\/secure.gravatar.com\/avatar\/dd8cc03b49466c735f753ac37f8caa371af16dfed347456ed61f02883255eebb?s=96&d=mm&r=g","contentUrl":"https:\/\/secure.gravatar.com\/avatar\/dd8cc03b49466c735f753ac37f8caa371af16dfed347456ed61f02883255eebb?s=96&d=mm&r=g","caption":"Damien Malvetti"},"description":"Damien Malvetti is opgeleid als journalist en gepassioneerd door wagens, technologie en mobiliteit. Hij is verantwoordelijk voor de redactionele inhoud van link2fleet en beschikt over een uitgebreide kennis van de fleet-sector en elektrische mobiliteit.","sameAs":["https:\/\/www.linkedin.com\/in\/damien-malvetti-56601142\/"]}]}},"_links":{"self":[{"href":"https:\/\/www.link2fleet.com\/fr\/wp-json\/wp\/v2\/posts\/11840","targetHints":{"allow":["GET"]}}],"collection":[{"href":"https:\/\/www.link2fleet.com\/fr\/wp-json\/wp\/v2\/posts"}],"about":[{"href":"https:\/\/www.link2fleet.com\/fr\/wp-json\/wp\/v2\/types\/post"}],"author":[{"embeddable":true,"href":"https:\/\/www.link2fleet.com\/fr\/wp-json\/wp\/v2\/users\/4"}],"replies":[{"embeddable":true,"href":"https:\/\/www.link2fleet.com\/fr\/wp-json\/wp\/v2\/comments?post=11840"}],"version-history":[{"count":0,"href":"https:\/\/www.link2fleet.com\/fr\/wp-json\/wp\/v2\/posts\/11840\/revisions"}],"wp:featuredmedia":[{"embeddable":true,"href":"https:\/\/www.link2fleet.com\/fr\/wp-json\/wp\/v2\/media\/11841"}],"wp:attachment":[{"href":"https:\/\/www.link2fleet.com\/fr\/wp-json\/wp\/v2\/media?parent=11840"}],"wp:term":[{"taxonomy":"category","embeddable":true,"href":"https:\/\/www.link2fleet.com\/fr\/wp-json\/wp\/v2\/categories?post=11840"},{"taxonomy":"post_tag","embeddable":true,"href":"https:\/\/www.link2fleet.com\/fr\/wp-json\/wp\/v2\/tags?post=11840"}],"curies":[{"name":"wp","href":"https:\/\/api.w.org\/{rel}","templated":true}]}}