{"id":12005,"date":"2024-03-12T10:12:56","date_gmt":"2024-03-12T09:12:56","guid":{"rendered":"https:\/\/www.link2fleet.com\/ohme-capitalise-sur-le-succes-des-bornes-de-recharge-pour-vehicules-electriques-en-belgique-avec-une-nouvelle-gamme-de-chargeurs\/"},"modified":"2024-03-12T10:12:56","modified_gmt":"2024-03-12T09:12:56","slug":"ohme-capitalise-sur-le-succes-des-bornes-de-recharge-pour-vehicules-electriques-en-belgique-avec-une-nouvelle-gamme-de-chargeurs","status":"publish","type":"post","link":"https:\/\/www.link2fleet.com\/fr\/ohme-capitalise-sur-le-succes-des-bornes-de-recharge-pour-vehicules-electriques-en-belgique-avec-une-nouvelle-gamme-de-chargeurs\/","title":{"rendered":"Ohme lance le Home Pro, une station de charge domestique intelligente"},"content":{"rendered":"<p style=\"font-weight: 400;\">Le Home Pro fait suite au succ\u00e8s d\u00e9j\u00e0 prouv\u00e9 d&rsquo;Ohme en Belgique en tant que fournisseur de bornes mobiles pour Volvo et Eneco avec la Go. La Ohme Go est la seule solution de recharge mobile abordable avec une solution de facturation s\u00e9par\u00e9e et une capacit\u00e9 d&rsquo;API pouvant communiquer avec la plateforme en back-office d&rsquo;un gestionnaire de flotte, en faisant un atout particuli\u00e8rement pr\u00e9cieux pour les flottes d&rsquo;entreprises.<\/p>\n<p style=\"font-weight: 400;\">\u00ab\u00a0Les conducteurs et gestionnaires de flotte belges ont d\u00e9j\u00e0 r\u00e9serv\u00e9 un accueil chaleureux \u00e0 Ohme avec de bonnes ventes de la Go, et nous sommes impatients de poursuivre avec le nouveau Home Pro\u00a0\u00bb, a d\u00e9clar\u00e9 Pieter Van der Auwermeulen d&rsquo;Ohme Belgique. \u00ab\u00a0Avec le Home Pro et la Go disponibles, Ohme sera la seule entreprise de recharge \u00e0 proposer \u00e0 la fois un chargeur mural et une solution mobile dans notre portefeuille, \u00e0 des prix tr\u00e8s comp\u00e9titifs.\u00a0\u00bb<\/p>\n<p style=\"font-weight: 400;\">Avec les v\u00e9hicules \u00e9lectrifi\u00e9s repr\u00e9sentant plus de 40 % des ventes de voitures neuves en Belgique et les ventes de flottes d\u00e9passant les 70 %, la combinaison unique d&rsquo;Ohme de recharge domestique fixe et mobile, ainsi que sa solution de facturation s\u00e9par\u00e9e, en fait le choix id\u00e9al pour les conducteurs de v\u00e9hicules \u00e9lectriques belges.<\/p>\n<p><a href=\"https:\/\/www.link2fleet.com\/wp-content\/uploads\/2024\/03\/Ohme-Home-Pro-EV-Charger-Belgium.png\"><img loading=\"lazy\" decoding=\"async\" class=\"aligncenter size-large wp-image-1305919\" src=\"https:\/\/www.link2fleet.com\/wp-content\/uploads\/2024\/03\/Ohme-Home-Pro-EV-Charger-Belgium-1024x683.png\" alt=\"\" width=\"640\" height=\"427\" \/><\/a><\/p>\n<p style=\"font-weight: 400;\">La technologie dynamique de recharge intelligente d&rsquo;Ohme peut se connecter au r\u00e9seau national en temps r\u00e9el et ajuster automatiquement sa recharge pour permettre aux conducteurs de profiter de tous les moments de recharge \u00e0 bas prix avec des tarifs de pointe. En ajoutant le tarif CREG comme option pour que le conducteur puisse choisir, les gestionnaires de flotte et les conducteurs peuvent \u00eatre assur\u00e9s que le remboursement correct est effectu\u00e9.<\/p>\n<p style=\"font-weight: 400;\">Une recharge compl\u00e8te \u00e0 partir de 0 % sur une Volkswagen ID.3 avec une batterie de 77 kWh avec un chargeur intelligent Ohme sur un tarif de pointe, tel que Frank Energie Variabel, pourrait co\u00fbter seulement 9,10 \u20ac*. Ohme offre \u00e9galement aux conducteurs la possibilit\u00e9 de charger leur voiture lorsque la g\u00e9n\u00e9ration d&rsquo;\u00e9nergie renouvelable sur le r\u00e9seau national est \u00e0 son maximum, r\u00e9duisant ainsi davantage leur impact CO2.<\/p>\n<p style=\"font-weight: 400;\"><em>* Frank Energie Variabel \u00e0 11,82 centimes\/kWh<\/em><\/p>\n","protected":false},"excerpt":{"rendered":"<p>Le Home Pro fait suite au succ\u00e8s d\u00e9j\u00e0 prouv\u00e9 d&rsquo;Ohme en Belgique en tant que fournisseur de bornes mobiles pour Volvo et Eneco avec la Go. La Ohme Go est la seule solution de recharge mobile abordable avec une solution de facturation s\u00e9par\u00e9e et une capacit\u00e9 d&rsquo;API pouvant communiquer avec la plateforme en back-office d&rsquo;un [&hellip;]<\/p>\n","protected":false},"author":4,"featured_media":12006,"comment_status":"closed","ping_status":"closed","sticky":false,"template":"","format":"standard","meta":{"_acf_changed":false,"footnotes":""},"categories":[81,91],"tags":[],"class_list":["post-12005","post","type-post","status-publish","format-standard","has-post-thumbnail","hentry","category-gestion-de-carburant-et-energie","category-expertise-et-management"],"acf":[],"yoast_head":"<!-- This site is optimized with the Yoast SEO plugin v27.3 - https:\/\/yoast.com\/product\/yoast-seo-wordpress\/ -->\n<title>Ohme lance le Home Pro, une station de charge domestique intelligente - link2fleet<\/title>\n<meta name=\"description\" content=\"La soci\u00e9t\u00e9 de recharge pour v\u00e9hicules \u00e9lectriques Ohme \u00e9tend sa technologie prim\u00e9e et sa gamme de bornes domestiques aux conducteurs belges. S&rsquo;appuyant sur le succ\u00e8s\u2026\" \/>\n<meta name=\"robots\" content=\"index, follow, max-snippet:-1, max-image-preview:large, max-video-preview:-1\" \/>\n<meta property=\"og:locale\" content=\"fr_FR\" \/>\n<meta property=\"og:type\" content=\"article\" \/>\n<meta property=\"og:title\" content=\"Ohme lance le Home Pro, une station de charge domestique intelligente - link2fleet\" \/>\n<meta property=\"og:description\" content=\"La soci\u00e9t\u00e9 de recharge pour v\u00e9hicules \u00e9lectriques Ohme \u00e9tend sa technologie prim\u00e9e et sa gamme de bornes domestiques aux conducteurs belges. S&rsquo;appuyant sur le succ\u00e8s\u2026\" \/>\n<meta property=\"og:url\" content=\"https:\/\/www.link2fleet.com\/fr\/ohme-capitalise-sur-le-succes-des-bornes-de-recharge-pour-vehicules-electriques-en-belgique-avec-une-nouvelle-gamme-de-chargeurs\/\" \/>\n<meta property=\"og:site_name\" content=\"link2fleet\" \/>\n<meta property=\"article:published_time\" content=\"2024-03-12T09:12:56+00:00\" \/>\n<meta property=\"og:image\" content=\"https:\/\/static.link2fleet.com\/wp-content\/uploads\/2024\/03\/ohme-home-pro-ev-charger-belgium.png\" \/>\n\t<meta property=\"og:image:width\" content=\"1492\" \/>\n\t<meta property=\"og:image:height\" content=\"995\" \/>\n\t<meta property=\"og:image:type\" content=\"image\/png\" \/>\n<meta name=\"author\" content=\"Damien Malvetti\" \/>\n<meta name=\"twitter:card\" content=\"summary_large_image\" \/>\n<meta name=\"twitter:description\" content=\"La soci\u00e9t\u00e9 de recharge pour v\u00e9hicules \u00e9lectriques Ohme \u00e9tend sa technologie prim\u00e9e et sa gamme de bornes domestiques aux conducteurs belges. S&rsquo;appuyant sur le succ\u00e8s\u2026\" \/>\n<meta name=\"twitter:label1\" content=\"\u00c9crit par\" \/>\n\t<meta name=\"twitter:data1\" content=\"Damien Malvetti\" \/>\n\t<meta name=\"twitter:label2\" content=\"Dur\u00e9e de lecture estim\u00e9e\" \/>\n\t<meta name=\"twitter:data2\" content=\"2 minutes\" \/>\n<script type=\"application\/ld+json\" class=\"yoast-schema-graph\">{\"@context\":\"https:\\\/\\\/schema.org\",\"@graph\":[{\"@type\":\"Article\",\"@id\":\"https:\\\/\\\/www.link2fleet.com\\\/fr\\\/ohme-capitalise-sur-le-succes-des-bornes-de-recharge-pour-vehicules-electriques-en-belgique-avec-une-nouvelle-gamme-de-chargeurs\\\/#article\",\"isPartOf\":{\"@id\":\"https:\\\/\\\/www.link2fleet.com\\\/fr\\\/ohme-capitalise-sur-le-succes-des-bornes-de-recharge-pour-vehicules-electriques-en-belgique-avec-une-nouvelle-gamme-de-chargeurs\\\/\"},\"author\":{\"name\":\"Damien Malvetti\",\"@id\":\"https:\\\/\\\/www.link2fleet.com\\\/fr\\\/#\\\/schema\\\/person\\\/027cd46113c78036b3809c9a054049da\"},\"headline\":\"Ohme lance le Home Pro, une station de charge domestique intelligente\",\"datePublished\":\"2024-03-12T09:12:56+00:00\",\"mainEntityOfPage\":{\"@id\":\"https:\\\/\\\/www.link2fleet.com\\\/fr\\\/ohme-capitalise-sur-le-succes-des-bornes-de-recharge-pour-vehicules-electriques-en-belgique-avec-une-nouvelle-gamme-de-chargeurs\\\/\"},\"wordCount\":372,\"publisher\":{\"@id\":\"https:\\\/\\\/www.link2fleet.com\\\/fr\\\/#organization\"},\"image\":{\"@id\":\"https:\\\/\\\/www.link2fleet.com\\\/fr\\\/ohme-capitalise-sur-le-succes-des-bornes-de-recharge-pour-vehicules-electriques-en-belgique-avec-une-nouvelle-gamme-de-chargeurs\\\/#primaryimage\"},\"thumbnailUrl\":\"https:\\\/\\\/static.link2fleet.com\\\/wp-content\\\/uploads\\\/2024\\\/03\\\/ohme-home-pro-ev-charger-belgium.png\",\"articleSection\":[\"Gestion carburant et de l'\u00e9nergie\",\"Gestion de flotte\"],\"inLanguage\":\"fr-FR\"},{\"@type\":\"WebPage\",\"@id\":\"https:\\\/\\\/www.link2fleet.com\\\/fr\\\/ohme-capitalise-sur-le-succes-des-bornes-de-recharge-pour-vehicules-electriques-en-belgique-avec-une-nouvelle-gamme-de-chargeurs\\\/\",\"url\":\"https:\\\/\\\/www.link2fleet.com\\\/fr\\\/ohme-capitalise-sur-le-succes-des-bornes-de-recharge-pour-vehicules-electriques-en-belgique-avec-une-nouvelle-gamme-de-chargeurs\\\/\",\"name\":\"Ohme lance le Home Pro, une station de charge domestique intelligente - link2fleet\",\"isPartOf\":{\"@id\":\"https:\\\/\\\/www.link2fleet.com\\\/fr\\\/#website\"},\"primaryImageOfPage\":{\"@id\":\"https:\\\/\\\/www.link2fleet.com\\\/fr\\\/ohme-capitalise-sur-le-succes-des-bornes-de-recharge-pour-vehicules-electriques-en-belgique-avec-une-nouvelle-gamme-de-chargeurs\\\/#primaryimage\"},\"image\":{\"@id\":\"https:\\\/\\\/www.link2fleet.com\\\/fr\\\/ohme-capitalise-sur-le-succes-des-bornes-de-recharge-pour-vehicules-electriques-en-belgique-avec-une-nouvelle-gamme-de-chargeurs\\\/#primaryimage\"},\"thumbnailUrl\":\"https:\\\/\\\/static.link2fleet.com\\\/wp-content\\\/uploads\\\/2024\\\/03\\\/ohme-home-pro-ev-charger-belgium.png\",\"datePublished\":\"2024-03-12T09:12:56+00:00\",\"breadcrumb\":{\"@id\":\"https:\\\/\\\/www.link2fleet.com\\\/fr\\\/ohme-capitalise-sur-le-succes-des-bornes-de-recharge-pour-vehicules-electriques-en-belgique-avec-une-nouvelle-gamme-de-chargeurs\\\/#breadcrumb\"},\"inLanguage\":\"fr-FR\",\"potentialAction\":[{\"@type\":\"ReadAction\",\"target\":[\"https:\\\/\\\/www.link2fleet.com\\\/fr\\\/ohme-capitalise-sur-le-succes-des-bornes-de-recharge-pour-vehicules-electriques-en-belgique-avec-une-nouvelle-gamme-de-chargeurs\\\/\"]}]},{\"@type\":\"ImageObject\",\"inLanguage\":\"fr-FR\",\"@id\":\"https:\\\/\\\/www.link2fleet.com\\\/fr\\\/ohme-capitalise-sur-le-succes-des-bornes-de-recharge-pour-vehicules-electriques-en-belgique-avec-une-nouvelle-gamme-de-chargeurs\\\/#primaryimage\",\"url\":\"https:\\\/\\\/static.link2fleet.com\\\/wp-content\\\/uploads\\\/2024\\\/03\\\/ohme-home-pro-ev-charger-belgium.png\",\"contentUrl\":\"https:\\\/\\\/static.link2fleet.com\\\/wp-content\\\/uploads\\\/2024\\\/03\\\/ohme-home-pro-ev-charger-belgium.png\",\"width\":1492,\"height\":995},{\"@type\":\"BreadcrumbList\",\"@id\":\"https:\\\/\\\/www.link2fleet.com\\\/fr\\\/ohme-capitalise-sur-le-succes-des-bornes-de-recharge-pour-vehicules-electriques-en-belgique-avec-une-nouvelle-gamme-de-chargeurs\\\/#breadcrumb\",\"itemListElement\":[{\"@type\":\"ListItem\",\"position\":1,\"name\":\"Home\",\"item\":\"https:\\\/\\\/www.link2fleet.com\\\/fr\\\/\"},{\"@type\":\"ListItem\",\"position\":2,\"name\":\"Ohme lance le Home Pro, une station de charge domestique intelligente\"}]},{\"@type\":\"WebSite\",\"@id\":\"https:\\\/\\\/www.link2fleet.com\\\/fr\\\/#website\",\"url\":\"https:\\\/\\\/www.link2fleet.com\\\/fr\\\/\",\"name\":\"Link2fleet\",\"description\":\"\",\"publisher\":{\"@id\":\"https:\\\/\\\/www.link2fleet.com\\\/fr\\\/#organization\"},\"potentialAction\":[{\"@type\":\"SearchAction\",\"target\":{\"@type\":\"EntryPoint\",\"urlTemplate\":\"https:\\\/\\\/www.link2fleet.com\\\/fr\\\/?s={search_term_string}\"},\"query-input\":{\"@type\":\"PropertyValueSpecification\",\"valueRequired\":true,\"valueName\":\"search_term_string\"}}],\"inLanguage\":\"fr-FR\"},{\"@type\":\"Organization\",\"@id\":\"https:\\\/\\\/www.link2fleet.com\\\/fr\\\/#organization\",\"name\":\"Link2fleet\",\"url\":\"https:\\\/\\\/www.link2fleet.com\\\/fr\\\/\",\"logo\":{\"@type\":\"ImageObject\",\"inLanguage\":\"fr-FR\",\"@id\":\"https:\\\/\\\/www.link2fleet.com\\\/fr\\\/#\\\/schema\\\/logo\\\/image\\\/\",\"url\":\"https:\\\/\\\/static.link2fleet.com\\\/wp-content\\\/uploads\\\/2024\\\/03\\\/share-image.jpg\",\"contentUrl\":\"https:\\\/\\\/static.link2fleet.com\\\/wp-content\\\/uploads\\\/2024\\\/03\\\/share-image.jpg\",\"width\":1200,\"height\":630,\"caption\":\"Link2fleet\"},\"image\":{\"@id\":\"https:\\\/\\\/www.link2fleet.com\\\/fr\\\/#\\\/schema\\\/logo\\\/image\\\/\"},\"sameAs\":[\"https:\\\/\\\/www.linkedin.com\\\/company\\\/link2fleet-belgium\",\"https:\\\/\\\/www.youtube.com\\\/user\\\/MMMBMBE\"]},{\"@type\":\"Person\",\"@id\":\"https:\\\/\\\/www.link2fleet.com\\\/fr\\\/#\\\/schema\\\/person\\\/027cd46113c78036b3809c9a054049da\",\"name\":\"Damien Malvetti\",\"image\":{\"@type\":\"ImageObject\",\"inLanguage\":\"fr-FR\",\"@id\":\"https:\\\/\\\/secure.gravatar.com\\\/avatar\\\/dd8cc03b49466c735f753ac37f8caa371af16dfed347456ed61f02883255eebb?s=96&d=mm&r=g\",\"url\":\"https:\\\/\\\/secure.gravatar.com\\\/avatar\\\/dd8cc03b49466c735f753ac37f8caa371af16dfed347456ed61f02883255eebb?s=96&d=mm&r=g\",\"contentUrl\":\"https:\\\/\\\/secure.gravatar.com\\\/avatar\\\/dd8cc03b49466c735f753ac37f8caa371af16dfed347456ed61f02883255eebb?s=96&d=mm&r=g\",\"caption\":\"Damien Malvetti\"},\"description\":\"Damien Malvetti is opgeleid als journalist en gepassioneerd door wagens, technologie en mobiliteit. Hij is verantwoordelijk voor de redactionele inhoud van link2fleet en beschikt over een uitgebreide kennis van de fleet-sector en elektrische mobiliteit.\",\"sameAs\":[\"https:\\\/\\\/www.linkedin.com\\\/in\\\/damien-malvetti-56601142\\\/\"]}]}<\/script>\n<!-- \/ Yoast SEO plugin. -->","yoast_head_json":{"title":"Ohme lance le Home Pro, une station de charge domestique intelligente - link2fleet","description":"La soci\u00e9t\u00e9 de recharge pour v\u00e9hicules \u00e9lectriques Ohme \u00e9tend sa technologie prim\u00e9e et sa gamme de bornes domestiques aux conducteurs belges. S&rsquo;appuyant sur le succ\u00e8s\u2026","robots":{"index":"index","follow":"follow","max-snippet":"max-snippet:-1","max-image-preview":"max-image-preview:large","max-video-preview":"max-video-preview:-1"},"og_locale":"fr_FR","og_type":"article","og_title":"Ohme lance le Home Pro, une station de charge domestique intelligente - link2fleet","og_description":"La soci\u00e9t\u00e9 de recharge pour v\u00e9hicules \u00e9lectriques Ohme \u00e9tend sa technologie prim\u00e9e et sa gamme de bornes domestiques aux conducteurs belges. S&rsquo;appuyant sur le succ\u00e8s\u2026","og_url":"https:\/\/www.link2fleet.com\/fr\/ohme-capitalise-sur-le-succes-des-bornes-de-recharge-pour-vehicules-electriques-en-belgique-avec-une-nouvelle-gamme-de-chargeurs\/","og_site_name":"link2fleet","article_published_time":"2024-03-12T09:12:56+00:00","og_image":[{"width":1492,"height":995,"url":"https:\/\/static.link2fleet.com\/wp-content\/uploads\/2024\/03\/ohme-home-pro-ev-charger-belgium.png","type":"image\/png"}],"author":"Damien Malvetti","twitter_card":"summary_large_image","twitter_description":"La soci\u00e9t\u00e9 de recharge pour v\u00e9hicules \u00e9lectriques Ohme \u00e9tend sa technologie prim\u00e9e et sa gamme de bornes domestiques aux conducteurs belges. S&rsquo;appuyant sur le succ\u00e8s\u2026","twitter_misc":{"\u00c9crit par":"Damien Malvetti","Dur\u00e9e de lecture estim\u00e9e":"2 minutes"},"schema":{"@context":"https:\/\/schema.org","@graph":[{"@type":"Article","@id":"https:\/\/www.link2fleet.com\/fr\/ohme-capitalise-sur-le-succes-des-bornes-de-recharge-pour-vehicules-electriques-en-belgique-avec-une-nouvelle-gamme-de-chargeurs\/#article","isPartOf":{"@id":"https:\/\/www.link2fleet.com\/fr\/ohme-capitalise-sur-le-succes-des-bornes-de-recharge-pour-vehicules-electriques-en-belgique-avec-une-nouvelle-gamme-de-chargeurs\/"},"author":{"name":"Damien Malvetti","@id":"https:\/\/www.link2fleet.com\/fr\/#\/schema\/person\/027cd46113c78036b3809c9a054049da"},"headline":"Ohme lance le Home Pro, une station de charge domestique intelligente","datePublished":"2024-03-12T09:12:56+00:00","mainEntityOfPage":{"@id":"https:\/\/www.link2fleet.com\/fr\/ohme-capitalise-sur-le-succes-des-bornes-de-recharge-pour-vehicules-electriques-en-belgique-avec-une-nouvelle-gamme-de-chargeurs\/"},"wordCount":372,"publisher":{"@id":"https:\/\/www.link2fleet.com\/fr\/#organization"},"image":{"@id":"https:\/\/www.link2fleet.com\/fr\/ohme-capitalise-sur-le-succes-des-bornes-de-recharge-pour-vehicules-electriques-en-belgique-avec-une-nouvelle-gamme-de-chargeurs\/#primaryimage"},"thumbnailUrl":"https:\/\/static.link2fleet.com\/wp-content\/uploads\/2024\/03\/ohme-home-pro-ev-charger-belgium.png","articleSection":["Gestion carburant et de l'\u00e9nergie","Gestion de flotte"],"inLanguage":"fr-FR"},{"@type":"WebPage","@id":"https:\/\/www.link2fleet.com\/fr\/ohme-capitalise-sur-le-succes-des-bornes-de-recharge-pour-vehicules-electriques-en-belgique-avec-une-nouvelle-gamme-de-chargeurs\/","url":"https:\/\/www.link2fleet.com\/fr\/ohme-capitalise-sur-le-succes-des-bornes-de-recharge-pour-vehicules-electriques-en-belgique-avec-une-nouvelle-gamme-de-chargeurs\/","name":"Ohme lance le Home Pro, une station de charge domestique intelligente - link2fleet","isPartOf":{"@id":"https:\/\/www.link2fleet.com\/fr\/#website"},"primaryImageOfPage":{"@id":"https:\/\/www.link2fleet.com\/fr\/ohme-capitalise-sur-le-succes-des-bornes-de-recharge-pour-vehicules-electriques-en-belgique-avec-une-nouvelle-gamme-de-chargeurs\/#primaryimage"},"image":{"@id":"https:\/\/www.link2fleet.com\/fr\/ohme-capitalise-sur-le-succes-des-bornes-de-recharge-pour-vehicules-electriques-en-belgique-avec-une-nouvelle-gamme-de-chargeurs\/#primaryimage"},"thumbnailUrl":"https:\/\/static.link2fleet.com\/wp-content\/uploads\/2024\/03\/ohme-home-pro-ev-charger-belgium.png","datePublished":"2024-03-12T09:12:56+00:00","breadcrumb":{"@id":"https:\/\/www.link2fleet.com\/fr\/ohme-capitalise-sur-le-succes-des-bornes-de-recharge-pour-vehicules-electriques-en-belgique-avec-une-nouvelle-gamme-de-chargeurs\/#breadcrumb"},"inLanguage":"fr-FR","potentialAction":[{"@type":"ReadAction","target":["https:\/\/www.link2fleet.com\/fr\/ohme-capitalise-sur-le-succes-des-bornes-de-recharge-pour-vehicules-electriques-en-belgique-avec-une-nouvelle-gamme-de-chargeurs\/"]}]},{"@type":"ImageObject","inLanguage":"fr-FR","@id":"https:\/\/www.link2fleet.com\/fr\/ohme-capitalise-sur-le-succes-des-bornes-de-recharge-pour-vehicules-electriques-en-belgique-avec-une-nouvelle-gamme-de-chargeurs\/#primaryimage","url":"https:\/\/static.link2fleet.com\/wp-content\/uploads\/2024\/03\/ohme-home-pro-ev-charger-belgium.png","contentUrl":"https:\/\/static.link2fleet.com\/wp-content\/uploads\/2024\/03\/ohme-home-pro-ev-charger-belgium.png","width":1492,"height":995},{"@type":"BreadcrumbList","@id":"https:\/\/www.link2fleet.com\/fr\/ohme-capitalise-sur-le-succes-des-bornes-de-recharge-pour-vehicules-electriques-en-belgique-avec-une-nouvelle-gamme-de-chargeurs\/#breadcrumb","itemListElement":[{"@type":"ListItem","position":1,"name":"Home","item":"https:\/\/www.link2fleet.com\/fr\/"},{"@type":"ListItem","position":2,"name":"Ohme lance le Home Pro, une station de charge domestique intelligente"}]},{"@type":"WebSite","@id":"https:\/\/www.link2fleet.com\/fr\/#website","url":"https:\/\/www.link2fleet.com\/fr\/","name":"Link2fleet","description":"","publisher":{"@id":"https:\/\/www.link2fleet.com\/fr\/#organization"},"potentialAction":[{"@type":"SearchAction","target":{"@type":"EntryPoint","urlTemplate":"https:\/\/www.link2fleet.com\/fr\/?s={search_term_string}"},"query-input":{"@type":"PropertyValueSpecification","valueRequired":true,"valueName":"search_term_string"}}],"inLanguage":"fr-FR"},{"@type":"Organization","@id":"https:\/\/www.link2fleet.com\/fr\/#organization","name":"Link2fleet","url":"https:\/\/www.link2fleet.com\/fr\/","logo":{"@type":"ImageObject","inLanguage":"fr-FR","@id":"https:\/\/www.link2fleet.com\/fr\/#\/schema\/logo\/image\/","url":"https:\/\/static.link2fleet.com\/wp-content\/uploads\/2024\/03\/share-image.jpg","contentUrl":"https:\/\/static.link2fleet.com\/wp-content\/uploads\/2024\/03\/share-image.jpg","width":1200,"height":630,"caption":"Link2fleet"},"image":{"@id":"https:\/\/www.link2fleet.com\/fr\/#\/schema\/logo\/image\/"},"sameAs":["https:\/\/www.linkedin.com\/company\/link2fleet-belgium","https:\/\/www.youtube.com\/user\/MMMBMBE"]},{"@type":"Person","@id":"https:\/\/www.link2fleet.com\/fr\/#\/schema\/person\/027cd46113c78036b3809c9a054049da","name":"Damien Malvetti","image":{"@type":"ImageObject","inLanguage":"fr-FR","@id":"https:\/\/secure.gravatar.com\/avatar\/dd8cc03b49466c735f753ac37f8caa371af16dfed347456ed61f02883255eebb?s=96&d=mm&r=g","url":"https:\/\/secure.gravatar.com\/avatar\/dd8cc03b49466c735f753ac37f8caa371af16dfed347456ed61f02883255eebb?s=96&d=mm&r=g","contentUrl":"https:\/\/secure.gravatar.com\/avatar\/dd8cc03b49466c735f753ac37f8caa371af16dfed347456ed61f02883255eebb?s=96&d=mm&r=g","caption":"Damien Malvetti"},"description":"Damien Malvetti is opgeleid als journalist en gepassioneerd door wagens, technologie en mobiliteit. Hij is verantwoordelijk voor de redactionele inhoud van link2fleet en beschikt over een uitgebreide kennis van de fleet-sector en elektrische mobiliteit.","sameAs":["https:\/\/www.linkedin.com\/in\/damien-malvetti-56601142\/"]}]}},"_links":{"self":[{"href":"https:\/\/www.link2fleet.com\/fr\/wp-json\/wp\/v2\/posts\/12005","targetHints":{"allow":["GET"]}}],"collection":[{"href":"https:\/\/www.link2fleet.com\/fr\/wp-json\/wp\/v2\/posts"}],"about":[{"href":"https:\/\/www.link2fleet.com\/fr\/wp-json\/wp\/v2\/types\/post"}],"author":[{"embeddable":true,"href":"https:\/\/www.link2fleet.com\/fr\/wp-json\/wp\/v2\/users\/4"}],"replies":[{"embeddable":true,"href":"https:\/\/www.link2fleet.com\/fr\/wp-json\/wp\/v2\/comments?post=12005"}],"version-history":[{"count":0,"href":"https:\/\/www.link2fleet.com\/fr\/wp-json\/wp\/v2\/posts\/12005\/revisions"}],"wp:featuredmedia":[{"embeddable":true,"href":"https:\/\/www.link2fleet.com\/fr\/wp-json\/wp\/v2\/media\/12006"}],"wp:attachment":[{"href":"https:\/\/www.link2fleet.com\/fr\/wp-json\/wp\/v2\/media?parent=12005"}],"wp:term":[{"taxonomy":"category","embeddable":true,"href":"https:\/\/www.link2fleet.com\/fr\/wp-json\/wp\/v2\/categories?post=12005"},{"taxonomy":"post_tag","embeddable":true,"href":"https:\/\/www.link2fleet.com\/fr\/wp-json\/wp\/v2\/tags?post=12005"}],"curies":[{"name":"wp","href":"https:\/\/api.w.org\/{rel}","templated":true}]}}