{"id":12100,"date":"2024-03-21T08:02:34","date_gmt":"2024-03-21T07:02:34","guid":{"rendered":"https:\/\/www.link2fleet.com\/bolt-lance-son-service-de-mobilite-pour-les-entreprises-bolt-business-en-belgique\/"},"modified":"2024-03-21T08:02:34","modified_gmt":"2024-03-21T07:02:34","slug":"bolt-lance-son-service-de-mobilite-pour-les-entreprises-bolt-business-en-belgique","status":"publish","type":"post","link":"https:\/\/www.link2fleet.com\/fr\/bolt-lance-son-service-de-mobilite-pour-les-entreprises-bolt-business-en-belgique\/","title":{"rendered":"Bolt lance son service de mobilit\u00e9 pour les entreprises, Bolt Business, en Belgique"},"content":{"rendered":"<p>Bolt Business est con\u00e7u pour all\u00e9ger les complexit\u00e9s et les co\u00fbts associ\u00e9s aux d\u00e9placements professionnels. En proposant des services \u00e0 des prix comp\u00e9titifs, Bolt vise \u00e0 \u00e9liminer l&rsquo;impr\u00e9visibilit\u00e9 et les d\u00e9penses \u00e9lev\u00e9es li\u00e9es aux arrangements de voyage ad hoc et \u00e0 l&rsquo;acquisition de v\u00e9hicules de soci\u00e9t\u00e9. Ce nouveau service garantit des \u00e9conomies substantielles pour les entreprises tout en \u00e9pargnant aux employ\u00e9s le tracas des notes de frais gr\u00e2ce \u00e0 une facturation simplifi\u00e9e. En effet, cela permet de r\u00e9duire les co\u00fbts de d\u00e9placement jusqu&rsquo;\u00e0 25 % et d&rsquo;aider les employ\u00e9s \u00e0 \u00e9conomiser environ 20 minutes chaque mois sur le traitement des re\u00e7us papier et les d\u00e9penses.<\/p>\n<p>Pour sa troisi\u00e8me ann\u00e9e d&rsquo;op\u00e9ration en Belgique, Bolt a consolid\u00e9 sa pr\u00e9sence dans le secteur des taxis dans quatre villes cl\u00e9s : Bruxelles, Anvers, Gand et Courtrai. De plus, l\u2019offre de micromobilit\u00e9 a connu une expansion significative avec les r\u00e9cents succ\u00e8s dans les appels d&rsquo;offres de Bruxelles et Namur pour les trottinettes et v\u00e9los \u00e9lectriques. Cette empreinte croissante souligne l\u2019engagement de l\u2019entreprise \u00e0 fournir des options de transport diverses et durables, r\u00e9pondant aux besoins vari\u00e9s des utilisateurs professionnels, que ce soit pour un court trajet parfait pour la micromobilit\u00e9 ou des distances plus longues o\u00f9 un taxi est plus appropri\u00e9.<\/p>\n<p>Bolt Business int\u00e8gre sans effort les syst\u00e8mes de r\u00e9servation et de paiement des d\u00e9placements professionnels en offrant des comptes et profils li\u00e9s au travail pour les employ\u00e9s des entreprises utilisant l&rsquo;application, avec acc\u00e8s \u00e0 des avantages commerciaux exclusifs :<\/p>\n<p>\u25cf Compte Bolt Business : Permet aux clients d&rsquo;ajouter des employ\u00e9s, des freelances et des contractuels \u00e0 leur compte pour un contr\u00f4le complet sur la mani\u00e8re dont les employ\u00e9s se d\u00e9placent pour le travail. Les entreprises peuvent d\u00e9finir des limites de d\u00e9penses et des conditions de voyage.<\/p>\n<p>\u25cf Profil Professionnel : Cette fonctionnalit\u00e9 gratuite dans l&rsquo;application Bolt offre toute la commodit\u00e9 de Bolt avec l&rsquo;ajout de re\u00e7us de trajet pr\u00e9-remplis, ce qui signifie aucun re\u00e7u perdu, pas de paperasse, et plus de temps pass\u00e9 \u00e0 remplir des rapports de d\u00e9penses. Les employ\u00e9s peuvent connecter le Profil Professionnel avec le logiciel de gestion des d\u00e9penses de leur entreprise.<\/p>\n<p>\u25cf Ride Booker : Un outil pour r\u00e9server et planifier des trajets pour les employ\u00e9s et les partenaires \u2013 ceux qui voyagent n&rsquo;ont m\u00eame pas besoin de l&rsquo;application Bolt.<\/p>\n<blockquote><p>Laurent Pantusa, Directeur G\u00e9n\u00e9ral de Bolt Belgique, souligne l&rsquo;importance de ce lancement : \u00ab <em>Lancer Bolt Business en Belgique signifie bien plus que proposer une nouvelle option pour les voyages d&rsquo;affaires ; cela repr\u00e9sente un changement majeur vers une mobilit\u00e9 urbaine durable. En offrant une gamme vari\u00e9e de solutions de transport efficaces, Bolt Business r\u00e9duit activement la d\u00e9pendance aux voitures priv\u00e9es et de soci\u00e9t\u00e9, all\u00e9geant ainsi la congestion du trafic et r\u00e9duisant les \u00e9missions dans nos villes, marquant une \u00e9tape importante dans notre chemin vers un avenir plus durable.<\/em> \u00bb<\/p><\/blockquote>\n<p>Compte tenu de la culture dominante de la voiture de soci\u00e9t\u00e9 en Belgique, qui contribue \u00e0 la congestion urbaine et aux pr\u00e9occupations environnementales, l&rsquo;initiative de Bolt repr\u00e9sente un changement opportun vers des pratiques de d\u00e9placement plus durables. Avec plus de 700.000 voitures de soci\u00e9t\u00e9 en Belgique, le besoin d&rsquo;options de transport alternatives et \u00e9cologiques est plus pressant que jamais.<\/p>\n","protected":false},"excerpt":{"rendered":"<p>Bolt Business est con\u00e7u pour all\u00e9ger les complexit\u00e9s et les co\u00fbts associ\u00e9s aux d\u00e9placements professionnels. En proposant des services \u00e0 des prix comp\u00e9titifs, Bolt vise \u00e0 \u00e9liminer l&rsquo;impr\u00e9visibilit\u00e9 et les d\u00e9penses \u00e9lev\u00e9es li\u00e9es aux arrangements de voyage ad hoc et \u00e0 l&rsquo;acquisition de v\u00e9hicules de soci\u00e9t\u00e9. Ce nouveau service garantit des \u00e9conomies substantielles pour les [&hellip;]<\/p>\n","protected":false},"author":4,"featured_media":12101,"comment_status":"closed","ping_status":"closed","sticky":false,"template":"","format":"standard","meta":{"_acf_changed":false,"footnotes":""},"categories":[90,88,87,97,98],"tags":[],"class_list":["post-12100","post","type-post","status-publish","format-standard","has-post-thumbnail","hentry","category-car-sharing-et-car-pooling","category-cartes-de-mobilite","category-mobility-2","category-transportsencommun","category-trottinettes_scooters_motos"],"acf":[],"yoast_head":"<!-- This site is optimized with the Yoast SEO plugin v27.3 - https:\/\/yoast.com\/product\/yoast-seo-wordpress\/ -->\n<title>Bolt lance son service de mobilit\u00e9 pour les entreprises, Bolt Business, en Belgique - link2fleet<\/title>\n<meta name=\"description\" content=\"Bolt vient d&rsquo;annoncer le lancement de Bolt Business en Belgique. Forts d&rsquo;une base solide \u00e9tablie gr\u00e2ce \u00e0 ses services de taxi fiables \u00e0 Bruxelles, Anvers,\u2026\" \/>\n<meta name=\"robots\" content=\"index, follow, max-snippet:-1, max-image-preview:large, max-video-preview:-1\" \/>\n<meta property=\"og:locale\" content=\"fr_FR\" \/>\n<meta property=\"og:type\" content=\"article\" \/>\n<meta property=\"og:title\" content=\"Bolt lance son service de mobilit\u00e9 pour les entreprises, Bolt Business, en Belgique - link2fleet\" \/>\n<meta property=\"og:description\" content=\"Bolt vient d&rsquo;annoncer le lancement de Bolt Business en Belgique. Forts d&rsquo;une base solide \u00e9tablie gr\u00e2ce \u00e0 ses services de taxi fiables \u00e0 Bruxelles, Anvers,\u2026\" \/>\n<meta property=\"og:url\" content=\"https:\/\/www.link2fleet.com\/fr\/bolt-lance-son-service-de-mobilite-pour-les-entreprises-bolt-business-en-belgique\/\" \/>\n<meta property=\"og:site_name\" content=\"link2fleet\" \/>\n<meta property=\"article:published_time\" content=\"2024-03-21T07:02:34+00:00\" \/>\n<meta property=\"og:image\" content=\"https:\/\/static.link2fleet.com\/wp-content\/uploads\/2024\/03\/bolt-business-scaled-1.jpg\" \/>\n\t<meta property=\"og:image:width\" content=\"2560\" \/>\n\t<meta property=\"og:image:height\" content=\"1708\" \/>\n\t<meta property=\"og:image:type\" content=\"image\/jpeg\" \/>\n<meta name=\"author\" content=\"Damien Malvetti\" \/>\n<meta name=\"twitter:card\" content=\"summary_large_image\" \/>\n<meta name=\"twitter:description\" content=\"Bolt vient d&rsquo;annoncer le lancement de Bolt Business en Belgique. Forts d&rsquo;une base solide \u00e9tablie gr\u00e2ce \u00e0 ses services de taxi fiables \u00e0 Bruxelles, Anvers,\u2026\" \/>\n<meta name=\"twitter:label1\" content=\"\u00c9crit par\" \/>\n\t<meta name=\"twitter:data1\" content=\"Damien Malvetti\" \/>\n\t<meta name=\"twitter:label2\" content=\"Dur\u00e9e de lecture estim\u00e9e\" \/>\n\t<meta name=\"twitter:data2\" content=\"3 minutes\" \/>\n<script type=\"application\/ld+json\" class=\"yoast-schema-graph\">{\"@context\":\"https:\\\/\\\/schema.org\",\"@graph\":[{\"@type\":\"Article\",\"@id\":\"https:\\\/\\\/www.link2fleet.com\\\/fr\\\/bolt-lance-son-service-de-mobilite-pour-les-entreprises-bolt-business-en-belgique\\\/#article\",\"isPartOf\":{\"@id\":\"https:\\\/\\\/www.link2fleet.com\\\/fr\\\/bolt-lance-son-service-de-mobilite-pour-les-entreprises-bolt-business-en-belgique\\\/\"},\"author\":{\"name\":\"Damien Malvetti\",\"@id\":\"https:\\\/\\\/www.link2fleet.com\\\/fr\\\/#\\\/schema\\\/person\\\/027cd46113c78036b3809c9a054049da\"},\"headline\":\"Bolt lance son service de mobilit\u00e9 pour les entreprises, Bolt Business, en Belgique\",\"datePublished\":\"2024-03-21T07:02:34+00:00\",\"mainEntityOfPage\":{\"@id\":\"https:\\\/\\\/www.link2fleet.com\\\/fr\\\/bolt-lance-son-service-de-mobilite-pour-les-entreprises-bolt-business-en-belgique\\\/\"},\"wordCount\":603,\"publisher\":{\"@id\":\"https:\\\/\\\/www.link2fleet.com\\\/fr\\\/#organization\"},\"image\":{\"@id\":\"https:\\\/\\\/www.link2fleet.com\\\/fr\\\/bolt-lance-son-service-de-mobilite-pour-les-entreprises-bolt-business-en-belgique\\\/#primaryimage\"},\"thumbnailUrl\":\"https:\\\/\\\/static.link2fleet.com\\\/wp-content\\\/uploads\\\/2024\\\/03\\\/bolt-business-scaled-1.jpg\",\"articleSection\":[\"Car-sharing, car-pooling et taxi\",\"Cartes\\\/app de mobilit\u00e9\",\"Mobilit\u00e9\",\"Transports en commun\",\"Trottinettes, scooters et motos\"],\"inLanguage\":\"fr-FR\"},{\"@type\":\"WebPage\",\"@id\":\"https:\\\/\\\/www.link2fleet.com\\\/fr\\\/bolt-lance-son-service-de-mobilite-pour-les-entreprises-bolt-business-en-belgique\\\/\",\"url\":\"https:\\\/\\\/www.link2fleet.com\\\/fr\\\/bolt-lance-son-service-de-mobilite-pour-les-entreprises-bolt-business-en-belgique\\\/\",\"name\":\"Bolt lance son service de mobilit\u00e9 pour les entreprises, Bolt Business, en Belgique - link2fleet\",\"isPartOf\":{\"@id\":\"https:\\\/\\\/www.link2fleet.com\\\/fr\\\/#website\"},\"primaryImageOfPage\":{\"@id\":\"https:\\\/\\\/www.link2fleet.com\\\/fr\\\/bolt-lance-son-service-de-mobilite-pour-les-entreprises-bolt-business-en-belgique\\\/#primaryimage\"},\"image\":{\"@id\":\"https:\\\/\\\/www.link2fleet.com\\\/fr\\\/bolt-lance-son-service-de-mobilite-pour-les-entreprises-bolt-business-en-belgique\\\/#primaryimage\"},\"thumbnailUrl\":\"https:\\\/\\\/static.link2fleet.com\\\/wp-content\\\/uploads\\\/2024\\\/03\\\/bolt-business-scaled-1.jpg\",\"datePublished\":\"2024-03-21T07:02:34+00:00\",\"breadcrumb\":{\"@id\":\"https:\\\/\\\/www.link2fleet.com\\\/fr\\\/bolt-lance-son-service-de-mobilite-pour-les-entreprises-bolt-business-en-belgique\\\/#breadcrumb\"},\"inLanguage\":\"fr-FR\",\"potentialAction\":[{\"@type\":\"ReadAction\",\"target\":[\"https:\\\/\\\/www.link2fleet.com\\\/fr\\\/bolt-lance-son-service-de-mobilite-pour-les-entreprises-bolt-business-en-belgique\\\/\"]}]},{\"@type\":\"ImageObject\",\"inLanguage\":\"fr-FR\",\"@id\":\"https:\\\/\\\/www.link2fleet.com\\\/fr\\\/bolt-lance-son-service-de-mobilite-pour-les-entreprises-bolt-business-en-belgique\\\/#primaryimage\",\"url\":\"https:\\\/\\\/static.link2fleet.com\\\/wp-content\\\/uploads\\\/2024\\\/03\\\/bolt-business-scaled-1.jpg\",\"contentUrl\":\"https:\\\/\\\/static.link2fleet.com\\\/wp-content\\\/uploads\\\/2024\\\/03\\\/bolt-business-scaled-1.jpg\",\"width\":2560,\"height\":1708},{\"@type\":\"BreadcrumbList\",\"@id\":\"https:\\\/\\\/www.link2fleet.com\\\/fr\\\/bolt-lance-son-service-de-mobilite-pour-les-entreprises-bolt-business-en-belgique\\\/#breadcrumb\",\"itemListElement\":[{\"@type\":\"ListItem\",\"position\":1,\"name\":\"Home\",\"item\":\"https:\\\/\\\/www.link2fleet.com\\\/fr\\\/\"},{\"@type\":\"ListItem\",\"position\":2,\"name\":\"Bolt lance son service de mobilit\u00e9 pour les entreprises, Bolt Business, en Belgique\"}]},{\"@type\":\"WebSite\",\"@id\":\"https:\\\/\\\/www.link2fleet.com\\\/fr\\\/#website\",\"url\":\"https:\\\/\\\/www.link2fleet.com\\\/fr\\\/\",\"name\":\"Link2fleet\",\"description\":\"\",\"publisher\":{\"@id\":\"https:\\\/\\\/www.link2fleet.com\\\/fr\\\/#organization\"},\"potentialAction\":[{\"@type\":\"SearchAction\",\"target\":{\"@type\":\"EntryPoint\",\"urlTemplate\":\"https:\\\/\\\/www.link2fleet.com\\\/fr\\\/?s={search_term_string}\"},\"query-input\":{\"@type\":\"PropertyValueSpecification\",\"valueRequired\":true,\"valueName\":\"search_term_string\"}}],\"inLanguage\":\"fr-FR\"},{\"@type\":\"Organization\",\"@id\":\"https:\\\/\\\/www.link2fleet.com\\\/fr\\\/#organization\",\"name\":\"Link2fleet\",\"url\":\"https:\\\/\\\/www.link2fleet.com\\\/fr\\\/\",\"logo\":{\"@type\":\"ImageObject\",\"inLanguage\":\"fr-FR\",\"@id\":\"https:\\\/\\\/www.link2fleet.com\\\/fr\\\/#\\\/schema\\\/logo\\\/image\\\/\",\"url\":\"https:\\\/\\\/static.link2fleet.com\\\/wp-content\\\/uploads\\\/2024\\\/03\\\/share-image.jpg\",\"contentUrl\":\"https:\\\/\\\/static.link2fleet.com\\\/wp-content\\\/uploads\\\/2024\\\/03\\\/share-image.jpg\",\"width\":1200,\"height\":630,\"caption\":\"Link2fleet\"},\"image\":{\"@id\":\"https:\\\/\\\/www.link2fleet.com\\\/fr\\\/#\\\/schema\\\/logo\\\/image\\\/\"},\"sameAs\":[\"https:\\\/\\\/www.linkedin.com\\\/company\\\/link2fleet-belgium\",\"https:\\\/\\\/www.youtube.com\\\/user\\\/MMMBMBE\"]},{\"@type\":\"Person\",\"@id\":\"https:\\\/\\\/www.link2fleet.com\\\/fr\\\/#\\\/schema\\\/person\\\/027cd46113c78036b3809c9a054049da\",\"name\":\"Damien Malvetti\",\"image\":{\"@type\":\"ImageObject\",\"inLanguage\":\"fr-FR\",\"@id\":\"https:\\\/\\\/secure.gravatar.com\\\/avatar\\\/dd8cc03b49466c735f753ac37f8caa371af16dfed347456ed61f02883255eebb?s=96&d=mm&r=g\",\"url\":\"https:\\\/\\\/secure.gravatar.com\\\/avatar\\\/dd8cc03b49466c735f753ac37f8caa371af16dfed347456ed61f02883255eebb?s=96&d=mm&r=g\",\"contentUrl\":\"https:\\\/\\\/secure.gravatar.com\\\/avatar\\\/dd8cc03b49466c735f753ac37f8caa371af16dfed347456ed61f02883255eebb?s=96&d=mm&r=g\",\"caption\":\"Damien Malvetti\"},\"description\":\"Damien Malvetti is opgeleid als journalist en gepassioneerd door wagens, technologie en mobiliteit. Hij is verantwoordelijk voor de redactionele inhoud van link2fleet en beschikt over een uitgebreide kennis van de fleet-sector en elektrische mobiliteit.\",\"sameAs\":[\"https:\\\/\\\/www.linkedin.com\\\/in\\\/damien-malvetti-56601142\\\/\"]}]}<\/script>\n<!-- \/ Yoast SEO plugin. -->","yoast_head_json":{"title":"Bolt lance son service de mobilit\u00e9 pour les entreprises, Bolt Business, en Belgique - link2fleet","description":"Bolt vient d&rsquo;annoncer le lancement de Bolt Business en Belgique. Forts d&rsquo;une base solide \u00e9tablie gr\u00e2ce \u00e0 ses services de taxi fiables \u00e0 Bruxelles, Anvers,\u2026","robots":{"index":"index","follow":"follow","max-snippet":"max-snippet:-1","max-image-preview":"max-image-preview:large","max-video-preview":"max-video-preview:-1"},"og_locale":"fr_FR","og_type":"article","og_title":"Bolt lance son service de mobilit\u00e9 pour les entreprises, Bolt Business, en Belgique - link2fleet","og_description":"Bolt vient d&rsquo;annoncer le lancement de Bolt Business en Belgique. Forts d&rsquo;une base solide \u00e9tablie gr\u00e2ce \u00e0 ses services de taxi fiables \u00e0 Bruxelles, Anvers,\u2026","og_url":"https:\/\/www.link2fleet.com\/fr\/bolt-lance-son-service-de-mobilite-pour-les-entreprises-bolt-business-en-belgique\/","og_site_name":"link2fleet","article_published_time":"2024-03-21T07:02:34+00:00","og_image":[{"width":2560,"height":1708,"url":"https:\/\/static.link2fleet.com\/wp-content\/uploads\/2024\/03\/bolt-business-scaled-1.jpg","type":"image\/jpeg"}],"author":"Damien Malvetti","twitter_card":"summary_large_image","twitter_description":"Bolt vient d&rsquo;annoncer le lancement de Bolt Business en Belgique. Forts d&rsquo;une base solide \u00e9tablie gr\u00e2ce \u00e0 ses services de taxi fiables \u00e0 Bruxelles, Anvers,\u2026","twitter_misc":{"\u00c9crit par":"Damien Malvetti","Dur\u00e9e de lecture estim\u00e9e":"3 minutes"},"schema":{"@context":"https:\/\/schema.org","@graph":[{"@type":"Article","@id":"https:\/\/www.link2fleet.com\/fr\/bolt-lance-son-service-de-mobilite-pour-les-entreprises-bolt-business-en-belgique\/#article","isPartOf":{"@id":"https:\/\/www.link2fleet.com\/fr\/bolt-lance-son-service-de-mobilite-pour-les-entreprises-bolt-business-en-belgique\/"},"author":{"name":"Damien Malvetti","@id":"https:\/\/www.link2fleet.com\/fr\/#\/schema\/person\/027cd46113c78036b3809c9a054049da"},"headline":"Bolt lance son service de mobilit\u00e9 pour les entreprises, Bolt Business, en Belgique","datePublished":"2024-03-21T07:02:34+00:00","mainEntityOfPage":{"@id":"https:\/\/www.link2fleet.com\/fr\/bolt-lance-son-service-de-mobilite-pour-les-entreprises-bolt-business-en-belgique\/"},"wordCount":603,"publisher":{"@id":"https:\/\/www.link2fleet.com\/fr\/#organization"},"image":{"@id":"https:\/\/www.link2fleet.com\/fr\/bolt-lance-son-service-de-mobilite-pour-les-entreprises-bolt-business-en-belgique\/#primaryimage"},"thumbnailUrl":"https:\/\/static.link2fleet.com\/wp-content\/uploads\/2024\/03\/bolt-business-scaled-1.jpg","articleSection":["Car-sharing, car-pooling et taxi","Cartes\/app de mobilit\u00e9","Mobilit\u00e9","Transports en commun","Trottinettes, scooters et motos"],"inLanguage":"fr-FR"},{"@type":"WebPage","@id":"https:\/\/www.link2fleet.com\/fr\/bolt-lance-son-service-de-mobilite-pour-les-entreprises-bolt-business-en-belgique\/","url":"https:\/\/www.link2fleet.com\/fr\/bolt-lance-son-service-de-mobilite-pour-les-entreprises-bolt-business-en-belgique\/","name":"Bolt lance son service de mobilit\u00e9 pour les entreprises, Bolt Business, en Belgique - link2fleet","isPartOf":{"@id":"https:\/\/www.link2fleet.com\/fr\/#website"},"primaryImageOfPage":{"@id":"https:\/\/www.link2fleet.com\/fr\/bolt-lance-son-service-de-mobilite-pour-les-entreprises-bolt-business-en-belgique\/#primaryimage"},"image":{"@id":"https:\/\/www.link2fleet.com\/fr\/bolt-lance-son-service-de-mobilite-pour-les-entreprises-bolt-business-en-belgique\/#primaryimage"},"thumbnailUrl":"https:\/\/static.link2fleet.com\/wp-content\/uploads\/2024\/03\/bolt-business-scaled-1.jpg","datePublished":"2024-03-21T07:02:34+00:00","breadcrumb":{"@id":"https:\/\/www.link2fleet.com\/fr\/bolt-lance-son-service-de-mobilite-pour-les-entreprises-bolt-business-en-belgique\/#breadcrumb"},"inLanguage":"fr-FR","potentialAction":[{"@type":"ReadAction","target":["https:\/\/www.link2fleet.com\/fr\/bolt-lance-son-service-de-mobilite-pour-les-entreprises-bolt-business-en-belgique\/"]}]},{"@type":"ImageObject","inLanguage":"fr-FR","@id":"https:\/\/www.link2fleet.com\/fr\/bolt-lance-son-service-de-mobilite-pour-les-entreprises-bolt-business-en-belgique\/#primaryimage","url":"https:\/\/static.link2fleet.com\/wp-content\/uploads\/2024\/03\/bolt-business-scaled-1.jpg","contentUrl":"https:\/\/static.link2fleet.com\/wp-content\/uploads\/2024\/03\/bolt-business-scaled-1.jpg","width":2560,"height":1708},{"@type":"BreadcrumbList","@id":"https:\/\/www.link2fleet.com\/fr\/bolt-lance-son-service-de-mobilite-pour-les-entreprises-bolt-business-en-belgique\/#breadcrumb","itemListElement":[{"@type":"ListItem","position":1,"name":"Home","item":"https:\/\/www.link2fleet.com\/fr\/"},{"@type":"ListItem","position":2,"name":"Bolt lance son service de mobilit\u00e9 pour les entreprises, Bolt Business, en Belgique"}]},{"@type":"WebSite","@id":"https:\/\/www.link2fleet.com\/fr\/#website","url":"https:\/\/www.link2fleet.com\/fr\/","name":"Link2fleet","description":"","publisher":{"@id":"https:\/\/www.link2fleet.com\/fr\/#organization"},"potentialAction":[{"@type":"SearchAction","target":{"@type":"EntryPoint","urlTemplate":"https:\/\/www.link2fleet.com\/fr\/?s={search_term_string}"},"query-input":{"@type":"PropertyValueSpecification","valueRequired":true,"valueName":"search_term_string"}}],"inLanguage":"fr-FR"},{"@type":"Organization","@id":"https:\/\/www.link2fleet.com\/fr\/#organization","name":"Link2fleet","url":"https:\/\/www.link2fleet.com\/fr\/","logo":{"@type":"ImageObject","inLanguage":"fr-FR","@id":"https:\/\/www.link2fleet.com\/fr\/#\/schema\/logo\/image\/","url":"https:\/\/static.link2fleet.com\/wp-content\/uploads\/2024\/03\/share-image.jpg","contentUrl":"https:\/\/static.link2fleet.com\/wp-content\/uploads\/2024\/03\/share-image.jpg","width":1200,"height":630,"caption":"Link2fleet"},"image":{"@id":"https:\/\/www.link2fleet.com\/fr\/#\/schema\/logo\/image\/"},"sameAs":["https:\/\/www.linkedin.com\/company\/link2fleet-belgium","https:\/\/www.youtube.com\/user\/MMMBMBE"]},{"@type":"Person","@id":"https:\/\/www.link2fleet.com\/fr\/#\/schema\/person\/027cd46113c78036b3809c9a054049da","name":"Damien Malvetti","image":{"@type":"ImageObject","inLanguage":"fr-FR","@id":"https:\/\/secure.gravatar.com\/avatar\/dd8cc03b49466c735f753ac37f8caa371af16dfed347456ed61f02883255eebb?s=96&d=mm&r=g","url":"https:\/\/secure.gravatar.com\/avatar\/dd8cc03b49466c735f753ac37f8caa371af16dfed347456ed61f02883255eebb?s=96&d=mm&r=g","contentUrl":"https:\/\/secure.gravatar.com\/avatar\/dd8cc03b49466c735f753ac37f8caa371af16dfed347456ed61f02883255eebb?s=96&d=mm&r=g","caption":"Damien Malvetti"},"description":"Damien Malvetti is opgeleid als journalist en gepassioneerd door wagens, technologie en mobiliteit. Hij is verantwoordelijk voor de redactionele inhoud van link2fleet en beschikt over een uitgebreide kennis van de fleet-sector en elektrische mobiliteit.","sameAs":["https:\/\/www.linkedin.com\/in\/damien-malvetti-56601142\/"]}]}},"_links":{"self":[{"href":"https:\/\/www.link2fleet.com\/fr\/wp-json\/wp\/v2\/posts\/12100","targetHints":{"allow":["GET"]}}],"collection":[{"href":"https:\/\/www.link2fleet.com\/fr\/wp-json\/wp\/v2\/posts"}],"about":[{"href":"https:\/\/www.link2fleet.com\/fr\/wp-json\/wp\/v2\/types\/post"}],"author":[{"embeddable":true,"href":"https:\/\/www.link2fleet.com\/fr\/wp-json\/wp\/v2\/users\/4"}],"replies":[{"embeddable":true,"href":"https:\/\/www.link2fleet.com\/fr\/wp-json\/wp\/v2\/comments?post=12100"}],"version-history":[{"count":0,"href":"https:\/\/www.link2fleet.com\/fr\/wp-json\/wp\/v2\/posts\/12100\/revisions"}],"wp:featuredmedia":[{"embeddable":true,"href":"https:\/\/www.link2fleet.com\/fr\/wp-json\/wp\/v2\/media\/12101"}],"wp:attachment":[{"href":"https:\/\/www.link2fleet.com\/fr\/wp-json\/wp\/v2\/media?parent=12100"}],"wp:term":[{"taxonomy":"category","embeddable":true,"href":"https:\/\/www.link2fleet.com\/fr\/wp-json\/wp\/v2\/categories?post=12100"},{"taxonomy":"post_tag","embeddable":true,"href":"https:\/\/www.link2fleet.com\/fr\/wp-json\/wp\/v2\/tags?post=12100"}],"curies":[{"name":"wp","href":"https:\/\/api.w.org\/{rel}","templated":true}]}}