{"id":1727,"date":"2020-01-07T17:11:57","date_gmt":"2020-01-07T16:11:57","guid":{"rendered":"https:\/\/www.link2fleet.com\/fiscalite-des-voitures-de-societe-en-2020-le-point-complet\/"},"modified":"2020-01-07T17:11:57","modified_gmt":"2020-01-07T16:11:57","slug":"fiscalite-des-voitures-de-societe-en-2020-le-point-complet","status":"publish","type":"post","link":"https:\/\/www.link2fleet.com\/fr\/fiscalite-des-voitures-de-societe-en-2020-le-point-complet\/","title":{"rendered":"Fiscalit\u00e9 des voitures de soci\u00e9t\u00e9 en 2020: le point complet"},"content":{"rendered":"\n<p>Afin de conna\u00eetre l&rsquo;impact correct de ces deux mesures sur le parc automobile, il est donc plus que jamais n\u00e9cessaire d&rsquo;effectuer un calcul correct du TCO. En outre, il est possible que la norme WLTP soit introduite pour les formules fiscales \u00e0 partir de 2021. \u00c9tant donn\u00e9 que la dur\u00e9e d&rsquo;un contrat de leasing est comprise entre 36 et 48 mois, les modifications fiscales ont un impact sur toute la dur\u00e9e du contrat, souvent jusqu&rsquo;en 2023 ou 2024. A partir de 2020, la d\u00e9ductibilit\u00e9 fiscale de tous les v\u00e9hicules thermiques sera r\u00e9duite. A partir du 1er janvier 2020, les v\u00e9hicules 100 % \u00e9lectriques sont d\u00e9ductibles \u00e0 100 % au lieu de 120 %. Les hybrides plug-in reconnus fiscalement restent un choix fiscal int\u00e9ressant avec des pourcentages de d\u00e9duction entre 90% et 100% en 2020. Il y a aussi de bonnes nouvelles dans d&rsquo;autres domaines fiscaux. Les formules pour l\u2019avantage de toute nature et la contribution CO2 ne changent pas, sauf pour l&rsquo;indexation annuelle. L\u2019avantage de toute nature sera m\u00eame r\u00e9duit d\u2019environ 3% par rapport \u00e0 2019. Il n&rsquo;y a pas non plus de changement dans le calcul de la TMC et de la taxe de circulation pour le leasing de v\u00e9hicules immatricul\u00e9s au nom d&rsquo;une soci\u00e9t\u00e9 de leasing. Le calcul est toujours effectu\u00e9 sur la base des chevaux fiscaux et de la capacit\u00e9 en kilowatts (et donc pas sur la base des \u00e9missions de CO2).<\/p>\n\n\n\n<p><strong>1) Cotisation de solidarit\u00e9 2020<\/strong><\/p>\n\n\n\n<p>Formule :<\/p>\n\n\n\n<p>V\u00e9hicule essence: &nbsp;&nbsp;&nbsp;&nbsp;&nbsp;&nbsp;&nbsp;&nbsp;&nbsp;&nbsp;[(Emissions de&nbsp;<strong>CO<sub>2<\/sub><\/strong>&nbsp;x 9) \u2013 768] : 12 x 1,3078<\/p>\n\n\n\n<p>V\u00e9hicules diesel:&nbsp;&nbsp;&nbsp;&nbsp;&nbsp;&nbsp;&nbsp;&nbsp;&nbsp;&nbsp;&nbsp;&nbsp;&nbsp;&nbsp;[(Emissions de&nbsp;<strong>CO<sub>2<\/sub><\/strong>&nbsp;x 9) \u2013 600] : 12 x 1,3078<\/p>\n\n\n\n<p>V\u00e9hicules LPG\/CNG:&nbsp;&nbsp;&nbsp;&nbsp;&nbsp; &nbsp;[(Emissions de&nbsp;<strong>CO<sub>2<\/sub><\/strong>&nbsp;x 9) \u2013 990] : 12 x 1,3078<\/p>\n\n\n\n<p>V\u00e9hicules \u00e9lectrique + hydrog\u00e8ne:&nbsp;&nbsp;&nbsp;&nbsp;&nbsp;&nbsp;27,24 euros par mois<\/p>\n\n\n\n<p>La cotisation minimale par mois \u00e0 partir du 1er janvier 2020 est de 27,24 euros. La contribution pour les v\u00e9hicules \u00e0 propulsion 100% \u00e9lectrique en 2020 est toujours de 27,24 euros par mois. Les soi-disant \u00a0\u00bb faux hybrides rechargeables \u00a0\u00bb pourraient continuer \u00e0 utiliser les faibles \u00e9missions de CO2 en 2020.<\/p>\n\n\n\n<p><strong>2) D\u00e9ductibilit\u00e9 fiscale 2020 des frais automobiles + carburants&nbsp;<\/strong><strong><em><\/em><\/strong><\/p>\n\n\n\n<p><strong><em>A partir de 2020 pour les entreprises ET les ind\u00e9pendants<\/em><\/strong><\/p>\n\n\n\n<p>Tous les v\u00e9hicules de soci\u00e9t\u00e9s ET des ind\u00e9pendants soumis \u00e0 l&rsquo;imp\u00f4t sur le revenu des personnes physiques, les v\u00e9hicules neufs ou d&rsquo;occasion ainsi que les v\u00e9hicules immatricul\u00e9s avant le 1er janvier 2020 (= l&rsquo;ensemble du parc automobile) seront soumis aux nouvelles r\u00e8gles de d\u00e9ductibilit\u00e9 fiscale des frais de voiture. Le calcul est effectu\u00e9 selon la formule ci-dessous. La nouvelle fourchette de d\u00e9ductibilit\u00e9 fiscale se situe entre 100 % et 40 %. Les v\u00e9hicules dont les \u00e9missions sont comprises entre 0 et 40g b\u00e9n\u00e9ficieront de la d\u00e9ductibilit\u00e9 maximale de 100 %. Entre 40g et 140g d&rsquo;\u00e9missions de CO2, la d\u00e9ductibilit\u00e9 fiscale est calcul\u00e9e en fonction du nombre de grammes d&rsquo;\u00e9missions de CO2. De 140gr \u00e0 200gr inclus, la d\u00e9ductibilit\u00e9 fiscale sera limit\u00e9e \u00e0 50%. Les v\u00e9hicules dont les \u00e9missions sont sup\u00e9rieures \u00e0 200g verront leur d\u00e9duction limit\u00e9e \u00e0 40%. Une exception est faite pour les v\u00e9hicules achet\u00e9s par les travailleurs ind\u00e9pendants avant le 1er janvier 2018. Ces derniers continueront \u00e0 b\u00e9n\u00e9ficier d&rsquo;une d\u00e9ductibilit\u00e9 minimale garantie de 75 %.<\/p>\n\n\n\n<p><strong><em>D\u00e9ductibilit\u00e9 des frais de carburants&nbsp;<\/em><\/strong><\/p>\n\n\n\n<p>Pour chaque v\u00e9hicule, le pourcentage de d\u00e9ductibilit\u00e9 fiscale du carburant sera \u00e9gal au pourcentage de d\u00e9duction des co\u00fbts de la voiture. Les m\u00eames r\u00e8gles s&rsquo;appliqueront \u00e9galement aux hybrides rechargeables et aux v\u00e9hicules \u00e9lectriques en ce qui concerne l&rsquo;\u00e9lectricit\u00e9 utilis\u00e9e pour la recharge.<\/p>\n\n\n\n<p><strong><em>Formule de d\u00e9ductibilit\u00e9 fiscale \u00e0 partir de 2020 &nbsp;<\/em><\/strong><\/p>\n\n\n\n<p>Formule d\u00e9ductibilit\u00e9 fiscale 2020 =&nbsp;&nbsp;120&nbsp;% \u2013 (0,5&nbsp;% \u00d7 co\u00ebfficient selon le type de carburant \u00d7 \u00e9missions de<strong>&nbsp;CO<sub>2<\/sub><\/strong>).<\/p>\n\n\n\n<p><strong>Le taux de CO2 correspond \u00e0 la valeur NEDC 2.0 ou NEDC 1.0 pour les v\u00e9hicules plus anciens.<\/strong><\/p>\n\n\n\n<p>&nbsp; &nbsp;&#8211; co\u00ebfficient =&nbsp;&nbsp;1 &nbsp;: pour le diesel<\/p>\n\n\n\n<p>&nbsp;&nbsp;&nbsp;&nbsp;&nbsp;&nbsp;&nbsp;&nbsp;&nbsp;&nbsp;&nbsp;&nbsp;&nbsp; &nbsp;&nbsp;&nbsp;&nbsp;&nbsp;&nbsp;&nbsp;&nbsp;=&nbsp;&nbsp;&nbsp;0,95&nbsp; : pour l\u2019essence<\/p>\n\n\n\n<p>&nbsp;&nbsp;&nbsp;&nbsp;&nbsp;&nbsp;&nbsp;&nbsp;&nbsp;&nbsp;&nbsp;&nbsp;&nbsp;&nbsp;&nbsp;&nbsp;&nbsp;&nbsp;&nbsp;&nbsp;&nbsp;&nbsp;=&nbsp;&nbsp;&nbsp;0,90&nbsp; : pour le gaz naturel (jusqu\u2019\u00e0 11 chevaux fiscaux)<\/p>\n\n\n\n<p>&nbsp; &nbsp;&#8211; le r\u00e9sultat peut \u00eatre un maximum de 100% et un minimum de 50%&nbsp;&nbsp;<\/p>\n\n\n\n<p>&nbsp;&nbsp; &#8211; pour les v\u00e9hicules avec un taux de CO2 au-dessus de 200 gr, la d\u00e9ductibilit\u00e9 est toujours limit\u00e9e 40%<\/p>\n\n\n\n<p>&nbsp;&nbsp; &#8211; le taux pour les v\u00e9hicules 100% \u00e9lectriques sera de 100% \u00e0 partir de 2020<\/p>\n\n\n\n<p>&nbsp;&nbsp;&nbsp;&nbsp;&#8211; la formule est valable pour les entreprises ET les ind\u00e9pendants (pour les v\u00e9hicules achet\u00e9s \u00e0 partir du 1<sup>er<\/sup>&nbsp;janvier 2018)<\/p>\n\n\n\n<p>&nbsp;&nbsp;&nbsp;&nbsp;&#8211; frais de carburant selon le m\u00eame pourcentage de d\u00e9ductibilit\u00e9 des frais de voiture<\/p>\n\n\n\n<p>&nbsp;&nbsp;&nbsp;&nbsp;&#8211; des r\u00e8gles particuli\u00e8res s&rsquo;appliquent aux v\u00e9hicules rechargeables non homologu\u00e9s (faux hybrides)<\/p>\n\n\n\n<p>&nbsp;&nbsp;&nbsp;&nbsp;&#8211; les int\u00e9r\u00eats restent d\u00e9ductibles \u00e0 100 % pour tous les v\u00e9hicules<\/p>\n\n\n\n<p>Exemple de d\u00e9ductibilit\u00e9 fiscale pour les v\u00e9hicules diesel en 2020<\/p>\n\n\n\n<p>(v\u00e9hicules d\u00e9j\u00e0 en parc ou nouvellement acquis)<\/p>\n\n\n\n<figure class=\"wp-block-image\"><img decoding=\"async\" src=\"https:\/\/www.link2fleet.com\/wp-content\/uploads\/2020\/01\/Capture-d\u00e9cran-2020-01-10-13.45.52.png\" alt=\"\" class=\"wp-image-1254514\"\/><\/figure>\n\n\n\n<p><strong>3) D\u00e9ductibilit\u00e9 fiscale 2020 pour les plug-in hybrides&nbsp;<\/strong><\/p>\n\n\n\n<p><strong><em>Crit\u00e8res fiscaux des plug-in hybrides 2020&nbsp;<\/em><\/strong><\/p>\n\n\n\n<p>Nous soulignons que la nouvelle r\u00e8gle ne s&rsquo;applique qu&rsquo;aux v\u00e9hicules hybrides rechargeables, c&rsquo;est-\u00e0-dire aux v\u00e9hicules dont la batterie peut \u00eatre recharg\u00e9e \u00e0 l&rsquo;aide d&rsquo;une prise. Le nouveau r\u00e8glement introduit une distinction fiscale entre 2 types de v\u00e9hicules hybrides rechargeables (PHEV) bas\u00e9e sur 2 crit\u00e8res : la capacit\u00e9 \u00e9nerg\u00e9tique de la batterie par 100 kg de poids de la voiture ET l&rsquo;\u00e9mission de CO2. Bien que les nouvelles r\u00e8gles ne s&rsquo;appliquent qu&rsquo;\u00e0 partir du 1er janvier 2020, elles s&rsquo;appliquent d\u00e9j\u00e0 aux v\u00e9hicules neufs, aux v\u00e9hicules d&rsquo;occasion et aux v\u00e9hicules achet\u00e9s \u00e0 partir du 1er janvier 2018. Soit un v\u00e9hicule hybride rechargeable est conforme aux nouvelles normes fiscales, soit il ne l&rsquo;est pas, ce qui a une incidence sur le pourcentage de d\u00e9ductibilit\u00e9 fiscale appliqu\u00e9 \u00e0 partir de 2020 ET sur le calcul de l&rsquo;avantage en nature. Les hybrides enfichables achet\u00e9s avant le 1er janvier 2018 ne sont pas soumis \u00e0 la r\u00e8gle sp\u00e9ciale et conservent toujours leurs avantages de faibles \u00e9missions de CO2, comme indiqu\u00e9 sur le certificat d&rsquo;homologation.<\/p>\n\n\n\n<p><strong><em>Quand un plug-in hybride est-il reconnu fiscalement?&nbsp;<\/em><\/strong><strong><em><\/em><\/strong><\/p>\n\n\n\n<p>Si la capacit\u00e9 \u00e9nerg\u00e9tique de la batterie est plus \u00e9lev\u00e9e ou identique \u00e0 0,5 kWh par 100 kg de poids du v\u00e9hicule ET que le taux de CO2 est plus bas ou \u00e9gal \u00e0 50 gr, alors on tient compte, dans les formules fiscales, du taux de CO2 le plus bas officiel du v\u00e9hicule plug-in hybride.<\/p>\n\n\n\n<p><strong><em>Quand est-ce-qu\u2019un v\u00e9hicule plug-in hybride n\u2019est pas fiscalement reconnu comme tel&nbsp;?&nbsp;<\/em><\/strong><\/p>\n\n\n\n<p>Si la capacit\u00e9 \u00e9nerg\u00e9tique de la batterie est inf\u00e9rieure \u00e0 0,5 kWh par 100 kg de poids de la voiture OU si l&rsquo;\u00e9mission de CO2 est sup\u00e9rieure \u00e0 50 g, la faible \u00e9mission officielle de CO2 sera convertie en \u00e9mission de CO2 d&rsquo;un mod\u00e8le correspondant \u00e0 moteur thermique. Les listes des v\u00e9hicules correspondants seront publi\u00e9es courant avril 2020. Si aucun mod\u00e8le correspondant \u00e0 moteur thermique n&rsquo;est disponible, les \u00e9missions officielles du v\u00e9hicule hybride rechargeable seront multipli\u00e9es par 2,5. Pour tous les faux hybrides rechargeables, la d\u00e9ductibilit\u00e9 fiscale des co\u00fbts de la voiture diminuera sensiblement et l&rsquo;avantage en nature augmentera sensiblement.<\/p>\n\n\n\n<p>Exemples fiscaux de quelques mod\u00e8les plug-in hybrides (au 23 d\u00e9cember 2019 *)<\/p>\n\n\n\n<table class=\"wp-block-table\"><tbody><tr><td>&nbsp;&nbsp;&nbsp;&nbsp;&nbsp;&nbsp;<\/td><\/tr><tr><td>Marque<\/td><td>Mod\u00e8le<\/td><td>CO<sub>2<\/sub><\/td><td>D\u00e9ductibilit\u00e92020 +<\/td><\/tr><tr><td>Audi<\/td><td>A6 50 TFSI-e<\/td><td>39 gr<\/td><td>100%<\/td><\/tr><tr><td>Audi<\/td><td>A7 50 TFSI-e&nbsp;<\/td><td>39 gr<\/td><td>100%<\/td><\/tr><tr><td>Audi&nbsp;<\/td><td>Q5 50 TFSI-e<\/td><td>46 gr<\/td><td>&nbsp;&nbsp;98%<\/td><\/tr><tr><td>BMW<\/td><td>330e<\/td><td>36-41gr<\/td><td>100%<\/td><\/tr><tr><td>BMW<\/td><td>530e<\/td><td>36-41gr<\/td><td>100%<\/td><\/tr><tr><td>BMW<\/td><td>X5 45e<\/td><td>39gr<\/td><td>100%<\/td><\/tr><tr><td>Citro\u00ebn<\/td><td>C 5 Aircross 225 e<\/td><td>39gr<\/td><td>100%<\/td><\/tr><tr><td>Hyundai<\/td><td>Ioniq 1.6&nbsp;<\/td><td>26gr<\/td><td>100%<\/td><\/tr><tr><td>Kia<\/td><td>Niro 1.6 GDI<\/td><td>29gr<\/td><td>100%<\/td><\/tr><tr><td>Kia<\/td><td>Optima 2.0 GDI<\/td><td>30-37 gr<\/td><td>100%<\/td><\/tr><tr><td>Mercedes<\/td><td>A250 e<\/td><td>32 gr<\/td><td>100%<\/td><\/tr><tr><td>Mercedes<\/td><td>B250 e<\/td><td>33 gr<\/td><td>100%<\/td><\/tr><tr><td>Mercedes<\/td><td>C300 de&nbsp;break<\/td><td>39gr<\/td><td>100%<\/td><\/tr><tr><td>Mercedes<\/td><td>E300 de break<\/td><td>44gr<\/td><td>98 %<\/td><\/tr><tr><td>Mini&nbsp;<\/td><td>Countryman SE<\/td><td>43gr<\/td><td>99,5%<\/td><\/tr><tr><td>Mitsubishi<\/td><td>Outlander 2019<\/td><td>40gr<\/td><td>100%<\/td><\/tr><tr><td>Peugeot<\/td><td>508 225 e<\/td><td>32gr<\/td><td>100%<\/td><\/tr><tr><td>Toyota<\/td><td>Prius 1.8 VVT<\/td><td>28gr<\/td><td>100%<\/td><\/tr><tr><td>Volvo<\/td><td>XC40 T5 Twin Engine<\/td><td>38gr<\/td><td>100%<\/td><\/tr><tr><td>Volvo<\/td><td>V60 PHEV<\/td><td>42<\/td><td>100%<\/td><\/tr><tr><td>Volvo<\/td><td>XC60 T8 e<\/td><td>42<\/td><td>100%<\/td><\/tr><tr><td>Volvo<\/td><td>V90 T8 e<\/td><td>44<\/td><td>&nbsp;&nbsp;99%<\/td><\/tr><\/tbody><\/table>\n\n\n\n<p>(*) Toutes les donn\u00e9es sont indicatives et susceptibles de modifications. Dans la pratique, les autorit\u00e9s fiscales autorisent un arrondissement, ce qui fait que les v\u00e9hicules \u00e0 partir de 0,45 kWh par 100 kilos sont encore reconnus fiscalement pour le moment.<\/p>\n\n\n\n<p><strong>4) Diminution de l\u2019avantage de toute nature 2020&nbsp;<\/strong><\/p>\n\n\n\n<p>La deuxi\u00e8me augmentation des \u00e9missions de CO2 de r\u00e9f\u00e9rence depuis 2018 entra\u00eenera \u00e0 nouveau une r\u00e9duction de l\u2019avantage en nature en 2020. A partir du 1er janvier 2020, les conducteurs de voitures de soci\u00e9t\u00e9 peuvent s&rsquo;attendre \u00e0 une l\u00e9g\u00e8re r\u00e9duction de l&rsquo;avantage en nature. Les nouvelles \u00e9missions de CO2 de r\u00e9f\u00e9rence pour les v\u00e9hicules diesel passeront de 88 g\/km en 2020 \u00e0 91 g\/km pour l&rsquo;ann\u00e9e 2020. L&rsquo;augmentation se produit \u00e9galement pour les v\u00e9hicules \u00e0 essence de 107 gr en 2019 \u00e0 111 gr pour 2020. De mani\u00e8re surprenante, l&rsquo;augmentation des valeurs de CO2 signifie que l&rsquo;avantage imposable est l\u00e9g\u00e8rement inf\u00e9rieur \u00e0 celui de 2019. La formule a \u00e9t\u00e9 \u00e9labor\u00e9e de telle sorte que l&rsquo;administration fiscale partait du principe que les \u00e9missions de CO2 diminueraient chaque ann\u00e9e et devait veiller \u00e0 ce que cette diminution ne se fasse pas au d\u00e9triment du tr\u00e9sor public. En raison de l&rsquo;achat de plus en plus de mod\u00e8les \u00e0 essence et de SUV, \u00e9galement dans le segment moyen, les \u00e9missions moyennes de CO2 du parc automobile belge ont augment\u00e9 chaque ann\u00e9e ces deux derni\u00e8res ann\u00e9es. Aucune autre modification n&rsquo;a \u00e9t\u00e9 apport\u00e9e \u00e0 la formule de base pour 2020. Une r\u00e9duction de l&rsquo;avantage de toute nature a \u00e9galement des r\u00e9percussions sur la partie de l&rsquo;avantage de l&#8217;employeur qui est incluse dans l&rsquo;imp\u00f4t sur le revenu des soci\u00e9t\u00e9s et qui s&rsquo;\u00e9l\u00e8ve aujourd&rsquo;hui \u00e0 17 % ou 40 % de l&rsquo;avantage fiscal en nature selon que l&#8217;employeur fournit ou non une carte de carburant. Comme l&rsquo;avantage en nature est en pratique retenu sur les salaires par le biais du pr\u00e9compte professionnel, il y aura une l\u00e9g\u00e8re augmentation nette des salaires pour les conducteurs de voitures de soci\u00e9t\u00e9 \u00e0 partir de janvier 2020.<\/p>\n\n\n\n<p><strong>Formule avantage de toute nature pour les voitures de soci\u00e9t\u00e9 valable pour l\u2019ann\u00e9e 2020&nbsp;<\/strong><strong><\/strong><\/p>\n\n\n\n<p>&nbsp;&nbsp;&nbsp;&nbsp;&nbsp;&nbsp;&nbsp;&nbsp;&nbsp; &#8211;&nbsp; diesel &nbsp;&nbsp;&nbsp;&nbsp;&nbsp;&nbsp;&nbsp;&nbsp;&nbsp;&nbsp;&nbsp;&nbsp;&nbsp;&nbsp;&nbsp;&nbsp;&nbsp;&nbsp;&nbsp;&nbsp;&nbsp;&nbsp;&nbsp;&nbsp;&nbsp; &nbsp;: &nbsp; valeur catalogue x [5,5 + ((\u00e9missions de CO<sub>2<\/sub>&nbsp;-91) x 0,1)] % x 6\/7 x &nbsp;co\u00ebfficient d\u2019\u00e2ge du v\u00e9hicule&nbsp;<\/p>\n\n\n\n<p>&nbsp;&nbsp;&nbsp;&nbsp;&nbsp;&nbsp;&nbsp;&nbsp;&nbsp; &#8211;&nbsp; essence, LPG, gaz naturel : &nbsp;valeur catalogue x [5,5 + ((\u00e9missions de CO<sub>2<\/sub>&nbsp;-111) x 0,1)] % x 6\/7 x co\u00ebfficient d\u2019\u00e2ge du v\u00e9hicule<\/p>\n\n\n\n<p>&nbsp;&nbsp;&nbsp;&nbsp;&nbsp;&nbsp;&nbsp;&nbsp; &nbsp;&#8211;&nbsp; v\u00e9hicules \u00e9lectriques&nbsp;&nbsp; :&nbsp; valeur catalogue x 4 % x 6\/7 x co\u00ebfficient d\u2019\u00e2ge du v\u00e9hicule&nbsp;<\/p>\n\n\n\n<p>Le minimum est de 4 % de la valeur catalogue et le maximum de 18 % de la valeur du catalogue.<\/p>\n\n\n\n<p>Le minimum absolu de 1.340 euros (2019) passera \u00e0 1.360 euros pour 2020. Concr\u00e8tement, cela signifie que les conducteurs de v\u00e9hicules respectueux de l&rsquo;environnement, y compris les v\u00e9hicules \u00e9lectriques, les hybrides rechargeables et les hybrides classiques, paieront en tout cas un avantage en nature l\u00e9g\u00e8rement plus \u00e9lev\u00e9 en 2020 qu&rsquo;en 2019, dans la mesure o\u00f9 leur avantage apr\u00e8s calcul correspond au minimum.<\/p>\n\n\n\n<p>Concept de coefficient d&rsquo;\u00e2ge : pour chaque ann\u00e9e \u00e9coul\u00e9e depuis la premi\u00e8re inscription, la valeur du catalogue diminue de 6 %. Le pourcentage peut descendre jusqu&rsquo;\u00e0 70 % maximum de la valeur catalogue. Ceci doit \u00eatre pris en compte si le v\u00e9hicule a six ans.<\/p>\n\n\n\n<p>Exemple de l\u00e9g\u00e8re r\u00e9duction de l\u2019avantage de toute nature entre 2019 et 2020\u00a0Nouveau v\u00e9hicule diesel avec 120 g de CO2 avec un prix catalogue fiscal de 30.000\u20ac avec mise \u00e0 disposition de carte carburant<\/p>\n\n\n\n<p>Exemple de d\u00e9ductibilit\u00e9 fiscale pour les v\u00e9hicules diesel en 2020<\/p>\n\n\n\n<p>(v\u00e9hicules d\u00e9j\u00e0 en parc ou nouvellement acquis)<\/p>\n\n\n\n<table class=\"wp-block-table\"><tbody><tr><td><br><\/td><\/tr><tr><td>&nbsp;<\/td><td>&nbsp;&nbsp;&nbsp;&nbsp; 2019<\/td><td>&nbsp;&nbsp;&nbsp;&nbsp; 2020<\/td><td>r\u00e9duction<\/td><\/tr><tr><td>Avantage de toute nature sur base annuelle&nbsp;<\/td><td>2237,14 \u20ac<\/td><td>2160,00 \u20ac<\/td><td>3,45%<\/td><\/tr><tr><td>Contribution patronale&nbsp;<\/td><td>&nbsp; 894,87 \u20ac<\/td><td>&nbsp; 864,00 \u20ac<\/td><td>3,45%<\/td><\/tr><\/tbody><\/table>\n\n\n\n<p style=\"text-align:right\">Michel Willems<\/p>\n\n\n\n<p style=\"text-align:right\">MOBILITAS<\/p>\n\n\n\n<p><\/p>\n","protected":false},"excerpt":{"rendered":"<p>Afin de conna\u00eetre l&rsquo;impact correct de ces deux mesures sur le parc automobile, il est donc plus que jamais n\u00e9cessaire d&rsquo;effectuer un calcul correct du TCO. En outre, il est possible que la norme WLTP soit introduite pour les formules fiscales \u00e0 partir de 2021. \u00c9tant donn\u00e9 que la dur\u00e9e d&rsquo;un contrat de leasing est [&hellip;]<\/p>\n","protected":false},"author":11,"featured_media":1728,"comment_status":"closed","ping_status":"closed","sticky":false,"template":"","format":"standard","meta":{"_acf_changed":false,"footnotes":""},"categories":[135],"tags":[],"class_list":["post-1727","post","type-post","status-publish","format-standard","has-post-thumbnail","hentry","category-news-fr"],"acf":[],"yoast_head":"<!-- This site is optimized with the Yoast SEO plugin v27.3 - https:\/\/yoast.com\/product\/yoast-seo-wordpress\/ -->\n<title>Fiscalit\u00e9 des voitures de soci\u00e9t\u00e9 en 2020: le point complet - link2fleet<\/title>\n<meta name=\"description\" content=\"Le 1er janvier 2020, deux changements fiscaux importants vont affecter les voitures de soci\u00e9t\u00e9. Il s&rsquo;agit de la nouvelle formule pour la d\u00e9ductibilit\u00e9 fiscale et\u2026\" \/>\n<meta name=\"robots\" content=\"index, follow, max-snippet:-1, max-image-preview:large, max-video-preview:-1\" \/>\n<meta property=\"og:locale\" content=\"fr_FR\" \/>\n<meta property=\"og:type\" content=\"article\" \/>\n<meta property=\"og:title\" content=\"Fiscalit\u00e9 des voitures de soci\u00e9t\u00e9 en 2020: le point complet - link2fleet\" \/>\n<meta property=\"og:description\" content=\"Le 1er janvier 2020, deux changements fiscaux importants vont affecter les voitures de soci\u00e9t\u00e9. Il s&rsquo;agit de la nouvelle formule pour la d\u00e9ductibilit\u00e9 fiscale et\u2026\" \/>\n<meta property=\"og:url\" content=\"https:\/\/www.link2fleet.com\/fr\/fiscalite-des-voitures-de-societe-en-2020-le-point-complet\/\" \/>\n<meta property=\"og:site_name\" content=\"link2fleet\" \/>\n<meta property=\"article:published_time\" content=\"2020-01-07T16:11:57+00:00\" \/>\n<meta property=\"og:image\" content=\"https:\/\/static.link2fleet.com\/wp-content\/uploads\/2024\/03\/carfiscality2020.jpg\" \/>\n\t<meta property=\"og:image:width\" content=\"2560\" \/>\n\t<meta property=\"og:image:height\" content=\"1440\" \/>\n\t<meta property=\"og:image:type\" content=\"image\/jpeg\" \/>\n<meta name=\"author\" content=\"Michel Willems - Mobilitas\" \/>\n<meta name=\"twitter:card\" content=\"summary_large_image\" \/>\n<meta name=\"twitter:description\" content=\"Le 1er janvier 2020, deux changements fiscaux importants vont affecter les voitures de soci\u00e9t\u00e9. Il s&rsquo;agit de la nouvelle formule pour la d\u00e9ductibilit\u00e9 fiscale et\u2026\" \/>\n<meta name=\"twitter:label1\" content=\"\u00c9crit par\" \/>\n\t<meta name=\"twitter:data1\" content=\"Michel Willems - Mobilitas\" \/>\n\t<meta name=\"twitter:label2\" content=\"Dur\u00e9e de lecture estim\u00e9e\" \/>\n\t<meta name=\"twitter:data2\" content=\"10 minutes\" \/>\n<script type=\"application\/ld+json\" class=\"yoast-schema-graph\">{\"@context\":\"https:\\\/\\\/schema.org\",\"@graph\":[{\"@type\":\"Article\",\"@id\":\"https:\\\/\\\/www.link2fleet.com\\\/fr\\\/fiscalite-des-voitures-de-societe-en-2020-le-point-complet\\\/#article\",\"isPartOf\":{\"@id\":\"https:\\\/\\\/www.link2fleet.com\\\/fr\\\/fiscalite-des-voitures-de-societe-en-2020-le-point-complet\\\/\"},\"author\":{\"name\":\"Michel Willems - Mobilitas\",\"@id\":\"https:\\\/\\\/www.link2fleet.com\\\/fr\\\/#\\\/schema\\\/person\\\/bd29f6a2c2427e85a70d3acf17303486\"},\"headline\":\"Fiscalit\u00e9 des voitures de soci\u00e9t\u00e9 en 2020: le point complet\",\"datePublished\":\"2020-01-07T16:11:57+00:00\",\"mainEntityOfPage\":{\"@id\":\"https:\\\/\\\/www.link2fleet.com\\\/fr\\\/fiscalite-des-voitures-de-societe-en-2020-le-point-complet\\\/\"},\"wordCount\":2123,\"publisher\":{\"@id\":\"https:\\\/\\\/www.link2fleet.com\\\/fr\\\/#organization\"},\"image\":{\"@id\":\"https:\\\/\\\/www.link2fleet.com\\\/fr\\\/fiscalite-des-voitures-de-societe-en-2020-le-point-complet\\\/#primaryimage\"},\"thumbnailUrl\":\"https:\\\/\\\/static.link2fleet.com\\\/wp-content\\\/uploads\\\/2024\\\/03\\\/carfiscality2020.jpg\",\"articleSection\":[\"Actus\"],\"inLanguage\":\"fr-FR\"},{\"@type\":\"WebPage\",\"@id\":\"https:\\\/\\\/www.link2fleet.com\\\/fr\\\/fiscalite-des-voitures-de-societe-en-2020-le-point-complet\\\/\",\"url\":\"https:\\\/\\\/www.link2fleet.com\\\/fr\\\/fiscalite-des-voitures-de-societe-en-2020-le-point-complet\\\/\",\"name\":\"Fiscalit\u00e9 des voitures de soci\u00e9t\u00e9 en 2020: le point complet - link2fleet\",\"isPartOf\":{\"@id\":\"https:\\\/\\\/www.link2fleet.com\\\/fr\\\/#website\"},\"primaryImageOfPage\":{\"@id\":\"https:\\\/\\\/www.link2fleet.com\\\/fr\\\/fiscalite-des-voitures-de-societe-en-2020-le-point-complet\\\/#primaryimage\"},\"image\":{\"@id\":\"https:\\\/\\\/www.link2fleet.com\\\/fr\\\/fiscalite-des-voitures-de-societe-en-2020-le-point-complet\\\/#primaryimage\"},\"thumbnailUrl\":\"https:\\\/\\\/static.link2fleet.com\\\/wp-content\\\/uploads\\\/2024\\\/03\\\/carfiscality2020.jpg\",\"datePublished\":\"2020-01-07T16:11:57+00:00\",\"breadcrumb\":{\"@id\":\"https:\\\/\\\/www.link2fleet.com\\\/fr\\\/fiscalite-des-voitures-de-societe-en-2020-le-point-complet\\\/#breadcrumb\"},\"inLanguage\":\"fr-FR\",\"potentialAction\":[{\"@type\":\"ReadAction\",\"target\":[\"https:\\\/\\\/www.link2fleet.com\\\/fr\\\/fiscalite-des-voitures-de-societe-en-2020-le-point-complet\\\/\"]}]},{\"@type\":\"ImageObject\",\"inLanguage\":\"fr-FR\",\"@id\":\"https:\\\/\\\/www.link2fleet.com\\\/fr\\\/fiscalite-des-voitures-de-societe-en-2020-le-point-complet\\\/#primaryimage\",\"url\":\"https:\\\/\\\/static.link2fleet.com\\\/wp-content\\\/uploads\\\/2024\\\/03\\\/carfiscality2020.jpg\",\"contentUrl\":\"https:\\\/\\\/static.link2fleet.com\\\/wp-content\\\/uploads\\\/2024\\\/03\\\/carfiscality2020.jpg\",\"width\":2560,\"height\":1440,\"caption\":\"|\"},{\"@type\":\"BreadcrumbList\",\"@id\":\"https:\\\/\\\/www.link2fleet.com\\\/fr\\\/fiscalite-des-voitures-de-societe-en-2020-le-point-complet\\\/#breadcrumb\",\"itemListElement\":[{\"@type\":\"ListItem\",\"position\":1,\"name\":\"Home\",\"item\":\"https:\\\/\\\/www.link2fleet.com\\\/fr\\\/\"},{\"@type\":\"ListItem\",\"position\":2,\"name\":\"Fiscalit\u00e9 des voitures de soci\u00e9t\u00e9 en 2020: le point complet\"}]},{\"@type\":\"WebSite\",\"@id\":\"https:\\\/\\\/www.link2fleet.com\\\/fr\\\/#website\",\"url\":\"https:\\\/\\\/www.link2fleet.com\\\/fr\\\/\",\"name\":\"Link2fleet\",\"description\":\"\",\"publisher\":{\"@id\":\"https:\\\/\\\/www.link2fleet.com\\\/fr\\\/#organization\"},\"potentialAction\":[{\"@type\":\"SearchAction\",\"target\":{\"@type\":\"EntryPoint\",\"urlTemplate\":\"https:\\\/\\\/www.link2fleet.com\\\/fr\\\/?s={search_term_string}\"},\"query-input\":{\"@type\":\"PropertyValueSpecification\",\"valueRequired\":true,\"valueName\":\"search_term_string\"}}],\"inLanguage\":\"fr-FR\"},{\"@type\":\"Organization\",\"@id\":\"https:\\\/\\\/www.link2fleet.com\\\/fr\\\/#organization\",\"name\":\"Link2fleet\",\"url\":\"https:\\\/\\\/www.link2fleet.com\\\/fr\\\/\",\"logo\":{\"@type\":\"ImageObject\",\"inLanguage\":\"fr-FR\",\"@id\":\"https:\\\/\\\/www.link2fleet.com\\\/fr\\\/#\\\/schema\\\/logo\\\/image\\\/\",\"url\":\"https:\\\/\\\/static.link2fleet.com\\\/wp-content\\\/uploads\\\/2024\\\/03\\\/share-image.jpg\",\"contentUrl\":\"https:\\\/\\\/static.link2fleet.com\\\/wp-content\\\/uploads\\\/2024\\\/03\\\/share-image.jpg\",\"width\":1200,\"height\":630,\"caption\":\"Link2fleet\"},\"image\":{\"@id\":\"https:\\\/\\\/www.link2fleet.com\\\/fr\\\/#\\\/schema\\\/logo\\\/image\\\/\"},\"sameAs\":[\"https:\\\/\\\/www.linkedin.com\\\/company\\\/link2fleet-belgium\",\"https:\\\/\\\/www.youtube.com\\\/user\\\/MMMBMBE\"]},{\"@type\":\"Person\",\"@id\":\"https:\\\/\\\/www.link2fleet.com\\\/fr\\\/#\\\/schema\\\/person\\\/bd29f6a2c2427e85a70d3acf17303486\",\"name\":\"Michel Willems - Mobilitas\",\"image\":{\"@type\":\"ImageObject\",\"inLanguage\":\"fr-FR\",\"@id\":\"https:\\\/\\\/secure.gravatar.com\\\/avatar\\\/c937de514893d5b69b3b52ee88664fd4879b786925b6742dc7891d347f167414?s=96&d=mm&r=g\",\"url\":\"https:\\\/\\\/secure.gravatar.com\\\/avatar\\\/c937de514893d5b69b3b52ee88664fd4879b786925b6742dc7891d347f167414?s=96&d=mm&r=g\",\"contentUrl\":\"https:\\\/\\\/secure.gravatar.com\\\/avatar\\\/c937de514893d5b69b3b52ee88664fd4879b786925b6742dc7891d347f167414?s=96&d=mm&r=g\",\"caption\":\"Michel Willems - Mobilitas\"}}]}<\/script>\n<!-- \/ Yoast SEO plugin. -->","yoast_head_json":{"title":"Fiscalit\u00e9 des voitures de soci\u00e9t\u00e9 en 2020: le point complet - link2fleet","description":"Le 1er janvier 2020, deux changements fiscaux importants vont affecter les voitures de soci\u00e9t\u00e9. Il s&rsquo;agit de la nouvelle formule pour la d\u00e9ductibilit\u00e9 fiscale et\u2026","robots":{"index":"index","follow":"follow","max-snippet":"max-snippet:-1","max-image-preview":"max-image-preview:large","max-video-preview":"max-video-preview:-1"},"og_locale":"fr_FR","og_type":"article","og_title":"Fiscalit\u00e9 des voitures de soci\u00e9t\u00e9 en 2020: le point complet - link2fleet","og_description":"Le 1er janvier 2020, deux changements fiscaux importants vont affecter les voitures de soci\u00e9t\u00e9. Il s&rsquo;agit de la nouvelle formule pour la d\u00e9ductibilit\u00e9 fiscale et\u2026","og_url":"https:\/\/www.link2fleet.com\/fr\/fiscalite-des-voitures-de-societe-en-2020-le-point-complet\/","og_site_name":"link2fleet","article_published_time":"2020-01-07T16:11:57+00:00","og_image":[{"width":2560,"height":1440,"url":"https:\/\/static.link2fleet.com\/wp-content\/uploads\/2024\/03\/carfiscality2020.jpg","type":"image\/jpeg"}],"author":"Michel Willems - Mobilitas","twitter_card":"summary_large_image","twitter_description":"Le 1er janvier 2020, deux changements fiscaux importants vont affecter les voitures de soci\u00e9t\u00e9. Il s&rsquo;agit de la nouvelle formule pour la d\u00e9ductibilit\u00e9 fiscale et\u2026","twitter_misc":{"\u00c9crit par":"Michel Willems - Mobilitas","Dur\u00e9e de lecture estim\u00e9e":"10 minutes"},"schema":{"@context":"https:\/\/schema.org","@graph":[{"@type":"Article","@id":"https:\/\/www.link2fleet.com\/fr\/fiscalite-des-voitures-de-societe-en-2020-le-point-complet\/#article","isPartOf":{"@id":"https:\/\/www.link2fleet.com\/fr\/fiscalite-des-voitures-de-societe-en-2020-le-point-complet\/"},"author":{"name":"Michel Willems - Mobilitas","@id":"https:\/\/www.link2fleet.com\/fr\/#\/schema\/person\/bd29f6a2c2427e85a70d3acf17303486"},"headline":"Fiscalit\u00e9 des voitures de soci\u00e9t\u00e9 en 2020: le point complet","datePublished":"2020-01-07T16:11:57+00:00","mainEntityOfPage":{"@id":"https:\/\/www.link2fleet.com\/fr\/fiscalite-des-voitures-de-societe-en-2020-le-point-complet\/"},"wordCount":2123,"publisher":{"@id":"https:\/\/www.link2fleet.com\/fr\/#organization"},"image":{"@id":"https:\/\/www.link2fleet.com\/fr\/fiscalite-des-voitures-de-societe-en-2020-le-point-complet\/#primaryimage"},"thumbnailUrl":"https:\/\/static.link2fleet.com\/wp-content\/uploads\/2024\/03\/carfiscality2020.jpg","articleSection":["Actus"],"inLanguage":"fr-FR"},{"@type":"WebPage","@id":"https:\/\/www.link2fleet.com\/fr\/fiscalite-des-voitures-de-societe-en-2020-le-point-complet\/","url":"https:\/\/www.link2fleet.com\/fr\/fiscalite-des-voitures-de-societe-en-2020-le-point-complet\/","name":"Fiscalit\u00e9 des voitures de soci\u00e9t\u00e9 en 2020: le point complet - link2fleet","isPartOf":{"@id":"https:\/\/www.link2fleet.com\/fr\/#website"},"primaryImageOfPage":{"@id":"https:\/\/www.link2fleet.com\/fr\/fiscalite-des-voitures-de-societe-en-2020-le-point-complet\/#primaryimage"},"image":{"@id":"https:\/\/www.link2fleet.com\/fr\/fiscalite-des-voitures-de-societe-en-2020-le-point-complet\/#primaryimage"},"thumbnailUrl":"https:\/\/static.link2fleet.com\/wp-content\/uploads\/2024\/03\/carfiscality2020.jpg","datePublished":"2020-01-07T16:11:57+00:00","breadcrumb":{"@id":"https:\/\/www.link2fleet.com\/fr\/fiscalite-des-voitures-de-societe-en-2020-le-point-complet\/#breadcrumb"},"inLanguage":"fr-FR","potentialAction":[{"@type":"ReadAction","target":["https:\/\/www.link2fleet.com\/fr\/fiscalite-des-voitures-de-societe-en-2020-le-point-complet\/"]}]},{"@type":"ImageObject","inLanguage":"fr-FR","@id":"https:\/\/www.link2fleet.com\/fr\/fiscalite-des-voitures-de-societe-en-2020-le-point-complet\/#primaryimage","url":"https:\/\/static.link2fleet.com\/wp-content\/uploads\/2024\/03\/carfiscality2020.jpg","contentUrl":"https:\/\/static.link2fleet.com\/wp-content\/uploads\/2024\/03\/carfiscality2020.jpg","width":2560,"height":1440,"caption":"|"},{"@type":"BreadcrumbList","@id":"https:\/\/www.link2fleet.com\/fr\/fiscalite-des-voitures-de-societe-en-2020-le-point-complet\/#breadcrumb","itemListElement":[{"@type":"ListItem","position":1,"name":"Home","item":"https:\/\/www.link2fleet.com\/fr\/"},{"@type":"ListItem","position":2,"name":"Fiscalit\u00e9 des voitures de soci\u00e9t\u00e9 en 2020: le point complet"}]},{"@type":"WebSite","@id":"https:\/\/www.link2fleet.com\/fr\/#website","url":"https:\/\/www.link2fleet.com\/fr\/","name":"Link2fleet","description":"","publisher":{"@id":"https:\/\/www.link2fleet.com\/fr\/#organization"},"potentialAction":[{"@type":"SearchAction","target":{"@type":"EntryPoint","urlTemplate":"https:\/\/www.link2fleet.com\/fr\/?s={search_term_string}"},"query-input":{"@type":"PropertyValueSpecification","valueRequired":true,"valueName":"search_term_string"}}],"inLanguage":"fr-FR"},{"@type":"Organization","@id":"https:\/\/www.link2fleet.com\/fr\/#organization","name":"Link2fleet","url":"https:\/\/www.link2fleet.com\/fr\/","logo":{"@type":"ImageObject","inLanguage":"fr-FR","@id":"https:\/\/www.link2fleet.com\/fr\/#\/schema\/logo\/image\/","url":"https:\/\/static.link2fleet.com\/wp-content\/uploads\/2024\/03\/share-image.jpg","contentUrl":"https:\/\/static.link2fleet.com\/wp-content\/uploads\/2024\/03\/share-image.jpg","width":1200,"height":630,"caption":"Link2fleet"},"image":{"@id":"https:\/\/www.link2fleet.com\/fr\/#\/schema\/logo\/image\/"},"sameAs":["https:\/\/www.linkedin.com\/company\/link2fleet-belgium","https:\/\/www.youtube.com\/user\/MMMBMBE"]},{"@type":"Person","@id":"https:\/\/www.link2fleet.com\/fr\/#\/schema\/person\/bd29f6a2c2427e85a70d3acf17303486","name":"Michel Willems - Mobilitas","image":{"@type":"ImageObject","inLanguage":"fr-FR","@id":"https:\/\/secure.gravatar.com\/avatar\/c937de514893d5b69b3b52ee88664fd4879b786925b6742dc7891d347f167414?s=96&d=mm&r=g","url":"https:\/\/secure.gravatar.com\/avatar\/c937de514893d5b69b3b52ee88664fd4879b786925b6742dc7891d347f167414?s=96&d=mm&r=g","contentUrl":"https:\/\/secure.gravatar.com\/avatar\/c937de514893d5b69b3b52ee88664fd4879b786925b6742dc7891d347f167414?s=96&d=mm&r=g","caption":"Michel Willems - Mobilitas"}}]}},"_links":{"self":[{"href":"https:\/\/www.link2fleet.com\/fr\/wp-json\/wp\/v2\/posts\/1727","targetHints":{"allow":["GET"]}}],"collection":[{"href":"https:\/\/www.link2fleet.com\/fr\/wp-json\/wp\/v2\/posts"}],"about":[{"href":"https:\/\/www.link2fleet.com\/fr\/wp-json\/wp\/v2\/types\/post"}],"author":[{"embeddable":true,"href":"https:\/\/www.link2fleet.com\/fr\/wp-json\/wp\/v2\/users\/11"}],"replies":[{"embeddable":true,"href":"https:\/\/www.link2fleet.com\/fr\/wp-json\/wp\/v2\/comments?post=1727"}],"version-history":[{"count":0,"href":"https:\/\/www.link2fleet.com\/fr\/wp-json\/wp\/v2\/posts\/1727\/revisions"}],"wp:featuredmedia":[{"embeddable":true,"href":"https:\/\/www.link2fleet.com\/fr\/wp-json\/wp\/v2\/media\/1728"}],"wp:attachment":[{"href":"https:\/\/www.link2fleet.com\/fr\/wp-json\/wp\/v2\/media?parent=1727"}],"wp:term":[{"taxonomy":"category","embeddable":true,"href":"https:\/\/www.link2fleet.com\/fr\/wp-json\/wp\/v2\/categories?post=1727"},{"taxonomy":"post_tag","embeddable":true,"href":"https:\/\/www.link2fleet.com\/fr\/wp-json\/wp\/v2\/tags?post=1727"}],"curies":[{"name":"wp","href":"https:\/\/api.w.org\/{rel}","templated":true}]}}