{"id":1736,"date":"2020-01-10T14:24:24","date_gmt":"2020-01-10T13:24:24","guid":{"rendered":"https:\/\/www.link2fleet.com\/europcar-mobility-group-belgium-presente-ses-solutions-de-mobilite-alternatives-au-salon-wearemobility\/"},"modified":"2020-01-10T14:24:24","modified_gmt":"2020-01-10T13:24:24","slug":"europcar-mobility-group-belgium-presente-ses-solutions-de-mobilite-alternatives-au-salon-wearemobility","status":"publish","type":"post","link":"https:\/\/www.link2fleet.com\/fr\/europcar-mobility-group-belgium-presente-ses-solutions-de-mobilite-alternatives-au-salon-wearemobility\/","title":{"rendered":"Europcar Mobility Group Belgium pr\u00e9sente ses solutions de mobilit\u00e9 alternatives au salon #WeAreMobility"},"content":{"rendered":"\n<p><strong>Des solutions de mobilit\u00e9 pour demain<\/strong><\/p>\n\n\n\n<p>La mobilit\u00e9 est une pr\u00e9occupation pour tous. Europcar Mobility Group Belgium, la filiale belge d&rsquo;Europcar Mobility Group, est plus que jamais consciente qu\u2019une mobilit\u00e9 fluide et durable est l\u2019un des plus grands d\u00e9fis du futur.<\/p>\n\n\n\n<p>En Belgique, l\u2019introduction en mars 2019 du budget mobilit\u00e9 a v\u00e9ritablement r\u00e9volutionn\u00e9 la mani\u00e8re dont les soci\u00e9t\u00e9s g\u00e8rent la mobilit\u00e9. Cette initiative a permis \u00e0 de nombreuses personnes d\u2019opter pour des solutions plus \u00e9cologiques pour leurs d\u00e9placements domicile-travail.<\/p>\n\n\n\n<p>Le deuxi\u00e8me pilier du budget mobilit\u00e9 (solutions de mobilit\u00e9 alternatives) pr\u00e9voit qu&rsquo;un collaborateur peut utiliser des moyens de transport durables mis \u00e0 sa disposition par son employeur.<\/p>\n\n\n\n<p>Dans ce contexte, pour quelles solutions de mobilit\u00e9 pouvez-vous vous adresser \u00e0 Europcar ?<\/p>\n\n\n\n<p><strong>La location de v\u00e9hicule \u00e0 court terme<\/strong><\/p>\n\n\n\n<p>La location de v\u00e9hicule \u00e0 court terme (\u00e0 partir d\u2019un jour) constitue plus que jamais l\u2019une des r\u00e9ponses les plus adapt\u00e9es aux futures exigences en mati\u00e8re de mobilit\u00e9. Ce service de base est une solution id\u00e9ale dans la cadre du budget mobilit\u00e9.<\/p>\n\n\n\n<p><strong>Scooters \u00e9lectriques<\/strong><\/p>\n\n\n\n<p>Avec Scooty, un service de scooters \u00e9lectriques partag\u00e9s en libre-service, Europcar Mobility Group Belgium r\u00e9pond \u00e0 d\u2019autres \u00e9volutions du march\u00e9. Avec une flotte de plus de 500 scooters en free-floating \u00e0 Bruxelles et \u00e0 Anvers, Europcar Mobility Group Belgium offre une solution de dernier kilom\u00e8tre dans des villes o\u00f9 est mise en place, depuis quelques mois, une zone \u00e0 faibles \u00e9missions.<\/p>\n\n\n\n<p><strong>V\u00e9los et trottinettes \u00e9lectriques<\/strong><\/p>\n\n\n\n<p>Depuis quelques mois, Europcar Mobility Group Belgium offre un service de location-achat de v\u00e9los en collaboration avec C-Tec : Europcar Bikes. Europcar met des v\u00e9los \u00e9lectriques ou classiques \u00e0 disposition de soci\u00e9t\u00e9s qui ont introduit un plan v\u00e9lo pour leurs employ\u00e9s dans le cadre du budget mobilit\u00e9. Ce service est disponible partout en Belgique \u00e0 travers un r\u00e9seau national de points de vente ind\u00e9pendants.<\/p>\n\n\n\n<p>Europcar Bikes est \u00e9galement disponible pour les particuliers qui travaillent \u00e0 Bruxelles au m\u00eame titre que les trottinettes \u00e9lectriques.<\/p>\n\n\n\n<p><strong>Passe mobilit\u00e9<\/strong><\/p>\n\n\n\n<p>Europcar Mobility Group Belgium propose \u00e9galement un passe mobilit\u00e9 B2B. Le Europcar Mobility Pass vous \u00e9vite de devoir trop r\u00e9fl\u00e9chir au type de transport \u00e0 utiliser dans telles ou telles circonstances. Gr\u00e2ce \u00e0 cette carte de paiement, vous pouvez combiner de mani\u00e8re illimit\u00e9e diff\u00e9rents types de transport durable, du car-sharing au v\u00e9lo partag\u00e9 et \u00e0 la trottinette \u00e9lectrique.<\/p>\n\n\n\n<p><strong>Gestion intelligente du stationnement<\/strong><\/p>\n\n\n\n<p>Depuis peu, Europcar Mobility Group Belgium propose \u00e9galement, en collaboration avec BePark, un service de Smart Parking Management. Qui vient quand au travail en voiture ? Qui est autoris\u00e9 ou non \u00e0 stationner sur le parking de l&rsquo;entreprise ? Et si des places sont vides, celles-ci ne peuvent-elles pas \u00eatre occup\u00e9es autrement ? Smart Parking Management formule toutes les r\u00e9ponses et veille \u00e0 ce qu&rsquo;en tant qu&rsquo;entreprise, vous g\u00e9riez mieux vos places de parking.<\/p>\n\n\n\n<div style=\"height:100px\" aria-hidden=\"true\" class=\"wp-block-spacer\"><\/div>\n\n\n\n<p><strong>Europcar Mobility Group Belgium au salon #WeAreMobility 2020 : infos pratiques<\/strong><\/p>\n\n\n\n<p>Europcar Mobility Group Belgium sera pr\u00e9sent au salon #WeAreMobility 2020.<\/p>\n\n\n\n<p>\u2022 Dates : du vendredi 10 au dimanche 19 janvier 2020 inclus<\/p>\n\n\n\n<p>\u2022 Lieu : PATIO, Brussels Expo<\/p>\n\n\n\n<p>\u2022 Stand : P11-P12<\/p>\n","protected":false},"excerpt":{"rendered":"<p>Des solutions de mobilit\u00e9 pour demain La mobilit\u00e9 est une pr\u00e9occupation pour tous. Europcar Mobility Group Belgium, la filiale belge d&rsquo;Europcar Mobility Group, est plus que jamais consciente qu\u2019une mobilit\u00e9 fluide et durable est l\u2019un des plus grands d\u00e9fis du futur. En Belgique, l\u2019introduction en mars 2019 du budget mobilit\u00e9 a v\u00e9ritablement r\u00e9volutionn\u00e9 la mani\u00e8re [&hellip;]<\/p>\n","protected":false},"author":4,"featured_media":1737,"comment_status":"closed","ping_status":"closed","sticky":false,"template":"","format":"standard","meta":{"_acf_changed":false,"footnotes":""},"categories":[89,87],"tags":[],"class_list":["post-1736","post","type-post","status-publish","format-standard","has-post-thumbnail","hentry","category-modes-de-transports-alternatifs-flex-offices-parkings","category-mobility-2"],"acf":[],"yoast_head":"<!-- This site is optimized with the Yoast SEO plugin v27.3 - https:\/\/yoast.com\/product\/yoast-seo-wordpress\/ -->\n<title>Europcar Mobility Group Belgium pr\u00e9sente ses solutions de mobilit\u00e9 alternatives au salon #WeAreMobility - link2fleet<\/title>\n<meta name=\"description\" content=\"En tant qu&rsquo;acteur majeur dans le secteur de la mobilit\u00e9, Europcar Mobility Group Belgium sera pr\u00e9sent au salon #WeAreMobility 2020, organis\u00e9 dans le cadre du\u2026\" \/>\n<meta name=\"robots\" content=\"index, follow, max-snippet:-1, max-image-preview:large, max-video-preview:-1\" \/>\n<meta property=\"og:locale\" content=\"fr_FR\" \/>\n<meta property=\"og:type\" content=\"article\" \/>\n<meta property=\"og:title\" content=\"Europcar Mobility Group Belgium pr\u00e9sente ses solutions de mobilit\u00e9 alternatives au salon #WeAreMobility - link2fleet\" \/>\n<meta property=\"og:description\" content=\"En tant qu&rsquo;acteur majeur dans le secteur de la mobilit\u00e9, Europcar Mobility Group Belgium sera pr\u00e9sent au salon #WeAreMobility 2020, organis\u00e9 dans le cadre du\u2026\" \/>\n<meta property=\"og:url\" content=\"https:\/\/www.link2fleet.com\/fr\/europcar-mobility-group-belgium-presente-ses-solutions-de-mobilite-alternatives-au-salon-wearemobility\/\" \/>\n<meta property=\"og:site_name\" content=\"link2fleet\" \/>\n<meta property=\"article:published_time\" content=\"2020-01-10T13:24:24+00:00\" \/>\n<meta property=\"og:image\" content=\"https:\/\/static.link2fleet.com\/wp-content\/uploads\/2024\/03\/europcar.png\" \/>\n\t<meta property=\"og:image:width\" content=\"1920\" \/>\n\t<meta property=\"og:image:height\" content=\"1278\" \/>\n\t<meta property=\"og:image:type\" content=\"image\/png\" \/>\n<meta name=\"author\" content=\"Damien Malvetti\" \/>\n<meta name=\"twitter:card\" content=\"summary_large_image\" \/>\n<meta name=\"twitter:description\" content=\"En tant qu&rsquo;acteur majeur dans le secteur de la mobilit\u00e9, Europcar Mobility Group Belgium sera pr\u00e9sent au salon #WeAreMobility 2020, organis\u00e9 dans le cadre du\u2026\" \/>\n<meta name=\"twitter:label1\" content=\"\u00c9crit par\" \/>\n\t<meta name=\"twitter:data1\" content=\"Damien Malvetti\" \/>\n\t<meta name=\"twitter:label2\" content=\"Dur\u00e9e de lecture estim\u00e9e\" \/>\n\t<meta name=\"twitter:data2\" content=\"3 minutes\" \/>\n<script type=\"application\/ld+json\" class=\"yoast-schema-graph\">{\"@context\":\"https:\\\/\\\/schema.org\",\"@graph\":[{\"@type\":\"Article\",\"@id\":\"https:\\\/\\\/www.link2fleet.com\\\/fr\\\/europcar-mobility-group-belgium-presente-ses-solutions-de-mobilite-alternatives-au-salon-wearemobility\\\/#article\",\"isPartOf\":{\"@id\":\"https:\\\/\\\/www.link2fleet.com\\\/fr\\\/europcar-mobility-group-belgium-presente-ses-solutions-de-mobilite-alternatives-au-salon-wearemobility\\\/\"},\"author\":{\"name\":\"Damien Malvetti\",\"@id\":\"https:\\\/\\\/www.link2fleet.com\\\/fr\\\/#\\\/schema\\\/person\\\/027cd46113c78036b3809c9a054049da\"},\"headline\":\"Europcar Mobility Group Belgium pr\u00e9sente ses solutions de mobilit\u00e9 alternatives au salon #WeAreMobility\",\"datePublished\":\"2020-01-10T13:24:24+00:00\",\"mainEntityOfPage\":{\"@id\":\"https:\\\/\\\/www.link2fleet.com\\\/fr\\\/europcar-mobility-group-belgium-presente-ses-solutions-de-mobilite-alternatives-au-salon-wearemobility\\\/\"},\"wordCount\":532,\"publisher\":{\"@id\":\"https:\\\/\\\/www.link2fleet.com\\\/fr\\\/#organization\"},\"image\":{\"@id\":\"https:\\\/\\\/www.link2fleet.com\\\/fr\\\/europcar-mobility-group-belgium-presente-ses-solutions-de-mobilite-alternatives-au-salon-wearemobility\\\/#primaryimage\"},\"thumbnailUrl\":\"https:\\\/\\\/static.link2fleet.com\\\/wp-content\\\/uploads\\\/2024\\\/03\\\/europcar.png\",\"articleSection\":[\"Flex-offices\",\"Mobilit\u00e9\"],\"inLanguage\":\"fr-FR\"},{\"@type\":\"WebPage\",\"@id\":\"https:\\\/\\\/www.link2fleet.com\\\/fr\\\/europcar-mobility-group-belgium-presente-ses-solutions-de-mobilite-alternatives-au-salon-wearemobility\\\/\",\"url\":\"https:\\\/\\\/www.link2fleet.com\\\/fr\\\/europcar-mobility-group-belgium-presente-ses-solutions-de-mobilite-alternatives-au-salon-wearemobility\\\/\",\"name\":\"Europcar Mobility Group Belgium pr\u00e9sente ses solutions de mobilit\u00e9 alternatives au salon #WeAreMobility - link2fleet\",\"isPartOf\":{\"@id\":\"https:\\\/\\\/www.link2fleet.com\\\/fr\\\/#website\"},\"primaryImageOfPage\":{\"@id\":\"https:\\\/\\\/www.link2fleet.com\\\/fr\\\/europcar-mobility-group-belgium-presente-ses-solutions-de-mobilite-alternatives-au-salon-wearemobility\\\/#primaryimage\"},\"image\":{\"@id\":\"https:\\\/\\\/www.link2fleet.com\\\/fr\\\/europcar-mobility-group-belgium-presente-ses-solutions-de-mobilite-alternatives-au-salon-wearemobility\\\/#primaryimage\"},\"thumbnailUrl\":\"https:\\\/\\\/static.link2fleet.com\\\/wp-content\\\/uploads\\\/2024\\\/03\\\/europcar.png\",\"datePublished\":\"2020-01-10T13:24:24+00:00\",\"breadcrumb\":{\"@id\":\"https:\\\/\\\/www.link2fleet.com\\\/fr\\\/europcar-mobility-group-belgium-presente-ses-solutions-de-mobilite-alternatives-au-salon-wearemobility\\\/#breadcrumb\"},\"inLanguage\":\"fr-FR\",\"potentialAction\":[{\"@type\":\"ReadAction\",\"target\":[\"https:\\\/\\\/www.link2fleet.com\\\/fr\\\/europcar-mobility-group-belgium-presente-ses-solutions-de-mobilite-alternatives-au-salon-wearemobility\\\/\"]}]},{\"@type\":\"ImageObject\",\"inLanguage\":\"fr-FR\",\"@id\":\"https:\\\/\\\/www.link2fleet.com\\\/fr\\\/europcar-mobility-group-belgium-presente-ses-solutions-de-mobilite-alternatives-au-salon-wearemobility\\\/#primaryimage\",\"url\":\"https:\\\/\\\/static.link2fleet.com\\\/wp-content\\\/uploads\\\/2024\\\/03\\\/europcar.png\",\"contentUrl\":\"https:\\\/\\\/static.link2fleet.com\\\/wp-content\\\/uploads\\\/2024\\\/03\\\/europcar.png\",\"width\":1920,\"height\":1278,\"caption\":\"|\"},{\"@type\":\"BreadcrumbList\",\"@id\":\"https:\\\/\\\/www.link2fleet.com\\\/fr\\\/europcar-mobility-group-belgium-presente-ses-solutions-de-mobilite-alternatives-au-salon-wearemobility\\\/#breadcrumb\",\"itemListElement\":[{\"@type\":\"ListItem\",\"position\":1,\"name\":\"Home\",\"item\":\"https:\\\/\\\/www.link2fleet.com\\\/fr\\\/\"},{\"@type\":\"ListItem\",\"position\":2,\"name\":\"Europcar Mobility Group Belgium pr\u00e9sente ses solutions de mobilit\u00e9 alternatives au salon #WeAreMobility\"}]},{\"@type\":\"WebSite\",\"@id\":\"https:\\\/\\\/www.link2fleet.com\\\/fr\\\/#website\",\"url\":\"https:\\\/\\\/www.link2fleet.com\\\/fr\\\/\",\"name\":\"Link2fleet\",\"description\":\"\",\"publisher\":{\"@id\":\"https:\\\/\\\/www.link2fleet.com\\\/fr\\\/#organization\"},\"potentialAction\":[{\"@type\":\"SearchAction\",\"target\":{\"@type\":\"EntryPoint\",\"urlTemplate\":\"https:\\\/\\\/www.link2fleet.com\\\/fr\\\/?s={search_term_string}\"},\"query-input\":{\"@type\":\"PropertyValueSpecification\",\"valueRequired\":true,\"valueName\":\"search_term_string\"}}],\"inLanguage\":\"fr-FR\"},{\"@type\":\"Organization\",\"@id\":\"https:\\\/\\\/www.link2fleet.com\\\/fr\\\/#organization\",\"name\":\"Link2fleet\",\"url\":\"https:\\\/\\\/www.link2fleet.com\\\/fr\\\/\",\"logo\":{\"@type\":\"ImageObject\",\"inLanguage\":\"fr-FR\",\"@id\":\"https:\\\/\\\/www.link2fleet.com\\\/fr\\\/#\\\/schema\\\/logo\\\/image\\\/\",\"url\":\"https:\\\/\\\/static.link2fleet.com\\\/wp-content\\\/uploads\\\/2024\\\/03\\\/share-image.jpg\",\"contentUrl\":\"https:\\\/\\\/static.link2fleet.com\\\/wp-content\\\/uploads\\\/2024\\\/03\\\/share-image.jpg\",\"width\":1200,\"height\":630,\"caption\":\"Link2fleet\"},\"image\":{\"@id\":\"https:\\\/\\\/www.link2fleet.com\\\/fr\\\/#\\\/schema\\\/logo\\\/image\\\/\"},\"sameAs\":[\"https:\\\/\\\/www.linkedin.com\\\/company\\\/link2fleet-belgium\",\"https:\\\/\\\/www.youtube.com\\\/user\\\/MMMBMBE\"]},{\"@type\":\"Person\",\"@id\":\"https:\\\/\\\/www.link2fleet.com\\\/fr\\\/#\\\/schema\\\/person\\\/027cd46113c78036b3809c9a054049da\",\"name\":\"Damien Malvetti\",\"image\":{\"@type\":\"ImageObject\",\"inLanguage\":\"fr-FR\",\"@id\":\"https:\\\/\\\/secure.gravatar.com\\\/avatar\\\/dd8cc03b49466c735f753ac37f8caa371af16dfed347456ed61f02883255eebb?s=96&d=mm&r=g\",\"url\":\"https:\\\/\\\/secure.gravatar.com\\\/avatar\\\/dd8cc03b49466c735f753ac37f8caa371af16dfed347456ed61f02883255eebb?s=96&d=mm&r=g\",\"contentUrl\":\"https:\\\/\\\/secure.gravatar.com\\\/avatar\\\/dd8cc03b49466c735f753ac37f8caa371af16dfed347456ed61f02883255eebb?s=96&d=mm&r=g\",\"caption\":\"Damien Malvetti\"},\"description\":\"Damien Malvetti is opgeleid als journalist en gepassioneerd door wagens, technologie en mobiliteit. Hij is verantwoordelijk voor de redactionele inhoud van link2fleet en beschikt over een uitgebreide kennis van de fleet-sector en elektrische mobiliteit.\",\"sameAs\":[\"https:\\\/\\\/www.linkedin.com\\\/in\\\/damien-malvetti-56601142\\\/\"]}]}<\/script>\n<!-- \/ Yoast SEO plugin. -->","yoast_head_json":{"title":"Europcar Mobility Group Belgium pr\u00e9sente ses solutions de mobilit\u00e9 alternatives au salon #WeAreMobility - link2fleet","description":"En tant qu&rsquo;acteur majeur dans le secteur de la mobilit\u00e9, Europcar Mobility Group Belgium sera pr\u00e9sent au salon #WeAreMobility 2020, organis\u00e9 dans le cadre du\u2026","robots":{"index":"index","follow":"follow","max-snippet":"max-snippet:-1","max-image-preview":"max-image-preview:large","max-video-preview":"max-video-preview:-1"},"og_locale":"fr_FR","og_type":"article","og_title":"Europcar Mobility Group Belgium pr\u00e9sente ses solutions de mobilit\u00e9 alternatives au salon #WeAreMobility - link2fleet","og_description":"En tant qu&rsquo;acteur majeur dans le secteur de la mobilit\u00e9, Europcar Mobility Group Belgium sera pr\u00e9sent au salon #WeAreMobility 2020, organis\u00e9 dans le cadre du\u2026","og_url":"https:\/\/www.link2fleet.com\/fr\/europcar-mobility-group-belgium-presente-ses-solutions-de-mobilite-alternatives-au-salon-wearemobility\/","og_site_name":"link2fleet","article_published_time":"2020-01-10T13:24:24+00:00","og_image":[{"width":1920,"height":1278,"url":"https:\/\/static.link2fleet.com\/wp-content\/uploads\/2024\/03\/europcar.png","type":"image\/png"}],"author":"Damien Malvetti","twitter_card":"summary_large_image","twitter_description":"En tant qu&rsquo;acteur majeur dans le secteur de la mobilit\u00e9, Europcar Mobility Group Belgium sera pr\u00e9sent au salon #WeAreMobility 2020, organis\u00e9 dans le cadre du\u2026","twitter_misc":{"\u00c9crit par":"Damien Malvetti","Dur\u00e9e de lecture estim\u00e9e":"3 minutes"},"schema":{"@context":"https:\/\/schema.org","@graph":[{"@type":"Article","@id":"https:\/\/www.link2fleet.com\/fr\/europcar-mobility-group-belgium-presente-ses-solutions-de-mobilite-alternatives-au-salon-wearemobility\/#article","isPartOf":{"@id":"https:\/\/www.link2fleet.com\/fr\/europcar-mobility-group-belgium-presente-ses-solutions-de-mobilite-alternatives-au-salon-wearemobility\/"},"author":{"name":"Damien Malvetti","@id":"https:\/\/www.link2fleet.com\/fr\/#\/schema\/person\/027cd46113c78036b3809c9a054049da"},"headline":"Europcar Mobility Group Belgium pr\u00e9sente ses solutions de mobilit\u00e9 alternatives au salon #WeAreMobility","datePublished":"2020-01-10T13:24:24+00:00","mainEntityOfPage":{"@id":"https:\/\/www.link2fleet.com\/fr\/europcar-mobility-group-belgium-presente-ses-solutions-de-mobilite-alternatives-au-salon-wearemobility\/"},"wordCount":532,"publisher":{"@id":"https:\/\/www.link2fleet.com\/fr\/#organization"},"image":{"@id":"https:\/\/www.link2fleet.com\/fr\/europcar-mobility-group-belgium-presente-ses-solutions-de-mobilite-alternatives-au-salon-wearemobility\/#primaryimage"},"thumbnailUrl":"https:\/\/static.link2fleet.com\/wp-content\/uploads\/2024\/03\/europcar.png","articleSection":["Flex-offices","Mobilit\u00e9"],"inLanguage":"fr-FR"},{"@type":"WebPage","@id":"https:\/\/www.link2fleet.com\/fr\/europcar-mobility-group-belgium-presente-ses-solutions-de-mobilite-alternatives-au-salon-wearemobility\/","url":"https:\/\/www.link2fleet.com\/fr\/europcar-mobility-group-belgium-presente-ses-solutions-de-mobilite-alternatives-au-salon-wearemobility\/","name":"Europcar Mobility Group Belgium pr\u00e9sente ses solutions de mobilit\u00e9 alternatives au salon #WeAreMobility - link2fleet","isPartOf":{"@id":"https:\/\/www.link2fleet.com\/fr\/#website"},"primaryImageOfPage":{"@id":"https:\/\/www.link2fleet.com\/fr\/europcar-mobility-group-belgium-presente-ses-solutions-de-mobilite-alternatives-au-salon-wearemobility\/#primaryimage"},"image":{"@id":"https:\/\/www.link2fleet.com\/fr\/europcar-mobility-group-belgium-presente-ses-solutions-de-mobilite-alternatives-au-salon-wearemobility\/#primaryimage"},"thumbnailUrl":"https:\/\/static.link2fleet.com\/wp-content\/uploads\/2024\/03\/europcar.png","datePublished":"2020-01-10T13:24:24+00:00","breadcrumb":{"@id":"https:\/\/www.link2fleet.com\/fr\/europcar-mobility-group-belgium-presente-ses-solutions-de-mobilite-alternatives-au-salon-wearemobility\/#breadcrumb"},"inLanguage":"fr-FR","potentialAction":[{"@type":"ReadAction","target":["https:\/\/www.link2fleet.com\/fr\/europcar-mobility-group-belgium-presente-ses-solutions-de-mobilite-alternatives-au-salon-wearemobility\/"]}]},{"@type":"ImageObject","inLanguage":"fr-FR","@id":"https:\/\/www.link2fleet.com\/fr\/europcar-mobility-group-belgium-presente-ses-solutions-de-mobilite-alternatives-au-salon-wearemobility\/#primaryimage","url":"https:\/\/static.link2fleet.com\/wp-content\/uploads\/2024\/03\/europcar.png","contentUrl":"https:\/\/static.link2fleet.com\/wp-content\/uploads\/2024\/03\/europcar.png","width":1920,"height":1278,"caption":"|"},{"@type":"BreadcrumbList","@id":"https:\/\/www.link2fleet.com\/fr\/europcar-mobility-group-belgium-presente-ses-solutions-de-mobilite-alternatives-au-salon-wearemobility\/#breadcrumb","itemListElement":[{"@type":"ListItem","position":1,"name":"Home","item":"https:\/\/www.link2fleet.com\/fr\/"},{"@type":"ListItem","position":2,"name":"Europcar Mobility Group Belgium pr\u00e9sente ses solutions de mobilit\u00e9 alternatives au salon #WeAreMobility"}]},{"@type":"WebSite","@id":"https:\/\/www.link2fleet.com\/fr\/#website","url":"https:\/\/www.link2fleet.com\/fr\/","name":"Link2fleet","description":"","publisher":{"@id":"https:\/\/www.link2fleet.com\/fr\/#organization"},"potentialAction":[{"@type":"SearchAction","target":{"@type":"EntryPoint","urlTemplate":"https:\/\/www.link2fleet.com\/fr\/?s={search_term_string}"},"query-input":{"@type":"PropertyValueSpecification","valueRequired":true,"valueName":"search_term_string"}}],"inLanguage":"fr-FR"},{"@type":"Organization","@id":"https:\/\/www.link2fleet.com\/fr\/#organization","name":"Link2fleet","url":"https:\/\/www.link2fleet.com\/fr\/","logo":{"@type":"ImageObject","inLanguage":"fr-FR","@id":"https:\/\/www.link2fleet.com\/fr\/#\/schema\/logo\/image\/","url":"https:\/\/static.link2fleet.com\/wp-content\/uploads\/2024\/03\/share-image.jpg","contentUrl":"https:\/\/static.link2fleet.com\/wp-content\/uploads\/2024\/03\/share-image.jpg","width":1200,"height":630,"caption":"Link2fleet"},"image":{"@id":"https:\/\/www.link2fleet.com\/fr\/#\/schema\/logo\/image\/"},"sameAs":["https:\/\/www.linkedin.com\/company\/link2fleet-belgium","https:\/\/www.youtube.com\/user\/MMMBMBE"]},{"@type":"Person","@id":"https:\/\/www.link2fleet.com\/fr\/#\/schema\/person\/027cd46113c78036b3809c9a054049da","name":"Damien Malvetti","image":{"@type":"ImageObject","inLanguage":"fr-FR","@id":"https:\/\/secure.gravatar.com\/avatar\/dd8cc03b49466c735f753ac37f8caa371af16dfed347456ed61f02883255eebb?s=96&d=mm&r=g","url":"https:\/\/secure.gravatar.com\/avatar\/dd8cc03b49466c735f753ac37f8caa371af16dfed347456ed61f02883255eebb?s=96&d=mm&r=g","contentUrl":"https:\/\/secure.gravatar.com\/avatar\/dd8cc03b49466c735f753ac37f8caa371af16dfed347456ed61f02883255eebb?s=96&d=mm&r=g","caption":"Damien Malvetti"},"description":"Damien Malvetti is opgeleid als journalist en gepassioneerd door wagens, technologie en mobiliteit. Hij is verantwoordelijk voor de redactionele inhoud van link2fleet en beschikt over een uitgebreide kennis van de fleet-sector en elektrische mobiliteit.","sameAs":["https:\/\/www.linkedin.com\/in\/damien-malvetti-56601142\/"]}]}},"_links":{"self":[{"href":"https:\/\/www.link2fleet.com\/fr\/wp-json\/wp\/v2\/posts\/1736","targetHints":{"allow":["GET"]}}],"collection":[{"href":"https:\/\/www.link2fleet.com\/fr\/wp-json\/wp\/v2\/posts"}],"about":[{"href":"https:\/\/www.link2fleet.com\/fr\/wp-json\/wp\/v2\/types\/post"}],"author":[{"embeddable":true,"href":"https:\/\/www.link2fleet.com\/fr\/wp-json\/wp\/v2\/users\/4"}],"replies":[{"embeddable":true,"href":"https:\/\/www.link2fleet.com\/fr\/wp-json\/wp\/v2\/comments?post=1736"}],"version-history":[{"count":0,"href":"https:\/\/www.link2fleet.com\/fr\/wp-json\/wp\/v2\/posts\/1736\/revisions"}],"wp:featuredmedia":[{"embeddable":true,"href":"https:\/\/www.link2fleet.com\/fr\/wp-json\/wp\/v2\/media\/1737"}],"wp:attachment":[{"href":"https:\/\/www.link2fleet.com\/fr\/wp-json\/wp\/v2\/media?parent=1736"}],"wp:term":[{"taxonomy":"category","embeddable":true,"href":"https:\/\/www.link2fleet.com\/fr\/wp-json\/wp\/v2\/categories?post=1736"},{"taxonomy":"post_tag","embeddable":true,"href":"https:\/\/www.link2fleet.com\/fr\/wp-json\/wp\/v2\/tags?post=1736"}],"curies":[{"name":"wp","href":"https:\/\/api.w.org\/{rel}","templated":true}]}}