{"id":1775,"date":"2020-01-13T15:53:27","date_gmt":"2020-01-13T14:53:27","guid":{"rendered":"https:\/\/www.link2fleet.com\/salon-de-lauto-bruxelles-fait-le-plein-de-premieres\/"},"modified":"2020-01-13T15:53:27","modified_gmt":"2020-01-13T14:53:27","slug":"salon-de-lauto-bruxelles-fait-le-plein-de-premieres","status":"publish","type":"post","link":"https:\/\/www.link2fleet.com\/fr\/salon-de-lauto-bruxelles-fait-le-plein-de-premieres\/","title":{"rendered":"Salon de l&rsquo;auto : Bruxelles fait le plein de \u00ab\u00a0premi\u00e8res\u00a0\u00bb"},"content":{"rendered":"\n<p><strong>Audi e-tron Sportback<\/strong><\/p>\n\n\n\n<figure class=\"wp-block-image\"><img decoding=\"async\" src=\"https:\/\/www.link2fleet.com\/wp-content\/uploads\/2020\/01\/salon-bxl-2020_-10-1024x683.jpg\" alt=\"\" class=\"wp-image-1254631\"\/><\/figure>\n\n\n\n<p>Second mod\u00e8le de la gamme full \u00e9lectrique d\u2019Audi, l\u2019e-tron Sportback est un SUV coup\u00e9 disponible avec 2 batteries au choix\u00a0: une\u00a071 kWh\u00a0qui\u00a0d\u00e9veloppe 313 ch\u00a0et\u00a095 kWh\u00a0qui offre\u00a0408 ch. Les autonomies WLTP de ces deux versions sont respectivement de 347 km et 446 km.<\/p>\n\n\n\n<div style=\"height:100px\" aria-hidden=\"true\" class=\"wp-block-spacer\"><\/div>\n\n\n\n<p><strong>BMW S\u00e9rie 2 Gran Coupe<\/strong><\/p>\n\n\n\n<figure class=\"wp-block-image\"><img decoding=\"async\" src=\"https:\/\/www.link2fleet.com\/wp-content\/uploads\/2020\/01\/salon-bxl-2020_-14-1024x683.jpg\" alt=\"\" class=\"wp-image-1254639\"\/><\/figure>\n\n\n\n<p>Si BMW disposait d\u00e9j\u00e0 d\u2019une S\u00e9rie 2 sous forme de coup\u00e9 2 portes, le constructeur bavarois pr\u00e9sente d\u00e9sormais une version 4 portes. Derri\u00e8re une face avant qui rappelle la S\u00e9rie 1, on se trouve ici face \u00e0 une future concurrente de la Mercedes CLA Coup\u00e9, un segment ou BMW \u00e9tait absent jusqu\u2019\u00e0 pr\u00e9sent.<\/p>\n\n\n\n<div style=\"height:100px\" aria-hidden=\"true\" class=\"wp-block-spacer\"><\/div>\n\n\n\n<p><strong>Mercedes GLA<\/strong><\/p>\n\n\n\n<figure class=\"wp-block-image\"><img decoding=\"async\" src=\"https:\/\/www.link2fleet.com\/wp-content\/uploads\/2020\/01\/salon-bxl-2020_-19-1024x683.jpg\" alt=\"\" class=\"wp-image-1254649\"\/><\/figure>\n\n\n\n<p>Chez le concurrent de Stuttgart, c\u2019est la GLA qui fait sa premi\u00e8re apparition \u00e0 Bruxelles. Une version 2020 totalement revue et dont les lignes ont \u00e9t\u00e9 redessin\u00e9es pour lui permettre de se mesurer davantage \u00e0 sa principale concurrente, la BMW X1, qui risque d\u2019avoir un peu de souci \u00e0 se faire\u2026<\/p>\n\n\n\n<div style=\"height:100px\" aria-hidden=\"true\" class=\"wp-block-spacer\"><\/div>\n\n\n\n<p><strong>Nissan Juke<\/strong><\/p>\n\n\n\n<figure class=\"wp-block-image\"><img decoding=\"async\" src=\"https:\/\/www.link2fleet.com\/wp-content\/uploads\/2020\/01\/salon-bxl-2020_-24-1024x683.jpg\" alt=\"\" class=\"wp-image-1254659\"\/><\/figure>\n\n\n\n<p>M\u00eame s\u2019il conserve des \u00e9l\u00e9ments de son pr\u00e9d\u00e9cesseur n\u00e9 il y a 10 ans, le Nissan Juke 2020 se veut un peu plus conventionnel en mati\u00e8re de look. Il en profite pour prendre 7,5 cm de longueur, ce qui le rend plus accueillant encore pour ses occupants.&nbsp;<\/p>\n\n\n\n<div style=\"height:100px\" aria-hidden=\"true\" class=\"wp-block-spacer\"><\/div>\n\n\n\n<p><strong>Opel Insignia<\/strong><\/p>\n\n\n\n<figure class=\"wp-block-image\"><img decoding=\"async\" src=\"https:\/\/www.link2fleet.com\/wp-content\/uploads\/2020\/01\/salon-bxl-2020_-2-1024x683.jpg\" alt=\"\" class=\"wp-image-1254615\"\/><\/figure>\n\n\n\n<p>Sur le stand Opel, c\u2019est la familiale Insignia \u2013 et sa version break Sports Tourer &#8211; qui s\u2019offre une remise \u00e0 niveau de mi-carri\u00e8re. Outre quelques \u00e9volutions stylistiques mineures, c\u2019est surtout au rayon des technologies et motorisations qu\u2019on trouve les plus grandes \u00e9volutions, avec notamment l\u2019arriv\u00e9e de nombreuses aides \u00e0 la conduite.<\/p>\n\n\n\n<div style=\"height:100px\" aria-hidden=\"true\" class=\"wp-block-spacer\"><\/div>\n\n\n\n<p><strong>Peugeot 2008<\/strong><\/p>\n\n\n\n<figure class=\"wp-block-image\"><img decoding=\"async\" src=\"https:\/\/www.link2fleet.com\/wp-content\/uploads\/2020\/01\/salon-bxl-2020_-3-1024x683.jpg\" alt=\"\" class=\"wp-image-1254617\"\/><\/figure>\n\n\n\n<p>C\u2019est en premi\u00e8re europ\u00e9enne que la marque au Lion d\u00e9voile son nouveau SUV 2008 \u00e0 Bruxelles. Dans cette nouvelle version, le \u2018petit\u2019 SUV \u00e9largit ses proportions et se rapproche ainsi un peu plus de son grand fr\u00e8re 3008. Grande nouveaut\u00e9, il sera aussi disponible prochainement dans une version full \u00e9lectrique.<\/p>\n\n\n\n<div style=\"height:100px\" aria-hidden=\"true\" class=\"wp-block-spacer\"><\/div>\n\n\n\n<p><strong>Skoda Octavia<\/strong><\/p>\n\n\n\n<figure class=\"wp-block-image\"><img decoding=\"async\" src=\"https:\/\/www.link2fleet.com\/wp-content\/uploads\/2020\/01\/salon-bxl-2020_-12-1024x683.jpg\" alt=\"\" class=\"wp-image-1254635\"\/><\/figure>\n\n\n\n<p>L\u2019Octavia fait enti\u00e8rement peau neuve en ce d\u00e9but d\u2019ann\u00e9e. Plus grande, plus technologique et surtout plus premium, la familiale de Skoda met tous les atouts de son c\u00f4t\u00e9 pour conserver son titre de \u00ab&nbsp;break le plus vendu en Belgique&nbsp;\u00bb. Avec ses lignes qui rappellent un peu la grande s\u0153ur Superb et le petit SUV Kamiq, elle affiche un look qui plaira \u00e0 coup s\u00fbr&nbsp;!<\/p>\n\n\n\n<div style=\"height:100px\" aria-hidden=\"true\" class=\"wp-block-spacer\"><\/div>\n\n\n\n<p><strong>Volkswagen Golf<\/strong><\/p>\n\n\n\n<figure class=\"wp-block-image\"><img decoding=\"async\" src=\"https:\/\/www.link2fleet.com\/wp-content\/uploads\/2020\/01\/salon-bxl-2020_-8-1024x683.jpg\" alt=\"\" class=\"wp-image-1254627\"\/><\/figure>\n\n\n\n<p>C\u2019est clairement la Star de ce salon de Bruxelles&nbsp;: la nouvelle Golf 8. Voiture pr\u00e9f\u00e9r\u00e9e des belges et 3<sup>e<\/sup>&nbsp;mod\u00e8le le plus vendu aupr\u00e8s des clients professionnels, elle adopte un look dans la droite lign\u00e9e de sa devanci\u00e8re tout en devenant r\u00e9solument plus moderne et en faisant le plein de technologies. A noter que la version 3 portes disparait du catalogue.<\/p>\n","protected":false},"excerpt":{"rendered":"<p>Audi e-tron Sportback Second mod\u00e8le de la gamme full \u00e9lectrique d\u2019Audi, l\u2019e-tron Sportback est un SUV coup\u00e9 disponible avec 2 batteries au choix\u00a0: une\u00a071 kWh\u00a0qui\u00a0d\u00e9veloppe 313 ch\u00a0et\u00a095 kWh\u00a0qui offre\u00a0408 ch. Les autonomies WLTP de ces deux versions sont respectivement de 347 km et 446 km. BMW S\u00e9rie 2 Gran Coupe Si BMW disposait d\u00e9j\u00e0 d\u2019une [&hellip;]<\/p>\n","protected":false},"author":4,"featured_media":1776,"comment_status":"closed","ping_status":"closed","sticky":false,"template":"","format":"standard","meta":{"_acf_changed":false,"footnotes":""},"categories":[135,77,76],"tags":[],"class_list":["post-1775","post","type-post","status-publish","format-standard","has-post-thumbnail","hentry","category-news-fr","category-importateurs-et-constructeurs-automobiles-vp","category-car"],"acf":[],"yoast_head":"<!-- This site is optimized with the Yoast SEO plugin v27.3 - https:\/\/yoast.com\/product\/yoast-seo-wordpress\/ -->\n<title>Salon de l&#039;auto : Bruxelles fait le plein de &quot;premi\u00e8res&quot; - link2fleet<\/title>\n<meta name=\"description\" content=\"Avec pas moins de 12 premi\u00e8res mondiales, le salon de Bruxelles est l\u2019\u00e9v\u00e9nement \u00e0 ne pas manquer en ce d\u00e9but d\u2019ann\u00e9e. Link2fleet a pu arpenter\u2026\" \/>\n<meta name=\"robots\" content=\"index, follow, max-snippet:-1, max-image-preview:large, max-video-preview:-1\" \/>\n<meta property=\"og:locale\" content=\"fr_FR\" \/>\n<meta property=\"og:type\" content=\"article\" \/>\n<meta property=\"og:title\" content=\"Salon de l&#039;auto : Bruxelles fait le plein de &quot;premi\u00e8res&quot; - link2fleet\" \/>\n<meta property=\"og:description\" content=\"Avec pas moins de 12 premi\u00e8res mondiales, le salon de Bruxelles est l\u2019\u00e9v\u00e9nement \u00e0 ne pas manquer en ce d\u00e9but d\u2019ann\u00e9e. Link2fleet a pu arpenter\u2026\" \/>\n<meta property=\"og:url\" content=\"https:\/\/www.link2fleet.com\/fr\/salon-de-lauto-bruxelles-fait-le-plein-de-premieres\/\" \/>\n<meta property=\"og:site_name\" content=\"link2fleet\" \/>\n<meta property=\"article:published_time\" content=\"2020-01-13T14:53:27+00:00\" \/>\n<meta property=\"og:image\" content=\"https:\/\/static.link2fleet.com\/wp-content\/uploads\/2024\/03\/salon-bxl-2020-15.jpg\" \/>\n\t<meta property=\"og:image:width\" content=\"3600\" \/>\n\t<meta property=\"og:image:height\" content=\"2400\" \/>\n\t<meta property=\"og:image:type\" content=\"image\/jpeg\" \/>\n<meta name=\"author\" content=\"Damien Malvetti\" \/>\n<meta name=\"twitter:card\" content=\"summary_large_image\" \/>\n<meta name=\"twitter:description\" content=\"Avec pas moins de 12 premi\u00e8res mondiales, le salon de Bruxelles est l\u2019\u00e9v\u00e9nement \u00e0 ne pas manquer en ce d\u00e9but d\u2019ann\u00e9e. Link2fleet a pu arpenter\u2026\" \/>\n<meta name=\"twitter:label1\" content=\"\u00c9crit par\" \/>\n\t<meta name=\"twitter:data1\" content=\"Damien Malvetti\" \/>\n\t<meta name=\"twitter:label2\" content=\"Dur\u00e9e de lecture estim\u00e9e\" \/>\n\t<meta name=\"twitter:data2\" content=\"2 minutes\" \/>\n<script type=\"application\/ld+json\" class=\"yoast-schema-graph\">{\"@context\":\"https:\\\/\\\/schema.org\",\"@graph\":[{\"@type\":\"Article\",\"@id\":\"https:\\\/\\\/www.link2fleet.com\\\/fr\\\/salon-de-lauto-bruxelles-fait-le-plein-de-premieres\\\/#article\",\"isPartOf\":{\"@id\":\"https:\\\/\\\/www.link2fleet.com\\\/fr\\\/salon-de-lauto-bruxelles-fait-le-plein-de-premieres\\\/\"},\"author\":{\"name\":\"Damien Malvetti\",\"@id\":\"https:\\\/\\\/www.link2fleet.com\\\/fr\\\/#\\\/schema\\\/person\\\/027cd46113c78036b3809c9a054049da\"},\"headline\":\"Salon de l&rsquo;auto : Bruxelles fait le plein de \u00ab\u00a0premi\u00e8res\u00a0\u00bb\",\"datePublished\":\"2020-01-13T14:53:27+00:00\",\"mainEntityOfPage\":{\"@id\":\"https:\\\/\\\/www.link2fleet.com\\\/fr\\\/salon-de-lauto-bruxelles-fait-le-plein-de-premieres\\\/\"},\"wordCount\":486,\"publisher\":{\"@id\":\"https:\\\/\\\/www.link2fleet.com\\\/fr\\\/#organization\"},\"image\":{\"@id\":\"https:\\\/\\\/www.link2fleet.com\\\/fr\\\/salon-de-lauto-bruxelles-fait-le-plein-de-premieres\\\/#primaryimage\"},\"thumbnailUrl\":\"https:\\\/\\\/static.link2fleet.com\\\/wp-content\\\/uploads\\\/2024\\\/03\\\/salon-bxl-2020-15.jpg\",\"articleSection\":[\"Actus\",\"Importateurs et constructeurs\",\"V\u00e9hicules\"],\"inLanguage\":\"fr-FR\"},{\"@type\":\"WebPage\",\"@id\":\"https:\\\/\\\/www.link2fleet.com\\\/fr\\\/salon-de-lauto-bruxelles-fait-le-plein-de-premieres\\\/\",\"url\":\"https:\\\/\\\/www.link2fleet.com\\\/fr\\\/salon-de-lauto-bruxelles-fait-le-plein-de-premieres\\\/\",\"name\":\"Salon de l'auto : Bruxelles fait le plein de \\\"premi\u00e8res\\\" - link2fleet\",\"isPartOf\":{\"@id\":\"https:\\\/\\\/www.link2fleet.com\\\/fr\\\/#website\"},\"primaryImageOfPage\":{\"@id\":\"https:\\\/\\\/www.link2fleet.com\\\/fr\\\/salon-de-lauto-bruxelles-fait-le-plein-de-premieres\\\/#primaryimage\"},\"image\":{\"@id\":\"https:\\\/\\\/www.link2fleet.com\\\/fr\\\/salon-de-lauto-bruxelles-fait-le-plein-de-premieres\\\/#primaryimage\"},\"thumbnailUrl\":\"https:\\\/\\\/static.link2fleet.com\\\/wp-content\\\/uploads\\\/2024\\\/03\\\/salon-bxl-2020-15.jpg\",\"datePublished\":\"2020-01-13T14:53:27+00:00\",\"breadcrumb\":{\"@id\":\"https:\\\/\\\/www.link2fleet.com\\\/fr\\\/salon-de-lauto-bruxelles-fait-le-plein-de-premieres\\\/#breadcrumb\"},\"inLanguage\":\"fr-FR\",\"potentialAction\":[{\"@type\":\"ReadAction\",\"target\":[\"https:\\\/\\\/www.link2fleet.com\\\/fr\\\/salon-de-lauto-bruxelles-fait-le-plein-de-premieres\\\/\"]}]},{\"@type\":\"ImageObject\",\"inLanguage\":\"fr-FR\",\"@id\":\"https:\\\/\\\/www.link2fleet.com\\\/fr\\\/salon-de-lauto-bruxelles-fait-le-plein-de-premieres\\\/#primaryimage\",\"url\":\"https:\\\/\\\/static.link2fleet.com\\\/wp-content\\\/uploads\\\/2024\\\/03\\\/salon-bxl-2020-15.jpg\",\"contentUrl\":\"https:\\\/\\\/static.link2fleet.com\\\/wp-content\\\/uploads\\\/2024\\\/03\\\/salon-bxl-2020-15.jpg\",\"width\":3600,\"height\":2400},{\"@type\":\"BreadcrumbList\",\"@id\":\"https:\\\/\\\/www.link2fleet.com\\\/fr\\\/salon-de-lauto-bruxelles-fait-le-plein-de-premieres\\\/#breadcrumb\",\"itemListElement\":[{\"@type\":\"ListItem\",\"position\":1,\"name\":\"Home\",\"item\":\"https:\\\/\\\/www.link2fleet.com\\\/fr\\\/\"},{\"@type\":\"ListItem\",\"position\":2,\"name\":\"Salon de l&#8217;auto : Bruxelles fait le plein de &#8220;premi\u00e8res&#8221;\"}]},{\"@type\":\"WebSite\",\"@id\":\"https:\\\/\\\/www.link2fleet.com\\\/fr\\\/#website\",\"url\":\"https:\\\/\\\/www.link2fleet.com\\\/fr\\\/\",\"name\":\"Link2fleet\",\"description\":\"\",\"publisher\":{\"@id\":\"https:\\\/\\\/www.link2fleet.com\\\/fr\\\/#organization\"},\"potentialAction\":[{\"@type\":\"SearchAction\",\"target\":{\"@type\":\"EntryPoint\",\"urlTemplate\":\"https:\\\/\\\/www.link2fleet.com\\\/fr\\\/?s={search_term_string}\"},\"query-input\":{\"@type\":\"PropertyValueSpecification\",\"valueRequired\":true,\"valueName\":\"search_term_string\"}}],\"inLanguage\":\"fr-FR\"},{\"@type\":\"Organization\",\"@id\":\"https:\\\/\\\/www.link2fleet.com\\\/fr\\\/#organization\",\"name\":\"Link2fleet\",\"url\":\"https:\\\/\\\/www.link2fleet.com\\\/fr\\\/\",\"logo\":{\"@type\":\"ImageObject\",\"inLanguage\":\"fr-FR\",\"@id\":\"https:\\\/\\\/www.link2fleet.com\\\/fr\\\/#\\\/schema\\\/logo\\\/image\\\/\",\"url\":\"https:\\\/\\\/static.link2fleet.com\\\/wp-content\\\/uploads\\\/2024\\\/03\\\/share-image.jpg\",\"contentUrl\":\"https:\\\/\\\/static.link2fleet.com\\\/wp-content\\\/uploads\\\/2024\\\/03\\\/share-image.jpg\",\"width\":1200,\"height\":630,\"caption\":\"Link2fleet\"},\"image\":{\"@id\":\"https:\\\/\\\/www.link2fleet.com\\\/fr\\\/#\\\/schema\\\/logo\\\/image\\\/\"},\"sameAs\":[\"https:\\\/\\\/www.linkedin.com\\\/company\\\/link2fleet-belgium\",\"https:\\\/\\\/www.youtube.com\\\/user\\\/MMMBMBE\"]},{\"@type\":\"Person\",\"@id\":\"https:\\\/\\\/www.link2fleet.com\\\/fr\\\/#\\\/schema\\\/person\\\/027cd46113c78036b3809c9a054049da\",\"name\":\"Damien Malvetti\",\"image\":{\"@type\":\"ImageObject\",\"inLanguage\":\"fr-FR\",\"@id\":\"https:\\\/\\\/secure.gravatar.com\\\/avatar\\\/dd8cc03b49466c735f753ac37f8caa371af16dfed347456ed61f02883255eebb?s=96&d=mm&r=g\",\"url\":\"https:\\\/\\\/secure.gravatar.com\\\/avatar\\\/dd8cc03b49466c735f753ac37f8caa371af16dfed347456ed61f02883255eebb?s=96&d=mm&r=g\",\"contentUrl\":\"https:\\\/\\\/secure.gravatar.com\\\/avatar\\\/dd8cc03b49466c735f753ac37f8caa371af16dfed347456ed61f02883255eebb?s=96&d=mm&r=g\",\"caption\":\"Damien Malvetti\"},\"description\":\"Damien Malvetti is opgeleid als journalist en gepassioneerd door wagens, technologie en mobiliteit. Hij is verantwoordelijk voor de redactionele inhoud van link2fleet en beschikt over een uitgebreide kennis van de fleet-sector en elektrische mobiliteit.\",\"sameAs\":[\"https:\\\/\\\/www.linkedin.com\\\/in\\\/damien-malvetti-56601142\\\/\"]}]}<\/script>\n<!-- \/ Yoast SEO plugin. -->","yoast_head_json":{"title":"Salon de l'auto : Bruxelles fait le plein de \"premi\u00e8res\" - link2fleet","description":"Avec pas moins de 12 premi\u00e8res mondiales, le salon de Bruxelles est l\u2019\u00e9v\u00e9nement \u00e0 ne pas manquer en ce d\u00e9but d\u2019ann\u00e9e. Link2fleet a pu arpenter\u2026","robots":{"index":"index","follow":"follow","max-snippet":"max-snippet:-1","max-image-preview":"max-image-preview:large","max-video-preview":"max-video-preview:-1"},"og_locale":"fr_FR","og_type":"article","og_title":"Salon de l'auto : Bruxelles fait le plein de \"premi\u00e8res\" - link2fleet","og_description":"Avec pas moins de 12 premi\u00e8res mondiales, le salon de Bruxelles est l\u2019\u00e9v\u00e9nement \u00e0 ne pas manquer en ce d\u00e9but d\u2019ann\u00e9e. Link2fleet a pu arpenter\u2026","og_url":"https:\/\/www.link2fleet.com\/fr\/salon-de-lauto-bruxelles-fait-le-plein-de-premieres\/","og_site_name":"link2fleet","article_published_time":"2020-01-13T14:53:27+00:00","og_image":[{"width":3600,"height":2400,"url":"https:\/\/static.link2fleet.com\/wp-content\/uploads\/2024\/03\/salon-bxl-2020-15.jpg","type":"image\/jpeg"}],"author":"Damien Malvetti","twitter_card":"summary_large_image","twitter_description":"Avec pas moins de 12 premi\u00e8res mondiales, le salon de Bruxelles est l\u2019\u00e9v\u00e9nement \u00e0 ne pas manquer en ce d\u00e9but d\u2019ann\u00e9e. Link2fleet a pu arpenter\u2026","twitter_misc":{"\u00c9crit par":"Damien Malvetti","Dur\u00e9e de lecture estim\u00e9e":"2 minutes"},"schema":{"@context":"https:\/\/schema.org","@graph":[{"@type":"Article","@id":"https:\/\/www.link2fleet.com\/fr\/salon-de-lauto-bruxelles-fait-le-plein-de-premieres\/#article","isPartOf":{"@id":"https:\/\/www.link2fleet.com\/fr\/salon-de-lauto-bruxelles-fait-le-plein-de-premieres\/"},"author":{"name":"Damien Malvetti","@id":"https:\/\/www.link2fleet.com\/fr\/#\/schema\/person\/027cd46113c78036b3809c9a054049da"},"headline":"Salon de l&rsquo;auto : Bruxelles fait le plein de \u00ab\u00a0premi\u00e8res\u00a0\u00bb","datePublished":"2020-01-13T14:53:27+00:00","mainEntityOfPage":{"@id":"https:\/\/www.link2fleet.com\/fr\/salon-de-lauto-bruxelles-fait-le-plein-de-premieres\/"},"wordCount":486,"publisher":{"@id":"https:\/\/www.link2fleet.com\/fr\/#organization"},"image":{"@id":"https:\/\/www.link2fleet.com\/fr\/salon-de-lauto-bruxelles-fait-le-plein-de-premieres\/#primaryimage"},"thumbnailUrl":"https:\/\/static.link2fleet.com\/wp-content\/uploads\/2024\/03\/salon-bxl-2020-15.jpg","articleSection":["Actus","Importateurs et constructeurs","V\u00e9hicules"],"inLanguage":"fr-FR"},{"@type":"WebPage","@id":"https:\/\/www.link2fleet.com\/fr\/salon-de-lauto-bruxelles-fait-le-plein-de-premieres\/","url":"https:\/\/www.link2fleet.com\/fr\/salon-de-lauto-bruxelles-fait-le-plein-de-premieres\/","name":"Salon de l'auto : Bruxelles fait le plein de \"premi\u00e8res\" - link2fleet","isPartOf":{"@id":"https:\/\/www.link2fleet.com\/fr\/#website"},"primaryImageOfPage":{"@id":"https:\/\/www.link2fleet.com\/fr\/salon-de-lauto-bruxelles-fait-le-plein-de-premieres\/#primaryimage"},"image":{"@id":"https:\/\/www.link2fleet.com\/fr\/salon-de-lauto-bruxelles-fait-le-plein-de-premieres\/#primaryimage"},"thumbnailUrl":"https:\/\/static.link2fleet.com\/wp-content\/uploads\/2024\/03\/salon-bxl-2020-15.jpg","datePublished":"2020-01-13T14:53:27+00:00","breadcrumb":{"@id":"https:\/\/www.link2fleet.com\/fr\/salon-de-lauto-bruxelles-fait-le-plein-de-premieres\/#breadcrumb"},"inLanguage":"fr-FR","potentialAction":[{"@type":"ReadAction","target":["https:\/\/www.link2fleet.com\/fr\/salon-de-lauto-bruxelles-fait-le-plein-de-premieres\/"]}]},{"@type":"ImageObject","inLanguage":"fr-FR","@id":"https:\/\/www.link2fleet.com\/fr\/salon-de-lauto-bruxelles-fait-le-plein-de-premieres\/#primaryimage","url":"https:\/\/static.link2fleet.com\/wp-content\/uploads\/2024\/03\/salon-bxl-2020-15.jpg","contentUrl":"https:\/\/static.link2fleet.com\/wp-content\/uploads\/2024\/03\/salon-bxl-2020-15.jpg","width":3600,"height":2400},{"@type":"BreadcrumbList","@id":"https:\/\/www.link2fleet.com\/fr\/salon-de-lauto-bruxelles-fait-le-plein-de-premieres\/#breadcrumb","itemListElement":[{"@type":"ListItem","position":1,"name":"Home","item":"https:\/\/www.link2fleet.com\/fr\/"},{"@type":"ListItem","position":2,"name":"Salon de l&#8217;auto : Bruxelles fait le plein de &#8220;premi\u00e8res&#8221;"}]},{"@type":"WebSite","@id":"https:\/\/www.link2fleet.com\/fr\/#website","url":"https:\/\/www.link2fleet.com\/fr\/","name":"Link2fleet","description":"","publisher":{"@id":"https:\/\/www.link2fleet.com\/fr\/#organization"},"potentialAction":[{"@type":"SearchAction","target":{"@type":"EntryPoint","urlTemplate":"https:\/\/www.link2fleet.com\/fr\/?s={search_term_string}"},"query-input":{"@type":"PropertyValueSpecification","valueRequired":true,"valueName":"search_term_string"}}],"inLanguage":"fr-FR"},{"@type":"Organization","@id":"https:\/\/www.link2fleet.com\/fr\/#organization","name":"Link2fleet","url":"https:\/\/www.link2fleet.com\/fr\/","logo":{"@type":"ImageObject","inLanguage":"fr-FR","@id":"https:\/\/www.link2fleet.com\/fr\/#\/schema\/logo\/image\/","url":"https:\/\/static.link2fleet.com\/wp-content\/uploads\/2024\/03\/share-image.jpg","contentUrl":"https:\/\/static.link2fleet.com\/wp-content\/uploads\/2024\/03\/share-image.jpg","width":1200,"height":630,"caption":"Link2fleet"},"image":{"@id":"https:\/\/www.link2fleet.com\/fr\/#\/schema\/logo\/image\/"},"sameAs":["https:\/\/www.linkedin.com\/company\/link2fleet-belgium","https:\/\/www.youtube.com\/user\/MMMBMBE"]},{"@type":"Person","@id":"https:\/\/www.link2fleet.com\/fr\/#\/schema\/person\/027cd46113c78036b3809c9a054049da","name":"Damien Malvetti","image":{"@type":"ImageObject","inLanguage":"fr-FR","@id":"https:\/\/secure.gravatar.com\/avatar\/dd8cc03b49466c735f753ac37f8caa371af16dfed347456ed61f02883255eebb?s=96&d=mm&r=g","url":"https:\/\/secure.gravatar.com\/avatar\/dd8cc03b49466c735f753ac37f8caa371af16dfed347456ed61f02883255eebb?s=96&d=mm&r=g","contentUrl":"https:\/\/secure.gravatar.com\/avatar\/dd8cc03b49466c735f753ac37f8caa371af16dfed347456ed61f02883255eebb?s=96&d=mm&r=g","caption":"Damien Malvetti"},"description":"Damien Malvetti is opgeleid als journalist en gepassioneerd door wagens, technologie en mobiliteit. Hij is verantwoordelijk voor de redactionele inhoud van link2fleet en beschikt over een uitgebreide kennis van de fleet-sector en elektrische mobiliteit.","sameAs":["https:\/\/www.linkedin.com\/in\/damien-malvetti-56601142\/"]}]}},"_links":{"self":[{"href":"https:\/\/www.link2fleet.com\/fr\/wp-json\/wp\/v2\/posts\/1775","targetHints":{"allow":["GET"]}}],"collection":[{"href":"https:\/\/www.link2fleet.com\/fr\/wp-json\/wp\/v2\/posts"}],"about":[{"href":"https:\/\/www.link2fleet.com\/fr\/wp-json\/wp\/v2\/types\/post"}],"author":[{"embeddable":true,"href":"https:\/\/www.link2fleet.com\/fr\/wp-json\/wp\/v2\/users\/4"}],"replies":[{"embeddable":true,"href":"https:\/\/www.link2fleet.com\/fr\/wp-json\/wp\/v2\/comments?post=1775"}],"version-history":[{"count":0,"href":"https:\/\/www.link2fleet.com\/fr\/wp-json\/wp\/v2\/posts\/1775\/revisions"}],"wp:featuredmedia":[{"embeddable":true,"href":"https:\/\/www.link2fleet.com\/fr\/wp-json\/wp\/v2\/media\/1776"}],"wp:attachment":[{"href":"https:\/\/www.link2fleet.com\/fr\/wp-json\/wp\/v2\/media?parent=1775"}],"wp:term":[{"taxonomy":"category","embeddable":true,"href":"https:\/\/www.link2fleet.com\/fr\/wp-json\/wp\/v2\/categories?post=1775"},{"taxonomy":"post_tag","embeddable":true,"href":"https:\/\/www.link2fleet.com\/fr\/wp-json\/wp\/v2\/tags?post=1775"}],"curies":[{"name":"wp","href":"https:\/\/api.w.org\/{rel}","templated":true}]}}