{"id":1778,"date":"2020-01-14T08:04:04","date_gmt":"2020-01-14T07:04:04","guid":{"rendered":"https:\/\/www.link2fleet.com\/salon-de-lauto-de-bruxelles-lelectrification-a-tout-va\/"},"modified":"2020-01-14T08:04:04","modified_gmt":"2020-01-14T07:04:04","slug":"salon-de-lauto-de-bruxelles-lelectrification-a-tout-va","status":"publish","type":"post","link":"https:\/\/www.link2fleet.com\/fr\/salon-de-lauto-de-bruxelles-lelectrification-a-tout-va\/","title":{"rendered":"Bruxelles joue la carte de l&rsquo;\u00e9lectrification"},"content":{"rendered":"\n<p><strong>Hybrides et PHEV<\/strong><\/p>\n\n\n\n<p>Le plug-in hybride a d\u00e9cid\u00e9ment la cote aupr\u00e8s des constructeurs. Et notamment chez les fran\u00e7ais. Au sein du groupe PSA, il fait une entr\u00e9e fracassante dans de nombreux segments. C\u2019est ainsi que la C5 Aircross se dote d\u00e9sormais d\u2019une version rechargeable, tout comme la DS7 Crossback et sa version e-tense. Peugeot dote pour sa part ses 508, 508 SW et 3008 d\u2019une version hybride plug-in, tandis que chez Opel, c\u2019est le Grandland X qui b\u00e9n\u00e9ficie de cette possibilit\u00e9.&nbsp;<\/p>\n\n\n\n<p>Du c\u00f4t\u00e9 de Renault, le nouveau Captur devient aussi hybride rechargeable, tandis que la petite Clio propose une version full hybride (qui se recharge en toute autonomie).&nbsp;<\/p>\n\n\n\n<p>Chez Kia, c\u2019est la toute nouvelle X-Ceed qui embarque d\u00e9sormais la technologie PHEV d\u00e9j\u00e0 disponible sur Ceed SW et Niro, tandis que Ford a mis le paquet avec la pr\u00e9sentation des Puma, Kuga et Explorer PHEV, ainsi qu\u2019avec les Fiesta et Focus \u00e0 hybridation douce.&nbsp;<\/p>\n\n\n\n<p>On notera aussi l\u2019arriv\u00e9e d\u2019une motorisation PHEV chez Jeep, sur la Renegade.<\/p>\n\n\n\n<p>Enfin, chez Skoda, c\u2019est la grande familiale Superb qui se d\u00e9voile dans une version plug-in hybride qui devrait ravir les taxis.<\/p>\n\n\n\n<ul class=\"wp-block-gallery columns-3 is-cropped wp-block-gallery-1 is-layout-flex wp-block-gallery-is-layout-flex\"><li class=\"blocks-gallery-item\"><figure><a href=\"https:\/\/www.link2fleet.com\/wp-content\/uploads\/2020\/01\/salon-bxl-2020_-33-1024x683.jpg\"><img decoding=\"async\" src=\"https:\/\/www.link2fleet.com\/wp-content\/uploads\/2020\/01\/salon-bxl-2020_-33-1024x683.jpg\" alt=\"\" data-id=\"1254677\" data-link=\"https:\/\/www.link2fleet.com\/fr\/salon-bxl-2020_-33\/\" class=\"wp-image-1254677\"\/><\/a><\/figure><\/li><li class=\"blocks-gallery-item\"><figure><a href=\"https:\/\/www.link2fleet.com\/wp-content\/uploads\/2020\/01\/salon-bxl-2020_-32-1024x683.jpg\"><img decoding=\"async\" src=\"https:\/\/www.link2fleet.com\/wp-content\/uploads\/2020\/01\/salon-bxl-2020_-32-1024x683.jpg\" alt=\"\" data-id=\"1254675\" data-link=\"https:\/\/www.link2fleet.com\/fr\/salon-bxl-2020_-32\/\" class=\"wp-image-1254675\"\/><\/a><\/figure><\/li><li class=\"blocks-gallery-item\"><figure><a href=\"https:\/\/www.link2fleet.com\/wp-content\/uploads\/2020\/01\/salon-bxl-2020_-28-1024x683.jpg\"><img decoding=\"async\" src=\"https:\/\/www.link2fleet.com\/wp-content\/uploads\/2020\/01\/salon-bxl-2020_-28-1024x683.jpg\" alt=\"\" data-id=\"1254667\" data-link=\"https:\/\/www.link2fleet.com\/fr\/salon-bxl-2020_-28\/\" class=\"wp-image-1254667\"\/><\/a><\/figure><\/li><li class=\"blocks-gallery-item\"><figure><a href=\"https:\/\/www.link2fleet.com\/wp-content\/uploads\/2020\/01\/salon-bxl-2020_-27-1024x683.jpg\"><img decoding=\"async\" src=\"https:\/\/www.link2fleet.com\/wp-content\/uploads\/2020\/01\/salon-bxl-2020_-27-1024x683.jpg\" alt=\"\" data-id=\"1254665\" data-link=\"https:\/\/www.link2fleet.com\/fr\/salon-bxl-2020_-27\/\" class=\"wp-image-1254665\"\/><\/a><\/figure><\/li><li class=\"blocks-gallery-item\"><figure><a href=\"https:\/\/www.link2fleet.com\/wp-content\/uploads\/2020\/01\/salon-bxl-2020_-26-1024x683.jpg\"><img decoding=\"async\" src=\"https:\/\/www.link2fleet.com\/wp-content\/uploads\/2020\/01\/salon-bxl-2020_-26-1024x683.jpg\" alt=\"\" data-id=\"1254663\" data-link=\"https:\/\/www.link2fleet.com\/fr\/salon-bxl-2020_-26\/\" class=\"wp-image-1254663\"\/><\/a><\/figure><\/li><li class=\"blocks-gallery-item\"><figure><a href=\"https:\/\/www.link2fleet.com\/wp-content\/uploads\/2020\/01\/salon-bxl-2020_-23-1024x683.jpg\"><img decoding=\"async\" src=\"https:\/\/www.link2fleet.com\/wp-content\/uploads\/2020\/01\/salon-bxl-2020_-23-1024x683.jpg\" alt=\"\" data-id=\"1254657\" data-link=\"https:\/\/www.link2fleet.com\/fr\/salon-bxl-2020_-23\/\" class=\"wp-image-1254657\"\/><\/a><\/figure><\/li><li class=\"blocks-gallery-item\"><figure><a href=\"https:\/\/www.link2fleet.com\/wp-content\/uploads\/2020\/01\/salon-bxl-2020_-22-1024x683.jpg\"><img decoding=\"async\" src=\"https:\/\/www.link2fleet.com\/wp-content\/uploads\/2020\/01\/salon-bxl-2020_-22-1024x683.jpg\" alt=\"\" data-id=\"1254655\" data-link=\"https:\/\/www.link2fleet.com\/fr\/salon-bxl-2020_-22\/\" class=\"wp-image-1254655\"\/><\/a><\/figure><\/li><li class=\"blocks-gallery-item\"><figure><a href=\"https:\/\/www.link2fleet.com\/wp-content\/uploads\/2020\/01\/salon-bxl-2020_-3-1024x683.jpg\"><img decoding=\"async\" src=\"https:\/\/www.link2fleet.com\/wp-content\/uploads\/2020\/01\/salon-bxl-2020_-3-1024x683.jpg\" alt=\"\" data-id=\"1254617\" data-link=\"https:\/\/www.link2fleet.com\/fr\/salon-bxl-2020_-3\/\" class=\"wp-image-1254617\"\/><\/a><\/figure><\/li><\/ul>\n\n\n\n<div style=\"height:41px\" aria-hidden=\"true\" class=\"wp-block-spacer\"><\/div>\n\n\n\n<p><strong>Full \u00e9lectrique<\/strong><\/p>\n\n\n\n<p>Si jusqu\u2019\u00e0 pr\u00e9sent, l\u2019offre de voitures \u00e9lectriques se limitait \u00e0 des mod\u00e8les on\u00e9reux et \u00e0 l\u2019autonomie d\u00e9risoire, le salon de Bruxelles inaugure une nouvelle \u00e8re. D\u00e9sormais, en plus d\u2019afficher une autonomie suffisante pour la plupart des usages quotidiens, la voiture \u00e9lectrique se veut souvent tr\u00e8s proche des autres mod\u00e8les des gammes, mais aussi plus accessible financi\u00e8rement. C\u2019est ainsi que des mod\u00e8les tels que la Peugeot e-208 ou sa cousine germaine l\u2019Opel Corsa e font leur arriv\u00e9e sur le march\u00e9 avec une autonomie de plus de 330 km. Dans une gamme un peu plus \u00e9lev\u00e9e, on pointera du doigt la Peugeot e-2008 (300 km), tandis qu\u2019au sein du segment des petites citadines, on notera la possibilit\u00e9 d\u2019opter pour l\u2019e-Up de Volkswagen, mais aussi la Citigo e-iV de Skoda et la Mii electric de Seat, auxquelles vient encore s\u2019ajouter la toute nouvelle Honda e, toutes affichant un peu plus de 200 km d\u2019autonomie. Volkswagen signe aussi \u00e0 Bruxelles le lancement officiel de sa gamme ID avec la commercialisation de l\u2019ID3, sorte de Golf enti\u00e8rement \u00e9lectrique affichant entre 400 et 600 km d\u2019autonomie.&nbsp;<\/p>\n\n\n\n<p>Au rayon SUV, Mazda d\u00e9voile sa MX-30, premier mod\u00e8le \u00e9lectrique proposant un peu plus de 200 km, DS dote sa DS3 Crossback d\u2019une version e-tense avec plus de 300 km, tandis que l\u2019e-tron Sportback d\u2019Audi en annonce pr\u00e8s de 450.&nbsp;<\/p>\n\n\n\n<p>Enfin, la marque MG est aussi pr\u00e9sente avec un stand pour annoncer sa renaissance qui sera, elle aussi, enti\u00e8rement \u00e9lectrique.<\/p>\n\n\n\n<p>C\u00f4t\u00e9 tarif, si certains mod\u00e8les risquent de flirter avec la barre des 80.000 euros, d\u2019autres affichent un prix de base \u00e0 peine au-dessus des 20.000 euros, de quoi rendre la voiture \u00e9lectrique un peu plus populaire.<\/p>\n\n\n\n<ul class=\"wp-block-gallery columns-3 is-cropped wp-block-gallery-2 is-layout-flex wp-block-gallery-is-layout-flex\"><li class=\"blocks-gallery-item\"><figure><a href=\"https:\/\/www.link2fleet.com\/wp-content\/uploads\/2020\/01\/salon-bxl-2020_-34-1024x683.jpg\"><img decoding=\"async\" src=\"https:\/\/www.link2fleet.com\/wp-content\/uploads\/2020\/01\/salon-bxl-2020_-34-1024x683.jpg\" alt=\"\" data-id=\"1254679\" data-link=\"https:\/\/www.link2fleet.com\/fr\/salon-bxl-2020_-34\/\" class=\"wp-image-1254679\"\/><\/a><\/figure><\/li><li class=\"blocks-gallery-item\"><figure><a href=\"https:\/\/www.link2fleet.com\/wp-content\/uploads\/2020\/01\/salon-bxl-2020_-30-1024x683.jpg\"><img decoding=\"async\" src=\"https:\/\/www.link2fleet.com\/wp-content\/uploads\/2020\/01\/salon-bxl-2020_-30-1024x683.jpg\" alt=\"\" data-id=\"1254671\" data-link=\"https:\/\/www.link2fleet.com\/fr\/salon-bxl-2020_-30\/\" class=\"wp-image-1254671\"\/><\/a><\/figure><\/li><li class=\"blocks-gallery-item\"><figure><a href=\"https:\/\/www.link2fleet.com\/wp-content\/uploads\/2020\/01\/salon-bxl-2020_-25-1024x683.jpg\"><img decoding=\"async\" src=\"https:\/\/www.link2fleet.com\/wp-content\/uploads\/2020\/01\/salon-bxl-2020_-25-1024x683.jpg\" alt=\"\" data-id=\"1254661\" data-link=\"https:\/\/www.link2fleet.com\/fr\/salon-bxl-2020_-25\/\" class=\"wp-image-1254661\"\/><\/a><\/figure><\/li><li class=\"blocks-gallery-item\"><figure><a href=\"https:\/\/www.link2fleet.com\/wp-content\/uploads\/2020\/01\/salon-bxl-2020_-10-1024x683.jpg\"><img decoding=\"async\" src=\"https:\/\/www.link2fleet.com\/wp-content\/uploads\/2020\/01\/salon-bxl-2020_-10-1024x683.jpg\" alt=\"\" data-id=\"1254631\" data-link=\"https:\/\/www.link2fleet.com\/fr\/salon-bxl-2020_-10\/\" class=\"wp-image-1254631\"\/><\/a><\/figure><\/li><li class=\"blocks-gallery-item\"><figure><a href=\"https:\/\/www.link2fleet.com\/wp-content\/uploads\/2020\/01\/salon-bxl-2020_-7-1024x683.jpg\"><img decoding=\"async\" src=\"https:\/\/www.link2fleet.com\/wp-content\/uploads\/2020\/01\/salon-bxl-2020_-7-1024x683.jpg\" alt=\"\" data-id=\"1254625\" data-link=\"https:\/\/www.link2fleet.com\/fr\/salon-bxl-2020_-7\/\" class=\"wp-image-1254625\"\/><\/a><\/figure><\/li><li class=\"blocks-gallery-item\"><figure><a href=\"https:\/\/www.link2fleet.com\/wp-content\/uploads\/2020\/01\/salon-bxl-2020_-5-1024x683.jpg\"><img decoding=\"async\" src=\"https:\/\/www.link2fleet.com\/wp-content\/uploads\/2020\/01\/salon-bxl-2020_-5-1024x683.jpg\" alt=\"\" data-id=\"1254621\" data-link=\"https:\/\/www.link2fleet.com\/fr\/salon-bxl-2020_-5\/\" class=\"wp-image-1254621\"\/><\/a><\/figure><\/li><\/ul>\n\n\n\n<p><strong>CNG<\/strong><\/p>\n\n\n\n<p>Peut-\u00eatre un peu plus discret, le CNG ne se laisse toutefois pas oublier. En t\u00e9moigne la nouvelle A5 Sportback g-tron pr\u00e9sente qui tr\u00f4ne sur le stand Audi, ainsi que l\u2019offre phare de Seat qui propose le CNG au prix de l\u2019essence sur ses Arona, Leon, Leon break et Ibiza).&nbsp;<\/p>\n\n\n\n<p>Ssang-Yong mise aussi sur cette technologie en d\u00e9voilant ses Tivoli et Korando avec des motorisations au gaz naturel comprim\u00e9.<\/p>\n","protected":false},"excerpt":{"rendered":"<p>Hybrides et PHEV Le plug-in hybride a d\u00e9cid\u00e9ment la cote aupr\u00e8s des constructeurs. Et notamment chez les fran\u00e7ais. Au sein du groupe PSA, il fait une entr\u00e9e fracassante dans de nombreux segments. C\u2019est ainsi que la C5 Aircross se dote d\u00e9sormais d\u2019une version rechargeable, tout comme la DS7 Crossback et sa version e-tense. Peugeot dote [&hellip;]<\/p>\n","protected":false},"author":4,"featured_media":1779,"comment_status":"closed","ping_status":"closed","sticky":false,"template":"","format":"standard","meta":{"_acf_changed":false,"footnotes":""},"categories":[135,77,76],"tags":[],"class_list":["post-1778","post","type-post","status-publish","format-standard","has-post-thumbnail","hentry","category-news-fr","category-importateurs-et-constructeurs-automobiles-vp","category-car"],"acf":[],"yoast_head":"<!-- This site is optimized with the Yoast SEO plugin v27.3 - https:\/\/yoast.com\/product\/yoast-seo-wordpress\/ -->\n<title>Bruxelles joue la carte de l&#039;\u00e9lectrification - link2fleet<\/title>\n<meta name=\"description\" content=\"Outre les nouveaut\u00e9s \u00ab traditionnelles \u00bb, la 98e \u00e9dition du salon de l\u2019auto de Bruxelles pr\u00e9sente aussi toute une s\u00e9rie de nouveau mod\u00e8les \u00e0 propulsions\u2026\" \/>\n<meta name=\"robots\" content=\"index, follow, max-snippet:-1, max-image-preview:large, max-video-preview:-1\" \/>\n<meta property=\"og:locale\" content=\"fr_FR\" \/>\n<meta property=\"og:type\" content=\"article\" \/>\n<meta property=\"og:title\" content=\"Bruxelles joue la carte de l&#039;\u00e9lectrification - link2fleet\" \/>\n<meta property=\"og:description\" content=\"Outre les nouveaut\u00e9s \u00ab traditionnelles \u00bb, la 98e \u00e9dition du salon de l\u2019auto de Bruxelles pr\u00e9sente aussi toute une s\u00e9rie de nouveau mod\u00e8les \u00e0 propulsions\u2026\" \/>\n<meta property=\"og:url\" content=\"https:\/\/www.link2fleet.com\/fr\/salon-de-lauto-de-bruxelles-lelectrification-a-tout-va\/\" \/>\n<meta property=\"og:site_name\" content=\"link2fleet\" \/>\n<meta property=\"article:published_time\" content=\"2020-01-14T07:04:04+00:00\" \/>\n<meta property=\"og:image\" content=\"https:\/\/static.link2fleet.com\/wp-content\/uploads\/2024\/03\/salon-bxl-2020-7.jpg\" \/>\n\t<meta property=\"og:image:width\" content=\"3600\" \/>\n\t<meta property=\"og:image:height\" content=\"2400\" \/>\n\t<meta property=\"og:image:type\" content=\"image\/jpeg\" \/>\n<meta name=\"author\" content=\"Damien Malvetti\" \/>\n<meta name=\"twitter:card\" content=\"summary_large_image\" \/>\n<meta name=\"twitter:description\" content=\"Outre les nouveaut\u00e9s \u00ab traditionnelles \u00bb, la 98e \u00e9dition du salon de l\u2019auto de Bruxelles pr\u00e9sente aussi toute une s\u00e9rie de nouveau mod\u00e8les \u00e0 propulsions\u2026\" \/>\n<meta name=\"twitter:label1\" content=\"\u00c9crit par\" \/>\n\t<meta name=\"twitter:data1\" content=\"Damien Malvetti\" \/>\n\t<meta name=\"twitter:label2\" content=\"Dur\u00e9e de lecture estim\u00e9e\" \/>\n\t<meta name=\"twitter:data2\" content=\"3 minutes\" \/>\n<script type=\"application\/ld+json\" class=\"yoast-schema-graph\">{\"@context\":\"https:\\\/\\\/schema.org\",\"@graph\":[{\"@type\":\"Article\",\"@id\":\"https:\\\/\\\/www.link2fleet.com\\\/fr\\\/salon-de-lauto-de-bruxelles-lelectrification-a-tout-va\\\/#article\",\"isPartOf\":{\"@id\":\"https:\\\/\\\/www.link2fleet.com\\\/fr\\\/salon-de-lauto-de-bruxelles-lelectrification-a-tout-va\\\/\"},\"author\":{\"name\":\"Damien Malvetti\",\"@id\":\"https:\\\/\\\/www.link2fleet.com\\\/fr\\\/#\\\/schema\\\/person\\\/027cd46113c78036b3809c9a054049da\"},\"headline\":\"Bruxelles joue la carte de l&rsquo;\u00e9lectrification\",\"datePublished\":\"2020-01-14T07:04:04+00:00\",\"mainEntityOfPage\":{\"@id\":\"https:\\\/\\\/www.link2fleet.com\\\/fr\\\/salon-de-lauto-de-bruxelles-lelectrification-a-tout-va\\\/\"},\"wordCount\":593,\"publisher\":{\"@id\":\"https:\\\/\\\/www.link2fleet.com\\\/fr\\\/#organization\"},\"image\":{\"@id\":\"https:\\\/\\\/www.link2fleet.com\\\/fr\\\/salon-de-lauto-de-bruxelles-lelectrification-a-tout-va\\\/#primaryimage\"},\"thumbnailUrl\":\"https:\\\/\\\/static.link2fleet.com\\\/wp-content\\\/uploads\\\/2024\\\/03\\\/salon-bxl-2020-7.jpg\",\"articleSection\":[\"Actus\",\"Importateurs et constructeurs\",\"V\u00e9hicules\"],\"inLanguage\":\"fr-FR\"},{\"@type\":\"WebPage\",\"@id\":\"https:\\\/\\\/www.link2fleet.com\\\/fr\\\/salon-de-lauto-de-bruxelles-lelectrification-a-tout-va\\\/\",\"url\":\"https:\\\/\\\/www.link2fleet.com\\\/fr\\\/salon-de-lauto-de-bruxelles-lelectrification-a-tout-va\\\/\",\"name\":\"Bruxelles joue la carte de l'\u00e9lectrification - link2fleet\",\"isPartOf\":{\"@id\":\"https:\\\/\\\/www.link2fleet.com\\\/fr\\\/#website\"},\"primaryImageOfPage\":{\"@id\":\"https:\\\/\\\/www.link2fleet.com\\\/fr\\\/salon-de-lauto-de-bruxelles-lelectrification-a-tout-va\\\/#primaryimage\"},\"image\":{\"@id\":\"https:\\\/\\\/www.link2fleet.com\\\/fr\\\/salon-de-lauto-de-bruxelles-lelectrification-a-tout-va\\\/#primaryimage\"},\"thumbnailUrl\":\"https:\\\/\\\/static.link2fleet.com\\\/wp-content\\\/uploads\\\/2024\\\/03\\\/salon-bxl-2020-7.jpg\",\"datePublished\":\"2020-01-14T07:04:04+00:00\",\"breadcrumb\":{\"@id\":\"https:\\\/\\\/www.link2fleet.com\\\/fr\\\/salon-de-lauto-de-bruxelles-lelectrification-a-tout-va\\\/#breadcrumb\"},\"inLanguage\":\"fr-FR\",\"potentialAction\":[{\"@type\":\"ReadAction\",\"target\":[\"https:\\\/\\\/www.link2fleet.com\\\/fr\\\/salon-de-lauto-de-bruxelles-lelectrification-a-tout-va\\\/\"]}]},{\"@type\":\"ImageObject\",\"inLanguage\":\"fr-FR\",\"@id\":\"https:\\\/\\\/www.link2fleet.com\\\/fr\\\/salon-de-lauto-de-bruxelles-lelectrification-a-tout-va\\\/#primaryimage\",\"url\":\"https:\\\/\\\/static.link2fleet.com\\\/wp-content\\\/uploads\\\/2024\\\/03\\\/salon-bxl-2020-7.jpg\",\"contentUrl\":\"https:\\\/\\\/static.link2fleet.com\\\/wp-content\\\/uploads\\\/2024\\\/03\\\/salon-bxl-2020-7.jpg\",\"width\":3600,\"height\":2400},{\"@type\":\"BreadcrumbList\",\"@id\":\"https:\\\/\\\/www.link2fleet.com\\\/fr\\\/salon-de-lauto-de-bruxelles-lelectrification-a-tout-va\\\/#breadcrumb\",\"itemListElement\":[{\"@type\":\"ListItem\",\"position\":1,\"name\":\"Home\",\"item\":\"https:\\\/\\\/www.link2fleet.com\\\/fr\\\/\"},{\"@type\":\"ListItem\",\"position\":2,\"name\":\"Bruxelles joue la carte de l&#8217;\u00e9lectrification\"}]},{\"@type\":\"WebSite\",\"@id\":\"https:\\\/\\\/www.link2fleet.com\\\/fr\\\/#website\",\"url\":\"https:\\\/\\\/www.link2fleet.com\\\/fr\\\/\",\"name\":\"Link2fleet\",\"description\":\"\",\"publisher\":{\"@id\":\"https:\\\/\\\/www.link2fleet.com\\\/fr\\\/#organization\"},\"potentialAction\":[{\"@type\":\"SearchAction\",\"target\":{\"@type\":\"EntryPoint\",\"urlTemplate\":\"https:\\\/\\\/www.link2fleet.com\\\/fr\\\/?s={search_term_string}\"},\"query-input\":{\"@type\":\"PropertyValueSpecification\",\"valueRequired\":true,\"valueName\":\"search_term_string\"}}],\"inLanguage\":\"fr-FR\"},{\"@type\":\"Organization\",\"@id\":\"https:\\\/\\\/www.link2fleet.com\\\/fr\\\/#organization\",\"name\":\"Link2fleet\",\"url\":\"https:\\\/\\\/www.link2fleet.com\\\/fr\\\/\",\"logo\":{\"@type\":\"ImageObject\",\"inLanguage\":\"fr-FR\",\"@id\":\"https:\\\/\\\/www.link2fleet.com\\\/fr\\\/#\\\/schema\\\/logo\\\/image\\\/\",\"url\":\"https:\\\/\\\/static.link2fleet.com\\\/wp-content\\\/uploads\\\/2024\\\/03\\\/share-image.jpg\",\"contentUrl\":\"https:\\\/\\\/static.link2fleet.com\\\/wp-content\\\/uploads\\\/2024\\\/03\\\/share-image.jpg\",\"width\":1200,\"height\":630,\"caption\":\"Link2fleet\"},\"image\":{\"@id\":\"https:\\\/\\\/www.link2fleet.com\\\/fr\\\/#\\\/schema\\\/logo\\\/image\\\/\"},\"sameAs\":[\"https:\\\/\\\/www.linkedin.com\\\/company\\\/link2fleet-belgium\",\"https:\\\/\\\/www.youtube.com\\\/user\\\/MMMBMBE\"]},{\"@type\":\"Person\",\"@id\":\"https:\\\/\\\/www.link2fleet.com\\\/fr\\\/#\\\/schema\\\/person\\\/027cd46113c78036b3809c9a054049da\",\"name\":\"Damien Malvetti\",\"image\":{\"@type\":\"ImageObject\",\"inLanguage\":\"fr-FR\",\"@id\":\"https:\\\/\\\/secure.gravatar.com\\\/avatar\\\/dd8cc03b49466c735f753ac37f8caa371af16dfed347456ed61f02883255eebb?s=96&d=mm&r=g\",\"url\":\"https:\\\/\\\/secure.gravatar.com\\\/avatar\\\/dd8cc03b49466c735f753ac37f8caa371af16dfed347456ed61f02883255eebb?s=96&d=mm&r=g\",\"contentUrl\":\"https:\\\/\\\/secure.gravatar.com\\\/avatar\\\/dd8cc03b49466c735f753ac37f8caa371af16dfed347456ed61f02883255eebb?s=96&d=mm&r=g\",\"caption\":\"Damien Malvetti\"},\"description\":\"Damien Malvetti is opgeleid als journalist en gepassioneerd door wagens, technologie en mobiliteit. Hij is verantwoordelijk voor de redactionele inhoud van link2fleet en beschikt over een uitgebreide kennis van de fleet-sector en elektrische mobiliteit.\",\"sameAs\":[\"https:\\\/\\\/www.linkedin.com\\\/in\\\/damien-malvetti-56601142\\\/\"]}]}<\/script>\n<!-- \/ Yoast SEO plugin. -->","yoast_head_json":{"title":"Bruxelles joue la carte de l'\u00e9lectrification - link2fleet","description":"Outre les nouveaut\u00e9s \u00ab traditionnelles \u00bb, la 98e \u00e9dition du salon de l\u2019auto de Bruxelles pr\u00e9sente aussi toute une s\u00e9rie de nouveau mod\u00e8les \u00e0 propulsions\u2026","robots":{"index":"index","follow":"follow","max-snippet":"max-snippet:-1","max-image-preview":"max-image-preview:large","max-video-preview":"max-video-preview:-1"},"og_locale":"fr_FR","og_type":"article","og_title":"Bruxelles joue la carte de l'\u00e9lectrification - link2fleet","og_description":"Outre les nouveaut\u00e9s \u00ab traditionnelles \u00bb, la 98e \u00e9dition du salon de l\u2019auto de Bruxelles pr\u00e9sente aussi toute une s\u00e9rie de nouveau mod\u00e8les \u00e0 propulsions\u2026","og_url":"https:\/\/www.link2fleet.com\/fr\/salon-de-lauto-de-bruxelles-lelectrification-a-tout-va\/","og_site_name":"link2fleet","article_published_time":"2020-01-14T07:04:04+00:00","og_image":[{"width":3600,"height":2400,"url":"https:\/\/static.link2fleet.com\/wp-content\/uploads\/2024\/03\/salon-bxl-2020-7.jpg","type":"image\/jpeg"}],"author":"Damien Malvetti","twitter_card":"summary_large_image","twitter_description":"Outre les nouveaut\u00e9s \u00ab traditionnelles \u00bb, la 98e \u00e9dition du salon de l\u2019auto de Bruxelles pr\u00e9sente aussi toute une s\u00e9rie de nouveau mod\u00e8les \u00e0 propulsions\u2026","twitter_misc":{"\u00c9crit par":"Damien Malvetti","Dur\u00e9e de lecture estim\u00e9e":"3 minutes"},"schema":{"@context":"https:\/\/schema.org","@graph":[{"@type":"Article","@id":"https:\/\/www.link2fleet.com\/fr\/salon-de-lauto-de-bruxelles-lelectrification-a-tout-va\/#article","isPartOf":{"@id":"https:\/\/www.link2fleet.com\/fr\/salon-de-lauto-de-bruxelles-lelectrification-a-tout-va\/"},"author":{"name":"Damien Malvetti","@id":"https:\/\/www.link2fleet.com\/fr\/#\/schema\/person\/027cd46113c78036b3809c9a054049da"},"headline":"Bruxelles joue la carte de l&rsquo;\u00e9lectrification","datePublished":"2020-01-14T07:04:04+00:00","mainEntityOfPage":{"@id":"https:\/\/www.link2fleet.com\/fr\/salon-de-lauto-de-bruxelles-lelectrification-a-tout-va\/"},"wordCount":593,"publisher":{"@id":"https:\/\/www.link2fleet.com\/fr\/#organization"},"image":{"@id":"https:\/\/www.link2fleet.com\/fr\/salon-de-lauto-de-bruxelles-lelectrification-a-tout-va\/#primaryimage"},"thumbnailUrl":"https:\/\/static.link2fleet.com\/wp-content\/uploads\/2024\/03\/salon-bxl-2020-7.jpg","articleSection":["Actus","Importateurs et constructeurs","V\u00e9hicules"],"inLanguage":"fr-FR"},{"@type":"WebPage","@id":"https:\/\/www.link2fleet.com\/fr\/salon-de-lauto-de-bruxelles-lelectrification-a-tout-va\/","url":"https:\/\/www.link2fleet.com\/fr\/salon-de-lauto-de-bruxelles-lelectrification-a-tout-va\/","name":"Bruxelles joue la carte de l'\u00e9lectrification - link2fleet","isPartOf":{"@id":"https:\/\/www.link2fleet.com\/fr\/#website"},"primaryImageOfPage":{"@id":"https:\/\/www.link2fleet.com\/fr\/salon-de-lauto-de-bruxelles-lelectrification-a-tout-va\/#primaryimage"},"image":{"@id":"https:\/\/www.link2fleet.com\/fr\/salon-de-lauto-de-bruxelles-lelectrification-a-tout-va\/#primaryimage"},"thumbnailUrl":"https:\/\/static.link2fleet.com\/wp-content\/uploads\/2024\/03\/salon-bxl-2020-7.jpg","datePublished":"2020-01-14T07:04:04+00:00","breadcrumb":{"@id":"https:\/\/www.link2fleet.com\/fr\/salon-de-lauto-de-bruxelles-lelectrification-a-tout-va\/#breadcrumb"},"inLanguage":"fr-FR","potentialAction":[{"@type":"ReadAction","target":["https:\/\/www.link2fleet.com\/fr\/salon-de-lauto-de-bruxelles-lelectrification-a-tout-va\/"]}]},{"@type":"ImageObject","inLanguage":"fr-FR","@id":"https:\/\/www.link2fleet.com\/fr\/salon-de-lauto-de-bruxelles-lelectrification-a-tout-va\/#primaryimage","url":"https:\/\/static.link2fleet.com\/wp-content\/uploads\/2024\/03\/salon-bxl-2020-7.jpg","contentUrl":"https:\/\/static.link2fleet.com\/wp-content\/uploads\/2024\/03\/salon-bxl-2020-7.jpg","width":3600,"height":2400},{"@type":"BreadcrumbList","@id":"https:\/\/www.link2fleet.com\/fr\/salon-de-lauto-de-bruxelles-lelectrification-a-tout-va\/#breadcrumb","itemListElement":[{"@type":"ListItem","position":1,"name":"Home","item":"https:\/\/www.link2fleet.com\/fr\/"},{"@type":"ListItem","position":2,"name":"Bruxelles joue la carte de l&#8217;\u00e9lectrification"}]},{"@type":"WebSite","@id":"https:\/\/www.link2fleet.com\/fr\/#website","url":"https:\/\/www.link2fleet.com\/fr\/","name":"Link2fleet","description":"","publisher":{"@id":"https:\/\/www.link2fleet.com\/fr\/#organization"},"potentialAction":[{"@type":"SearchAction","target":{"@type":"EntryPoint","urlTemplate":"https:\/\/www.link2fleet.com\/fr\/?s={search_term_string}"},"query-input":{"@type":"PropertyValueSpecification","valueRequired":true,"valueName":"search_term_string"}}],"inLanguage":"fr-FR"},{"@type":"Organization","@id":"https:\/\/www.link2fleet.com\/fr\/#organization","name":"Link2fleet","url":"https:\/\/www.link2fleet.com\/fr\/","logo":{"@type":"ImageObject","inLanguage":"fr-FR","@id":"https:\/\/www.link2fleet.com\/fr\/#\/schema\/logo\/image\/","url":"https:\/\/static.link2fleet.com\/wp-content\/uploads\/2024\/03\/share-image.jpg","contentUrl":"https:\/\/static.link2fleet.com\/wp-content\/uploads\/2024\/03\/share-image.jpg","width":1200,"height":630,"caption":"Link2fleet"},"image":{"@id":"https:\/\/www.link2fleet.com\/fr\/#\/schema\/logo\/image\/"},"sameAs":["https:\/\/www.linkedin.com\/company\/link2fleet-belgium","https:\/\/www.youtube.com\/user\/MMMBMBE"]},{"@type":"Person","@id":"https:\/\/www.link2fleet.com\/fr\/#\/schema\/person\/027cd46113c78036b3809c9a054049da","name":"Damien Malvetti","image":{"@type":"ImageObject","inLanguage":"fr-FR","@id":"https:\/\/secure.gravatar.com\/avatar\/dd8cc03b49466c735f753ac37f8caa371af16dfed347456ed61f02883255eebb?s=96&d=mm&r=g","url":"https:\/\/secure.gravatar.com\/avatar\/dd8cc03b49466c735f753ac37f8caa371af16dfed347456ed61f02883255eebb?s=96&d=mm&r=g","contentUrl":"https:\/\/secure.gravatar.com\/avatar\/dd8cc03b49466c735f753ac37f8caa371af16dfed347456ed61f02883255eebb?s=96&d=mm&r=g","caption":"Damien Malvetti"},"description":"Damien Malvetti is opgeleid als journalist en gepassioneerd door wagens, technologie en mobiliteit. Hij is verantwoordelijk voor de redactionele inhoud van link2fleet en beschikt over een uitgebreide kennis van de fleet-sector en elektrische mobiliteit.","sameAs":["https:\/\/www.linkedin.com\/in\/damien-malvetti-56601142\/"]}]}},"_links":{"self":[{"href":"https:\/\/www.link2fleet.com\/fr\/wp-json\/wp\/v2\/posts\/1778","targetHints":{"allow":["GET"]}}],"collection":[{"href":"https:\/\/www.link2fleet.com\/fr\/wp-json\/wp\/v2\/posts"}],"about":[{"href":"https:\/\/www.link2fleet.com\/fr\/wp-json\/wp\/v2\/types\/post"}],"author":[{"embeddable":true,"href":"https:\/\/www.link2fleet.com\/fr\/wp-json\/wp\/v2\/users\/4"}],"replies":[{"embeddable":true,"href":"https:\/\/www.link2fleet.com\/fr\/wp-json\/wp\/v2\/comments?post=1778"}],"version-history":[{"count":0,"href":"https:\/\/www.link2fleet.com\/fr\/wp-json\/wp\/v2\/posts\/1778\/revisions"}],"wp:featuredmedia":[{"embeddable":true,"href":"https:\/\/www.link2fleet.com\/fr\/wp-json\/wp\/v2\/media\/1779"}],"wp:attachment":[{"href":"https:\/\/www.link2fleet.com\/fr\/wp-json\/wp\/v2\/media?parent=1778"}],"wp:term":[{"taxonomy":"category","embeddable":true,"href":"https:\/\/www.link2fleet.com\/fr\/wp-json\/wp\/v2\/categories?post=1778"},{"taxonomy":"post_tag","embeddable":true,"href":"https:\/\/www.link2fleet.com\/fr\/wp-json\/wp\/v2\/tags?post=1778"}],"curies":[{"name":"wp","href":"https:\/\/api.w.org\/{rel}","templated":true}]}}