{"id":1781,"date":"2020-01-17T17:08:24","date_gmt":"2020-01-17T16:08:24","guid":{"rendered":"https:\/\/www.link2fleet.com\/wearemobility-inspiring-talks-pour-rappeler-quil-sagit-aussi-dun-salon-de-la-mobilite\/"},"modified":"2024-04-17T16:54:18","modified_gmt":"2024-04-17T14:54:18","slug":"wearemobility-inspiring-talks-pour-rappeler-quil-sagit-aussi-dun-salon-de-la-mobilite","status":"publish","type":"post","link":"https:\/\/www.link2fleet.com\/fr\/wearemobility-inspiring-talks-pour-rappeler-quil-sagit-aussi-dun-salon-de-la-mobilite\/","title":{"rendered":"#WeAreMobility Inspiring Talks : pour rappeler qu\u2019il s\u2019agit aussi d\u2019un Salon de la mobilit\u00e9"},"content":{"rendered":"\n<p>Ouvrir le d\u00e9bat entre experts sur la mobilit\u00e9, d\u00e9but janvier, dans le cadre du Salon de l\u2019auto, de la moto et\u2026 de la mobilit\u00e9, \u00e9tait une excellente id\u00e9e. Car en 2020, peut-\u00eatre encore un peu plus qu\u2019en 2019, cette fameuse mobilit\u00e9 s\u2019apparente toujours \u00e0 un vrai casse-t\u00eate. De nombreux m\u00e9dias et sp\u00e9cialistes parlent de l\u2019ann\u00e9e de l\u2019\u00e9lectrification et c\u2019est bien vrai. Car l\u2019Europe a impos\u00e9 des quotas de CO2 aux constructeurs qui, s\u2019ils les d\u00e9passent, seront lourdement p\u00e9nalis\u00e9s. Il n\u2019ont donc pas d&rsquo;autre choix que de commercialiser des v\u00e9hicules 100% \u00e9lectriques ou, au minimum, \u00e9lectrifi\u00e9s. Mais faut-il encore se poser les bonnes questions : la fiscalit\u00e9 est-elle pr\u00eate ? Les infrastructures sont-elles suffisantes pour d\u00e9velopper un parc automobile vert ? Mais sortons du cadre automobile, comme l\u2019a tr\u00e8s justement fait la Febiac en organisant son forum. <\/p>\n\n\n\n<h2 class=\"wp-block-heading\">\u00ab\u00a0Ma mobilit\u00e9, ma libert\u00e9\u00a0\u00bb<\/h2>\n\n\n\n<p>Il \u00e9tait\narticul\u00e9 selon les th\u00e9matiques suivantes&nbsp;: \u00ab&nbsp;Nobody is too big to\nfail&nbsp;\u00bb&nbsp;; \u00ab&nbsp;How complex is change&nbsp;?&nbsp;\u00bb&nbsp;; \u00ab&nbsp;Ecosystem\nas a key for change&nbsp;\u00bb, avec, comme cas pratiques \u00e9voqu\u00e9s, la derni\u00e8re\n\u00e9tude concernant la mobilit\u00e9 r\u00e9alis\u00e9e par Deloitte mais aussi la strat\u00e9gie de\nla ville d\u2019Anvers, s\u00fbrement l\u2019une des villes les plus \u00ab&nbsp;smart&nbsp;\u00bb de Belgique.\n<\/p>\n\n\n\n<p>Qu\u2019en retenir&nbsp;? Que la Febiac participe tr\u00e8s activement au d\u00e9bat sur la mobilit\u00e9, en essayant de proposer des solutions concr\u00e8tes. La f\u00e9d\u00e9ration belge de l\u2019automobile et du cycle (qui aujourd\u2019hui est, selon nous, bien plus que cela) remplit donc sa mission. Car en invitant des experts de qualit\u00e9, on a pu sortir de la \u00ab&nbsp;bulle automobile&nbsp;\u00bb en apprenant comment le cerveau humain pouvait aborder \u2013 ou plut\u00f4t appr\u00e9hender \u2013 le changement, mais aussi que les milliards de donn\u00e9es (le big data) enregistr\u00e9es par les nombreux objets que nous utilisons au quotidien (\u00ab&nbsp;the Internet of things&nbsp;\u00bb) pouvaient r\u00e9volutionner notre mobilit\u00e9 et surtout, l\u2019am\u00e9liorer. Car le principe de \u00ab&nbsp;ma voiture, ma libert\u00e9&nbsp;\u00bb a bel et bien \u00e9volu\u00e9 en \u00ab&nbsp;ma mobilit\u00e9, ma libert\u00e9&nbsp;\u00bb.  <\/p>\n\n\n\n<p>Voil\u00e0 pourquoi link2fleet d\u00e9veloppera dans les prochains jours diff\u00e9rents th\u00e8mes abord\u00e9s lors du forum #WeAreMobility. Car pour link2fleet aussi, l\u2019une des priorit\u00e9s est de vous informer afin d\u2019optimiser votre mobilit\u00e9 et celle de vos collaborateurs.  <\/p>\n","protected":false},"excerpt":{"rendered":"<p>Ouvrir le d\u00e9bat entre experts sur la mobilit\u00e9, d\u00e9but janvier, dans le cadre du Salon de l\u2019auto, de la moto et\u2026 de la mobilit\u00e9, \u00e9tait une excellente id\u00e9e. Car en 2020, peut-\u00eatre encore un peu plus qu\u2019en 2019, cette fameuse mobilit\u00e9 s\u2019apparente toujours \u00e0 un vrai casse-t\u00eate. De nombreux m\u00e9dias et sp\u00e9cialistes parlent de l\u2019ann\u00e9e [&hellip;]<\/p>\n","protected":false},"author":18,"featured_media":1782,"comment_status":"closed","ping_status":"closed","sticky":false,"template":"","format":"standard","meta":{"_acf_changed":false,"footnotes":""},"categories":[135,89,87],"tags":[],"class_list":["post-1781","post","type-post","status-publish","format-standard","has-post-thumbnail","hentry","category-news-fr","category-modes-de-transports-alternatifs-flex-offices-parkings","category-mobility-2"],"acf":[],"yoast_head":"<!-- This site is optimized with the Yoast SEO plugin v27.3 - https:\/\/yoast.com\/product\/yoast-seo-wordpress\/ -->\n<title>#WeAreMobility Inspiring Talks : pour rappeler qu\u2019il s\u2019agit aussi d\u2019un Salon de la mobilit\u00e9 - link2fleet<\/title>\n<meta name=\"description\" content=\"Le 16 janvier dernier, en \u00ab plein milieu \u00bb du Salon de Bruxelles, la Febiac a r\u00e9uni diff\u00e9rents experts afin d\u2019avancer des pistes pour am\u00e9liorer\u2026\" \/>\n<meta name=\"robots\" content=\"index, follow, max-snippet:-1, max-image-preview:large, max-video-preview:-1\" \/>\n<meta property=\"og:locale\" content=\"fr_FR\" \/>\n<meta property=\"og:type\" content=\"article\" \/>\n<meta property=\"og:title\" content=\"#WeAreMobility Inspiring Talks : pour rappeler qu\u2019il s\u2019agit aussi d\u2019un Salon de la mobilit\u00e9 - link2fleet\" \/>\n<meta property=\"og:description\" content=\"Le 16 janvier dernier, en \u00ab plein milieu \u00bb du Salon de Bruxelles, la Febiac a r\u00e9uni diff\u00e9rents experts afin d\u2019avancer des pistes pour am\u00e9liorer\u2026\" \/>\n<meta property=\"og:url\" content=\"https:\/\/www.link2fleet.com\/fr\/wearemobility-inspiring-talks-pour-rappeler-quil-sagit-aussi-dun-salon-de-la-mobilite\/\" \/>\n<meta property=\"og:site_name\" content=\"link2fleet\" \/>\n<meta property=\"article:published_time\" content=\"2020-01-17T16:08:24+00:00\" \/>\n<meta property=\"article:modified_time\" content=\"2024-04-17T14:54:18+00:00\" \/>\n<meta property=\"og:image\" content=\"https:\/\/static.link2fleet.com\/wp-content\/uploads\/2024\/03\/auto-075-5254fdf61b.png\" \/>\n\t<meta property=\"og:image:width\" content=\"873\" \/>\n\t<meta property=\"og:image:height\" content=\"335\" \/>\n\t<meta property=\"og:image:type\" content=\"image\/png\" \/>\n<meta name=\"author\" content=\"Maxime Pasture\" \/>\n<meta name=\"twitter:card\" content=\"summary_large_image\" \/>\n<meta name=\"twitter:description\" content=\"Le 16 janvier dernier, en \u00ab plein milieu \u00bb du Salon de Bruxelles, la Febiac a r\u00e9uni diff\u00e9rents experts afin d\u2019avancer des pistes pour am\u00e9liorer\u2026\" \/>\n<meta name=\"twitter:label1\" content=\"\u00c9crit par\" \/>\n\t<meta name=\"twitter:data1\" content=\"Journaliste de formation, Maxime est tr\u00e8s curieux mais surtout passionn\u00e9 d&#039;automobile. Sa curiosit\u00e9 l&#039;am\u00e8ne \u00e0 traiter de sujets divers et vari\u00e9s li\u00e9s \u00e0 la mobilit\u00e9 au sens large et bien plus encore !\" \/>\n\t<meta name=\"twitter:label2\" content=\"Dur\u00e9e de lecture estim\u00e9e\" \/>\n\t<meta name=\"twitter:data2\" content=\"2 minutes\" \/>\n<script type=\"application\/ld+json\" class=\"yoast-schema-graph\">{\"@context\":\"https:\\\/\\\/schema.org\",\"@graph\":[{\"@type\":\"Article\",\"@id\":\"https:\\\/\\\/www.link2fleet.com\\\/fr\\\/wearemobility-inspiring-talks-pour-rappeler-quil-sagit-aussi-dun-salon-de-la-mobilite\\\/#article\",\"isPartOf\":{\"@id\":\"https:\\\/\\\/www.link2fleet.com\\\/fr\\\/wearemobility-inspiring-talks-pour-rappeler-quil-sagit-aussi-dun-salon-de-la-mobilite\\\/\"},\"author\":{\"name\":\"Maxime Pasture\",\"@id\":\"https:\\\/\\\/www.link2fleet.com\\\/fr\\\/#\\\/schema\\\/person\\\/36f3d48d12a83e110d72b602b5bebc11\"},\"headline\":\"#WeAreMobility Inspiring Talks : pour rappeler qu\u2019il s\u2019agit aussi d\u2019un Salon de la mobilit\u00e9\",\"datePublished\":\"2020-01-17T16:08:24+00:00\",\"dateModified\":\"2024-04-17T14:54:18+00:00\",\"mainEntityOfPage\":{\"@id\":\"https:\\\/\\\/www.link2fleet.com\\\/fr\\\/wearemobility-inspiring-talks-pour-rappeler-quil-sagit-aussi-dun-salon-de-la-mobilite\\\/\"},\"wordCount\":437,\"publisher\":{\"@id\":\"https:\\\/\\\/www.link2fleet.com\\\/fr\\\/#organization\"},\"image\":{\"@id\":\"https:\\\/\\\/www.link2fleet.com\\\/fr\\\/wearemobility-inspiring-talks-pour-rappeler-quil-sagit-aussi-dun-salon-de-la-mobilite\\\/#primaryimage\"},\"thumbnailUrl\":\"https:\\\/\\\/static.link2fleet.com\\\/wp-content\\\/uploads\\\/2024\\\/03\\\/auto-075-5254fdf61b.png\",\"articleSection\":[\"Actus\",\"Flex-offices\",\"Mobilit\u00e9\"],\"inLanguage\":\"fr-FR\"},{\"@type\":\"WebPage\",\"@id\":\"https:\\\/\\\/www.link2fleet.com\\\/fr\\\/wearemobility-inspiring-talks-pour-rappeler-quil-sagit-aussi-dun-salon-de-la-mobilite\\\/\",\"url\":\"https:\\\/\\\/www.link2fleet.com\\\/fr\\\/wearemobility-inspiring-talks-pour-rappeler-quil-sagit-aussi-dun-salon-de-la-mobilite\\\/\",\"name\":\"#WeAreMobility Inspiring Talks : pour rappeler qu\u2019il s\u2019agit aussi d\u2019un Salon de la mobilit\u00e9 - link2fleet\",\"isPartOf\":{\"@id\":\"https:\\\/\\\/www.link2fleet.com\\\/fr\\\/#website\"},\"primaryImageOfPage\":{\"@id\":\"https:\\\/\\\/www.link2fleet.com\\\/fr\\\/wearemobility-inspiring-talks-pour-rappeler-quil-sagit-aussi-dun-salon-de-la-mobilite\\\/#primaryimage\"},\"image\":{\"@id\":\"https:\\\/\\\/www.link2fleet.com\\\/fr\\\/wearemobility-inspiring-talks-pour-rappeler-quil-sagit-aussi-dun-salon-de-la-mobilite\\\/#primaryimage\"},\"thumbnailUrl\":\"https:\\\/\\\/static.link2fleet.com\\\/wp-content\\\/uploads\\\/2024\\\/03\\\/auto-075-5254fdf61b.png\",\"datePublished\":\"2020-01-17T16:08:24+00:00\",\"dateModified\":\"2024-04-17T14:54:18+00:00\",\"breadcrumb\":{\"@id\":\"https:\\\/\\\/www.link2fleet.com\\\/fr\\\/wearemobility-inspiring-talks-pour-rappeler-quil-sagit-aussi-dun-salon-de-la-mobilite\\\/#breadcrumb\"},\"inLanguage\":\"fr-FR\",\"potentialAction\":[{\"@type\":\"ReadAction\",\"target\":[\"https:\\\/\\\/www.link2fleet.com\\\/fr\\\/wearemobility-inspiring-talks-pour-rappeler-quil-sagit-aussi-dun-salon-de-la-mobilite\\\/\"]}]},{\"@type\":\"ImageObject\",\"inLanguage\":\"fr-FR\",\"@id\":\"https:\\\/\\\/www.link2fleet.com\\\/fr\\\/wearemobility-inspiring-talks-pour-rappeler-quil-sagit-aussi-dun-salon-de-la-mobilite\\\/#primaryimage\",\"url\":\"https:\\\/\\\/static.link2fleet.com\\\/wp-content\\\/uploads\\\/2024\\\/03\\\/auto-075-5254fdf61b.png\",\"contentUrl\":\"https:\\\/\\\/static.link2fleet.com\\\/wp-content\\\/uploads\\\/2024\\\/03\\\/auto-075-5254fdf61b.png\",\"width\":873,\"height\":335},{\"@type\":\"BreadcrumbList\",\"@id\":\"https:\\\/\\\/www.link2fleet.com\\\/fr\\\/wearemobility-inspiring-talks-pour-rappeler-quil-sagit-aussi-dun-salon-de-la-mobilite\\\/#breadcrumb\",\"itemListElement\":[{\"@type\":\"ListItem\",\"position\":1,\"name\":\"Home\",\"item\":\"https:\\\/\\\/www.link2fleet.com\\\/fr\\\/\"},{\"@type\":\"ListItem\",\"position\":2,\"name\":\"#WeAreMobility Inspiring Talks : pour rappeler qu\u2019il s\u2019agit aussi d\u2019un Salon de la mobilit\u00e9\"}]},{\"@type\":\"WebSite\",\"@id\":\"https:\\\/\\\/www.link2fleet.com\\\/fr\\\/#website\",\"url\":\"https:\\\/\\\/www.link2fleet.com\\\/fr\\\/\",\"name\":\"Link2fleet\",\"description\":\"\",\"publisher\":{\"@id\":\"https:\\\/\\\/www.link2fleet.com\\\/fr\\\/#organization\"},\"potentialAction\":[{\"@type\":\"SearchAction\",\"target\":{\"@type\":\"EntryPoint\",\"urlTemplate\":\"https:\\\/\\\/www.link2fleet.com\\\/fr\\\/?s={search_term_string}\"},\"query-input\":{\"@type\":\"PropertyValueSpecification\",\"valueRequired\":true,\"valueName\":\"search_term_string\"}}],\"inLanguage\":\"fr-FR\"},{\"@type\":\"Organization\",\"@id\":\"https:\\\/\\\/www.link2fleet.com\\\/fr\\\/#organization\",\"name\":\"Link2fleet\",\"url\":\"https:\\\/\\\/www.link2fleet.com\\\/fr\\\/\",\"logo\":{\"@type\":\"ImageObject\",\"inLanguage\":\"fr-FR\",\"@id\":\"https:\\\/\\\/www.link2fleet.com\\\/fr\\\/#\\\/schema\\\/logo\\\/image\\\/\",\"url\":\"https:\\\/\\\/static.link2fleet.com\\\/wp-content\\\/uploads\\\/2024\\\/03\\\/share-image.jpg\",\"contentUrl\":\"https:\\\/\\\/static.link2fleet.com\\\/wp-content\\\/uploads\\\/2024\\\/03\\\/share-image.jpg\",\"width\":1200,\"height\":630,\"caption\":\"Link2fleet\"},\"image\":{\"@id\":\"https:\\\/\\\/www.link2fleet.com\\\/fr\\\/#\\\/schema\\\/logo\\\/image\\\/\"},\"sameAs\":[\"https:\\\/\\\/www.linkedin.com\\\/company\\\/link2fleet-belgium\",\"https:\\\/\\\/www.youtube.com\\\/user\\\/MMMBMBE\"]},{\"@type\":\"Person\",\"@id\":\"https:\\\/\\\/www.link2fleet.com\\\/fr\\\/#\\\/schema\\\/person\\\/36f3d48d12a83e110d72b602b5bebc11\",\"name\":\"Maxime Pasture\",\"image\":{\"@type\":\"ImageObject\",\"inLanguage\":\"fr-FR\",\"@id\":\"https:\\\/\\\/secure.gravatar.com\\\/avatar\\\/a17c47a11dd3996c69a173e291c692b6a028e82349994bf0d9f60936c9795b9f?s=96&d=mm&r=g\",\"url\":\"https:\\\/\\\/secure.gravatar.com\\\/avatar\\\/a17c47a11dd3996c69a173e291c692b6a028e82349994bf0d9f60936c9795b9f?s=96&d=mm&r=g\",\"contentUrl\":\"https:\\\/\\\/secure.gravatar.com\\\/avatar\\\/a17c47a11dd3996c69a173e291c692b6a028e82349994bf0d9f60936c9795b9f?s=96&d=mm&r=g\",\"caption\":\"Maxime Pasture\"},\"description\":\"Journaliste de formation, Maxime est tr\u00e8s curieux mais surtout passionn\u00e9 d'automobile. Sa curiosit\u00e9 l'am\u00e8ne \u00e0 traiter de sujets divers et vari\u00e9s li\u00e9s \u00e0 la mobilit\u00e9 au sens large et bien plus encore !\"}]}<\/script>\n<!-- \/ Yoast SEO plugin. -->","yoast_head_json":{"title":"#WeAreMobility Inspiring Talks : pour rappeler qu\u2019il s\u2019agit aussi d\u2019un Salon de la mobilit\u00e9 - link2fleet","description":"Le 16 janvier dernier, en \u00ab plein milieu \u00bb du Salon de Bruxelles, la Febiac a r\u00e9uni diff\u00e9rents experts afin d\u2019avancer des pistes pour am\u00e9liorer\u2026","robots":{"index":"index","follow":"follow","max-snippet":"max-snippet:-1","max-image-preview":"max-image-preview:large","max-video-preview":"max-video-preview:-1"},"og_locale":"fr_FR","og_type":"article","og_title":"#WeAreMobility Inspiring Talks : pour rappeler qu\u2019il s\u2019agit aussi d\u2019un Salon de la mobilit\u00e9 - link2fleet","og_description":"Le 16 janvier dernier, en \u00ab plein milieu \u00bb du Salon de Bruxelles, la Febiac a r\u00e9uni diff\u00e9rents experts afin d\u2019avancer des pistes pour am\u00e9liorer\u2026","og_url":"https:\/\/www.link2fleet.com\/fr\/wearemobility-inspiring-talks-pour-rappeler-quil-sagit-aussi-dun-salon-de-la-mobilite\/","og_site_name":"link2fleet","article_published_time":"2020-01-17T16:08:24+00:00","article_modified_time":"2024-04-17T14:54:18+00:00","og_image":[{"width":873,"height":335,"url":"https:\/\/static.link2fleet.com\/wp-content\/uploads\/2024\/03\/auto-075-5254fdf61b.png","type":"image\/png"}],"author":"Maxime Pasture","twitter_card":"summary_large_image","twitter_description":"Le 16 janvier dernier, en \u00ab plein milieu \u00bb du Salon de Bruxelles, la Febiac a r\u00e9uni diff\u00e9rents experts afin d\u2019avancer des pistes pour am\u00e9liorer\u2026","twitter_misc":{"\u00c9crit par":"Journaliste de formation, Maxime est tr\u00e8s curieux mais surtout passionn\u00e9 d'automobile. Sa curiosit\u00e9 l'am\u00e8ne \u00e0 traiter de sujets divers et vari\u00e9s li\u00e9s \u00e0 la mobilit\u00e9 au sens large et bien plus encore !","Dur\u00e9e de lecture estim\u00e9e":"2 minutes"},"schema":{"@context":"https:\/\/schema.org","@graph":[{"@type":"Article","@id":"https:\/\/www.link2fleet.com\/fr\/wearemobility-inspiring-talks-pour-rappeler-quil-sagit-aussi-dun-salon-de-la-mobilite\/#article","isPartOf":{"@id":"https:\/\/www.link2fleet.com\/fr\/wearemobility-inspiring-talks-pour-rappeler-quil-sagit-aussi-dun-salon-de-la-mobilite\/"},"author":{"name":"Maxime Pasture","@id":"https:\/\/www.link2fleet.com\/fr\/#\/schema\/person\/36f3d48d12a83e110d72b602b5bebc11"},"headline":"#WeAreMobility Inspiring Talks : pour rappeler qu\u2019il s\u2019agit aussi d\u2019un Salon de la mobilit\u00e9","datePublished":"2020-01-17T16:08:24+00:00","dateModified":"2024-04-17T14:54:18+00:00","mainEntityOfPage":{"@id":"https:\/\/www.link2fleet.com\/fr\/wearemobility-inspiring-talks-pour-rappeler-quil-sagit-aussi-dun-salon-de-la-mobilite\/"},"wordCount":437,"publisher":{"@id":"https:\/\/www.link2fleet.com\/fr\/#organization"},"image":{"@id":"https:\/\/www.link2fleet.com\/fr\/wearemobility-inspiring-talks-pour-rappeler-quil-sagit-aussi-dun-salon-de-la-mobilite\/#primaryimage"},"thumbnailUrl":"https:\/\/static.link2fleet.com\/wp-content\/uploads\/2024\/03\/auto-075-5254fdf61b.png","articleSection":["Actus","Flex-offices","Mobilit\u00e9"],"inLanguage":"fr-FR"},{"@type":"WebPage","@id":"https:\/\/www.link2fleet.com\/fr\/wearemobility-inspiring-talks-pour-rappeler-quil-sagit-aussi-dun-salon-de-la-mobilite\/","url":"https:\/\/www.link2fleet.com\/fr\/wearemobility-inspiring-talks-pour-rappeler-quil-sagit-aussi-dun-salon-de-la-mobilite\/","name":"#WeAreMobility Inspiring Talks : pour rappeler qu\u2019il s\u2019agit aussi d\u2019un Salon de la mobilit\u00e9 - link2fleet","isPartOf":{"@id":"https:\/\/www.link2fleet.com\/fr\/#website"},"primaryImageOfPage":{"@id":"https:\/\/www.link2fleet.com\/fr\/wearemobility-inspiring-talks-pour-rappeler-quil-sagit-aussi-dun-salon-de-la-mobilite\/#primaryimage"},"image":{"@id":"https:\/\/www.link2fleet.com\/fr\/wearemobility-inspiring-talks-pour-rappeler-quil-sagit-aussi-dun-salon-de-la-mobilite\/#primaryimage"},"thumbnailUrl":"https:\/\/static.link2fleet.com\/wp-content\/uploads\/2024\/03\/auto-075-5254fdf61b.png","datePublished":"2020-01-17T16:08:24+00:00","dateModified":"2024-04-17T14:54:18+00:00","breadcrumb":{"@id":"https:\/\/www.link2fleet.com\/fr\/wearemobility-inspiring-talks-pour-rappeler-quil-sagit-aussi-dun-salon-de-la-mobilite\/#breadcrumb"},"inLanguage":"fr-FR","potentialAction":[{"@type":"ReadAction","target":["https:\/\/www.link2fleet.com\/fr\/wearemobility-inspiring-talks-pour-rappeler-quil-sagit-aussi-dun-salon-de-la-mobilite\/"]}]},{"@type":"ImageObject","inLanguage":"fr-FR","@id":"https:\/\/www.link2fleet.com\/fr\/wearemobility-inspiring-talks-pour-rappeler-quil-sagit-aussi-dun-salon-de-la-mobilite\/#primaryimage","url":"https:\/\/static.link2fleet.com\/wp-content\/uploads\/2024\/03\/auto-075-5254fdf61b.png","contentUrl":"https:\/\/static.link2fleet.com\/wp-content\/uploads\/2024\/03\/auto-075-5254fdf61b.png","width":873,"height":335},{"@type":"BreadcrumbList","@id":"https:\/\/www.link2fleet.com\/fr\/wearemobility-inspiring-talks-pour-rappeler-quil-sagit-aussi-dun-salon-de-la-mobilite\/#breadcrumb","itemListElement":[{"@type":"ListItem","position":1,"name":"Home","item":"https:\/\/www.link2fleet.com\/fr\/"},{"@type":"ListItem","position":2,"name":"#WeAreMobility Inspiring Talks : pour rappeler qu\u2019il s\u2019agit aussi d\u2019un Salon de la mobilit\u00e9"}]},{"@type":"WebSite","@id":"https:\/\/www.link2fleet.com\/fr\/#website","url":"https:\/\/www.link2fleet.com\/fr\/","name":"Link2fleet","description":"","publisher":{"@id":"https:\/\/www.link2fleet.com\/fr\/#organization"},"potentialAction":[{"@type":"SearchAction","target":{"@type":"EntryPoint","urlTemplate":"https:\/\/www.link2fleet.com\/fr\/?s={search_term_string}"},"query-input":{"@type":"PropertyValueSpecification","valueRequired":true,"valueName":"search_term_string"}}],"inLanguage":"fr-FR"},{"@type":"Organization","@id":"https:\/\/www.link2fleet.com\/fr\/#organization","name":"Link2fleet","url":"https:\/\/www.link2fleet.com\/fr\/","logo":{"@type":"ImageObject","inLanguage":"fr-FR","@id":"https:\/\/www.link2fleet.com\/fr\/#\/schema\/logo\/image\/","url":"https:\/\/static.link2fleet.com\/wp-content\/uploads\/2024\/03\/share-image.jpg","contentUrl":"https:\/\/static.link2fleet.com\/wp-content\/uploads\/2024\/03\/share-image.jpg","width":1200,"height":630,"caption":"Link2fleet"},"image":{"@id":"https:\/\/www.link2fleet.com\/fr\/#\/schema\/logo\/image\/"},"sameAs":["https:\/\/www.linkedin.com\/company\/link2fleet-belgium","https:\/\/www.youtube.com\/user\/MMMBMBE"]},{"@type":"Person","@id":"https:\/\/www.link2fleet.com\/fr\/#\/schema\/person\/36f3d48d12a83e110d72b602b5bebc11","name":"Maxime Pasture","image":{"@type":"ImageObject","inLanguage":"fr-FR","@id":"https:\/\/secure.gravatar.com\/avatar\/a17c47a11dd3996c69a173e291c692b6a028e82349994bf0d9f60936c9795b9f?s=96&d=mm&r=g","url":"https:\/\/secure.gravatar.com\/avatar\/a17c47a11dd3996c69a173e291c692b6a028e82349994bf0d9f60936c9795b9f?s=96&d=mm&r=g","contentUrl":"https:\/\/secure.gravatar.com\/avatar\/a17c47a11dd3996c69a173e291c692b6a028e82349994bf0d9f60936c9795b9f?s=96&d=mm&r=g","caption":"Maxime Pasture"},"description":"Journaliste de formation, Maxime est tr\u00e8s curieux mais surtout passionn\u00e9 d'automobile. Sa curiosit\u00e9 l'am\u00e8ne \u00e0 traiter de sujets divers et vari\u00e9s li\u00e9s \u00e0 la mobilit\u00e9 au sens large et bien plus encore !"}]}},"_links":{"self":[{"href":"https:\/\/www.link2fleet.com\/fr\/wp-json\/wp\/v2\/posts\/1781","targetHints":{"allow":["GET"]}}],"collection":[{"href":"https:\/\/www.link2fleet.com\/fr\/wp-json\/wp\/v2\/posts"}],"about":[{"href":"https:\/\/www.link2fleet.com\/fr\/wp-json\/wp\/v2\/types\/post"}],"author":[{"embeddable":true,"href":"https:\/\/www.link2fleet.com\/fr\/wp-json\/wp\/v2\/users\/18"}],"replies":[{"embeddable":true,"href":"https:\/\/www.link2fleet.com\/fr\/wp-json\/wp\/v2\/comments?post=1781"}],"version-history":[{"count":0,"href":"https:\/\/www.link2fleet.com\/fr\/wp-json\/wp\/v2\/posts\/1781\/revisions"}],"wp:featuredmedia":[{"embeddable":true,"href":"https:\/\/www.link2fleet.com\/fr\/wp-json\/wp\/v2\/media\/1782"}],"wp:attachment":[{"href":"https:\/\/www.link2fleet.com\/fr\/wp-json\/wp\/v2\/media?parent=1781"}],"wp:term":[{"taxonomy":"category","embeddable":true,"href":"https:\/\/www.link2fleet.com\/fr\/wp-json\/wp\/v2\/categories?post=1781"},{"taxonomy":"post_tag","embeddable":true,"href":"https:\/\/www.link2fleet.com\/fr\/wp-json\/wp\/v2\/tags?post=1781"}],"curies":[{"name":"wp","href":"https:\/\/api.w.org\/{rel}","templated":true}]}}