{"id":1802,"date":"2020-01-24T08:25:05","date_gmt":"2020-01-24T07:25:05","guid":{"rendered":"https:\/\/www.link2fleet.com\/le-cash-for-car-est-supprime\/"},"modified":"2020-01-24T08:25:05","modified_gmt":"2020-01-24T07:25:05","slug":"le-cash-for-car-est-supprime","status":"publish","type":"post","link":"https:\/\/www.link2fleet.com\/fr\/le-cash-for-car-est-supprime\/","title":{"rendered":"Le syst\u00e8me \u00ab\u00a0cash-for-cars\u00a0\u00bb ne passe pas le test de la Cour constitutionnelle"},"content":{"rendered":"\n<p>C&rsquo;est le r\u00e9sultat d&rsquo;une plainte d\u00e9pos\u00e9e devant la Cour constitutionnelle par le syndicat chr\u00e9tien ACV, la FGTB socialiste et 3 organisations climatiques dont Inter-Environnement Bruxelles, Climaxi et Climate Express. Les plaignants qui ne croyaient pas \u00e0 l&rsquo;efficacit\u00e9 de la mesure ont obtenu raison. Dans sa d\u00e9cision, la Cour constitutionnelle soutient que le syst\u00e8me \u00ab\u00a0cash for cars\u00a0\u00bb peut en effet conduire \u00e0 un traitement fiscal in\u00e9gal des salaires, notamment en raison de l&rsquo;ONSS et des cotisations fiscales nettement moins \u00e9lev\u00e9es, ce qui fait du syst\u00e8me \u00ab\u00a0cash for cars\u00a0\u00bb un instrument d&rsquo;optimisation des salaires. Comme seuls ceux qui disposent d&rsquo;une voiture de soci\u00e9t\u00e9 peuvent opter pour le cash for cars, il existe une discrimination ill\u00e9gale \u00e0 l&rsquo;encontre des autres salari\u00e9s qui ne peuvent pas b\u00e9n\u00e9ficier de ce r\u00e9gime fiscal favorable. La Cour a \u00e9galement estim\u00e9 que le syst\u00e8me actuel n&rsquo;entra\u00eene pas une diminution du nombre de v\u00e9hicules sur les routes. Apr\u00e8s tout, le v\u00e9hicule \u00e9chang\u00e9 peut \u00eatre remplac\u00e9 par un autre v\u00e9hicule achet\u00e9 \u00e0 titre priv\u00e9 qui peut \u00eatre plus ancien et plus polluant.&nbsp;&nbsp;<\/p>\n\n\n\n<p>En pratique, le r\u00e9gime sera supprim\u00e9 \u00e0 partir du 1er janvier 2021. Toutefois, le r\u00e8glement juridique sur le \u00ab\u00a0budget de la mobilit\u00e9\u00a0\u00bb, qui a \u00e9t\u00e9 \u00e9labor\u00e9 avec les partenaires sociaux et qui est en vigueur depuis le d\u00e9but de 2019, continuera \u00e0 s&rsquo;appliquer. Dans le cadre de ses Fleet dating, Link2fleet organise une session d&rsquo;information sur la mise en \u0153uvre pratique du r\u00e9gime le 19 mars 2020 (NL) et le 20 mars 2020 (FR). <a href=\"https:\/\/www.link2fleet.com\/fr\/dating\/events-page\/fleet-dating-budget-mobilite-20-03-20\/\">Vous pouvez vous inscrire gratuitement via ce site web.<\/a><\/p>\n\n\n\n<p>On peut se demander si la suppression du \u00ab\u00a0cash for cars\u00a0\u00bb changera beaucoup la r\u00e9alit\u00e9 environnementale et fiscale. La r\u00e9ponse est r\u00e9solument \u00ab\u00a0non\u00a0\u00bb. Tout d&rsquo;abord, le programme \u00ab\u00a0cash for cars\u00a0\u00bb n&rsquo;a pas \u00e9t\u00e9 un succ\u00e8s d\u00e8s sa naissance en 2018. \u00c0 ce jour, seuls quelque 500 employ\u00e9s d&rsquo;une flotte de plus de 660 000 voitures de soci\u00e9t\u00e9 \u00e0 usage mixte ont opt\u00e9 pour ce r\u00e9gime. M\u00eame si l&rsquo;on prend comme norme le parc actuel de 420 000 voitures de soci\u00e9t\u00e9 immatricul\u00e9es aujourd&rsquo;hui au nom de soci\u00e9t\u00e9s de leasing et de location de voitures, les 500 \u00e9change de voitures contre de l\u2019argent cash sont un nombre insignifiant. Acerta et SD Worx ont \u00e9galement confirm\u00e9 r\u00e9cemment la triste popularit\u00e9 de l&rsquo;\u00e9change de voitures contre de l&rsquo;argent.&nbsp;<\/p>\n\n\n\n<p>La plainte et l&rsquo;annulation ult\u00e9rieure par la Cour constitutionnelle est plut\u00f4t un dossier symbolique qui peut avoir des cons\u00e9quences inattendues \u00e0 long terme.&nbsp;&nbsp;De plus en plus de groupes d&rsquo;int\u00e9r\u00eat consid\u00e8rent la voiture de soci\u00e9t\u00e9 comme une optimisation l\u00e9galement organis\u00e9e des cotisations ONSS et de s\u00e9curit\u00e9 sociale, largement utilis\u00e9e par les entreprises ces derni\u00e8res ann\u00e9es. Cette tendance est \u00e9galement perceptible dans les propositions l\u00e9gislatives qui ont \u00e9t\u00e9 soumises \u00e0 la Chambre l&rsquo;ann\u00e9e derni\u00e8re par CD&amp;V et Open Vld. Non seulement elles augmentent consid\u00e9rablement la charge fiscale des v\u00e9hicules thermiques au profit des v\u00e9hicules \u00e9lectriques, mais le CD&amp;V propose \u00e9galement qu\u2019on taxe tout v\u00e9hicule de soci\u00e9t\u00e9 dont les \u00e9missions de CO2 sont sup\u00e9rieures \u00e0 z\u00e9ro de la m\u00eame mani\u00e8re qu&rsquo;un salaire ordinaire selon les r\u00e8gles de la s\u00e9curit\u00e9 sociale \u00e0 partir du 1er janvier 2023. D&rsquo;autre part, la proposition de l&rsquo;Open Vld pr\u00e9voit une augmentation drastique de la contribution actuelle au CO2 au cours de la p\u00e9riode 2023 &#8211; 2027.&nbsp;&nbsp;Aujourd&rsquo;hui, les groupes d&rsquo;int\u00e9r\u00eat peuvent se sentir renforc\u00e9s par l&rsquo;arr\u00eat de la Cour constitutionnelle. \u00c0 l&rsquo;avenir, ils pourraient \u00e9galement demander une adaptation de la r\u00e9glementation juridique actuelle concernant le \u00ab\u00a0budget de mobilit\u00e9\u00a0\u00bb. Apr\u00e8s tout, en vertu du r\u00e8glement actuel, il est possible de remplacer sa voiture de soci\u00e9t\u00e9 actuelle par un paiement en esp\u00e8ces sans avoir \u00e0 choisir d&rsquo;autres modes de transport plus durables dans les piliers 1 et 2. A suivre&#8230;<\/p>\n\n\n\n<p style=\"text-align:right\">Michel Willems<\/p>\n\n\n\n<p style=\"text-align:right\">Mobilitas<\/p>\n","protected":false},"excerpt":{"rendered":"<p>C&rsquo;est le r\u00e9sultat d&rsquo;une plainte d\u00e9pos\u00e9e devant la Cour constitutionnelle par le syndicat chr\u00e9tien ACV, la FGTB socialiste et 3 organisations climatiques dont Inter-Environnement Bruxelles, Climaxi et Climate Express. Les plaignants qui ne croyaient pas \u00e0 l&rsquo;efficacit\u00e9 de la mesure ont obtenu raison. Dans sa d\u00e9cision, la Cour constitutionnelle soutient que le syst\u00e8me \u00ab\u00a0cash for [&hellip;]<\/p>\n","protected":false},"author":11,"featured_media":1803,"comment_status":"closed","ping_status":"closed","sticky":false,"template":"","format":"standard","meta":{"_acf_changed":false,"footnotes":""},"categories":[135,91,101],"tags":[],"class_list":["post-1802","post","type-post","status-publish","format-standard","has-post-thumbnail","hentry","category-news-fr","category-expertise-et-management","category-tax-legal"],"acf":[],"yoast_head":"<!-- This site is optimized with the Yoast SEO plugin v27.3 - https:\/\/yoast.com\/product\/yoast-seo-wordpress\/ -->\n<title>Le syst\u00e8me &quot;cash-for-cars&quot; ne passe pas le test de la Cour constitutionnelle - link2fleet<\/title>\n<meta name=\"description\" content=\"Le r\u00e9gime du cash for cars, qui est entr\u00e9 en vigueur en 2018 et a \u00e9t\u00e9 mis \u00e0 jour en 2019, ne sera plus applicable\u2026\" \/>\n<meta name=\"robots\" content=\"index, follow, max-snippet:-1, max-image-preview:large, max-video-preview:-1\" \/>\n<meta property=\"og:locale\" content=\"fr_FR\" \/>\n<meta property=\"og:type\" content=\"article\" \/>\n<meta property=\"og:title\" content=\"Le syst\u00e8me &quot;cash-for-cars&quot; ne passe pas le test de la Cour constitutionnelle - link2fleet\" \/>\n<meta property=\"og:description\" content=\"Le r\u00e9gime du cash for cars, qui est entr\u00e9 en vigueur en 2018 et a \u00e9t\u00e9 mis \u00e0 jour en 2019, ne sera plus applicable\u2026\" \/>\n<meta property=\"og:url\" content=\"https:\/\/www.link2fleet.com\/fr\/le-cash-for-car-est-supprime\/\" \/>\n<meta property=\"og:site_name\" content=\"link2fleet\" \/>\n<meta property=\"article:published_time\" content=\"2020-01-24T07:25:05+00:00\" \/>\n<meta property=\"og:image\" content=\"https:\/\/static.link2fleet.com\/wp-content\/uploads\/2024\/03\/s1-mavoiturecash-un-nouveau-site-pour-racheter-cash-votre-occasion-402318.jpg\" \/>\n\t<meta property=\"og:image:width\" content=\"639\" \/>\n\t<meta property=\"og:image:height\" content=\"425\" \/>\n\t<meta property=\"og:image:type\" content=\"image\/jpeg\" \/>\n<meta name=\"author\" content=\"Michel Willems - Mobilitas\" \/>\n<meta name=\"twitter:card\" content=\"summary_large_image\" \/>\n<meta name=\"twitter:description\" content=\"Le r\u00e9gime du cash for cars, qui est entr\u00e9 en vigueur en 2018 et a \u00e9t\u00e9 mis \u00e0 jour en 2019, ne sera plus applicable\u2026\" \/>\n<meta name=\"twitter:label1\" content=\"\u00c9crit par\" \/>\n\t<meta name=\"twitter:data1\" content=\"Michel Willems - Mobilitas\" \/>\n\t<meta name=\"twitter:label2\" content=\"Dur\u00e9e de lecture estim\u00e9e\" \/>\n\t<meta name=\"twitter:data2\" content=\"3 minutes\" \/>\n<script type=\"application\/ld+json\" class=\"yoast-schema-graph\">{\"@context\":\"https:\\\/\\\/schema.org\",\"@graph\":[{\"@type\":\"Article\",\"@id\":\"https:\\\/\\\/www.link2fleet.com\\\/fr\\\/le-cash-for-car-est-supprime\\\/#article\",\"isPartOf\":{\"@id\":\"https:\\\/\\\/www.link2fleet.com\\\/fr\\\/le-cash-for-car-est-supprime\\\/\"},\"author\":{\"name\":\"Michel Willems - Mobilitas\",\"@id\":\"https:\\\/\\\/www.link2fleet.com\\\/fr\\\/#\\\/schema\\\/person\\\/bd29f6a2c2427e85a70d3acf17303486\"},\"headline\":\"Le syst\u00e8me \u00ab\u00a0cash-for-cars\u00a0\u00bb ne passe pas le test de la Cour constitutionnelle\",\"datePublished\":\"2020-01-24T07:25:05+00:00\",\"mainEntityOfPage\":{\"@id\":\"https:\\\/\\\/www.link2fleet.com\\\/fr\\\/le-cash-for-car-est-supprime\\\/\"},\"wordCount\":712,\"publisher\":{\"@id\":\"https:\\\/\\\/www.link2fleet.com\\\/fr\\\/#organization\"},\"image\":{\"@id\":\"https:\\\/\\\/www.link2fleet.com\\\/fr\\\/le-cash-for-car-est-supprime\\\/#primaryimage\"},\"thumbnailUrl\":\"https:\\\/\\\/static.link2fleet.com\\\/wp-content\\\/uploads\\\/2024\\\/03\\\/s1-mavoiturecash-un-nouveau-site-pour-racheter-cash-votre-occasion-402318.jpg\",\"articleSection\":[\"Actus\",\"Gestion de flotte\",\"Tax &amp; legal\"],\"inLanguage\":\"fr-FR\"},{\"@type\":\"WebPage\",\"@id\":\"https:\\\/\\\/www.link2fleet.com\\\/fr\\\/le-cash-for-car-est-supprime\\\/\",\"url\":\"https:\\\/\\\/www.link2fleet.com\\\/fr\\\/le-cash-for-car-est-supprime\\\/\",\"name\":\"Le syst\u00e8me \\\"cash-for-cars\\\" ne passe pas le test de la Cour constitutionnelle - link2fleet\",\"isPartOf\":{\"@id\":\"https:\\\/\\\/www.link2fleet.com\\\/fr\\\/#website\"},\"primaryImageOfPage\":{\"@id\":\"https:\\\/\\\/www.link2fleet.com\\\/fr\\\/le-cash-for-car-est-supprime\\\/#primaryimage\"},\"image\":{\"@id\":\"https:\\\/\\\/www.link2fleet.com\\\/fr\\\/le-cash-for-car-est-supprime\\\/#primaryimage\"},\"thumbnailUrl\":\"https:\\\/\\\/static.link2fleet.com\\\/wp-content\\\/uploads\\\/2024\\\/03\\\/s1-mavoiturecash-un-nouveau-site-pour-racheter-cash-votre-occasion-402318.jpg\",\"datePublished\":\"2020-01-24T07:25:05+00:00\",\"breadcrumb\":{\"@id\":\"https:\\\/\\\/www.link2fleet.com\\\/fr\\\/le-cash-for-car-est-supprime\\\/#breadcrumb\"},\"inLanguage\":\"fr-FR\",\"potentialAction\":[{\"@type\":\"ReadAction\",\"target\":[\"https:\\\/\\\/www.link2fleet.com\\\/fr\\\/le-cash-for-car-est-supprime\\\/\"]}]},{\"@type\":\"ImageObject\",\"inLanguage\":\"fr-FR\",\"@id\":\"https:\\\/\\\/www.link2fleet.com\\\/fr\\\/le-cash-for-car-est-supprime\\\/#primaryimage\",\"url\":\"https:\\\/\\\/static.link2fleet.com\\\/wp-content\\\/uploads\\\/2024\\\/03\\\/s1-mavoiturecash-un-nouveau-site-pour-racheter-cash-votre-occasion-402318.jpg\",\"contentUrl\":\"https:\\\/\\\/static.link2fleet.com\\\/wp-content\\\/uploads\\\/2024\\\/03\\\/s1-mavoiturecash-un-nouveau-site-pour-racheter-cash-votre-occasion-402318.jpg\",\"width\":639,\"height\":425,\"caption\":\"|\"},{\"@type\":\"BreadcrumbList\",\"@id\":\"https:\\\/\\\/www.link2fleet.com\\\/fr\\\/le-cash-for-car-est-supprime\\\/#breadcrumb\",\"itemListElement\":[{\"@type\":\"ListItem\",\"position\":1,\"name\":\"Home\",\"item\":\"https:\\\/\\\/www.link2fleet.com\\\/fr\\\/\"},{\"@type\":\"ListItem\",\"position\":2,\"name\":\"Le syst\u00e8me &#8220;cash-for-cars&#8221; ne passe pas le test de la Cour constitutionnelle\"}]},{\"@type\":\"WebSite\",\"@id\":\"https:\\\/\\\/www.link2fleet.com\\\/fr\\\/#website\",\"url\":\"https:\\\/\\\/www.link2fleet.com\\\/fr\\\/\",\"name\":\"Link2fleet\",\"description\":\"\",\"publisher\":{\"@id\":\"https:\\\/\\\/www.link2fleet.com\\\/fr\\\/#organization\"},\"potentialAction\":[{\"@type\":\"SearchAction\",\"target\":{\"@type\":\"EntryPoint\",\"urlTemplate\":\"https:\\\/\\\/www.link2fleet.com\\\/fr\\\/?s={search_term_string}\"},\"query-input\":{\"@type\":\"PropertyValueSpecification\",\"valueRequired\":true,\"valueName\":\"search_term_string\"}}],\"inLanguage\":\"fr-FR\"},{\"@type\":\"Organization\",\"@id\":\"https:\\\/\\\/www.link2fleet.com\\\/fr\\\/#organization\",\"name\":\"Link2fleet\",\"url\":\"https:\\\/\\\/www.link2fleet.com\\\/fr\\\/\",\"logo\":{\"@type\":\"ImageObject\",\"inLanguage\":\"fr-FR\",\"@id\":\"https:\\\/\\\/www.link2fleet.com\\\/fr\\\/#\\\/schema\\\/logo\\\/image\\\/\",\"url\":\"https:\\\/\\\/static.link2fleet.com\\\/wp-content\\\/uploads\\\/2024\\\/03\\\/share-image.jpg\",\"contentUrl\":\"https:\\\/\\\/static.link2fleet.com\\\/wp-content\\\/uploads\\\/2024\\\/03\\\/share-image.jpg\",\"width\":1200,\"height\":630,\"caption\":\"Link2fleet\"},\"image\":{\"@id\":\"https:\\\/\\\/www.link2fleet.com\\\/fr\\\/#\\\/schema\\\/logo\\\/image\\\/\"},\"sameAs\":[\"https:\\\/\\\/www.linkedin.com\\\/company\\\/link2fleet-belgium\",\"https:\\\/\\\/www.youtube.com\\\/user\\\/MMMBMBE\"]},{\"@type\":\"Person\",\"@id\":\"https:\\\/\\\/www.link2fleet.com\\\/fr\\\/#\\\/schema\\\/person\\\/bd29f6a2c2427e85a70d3acf17303486\",\"name\":\"Michel Willems - Mobilitas\",\"image\":{\"@type\":\"ImageObject\",\"inLanguage\":\"fr-FR\",\"@id\":\"https:\\\/\\\/secure.gravatar.com\\\/avatar\\\/c937de514893d5b69b3b52ee88664fd4879b786925b6742dc7891d347f167414?s=96&d=mm&r=g\",\"url\":\"https:\\\/\\\/secure.gravatar.com\\\/avatar\\\/c937de514893d5b69b3b52ee88664fd4879b786925b6742dc7891d347f167414?s=96&d=mm&r=g\",\"contentUrl\":\"https:\\\/\\\/secure.gravatar.com\\\/avatar\\\/c937de514893d5b69b3b52ee88664fd4879b786925b6742dc7891d347f167414?s=96&d=mm&r=g\",\"caption\":\"Michel Willems - Mobilitas\"}}]}<\/script>\n<!-- \/ Yoast SEO plugin. -->","yoast_head_json":{"title":"Le syst\u00e8me \"cash-for-cars\" ne passe pas le test de la Cour constitutionnelle - link2fleet","description":"Le r\u00e9gime du cash for cars, qui est entr\u00e9 en vigueur en 2018 et a \u00e9t\u00e9 mis \u00e0 jour en 2019, ne sera plus applicable\u2026","robots":{"index":"index","follow":"follow","max-snippet":"max-snippet:-1","max-image-preview":"max-image-preview:large","max-video-preview":"max-video-preview:-1"},"og_locale":"fr_FR","og_type":"article","og_title":"Le syst\u00e8me \"cash-for-cars\" ne passe pas le test de la Cour constitutionnelle - link2fleet","og_description":"Le r\u00e9gime du cash for cars, qui est entr\u00e9 en vigueur en 2018 et a \u00e9t\u00e9 mis \u00e0 jour en 2019, ne sera plus applicable\u2026","og_url":"https:\/\/www.link2fleet.com\/fr\/le-cash-for-car-est-supprime\/","og_site_name":"link2fleet","article_published_time":"2020-01-24T07:25:05+00:00","og_image":[{"width":639,"height":425,"url":"https:\/\/static.link2fleet.com\/wp-content\/uploads\/2024\/03\/s1-mavoiturecash-un-nouveau-site-pour-racheter-cash-votre-occasion-402318.jpg","type":"image\/jpeg"}],"author":"Michel Willems - Mobilitas","twitter_card":"summary_large_image","twitter_description":"Le r\u00e9gime du cash for cars, qui est entr\u00e9 en vigueur en 2018 et a \u00e9t\u00e9 mis \u00e0 jour en 2019, ne sera plus applicable\u2026","twitter_misc":{"\u00c9crit par":"Michel Willems - Mobilitas","Dur\u00e9e de lecture estim\u00e9e":"3 minutes"},"schema":{"@context":"https:\/\/schema.org","@graph":[{"@type":"Article","@id":"https:\/\/www.link2fleet.com\/fr\/le-cash-for-car-est-supprime\/#article","isPartOf":{"@id":"https:\/\/www.link2fleet.com\/fr\/le-cash-for-car-est-supprime\/"},"author":{"name":"Michel Willems - Mobilitas","@id":"https:\/\/www.link2fleet.com\/fr\/#\/schema\/person\/bd29f6a2c2427e85a70d3acf17303486"},"headline":"Le syst\u00e8me \u00ab\u00a0cash-for-cars\u00a0\u00bb ne passe pas le test de la Cour constitutionnelle","datePublished":"2020-01-24T07:25:05+00:00","mainEntityOfPage":{"@id":"https:\/\/www.link2fleet.com\/fr\/le-cash-for-car-est-supprime\/"},"wordCount":712,"publisher":{"@id":"https:\/\/www.link2fleet.com\/fr\/#organization"},"image":{"@id":"https:\/\/www.link2fleet.com\/fr\/le-cash-for-car-est-supprime\/#primaryimage"},"thumbnailUrl":"https:\/\/static.link2fleet.com\/wp-content\/uploads\/2024\/03\/s1-mavoiturecash-un-nouveau-site-pour-racheter-cash-votre-occasion-402318.jpg","articleSection":["Actus","Gestion de flotte","Tax &amp; legal"],"inLanguage":"fr-FR"},{"@type":"WebPage","@id":"https:\/\/www.link2fleet.com\/fr\/le-cash-for-car-est-supprime\/","url":"https:\/\/www.link2fleet.com\/fr\/le-cash-for-car-est-supprime\/","name":"Le syst\u00e8me \"cash-for-cars\" ne passe pas le test de la Cour constitutionnelle - link2fleet","isPartOf":{"@id":"https:\/\/www.link2fleet.com\/fr\/#website"},"primaryImageOfPage":{"@id":"https:\/\/www.link2fleet.com\/fr\/le-cash-for-car-est-supprime\/#primaryimage"},"image":{"@id":"https:\/\/www.link2fleet.com\/fr\/le-cash-for-car-est-supprime\/#primaryimage"},"thumbnailUrl":"https:\/\/static.link2fleet.com\/wp-content\/uploads\/2024\/03\/s1-mavoiturecash-un-nouveau-site-pour-racheter-cash-votre-occasion-402318.jpg","datePublished":"2020-01-24T07:25:05+00:00","breadcrumb":{"@id":"https:\/\/www.link2fleet.com\/fr\/le-cash-for-car-est-supprime\/#breadcrumb"},"inLanguage":"fr-FR","potentialAction":[{"@type":"ReadAction","target":["https:\/\/www.link2fleet.com\/fr\/le-cash-for-car-est-supprime\/"]}]},{"@type":"ImageObject","inLanguage":"fr-FR","@id":"https:\/\/www.link2fleet.com\/fr\/le-cash-for-car-est-supprime\/#primaryimage","url":"https:\/\/static.link2fleet.com\/wp-content\/uploads\/2024\/03\/s1-mavoiturecash-un-nouveau-site-pour-racheter-cash-votre-occasion-402318.jpg","contentUrl":"https:\/\/static.link2fleet.com\/wp-content\/uploads\/2024\/03\/s1-mavoiturecash-un-nouveau-site-pour-racheter-cash-votre-occasion-402318.jpg","width":639,"height":425,"caption":"|"},{"@type":"BreadcrumbList","@id":"https:\/\/www.link2fleet.com\/fr\/le-cash-for-car-est-supprime\/#breadcrumb","itemListElement":[{"@type":"ListItem","position":1,"name":"Home","item":"https:\/\/www.link2fleet.com\/fr\/"},{"@type":"ListItem","position":2,"name":"Le syst\u00e8me &#8220;cash-for-cars&#8221; ne passe pas le test de la Cour constitutionnelle"}]},{"@type":"WebSite","@id":"https:\/\/www.link2fleet.com\/fr\/#website","url":"https:\/\/www.link2fleet.com\/fr\/","name":"Link2fleet","description":"","publisher":{"@id":"https:\/\/www.link2fleet.com\/fr\/#organization"},"potentialAction":[{"@type":"SearchAction","target":{"@type":"EntryPoint","urlTemplate":"https:\/\/www.link2fleet.com\/fr\/?s={search_term_string}"},"query-input":{"@type":"PropertyValueSpecification","valueRequired":true,"valueName":"search_term_string"}}],"inLanguage":"fr-FR"},{"@type":"Organization","@id":"https:\/\/www.link2fleet.com\/fr\/#organization","name":"Link2fleet","url":"https:\/\/www.link2fleet.com\/fr\/","logo":{"@type":"ImageObject","inLanguage":"fr-FR","@id":"https:\/\/www.link2fleet.com\/fr\/#\/schema\/logo\/image\/","url":"https:\/\/static.link2fleet.com\/wp-content\/uploads\/2024\/03\/share-image.jpg","contentUrl":"https:\/\/static.link2fleet.com\/wp-content\/uploads\/2024\/03\/share-image.jpg","width":1200,"height":630,"caption":"Link2fleet"},"image":{"@id":"https:\/\/www.link2fleet.com\/fr\/#\/schema\/logo\/image\/"},"sameAs":["https:\/\/www.linkedin.com\/company\/link2fleet-belgium","https:\/\/www.youtube.com\/user\/MMMBMBE"]},{"@type":"Person","@id":"https:\/\/www.link2fleet.com\/fr\/#\/schema\/person\/bd29f6a2c2427e85a70d3acf17303486","name":"Michel Willems - Mobilitas","image":{"@type":"ImageObject","inLanguage":"fr-FR","@id":"https:\/\/secure.gravatar.com\/avatar\/c937de514893d5b69b3b52ee88664fd4879b786925b6742dc7891d347f167414?s=96&d=mm&r=g","url":"https:\/\/secure.gravatar.com\/avatar\/c937de514893d5b69b3b52ee88664fd4879b786925b6742dc7891d347f167414?s=96&d=mm&r=g","contentUrl":"https:\/\/secure.gravatar.com\/avatar\/c937de514893d5b69b3b52ee88664fd4879b786925b6742dc7891d347f167414?s=96&d=mm&r=g","caption":"Michel Willems - Mobilitas"}}]}},"_links":{"self":[{"href":"https:\/\/www.link2fleet.com\/fr\/wp-json\/wp\/v2\/posts\/1802","targetHints":{"allow":["GET"]}}],"collection":[{"href":"https:\/\/www.link2fleet.com\/fr\/wp-json\/wp\/v2\/posts"}],"about":[{"href":"https:\/\/www.link2fleet.com\/fr\/wp-json\/wp\/v2\/types\/post"}],"author":[{"embeddable":true,"href":"https:\/\/www.link2fleet.com\/fr\/wp-json\/wp\/v2\/users\/11"}],"replies":[{"embeddable":true,"href":"https:\/\/www.link2fleet.com\/fr\/wp-json\/wp\/v2\/comments?post=1802"}],"version-history":[{"count":0,"href":"https:\/\/www.link2fleet.com\/fr\/wp-json\/wp\/v2\/posts\/1802\/revisions"}],"wp:featuredmedia":[{"embeddable":true,"href":"https:\/\/www.link2fleet.com\/fr\/wp-json\/wp\/v2\/media\/1803"}],"wp:attachment":[{"href":"https:\/\/www.link2fleet.com\/fr\/wp-json\/wp\/v2\/media?parent=1802"}],"wp:term":[{"taxonomy":"category","embeddable":true,"href":"https:\/\/www.link2fleet.com\/fr\/wp-json\/wp\/v2\/categories?post=1802"},{"taxonomy":"post_tag","embeddable":true,"href":"https:\/\/www.link2fleet.com\/fr\/wp-json\/wp\/v2\/tags?post=1802"}],"curies":[{"name":"wp","href":"https:\/\/api.w.org\/{rel}","templated":true}]}}