{"id":1805,"date":"2020-01-27T09:02:46","date_gmt":"2020-01-27T08:02:46","guid":{"rendered":"https:\/\/www.link2fleet.com\/touring-fete-ses-125-ans-dexistence-lhistoire-dun-club-de-cyclisme-qui-se-transforme-en-integrateur-de-mobilite\/"},"modified":"2024-04-17T16:54:17","modified_gmt":"2024-04-17T14:54:17","slug":"touring-fete-ses-125-ans-dexistence-lhistoire-dun-club-de-cyclisme-qui-se-transforme-en-integrateur-de-mobilite","status":"publish","type":"post","link":"https:\/\/www.link2fleet.com\/fr\/touring-fete-ses-125-ans-dexistence-lhistoire-dun-club-de-cyclisme-qui-se-transforme-en-integrateur-de-mobilite\/","title":{"rendered":"Touring f\u00eate ses 125 ans d\u2019existence L\u2019histoire d\u2019un club de cyclisme qui se transforme en int\u00e9grateur de mobilit\u00e9"},"content":{"rendered":"\n<p><strong>link2fleet<\/strong>&nbsp;: David Favest, pouvez-vous en quelques lignes nous retracer les grandes \u00e9tapes de l\u2019histoire de cette l\u00e9gendaire institution qu\u2019est Touring et que tous les Belges connaissent&nbsp;?&nbsp;<\/p>\n\n\n\n<div class=\"wp-block-image\"><figure class=\"alignleft is-resized\"><img loading=\"lazy\" decoding=\"async\" src=\"https:\/\/www.link2fleet.com\/wp-content\/uploads\/2020\/01\/photo-David.jpg\" alt=\"\" class=\"wp-image-1255180\" width=\"280\" height=\"186\"\/><figcaption>David Favest<\/figcaption><\/figure><\/div>\n\n\n\n<p><strong>David Favest<\/strong>&nbsp;: Il y en a tr\u00e8s peu qui le savent mais Touring \u2013 Touring Club de Belgique \u00e0 l\u2019\u00e9poque \u2013 voit le jour en 1895 en tant que club de cyclisme. D\u00e9j\u00e0 \u00e0 cette \u00e9poque, et m\u00eame si les cyclistes sont encore rares dans le paysage routier, le TCB se positionne comme un farouche d\u00e9fenseur des usagers de la route. Le TCB \u0153uvre notamment pour diff\u00e9rentes causes nobles comme l\u2019am\u00e9lioration de l\u2019\u00e9tat des routes, la mise en place de panneaux routiers, le placement de bornes de secours ou encore l\u2019installation de l\u2019\u00e9clairage public sur les voies dangereuses. Le premier magazine pour les membres est \u00e9galement cr\u00e9\u00e9.&nbsp;<\/p>\n\n\n\n<p>Impossible \u00e9videmment de mentionner toutes les \u00e9tapes qui jalonnent la vie de la soci\u00e9t\u00e9 mais important toutefois de savoir qu\u2019\u00e0 la sortie de la 1<sup>\u00e8re<\/sup>&nbsp;guerre mondiale et l\u2019av\u00e8nement du tourisme, le TCB se positionne comme l\u2019organisme qui va conseiller les voyageurs dans leurs exp\u00e9ditions, que ce soit \u00e0 l\u2019int\u00e9rieur du pays ou \u00e0 l\u2019\u00e9tranger. Vient ensuite la p\u00e9riode de la seconde guerre mondiale o\u00f9 les activit\u00e9s tournent au ralenti. Apr\u00e8s avoir f\u00eat\u00e9 modestement son 50<sup>\u00e8me<\/sup>anniversaire, le TCB revient sur le devant de la sc\u00e8ne en se concentrant sur le tourisme et la jeunesse. En 1948, Touring Secours est cr\u00e9e avec 12 patrouilleurs qui sillonnent les routes en side-car pour secourir les automobilistes en d\u00e9tresse. C\u2019est \u00e9videmment le d\u00e9but de cette fabuleuse carri\u00e8re d\u2019assisteur qui donne au TCE la notori\u00e9t\u00e9 qu\u2019on lui connait aujourd\u2019hui. Entretemps, Touring s\u2019est dot\u00e9 d\u2019une division B2B qui apporte des solutions sur mesure pour les soci\u00e9t\u00e9s sur le plan de la mobilit\u00e9.<\/p>\n\n\n\n<figure class=\"wp-block-image\"><img decoding=\"async\" src=\"https:\/\/www.link2fleet.com\/wp-content\/uploads\/2020\/01\/RIK_5819.jpg\" alt=\"\" class=\"wp-image-1255182\"\/><\/figure>\n\n\n\n<p><strong>link2fleet<\/strong>&nbsp;: Pour la plupart, Touring est avant tout connu pour ses activit\u00e9s d\u2019assisteur mais \u00e0 y regarder de plus pr\u00e8s, il y a une foule d\u2019autres services que Touring est \u00e0 m\u00eame de proposer. Pouvez-vous nous en dire plus&nbsp;?<\/p>\n\n\n\n<p><strong>David Favest&nbsp;<\/strong>: Oui, outre le fait que l\u2019assistance technique 24\/7 reste notre \u00ab&nbsp;core-business&nbsp;\u00bb (c\u0153ur de m\u00e9tier), nous avons totalement adapt\u00e9 celle-ci au besoin des utilisateurs d\u2019aujourd\u2019hui ET de leurs diff\u00e9rents moyens de mobilit\u00e9, ainsi que leurs moyens de communications ! Qu\u2019il s\u2019agisse de nous contacter de la voiture en direct, par application, web ou par t\u00e9l\u00e9phone pour un probl\u00e8me sur une voiture r\u00e9cente ou pas, thermique, hybride ou \u00e9lectrique, 4X2 ou 4X4, nous avons d\u00e9velopp\u00e9 des technologies comme les v\u00e9hicules de refueling, de rechargement pour V\u00e9hicule Electrique et les multi-fit wheels qui permettent aujourd\u2019hui de satisfaire le client sur deux points clefs&nbsp;: la rapidit\u00e9 d\u2019intervention (et la communication de l\u2019information en temps r\u00e9els sur notre intervention) et, notre plus grand savoir-faire, la r\u00e9paration sur site de son v\u00e9hicule dans la mesure du possible (avec une communication proactive \u00e0 son loueur ou concessionnaire afin d\u2019assurer le suivi). Outre cet aspect, nous intervenons \u00e9galement pour les pannes de bornes de recharges \u00e9lectriques \u00e0 domicile ou au bureau, les probl\u00e8mes de v\u00e9lo\/scooter \u00e9lectrique et autres&nbsp;; parfois nous-m\u00eames en v\u00e9lo avec nos \u00ab&nbsp;backfiets&nbsp;\u00bb, des v\u00e9los-cargos \u00e9lectriques tr\u00e8s efficaces dans les villes&nbsp;!&nbsp;<\/p>\n\n\n\n<figure class=\"wp-block-embed-youtube wp-block-embed is-type-video is-provider-youtube wp-embed-aspect-16-9 wp-has-aspect-ratio\"><div class=\"wp-block-embed__wrapper\">\n<iframe loading=\"lazy\" title=\"Touring Assist App EN\" width=\"500\" height=\"281\" src=\"https:\/\/www.youtube.com\/embed\/IzEkiMf06YE?feature=oembed\" frameborder=\"0\" allow=\"accelerometer; autoplay; clipboard-write; encrypted-media; gyroscope; picture-in-picture; web-share\" referrerpolicy=\"strict-origin-when-cross-origin\" allowfullscreen><\/iframe>\n<\/div><\/figure>\n\n\n\n<p>L\u00e0 par contre o\u00f9 les clients connaissent moins nos activit\u00e9s, nous sommes \u00e9galement un des assisteurs pr\u00e9f\u00e9r\u00e9s des Belges (B2B et B2C) pour leurs voyages dans le monde entier avec des formules \u00e9prouv\u00e9es tant d\u2019annulation que d\u2019assistance m\u00e9dicale urgente et rapatriement. En fait, l\u2019id\u00e9e est que o\u00f9 que vous vous trouviez, dans n\u2019importe quel moyen de transport ou situation, Touring soit pr\u00e8s de vous \u00e0 tout moment pour vous aider \u00e0 poursuivre votre \u00ab&nbsp;voyage&nbsp;\u00bb sans stress (les anglais disent&nbsp;\u2018Seamless Journey\u2019, une notion que nous pr\u00e9f\u00e9rons pour englober tous nos services !).&nbsp;&nbsp;<\/p>\n\n\n\n<p>Bref, vous l\u2019aurez compris, nous travaillons sur plusieurs \u00ab&nbsp;\u00e9cosyst\u00e8mes&nbsp;\u00bb en m\u00eame temps&nbsp;: celui de la mobilit\u00e9, de la maison\/bureau et de la sant\u00e9&nbsp;!<\/p>\n\n\n\n<figure class=\"wp-block-image\"><img decoding=\"async\" src=\"https:\/\/www.link2fleet.com\/wp-content\/uploads\/2020\/01\/RIK_5887.jpg\" alt=\"\" class=\"wp-image-1255186\"\/><\/figure>\n\n\n\n<p><strong>link2fleet<\/strong>&nbsp;: Aujourd\u2019hui, avec l\u2019av\u00e8nement des nouvelles technologies et l\u2019arriv\u00e9e du budget de mobilit\u00e9 pour les entreprises, Touring se positionne comme un pr\u00e9curseur pour optimiser la mobilit\u00e9 des soci\u00e9t\u00e9s. En quoi consiste cette approche innovante&nbsp;?<\/p>\n\n\n\n<p><strong>David Favest\u00a0<\/strong>: Je confirme, en plus des connaissances acquises depuis 125 ans (\u00e0 ne pas sous-estimer), les technologies d\u2019aujourd\u2019hui nous permettent de travailler \u00e0 une double \u00e9volution. D\u2019une part, une \u00e9volution \u00ab\u00a0disruptive\u00a0\u00bb sur les v\u00e9hicules connect\u00e9s avec notre plateforme ConnectMyCar (en partenariat avec Proximus), afin de pouvoir anticiper les probl\u00e8mes techniques, mais aussi \u00ab sensibiliser\u00a0\u00bb les conducteurs et fleet managers sur les bons comportements \u00e0 adopter.\u00a0\u00a0Et, comme vous le soulignez justement, une \u00e9volution \u00ab\u00a0naturelle\u00a0\u00bb vers la multi-modalit\u00e9 (partie int\u00e9grale de notre ADN depuis 125 ans) avec notre plateforme Easyway de mobility-as-a-service (MaaS) qui permet \u00e0 l\u2019utilisateur de choisir le meilleur trajet, avec ou sans son v\u00e9hicule propre, met en relation sous une application simple (front) la demande de d\u00e9placement et l\u2019offre connect\u00e9e de march\u00e9\u00a0; et g\u00e8re tous les aspects financiers et fiscaux du budget de mobilit\u00e9 (back) tels que intelligemment v\u00f4t\u00e9 en 2019 par le gouvernement sortant.\u00a0\u00a0<br>Si on regroupe ces innovations, vous constaterez que dans un seul environnement, Touring est capable en fait d\u2019aider les mobility managers \u00e0 op\u00e9rer la transition du ownership d\u2019une voiture (toujours tr\u00e8s important aujourd\u2019hui) \u00e0 un usership de la mobilit\u00e9 (avec ou sans voiture).\u00a0Et nous avons clairement choisi de d\u00e9marrer en B2B(2<sup>E<\/sup>) car c\u2019est le levier le plus pragmatique pour changer notre soci\u00e9t\u00e9.\u00a0<\/p>\n\n\n\n<figure class=\"wp-block-embed-youtube wp-block-embed is-type-video is-provider-youtube wp-embed-aspect-16-9 wp-has-aspect-ratio\"><div class=\"wp-block-embed__wrapper\">\n<iframe loading=\"lazy\" title=\"Touring  - ConnectMy car\" width=\"500\" height=\"281\" src=\"https:\/\/www.youtube.com\/embed\/Cphwem1GBEA?feature=oembed\" frameborder=\"0\" allow=\"accelerometer; autoplay; clipboard-write; encrypted-media; gyroscope; picture-in-picture; web-share\" referrerpolicy=\"strict-origin-when-cross-origin\" allowfullscreen><\/iframe>\n<\/div><\/figure>\n","protected":false},"excerpt":{"rendered":"<p>link2fleet&nbsp;: David Favest, pouvez-vous en quelques lignes nous retracer les grandes \u00e9tapes de l\u2019histoire de cette l\u00e9gendaire institution qu\u2019est Touring et que tous les Belges connaissent&nbsp;?&nbsp; David Favest&nbsp;: Il y en a tr\u00e8s peu qui le savent mais Touring \u2013 Touring Club de Belgique \u00e0 l\u2019\u00e9poque \u2013 voit le jour en 1895 en tant que [&hellip;]<\/p>\n","protected":false},"author":4,"featured_media":1806,"comment_status":"closed","ping_status":"closed","sticky":false,"template":"","format":"standard","meta":{"_acf_changed":false,"footnotes":""},"categories":[83,91,76],"tags":[],"class_list":["post-1805","post","type-post","status-publish","format-standard","has-post-thumbnail","hentry","category-sssurance-risk-management-assistance-et-depannage","category-expertise-et-management","category-car"],"acf":[],"yoast_head":"<!-- This site is optimized with the Yoast SEO plugin v27.3 - https:\/\/yoast.com\/product\/yoast-seo-wordpress\/ -->\n<title>Touring f\u00eate ses 125 ans d\u2019existence L\u2019histoire d\u2019un club de cyclisme qui se transforme en int\u00e9grateur de mobilit\u00e9 - link2fleet<\/title>\n<meta name=\"description\" content=\"2020 s\u2019annonce comme une ann\u00e9e exceptionnelle pour Touring. Car oui, cela fait d\u00e9j\u00e0 125 ans que l\u2019aventure a d\u00e9marr\u00e9 avec notamment les camionnettes jaunes, composantes\u2026\" \/>\n<meta name=\"robots\" content=\"index, follow, max-snippet:-1, max-image-preview:large, max-video-preview:-1\" \/>\n<meta property=\"og:locale\" content=\"fr_FR\" \/>\n<meta property=\"og:type\" content=\"article\" \/>\n<meta property=\"og:title\" content=\"Touring f\u00eate ses 125 ans d\u2019existence L\u2019histoire d\u2019un club de cyclisme qui se transforme en int\u00e9grateur de mobilit\u00e9 - link2fleet\" \/>\n<meta property=\"og:description\" content=\"2020 s\u2019annonce comme une ann\u00e9e exceptionnelle pour Touring. Car oui, cela fait d\u00e9j\u00e0 125 ans que l\u2019aventure a d\u00e9marr\u00e9 avec notamment les camionnettes jaunes, composantes\u2026\" \/>\n<meta property=\"og:url\" content=\"https:\/\/www.link2fleet.com\/fr\/touring-fete-ses-125-ans-dexistence-lhistoire-dun-club-de-cyclisme-qui-se-transforme-en-integrateur-de-mobilite\/\" \/>\n<meta property=\"og:site_name\" content=\"link2fleet\" \/>\n<meta property=\"article:published_time\" content=\"2020-01-27T08:02:46+00:00\" \/>\n<meta property=\"article:modified_time\" content=\"2024-04-17T14:54:17+00:00\" \/>\n<meta property=\"og:image\" content=\"https:\/\/static.link2fleet.com\/wp-content\/uploads\/2024\/03\/rik-5884.jpg\" \/>\n\t<meta property=\"og:image:width\" content=\"800\" \/>\n\t<meta property=\"og:image:height\" content=\"533\" \/>\n\t<meta property=\"og:image:type\" content=\"image\/jpeg\" \/>\n<meta name=\"author\" content=\"Damien Malvetti\" \/>\n<meta name=\"twitter:card\" content=\"summary_large_image\" \/>\n<meta name=\"twitter:description\" content=\"2020 s\u2019annonce comme une ann\u00e9e exceptionnelle pour Touring. Car oui, cela fait d\u00e9j\u00e0 125 ans que l\u2019aventure a d\u00e9marr\u00e9 avec notamment les camionnettes jaunes, composantes\u2026\" \/>\n<meta name=\"twitter:label1\" content=\"\u00c9crit par\" \/>\n\t<meta name=\"twitter:data1\" content=\"Damien Malvetti\" \/>\n\t<meta name=\"twitter:label2\" content=\"Dur\u00e9e de lecture estim\u00e9e\" \/>\n\t<meta name=\"twitter:data2\" content=\"5 minutes\" \/>\n<script type=\"application\/ld+json\" class=\"yoast-schema-graph\">{\"@context\":\"https:\\\/\\\/schema.org\",\"@graph\":[{\"@type\":\"Article\",\"@id\":\"https:\\\/\\\/www.link2fleet.com\\\/fr\\\/touring-fete-ses-125-ans-dexistence-lhistoire-dun-club-de-cyclisme-qui-se-transforme-en-integrateur-de-mobilite\\\/#article\",\"isPartOf\":{\"@id\":\"https:\\\/\\\/www.link2fleet.com\\\/fr\\\/touring-fete-ses-125-ans-dexistence-lhistoire-dun-club-de-cyclisme-qui-se-transforme-en-integrateur-de-mobilite\\\/\"},\"author\":{\"name\":\"Damien Malvetti\",\"@id\":\"https:\\\/\\\/www.link2fleet.com\\\/fr\\\/#\\\/schema\\\/person\\\/027cd46113c78036b3809c9a054049da\"},\"headline\":\"Touring f\u00eate ses 125 ans d\u2019existence L\u2019histoire d\u2019un club de cyclisme qui se transforme en int\u00e9grateur de mobilit\u00e9\",\"datePublished\":\"2020-01-27T08:02:46+00:00\",\"dateModified\":\"2024-04-17T14:54:17+00:00\",\"mainEntityOfPage\":{\"@id\":\"https:\\\/\\\/www.link2fleet.com\\\/fr\\\/touring-fete-ses-125-ans-dexistence-lhistoire-dun-club-de-cyclisme-qui-se-transforme-en-integrateur-de-mobilite\\\/\"},\"wordCount\":1039,\"publisher\":{\"@id\":\"https:\\\/\\\/www.link2fleet.com\\\/fr\\\/#organization\"},\"image\":{\"@id\":\"https:\\\/\\\/www.link2fleet.com\\\/fr\\\/touring-fete-ses-125-ans-dexistence-lhistoire-dun-club-de-cyclisme-qui-se-transforme-en-integrateur-de-mobilite\\\/#primaryimage\"},\"thumbnailUrl\":\"https:\\\/\\\/static.link2fleet.com\\\/wp-content\\\/uploads\\\/2024\\\/03\\\/rik-5884.jpg\",\"articleSection\":[\"Assurances et assistance\",\"Gestion de flotte\",\"V\u00e9hicules\"],\"inLanguage\":\"fr-FR\"},{\"@type\":\"WebPage\",\"@id\":\"https:\\\/\\\/www.link2fleet.com\\\/fr\\\/touring-fete-ses-125-ans-dexistence-lhistoire-dun-club-de-cyclisme-qui-se-transforme-en-integrateur-de-mobilite\\\/\",\"url\":\"https:\\\/\\\/www.link2fleet.com\\\/fr\\\/touring-fete-ses-125-ans-dexistence-lhistoire-dun-club-de-cyclisme-qui-se-transforme-en-integrateur-de-mobilite\\\/\",\"name\":\"Touring f\u00eate ses 125 ans d\u2019existence L\u2019histoire d\u2019un club de cyclisme qui se transforme en int\u00e9grateur de mobilit\u00e9 - link2fleet\",\"isPartOf\":{\"@id\":\"https:\\\/\\\/www.link2fleet.com\\\/fr\\\/#website\"},\"primaryImageOfPage\":{\"@id\":\"https:\\\/\\\/www.link2fleet.com\\\/fr\\\/touring-fete-ses-125-ans-dexistence-lhistoire-dun-club-de-cyclisme-qui-se-transforme-en-integrateur-de-mobilite\\\/#primaryimage\"},\"image\":{\"@id\":\"https:\\\/\\\/www.link2fleet.com\\\/fr\\\/touring-fete-ses-125-ans-dexistence-lhistoire-dun-club-de-cyclisme-qui-se-transforme-en-integrateur-de-mobilite\\\/#primaryimage\"},\"thumbnailUrl\":\"https:\\\/\\\/static.link2fleet.com\\\/wp-content\\\/uploads\\\/2024\\\/03\\\/rik-5884.jpg\",\"datePublished\":\"2020-01-27T08:02:46+00:00\",\"dateModified\":\"2024-04-17T14:54:17+00:00\",\"breadcrumb\":{\"@id\":\"https:\\\/\\\/www.link2fleet.com\\\/fr\\\/touring-fete-ses-125-ans-dexistence-lhistoire-dun-club-de-cyclisme-qui-se-transforme-en-integrateur-de-mobilite\\\/#breadcrumb\"},\"inLanguage\":\"fr-FR\",\"potentialAction\":[{\"@type\":\"ReadAction\",\"target\":[\"https:\\\/\\\/www.link2fleet.com\\\/fr\\\/touring-fete-ses-125-ans-dexistence-lhistoire-dun-club-de-cyclisme-qui-se-transforme-en-integrateur-de-mobilite\\\/\"]}]},{\"@type\":\"ImageObject\",\"inLanguage\":\"fr-FR\",\"@id\":\"https:\\\/\\\/www.link2fleet.com\\\/fr\\\/touring-fete-ses-125-ans-dexistence-lhistoire-dun-club-de-cyclisme-qui-se-transforme-en-integrateur-de-mobilite\\\/#primaryimage\",\"url\":\"https:\\\/\\\/static.link2fleet.com\\\/wp-content\\\/uploads\\\/2024\\\/03\\\/rik-5884.jpg\",\"contentUrl\":\"https:\\\/\\\/static.link2fleet.com\\\/wp-content\\\/uploads\\\/2024\\\/03\\\/rik-5884.jpg\",\"width\":800,\"height\":533,\"caption\":\"|||\"},{\"@type\":\"BreadcrumbList\",\"@id\":\"https:\\\/\\\/www.link2fleet.com\\\/fr\\\/touring-fete-ses-125-ans-dexistence-lhistoire-dun-club-de-cyclisme-qui-se-transforme-en-integrateur-de-mobilite\\\/#breadcrumb\",\"itemListElement\":[{\"@type\":\"ListItem\",\"position\":1,\"name\":\"Home\",\"item\":\"https:\\\/\\\/www.link2fleet.com\\\/fr\\\/\"},{\"@type\":\"ListItem\",\"position\":2,\"name\":\"Touring f\u00eate ses 125 ans d\u2019existence L\u2019histoire d\u2019un club de cyclisme qui se transforme en int\u00e9grateur de mobilit\u00e9\"}]},{\"@type\":\"WebSite\",\"@id\":\"https:\\\/\\\/www.link2fleet.com\\\/fr\\\/#website\",\"url\":\"https:\\\/\\\/www.link2fleet.com\\\/fr\\\/\",\"name\":\"Link2fleet\",\"description\":\"\",\"publisher\":{\"@id\":\"https:\\\/\\\/www.link2fleet.com\\\/fr\\\/#organization\"},\"potentialAction\":[{\"@type\":\"SearchAction\",\"target\":{\"@type\":\"EntryPoint\",\"urlTemplate\":\"https:\\\/\\\/www.link2fleet.com\\\/fr\\\/?s={search_term_string}\"},\"query-input\":{\"@type\":\"PropertyValueSpecification\",\"valueRequired\":true,\"valueName\":\"search_term_string\"}}],\"inLanguage\":\"fr-FR\"},{\"@type\":\"Organization\",\"@id\":\"https:\\\/\\\/www.link2fleet.com\\\/fr\\\/#organization\",\"name\":\"Link2fleet\",\"url\":\"https:\\\/\\\/www.link2fleet.com\\\/fr\\\/\",\"logo\":{\"@type\":\"ImageObject\",\"inLanguage\":\"fr-FR\",\"@id\":\"https:\\\/\\\/www.link2fleet.com\\\/fr\\\/#\\\/schema\\\/logo\\\/image\\\/\",\"url\":\"https:\\\/\\\/static.link2fleet.com\\\/wp-content\\\/uploads\\\/2024\\\/03\\\/share-image.jpg\",\"contentUrl\":\"https:\\\/\\\/static.link2fleet.com\\\/wp-content\\\/uploads\\\/2024\\\/03\\\/share-image.jpg\",\"width\":1200,\"height\":630,\"caption\":\"Link2fleet\"},\"image\":{\"@id\":\"https:\\\/\\\/www.link2fleet.com\\\/fr\\\/#\\\/schema\\\/logo\\\/image\\\/\"},\"sameAs\":[\"https:\\\/\\\/www.linkedin.com\\\/company\\\/link2fleet-belgium\",\"https:\\\/\\\/www.youtube.com\\\/user\\\/MMMBMBE\"]},{\"@type\":\"Person\",\"@id\":\"https:\\\/\\\/www.link2fleet.com\\\/fr\\\/#\\\/schema\\\/person\\\/027cd46113c78036b3809c9a054049da\",\"name\":\"Damien Malvetti\",\"image\":{\"@type\":\"ImageObject\",\"inLanguage\":\"fr-FR\",\"@id\":\"https:\\\/\\\/secure.gravatar.com\\\/avatar\\\/dd8cc03b49466c735f753ac37f8caa371af16dfed347456ed61f02883255eebb?s=96&d=mm&r=g\",\"url\":\"https:\\\/\\\/secure.gravatar.com\\\/avatar\\\/dd8cc03b49466c735f753ac37f8caa371af16dfed347456ed61f02883255eebb?s=96&d=mm&r=g\",\"contentUrl\":\"https:\\\/\\\/secure.gravatar.com\\\/avatar\\\/dd8cc03b49466c735f753ac37f8caa371af16dfed347456ed61f02883255eebb?s=96&d=mm&r=g\",\"caption\":\"Damien Malvetti\"},\"description\":\"Damien Malvetti is opgeleid als journalist en gepassioneerd door wagens, technologie en mobiliteit. Hij is verantwoordelijk voor de redactionele inhoud van link2fleet en beschikt over een uitgebreide kennis van de fleet-sector en elektrische mobiliteit.\",\"sameAs\":[\"https:\\\/\\\/www.linkedin.com\\\/in\\\/damien-malvetti-56601142\\\/\"]}]}<\/script>\n<!-- \/ Yoast SEO plugin. -->","yoast_head_json":{"title":"Touring f\u00eate ses 125 ans d\u2019existence L\u2019histoire d\u2019un club de cyclisme qui se transforme en int\u00e9grateur de mobilit\u00e9 - link2fleet","description":"2020 s\u2019annonce comme une ann\u00e9e exceptionnelle pour Touring. Car oui, cela fait d\u00e9j\u00e0 125 ans que l\u2019aventure a d\u00e9marr\u00e9 avec notamment les camionnettes jaunes, composantes\u2026","robots":{"index":"index","follow":"follow","max-snippet":"max-snippet:-1","max-image-preview":"max-image-preview:large","max-video-preview":"max-video-preview:-1"},"og_locale":"fr_FR","og_type":"article","og_title":"Touring f\u00eate ses 125 ans d\u2019existence L\u2019histoire d\u2019un club de cyclisme qui se transforme en int\u00e9grateur de mobilit\u00e9 - link2fleet","og_description":"2020 s\u2019annonce comme une ann\u00e9e exceptionnelle pour Touring. Car oui, cela fait d\u00e9j\u00e0 125 ans que l\u2019aventure a d\u00e9marr\u00e9 avec notamment les camionnettes jaunes, composantes\u2026","og_url":"https:\/\/www.link2fleet.com\/fr\/touring-fete-ses-125-ans-dexistence-lhistoire-dun-club-de-cyclisme-qui-se-transforme-en-integrateur-de-mobilite\/","og_site_name":"link2fleet","article_published_time":"2020-01-27T08:02:46+00:00","article_modified_time":"2024-04-17T14:54:17+00:00","og_image":[{"width":800,"height":533,"url":"https:\/\/static.link2fleet.com\/wp-content\/uploads\/2024\/03\/rik-5884.jpg","type":"image\/jpeg"}],"author":"Damien Malvetti","twitter_card":"summary_large_image","twitter_description":"2020 s\u2019annonce comme une ann\u00e9e exceptionnelle pour Touring. Car oui, cela fait d\u00e9j\u00e0 125 ans que l\u2019aventure a d\u00e9marr\u00e9 avec notamment les camionnettes jaunes, composantes\u2026","twitter_misc":{"\u00c9crit par":"Damien Malvetti","Dur\u00e9e de lecture estim\u00e9e":"5 minutes"},"schema":{"@context":"https:\/\/schema.org","@graph":[{"@type":"Article","@id":"https:\/\/www.link2fleet.com\/fr\/touring-fete-ses-125-ans-dexistence-lhistoire-dun-club-de-cyclisme-qui-se-transforme-en-integrateur-de-mobilite\/#article","isPartOf":{"@id":"https:\/\/www.link2fleet.com\/fr\/touring-fete-ses-125-ans-dexistence-lhistoire-dun-club-de-cyclisme-qui-se-transforme-en-integrateur-de-mobilite\/"},"author":{"name":"Damien Malvetti","@id":"https:\/\/www.link2fleet.com\/fr\/#\/schema\/person\/027cd46113c78036b3809c9a054049da"},"headline":"Touring f\u00eate ses 125 ans d\u2019existence L\u2019histoire d\u2019un club de cyclisme qui se transforme en int\u00e9grateur de mobilit\u00e9","datePublished":"2020-01-27T08:02:46+00:00","dateModified":"2024-04-17T14:54:17+00:00","mainEntityOfPage":{"@id":"https:\/\/www.link2fleet.com\/fr\/touring-fete-ses-125-ans-dexistence-lhistoire-dun-club-de-cyclisme-qui-se-transforme-en-integrateur-de-mobilite\/"},"wordCount":1039,"publisher":{"@id":"https:\/\/www.link2fleet.com\/fr\/#organization"},"image":{"@id":"https:\/\/www.link2fleet.com\/fr\/touring-fete-ses-125-ans-dexistence-lhistoire-dun-club-de-cyclisme-qui-se-transforme-en-integrateur-de-mobilite\/#primaryimage"},"thumbnailUrl":"https:\/\/static.link2fleet.com\/wp-content\/uploads\/2024\/03\/rik-5884.jpg","articleSection":["Assurances et assistance","Gestion de flotte","V\u00e9hicules"],"inLanguage":"fr-FR"},{"@type":"WebPage","@id":"https:\/\/www.link2fleet.com\/fr\/touring-fete-ses-125-ans-dexistence-lhistoire-dun-club-de-cyclisme-qui-se-transforme-en-integrateur-de-mobilite\/","url":"https:\/\/www.link2fleet.com\/fr\/touring-fete-ses-125-ans-dexistence-lhistoire-dun-club-de-cyclisme-qui-se-transforme-en-integrateur-de-mobilite\/","name":"Touring f\u00eate ses 125 ans d\u2019existence L\u2019histoire d\u2019un club de cyclisme qui se transforme en int\u00e9grateur de mobilit\u00e9 - link2fleet","isPartOf":{"@id":"https:\/\/www.link2fleet.com\/fr\/#website"},"primaryImageOfPage":{"@id":"https:\/\/www.link2fleet.com\/fr\/touring-fete-ses-125-ans-dexistence-lhistoire-dun-club-de-cyclisme-qui-se-transforme-en-integrateur-de-mobilite\/#primaryimage"},"image":{"@id":"https:\/\/www.link2fleet.com\/fr\/touring-fete-ses-125-ans-dexistence-lhistoire-dun-club-de-cyclisme-qui-se-transforme-en-integrateur-de-mobilite\/#primaryimage"},"thumbnailUrl":"https:\/\/static.link2fleet.com\/wp-content\/uploads\/2024\/03\/rik-5884.jpg","datePublished":"2020-01-27T08:02:46+00:00","dateModified":"2024-04-17T14:54:17+00:00","breadcrumb":{"@id":"https:\/\/www.link2fleet.com\/fr\/touring-fete-ses-125-ans-dexistence-lhistoire-dun-club-de-cyclisme-qui-se-transforme-en-integrateur-de-mobilite\/#breadcrumb"},"inLanguage":"fr-FR","potentialAction":[{"@type":"ReadAction","target":["https:\/\/www.link2fleet.com\/fr\/touring-fete-ses-125-ans-dexistence-lhistoire-dun-club-de-cyclisme-qui-se-transforme-en-integrateur-de-mobilite\/"]}]},{"@type":"ImageObject","inLanguage":"fr-FR","@id":"https:\/\/www.link2fleet.com\/fr\/touring-fete-ses-125-ans-dexistence-lhistoire-dun-club-de-cyclisme-qui-se-transforme-en-integrateur-de-mobilite\/#primaryimage","url":"https:\/\/static.link2fleet.com\/wp-content\/uploads\/2024\/03\/rik-5884.jpg","contentUrl":"https:\/\/static.link2fleet.com\/wp-content\/uploads\/2024\/03\/rik-5884.jpg","width":800,"height":533,"caption":"|||"},{"@type":"BreadcrumbList","@id":"https:\/\/www.link2fleet.com\/fr\/touring-fete-ses-125-ans-dexistence-lhistoire-dun-club-de-cyclisme-qui-se-transforme-en-integrateur-de-mobilite\/#breadcrumb","itemListElement":[{"@type":"ListItem","position":1,"name":"Home","item":"https:\/\/www.link2fleet.com\/fr\/"},{"@type":"ListItem","position":2,"name":"Touring f\u00eate ses 125 ans d\u2019existence L\u2019histoire d\u2019un club de cyclisme qui se transforme en int\u00e9grateur de mobilit\u00e9"}]},{"@type":"WebSite","@id":"https:\/\/www.link2fleet.com\/fr\/#website","url":"https:\/\/www.link2fleet.com\/fr\/","name":"Link2fleet","description":"","publisher":{"@id":"https:\/\/www.link2fleet.com\/fr\/#organization"},"potentialAction":[{"@type":"SearchAction","target":{"@type":"EntryPoint","urlTemplate":"https:\/\/www.link2fleet.com\/fr\/?s={search_term_string}"},"query-input":{"@type":"PropertyValueSpecification","valueRequired":true,"valueName":"search_term_string"}}],"inLanguage":"fr-FR"},{"@type":"Organization","@id":"https:\/\/www.link2fleet.com\/fr\/#organization","name":"Link2fleet","url":"https:\/\/www.link2fleet.com\/fr\/","logo":{"@type":"ImageObject","inLanguage":"fr-FR","@id":"https:\/\/www.link2fleet.com\/fr\/#\/schema\/logo\/image\/","url":"https:\/\/static.link2fleet.com\/wp-content\/uploads\/2024\/03\/share-image.jpg","contentUrl":"https:\/\/static.link2fleet.com\/wp-content\/uploads\/2024\/03\/share-image.jpg","width":1200,"height":630,"caption":"Link2fleet"},"image":{"@id":"https:\/\/www.link2fleet.com\/fr\/#\/schema\/logo\/image\/"},"sameAs":["https:\/\/www.linkedin.com\/company\/link2fleet-belgium","https:\/\/www.youtube.com\/user\/MMMBMBE"]},{"@type":"Person","@id":"https:\/\/www.link2fleet.com\/fr\/#\/schema\/person\/027cd46113c78036b3809c9a054049da","name":"Damien Malvetti","image":{"@type":"ImageObject","inLanguage":"fr-FR","@id":"https:\/\/secure.gravatar.com\/avatar\/dd8cc03b49466c735f753ac37f8caa371af16dfed347456ed61f02883255eebb?s=96&d=mm&r=g","url":"https:\/\/secure.gravatar.com\/avatar\/dd8cc03b49466c735f753ac37f8caa371af16dfed347456ed61f02883255eebb?s=96&d=mm&r=g","contentUrl":"https:\/\/secure.gravatar.com\/avatar\/dd8cc03b49466c735f753ac37f8caa371af16dfed347456ed61f02883255eebb?s=96&d=mm&r=g","caption":"Damien Malvetti"},"description":"Damien Malvetti is opgeleid als journalist en gepassioneerd door wagens, technologie en mobiliteit. Hij is verantwoordelijk voor de redactionele inhoud van link2fleet en beschikt over een uitgebreide kennis van de fleet-sector en elektrische mobiliteit.","sameAs":["https:\/\/www.linkedin.com\/in\/damien-malvetti-56601142\/"]}]}},"_links":{"self":[{"href":"https:\/\/www.link2fleet.com\/fr\/wp-json\/wp\/v2\/posts\/1805","targetHints":{"allow":["GET"]}}],"collection":[{"href":"https:\/\/www.link2fleet.com\/fr\/wp-json\/wp\/v2\/posts"}],"about":[{"href":"https:\/\/www.link2fleet.com\/fr\/wp-json\/wp\/v2\/types\/post"}],"author":[{"embeddable":true,"href":"https:\/\/www.link2fleet.com\/fr\/wp-json\/wp\/v2\/users\/4"}],"replies":[{"embeddable":true,"href":"https:\/\/www.link2fleet.com\/fr\/wp-json\/wp\/v2\/comments?post=1805"}],"version-history":[{"count":0,"href":"https:\/\/www.link2fleet.com\/fr\/wp-json\/wp\/v2\/posts\/1805\/revisions"}],"wp:featuredmedia":[{"embeddable":true,"href":"https:\/\/www.link2fleet.com\/fr\/wp-json\/wp\/v2\/media\/1806"}],"wp:attachment":[{"href":"https:\/\/www.link2fleet.com\/fr\/wp-json\/wp\/v2\/media?parent=1805"}],"wp:term":[{"taxonomy":"category","embeddable":true,"href":"https:\/\/www.link2fleet.com\/fr\/wp-json\/wp\/v2\/categories?post=1805"},{"taxonomy":"post_tag","embeddable":true,"href":"https:\/\/www.link2fleet.com\/fr\/wp-json\/wp\/v2\/tags?post=1805"}],"curies":[{"name":"wp","href":"https:\/\/api.w.org\/{rel}","templated":true}]}}