{"id":1826,"date":"2020-01-29T15:51:23","date_gmt":"2020-01-29T14:51:23","guid":{"rendered":"https:\/\/www.link2fleet.com\/nouveau-ceo-pour-le-groupe-touring\/"},"modified":"2024-04-17T16:54:16","modified_gmt":"2024-04-17T14:54:16","slug":"nouveau-ceo-pour-le-groupe-touring","status":"publish","type":"post","link":"https:\/\/www.link2fleet.com\/fr\/nouveau-ceo-pour-le-groupe-touring\/","title":{"rendered":"Nouveau CEO pour le Groupe Touring"},"content":{"rendered":"\n<p>Thierry Willemarck devient Vice-Pr\u00e9sident du Touring Club Royal de Belgique et continuera \u00e0 exercer son mandat \u00e0 la F\u00e9d\u00e9ration Internationale de l\u2019Automobile comme Pr\u00e9sident d\u00e9l\u00e9gu\u00e9 \u00e0 la Mobilit\u00e9 Automobile et au Tourisme.<\/p>\n\n\n\n<div class=\"wp-block-image\"><figure class=\"alignleft is-resized\"><img loading=\"lazy\" decoding=\"async\" src=\"https:\/\/www.link2fleet.com\/wp-content\/uploads\/2020\/01\/Bruno-de-Thibault-de-Boesinghe.png\" alt=\"\" class=\"wp-image-1255254\" width=\"232\" height=\"348\"\/><\/figure><\/div>\n\n\n\n<p>Avec l\u2019ensemble des collaborateurs, et le Conseil d\u2019Administration, il vise le renforcement de Touring comme leader de la mobilit\u00e9 en Belgique, en s\u2019axant autour de trois priorit\u00e9s\u00a0:<\/p>\n\n\n\n<ul class=\"wp-block-list\"><li>tirer parti de la puissance des nouvelles technologies afin que tous ceux qui interagissent avec Touring b\u00e9n\u00e9ficient toujours d\u2019une exp\u00e9rience client exceptionnelle&nbsp;;<\/li><li>d\u00e9velopper une offre de produits &amp; services ax\u00e9e sur le concept de \u00ab la mobilit\u00e9 en tant que service \u00bb combinant tous les moyens de transport destin\u00e9s aux automobilistes mais aussi \u00e0 tous les usagers en g\u00e9n\u00e9ral ;<\/li><li>\u00eatre l\u2019acteur de r\u00e9f\u00e9rence en terme de services pour tous les v\u00e9hicules \u00e9lectriques (trottinette, v\u00e9lo, moto, voiture,..&nbsp;). <\/li><\/ul>\n\n\n\n<p> En 2020, Touring f\u00eate ses 125 ans d\u2019existence. Aujourd\u2019hui Touring est la plus grande organisation de mobilit\u00e9 en Belgique en offrant de l\u2019assistance \u00e0 plus de 2.800.000 usagers et 450.000 familles pour leur assistance voyage. <\/p>\n","protected":false},"excerpt":{"rendered":"<p>Thierry Willemarck devient Vice-Pr\u00e9sident du Touring Club Royal de Belgique et continuera \u00e0 exercer son mandat \u00e0 la F\u00e9d\u00e9ration Internationale de l\u2019Automobile comme Pr\u00e9sident d\u00e9l\u00e9gu\u00e9 \u00e0 la Mobilit\u00e9 Automobile et au Tourisme. Avec l\u2019ensemble des collaborateurs, et le Conseil d\u2019Administration, il vise le renforcement de Touring comme leader de la mobilit\u00e9 en Belgique, en s\u2019axant [&hellip;]<\/p>\n","protected":false},"author":19,"featured_media":1827,"comment_status":"closed","ping_status":"closed","sticky":false,"template":"","format":"standard","meta":{"_acf_changed":false,"footnotes":""},"categories":[83,91],"tags":[],"class_list":["post-1826","post","type-post","status-publish","format-standard","has-post-thumbnail","hentry","category-sssurance-risk-management-assistance-et-depannage","category-expertise-et-management"],"acf":[],"yoast_head":"<!-- This site is optimized with the Yoast SEO plugin v27.3 - https:\/\/yoast.com\/product\/yoast-seo-wordpress\/ -->\n<title>Nouveau CEO pour le Groupe Touring - link2fleet<\/title>\n<meta name=\"description\" content=\"Le Touring Club Royal de Belgique a annonc\u00e9 la nomination avec effet imm\u00e9diat de Bruno de Thibault de Boesinghe, actuel Directeur G\u00e9n\u00e9ral, au poste de\u2026\" \/>\n<meta name=\"robots\" content=\"index, follow, max-snippet:-1, max-image-preview:large, max-video-preview:-1\" \/>\n<meta property=\"og:locale\" content=\"fr_FR\" \/>\n<meta property=\"og:type\" content=\"article\" \/>\n<meta property=\"og:title\" content=\"Nouveau CEO pour le Groupe Touring - link2fleet\" \/>\n<meta property=\"og:description\" content=\"Le Touring Club Royal de Belgique a annonc\u00e9 la nomination avec effet imm\u00e9diat de Bruno de Thibault de Boesinghe, actuel Directeur G\u00e9n\u00e9ral, au poste de\u2026\" \/>\n<meta property=\"og:url\" content=\"https:\/\/www.link2fleet.com\/fr\/nouveau-ceo-pour-le-groupe-touring\/\" \/>\n<meta property=\"og:site_name\" content=\"link2fleet\" \/>\n<meta property=\"article:published_time\" content=\"2020-01-29T14:51:23+00:00\" \/>\n<meta property=\"article:modified_time\" content=\"2024-04-17T14:54:16+00:00\" \/>\n<meta property=\"og:image\" content=\"https:\/\/static.link2fleet.com\/wp-content\/uploads\/2024\/03\/bruno-de-thibault.png\" \/>\n\t<meta property=\"og:image:width\" content=\"400\" \/>\n\t<meta property=\"og:image:height\" content=\"300\" \/>\n\t<meta property=\"og:image:type\" content=\"image\/png\" \/>\n<meta name=\"author\" content=\"Marc Demoulin\" \/>\n<meta name=\"twitter:card\" content=\"summary_large_image\" \/>\n<meta name=\"twitter:description\" content=\"Le Touring Club Royal de Belgique a annonc\u00e9 la nomination avec effet imm\u00e9diat de Bruno de Thibault de Boesinghe, actuel Directeur G\u00e9n\u00e9ral, au poste de\u2026\" \/>\n<meta name=\"twitter:label1\" content=\"\u00c9crit par\" \/>\n\t<meta name=\"twitter:data1\" content=\"Marc Demoulin\" \/>\n\t<meta name=\"twitter:label2\" content=\"Dur\u00e9e de lecture estim\u00e9e\" \/>\n\t<meta name=\"twitter:data2\" content=\"1 minute\" \/>\n<script type=\"application\/ld+json\" class=\"yoast-schema-graph\">{\"@context\":\"https:\\\/\\\/schema.org\",\"@graph\":[{\"@type\":\"Article\",\"@id\":\"https:\\\/\\\/www.link2fleet.com\\\/fr\\\/nouveau-ceo-pour-le-groupe-touring\\\/#article\",\"isPartOf\":{\"@id\":\"https:\\\/\\\/www.link2fleet.com\\\/fr\\\/nouveau-ceo-pour-le-groupe-touring\\\/\"},\"author\":{\"name\":\"Marc Demoulin\",\"@id\":\"https:\\\/\\\/www.link2fleet.com\\\/fr\\\/#\\\/schema\\\/person\\\/be5c57fc3d8ec765f7f536ffa2d67457\"},\"headline\":\"Nouveau CEO pour le Groupe Touring\",\"datePublished\":\"2020-01-29T14:51:23+00:00\",\"dateModified\":\"2024-04-17T14:54:16+00:00\",\"mainEntityOfPage\":{\"@id\":\"https:\\\/\\\/www.link2fleet.com\\\/fr\\\/nouveau-ceo-pour-le-groupe-touring\\\/\"},\"wordCount\":196,\"publisher\":{\"@id\":\"https:\\\/\\\/www.link2fleet.com\\\/fr\\\/#organization\"},\"image\":{\"@id\":\"https:\\\/\\\/www.link2fleet.com\\\/fr\\\/nouveau-ceo-pour-le-groupe-touring\\\/#primaryimage\"},\"thumbnailUrl\":\"https:\\\/\\\/static.link2fleet.com\\\/wp-content\\\/uploads\\\/2024\\\/03\\\/bruno-de-thibault.png\",\"articleSection\":[\"Assurances et assistance\",\"Gestion de flotte\"],\"inLanguage\":\"fr-FR\"},{\"@type\":\"WebPage\",\"@id\":\"https:\\\/\\\/www.link2fleet.com\\\/fr\\\/nouveau-ceo-pour-le-groupe-touring\\\/\",\"url\":\"https:\\\/\\\/www.link2fleet.com\\\/fr\\\/nouveau-ceo-pour-le-groupe-touring\\\/\",\"name\":\"Nouveau CEO pour le Groupe Touring - link2fleet\",\"isPartOf\":{\"@id\":\"https:\\\/\\\/www.link2fleet.com\\\/fr\\\/#website\"},\"primaryImageOfPage\":{\"@id\":\"https:\\\/\\\/www.link2fleet.com\\\/fr\\\/nouveau-ceo-pour-le-groupe-touring\\\/#primaryimage\"},\"image\":{\"@id\":\"https:\\\/\\\/www.link2fleet.com\\\/fr\\\/nouveau-ceo-pour-le-groupe-touring\\\/#primaryimage\"},\"thumbnailUrl\":\"https:\\\/\\\/static.link2fleet.com\\\/wp-content\\\/uploads\\\/2024\\\/03\\\/bruno-de-thibault.png\",\"datePublished\":\"2020-01-29T14:51:23+00:00\",\"dateModified\":\"2024-04-17T14:54:16+00:00\",\"breadcrumb\":{\"@id\":\"https:\\\/\\\/www.link2fleet.com\\\/fr\\\/nouveau-ceo-pour-le-groupe-touring\\\/#breadcrumb\"},\"inLanguage\":\"fr-FR\",\"potentialAction\":[{\"@type\":\"ReadAction\",\"target\":[\"https:\\\/\\\/www.link2fleet.com\\\/fr\\\/nouveau-ceo-pour-le-groupe-touring\\\/\"]}]},{\"@type\":\"ImageObject\",\"inLanguage\":\"fr-FR\",\"@id\":\"https:\\\/\\\/www.link2fleet.com\\\/fr\\\/nouveau-ceo-pour-le-groupe-touring\\\/#primaryimage\",\"url\":\"https:\\\/\\\/static.link2fleet.com\\\/wp-content\\\/uploads\\\/2024\\\/03\\\/bruno-de-thibault.png\",\"contentUrl\":\"https:\\\/\\\/static.link2fleet.com\\\/wp-content\\\/uploads\\\/2024\\\/03\\\/bruno-de-thibault.png\",\"width\":400,\"height\":300,\"caption\":\"||\"},{\"@type\":\"BreadcrumbList\",\"@id\":\"https:\\\/\\\/www.link2fleet.com\\\/fr\\\/nouveau-ceo-pour-le-groupe-touring\\\/#breadcrumb\",\"itemListElement\":[{\"@type\":\"ListItem\",\"position\":1,\"name\":\"Home\",\"item\":\"https:\\\/\\\/www.link2fleet.com\\\/fr\\\/\"},{\"@type\":\"ListItem\",\"position\":2,\"name\":\"Nouveau CEO pour le Groupe Touring\"}]},{\"@type\":\"WebSite\",\"@id\":\"https:\\\/\\\/www.link2fleet.com\\\/fr\\\/#website\",\"url\":\"https:\\\/\\\/www.link2fleet.com\\\/fr\\\/\",\"name\":\"Link2fleet\",\"description\":\"\",\"publisher\":{\"@id\":\"https:\\\/\\\/www.link2fleet.com\\\/fr\\\/#organization\"},\"potentialAction\":[{\"@type\":\"SearchAction\",\"target\":{\"@type\":\"EntryPoint\",\"urlTemplate\":\"https:\\\/\\\/www.link2fleet.com\\\/fr\\\/?s={search_term_string}\"},\"query-input\":{\"@type\":\"PropertyValueSpecification\",\"valueRequired\":true,\"valueName\":\"search_term_string\"}}],\"inLanguage\":\"fr-FR\"},{\"@type\":\"Organization\",\"@id\":\"https:\\\/\\\/www.link2fleet.com\\\/fr\\\/#organization\",\"name\":\"Link2fleet\",\"url\":\"https:\\\/\\\/www.link2fleet.com\\\/fr\\\/\",\"logo\":{\"@type\":\"ImageObject\",\"inLanguage\":\"fr-FR\",\"@id\":\"https:\\\/\\\/www.link2fleet.com\\\/fr\\\/#\\\/schema\\\/logo\\\/image\\\/\",\"url\":\"https:\\\/\\\/static.link2fleet.com\\\/wp-content\\\/uploads\\\/2024\\\/03\\\/share-image.jpg\",\"contentUrl\":\"https:\\\/\\\/static.link2fleet.com\\\/wp-content\\\/uploads\\\/2024\\\/03\\\/share-image.jpg\",\"width\":1200,\"height\":630,\"caption\":\"Link2fleet\"},\"image\":{\"@id\":\"https:\\\/\\\/www.link2fleet.com\\\/fr\\\/#\\\/schema\\\/logo\\\/image\\\/\"},\"sameAs\":[\"https:\\\/\\\/www.linkedin.com\\\/company\\\/link2fleet-belgium\",\"https:\\\/\\\/www.youtube.com\\\/user\\\/MMMBMBE\"]},{\"@type\":\"Person\",\"@id\":\"https:\\\/\\\/www.link2fleet.com\\\/fr\\\/#\\\/schema\\\/person\\\/be5c57fc3d8ec765f7f536ffa2d67457\",\"name\":\"Marc Demoulin\",\"image\":{\"@type\":\"ImageObject\",\"inLanguage\":\"fr-FR\",\"@id\":\"https:\\\/\\\/secure.gravatar.com\\\/avatar\\\/a87df2253d2615844817d0a7f244258741572a74e0c35a309fca2badab9f30e7?s=96&d=mm&r=g\",\"url\":\"https:\\\/\\\/secure.gravatar.com\\\/avatar\\\/a87df2253d2615844817d0a7f244258741572a74e0c35a309fca2badab9f30e7?s=96&d=mm&r=g\",\"contentUrl\":\"https:\\\/\\\/secure.gravatar.com\\\/avatar\\\/a87df2253d2615844817d0a7f244258741572a74e0c35a309fca2badab9f30e7?s=96&d=mm&r=g\",\"caption\":\"Marc Demoulin\"}}]}<\/script>\n<!-- \/ Yoast SEO plugin. -->","yoast_head_json":{"title":"Nouveau CEO pour le Groupe Touring - link2fleet","description":"Le Touring Club Royal de Belgique a annonc\u00e9 la nomination avec effet imm\u00e9diat de Bruno de Thibault de Boesinghe, actuel Directeur G\u00e9n\u00e9ral, au poste de\u2026","robots":{"index":"index","follow":"follow","max-snippet":"max-snippet:-1","max-image-preview":"max-image-preview:large","max-video-preview":"max-video-preview:-1"},"og_locale":"fr_FR","og_type":"article","og_title":"Nouveau CEO pour le Groupe Touring - link2fleet","og_description":"Le Touring Club Royal de Belgique a annonc\u00e9 la nomination avec effet imm\u00e9diat de Bruno de Thibault de Boesinghe, actuel Directeur G\u00e9n\u00e9ral, au poste de\u2026","og_url":"https:\/\/www.link2fleet.com\/fr\/nouveau-ceo-pour-le-groupe-touring\/","og_site_name":"link2fleet","article_published_time":"2020-01-29T14:51:23+00:00","article_modified_time":"2024-04-17T14:54:16+00:00","og_image":[{"width":400,"height":300,"url":"https:\/\/static.link2fleet.com\/wp-content\/uploads\/2024\/03\/bruno-de-thibault.png","type":"image\/png"}],"author":"Marc Demoulin","twitter_card":"summary_large_image","twitter_description":"Le Touring Club Royal de Belgique a annonc\u00e9 la nomination avec effet imm\u00e9diat de Bruno de Thibault de Boesinghe, actuel Directeur G\u00e9n\u00e9ral, au poste de\u2026","twitter_misc":{"\u00c9crit par":"Marc Demoulin","Dur\u00e9e de lecture estim\u00e9e":"1 minute"},"schema":{"@context":"https:\/\/schema.org","@graph":[{"@type":"Article","@id":"https:\/\/www.link2fleet.com\/fr\/nouveau-ceo-pour-le-groupe-touring\/#article","isPartOf":{"@id":"https:\/\/www.link2fleet.com\/fr\/nouveau-ceo-pour-le-groupe-touring\/"},"author":{"name":"Marc Demoulin","@id":"https:\/\/www.link2fleet.com\/fr\/#\/schema\/person\/be5c57fc3d8ec765f7f536ffa2d67457"},"headline":"Nouveau CEO pour le Groupe Touring","datePublished":"2020-01-29T14:51:23+00:00","dateModified":"2024-04-17T14:54:16+00:00","mainEntityOfPage":{"@id":"https:\/\/www.link2fleet.com\/fr\/nouveau-ceo-pour-le-groupe-touring\/"},"wordCount":196,"publisher":{"@id":"https:\/\/www.link2fleet.com\/fr\/#organization"},"image":{"@id":"https:\/\/www.link2fleet.com\/fr\/nouveau-ceo-pour-le-groupe-touring\/#primaryimage"},"thumbnailUrl":"https:\/\/static.link2fleet.com\/wp-content\/uploads\/2024\/03\/bruno-de-thibault.png","articleSection":["Assurances et assistance","Gestion de flotte"],"inLanguage":"fr-FR"},{"@type":"WebPage","@id":"https:\/\/www.link2fleet.com\/fr\/nouveau-ceo-pour-le-groupe-touring\/","url":"https:\/\/www.link2fleet.com\/fr\/nouveau-ceo-pour-le-groupe-touring\/","name":"Nouveau CEO pour le Groupe Touring - link2fleet","isPartOf":{"@id":"https:\/\/www.link2fleet.com\/fr\/#website"},"primaryImageOfPage":{"@id":"https:\/\/www.link2fleet.com\/fr\/nouveau-ceo-pour-le-groupe-touring\/#primaryimage"},"image":{"@id":"https:\/\/www.link2fleet.com\/fr\/nouveau-ceo-pour-le-groupe-touring\/#primaryimage"},"thumbnailUrl":"https:\/\/static.link2fleet.com\/wp-content\/uploads\/2024\/03\/bruno-de-thibault.png","datePublished":"2020-01-29T14:51:23+00:00","dateModified":"2024-04-17T14:54:16+00:00","breadcrumb":{"@id":"https:\/\/www.link2fleet.com\/fr\/nouveau-ceo-pour-le-groupe-touring\/#breadcrumb"},"inLanguage":"fr-FR","potentialAction":[{"@type":"ReadAction","target":["https:\/\/www.link2fleet.com\/fr\/nouveau-ceo-pour-le-groupe-touring\/"]}]},{"@type":"ImageObject","inLanguage":"fr-FR","@id":"https:\/\/www.link2fleet.com\/fr\/nouveau-ceo-pour-le-groupe-touring\/#primaryimage","url":"https:\/\/static.link2fleet.com\/wp-content\/uploads\/2024\/03\/bruno-de-thibault.png","contentUrl":"https:\/\/static.link2fleet.com\/wp-content\/uploads\/2024\/03\/bruno-de-thibault.png","width":400,"height":300,"caption":"||"},{"@type":"BreadcrumbList","@id":"https:\/\/www.link2fleet.com\/fr\/nouveau-ceo-pour-le-groupe-touring\/#breadcrumb","itemListElement":[{"@type":"ListItem","position":1,"name":"Home","item":"https:\/\/www.link2fleet.com\/fr\/"},{"@type":"ListItem","position":2,"name":"Nouveau CEO pour le Groupe Touring"}]},{"@type":"WebSite","@id":"https:\/\/www.link2fleet.com\/fr\/#website","url":"https:\/\/www.link2fleet.com\/fr\/","name":"Link2fleet","description":"","publisher":{"@id":"https:\/\/www.link2fleet.com\/fr\/#organization"},"potentialAction":[{"@type":"SearchAction","target":{"@type":"EntryPoint","urlTemplate":"https:\/\/www.link2fleet.com\/fr\/?s={search_term_string}"},"query-input":{"@type":"PropertyValueSpecification","valueRequired":true,"valueName":"search_term_string"}}],"inLanguage":"fr-FR"},{"@type":"Organization","@id":"https:\/\/www.link2fleet.com\/fr\/#organization","name":"Link2fleet","url":"https:\/\/www.link2fleet.com\/fr\/","logo":{"@type":"ImageObject","inLanguage":"fr-FR","@id":"https:\/\/www.link2fleet.com\/fr\/#\/schema\/logo\/image\/","url":"https:\/\/static.link2fleet.com\/wp-content\/uploads\/2024\/03\/share-image.jpg","contentUrl":"https:\/\/static.link2fleet.com\/wp-content\/uploads\/2024\/03\/share-image.jpg","width":1200,"height":630,"caption":"Link2fleet"},"image":{"@id":"https:\/\/www.link2fleet.com\/fr\/#\/schema\/logo\/image\/"},"sameAs":["https:\/\/www.linkedin.com\/company\/link2fleet-belgium","https:\/\/www.youtube.com\/user\/MMMBMBE"]},{"@type":"Person","@id":"https:\/\/www.link2fleet.com\/fr\/#\/schema\/person\/be5c57fc3d8ec765f7f536ffa2d67457","name":"Marc Demoulin","image":{"@type":"ImageObject","inLanguage":"fr-FR","@id":"https:\/\/secure.gravatar.com\/avatar\/a87df2253d2615844817d0a7f244258741572a74e0c35a309fca2badab9f30e7?s=96&d=mm&r=g","url":"https:\/\/secure.gravatar.com\/avatar\/a87df2253d2615844817d0a7f244258741572a74e0c35a309fca2badab9f30e7?s=96&d=mm&r=g","contentUrl":"https:\/\/secure.gravatar.com\/avatar\/a87df2253d2615844817d0a7f244258741572a74e0c35a309fca2badab9f30e7?s=96&d=mm&r=g","caption":"Marc Demoulin"}}]}},"_links":{"self":[{"href":"https:\/\/www.link2fleet.com\/fr\/wp-json\/wp\/v2\/posts\/1826","targetHints":{"allow":["GET"]}}],"collection":[{"href":"https:\/\/www.link2fleet.com\/fr\/wp-json\/wp\/v2\/posts"}],"about":[{"href":"https:\/\/www.link2fleet.com\/fr\/wp-json\/wp\/v2\/types\/post"}],"author":[{"embeddable":true,"href":"https:\/\/www.link2fleet.com\/fr\/wp-json\/wp\/v2\/users\/19"}],"replies":[{"embeddable":true,"href":"https:\/\/www.link2fleet.com\/fr\/wp-json\/wp\/v2\/comments?post=1826"}],"version-history":[{"count":0,"href":"https:\/\/www.link2fleet.com\/fr\/wp-json\/wp\/v2\/posts\/1826\/revisions"}],"wp:featuredmedia":[{"embeddable":true,"href":"https:\/\/www.link2fleet.com\/fr\/wp-json\/wp\/v2\/media\/1827"}],"wp:attachment":[{"href":"https:\/\/www.link2fleet.com\/fr\/wp-json\/wp\/v2\/media?parent=1826"}],"wp:term":[{"taxonomy":"category","embeddable":true,"href":"https:\/\/www.link2fleet.com\/fr\/wp-json\/wp\/v2\/categories?post=1826"},{"taxonomy":"post_tag","embeddable":true,"href":"https:\/\/www.link2fleet.com\/fr\/wp-json\/wp\/v2\/tags?post=1826"}],"curies":[{"name":"wp","href":"https:\/\/api.w.org\/{rel}","templated":true}]}}