{"id":1962,"date":"2020-02-28T12:41:39","date_gmt":"2020-02-28T11:41:39","guid":{"rendered":"https:\/\/www.link2fleet.com\/citroen-la-mobilite-electrique-se-fait-un-nouvel-ami\/"},"modified":"2024-04-17T16:54:01","modified_gmt":"2024-04-17T14:54:01","slug":"citroen-la-mobilite-electrique-se-fait-un-nouvel-ami","status":"publish","type":"post","link":"https:\/\/www.link2fleet.com\/fr\/citroen-la-mobilite-electrique-se-fait-un-nouvel-ami\/","title":{"rendered":"Citro\u00ebn : la mobilit\u00e9 \u00e9lectrique se fait un nouvel Ami"},"content":{"rendered":"\n<p><strong>45 km\/h et 70 km d\u2019autonomie<\/strong><\/p>\n\n\n\n<p>Fort de ses 100 ann\u00e9es d\u2019histoire, Citro\u00ebn ne pouvait pas lancer ce mod\u00e8le anticonformiste sans faire r\u00e9f\u00e9rence \u00e0 un pass\u00e9 toujours teint\u00e9 d\u2019audace et de cr\u00e9ativit\u00e9. <em>Ami<\/em> fait donc un clin d\u2019\u0153il sympa aux berlines Ami 6 et Ami 8 qui avaient bouscul\u00e9 le traditionalisme du march\u00e9 automobile entre les ann\u00e9es 1961 et 1978. <\/p>\n\n\n\n<figure class=\"wp-block-image\"><img decoding=\"async\" src=\"https:\/\/www.link2fleet.com\/wp-content\/uploads\/2020\/02\/Citro\u00ebn-Ami-4-1024x579.jpg\" alt=\"\" class=\"wp-image-1256205\"\/><figcaption>Un design r\u00e9solument anticonformiste.<\/figcaption><\/figure>\n\n\n\n<p>Mais revenons-en \u00e0 notre objet de mobilit\u00e9 \u00e0 qui nous ne\ntrouvons pas v\u00e9ritablement d\u2019\u00e9quivalent si ce n\u2019est peut-\u00eatre l\u2019Aixam sur\nlaquelle chacun de nous a sans dout\u00e9 d\u00e9j\u00e0 klaxonn\u00e9 une fois dans sa vie de\nconducteur. <\/p>\n\n\n\n<p><em>Ami<\/em> se conduit sans permis et donc d\u00e8s 16 ans \u2013 parfois m\u00eame 14 ans \u2013 en fonction de la l\u00e9gislation du pays. Con\u00e7u sur gabarit ultra compact de 2,41m de long sur 1,39m de large, <em>Ami<\/em> propose deux places avec des si\u00e8ges d\u00e9cal\u00e9s de telle mani\u00e8re que chaque occupant puisse b\u00e9n\u00e9ficier d\u2019un espace confortable. V\u00e9hicule exclusivement con\u00e7u pour le centre-ville, <em>Ami<\/em> propose un mode de conduite 100% \u00e9lectrique sans embrayage o\u00f9 le couple est directement disponible d\u00e8s pression sur la p\u00e9dale. Capable de rouler jusqu\u2019\u00e0 45 km\/h, elle propose 70 km d\u2019autonomie, une distance que les dirigeants de Citro\u00ebn estiment largement sup\u00e9rieure \u00e0 la distance moyenne parcourues par les urbains et les p\u00e9ri-urbains. La recharge de la batterie lithium-ion de 5,5 kWh s\u2019effectue en toute simplicit\u00e9 sur une prise 220 V classique. Le temps de charge complet est pour sa part estim\u00e9 \u00e0 3 heures.<\/p>\n\n\n\n<figure class=\"wp-block-image\"><img decoding=\"async\" src=\"https:\/\/www.link2fleet.com\/wp-content\/uploads\/2020\/02\/Citro\u00ebn-Ami-1-1024x769.jpg\" alt=\"\" class=\"wp-image-1256199\"\/><figcaption>3 heures pour une recharge compl\u00e8te sur une prise 220 V domestique.<\/figcaption><\/figure>\n\n\n\n<p><strong>D\u2019une minute \u00e0 un an<\/strong><\/p>\n\n\n\n<p>Dans la mouvance actuelle vers une digitalisation extr\u00eame du\nparcours client, <em>Ami<\/em> s\u2019inscrit dans un nouvel \u00e9cosyst\u00e8me 100% digital.\nAinsi, il sera possible de partir \u00e0 la rencontre d\u2019<em>Ami<\/em>, la configurer, organiser\nun essai, la commander, la payer et finalement se la faire livrer \u00e0 domicile ou\ndans un point de retrait en quelques clics \u00e0 peine sur le smartphone. 24h\/24,\n7j\/7. Une vraie r\u00e9volution&nbsp;! <\/p>\n\n\n\n<p>Parfaitement en ligne avec son slogan \u2018mobilit\u00e9 \u00e9lectrique\naccessible \u00e0 tous\u2019, Citro\u00ebn s\u2019est inspir\u00e9 des nouveaux modes de consommation pour\nproposer des solutions \u00e0 la carte \u00e0 ses clients. D\u2019une minute \u00e0 un an. <em>Ami<\/em>,\nl\u2019objet de mobilit\u00e9 urbaine, sera donc disponible au choix en autopartage, en\nlocation ou en achat o\u00f9 le prix de 6.990 EUR a \u00e9t\u00e9 annonc\u00e9. La location s\u2019op\u00e9rera\nvia Free2Move, la soci\u00e9t\u00e9 de leasing attach\u00e9e au groupe PSA.<\/p>\n\n\n\n<p>L\u2019ouverture des commandes est pr\u00e9vue le 30 mars en France et quelques mois plus tard en Espagne, Italie, Belgique, au Portugal et en Allemagne.<\/p>\n\n\n\n<figure class=\"wp-block-image\"><img decoding=\"async\" src=\"https:\/\/www.link2fleet.com\/wp-content\/uploads\/2020\/02\/Citro\u00ebn-Ami-2-1024x548.jpg\" alt=\"\" class=\"wp-image-1256201\"\/><figcaption>Ami sera facilement personnalisable selon le concept du &lsquo;Do it Yourself&rsquo;.<\/figcaption><\/figure>\n\n\n\n<p><strong>Notre avis<\/strong><\/p>\n\n\n\n<p>Le v\u00e9hicule \u2013 tol\u00e9r\u00e9 car le mot vient de nous &#8211; affiche une bouille sympa, se veut r\u00e9solument anticonformiste et exploite un cr\u00e9neau r\u00e9solument porteur au niveau de la mobilit\u00e9 urbaine \u00e9lectrique abordable. F\u00e9licitations donc \u00e0 la marque aux double chevrons pour son audace et sa cr\u00e9ativit\u00e9 ! En ce qui nous concerne, nous sommes convaincus du potentiel en autopartage et en location mais nettement plus h\u00e9sitants par rapport \u00e0 l\u2019achat car cet objet  sera obligatoirement cantonn\u00e9 dans le centre-ville. Difficile voire ill\u00e9gal d\u2019imaginer ce v\u00e9hicule caracoler sur le p\u00e9riph\u00e9rique ou sur une voie rapide. Le champ d\u2019utilisation nous para\u00eet par cons\u00e9quent relativement limit\u00e9 pour une v\u00e9ritable possession.<\/p>\n\n\n\n<figure class=\"wp-block-image\"><img decoding=\"async\" src=\"https:\/\/www.link2fleet.com\/wp-content\/uploads\/2020\/02\/Citro\u00ebn-Ami-5-1024x576.jpg\" alt=\"\" class=\"wp-image-1256207\"\/><figcaption>Les si\u00e8ges d\u00e9cal\u00e9s permettent un confort assez surprenant \u00e0 bord de l&rsquo;habitacle.<br><\/figcaption><\/figure>\n\n\n\n<figure class=\"wp-block-embed-youtube wp-block-embed is-type-video is-provider-youtube wp-embed-aspect-16-9 wp-has-aspect-ratio\"><div class=\"wp-block-embed__wrapper\">\n<iframe loading=\"lazy\" title=\"International Presentation of the all new Citroen AMI\" width=\"500\" height=\"281\" src=\"https:\/\/www.youtube.com\/embed\/k5VSxJQTeJo?feature=oembed\" frameborder=\"0\" allow=\"accelerometer; autoplay; clipboard-write; encrypted-media; gyroscope; picture-in-picture; web-share\" referrerpolicy=\"strict-origin-when-cross-origin\" allowfullscreen><\/iframe>\n<\/div><\/figure>\n","protected":false},"excerpt":{"rendered":"<p>45 km\/h et 70 km d\u2019autonomie Fort de ses 100 ann\u00e9es d\u2019histoire, Citro\u00ebn ne pouvait pas lancer ce mod\u00e8le anticonformiste sans faire r\u00e9f\u00e9rence \u00e0 un pass\u00e9 toujours teint\u00e9 d\u2019audace et de cr\u00e9ativit\u00e9. Ami fait donc un clin d\u2019\u0153il sympa aux berlines Ami 6 et Ami 8 qui avaient bouscul\u00e9 le traditionalisme du march\u00e9 automobile entre [&hellip;]<\/p>\n","protected":false},"author":19,"featured_media":1963,"comment_status":"closed","ping_status":"closed","sticky":false,"template":"","format":"standard","meta":{"_acf_changed":false,"footnotes":""},"categories":[90,77,87,76],"tags":[],"class_list":["post-1962","post","type-post","status-publish","format-standard","has-post-thumbnail","hentry","category-car-sharing-et-car-pooling","category-importateurs-et-constructeurs-automobiles-vp","category-mobility-2","category-car"],"acf":[],"yoast_head":"<!-- This site is optimized with the Yoast SEO plugin v27.3 - https:\/\/yoast.com\/product\/yoast-seo-wordpress\/ -->\n<title>Citro\u00ebn : la mobilit\u00e9 \u00e9lectrique se fait un nouvel Ami - link2fleet<\/title>\n<meta name=\"description\" content=\"C\u2019est devant un parterre de journalistes europ\u00e9ens r\u00e9unis dans la magnifique \u2018La D\u00e9fense Arena\u2019 de Paris que Citro\u00ebn a d\u00e9voil\u00e9 hier son nouvel objet de\u2026\" \/>\n<meta name=\"robots\" content=\"index, follow, max-snippet:-1, max-image-preview:large, max-video-preview:-1\" \/>\n<meta property=\"og:locale\" content=\"fr_FR\" \/>\n<meta property=\"og:type\" content=\"article\" \/>\n<meta property=\"og:title\" content=\"Citro\u00ebn : la mobilit\u00e9 \u00e9lectrique se fait un nouvel Ami - link2fleet\" \/>\n<meta property=\"og:description\" content=\"C\u2019est devant un parterre de journalistes europ\u00e9ens r\u00e9unis dans la magnifique \u2018La D\u00e9fense Arena\u2019 de Paris que Citro\u00ebn a d\u00e9voil\u00e9 hier son nouvel objet de\u2026\" \/>\n<meta property=\"og:url\" content=\"https:\/\/www.link2fleet.com\/fr\/citroen-la-mobilite-electrique-se-fait-un-nouvel-ami\/\" \/>\n<meta property=\"og:site_name\" content=\"link2fleet\" \/>\n<meta property=\"article:published_time\" content=\"2020-02-28T11:41:39+00:00\" \/>\n<meta property=\"article:modified_time\" content=\"2024-04-17T14:54:01+00:00\" \/>\n<meta property=\"og:image\" content=\"https:\/\/static.link2fleet.com\/wp-content\/uploads\/2024\/03\/citroen-ami-3.jpg\" \/>\n\t<meta property=\"og:image:width\" content=\"1024\" \/>\n\t<meta property=\"og:image:height\" content=\"511\" \/>\n\t<meta property=\"og:image:type\" content=\"image\/jpeg\" \/>\n<meta name=\"author\" content=\"Marc Demoulin\" \/>\n<meta name=\"twitter:card\" content=\"summary_large_image\" \/>\n<meta name=\"twitter:description\" content=\"C\u2019est devant un parterre de journalistes europ\u00e9ens r\u00e9unis dans la magnifique \u2018La D\u00e9fense Arena\u2019 de Paris que Citro\u00ebn a d\u00e9voil\u00e9 hier son nouvel objet de\u2026\" \/>\n<meta name=\"twitter:label1\" content=\"\u00c9crit par\" \/>\n\t<meta name=\"twitter:data1\" content=\"Marc Demoulin\" \/>\n\t<meta name=\"twitter:label2\" content=\"Dur\u00e9e de lecture estim\u00e9e\" \/>\n\t<meta name=\"twitter:data2\" content=\"3 minutes\" \/>\n<script type=\"application\/ld+json\" class=\"yoast-schema-graph\">{\"@context\":\"https:\\\/\\\/schema.org\",\"@graph\":[{\"@type\":\"Article\",\"@id\":\"https:\\\/\\\/www.link2fleet.com\\\/fr\\\/citroen-la-mobilite-electrique-se-fait-un-nouvel-ami\\\/#article\",\"isPartOf\":{\"@id\":\"https:\\\/\\\/www.link2fleet.com\\\/fr\\\/citroen-la-mobilite-electrique-se-fait-un-nouvel-ami\\\/\"},\"author\":{\"name\":\"Marc Demoulin\",\"@id\":\"https:\\\/\\\/www.link2fleet.com\\\/fr\\\/#\\\/schema\\\/person\\\/be5c57fc3d8ec765f7f536ffa2d67457\"},\"headline\":\"Citro\u00ebn : la mobilit\u00e9 \u00e9lectrique se fait un nouvel Ami\",\"datePublished\":\"2020-02-28T11:41:39+00:00\",\"dateModified\":\"2024-04-17T14:54:01+00:00\",\"mainEntityOfPage\":{\"@id\":\"https:\\\/\\\/www.link2fleet.com\\\/fr\\\/citroen-la-mobilite-electrique-se-fait-un-nouvel-ami\\\/\"},\"wordCount\":615,\"publisher\":{\"@id\":\"https:\\\/\\\/www.link2fleet.com\\\/fr\\\/#organization\"},\"image\":{\"@id\":\"https:\\\/\\\/www.link2fleet.com\\\/fr\\\/citroen-la-mobilite-electrique-se-fait-un-nouvel-ami\\\/#primaryimage\"},\"thumbnailUrl\":\"https:\\\/\\\/static.link2fleet.com\\\/wp-content\\\/uploads\\\/2024\\\/03\\\/citroen-ami-3.jpg\",\"articleSection\":[\"Car-sharing, car-pooling et taxi\",\"Importateurs et constructeurs\",\"Mobilit\u00e9\",\"V\u00e9hicules\"],\"inLanguage\":\"fr-FR\"},{\"@type\":\"WebPage\",\"@id\":\"https:\\\/\\\/www.link2fleet.com\\\/fr\\\/citroen-la-mobilite-electrique-se-fait-un-nouvel-ami\\\/\",\"url\":\"https:\\\/\\\/www.link2fleet.com\\\/fr\\\/citroen-la-mobilite-electrique-se-fait-un-nouvel-ami\\\/\",\"name\":\"Citro\u00ebn : la mobilit\u00e9 \u00e9lectrique se fait un nouvel Ami - link2fleet\",\"isPartOf\":{\"@id\":\"https:\\\/\\\/www.link2fleet.com\\\/fr\\\/#website\"},\"primaryImageOfPage\":{\"@id\":\"https:\\\/\\\/www.link2fleet.com\\\/fr\\\/citroen-la-mobilite-electrique-se-fait-un-nouvel-ami\\\/#primaryimage\"},\"image\":{\"@id\":\"https:\\\/\\\/www.link2fleet.com\\\/fr\\\/citroen-la-mobilite-electrique-se-fait-un-nouvel-ami\\\/#primaryimage\"},\"thumbnailUrl\":\"https:\\\/\\\/static.link2fleet.com\\\/wp-content\\\/uploads\\\/2024\\\/03\\\/citroen-ami-3.jpg\",\"datePublished\":\"2020-02-28T11:41:39+00:00\",\"dateModified\":\"2024-04-17T14:54:01+00:00\",\"breadcrumb\":{\"@id\":\"https:\\\/\\\/www.link2fleet.com\\\/fr\\\/citroen-la-mobilite-electrique-se-fait-un-nouvel-ami\\\/#breadcrumb\"},\"inLanguage\":\"fr-FR\",\"potentialAction\":[{\"@type\":\"ReadAction\",\"target\":[\"https:\\\/\\\/www.link2fleet.com\\\/fr\\\/citroen-la-mobilite-electrique-se-fait-un-nouvel-ami\\\/\"]}]},{\"@type\":\"ImageObject\",\"inLanguage\":\"fr-FR\",\"@id\":\"https:\\\/\\\/www.link2fleet.com\\\/fr\\\/citroen-la-mobilite-electrique-se-fait-un-nouvel-ami\\\/#primaryimage\",\"url\":\"https:\\\/\\\/static.link2fleet.com\\\/wp-content\\\/uploads\\\/2024\\\/03\\\/citroen-ami-3.jpg\",\"contentUrl\":\"https:\\\/\\\/static.link2fleet.com\\\/wp-content\\\/uploads\\\/2024\\\/03\\\/citroen-ami-3.jpg\",\"width\":3555,\"height\":1775,\"caption\":\"Copyright maison-vignaux @ Continental Productions|Post-production : Astuce Productions|Copyright maison-vignaux @ Continental Productions|Copyright maison-vignaux @ Continental Productions|Post-production : Astuce Productions\"},{\"@type\":\"BreadcrumbList\",\"@id\":\"https:\\\/\\\/www.link2fleet.com\\\/fr\\\/citroen-la-mobilite-electrique-se-fait-un-nouvel-ami\\\/#breadcrumb\",\"itemListElement\":[{\"@type\":\"ListItem\",\"position\":1,\"name\":\"Home\",\"item\":\"https:\\\/\\\/www.link2fleet.com\\\/fr\\\/\"},{\"@type\":\"ListItem\",\"position\":2,\"name\":\"Citro\u00ebn : la mobilit\u00e9 \u00e9lectrique se fait un nouvel Ami\"}]},{\"@type\":\"WebSite\",\"@id\":\"https:\\\/\\\/www.link2fleet.com\\\/fr\\\/#website\",\"url\":\"https:\\\/\\\/www.link2fleet.com\\\/fr\\\/\",\"name\":\"Link2fleet\",\"description\":\"\",\"publisher\":{\"@id\":\"https:\\\/\\\/www.link2fleet.com\\\/fr\\\/#organization\"},\"potentialAction\":[{\"@type\":\"SearchAction\",\"target\":{\"@type\":\"EntryPoint\",\"urlTemplate\":\"https:\\\/\\\/www.link2fleet.com\\\/fr\\\/?s={search_term_string}\"},\"query-input\":{\"@type\":\"PropertyValueSpecification\",\"valueRequired\":true,\"valueName\":\"search_term_string\"}}],\"inLanguage\":\"fr-FR\"},{\"@type\":\"Organization\",\"@id\":\"https:\\\/\\\/www.link2fleet.com\\\/fr\\\/#organization\",\"name\":\"Link2fleet\",\"url\":\"https:\\\/\\\/www.link2fleet.com\\\/fr\\\/\",\"logo\":{\"@type\":\"ImageObject\",\"inLanguage\":\"fr-FR\",\"@id\":\"https:\\\/\\\/www.link2fleet.com\\\/fr\\\/#\\\/schema\\\/logo\\\/image\\\/\",\"url\":\"https:\\\/\\\/static.link2fleet.com\\\/wp-content\\\/uploads\\\/2024\\\/03\\\/share-image.jpg\",\"contentUrl\":\"https:\\\/\\\/static.link2fleet.com\\\/wp-content\\\/uploads\\\/2024\\\/03\\\/share-image.jpg\",\"width\":1200,\"height\":630,\"caption\":\"Link2fleet\"},\"image\":{\"@id\":\"https:\\\/\\\/www.link2fleet.com\\\/fr\\\/#\\\/schema\\\/logo\\\/image\\\/\"},\"sameAs\":[\"https:\\\/\\\/www.linkedin.com\\\/company\\\/link2fleet-belgium\",\"https:\\\/\\\/www.youtube.com\\\/user\\\/MMMBMBE\"]},{\"@type\":\"Person\",\"@id\":\"https:\\\/\\\/www.link2fleet.com\\\/fr\\\/#\\\/schema\\\/person\\\/be5c57fc3d8ec765f7f536ffa2d67457\",\"name\":\"Marc Demoulin\",\"image\":{\"@type\":\"ImageObject\",\"inLanguage\":\"fr-FR\",\"@id\":\"https:\\\/\\\/secure.gravatar.com\\\/avatar\\\/a87df2253d2615844817d0a7f244258741572a74e0c35a309fca2badab9f30e7?s=96&d=mm&r=g\",\"url\":\"https:\\\/\\\/secure.gravatar.com\\\/avatar\\\/a87df2253d2615844817d0a7f244258741572a74e0c35a309fca2badab9f30e7?s=96&d=mm&r=g\",\"contentUrl\":\"https:\\\/\\\/secure.gravatar.com\\\/avatar\\\/a87df2253d2615844817d0a7f244258741572a74e0c35a309fca2badab9f30e7?s=96&d=mm&r=g\",\"caption\":\"Marc Demoulin\"}}]}<\/script>\n<!-- \/ Yoast SEO plugin. -->","yoast_head_json":{"title":"Citro\u00ebn : la mobilit\u00e9 \u00e9lectrique se fait un nouvel Ami - link2fleet","description":"C\u2019est devant un parterre de journalistes europ\u00e9ens r\u00e9unis dans la magnifique \u2018La D\u00e9fense Arena\u2019 de Paris que Citro\u00ebn a d\u00e9voil\u00e9 hier son nouvel objet de\u2026","robots":{"index":"index","follow":"follow","max-snippet":"max-snippet:-1","max-image-preview":"max-image-preview:large","max-video-preview":"max-video-preview:-1"},"og_locale":"fr_FR","og_type":"article","og_title":"Citro\u00ebn : la mobilit\u00e9 \u00e9lectrique se fait un nouvel Ami - link2fleet","og_description":"C\u2019est devant un parterre de journalistes europ\u00e9ens r\u00e9unis dans la magnifique \u2018La D\u00e9fense Arena\u2019 de Paris que Citro\u00ebn a d\u00e9voil\u00e9 hier son nouvel objet de\u2026","og_url":"https:\/\/www.link2fleet.com\/fr\/citroen-la-mobilite-electrique-se-fait-un-nouvel-ami\/","og_site_name":"link2fleet","article_published_time":"2020-02-28T11:41:39+00:00","article_modified_time":"2024-04-17T14:54:01+00:00","og_image":[{"url":"https:\/\/static.link2fleet.com\/wp-content\/uploads\/2024\/03\/citroen-ami-3.jpg","width":1024,"height":511,"type":"image\/jpeg"}],"author":"Marc Demoulin","twitter_card":"summary_large_image","twitter_description":"C\u2019est devant un parterre de journalistes europ\u00e9ens r\u00e9unis dans la magnifique \u2018La D\u00e9fense Arena\u2019 de Paris que Citro\u00ebn a d\u00e9voil\u00e9 hier son nouvel objet de\u2026","twitter_misc":{"\u00c9crit par":"Marc Demoulin","Dur\u00e9e de lecture estim\u00e9e":"3 minutes"},"schema":{"@context":"https:\/\/schema.org","@graph":[{"@type":"Article","@id":"https:\/\/www.link2fleet.com\/fr\/citroen-la-mobilite-electrique-se-fait-un-nouvel-ami\/#article","isPartOf":{"@id":"https:\/\/www.link2fleet.com\/fr\/citroen-la-mobilite-electrique-se-fait-un-nouvel-ami\/"},"author":{"name":"Marc Demoulin","@id":"https:\/\/www.link2fleet.com\/fr\/#\/schema\/person\/be5c57fc3d8ec765f7f536ffa2d67457"},"headline":"Citro\u00ebn : la mobilit\u00e9 \u00e9lectrique se fait un nouvel Ami","datePublished":"2020-02-28T11:41:39+00:00","dateModified":"2024-04-17T14:54:01+00:00","mainEntityOfPage":{"@id":"https:\/\/www.link2fleet.com\/fr\/citroen-la-mobilite-electrique-se-fait-un-nouvel-ami\/"},"wordCount":615,"publisher":{"@id":"https:\/\/www.link2fleet.com\/fr\/#organization"},"image":{"@id":"https:\/\/www.link2fleet.com\/fr\/citroen-la-mobilite-electrique-se-fait-un-nouvel-ami\/#primaryimage"},"thumbnailUrl":"https:\/\/static.link2fleet.com\/wp-content\/uploads\/2024\/03\/citroen-ami-3.jpg","articleSection":["Car-sharing, car-pooling et taxi","Importateurs et constructeurs","Mobilit\u00e9","V\u00e9hicules"],"inLanguage":"fr-FR"},{"@type":"WebPage","@id":"https:\/\/www.link2fleet.com\/fr\/citroen-la-mobilite-electrique-se-fait-un-nouvel-ami\/","url":"https:\/\/www.link2fleet.com\/fr\/citroen-la-mobilite-electrique-se-fait-un-nouvel-ami\/","name":"Citro\u00ebn : la mobilit\u00e9 \u00e9lectrique se fait un nouvel Ami - link2fleet","isPartOf":{"@id":"https:\/\/www.link2fleet.com\/fr\/#website"},"primaryImageOfPage":{"@id":"https:\/\/www.link2fleet.com\/fr\/citroen-la-mobilite-electrique-se-fait-un-nouvel-ami\/#primaryimage"},"image":{"@id":"https:\/\/www.link2fleet.com\/fr\/citroen-la-mobilite-electrique-se-fait-un-nouvel-ami\/#primaryimage"},"thumbnailUrl":"https:\/\/static.link2fleet.com\/wp-content\/uploads\/2024\/03\/citroen-ami-3.jpg","datePublished":"2020-02-28T11:41:39+00:00","dateModified":"2024-04-17T14:54:01+00:00","breadcrumb":{"@id":"https:\/\/www.link2fleet.com\/fr\/citroen-la-mobilite-electrique-se-fait-un-nouvel-ami\/#breadcrumb"},"inLanguage":"fr-FR","potentialAction":[{"@type":"ReadAction","target":["https:\/\/www.link2fleet.com\/fr\/citroen-la-mobilite-electrique-se-fait-un-nouvel-ami\/"]}]},{"@type":"ImageObject","inLanguage":"fr-FR","@id":"https:\/\/www.link2fleet.com\/fr\/citroen-la-mobilite-electrique-se-fait-un-nouvel-ami\/#primaryimage","url":"https:\/\/static.link2fleet.com\/wp-content\/uploads\/2024\/03\/citroen-ami-3.jpg","contentUrl":"https:\/\/static.link2fleet.com\/wp-content\/uploads\/2024\/03\/citroen-ami-3.jpg","width":3555,"height":1775,"caption":"Copyright maison-vignaux @ Continental Productions|Post-production : Astuce Productions|Copyright maison-vignaux @ Continental Productions|Copyright maison-vignaux @ Continental Productions|Post-production : Astuce Productions"},{"@type":"BreadcrumbList","@id":"https:\/\/www.link2fleet.com\/fr\/citroen-la-mobilite-electrique-se-fait-un-nouvel-ami\/#breadcrumb","itemListElement":[{"@type":"ListItem","position":1,"name":"Home","item":"https:\/\/www.link2fleet.com\/fr\/"},{"@type":"ListItem","position":2,"name":"Citro\u00ebn : la mobilit\u00e9 \u00e9lectrique se fait un nouvel Ami"}]},{"@type":"WebSite","@id":"https:\/\/www.link2fleet.com\/fr\/#website","url":"https:\/\/www.link2fleet.com\/fr\/","name":"Link2fleet","description":"","publisher":{"@id":"https:\/\/www.link2fleet.com\/fr\/#organization"},"potentialAction":[{"@type":"SearchAction","target":{"@type":"EntryPoint","urlTemplate":"https:\/\/www.link2fleet.com\/fr\/?s={search_term_string}"},"query-input":{"@type":"PropertyValueSpecification","valueRequired":true,"valueName":"search_term_string"}}],"inLanguage":"fr-FR"},{"@type":"Organization","@id":"https:\/\/www.link2fleet.com\/fr\/#organization","name":"Link2fleet","url":"https:\/\/www.link2fleet.com\/fr\/","logo":{"@type":"ImageObject","inLanguage":"fr-FR","@id":"https:\/\/www.link2fleet.com\/fr\/#\/schema\/logo\/image\/","url":"https:\/\/static.link2fleet.com\/wp-content\/uploads\/2024\/03\/share-image.jpg","contentUrl":"https:\/\/static.link2fleet.com\/wp-content\/uploads\/2024\/03\/share-image.jpg","width":1200,"height":630,"caption":"Link2fleet"},"image":{"@id":"https:\/\/www.link2fleet.com\/fr\/#\/schema\/logo\/image\/"},"sameAs":["https:\/\/www.linkedin.com\/company\/link2fleet-belgium","https:\/\/www.youtube.com\/user\/MMMBMBE"]},{"@type":"Person","@id":"https:\/\/www.link2fleet.com\/fr\/#\/schema\/person\/be5c57fc3d8ec765f7f536ffa2d67457","name":"Marc Demoulin","image":{"@type":"ImageObject","inLanguage":"fr-FR","@id":"https:\/\/secure.gravatar.com\/avatar\/a87df2253d2615844817d0a7f244258741572a74e0c35a309fca2badab9f30e7?s=96&d=mm&r=g","url":"https:\/\/secure.gravatar.com\/avatar\/a87df2253d2615844817d0a7f244258741572a74e0c35a309fca2badab9f30e7?s=96&d=mm&r=g","contentUrl":"https:\/\/secure.gravatar.com\/avatar\/a87df2253d2615844817d0a7f244258741572a74e0c35a309fca2badab9f30e7?s=96&d=mm&r=g","caption":"Marc Demoulin"}}]}},"_links":{"self":[{"href":"https:\/\/www.link2fleet.com\/fr\/wp-json\/wp\/v2\/posts\/1962","targetHints":{"allow":["GET"]}}],"collection":[{"href":"https:\/\/www.link2fleet.com\/fr\/wp-json\/wp\/v2\/posts"}],"about":[{"href":"https:\/\/www.link2fleet.com\/fr\/wp-json\/wp\/v2\/types\/post"}],"author":[{"embeddable":true,"href":"https:\/\/www.link2fleet.com\/fr\/wp-json\/wp\/v2\/users\/19"}],"replies":[{"embeddable":true,"href":"https:\/\/www.link2fleet.com\/fr\/wp-json\/wp\/v2\/comments?post=1962"}],"version-history":[{"count":0,"href":"https:\/\/www.link2fleet.com\/fr\/wp-json\/wp\/v2\/posts\/1962\/revisions"}],"wp:featuredmedia":[{"embeddable":true,"href":"https:\/\/www.link2fleet.com\/fr\/wp-json\/wp\/v2\/media\/1963"}],"wp:attachment":[{"href":"https:\/\/www.link2fleet.com\/fr\/wp-json\/wp\/v2\/media?parent=1962"}],"wp:term":[{"taxonomy":"category","embeddable":true,"href":"https:\/\/www.link2fleet.com\/fr\/wp-json\/wp\/v2\/categories?post=1962"},{"taxonomy":"post_tag","embeddable":true,"href":"https:\/\/www.link2fleet.com\/fr\/wp-json\/wp\/v2\/tags?post=1962"}],"curies":[{"name":"wp","href":"https:\/\/api.w.org\/{rel}","templated":true}]}}