{"id":2074,"date":"2020-03-20T08:35:01","date_gmt":"2020-03-20T07:35:01","guid":{"rendered":"https:\/\/www.link2fleet.com\/covid-19-les-garages-continuent-dassurer-les-depannages-et-reparations-urgentes\/"},"modified":"2020-03-20T08:35:01","modified_gmt":"2020-03-20T07:35:01","slug":"covid-19-les-garages-continuent-dassurer-les-depannages-et-reparations-urgentes","status":"publish","type":"post","link":"https:\/\/www.link2fleet.com\/fr\/covid-19-les-garages-continuent-dassurer-les-depannages-et-reparations-urgentes\/","title":{"rendered":"Covid-19: les garages continuent d&rsquo;assurer les d\u00e9pannages et r\u00e9parations urgentes"},"content":{"rendered":"\n<p>Il est tout aussi important, m\u00eame pendant cette crise, de pouvoir r\u00e9pondre aux besoins sp\u00e9cifiques et essentiels de nos citoyens : fournir de la nourriture aux familles, aider ceux qui en ont besoin, aller travailler l\u00e0 o\u00f9 le t\u00e9l\u00e9travail ne constitue pas une option.<\/p>\n\n\n\n<p>Pour assurer cette n\u00e9cessaire continuit\u00e9, nos autorit\u00e9s ont express\u00e9ment stipul\u00e9 que nos entreprises peuvent continuer \u00e0 effectuer des r\u00e9parations urgentes et des op\u00e9rations de remorquage sur les v\u00e9hicules des particuliers et des entreprises. Cela est confirm\u00e9 par les d\u00e9clarations du porte-parole du Centre national de crise, Yves Stevens. Ceux qui ont vraiment besoin de prendre la route doivent pouvoir le faire avec un v\u00e9hicule s\u00fbr. Les services d&rsquo;appui au transport de passagers et \u00e0 la logistique ont \u00e9galement \u00e9t\u00e9 explicitement inclus dans la liste des services essentiels.<\/p>\n\n\n\n<p>Traxio, Renta et Febiac tiennent \u00e0 remercier toutes les entreprises pour les mesures qu&rsquo;elles ont prises afin de maintenir le parc de v\u00e9hicules et le fonctionnement de notre soci\u00e9t\u00e9, dans le strict respect des mesures de pr\u00e9vention et de s\u00e9curit\u00e9 adopt\u00e9es par le gouvernement pour prot\u00e9ger chaque citoyen, tant les employ\u00e9s de nos entreprises de mobilit\u00e9 que le client qui a besoin d&rsquo;\u00eatre aid\u00e9.<\/p>\n\n\n\n<p>Compte tenu des mesures de pr\u00e9vention et de s\u00e9curit\u00e9 mises en place, cela n\u00e9cessite des changements majeurs dans la fa\u00e7on de travailler. Toutes les entreprises de notre secteur n&rsquo;ont peut\u00eatre pas la capacit\u00e9 technique ou \u00e9conomique de s&rsquo;y conformer, et beaucoup devront donc demeurer ferm\u00e9es. Mais de nombreuses entreprises mettent \u00e9galement en place une ligne d&rsquo;urgence\/une permanence afin de pouvoir effectuer des interventions urgentes pour ceux qui en ont vraiment besoin.<\/p>\n\n\n\n<p>Les showrooms des v\u00e9hicules mis en vente resteront, conform\u00e9ment aux mesures en vigueur, obligatoirement ferm\u00e9s. Toutefois, l&rsquo;industrie demande au gouvernement d&rsquo;accorder aux clients prioritaires la possibilit\u00e9 de prendre possession de leurs v\u00e9hicules n\u00e9cessaires par le biais du service de la livraison au client. Il doit \u00eatre possible d&rsquo;assurer la livraison d&rsquo;une ambulance ; l\u2019ensemble du corps m\u00e9dical qui lutte contre la pand\u00e9mie doit \u00eatre en mesure de pouvoir compter sur son v\u00e9hicule pour assurer ses d\u00e9placements essentiels; toute personne qui a besoin temporairement d&rsquo;une voiture ou d&rsquo;un v\u00e9hicule de transport de marchandises pour faire face \u00e0 cette crise doit pouvoir compter sur une voiture de location.<\/p>\n\n\n\n<p>La fermeture des points de vente et de location et de nombreuses autres entreprises de notre secteur, ainsi que la restriction des services aux interventions urgentes, ont des cons\u00e9quences graves et potentiellement \u00e0 long terme pour notre secteur de la mobilit\u00e9.<\/p>\n\n\n\n<p>Febiac, Traxio et Renta demandent au gouvernement de ne pas fermer les yeux sur les cons\u00e9quences \u00e9conomiques de cette crise pour nos entreprises. Nous comptons sur les mesures de soutien n\u00e9cessaires qui aideront nos entreprises \u00e0 continuer \u00e0 fournir ces services essentiels et \u00e0 maintenir ainsi le fonctionnement et la mobilit\u00e9 de notre soci\u00e9t\u00e9, tant pendant cette crise qu&rsquo;apr\u00e8s celle-ci. Bien entendu, nous comprenons et respectons pleinement le fait que la premi\u00e8re priorit\u00e9 aujourd&rsquo;hui soit de fournir la meilleure assistance possible \u00e0 ceux qui sont malades ou dont un proche est tomb\u00e9 gravement malade<\/p>\n","protected":false},"excerpt":{"rendered":"<p>Il est tout aussi important, m\u00eame pendant cette crise, de pouvoir r\u00e9pondre aux besoins sp\u00e9cifiques et essentiels de nos citoyens : fournir de la nourriture aux familles, aider ceux qui en ont besoin, aller travailler l\u00e0 o\u00f9 le t\u00e9l\u00e9travail ne constitue pas une option. Pour assurer cette n\u00e9cessaire continuit\u00e9, nos autorit\u00e9s ont express\u00e9ment stipul\u00e9 que [&hellip;]<\/p>\n","protected":false},"author":12,"featured_media":2075,"comment_status":"closed","ping_status":"closed","sticky":false,"template":"","format":"standard","meta":{"_acf_changed":false,"footnotes":""},"categories":[135,78,77,76],"tags":[],"class_list":["post-2074","post","type-post","status-publish","format-standard","has-post-thumbnail","hentry","category-news-fr","category-fleet-dealers","category-importateurs-et-constructeurs-automobiles-vp","category-car"],"acf":[],"yoast_head":"<!-- This site is optimized with the Yoast SEO plugin v27.3 - https:\/\/yoast.com\/product\/yoast-seo-wordpress\/ -->\n<title>Covid-19: les garages continuent d&#039;assurer les d\u00e9pannages et r\u00e9parations urgentes - link2fleet<\/title>\n<meta name=\"description\" content=\"Les constructeurs et importateurs de v\u00e9hicules, les garages et les soci\u00e9t\u00e9s de location de v\u00e9hicules font partie des secteurs cruciaux pour prot\u00e9ger les int\u00e9r\u00eats vitaux\u2026\" \/>\n<meta name=\"robots\" content=\"index, follow, max-snippet:-1, max-image-preview:large, max-video-preview:-1\" \/>\n<meta property=\"og:locale\" content=\"fr_FR\" \/>\n<meta property=\"og:type\" content=\"article\" \/>\n<meta property=\"og:title\" content=\"Covid-19: les garages continuent d&#039;assurer les d\u00e9pannages et r\u00e9parations urgentes - link2fleet\" \/>\n<meta property=\"og:description\" content=\"Les constructeurs et importateurs de v\u00e9hicules, les garages et les soci\u00e9t\u00e9s de location de v\u00e9hicules font partie des secteurs cruciaux pour prot\u00e9ger les int\u00e9r\u00eats vitaux\u2026\" \/>\n<meta property=\"og:url\" content=\"https:\/\/www.link2fleet.com\/fr\/covid-19-les-garages-continuent-dassurer-les-depannages-et-reparations-urgentes\/\" \/>\n<meta property=\"og:site_name\" content=\"link2fleet\" \/>\n<meta property=\"article:published_time\" content=\"2020-03-20T07:35:01+00:00\" \/>\n<meta property=\"og:image\" content=\"https:\/\/static.link2fleet.com\/wp-content\/uploads\/2024\/03\/1415800446-ford-reparation1.jpg\" \/>\n\t<meta property=\"og:image:width\" content=\"500\" \/>\n\t<meta property=\"og:image:height\" content=\"281\" \/>\n\t<meta property=\"og:image:type\" content=\"image\/jpeg\" \/>\n<meta name=\"author\" content=\"Charles Demoulin\" \/>\n<meta name=\"twitter:card\" content=\"summary_large_image\" \/>\n<meta name=\"twitter:description\" content=\"Les constructeurs et importateurs de v\u00e9hicules, les garages et les soci\u00e9t\u00e9s de location de v\u00e9hicules font partie des secteurs cruciaux pour prot\u00e9ger les int\u00e9r\u00eats vitaux\u2026\" \/>\n<meta name=\"twitter:label1\" content=\"\u00c9crit par\" \/>\n\t<meta name=\"twitter:data1\" content=\"Charles Demoulin\" \/>\n\t<meta name=\"twitter:label2\" content=\"Dur\u00e9e de lecture estim\u00e9e\" \/>\n\t<meta name=\"twitter:data2\" content=\"3 minutes\" \/>\n<script type=\"application\/ld+json\" class=\"yoast-schema-graph\">{\"@context\":\"https:\\\/\\\/schema.org\",\"@graph\":[{\"@type\":\"Article\",\"@id\":\"https:\\\/\\\/www.link2fleet.com\\\/fr\\\/covid-19-les-garages-continuent-dassurer-les-depannages-et-reparations-urgentes\\\/#article\",\"isPartOf\":{\"@id\":\"https:\\\/\\\/www.link2fleet.com\\\/fr\\\/covid-19-les-garages-continuent-dassurer-les-depannages-et-reparations-urgentes\\\/\"},\"author\":{\"name\":\"Charles Demoulin\",\"@id\":\"https:\\\/\\\/www.link2fleet.com\\\/fr\\\/#\\\/schema\\\/person\\\/aa5e5564385c02a9d0377ad530cafde3\"},\"headline\":\"Covid-19: les garages continuent d&rsquo;assurer les d\u00e9pannages et r\u00e9parations urgentes\",\"datePublished\":\"2020-03-20T07:35:01+00:00\",\"mainEntityOfPage\":{\"@id\":\"https:\\\/\\\/www.link2fleet.com\\\/fr\\\/covid-19-les-garages-continuent-dassurer-les-depannages-et-reparations-urgentes\\\/\"},\"wordCount\":568,\"publisher\":{\"@id\":\"https:\\\/\\\/www.link2fleet.com\\\/fr\\\/#organization\"},\"image\":{\"@id\":\"https:\\\/\\\/www.link2fleet.com\\\/fr\\\/covid-19-les-garages-continuent-dassurer-les-depannages-et-reparations-urgentes\\\/#primaryimage\"},\"thumbnailUrl\":\"https:\\\/\\\/static.link2fleet.com\\\/wp-content\\\/uploads\\\/2024\\\/03\\\/1415800446-ford-reparation1.jpg\",\"articleSection\":[\"Actus\",\"Dealers\",\"Importateurs et constructeurs\",\"V\u00e9hicules\"],\"inLanguage\":\"fr-FR\"},{\"@type\":\"WebPage\",\"@id\":\"https:\\\/\\\/www.link2fleet.com\\\/fr\\\/covid-19-les-garages-continuent-dassurer-les-depannages-et-reparations-urgentes\\\/\",\"url\":\"https:\\\/\\\/www.link2fleet.com\\\/fr\\\/covid-19-les-garages-continuent-dassurer-les-depannages-et-reparations-urgentes\\\/\",\"name\":\"Covid-19: les garages continuent d'assurer les d\u00e9pannages et r\u00e9parations urgentes - link2fleet\",\"isPartOf\":{\"@id\":\"https:\\\/\\\/www.link2fleet.com\\\/fr\\\/#website\"},\"primaryImageOfPage\":{\"@id\":\"https:\\\/\\\/www.link2fleet.com\\\/fr\\\/covid-19-les-garages-continuent-dassurer-les-depannages-et-reparations-urgentes\\\/#primaryimage\"},\"image\":{\"@id\":\"https:\\\/\\\/www.link2fleet.com\\\/fr\\\/covid-19-les-garages-continuent-dassurer-les-depannages-et-reparations-urgentes\\\/#primaryimage\"},\"thumbnailUrl\":\"https:\\\/\\\/static.link2fleet.com\\\/wp-content\\\/uploads\\\/2024\\\/03\\\/1415800446-ford-reparation1.jpg\",\"datePublished\":\"2020-03-20T07:35:01+00:00\",\"breadcrumb\":{\"@id\":\"https:\\\/\\\/www.link2fleet.com\\\/fr\\\/covid-19-les-garages-continuent-dassurer-les-depannages-et-reparations-urgentes\\\/#breadcrumb\"},\"inLanguage\":\"fr-FR\",\"potentialAction\":[{\"@type\":\"ReadAction\",\"target\":[\"https:\\\/\\\/www.link2fleet.com\\\/fr\\\/covid-19-les-garages-continuent-dassurer-les-depannages-et-reparations-urgentes\\\/\"]}]},{\"@type\":\"ImageObject\",\"inLanguage\":\"fr-FR\",\"@id\":\"https:\\\/\\\/www.link2fleet.com\\\/fr\\\/covid-19-les-garages-continuent-dassurer-les-depannages-et-reparations-urgentes\\\/#primaryimage\",\"url\":\"https:\\\/\\\/static.link2fleet.com\\\/wp-content\\\/uploads\\\/2024\\\/03\\\/1415800446-ford-reparation1.jpg\",\"contentUrl\":\"https:\\\/\\\/static.link2fleet.com\\\/wp-content\\\/uploads\\\/2024\\\/03\\\/1415800446-ford-reparation1.jpg\",\"width\":500,\"height\":281},{\"@type\":\"BreadcrumbList\",\"@id\":\"https:\\\/\\\/www.link2fleet.com\\\/fr\\\/covid-19-les-garages-continuent-dassurer-les-depannages-et-reparations-urgentes\\\/#breadcrumb\",\"itemListElement\":[{\"@type\":\"ListItem\",\"position\":1,\"name\":\"Home\",\"item\":\"https:\\\/\\\/www.link2fleet.com\\\/fr\\\/\"},{\"@type\":\"ListItem\",\"position\":2,\"name\":\"Covid-19: les garages continuent d&#8217;assurer les d\u00e9pannages et r\u00e9parations urgentes\"}]},{\"@type\":\"WebSite\",\"@id\":\"https:\\\/\\\/www.link2fleet.com\\\/fr\\\/#website\",\"url\":\"https:\\\/\\\/www.link2fleet.com\\\/fr\\\/\",\"name\":\"Link2fleet\",\"description\":\"\",\"publisher\":{\"@id\":\"https:\\\/\\\/www.link2fleet.com\\\/fr\\\/#organization\"},\"potentialAction\":[{\"@type\":\"SearchAction\",\"target\":{\"@type\":\"EntryPoint\",\"urlTemplate\":\"https:\\\/\\\/www.link2fleet.com\\\/fr\\\/?s={search_term_string}\"},\"query-input\":{\"@type\":\"PropertyValueSpecification\",\"valueRequired\":true,\"valueName\":\"search_term_string\"}}],\"inLanguage\":\"fr-FR\"},{\"@type\":\"Organization\",\"@id\":\"https:\\\/\\\/www.link2fleet.com\\\/fr\\\/#organization\",\"name\":\"Link2fleet\",\"url\":\"https:\\\/\\\/www.link2fleet.com\\\/fr\\\/\",\"logo\":{\"@type\":\"ImageObject\",\"inLanguage\":\"fr-FR\",\"@id\":\"https:\\\/\\\/www.link2fleet.com\\\/fr\\\/#\\\/schema\\\/logo\\\/image\\\/\",\"url\":\"https:\\\/\\\/static.link2fleet.com\\\/wp-content\\\/uploads\\\/2024\\\/03\\\/share-image.jpg\",\"contentUrl\":\"https:\\\/\\\/static.link2fleet.com\\\/wp-content\\\/uploads\\\/2024\\\/03\\\/share-image.jpg\",\"width\":1200,\"height\":630,\"caption\":\"Link2fleet\"},\"image\":{\"@id\":\"https:\\\/\\\/www.link2fleet.com\\\/fr\\\/#\\\/schema\\\/logo\\\/image\\\/\"},\"sameAs\":[\"https:\\\/\\\/www.linkedin.com\\\/company\\\/link2fleet-belgium\",\"https:\\\/\\\/www.youtube.com\\\/user\\\/MMMBMBE\"]},{\"@type\":\"Person\",\"@id\":\"https:\\\/\\\/www.link2fleet.com\\\/fr\\\/#\\\/schema\\\/person\\\/aa5e5564385c02a9d0377ad530cafde3\",\"name\":\"Charles Demoulin\",\"image\":{\"@type\":\"ImageObject\",\"inLanguage\":\"fr-FR\",\"@id\":\"https:\\\/\\\/secure.gravatar.com\\\/avatar\\\/a000231bff5001a7f0d882a0151e52b79aaa786ce7b58a2ebd2235f59e5f6344?s=96&d=mm&r=g\",\"url\":\"https:\\\/\\\/secure.gravatar.com\\\/avatar\\\/a000231bff5001a7f0d882a0151e52b79aaa786ce7b58a2ebd2235f59e5f6344?s=96&d=mm&r=g\",\"contentUrl\":\"https:\\\/\\\/secure.gravatar.com\\\/avatar\\\/a000231bff5001a7f0d882a0151e52b79aaa786ce7b58a2ebd2235f59e5f6344?s=96&d=mm&r=g\",\"caption\":\"Charles Demoulin\"}}]}<\/script>\n<!-- \/ Yoast SEO plugin. -->","yoast_head_json":{"title":"Covid-19: les garages continuent d'assurer les d\u00e9pannages et r\u00e9parations urgentes - link2fleet","description":"Les constructeurs et importateurs de v\u00e9hicules, les garages et les soci\u00e9t\u00e9s de location de v\u00e9hicules font partie des secteurs cruciaux pour prot\u00e9ger les int\u00e9r\u00eats vitaux\u2026","robots":{"index":"index","follow":"follow","max-snippet":"max-snippet:-1","max-image-preview":"max-image-preview:large","max-video-preview":"max-video-preview:-1"},"og_locale":"fr_FR","og_type":"article","og_title":"Covid-19: les garages continuent d'assurer les d\u00e9pannages et r\u00e9parations urgentes - link2fleet","og_description":"Les constructeurs et importateurs de v\u00e9hicules, les garages et les soci\u00e9t\u00e9s de location de v\u00e9hicules font partie des secteurs cruciaux pour prot\u00e9ger les int\u00e9r\u00eats vitaux\u2026","og_url":"https:\/\/www.link2fleet.com\/fr\/covid-19-les-garages-continuent-dassurer-les-depannages-et-reparations-urgentes\/","og_site_name":"link2fleet","article_published_time":"2020-03-20T07:35:01+00:00","og_image":[{"width":500,"height":281,"url":"https:\/\/static.link2fleet.com\/wp-content\/uploads\/2024\/03\/1415800446-ford-reparation1.jpg","type":"image\/jpeg"}],"author":"Charles Demoulin","twitter_card":"summary_large_image","twitter_description":"Les constructeurs et importateurs de v\u00e9hicules, les garages et les soci\u00e9t\u00e9s de location de v\u00e9hicules font partie des secteurs cruciaux pour prot\u00e9ger les int\u00e9r\u00eats vitaux\u2026","twitter_misc":{"\u00c9crit par":"Charles Demoulin","Dur\u00e9e de lecture estim\u00e9e":"3 minutes"},"schema":{"@context":"https:\/\/schema.org","@graph":[{"@type":"Article","@id":"https:\/\/www.link2fleet.com\/fr\/covid-19-les-garages-continuent-dassurer-les-depannages-et-reparations-urgentes\/#article","isPartOf":{"@id":"https:\/\/www.link2fleet.com\/fr\/covid-19-les-garages-continuent-dassurer-les-depannages-et-reparations-urgentes\/"},"author":{"name":"Charles Demoulin","@id":"https:\/\/www.link2fleet.com\/fr\/#\/schema\/person\/aa5e5564385c02a9d0377ad530cafde3"},"headline":"Covid-19: les garages continuent d&rsquo;assurer les d\u00e9pannages et r\u00e9parations urgentes","datePublished":"2020-03-20T07:35:01+00:00","mainEntityOfPage":{"@id":"https:\/\/www.link2fleet.com\/fr\/covid-19-les-garages-continuent-dassurer-les-depannages-et-reparations-urgentes\/"},"wordCount":568,"publisher":{"@id":"https:\/\/www.link2fleet.com\/fr\/#organization"},"image":{"@id":"https:\/\/www.link2fleet.com\/fr\/covid-19-les-garages-continuent-dassurer-les-depannages-et-reparations-urgentes\/#primaryimage"},"thumbnailUrl":"https:\/\/static.link2fleet.com\/wp-content\/uploads\/2024\/03\/1415800446-ford-reparation1.jpg","articleSection":["Actus","Dealers","Importateurs et constructeurs","V\u00e9hicules"],"inLanguage":"fr-FR"},{"@type":"WebPage","@id":"https:\/\/www.link2fleet.com\/fr\/covid-19-les-garages-continuent-dassurer-les-depannages-et-reparations-urgentes\/","url":"https:\/\/www.link2fleet.com\/fr\/covid-19-les-garages-continuent-dassurer-les-depannages-et-reparations-urgentes\/","name":"Covid-19: les garages continuent d'assurer les d\u00e9pannages et r\u00e9parations urgentes - link2fleet","isPartOf":{"@id":"https:\/\/www.link2fleet.com\/fr\/#website"},"primaryImageOfPage":{"@id":"https:\/\/www.link2fleet.com\/fr\/covid-19-les-garages-continuent-dassurer-les-depannages-et-reparations-urgentes\/#primaryimage"},"image":{"@id":"https:\/\/www.link2fleet.com\/fr\/covid-19-les-garages-continuent-dassurer-les-depannages-et-reparations-urgentes\/#primaryimage"},"thumbnailUrl":"https:\/\/static.link2fleet.com\/wp-content\/uploads\/2024\/03\/1415800446-ford-reparation1.jpg","datePublished":"2020-03-20T07:35:01+00:00","breadcrumb":{"@id":"https:\/\/www.link2fleet.com\/fr\/covid-19-les-garages-continuent-dassurer-les-depannages-et-reparations-urgentes\/#breadcrumb"},"inLanguage":"fr-FR","potentialAction":[{"@type":"ReadAction","target":["https:\/\/www.link2fleet.com\/fr\/covid-19-les-garages-continuent-dassurer-les-depannages-et-reparations-urgentes\/"]}]},{"@type":"ImageObject","inLanguage":"fr-FR","@id":"https:\/\/www.link2fleet.com\/fr\/covid-19-les-garages-continuent-dassurer-les-depannages-et-reparations-urgentes\/#primaryimage","url":"https:\/\/static.link2fleet.com\/wp-content\/uploads\/2024\/03\/1415800446-ford-reparation1.jpg","contentUrl":"https:\/\/static.link2fleet.com\/wp-content\/uploads\/2024\/03\/1415800446-ford-reparation1.jpg","width":500,"height":281},{"@type":"BreadcrumbList","@id":"https:\/\/www.link2fleet.com\/fr\/covid-19-les-garages-continuent-dassurer-les-depannages-et-reparations-urgentes\/#breadcrumb","itemListElement":[{"@type":"ListItem","position":1,"name":"Home","item":"https:\/\/www.link2fleet.com\/fr\/"},{"@type":"ListItem","position":2,"name":"Covid-19: les garages continuent d&#8217;assurer les d\u00e9pannages et r\u00e9parations urgentes"}]},{"@type":"WebSite","@id":"https:\/\/www.link2fleet.com\/fr\/#website","url":"https:\/\/www.link2fleet.com\/fr\/","name":"Link2fleet","description":"","publisher":{"@id":"https:\/\/www.link2fleet.com\/fr\/#organization"},"potentialAction":[{"@type":"SearchAction","target":{"@type":"EntryPoint","urlTemplate":"https:\/\/www.link2fleet.com\/fr\/?s={search_term_string}"},"query-input":{"@type":"PropertyValueSpecification","valueRequired":true,"valueName":"search_term_string"}}],"inLanguage":"fr-FR"},{"@type":"Organization","@id":"https:\/\/www.link2fleet.com\/fr\/#organization","name":"Link2fleet","url":"https:\/\/www.link2fleet.com\/fr\/","logo":{"@type":"ImageObject","inLanguage":"fr-FR","@id":"https:\/\/www.link2fleet.com\/fr\/#\/schema\/logo\/image\/","url":"https:\/\/static.link2fleet.com\/wp-content\/uploads\/2024\/03\/share-image.jpg","contentUrl":"https:\/\/static.link2fleet.com\/wp-content\/uploads\/2024\/03\/share-image.jpg","width":1200,"height":630,"caption":"Link2fleet"},"image":{"@id":"https:\/\/www.link2fleet.com\/fr\/#\/schema\/logo\/image\/"},"sameAs":["https:\/\/www.linkedin.com\/company\/link2fleet-belgium","https:\/\/www.youtube.com\/user\/MMMBMBE"]},{"@type":"Person","@id":"https:\/\/www.link2fleet.com\/fr\/#\/schema\/person\/aa5e5564385c02a9d0377ad530cafde3","name":"Charles Demoulin","image":{"@type":"ImageObject","inLanguage":"fr-FR","@id":"https:\/\/secure.gravatar.com\/avatar\/a000231bff5001a7f0d882a0151e52b79aaa786ce7b58a2ebd2235f59e5f6344?s=96&d=mm&r=g","url":"https:\/\/secure.gravatar.com\/avatar\/a000231bff5001a7f0d882a0151e52b79aaa786ce7b58a2ebd2235f59e5f6344?s=96&d=mm&r=g","contentUrl":"https:\/\/secure.gravatar.com\/avatar\/a000231bff5001a7f0d882a0151e52b79aaa786ce7b58a2ebd2235f59e5f6344?s=96&d=mm&r=g","caption":"Charles Demoulin"}}]}},"_links":{"self":[{"href":"https:\/\/www.link2fleet.com\/fr\/wp-json\/wp\/v2\/posts\/2074","targetHints":{"allow":["GET"]}}],"collection":[{"href":"https:\/\/www.link2fleet.com\/fr\/wp-json\/wp\/v2\/posts"}],"about":[{"href":"https:\/\/www.link2fleet.com\/fr\/wp-json\/wp\/v2\/types\/post"}],"author":[{"embeddable":true,"href":"https:\/\/www.link2fleet.com\/fr\/wp-json\/wp\/v2\/users\/12"}],"replies":[{"embeddable":true,"href":"https:\/\/www.link2fleet.com\/fr\/wp-json\/wp\/v2\/comments?post=2074"}],"version-history":[{"count":0,"href":"https:\/\/www.link2fleet.com\/fr\/wp-json\/wp\/v2\/posts\/2074\/revisions"}],"wp:featuredmedia":[{"embeddable":true,"href":"https:\/\/www.link2fleet.com\/fr\/wp-json\/wp\/v2\/media\/2075"}],"wp:attachment":[{"href":"https:\/\/www.link2fleet.com\/fr\/wp-json\/wp\/v2\/media?parent=2074"}],"wp:term":[{"taxonomy":"category","embeddable":true,"href":"https:\/\/www.link2fleet.com\/fr\/wp-json\/wp\/v2\/categories?post=2074"},{"taxonomy":"post_tag","embeddable":true,"href":"https:\/\/www.link2fleet.com\/fr\/wp-json\/wp\/v2\/tags?post=2074"}],"curies":[{"name":"wp","href":"https:\/\/api.w.org\/{rel}","templated":true}]}}