{"id":2080,"date":"2020-03-23T15:38:14","date_gmt":"2020-03-23T14:38:14","guid":{"rendered":"https:\/\/www.link2fleet.com\/secretariats-sociaux-du-sur-mesure\/"},"modified":"2020-03-23T15:38:14","modified_gmt":"2020-03-23T14:38:14","slug":"secretariats-sociaux-du-sur-mesure","status":"publish","type":"post","link":"https:\/\/www.link2fleet.com\/fr\/secretariats-sociaux-du-sur-mesure\/","title":{"rendered":"Secr\u00e9tariats sociaux: du sur-mesure"},"content":{"rendered":"\n<p>A l\u2019heure actuelle, la \u2018War for talent\u2019 est une pr\u00e9occupation majeure pour les entreprises. Elles essaient de recruter de jeunes professionnels ayant une formation et une attitude appropri\u00e9es, qui peuvent rapidement contribuer \u00e0 la r\u00e9alisation du plan d&rsquo;entreprise pour les ann\u00e9es suivantes. Mais, en raison du report de l\u2019\u00e2ge de retraite, ces profils sont aussi importants pour assurer la continuit\u00e9 de l\u2019organisation.<\/p>\n\n\n\n<p>Une r\u00e9cente enqu\u00eate de Walters People, sp\u00e9cialis\u00e9e dans le recrutement de salari\u00e9s temporaires et permanents pour des postes de soutien financier et commercial, a indiqu\u00e9 que 48 % des entreprises interrog\u00e9es s&rsquo;attendent \u00e0 ce qu&rsquo;il soit difficile de trouver des salari\u00e9s qualifi\u00e9s pour les postes vacants.<\/p>\n\n\n\n<p>Dans de nombreux cas, l&rsquo;offre d&#8217;emploi est le premier contact entre un candidat et une entreprise. Jusqu&rsquo;\u00e0 85 % des candidats interrog\u00e9s s&rsquo;attendent \u00e0 trouver des informations sur la r\u00e9mun\u00e9ration dans le poste vacant, alors que 80 % des organisations interrog\u00e9es ne le mentionnent pas. Un d\u00e9tail frappant est que l&rsquo;&nbsp;\u00ab&nbsp;employeur de r\u00eave&nbsp;\u00bb, pour lequel une personne aimerait travailler par conviction personnelle, devient de plus en plus subordonn\u00e9 aux revendications salariales et autres attentes du candidat.<\/p>\n\n\n\n<div style=\"height:37px\" aria-hidden=\"true\" class=\"wp-block-spacer\"><\/div>\n\n\n\n<p><strong>Diff\u00e9rentes g\u00e9n\u00e9rations, m\u00eame probl\u00e8mes de mobilit\u00e9<\/strong><\/p>\n\n\n\n<p>La \u2018War for talent\u2019 signifie aussi qu\u2019on essaie de garder les travailleurs moins jeunes \u00e0 la barre. Des g\u00e9n\u00e9rations diff\u00e9rentes ont forc\u00e9ment des attentes diff\u00e9rentes de leur employeur. Ainsi, ceux qu\u2019on appelle les \u2018mill\u00e9naires\u2019 (aussi connus comme la g\u00e9n\u00e9ration Y, n\u00e9s entre 1980 et 2000) sont plus exigeants et osent dire plus rapidement et plus facilement ce qu\u2019ils attendent. Le travail flexible et le homeworking sont tr\u00e8s importants pour cette g\u00e9n\u00e9ration Y.<\/p>\n\n\n\n<p>Les \u2018Babyboomers\u2019 (la g\u00e9n\u00e9ration pr\u00e9c\u00e9dente) sont beaucoup moins enclins \u00e0 d\u00e9missionner s\u2019ils ne sont pas satisfaits. Toutes les sortes de formules de pension s&rsquo;adressent principalement aux candidats qui ont d\u00e9j\u00e0 construit une certaine carri\u00e8re. Les jeunes travailleurs vivent au jour le jour et ne sont pas encore aussi int\u00e9ress\u00e9s par leur retraite, m\u00eame s&rsquo;ils se rendent souvent bien compte qu&rsquo;ils devront s&rsquo;en occuper eux-m\u00eames.<\/p>\n\n\n\n<p>La mobilit\u00e9 est cependant en t\u00eate de la liste des souhaits de tous les candidats. Il appara\u00eet de plus en plus souvent que des candidats quittent une entreprise apr\u00e8s un entretien d\u2019embauche fructueux, en raison d\u2019un stress pr\u00e9visible li\u00e9 \u00e0 la mobilit\u00e9 quotidienne.<\/p>\n\n\n\n<div style=\"height:33px\" aria-hidden=\"true\" class=\"wp-block-spacer\"><\/div>\n\n\n\n<p><strong>Plus qu\u2019une fiche de salaire<\/strong><\/p>\n\n\n\n<p>En th\u00e9orie, un secr\u00e9tariat social offre des services en mati\u00e8re d\u2019administration des salaires et de politique RH, en plus des conseils sociojuridiques. Plus de 9 entreprises sur 10 ont recours aux services des secr\u00e9tariats sociaux. Alors que pendant longtemps le calcul des salaires &#8211; y compris la retenue \u00e0 la source, le p\u00e9cule de vacances, les primes de fin d&rsquo;ann\u00e9e, les indemnit\u00e9s de licenciement et l&rsquo;\u00e9tablissement des documents sociaux li\u00e9s &#8211; constituait leur t\u00e2che principale, les secr\u00e9tariats sociaux jouent aujourd&rsquo;hui de plus en plus un r\u00f4le consultatif dans l&rsquo;\u00e9laboration des plans de mobilit\u00e9, plan caf\u00e9t\u00e9ria et autres qui doivent \u00eatre trait\u00e9s de mani\u00e8re fiscalement et socialement correcte. Apr\u00e8s tout, la r\u00e9mun\u00e9ration est d\u00e9sormais abord\u00e9e sous deux angles : la gestion strat\u00e9gique de la r\u00e9mun\u00e9ration pour l&#8217;employeur et la gestion des revenus pour l&#8217;employ\u00e9.<\/p>\n","protected":false},"excerpt":{"rendered":"<p>A l\u2019heure actuelle, la \u2018War for talent\u2019 est une pr\u00e9occupation majeure pour les entreprises. Elles essaient de recruter de jeunes professionnels ayant une formation et une attitude appropri\u00e9es, qui peuvent rapidement contribuer \u00e0 la r\u00e9alisation du plan d&rsquo;entreprise pour les ann\u00e9es suivantes. Mais, en raison du report de l\u2019\u00e2ge de retraite, ces profils sont aussi [&hellip;]<\/p>\n","protected":false},"author":15,"featured_media":2081,"comment_status":"closed","ping_status":"closed","sticky":false,"template":"","format":"standard","meta":{"_acf_changed":false,"footnotes":""},"categories":[95,91],"tags":[],"class_list":["post-2080","post","type-post","status-publish","format-standard","has-post-thumbnail","hentry","category-organisations-professionnelles-federations-experts","category-expertise-et-management"],"acf":[],"yoast_head":"<!-- This site is optimized with the Yoast SEO plugin v27.3 - https:\/\/yoast.com\/product\/yoast-seo-wordpress\/ -->\n<title>Secr\u00e9tariats sociaux: du sur-mesure - link2fleet<\/title>\n<meta name=\"description\" content=\"Autrefois, le salaire n\u2019\u00e9tait qu\u2019un montant fixe \u00e0 la fin du mois. Avec les ann\u00e9es, diverses composantes sont venues s\u2019y ajouter, comme un treizi\u00e8me mois,\u2026\" \/>\n<meta name=\"robots\" content=\"index, follow, max-snippet:-1, max-image-preview:large, max-video-preview:-1\" \/>\n<meta property=\"og:locale\" content=\"fr_FR\" \/>\n<meta property=\"og:type\" content=\"article\" \/>\n<meta property=\"og:title\" content=\"Secr\u00e9tariats sociaux: du sur-mesure - link2fleet\" \/>\n<meta property=\"og:description\" content=\"Autrefois, le salaire n\u2019\u00e9tait qu\u2019un montant fixe \u00e0 la fin du mois. Avec les ann\u00e9es, diverses composantes sont venues s\u2019y ajouter, comme un treizi\u00e8me mois,\u2026\" \/>\n<meta property=\"og:url\" content=\"https:\/\/www.link2fleet.com\/fr\/secretariats-sociaux-du-sur-mesure\/\" \/>\n<meta property=\"og:site_name\" content=\"link2fleet\" \/>\n<meta property=\"article:published_time\" content=\"2020-03-23T14:38:14+00:00\" \/>\n<meta property=\"og:image\" content=\"https:\/\/static.link2fleet.com\/wp-content\/uploads\/2024\/03\/secretariat-sociaux.jpg\" \/>\n\t<meta property=\"og:image:width\" content=\"1200\" \/>\n\t<meta property=\"og:image:height\" content=\"400\" \/>\n\t<meta property=\"og:image:type\" content=\"image\/jpeg\" \/>\n<meta name=\"author\" content=\"Eduard Codd\u00e9\" \/>\n<meta name=\"twitter:card\" content=\"summary_large_image\" \/>\n<meta name=\"twitter:description\" content=\"Autrefois, le salaire n\u2019\u00e9tait qu\u2019un montant fixe \u00e0 la fin du mois. Avec les ann\u00e9es, diverses composantes sont venues s\u2019y ajouter, comme un treizi\u00e8me mois,\u2026\" \/>\n<meta name=\"twitter:label1\" content=\"\u00c9crit par\" \/>\n\t<meta name=\"twitter:data1\" content=\"Eduard Codd\u00e9\" \/>\n\t<meta name=\"twitter:label2\" content=\"Dur\u00e9e de lecture estim\u00e9e\" \/>\n\t<meta name=\"twitter:data2\" content=\"3 minutes\" \/>\n<script type=\"application\/ld+json\" class=\"yoast-schema-graph\">{\"@context\":\"https:\\\/\\\/schema.org\",\"@graph\":[{\"@type\":\"Article\",\"@id\":\"https:\\\/\\\/www.link2fleet.com\\\/fr\\\/secretariats-sociaux-du-sur-mesure\\\/#article\",\"isPartOf\":{\"@id\":\"https:\\\/\\\/www.link2fleet.com\\\/fr\\\/secretariats-sociaux-du-sur-mesure\\\/\"},\"author\":{\"name\":\"Eduard Codd\u00e9\",\"@id\":\"https:\\\/\\\/www.link2fleet.com\\\/fr\\\/#\\\/schema\\\/person\\\/665e97b2a09468c859e1054550b6df42\"},\"headline\":\"Secr\u00e9tariats sociaux: du sur-mesure\",\"datePublished\":\"2020-03-23T14:38:14+00:00\",\"mainEntityOfPage\":{\"@id\":\"https:\\\/\\\/www.link2fleet.com\\\/fr\\\/secretariats-sociaux-du-sur-mesure\\\/\"},\"wordCount\":598,\"publisher\":{\"@id\":\"https:\\\/\\\/www.link2fleet.com\\\/fr\\\/#organization\"},\"image\":{\"@id\":\"https:\\\/\\\/www.link2fleet.com\\\/fr\\\/secretariats-sociaux-du-sur-mesure\\\/#primaryimage\"},\"thumbnailUrl\":\"https:\\\/\\\/static.link2fleet.com\\\/wp-content\\\/uploads\\\/2024\\\/03\\\/secretariat-sociaux.jpg\",\"articleSection\":[\"Expertise et f\u00e9d\u00e9rations\",\"Gestion de flotte\"],\"inLanguage\":\"fr-FR\"},{\"@type\":\"WebPage\",\"@id\":\"https:\\\/\\\/www.link2fleet.com\\\/fr\\\/secretariats-sociaux-du-sur-mesure\\\/\",\"url\":\"https:\\\/\\\/www.link2fleet.com\\\/fr\\\/secretariats-sociaux-du-sur-mesure\\\/\",\"name\":\"Secr\u00e9tariats sociaux: du sur-mesure - link2fleet\",\"isPartOf\":{\"@id\":\"https:\\\/\\\/www.link2fleet.com\\\/fr\\\/#website\"},\"primaryImageOfPage\":{\"@id\":\"https:\\\/\\\/www.link2fleet.com\\\/fr\\\/secretariats-sociaux-du-sur-mesure\\\/#primaryimage\"},\"image\":{\"@id\":\"https:\\\/\\\/www.link2fleet.com\\\/fr\\\/secretariats-sociaux-du-sur-mesure\\\/#primaryimage\"},\"thumbnailUrl\":\"https:\\\/\\\/static.link2fleet.com\\\/wp-content\\\/uploads\\\/2024\\\/03\\\/secretariat-sociaux.jpg\",\"datePublished\":\"2020-03-23T14:38:14+00:00\",\"breadcrumb\":{\"@id\":\"https:\\\/\\\/www.link2fleet.com\\\/fr\\\/secretariats-sociaux-du-sur-mesure\\\/#breadcrumb\"},\"inLanguage\":\"fr-FR\",\"potentialAction\":[{\"@type\":\"ReadAction\",\"target\":[\"https:\\\/\\\/www.link2fleet.com\\\/fr\\\/secretariats-sociaux-du-sur-mesure\\\/\"]}]},{\"@type\":\"ImageObject\",\"inLanguage\":\"fr-FR\",\"@id\":\"https:\\\/\\\/www.link2fleet.com\\\/fr\\\/secretariats-sociaux-du-sur-mesure\\\/#primaryimage\",\"url\":\"https:\\\/\\\/static.link2fleet.com\\\/wp-content\\\/uploads\\\/2024\\\/03\\\/secretariat-sociaux.jpg\",\"contentUrl\":\"https:\\\/\\\/static.link2fleet.com\\\/wp-content\\\/uploads\\\/2024\\\/03\\\/secretariat-sociaux.jpg\",\"width\":1200,\"height\":400},{\"@type\":\"BreadcrumbList\",\"@id\":\"https:\\\/\\\/www.link2fleet.com\\\/fr\\\/secretariats-sociaux-du-sur-mesure\\\/#breadcrumb\",\"itemListElement\":[{\"@type\":\"ListItem\",\"position\":1,\"name\":\"Home\",\"item\":\"https:\\\/\\\/www.link2fleet.com\\\/fr\\\/\"},{\"@type\":\"ListItem\",\"position\":2,\"name\":\"Secr\u00e9tariats sociaux: du sur-mesure\"}]},{\"@type\":\"WebSite\",\"@id\":\"https:\\\/\\\/www.link2fleet.com\\\/fr\\\/#website\",\"url\":\"https:\\\/\\\/www.link2fleet.com\\\/fr\\\/\",\"name\":\"Link2fleet\",\"description\":\"\",\"publisher\":{\"@id\":\"https:\\\/\\\/www.link2fleet.com\\\/fr\\\/#organization\"},\"potentialAction\":[{\"@type\":\"SearchAction\",\"target\":{\"@type\":\"EntryPoint\",\"urlTemplate\":\"https:\\\/\\\/www.link2fleet.com\\\/fr\\\/?s={search_term_string}\"},\"query-input\":{\"@type\":\"PropertyValueSpecification\",\"valueRequired\":true,\"valueName\":\"search_term_string\"}}],\"inLanguage\":\"fr-FR\"},{\"@type\":\"Organization\",\"@id\":\"https:\\\/\\\/www.link2fleet.com\\\/fr\\\/#organization\",\"name\":\"Link2fleet\",\"url\":\"https:\\\/\\\/www.link2fleet.com\\\/fr\\\/\",\"logo\":{\"@type\":\"ImageObject\",\"inLanguage\":\"fr-FR\",\"@id\":\"https:\\\/\\\/www.link2fleet.com\\\/fr\\\/#\\\/schema\\\/logo\\\/image\\\/\",\"url\":\"https:\\\/\\\/static.link2fleet.com\\\/wp-content\\\/uploads\\\/2024\\\/03\\\/share-image.jpg\",\"contentUrl\":\"https:\\\/\\\/static.link2fleet.com\\\/wp-content\\\/uploads\\\/2024\\\/03\\\/share-image.jpg\",\"width\":1200,\"height\":630,\"caption\":\"Link2fleet\"},\"image\":{\"@id\":\"https:\\\/\\\/www.link2fleet.com\\\/fr\\\/#\\\/schema\\\/logo\\\/image\\\/\"},\"sameAs\":[\"https:\\\/\\\/www.linkedin.com\\\/company\\\/link2fleet-belgium\",\"https:\\\/\\\/www.youtube.com\\\/user\\\/MMMBMBE\"]},{\"@type\":\"Person\",\"@id\":\"https:\\\/\\\/www.link2fleet.com\\\/fr\\\/#\\\/schema\\\/person\\\/665e97b2a09468c859e1054550b6df42\",\"name\":\"Eduard Codd\u00e9\",\"image\":{\"@type\":\"ImageObject\",\"inLanguage\":\"fr-FR\",\"@id\":\"https:\\\/\\\/secure.gravatar.com\\\/avatar\\\/dec911fbcc7fe91af8440da6bf79457dcae5ede1c5620184af3119ee3db73d1b?s=96&d=mm&r=g\",\"url\":\"https:\\\/\\\/secure.gravatar.com\\\/avatar\\\/dec911fbcc7fe91af8440da6bf79457dcae5ede1c5620184af3119ee3db73d1b?s=96&d=mm&r=g\",\"contentUrl\":\"https:\\\/\\\/secure.gravatar.com\\\/avatar\\\/dec911fbcc7fe91af8440da6bf79457dcae5ede1c5620184af3119ee3db73d1b?s=96&d=mm&r=g\",\"caption\":\"Eduard Codd\u00e9\"}}]}<\/script>\n<!-- \/ Yoast SEO plugin. -->","yoast_head_json":{"title":"Secr\u00e9tariats sociaux: du sur-mesure - link2fleet","description":"Autrefois, le salaire n\u2019\u00e9tait qu\u2019un montant fixe \u00e0 la fin du mois. Avec les ann\u00e9es, diverses composantes sont venues s\u2019y ajouter, comme un treizi\u00e8me mois,\u2026","robots":{"index":"index","follow":"follow","max-snippet":"max-snippet:-1","max-image-preview":"max-image-preview:large","max-video-preview":"max-video-preview:-1"},"og_locale":"fr_FR","og_type":"article","og_title":"Secr\u00e9tariats sociaux: du sur-mesure - link2fleet","og_description":"Autrefois, le salaire n\u2019\u00e9tait qu\u2019un montant fixe \u00e0 la fin du mois. Avec les ann\u00e9es, diverses composantes sont venues s\u2019y ajouter, comme un treizi\u00e8me mois,\u2026","og_url":"https:\/\/www.link2fleet.com\/fr\/secretariats-sociaux-du-sur-mesure\/","og_site_name":"link2fleet","article_published_time":"2020-03-23T14:38:14+00:00","og_image":[{"width":1200,"height":400,"url":"https:\/\/static.link2fleet.com\/wp-content\/uploads\/2024\/03\/secretariat-sociaux.jpg","type":"image\/jpeg"}],"author":"Eduard Codd\u00e9","twitter_card":"summary_large_image","twitter_description":"Autrefois, le salaire n\u2019\u00e9tait qu\u2019un montant fixe \u00e0 la fin du mois. Avec les ann\u00e9es, diverses composantes sont venues s\u2019y ajouter, comme un treizi\u00e8me mois,\u2026","twitter_misc":{"\u00c9crit par":"Eduard Codd\u00e9","Dur\u00e9e de lecture estim\u00e9e":"3 minutes"},"schema":{"@context":"https:\/\/schema.org","@graph":[{"@type":"Article","@id":"https:\/\/www.link2fleet.com\/fr\/secretariats-sociaux-du-sur-mesure\/#article","isPartOf":{"@id":"https:\/\/www.link2fleet.com\/fr\/secretariats-sociaux-du-sur-mesure\/"},"author":{"name":"Eduard Codd\u00e9","@id":"https:\/\/www.link2fleet.com\/fr\/#\/schema\/person\/665e97b2a09468c859e1054550b6df42"},"headline":"Secr\u00e9tariats sociaux: du sur-mesure","datePublished":"2020-03-23T14:38:14+00:00","mainEntityOfPage":{"@id":"https:\/\/www.link2fleet.com\/fr\/secretariats-sociaux-du-sur-mesure\/"},"wordCount":598,"publisher":{"@id":"https:\/\/www.link2fleet.com\/fr\/#organization"},"image":{"@id":"https:\/\/www.link2fleet.com\/fr\/secretariats-sociaux-du-sur-mesure\/#primaryimage"},"thumbnailUrl":"https:\/\/static.link2fleet.com\/wp-content\/uploads\/2024\/03\/secretariat-sociaux.jpg","articleSection":["Expertise et f\u00e9d\u00e9rations","Gestion de flotte"],"inLanguage":"fr-FR"},{"@type":"WebPage","@id":"https:\/\/www.link2fleet.com\/fr\/secretariats-sociaux-du-sur-mesure\/","url":"https:\/\/www.link2fleet.com\/fr\/secretariats-sociaux-du-sur-mesure\/","name":"Secr\u00e9tariats sociaux: du sur-mesure - link2fleet","isPartOf":{"@id":"https:\/\/www.link2fleet.com\/fr\/#website"},"primaryImageOfPage":{"@id":"https:\/\/www.link2fleet.com\/fr\/secretariats-sociaux-du-sur-mesure\/#primaryimage"},"image":{"@id":"https:\/\/www.link2fleet.com\/fr\/secretariats-sociaux-du-sur-mesure\/#primaryimage"},"thumbnailUrl":"https:\/\/static.link2fleet.com\/wp-content\/uploads\/2024\/03\/secretariat-sociaux.jpg","datePublished":"2020-03-23T14:38:14+00:00","breadcrumb":{"@id":"https:\/\/www.link2fleet.com\/fr\/secretariats-sociaux-du-sur-mesure\/#breadcrumb"},"inLanguage":"fr-FR","potentialAction":[{"@type":"ReadAction","target":["https:\/\/www.link2fleet.com\/fr\/secretariats-sociaux-du-sur-mesure\/"]}]},{"@type":"ImageObject","inLanguage":"fr-FR","@id":"https:\/\/www.link2fleet.com\/fr\/secretariats-sociaux-du-sur-mesure\/#primaryimage","url":"https:\/\/static.link2fleet.com\/wp-content\/uploads\/2024\/03\/secretariat-sociaux.jpg","contentUrl":"https:\/\/static.link2fleet.com\/wp-content\/uploads\/2024\/03\/secretariat-sociaux.jpg","width":1200,"height":400},{"@type":"BreadcrumbList","@id":"https:\/\/www.link2fleet.com\/fr\/secretariats-sociaux-du-sur-mesure\/#breadcrumb","itemListElement":[{"@type":"ListItem","position":1,"name":"Home","item":"https:\/\/www.link2fleet.com\/fr\/"},{"@type":"ListItem","position":2,"name":"Secr\u00e9tariats sociaux: du sur-mesure"}]},{"@type":"WebSite","@id":"https:\/\/www.link2fleet.com\/fr\/#website","url":"https:\/\/www.link2fleet.com\/fr\/","name":"Link2fleet","description":"","publisher":{"@id":"https:\/\/www.link2fleet.com\/fr\/#organization"},"potentialAction":[{"@type":"SearchAction","target":{"@type":"EntryPoint","urlTemplate":"https:\/\/www.link2fleet.com\/fr\/?s={search_term_string}"},"query-input":{"@type":"PropertyValueSpecification","valueRequired":true,"valueName":"search_term_string"}}],"inLanguage":"fr-FR"},{"@type":"Organization","@id":"https:\/\/www.link2fleet.com\/fr\/#organization","name":"Link2fleet","url":"https:\/\/www.link2fleet.com\/fr\/","logo":{"@type":"ImageObject","inLanguage":"fr-FR","@id":"https:\/\/www.link2fleet.com\/fr\/#\/schema\/logo\/image\/","url":"https:\/\/static.link2fleet.com\/wp-content\/uploads\/2024\/03\/share-image.jpg","contentUrl":"https:\/\/static.link2fleet.com\/wp-content\/uploads\/2024\/03\/share-image.jpg","width":1200,"height":630,"caption":"Link2fleet"},"image":{"@id":"https:\/\/www.link2fleet.com\/fr\/#\/schema\/logo\/image\/"},"sameAs":["https:\/\/www.linkedin.com\/company\/link2fleet-belgium","https:\/\/www.youtube.com\/user\/MMMBMBE"]},{"@type":"Person","@id":"https:\/\/www.link2fleet.com\/fr\/#\/schema\/person\/665e97b2a09468c859e1054550b6df42","name":"Eduard Codd\u00e9","image":{"@type":"ImageObject","inLanguage":"fr-FR","@id":"https:\/\/secure.gravatar.com\/avatar\/dec911fbcc7fe91af8440da6bf79457dcae5ede1c5620184af3119ee3db73d1b?s=96&d=mm&r=g","url":"https:\/\/secure.gravatar.com\/avatar\/dec911fbcc7fe91af8440da6bf79457dcae5ede1c5620184af3119ee3db73d1b?s=96&d=mm&r=g","contentUrl":"https:\/\/secure.gravatar.com\/avatar\/dec911fbcc7fe91af8440da6bf79457dcae5ede1c5620184af3119ee3db73d1b?s=96&d=mm&r=g","caption":"Eduard Codd\u00e9"}}]}},"_links":{"self":[{"href":"https:\/\/www.link2fleet.com\/fr\/wp-json\/wp\/v2\/posts\/2080","targetHints":{"allow":["GET"]}}],"collection":[{"href":"https:\/\/www.link2fleet.com\/fr\/wp-json\/wp\/v2\/posts"}],"about":[{"href":"https:\/\/www.link2fleet.com\/fr\/wp-json\/wp\/v2\/types\/post"}],"author":[{"embeddable":true,"href":"https:\/\/www.link2fleet.com\/fr\/wp-json\/wp\/v2\/users\/15"}],"replies":[{"embeddable":true,"href":"https:\/\/www.link2fleet.com\/fr\/wp-json\/wp\/v2\/comments?post=2080"}],"version-history":[{"count":0,"href":"https:\/\/www.link2fleet.com\/fr\/wp-json\/wp\/v2\/posts\/2080\/revisions"}],"wp:featuredmedia":[{"embeddable":true,"href":"https:\/\/www.link2fleet.com\/fr\/wp-json\/wp\/v2\/media\/2081"}],"wp:attachment":[{"href":"https:\/\/www.link2fleet.com\/fr\/wp-json\/wp\/v2\/media?parent=2080"}],"wp:term":[{"taxonomy":"category","embeddable":true,"href":"https:\/\/www.link2fleet.com\/fr\/wp-json\/wp\/v2\/categories?post=2080"},{"taxonomy":"post_tag","embeddable":true,"href":"https:\/\/www.link2fleet.com\/fr\/wp-json\/wp\/v2\/tags?post=2080"}],"curies":[{"name":"wp","href":"https:\/\/api.w.org\/{rel}","templated":true}]}}