{"id":2110,"date":"2020-03-27T15:39:08","date_gmt":"2020-03-27T14:39:08","guid":{"rendered":"https:\/\/www.link2fleet.com\/covid-19-faq-du-leasing-et-de-la-location\/"},"modified":"2020-03-27T15:39:08","modified_gmt":"2020-03-27T14:39:08","slug":"covid-19-faq-du-leasing-et-de-la-location","status":"publish","type":"post","link":"https:\/\/www.link2fleet.com\/fr\/covid-19-faq-du-leasing-et-de-la-location\/","title":{"rendered":"Covid-19 : FAQ du leasing et de la location"},"content":{"rendered":"\n<p>Ce site sera mis \u00e0 jour de mani\u00e8re r\u00e9guli\u00e8re : <a href=\"http:\/\/www.renta.be\/fr\/corona\">www.renta.be\/fr\/corona<\/a><\/p>\n","protected":false},"excerpt":{"rendered":"<p>Ce site sera mis \u00e0 jour de mani\u00e8re r\u00e9guli\u00e8re : www.renta.be\/fr\/corona<\/p>\n","protected":false},"author":12,"featured_media":2111,"comment_status":"closed","ping_status":"closed","sticky":false,"template":"","format":"standard","meta":{"_acf_changed":false,"footnotes":""},"categories":[95,91],"tags":[],"class_list":["post-2110","post","type-post","status-publish","format-standard","has-post-thumbnail","hentry","category-organisations-professionnelles-federations-experts","category-expertise-et-management"],"acf":[],"yoast_head":"<!-- This site is optimized with the Yoast SEO plugin v27.3 - https:\/\/yoast.com\/product\/yoast-seo-wordpress\/ -->\n<title>Covid-19 : FAQ du leasing et de la location - link2fleet<\/title>\n<meta name=\"description\" content=\"La situation exceptionnelle g\u00e9n\u00e9r\u00e9e par la crise du Covid-19 suscite une avalanche de questions de la part des fleet managers et des conducteurs par rapport\u2026\" \/>\n<meta name=\"robots\" content=\"index, follow, max-snippet:-1, max-image-preview:large, max-video-preview:-1\" \/>\n<meta property=\"og:locale\" content=\"fr_FR\" \/>\n<meta property=\"og:type\" content=\"article\" \/>\n<meta property=\"og:title\" content=\"Covid-19 : FAQ du leasing et de la location - link2fleet\" \/>\n<meta property=\"og:description\" content=\"La situation exceptionnelle g\u00e9n\u00e9r\u00e9e par la crise du Covid-19 suscite une avalanche de questions de la part des fleet managers et des conducteurs par rapport\u2026\" \/>\n<meta property=\"og:url\" content=\"https:\/\/www.link2fleet.com\/fr\/covid-19-faq-du-leasing-et-de-la-location\/\" \/>\n<meta property=\"og:site_name\" content=\"link2fleet\" \/>\n<meta property=\"article:published_time\" content=\"2020-03-27T14:39:08+00:00\" \/>\n<meta property=\"og:image\" content=\"https:\/\/static.link2fleet.com\/wp-content\/uploads\/2024\/03\/location-vehicule-professionnel.jpg\" \/>\n\t<meta property=\"og:image:width\" content=\"830\" \/>\n\t<meta property=\"og:image:height\" content=\"270\" \/>\n\t<meta property=\"og:image:type\" content=\"image\/jpeg\" \/>\n<meta name=\"author\" content=\"Charles Demoulin\" \/>\n<meta name=\"twitter:card\" content=\"summary_large_image\" \/>\n<meta name=\"twitter:description\" content=\"La situation exceptionnelle g\u00e9n\u00e9r\u00e9e par la crise du Covid-19 suscite une avalanche de questions de la part des fleet managers et des conducteurs par rapport\u2026\" \/>\n<meta name=\"twitter:label1\" content=\"\u00c9crit par\" \/>\n\t<meta name=\"twitter:data1\" content=\"Charles Demoulin\" \/>\n<script type=\"application\/ld+json\" class=\"yoast-schema-graph\">{\"@context\":\"https:\\\/\\\/schema.org\",\"@graph\":[{\"@type\":\"Article\",\"@id\":\"https:\\\/\\\/www.link2fleet.com\\\/fr\\\/covid-19-faq-du-leasing-et-de-la-location\\\/#article\",\"isPartOf\":{\"@id\":\"https:\\\/\\\/www.link2fleet.com\\\/fr\\\/covid-19-faq-du-leasing-et-de-la-location\\\/\"},\"author\":{\"name\":\"Charles Demoulin\",\"@id\":\"https:\\\/\\\/www.link2fleet.com\\\/fr\\\/#\\\/schema\\\/person\\\/aa5e5564385c02a9d0377ad530cafde3\"},\"headline\":\"Covid-19 : FAQ du leasing et de la location\",\"datePublished\":\"2020-03-27T14:39:08+00:00\",\"mainEntityOfPage\":{\"@id\":\"https:\\\/\\\/www.link2fleet.com\\\/fr\\\/covid-19-faq-du-leasing-et-de-la-location\\\/\"},\"wordCount\":24,\"publisher\":{\"@id\":\"https:\\\/\\\/www.link2fleet.com\\\/fr\\\/#organization\"},\"image\":{\"@id\":\"https:\\\/\\\/www.link2fleet.com\\\/fr\\\/covid-19-faq-du-leasing-et-de-la-location\\\/#primaryimage\"},\"thumbnailUrl\":\"https:\\\/\\\/static.link2fleet.com\\\/wp-content\\\/uploads\\\/2024\\\/03\\\/location-vehicule-professionnel.jpg\",\"articleSection\":[\"Expertise et f\u00e9d\u00e9rations\",\"Gestion de flotte\"],\"inLanguage\":\"fr-FR\"},{\"@type\":\"WebPage\",\"@id\":\"https:\\\/\\\/www.link2fleet.com\\\/fr\\\/covid-19-faq-du-leasing-et-de-la-location\\\/\",\"url\":\"https:\\\/\\\/www.link2fleet.com\\\/fr\\\/covid-19-faq-du-leasing-et-de-la-location\\\/\",\"name\":\"Covid-19 : FAQ du leasing et de la location - link2fleet\",\"isPartOf\":{\"@id\":\"https:\\\/\\\/www.link2fleet.com\\\/fr\\\/#website\"},\"primaryImageOfPage\":{\"@id\":\"https:\\\/\\\/www.link2fleet.com\\\/fr\\\/covid-19-faq-du-leasing-et-de-la-location\\\/#primaryimage\"},\"image\":{\"@id\":\"https:\\\/\\\/www.link2fleet.com\\\/fr\\\/covid-19-faq-du-leasing-et-de-la-location\\\/#primaryimage\"},\"thumbnailUrl\":\"https:\\\/\\\/static.link2fleet.com\\\/wp-content\\\/uploads\\\/2024\\\/03\\\/location-vehicule-professionnel.jpg\",\"datePublished\":\"2020-03-27T14:39:08+00:00\",\"breadcrumb\":{\"@id\":\"https:\\\/\\\/www.link2fleet.com\\\/fr\\\/covid-19-faq-du-leasing-et-de-la-location\\\/#breadcrumb\"},\"inLanguage\":\"fr-FR\",\"potentialAction\":[{\"@type\":\"ReadAction\",\"target\":[\"https:\\\/\\\/www.link2fleet.com\\\/fr\\\/covid-19-faq-du-leasing-et-de-la-location\\\/\"]}]},{\"@type\":\"ImageObject\",\"inLanguage\":\"fr-FR\",\"@id\":\"https:\\\/\\\/www.link2fleet.com\\\/fr\\\/covid-19-faq-du-leasing-et-de-la-location\\\/#primaryimage\",\"url\":\"https:\\\/\\\/static.link2fleet.com\\\/wp-content\\\/uploads\\\/2024\\\/03\\\/location-vehicule-professionnel.jpg\",\"contentUrl\":\"https:\\\/\\\/static.link2fleet.com\\\/wp-content\\\/uploads\\\/2024\\\/03\\\/location-vehicule-professionnel.jpg\",\"width\":830,\"height\":270,\"caption\":\"Dealer New Cars Stock. Colorful Brand New Compact Vehicles For Sale Awaiting on the Dealer Parking Lot. Car Market Business Concept.\"},{\"@type\":\"BreadcrumbList\",\"@id\":\"https:\\\/\\\/www.link2fleet.com\\\/fr\\\/covid-19-faq-du-leasing-et-de-la-location\\\/#breadcrumb\",\"itemListElement\":[{\"@type\":\"ListItem\",\"position\":1,\"name\":\"Home\",\"item\":\"https:\\\/\\\/www.link2fleet.com\\\/fr\\\/\"},{\"@type\":\"ListItem\",\"position\":2,\"name\":\"Covid-19 : FAQ du leasing et de la location\"}]},{\"@type\":\"WebSite\",\"@id\":\"https:\\\/\\\/www.link2fleet.com\\\/fr\\\/#website\",\"url\":\"https:\\\/\\\/www.link2fleet.com\\\/fr\\\/\",\"name\":\"Link2fleet\",\"description\":\"\",\"publisher\":{\"@id\":\"https:\\\/\\\/www.link2fleet.com\\\/fr\\\/#organization\"},\"potentialAction\":[{\"@type\":\"SearchAction\",\"target\":{\"@type\":\"EntryPoint\",\"urlTemplate\":\"https:\\\/\\\/www.link2fleet.com\\\/fr\\\/?s={search_term_string}\"},\"query-input\":{\"@type\":\"PropertyValueSpecification\",\"valueRequired\":true,\"valueName\":\"search_term_string\"}}],\"inLanguage\":\"fr-FR\"},{\"@type\":\"Organization\",\"@id\":\"https:\\\/\\\/www.link2fleet.com\\\/fr\\\/#organization\",\"name\":\"Link2fleet\",\"url\":\"https:\\\/\\\/www.link2fleet.com\\\/fr\\\/\",\"logo\":{\"@type\":\"ImageObject\",\"inLanguage\":\"fr-FR\",\"@id\":\"https:\\\/\\\/www.link2fleet.com\\\/fr\\\/#\\\/schema\\\/logo\\\/image\\\/\",\"url\":\"https:\\\/\\\/static.link2fleet.com\\\/wp-content\\\/uploads\\\/2024\\\/03\\\/share-image.jpg\",\"contentUrl\":\"https:\\\/\\\/static.link2fleet.com\\\/wp-content\\\/uploads\\\/2024\\\/03\\\/share-image.jpg\",\"width\":1200,\"height\":630,\"caption\":\"Link2fleet\"},\"image\":{\"@id\":\"https:\\\/\\\/www.link2fleet.com\\\/fr\\\/#\\\/schema\\\/logo\\\/image\\\/\"},\"sameAs\":[\"https:\\\/\\\/www.linkedin.com\\\/company\\\/link2fleet-belgium\",\"https:\\\/\\\/www.youtube.com\\\/user\\\/MMMBMBE\"]},{\"@type\":\"Person\",\"@id\":\"https:\\\/\\\/www.link2fleet.com\\\/fr\\\/#\\\/schema\\\/person\\\/aa5e5564385c02a9d0377ad530cafde3\",\"name\":\"Charles Demoulin\",\"image\":{\"@type\":\"ImageObject\",\"inLanguage\":\"fr-FR\",\"@id\":\"https:\\\/\\\/secure.gravatar.com\\\/avatar\\\/a000231bff5001a7f0d882a0151e52b79aaa786ce7b58a2ebd2235f59e5f6344?s=96&d=mm&r=g\",\"url\":\"https:\\\/\\\/secure.gravatar.com\\\/avatar\\\/a000231bff5001a7f0d882a0151e52b79aaa786ce7b58a2ebd2235f59e5f6344?s=96&d=mm&r=g\",\"contentUrl\":\"https:\\\/\\\/secure.gravatar.com\\\/avatar\\\/a000231bff5001a7f0d882a0151e52b79aaa786ce7b58a2ebd2235f59e5f6344?s=96&d=mm&r=g\",\"caption\":\"Charles Demoulin\"}}]}<\/script>\n<!-- \/ Yoast SEO plugin. -->","yoast_head_json":{"title":"Covid-19 : FAQ du leasing et de la location - link2fleet","description":"La situation exceptionnelle g\u00e9n\u00e9r\u00e9e par la crise du Covid-19 suscite une avalanche de questions de la part des fleet managers et des conducteurs par rapport\u2026","robots":{"index":"index","follow":"follow","max-snippet":"max-snippet:-1","max-image-preview":"max-image-preview:large","max-video-preview":"max-video-preview:-1"},"og_locale":"fr_FR","og_type":"article","og_title":"Covid-19 : FAQ du leasing et de la location - link2fleet","og_description":"La situation exceptionnelle g\u00e9n\u00e9r\u00e9e par la crise du Covid-19 suscite une avalanche de questions de la part des fleet managers et des conducteurs par rapport\u2026","og_url":"https:\/\/www.link2fleet.com\/fr\/covid-19-faq-du-leasing-et-de-la-location\/","og_site_name":"link2fleet","article_published_time":"2020-03-27T14:39:08+00:00","og_image":[{"width":830,"height":270,"url":"https:\/\/static.link2fleet.com\/wp-content\/uploads\/2024\/03\/location-vehicule-professionnel.jpg","type":"image\/jpeg"}],"author":"Charles Demoulin","twitter_card":"summary_large_image","twitter_description":"La situation exceptionnelle g\u00e9n\u00e9r\u00e9e par la crise du Covid-19 suscite une avalanche de questions de la part des fleet managers et des conducteurs par rapport\u2026","twitter_misc":{"\u00c9crit par":"Charles Demoulin"},"schema":{"@context":"https:\/\/schema.org","@graph":[{"@type":"Article","@id":"https:\/\/www.link2fleet.com\/fr\/covid-19-faq-du-leasing-et-de-la-location\/#article","isPartOf":{"@id":"https:\/\/www.link2fleet.com\/fr\/covid-19-faq-du-leasing-et-de-la-location\/"},"author":{"name":"Charles Demoulin","@id":"https:\/\/www.link2fleet.com\/fr\/#\/schema\/person\/aa5e5564385c02a9d0377ad530cafde3"},"headline":"Covid-19 : FAQ du leasing et de la location","datePublished":"2020-03-27T14:39:08+00:00","mainEntityOfPage":{"@id":"https:\/\/www.link2fleet.com\/fr\/covid-19-faq-du-leasing-et-de-la-location\/"},"wordCount":24,"publisher":{"@id":"https:\/\/www.link2fleet.com\/fr\/#organization"},"image":{"@id":"https:\/\/www.link2fleet.com\/fr\/covid-19-faq-du-leasing-et-de-la-location\/#primaryimage"},"thumbnailUrl":"https:\/\/static.link2fleet.com\/wp-content\/uploads\/2024\/03\/location-vehicule-professionnel.jpg","articleSection":["Expertise et f\u00e9d\u00e9rations","Gestion de flotte"],"inLanguage":"fr-FR"},{"@type":"WebPage","@id":"https:\/\/www.link2fleet.com\/fr\/covid-19-faq-du-leasing-et-de-la-location\/","url":"https:\/\/www.link2fleet.com\/fr\/covid-19-faq-du-leasing-et-de-la-location\/","name":"Covid-19 : FAQ du leasing et de la location - link2fleet","isPartOf":{"@id":"https:\/\/www.link2fleet.com\/fr\/#website"},"primaryImageOfPage":{"@id":"https:\/\/www.link2fleet.com\/fr\/covid-19-faq-du-leasing-et-de-la-location\/#primaryimage"},"image":{"@id":"https:\/\/www.link2fleet.com\/fr\/covid-19-faq-du-leasing-et-de-la-location\/#primaryimage"},"thumbnailUrl":"https:\/\/static.link2fleet.com\/wp-content\/uploads\/2024\/03\/location-vehicule-professionnel.jpg","datePublished":"2020-03-27T14:39:08+00:00","breadcrumb":{"@id":"https:\/\/www.link2fleet.com\/fr\/covid-19-faq-du-leasing-et-de-la-location\/#breadcrumb"},"inLanguage":"fr-FR","potentialAction":[{"@type":"ReadAction","target":["https:\/\/www.link2fleet.com\/fr\/covid-19-faq-du-leasing-et-de-la-location\/"]}]},{"@type":"ImageObject","inLanguage":"fr-FR","@id":"https:\/\/www.link2fleet.com\/fr\/covid-19-faq-du-leasing-et-de-la-location\/#primaryimage","url":"https:\/\/static.link2fleet.com\/wp-content\/uploads\/2024\/03\/location-vehicule-professionnel.jpg","contentUrl":"https:\/\/static.link2fleet.com\/wp-content\/uploads\/2024\/03\/location-vehicule-professionnel.jpg","width":830,"height":270,"caption":"Dealer New Cars Stock. Colorful Brand New Compact Vehicles For Sale Awaiting on the Dealer Parking Lot. Car Market Business Concept."},{"@type":"BreadcrumbList","@id":"https:\/\/www.link2fleet.com\/fr\/covid-19-faq-du-leasing-et-de-la-location\/#breadcrumb","itemListElement":[{"@type":"ListItem","position":1,"name":"Home","item":"https:\/\/www.link2fleet.com\/fr\/"},{"@type":"ListItem","position":2,"name":"Covid-19 : FAQ du leasing et de la location"}]},{"@type":"WebSite","@id":"https:\/\/www.link2fleet.com\/fr\/#website","url":"https:\/\/www.link2fleet.com\/fr\/","name":"Link2fleet","description":"","publisher":{"@id":"https:\/\/www.link2fleet.com\/fr\/#organization"},"potentialAction":[{"@type":"SearchAction","target":{"@type":"EntryPoint","urlTemplate":"https:\/\/www.link2fleet.com\/fr\/?s={search_term_string}"},"query-input":{"@type":"PropertyValueSpecification","valueRequired":true,"valueName":"search_term_string"}}],"inLanguage":"fr-FR"},{"@type":"Organization","@id":"https:\/\/www.link2fleet.com\/fr\/#organization","name":"Link2fleet","url":"https:\/\/www.link2fleet.com\/fr\/","logo":{"@type":"ImageObject","inLanguage":"fr-FR","@id":"https:\/\/www.link2fleet.com\/fr\/#\/schema\/logo\/image\/","url":"https:\/\/static.link2fleet.com\/wp-content\/uploads\/2024\/03\/share-image.jpg","contentUrl":"https:\/\/static.link2fleet.com\/wp-content\/uploads\/2024\/03\/share-image.jpg","width":1200,"height":630,"caption":"Link2fleet"},"image":{"@id":"https:\/\/www.link2fleet.com\/fr\/#\/schema\/logo\/image\/"},"sameAs":["https:\/\/www.linkedin.com\/company\/link2fleet-belgium","https:\/\/www.youtube.com\/user\/MMMBMBE"]},{"@type":"Person","@id":"https:\/\/www.link2fleet.com\/fr\/#\/schema\/person\/aa5e5564385c02a9d0377ad530cafde3","name":"Charles Demoulin","image":{"@type":"ImageObject","inLanguage":"fr-FR","@id":"https:\/\/secure.gravatar.com\/avatar\/a000231bff5001a7f0d882a0151e52b79aaa786ce7b58a2ebd2235f59e5f6344?s=96&d=mm&r=g","url":"https:\/\/secure.gravatar.com\/avatar\/a000231bff5001a7f0d882a0151e52b79aaa786ce7b58a2ebd2235f59e5f6344?s=96&d=mm&r=g","contentUrl":"https:\/\/secure.gravatar.com\/avatar\/a000231bff5001a7f0d882a0151e52b79aaa786ce7b58a2ebd2235f59e5f6344?s=96&d=mm&r=g","caption":"Charles Demoulin"}}]}},"_links":{"self":[{"href":"https:\/\/www.link2fleet.com\/fr\/wp-json\/wp\/v2\/posts\/2110","targetHints":{"allow":["GET"]}}],"collection":[{"href":"https:\/\/www.link2fleet.com\/fr\/wp-json\/wp\/v2\/posts"}],"about":[{"href":"https:\/\/www.link2fleet.com\/fr\/wp-json\/wp\/v2\/types\/post"}],"author":[{"embeddable":true,"href":"https:\/\/www.link2fleet.com\/fr\/wp-json\/wp\/v2\/users\/12"}],"replies":[{"embeddable":true,"href":"https:\/\/www.link2fleet.com\/fr\/wp-json\/wp\/v2\/comments?post=2110"}],"version-history":[{"count":0,"href":"https:\/\/www.link2fleet.com\/fr\/wp-json\/wp\/v2\/posts\/2110\/revisions"}],"wp:featuredmedia":[{"embeddable":true,"href":"https:\/\/www.link2fleet.com\/fr\/wp-json\/wp\/v2\/media\/2111"}],"wp:attachment":[{"href":"https:\/\/www.link2fleet.com\/fr\/wp-json\/wp\/v2\/media?parent=2110"}],"wp:term":[{"taxonomy":"category","embeddable":true,"href":"https:\/\/www.link2fleet.com\/fr\/wp-json\/wp\/v2\/categories?post=2110"},{"taxonomy":"post_tag","embeddable":true,"href":"https:\/\/www.link2fleet.com\/fr\/wp-json\/wp\/v2\/tags?post=2110"}],"curies":[{"name":"wp","href":"https:\/\/api.w.org\/{rel}","templated":true}]}}