{"id":2152,"date":"2020-04-10T08:03:55","date_gmt":"2020-04-10T06:03:55","guid":{"rendered":"https:\/\/www.link2fleet.com\/stefan-delaet-ceo-de-kbc-autolease-une-ere-numerique-fascinante\/"},"modified":"2024-04-17T16:53:40","modified_gmt":"2024-04-17T14:53:40","slug":"stefan-delaet-ceo-de-kbc-autolease-une-ere-numerique-fascinante","status":"publish","type":"post","link":"https:\/\/www.link2fleet.com\/fr\/stefan-delaet-ceo-de-kbc-autolease-une-ere-numerique-fascinante\/","title":{"rendered":"Stefan Delaet, CEO de KBC Autolease : \u2018Une \u00e8re num\u00e9rique fascinante\u2019"},"content":{"rendered":"\n<p>C\u2019est le 1er juin 2019 avec sur son CV une carri\u00e8re internationale de 15 ans pour KBC que Stefan Delaet d\u00e9barque chez KBC Autolease pour en devenir le CEO. Une opportunit\u00e9 particuli\u00e8rement bien accueillie pour cet adepte de la multimobilit\u00e9 qui combine quotidiennement train et voiture \u00e9lectrique pour se rendre de Bruxelles &#8211; o\u00f9 il r\u00e9side &#8211; \u00e0 Louvain &#8211; o\u00f9 il travaille -. <\/p>\n\n<p><strong>link2fleet<\/strong>\u00a0: Peut-on d\u00e9j\u00e0 tirer un premier bilan de vos 9 premiers mois dans ce nouvel environnement\u00a0?<\/p>\n\n<p><strong>Stefan Delaet<\/strong>\u00a0: On peut v\u00e9ritablement parler d\u2019une culture d\u2019entreprise remarquable avec des collaborateurs extraordinaires. \u00c0 la fois motiv\u00e9s et passionn\u00e9s par tout ce qui touche \u00e0 la mobilit\u00e9. Et puis, nous b\u00e9n\u00e9ficions quand m\u00eame de cette situation privil\u00e9gi\u00e9e de faire partie d\u2019un groupe de banque-assurances solide, qui place la digitalisation, la durabilit\u00e9 et la mobilit\u00e9 parmi ses plus hautes priorit\u00e9s.<\/p>\n\n<figure class=\"wp-block-image\"><img decoding=\"async\" src=\"https:\/\/www.link2fleet.com\/wp-content\/uploads\/2020\/04\/DelaetStefanKBCAutolease1219-72-1024x683.jpg\" alt=\"\" class=\"wp-image-1257296\"><figcaption>Stefan Delaet est un v\u00e9ritable avocat de la multimobilit\u00e9<\/figcaption><\/figure>\n<p><strong>Utilisation syst\u00e9matis\u00e9e de la technologie digitale<\/strong><\/p>\n\n<p><strong>l2f<\/strong>\u00a0: \u00c9videmment, impossible de ne pas \u00e9voquer le Coronavirus et la situation chaotique qu\u2019il provoque tant sur le plan humanitaire que sur le plan social ou \u00e9conomique. Comment vivez tout cela tout d\u2019abord \u00a0comme homme, mais aussi en tant que chef d\u2019entreprise\u00a0?<\/p>\n\n<p><strong>S.D.<\/strong>\u00a0: L&rsquo;impact du virus est invisible. En termes humains, logistiques et financiers. En premier lieu, nous essayons de faire en sorte que tous les clients et employ\u00e9s soient prot\u00e9g\u00e9s autant que possible et que les services essentiels continuent \u00e0 \u00eatre fournis. Mais dans la pratique, vous voyez toute la cha\u00eene logistique s&rsquo;arr\u00eater. Bien s\u00fbr, cela a un impact imm\u00e9diat sur nos op\u00e9rations quotidiennes, mais aussi sur nos esprits. Quel que soit notre niveau d&rsquo;\u00e9quipement num\u00e9rique, nous restons des \u00eatres sociaux. C&rsquo;est pourquoi nous attachons une grande importance \u00e0 la communication et aux contacts r\u00e9guliers (m\u00eame par vid\u00e9o ou skype). En attendant, nous essayons de voir les choses sous un angle positif donc il est r\u00e9confortant de constater que cette crise g\u00e9n\u00e8re un fort sentiment d&rsquo;appartenance et que l&rsquo;environnement peut respirer.<\/p>\n\n<p><strong>l2f<\/strong>\u00a0: Qu\u2019avez-vous mis en place comme mesures urgentes\u00a0au sein de la soci\u00e9t\u00e9 ?<\/p>\n\n<p><strong>S.D.<\/strong>\u00a0: Pour la s\u00e9curit\u00e9 physique de nos employ\u00e9s, clients et partenaires commerciaux, nous sommes imm\u00e9diatement pass\u00e9s au t\u00e9l\u00e9travail. Heureusement, en tant que groupe KBC, nous sommes bien \u00e9quip\u00e9s pour cela et tout fonctionne parfaitement. Seules les t\u00e2ches extr\u00eamement critiques (telles que le remplacement des v\u00e9hicules, la gestion des amendes, etc.) sont effectu\u00e9es sur place avec un minimum de personnel. Bien entendu, dans le respect des r\u00e8gles de \u00ab\u00a0distanciation sociale\u00a0\u00bb.<\/p>\n\n<p><strong>l2f<\/strong>\u00a0: Vous redoutez une catastrophe sur le plan \u00e9conomique\u00a0?<\/p>\n\n<p><strong>S.D.<\/strong>\u00a0: Difficile \u00e0 ce stade de se prononcer sur l\u2019\u00e9tendue des d\u00e9g\u00e2ts dans notre secteur, mais il est clair que les r\u00e9percussions vont \u00eatre dramatiques. \u00c0 mon avis, elles vont se faire ressentir durant plusieurs mois voire plusieurs ann\u00e9es. En tant que KBC Autolease, nous avons la chance de faire partie d&rsquo;un groupe solide et nous assumerons notre r\u00f4le dans la soci\u00e9t\u00e9 au mieux de nos capacit\u00e9s pour sortir plus forts de cette crise avec nos clients et partenaires.<\/p>\n\n<figure class=\"wp-block-image\"><img decoding=\"async\" src=\"https:\/\/www.link2fleet.com\/wp-content\/uploads\/2020\/04\/DelaetStefanKBCAutolease1219-119-683x1024.jpg\" alt=\"\" class=\"wp-image-1257298\"><figcaption>\u00ab\u00a0Avec sa palette de services aussi vari\u00e9e que compl\u00e8te, KBC Autolease peut accompagner chaque type de client, quelle que soit son approche de mobilit\u00e9\u00a0\u00bb, confie Stefan Delaet.<\/figcaption><\/figure>\n<p><strong>Une offre coh\u00e9rente et multi-approches<\/strong><\/p>\n\n<p><strong>l2f<\/strong>\u00a0: Vous arrivez avec un regard frais sur le monde du leasing, quel est votre constat\u00a0?<\/p>\n\n<p><strong>S.D.<\/strong>\u00a0: Je sens clairement que ce secteur se trouve en compl\u00e8te transformation. Les entreprises et les conducteurs s&rsquo;int\u00e9ressent moins \u00e0 la possession &#8211; d&rsquo;un produit, comme une voiture ou un v\u00e9lo &#8211; mais davantage \u00e0 son utilisation et \u00e0 son exp\u00e9rience. Comme pour la vague de num\u00e9risation, les gens recherchent des possibilit\u00e9s de d\u00e9placements rapides, flexibles et sans soucis. Et de pr\u00e9f\u00e9rence de mani\u00e8re abordable, \u00e9cologique et multimodale. La magie, c\u2019est que ce souhait peut aujourd\u2019hui \u00eatre rencontr\u00e9 gr\u00e2ce \u00e0 la technologie qui permet de connecter tous les acteurs entre eux.<\/p>\n\n<p><strong>l2f<\/strong> : Ce que vous d\u00e9crivez ressemble tr\u00e8s fort \u00e0 la strat\u00e9gie que d\u00e9ploie KBC Autolease depuis quelques ann\u00e9es.<\/p>\n\n<p><strong>S.D.<\/strong>\u00a0: Ce que nous proposons, c\u2019est en effet une mobilit\u00e9 sous toutes ses formes, selon le souhait du client. La plupart des entreprises d\u00e9marrent d\u2019une philosophie bas\u00e9e sur la voiture qui petit \u00e0 petit peut se transformer &#8211; ou non &#8211; dans une approche plus multimodale. Via Olympus, VAB ou Traject, KBC Autolease peut \u00e9galement proposer des solutions enti\u00e8rement sans voiture. Nous sommes arm\u00e9s pour accompagner tout type de profil de soci\u00e9t\u00e9s et tout type de mouvement. Notre v\u00e9ritable force\u00a0: proposer des solutions adapt\u00e9es aux besoins du client et, gr\u00e2ce \u00e0 la technologie du groupe KBC, les rendre accessibles sous forme num\u00e9rique. Nous sommes en quelque sorte la cerise \u2018mobilit\u00e9\u2019 sur le g\u00e2teau banque et assurances de KBC.<\/p>\n\n<p><strong>l2f\u00a0: <\/strong>Croyez-vous \u00e0 une mobilit\u00e9 avec moins de voitures\u00a0?<\/p>\n\n<p><strong>S.D.<\/strong>\u00a0: La mobilit\u00e9 est une mati\u00e8re complexe qui exige une parfaite coordination entre l\u2019offre publique et l\u2019offre priv\u00e9e. Au-del\u00e0 de cela, les infrastructures et le cadre l\u00e9gal doivent suivre. Et c\u2019est tout sauf \u00e9vident dans un pays aussi complexe que la Belgique. Je pense que la voiture va continuer \u00e0 jouer un r\u00f4le central dans les ann\u00e9es \u00e0 venir. Le secteur des flottes permet de mettre sur la route des voitures g\u00e9n\u00e9ralement plus jeunes et plus \u00e9cologiques que celles issues du march\u00e9 des particuliers. En attendant, avec nos partenaires, nous construisons sans rel\u00e2che un \u00e9cosyst\u00e8me multimodal.<\/p>\n\n<hr class=\"wp-block-separator\" \/>\n","protected":false},"excerpt":{"rendered":"<p>C\u2019est le 1er juin 2019 avec sur son CV une carri\u00e8re internationale de 15 ans pour KBC que Stefan Delaet d\u00e9barque chez KBC Autolease pour en devenir le CEO. Une opportunit\u00e9 particuli\u00e8rement bien accueillie pour cet adepte de la multimobilit\u00e9 qui combine quotidiennement train et voiture \u00e9lectrique pour se rendre de Bruxelles &#8211; o\u00f9 il [&hellip;]<\/p>\n","protected":false},"author":19,"featured_media":2153,"comment_status":"closed","ping_status":"closed","sticky":false,"template":"","format":"standard","meta":{"_acf_changed":false,"footnotes":""},"categories":[91,79],"tags":[],"class_list":["post-2152","post","type-post","status-publish","format-standard","has-post-thumbnail","hentry","category-expertise-et-management","category-societes-de-leasing"],"acf":[],"yoast_head":"<!-- This site is optimized with the Yoast SEO plugin v27.3 - https:\/\/yoast.com\/product\/yoast-seo-wordpress\/ -->\n<title>Stefan Delaet, CEO de KBC Autolease : \u2018Une \u00e8re num\u00e9rique fascinante\u2019 - link2fleet<\/title>\n<meta name=\"description\" content=\"Alors que la crise du Covid-19 continue \u00e0 semer le chaos partout sur la plan\u00e8te, nous nous sommes promis avec Stefan Delaet de ne pas\u2026\" \/>\n<meta name=\"robots\" content=\"index, follow, max-snippet:-1, max-image-preview:large, max-video-preview:-1\" \/>\n<meta property=\"og:locale\" content=\"fr_FR\" \/>\n<meta property=\"og:type\" content=\"article\" \/>\n<meta property=\"og:title\" content=\"Stefan Delaet, CEO de KBC Autolease : \u2018Une \u00e8re num\u00e9rique fascinante\u2019 - link2fleet\" \/>\n<meta property=\"og:description\" content=\"Alors que la crise du Covid-19 continue \u00e0 semer le chaos partout sur la plan\u00e8te, nous nous sommes promis avec Stefan Delaet de ne pas\u2026\" \/>\n<meta property=\"og:url\" content=\"https:\/\/www.link2fleet.com\/fr\/stefan-delaet-ceo-de-kbc-autolease-une-ere-numerique-fascinante\/\" \/>\n<meta property=\"og:site_name\" content=\"link2fleet\" \/>\n<meta property=\"article:published_time\" content=\"2020-04-10T06:03:55+00:00\" \/>\n<meta property=\"article:modified_time\" content=\"2024-04-17T14:53:40+00:00\" \/>\n<meta property=\"og:image\" content=\"https:\/\/static.link2fleet.com\/wp-content\/uploads\/2024\/03\/stefan-delaet.png\" \/>\n\t<meta property=\"og:image:width\" content=\"1157\" \/>\n\t<meta property=\"og:image:height\" content=\"470\" \/>\n\t<meta property=\"og:image:type\" content=\"image\/png\" \/>\n<meta name=\"author\" content=\"Marc Demoulin\" \/>\n<meta name=\"twitter:card\" content=\"summary_large_image\" \/>\n<meta name=\"twitter:description\" content=\"Alors que la crise du Covid-19 continue \u00e0 semer le chaos partout sur la plan\u00e8te, nous nous sommes promis avec Stefan Delaet de ne pas\u2026\" \/>\n<meta name=\"twitter:label1\" content=\"\u00c9crit par\" \/>\n\t<meta name=\"twitter:data1\" content=\"Marc Demoulin\" \/>\n\t<meta name=\"twitter:label2\" content=\"Dur\u00e9e de lecture estim\u00e9e\" \/>\n\t<meta name=\"twitter:data2\" content=\"5 minutes\" \/>\n<script type=\"application\/ld+json\" class=\"yoast-schema-graph\">{\"@context\":\"https:\\\/\\\/schema.org\",\"@graph\":[{\"@type\":\"Article\",\"@id\":\"https:\\\/\\\/www.link2fleet.com\\\/fr\\\/stefan-delaet-ceo-de-kbc-autolease-une-ere-numerique-fascinante\\\/#article\",\"isPartOf\":{\"@id\":\"https:\\\/\\\/www.link2fleet.com\\\/fr\\\/stefan-delaet-ceo-de-kbc-autolease-une-ere-numerique-fascinante\\\/\"},\"author\":{\"name\":\"Marc Demoulin\",\"@id\":\"https:\\\/\\\/www.link2fleet.com\\\/fr\\\/#\\\/schema\\\/person\\\/be5c57fc3d8ec765f7f536ffa2d67457\"},\"headline\":\"Stefan Delaet, CEO de KBC Autolease : \u2018Une \u00e8re num\u00e9rique fascinante\u2019\",\"datePublished\":\"2020-04-10T06:03:55+00:00\",\"dateModified\":\"2024-04-17T14:53:40+00:00\",\"mainEntityOfPage\":{\"@id\":\"https:\\\/\\\/www.link2fleet.com\\\/fr\\\/stefan-delaet-ceo-de-kbc-autolease-une-ere-numerique-fascinante\\\/\"},\"wordCount\":997,\"publisher\":{\"@id\":\"https:\\\/\\\/www.link2fleet.com\\\/fr\\\/#organization\"},\"image\":{\"@id\":\"https:\\\/\\\/www.link2fleet.com\\\/fr\\\/stefan-delaet-ceo-de-kbc-autolease-une-ere-numerique-fascinante\\\/#primaryimage\"},\"thumbnailUrl\":\"https:\\\/\\\/static.link2fleet.com\\\/wp-content\\\/uploads\\\/2024\\\/03\\\/stefan-delaet.png\",\"articleSection\":[\"Gestion de flotte\",\"Location long-terme\"],\"inLanguage\":\"fr-FR\"},{\"@type\":\"WebPage\",\"@id\":\"https:\\\/\\\/www.link2fleet.com\\\/fr\\\/stefan-delaet-ceo-de-kbc-autolease-une-ere-numerique-fascinante\\\/\",\"url\":\"https:\\\/\\\/www.link2fleet.com\\\/fr\\\/stefan-delaet-ceo-de-kbc-autolease-une-ere-numerique-fascinante\\\/\",\"name\":\"Stefan Delaet, CEO de KBC Autolease : \u2018Une \u00e8re num\u00e9rique fascinante\u2019 - link2fleet\",\"isPartOf\":{\"@id\":\"https:\\\/\\\/www.link2fleet.com\\\/fr\\\/#website\"},\"primaryImageOfPage\":{\"@id\":\"https:\\\/\\\/www.link2fleet.com\\\/fr\\\/stefan-delaet-ceo-de-kbc-autolease-une-ere-numerique-fascinante\\\/#primaryimage\"},\"image\":{\"@id\":\"https:\\\/\\\/www.link2fleet.com\\\/fr\\\/stefan-delaet-ceo-de-kbc-autolease-une-ere-numerique-fascinante\\\/#primaryimage\"},\"thumbnailUrl\":\"https:\\\/\\\/static.link2fleet.com\\\/wp-content\\\/uploads\\\/2024\\\/03\\\/stefan-delaet.png\",\"datePublished\":\"2020-04-10T06:03:55+00:00\",\"dateModified\":\"2024-04-17T14:53:40+00:00\",\"breadcrumb\":{\"@id\":\"https:\\\/\\\/www.link2fleet.com\\\/fr\\\/stefan-delaet-ceo-de-kbc-autolease-une-ere-numerique-fascinante\\\/#breadcrumb\"},\"inLanguage\":\"fr-FR\",\"potentialAction\":[{\"@type\":\"ReadAction\",\"target\":[\"https:\\\/\\\/www.link2fleet.com\\\/fr\\\/stefan-delaet-ceo-de-kbc-autolease-une-ere-numerique-fascinante\\\/\"]}]},{\"@type\":\"ImageObject\",\"inLanguage\":\"fr-FR\",\"@id\":\"https:\\\/\\\/www.link2fleet.com\\\/fr\\\/stefan-delaet-ceo-de-kbc-autolease-une-ere-numerique-fascinante\\\/#primaryimage\",\"url\":\"https:\\\/\\\/static.link2fleet.com\\\/wp-content\\\/uploads\\\/2024\\\/03\\\/stefan-delaet.png\",\"contentUrl\":\"https:\\\/\\\/static.link2fleet.com\\\/wp-content\\\/uploads\\\/2024\\\/03\\\/stefan-delaet.png\",\"width\":1157,\"height\":470,\"caption\":\"||||Stefan Delaet (KBC Autolease)\"},{\"@type\":\"BreadcrumbList\",\"@id\":\"https:\\\/\\\/www.link2fleet.com\\\/fr\\\/stefan-delaet-ceo-de-kbc-autolease-une-ere-numerique-fascinante\\\/#breadcrumb\",\"itemListElement\":[{\"@type\":\"ListItem\",\"position\":1,\"name\":\"Home\",\"item\":\"https:\\\/\\\/www.link2fleet.com\\\/fr\\\/\"},{\"@type\":\"ListItem\",\"position\":2,\"name\":\"Stefan Delaet, CEO de KBC Autolease : \u2018Une \u00e8re num\u00e9rique fascinante\u2019\"}]},{\"@type\":\"WebSite\",\"@id\":\"https:\\\/\\\/www.link2fleet.com\\\/fr\\\/#website\",\"url\":\"https:\\\/\\\/www.link2fleet.com\\\/fr\\\/\",\"name\":\"Link2fleet\",\"description\":\"\",\"publisher\":{\"@id\":\"https:\\\/\\\/www.link2fleet.com\\\/fr\\\/#organization\"},\"potentialAction\":[{\"@type\":\"SearchAction\",\"target\":{\"@type\":\"EntryPoint\",\"urlTemplate\":\"https:\\\/\\\/www.link2fleet.com\\\/fr\\\/?s={search_term_string}\"},\"query-input\":{\"@type\":\"PropertyValueSpecification\",\"valueRequired\":true,\"valueName\":\"search_term_string\"}}],\"inLanguage\":\"fr-FR\"},{\"@type\":\"Organization\",\"@id\":\"https:\\\/\\\/www.link2fleet.com\\\/fr\\\/#organization\",\"name\":\"Link2fleet\",\"url\":\"https:\\\/\\\/www.link2fleet.com\\\/fr\\\/\",\"logo\":{\"@type\":\"ImageObject\",\"inLanguage\":\"fr-FR\",\"@id\":\"https:\\\/\\\/www.link2fleet.com\\\/fr\\\/#\\\/schema\\\/logo\\\/image\\\/\",\"url\":\"https:\\\/\\\/static.link2fleet.com\\\/wp-content\\\/uploads\\\/2024\\\/03\\\/share-image.jpg\",\"contentUrl\":\"https:\\\/\\\/static.link2fleet.com\\\/wp-content\\\/uploads\\\/2024\\\/03\\\/share-image.jpg\",\"width\":1200,\"height\":630,\"caption\":\"Link2fleet\"},\"image\":{\"@id\":\"https:\\\/\\\/www.link2fleet.com\\\/fr\\\/#\\\/schema\\\/logo\\\/image\\\/\"},\"sameAs\":[\"https:\\\/\\\/www.linkedin.com\\\/company\\\/link2fleet-belgium\",\"https:\\\/\\\/www.youtube.com\\\/user\\\/MMMBMBE\"]},{\"@type\":\"Person\",\"@id\":\"https:\\\/\\\/www.link2fleet.com\\\/fr\\\/#\\\/schema\\\/person\\\/be5c57fc3d8ec765f7f536ffa2d67457\",\"name\":\"Marc Demoulin\",\"image\":{\"@type\":\"ImageObject\",\"inLanguage\":\"fr-FR\",\"@id\":\"https:\\\/\\\/secure.gravatar.com\\\/avatar\\\/a87df2253d2615844817d0a7f244258741572a74e0c35a309fca2badab9f30e7?s=96&d=mm&r=g\",\"url\":\"https:\\\/\\\/secure.gravatar.com\\\/avatar\\\/a87df2253d2615844817d0a7f244258741572a74e0c35a309fca2badab9f30e7?s=96&d=mm&r=g\",\"contentUrl\":\"https:\\\/\\\/secure.gravatar.com\\\/avatar\\\/a87df2253d2615844817d0a7f244258741572a74e0c35a309fca2badab9f30e7?s=96&d=mm&r=g\",\"caption\":\"Marc Demoulin\"}}]}<\/script>\n<!-- \/ Yoast SEO plugin. -->","yoast_head_json":{"title":"Stefan Delaet, CEO de KBC Autolease : \u2018Une \u00e8re num\u00e9rique fascinante\u2019 - link2fleet","description":"Alors que la crise du Covid-19 continue \u00e0 semer le chaos partout sur la plan\u00e8te, nous nous sommes promis avec Stefan Delaet de ne pas\u2026","robots":{"index":"index","follow":"follow","max-snippet":"max-snippet:-1","max-image-preview":"max-image-preview:large","max-video-preview":"max-video-preview:-1"},"og_locale":"fr_FR","og_type":"article","og_title":"Stefan Delaet, CEO de KBC Autolease : \u2018Une \u00e8re num\u00e9rique fascinante\u2019 - link2fleet","og_description":"Alors que la crise du Covid-19 continue \u00e0 semer le chaos partout sur la plan\u00e8te, nous nous sommes promis avec Stefan Delaet de ne pas\u2026","og_url":"https:\/\/www.link2fleet.com\/fr\/stefan-delaet-ceo-de-kbc-autolease-une-ere-numerique-fascinante\/","og_site_name":"link2fleet","article_published_time":"2020-04-10T06:03:55+00:00","article_modified_time":"2024-04-17T14:53:40+00:00","og_image":[{"width":1157,"height":470,"url":"https:\/\/static.link2fleet.com\/wp-content\/uploads\/2024\/03\/stefan-delaet.png","type":"image\/png"}],"author":"Marc Demoulin","twitter_card":"summary_large_image","twitter_description":"Alors que la crise du Covid-19 continue \u00e0 semer le chaos partout sur la plan\u00e8te, nous nous sommes promis avec Stefan Delaet de ne pas\u2026","twitter_misc":{"\u00c9crit par":"Marc Demoulin","Dur\u00e9e de lecture estim\u00e9e":"5 minutes"},"schema":{"@context":"https:\/\/schema.org","@graph":[{"@type":"Article","@id":"https:\/\/www.link2fleet.com\/fr\/stefan-delaet-ceo-de-kbc-autolease-une-ere-numerique-fascinante\/#article","isPartOf":{"@id":"https:\/\/www.link2fleet.com\/fr\/stefan-delaet-ceo-de-kbc-autolease-une-ere-numerique-fascinante\/"},"author":{"name":"Marc Demoulin","@id":"https:\/\/www.link2fleet.com\/fr\/#\/schema\/person\/be5c57fc3d8ec765f7f536ffa2d67457"},"headline":"Stefan Delaet, CEO de KBC Autolease : \u2018Une \u00e8re num\u00e9rique fascinante\u2019","datePublished":"2020-04-10T06:03:55+00:00","dateModified":"2024-04-17T14:53:40+00:00","mainEntityOfPage":{"@id":"https:\/\/www.link2fleet.com\/fr\/stefan-delaet-ceo-de-kbc-autolease-une-ere-numerique-fascinante\/"},"wordCount":997,"publisher":{"@id":"https:\/\/www.link2fleet.com\/fr\/#organization"},"image":{"@id":"https:\/\/www.link2fleet.com\/fr\/stefan-delaet-ceo-de-kbc-autolease-une-ere-numerique-fascinante\/#primaryimage"},"thumbnailUrl":"https:\/\/static.link2fleet.com\/wp-content\/uploads\/2024\/03\/stefan-delaet.png","articleSection":["Gestion de flotte","Location long-terme"],"inLanguage":"fr-FR"},{"@type":"WebPage","@id":"https:\/\/www.link2fleet.com\/fr\/stefan-delaet-ceo-de-kbc-autolease-une-ere-numerique-fascinante\/","url":"https:\/\/www.link2fleet.com\/fr\/stefan-delaet-ceo-de-kbc-autolease-une-ere-numerique-fascinante\/","name":"Stefan Delaet, CEO de KBC Autolease : \u2018Une \u00e8re num\u00e9rique fascinante\u2019 - link2fleet","isPartOf":{"@id":"https:\/\/www.link2fleet.com\/fr\/#website"},"primaryImageOfPage":{"@id":"https:\/\/www.link2fleet.com\/fr\/stefan-delaet-ceo-de-kbc-autolease-une-ere-numerique-fascinante\/#primaryimage"},"image":{"@id":"https:\/\/www.link2fleet.com\/fr\/stefan-delaet-ceo-de-kbc-autolease-une-ere-numerique-fascinante\/#primaryimage"},"thumbnailUrl":"https:\/\/static.link2fleet.com\/wp-content\/uploads\/2024\/03\/stefan-delaet.png","datePublished":"2020-04-10T06:03:55+00:00","dateModified":"2024-04-17T14:53:40+00:00","breadcrumb":{"@id":"https:\/\/www.link2fleet.com\/fr\/stefan-delaet-ceo-de-kbc-autolease-une-ere-numerique-fascinante\/#breadcrumb"},"inLanguage":"fr-FR","potentialAction":[{"@type":"ReadAction","target":["https:\/\/www.link2fleet.com\/fr\/stefan-delaet-ceo-de-kbc-autolease-une-ere-numerique-fascinante\/"]}]},{"@type":"ImageObject","inLanguage":"fr-FR","@id":"https:\/\/www.link2fleet.com\/fr\/stefan-delaet-ceo-de-kbc-autolease-une-ere-numerique-fascinante\/#primaryimage","url":"https:\/\/static.link2fleet.com\/wp-content\/uploads\/2024\/03\/stefan-delaet.png","contentUrl":"https:\/\/static.link2fleet.com\/wp-content\/uploads\/2024\/03\/stefan-delaet.png","width":1157,"height":470,"caption":"||||Stefan Delaet (KBC Autolease)"},{"@type":"BreadcrumbList","@id":"https:\/\/www.link2fleet.com\/fr\/stefan-delaet-ceo-de-kbc-autolease-une-ere-numerique-fascinante\/#breadcrumb","itemListElement":[{"@type":"ListItem","position":1,"name":"Home","item":"https:\/\/www.link2fleet.com\/fr\/"},{"@type":"ListItem","position":2,"name":"Stefan Delaet, CEO de KBC Autolease : \u2018Une \u00e8re num\u00e9rique fascinante\u2019"}]},{"@type":"WebSite","@id":"https:\/\/www.link2fleet.com\/fr\/#website","url":"https:\/\/www.link2fleet.com\/fr\/","name":"Link2fleet","description":"","publisher":{"@id":"https:\/\/www.link2fleet.com\/fr\/#organization"},"potentialAction":[{"@type":"SearchAction","target":{"@type":"EntryPoint","urlTemplate":"https:\/\/www.link2fleet.com\/fr\/?s={search_term_string}"},"query-input":{"@type":"PropertyValueSpecification","valueRequired":true,"valueName":"search_term_string"}}],"inLanguage":"fr-FR"},{"@type":"Organization","@id":"https:\/\/www.link2fleet.com\/fr\/#organization","name":"Link2fleet","url":"https:\/\/www.link2fleet.com\/fr\/","logo":{"@type":"ImageObject","inLanguage":"fr-FR","@id":"https:\/\/www.link2fleet.com\/fr\/#\/schema\/logo\/image\/","url":"https:\/\/static.link2fleet.com\/wp-content\/uploads\/2024\/03\/share-image.jpg","contentUrl":"https:\/\/static.link2fleet.com\/wp-content\/uploads\/2024\/03\/share-image.jpg","width":1200,"height":630,"caption":"Link2fleet"},"image":{"@id":"https:\/\/www.link2fleet.com\/fr\/#\/schema\/logo\/image\/"},"sameAs":["https:\/\/www.linkedin.com\/company\/link2fleet-belgium","https:\/\/www.youtube.com\/user\/MMMBMBE"]},{"@type":"Person","@id":"https:\/\/www.link2fleet.com\/fr\/#\/schema\/person\/be5c57fc3d8ec765f7f536ffa2d67457","name":"Marc Demoulin","image":{"@type":"ImageObject","inLanguage":"fr-FR","@id":"https:\/\/secure.gravatar.com\/avatar\/a87df2253d2615844817d0a7f244258741572a74e0c35a309fca2badab9f30e7?s=96&d=mm&r=g","url":"https:\/\/secure.gravatar.com\/avatar\/a87df2253d2615844817d0a7f244258741572a74e0c35a309fca2badab9f30e7?s=96&d=mm&r=g","contentUrl":"https:\/\/secure.gravatar.com\/avatar\/a87df2253d2615844817d0a7f244258741572a74e0c35a309fca2badab9f30e7?s=96&d=mm&r=g","caption":"Marc Demoulin"}}]}},"_links":{"self":[{"href":"https:\/\/www.link2fleet.com\/fr\/wp-json\/wp\/v2\/posts\/2152","targetHints":{"allow":["GET"]}}],"collection":[{"href":"https:\/\/www.link2fleet.com\/fr\/wp-json\/wp\/v2\/posts"}],"about":[{"href":"https:\/\/www.link2fleet.com\/fr\/wp-json\/wp\/v2\/types\/post"}],"author":[{"embeddable":true,"href":"https:\/\/www.link2fleet.com\/fr\/wp-json\/wp\/v2\/users\/19"}],"replies":[{"embeddable":true,"href":"https:\/\/www.link2fleet.com\/fr\/wp-json\/wp\/v2\/comments?post=2152"}],"version-history":[{"count":0,"href":"https:\/\/www.link2fleet.com\/fr\/wp-json\/wp\/v2\/posts\/2152\/revisions"}],"wp:featuredmedia":[{"embeddable":true,"href":"https:\/\/www.link2fleet.com\/fr\/wp-json\/wp\/v2\/media\/2153"}],"wp:attachment":[{"href":"https:\/\/www.link2fleet.com\/fr\/wp-json\/wp\/v2\/media?parent=2152"}],"wp:term":[{"taxonomy":"category","embeddable":true,"href":"https:\/\/www.link2fleet.com\/fr\/wp-json\/wp\/v2\/categories?post=2152"},{"taxonomy":"post_tag","embeddable":true,"href":"https:\/\/www.link2fleet.com\/fr\/wp-json\/wp\/v2\/tags?post=2152"}],"curies":[{"name":"wp","href":"https:\/\/api.w.org\/{rel}","templated":true}]}}