{"id":2293,"date":"2020-04-30T09:35:55","date_gmt":"2020-04-30T07:35:55","guid":{"rendered":"https:\/\/www.link2fleet.com\/covid-19-carte-blanche-a-alain-duez-intl-senior-business-advisor-une-opportunite-unique-de-faire-bouger-les-choses\/"},"modified":"2020-04-30T09:35:55","modified_gmt":"2020-04-30T07:35:55","slug":"covid-19-carte-blanche-a-alain-duez-intl-senior-business-advisor-une-opportunite-unique-de-faire-bouger-les-choses","status":"publish","type":"post","link":"https:\/\/www.link2fleet.com\/fr\/covid-19-carte-blanche-a-alain-duez-intl-senior-business-advisor-une-opportunite-unique-de-faire-bouger-les-choses\/","title":{"rendered":"Covid-19 : carte blanche \u00e0 Alain Duez (Int\u2019l Senior Business Advisor): \u00ab\u00a0Une opportunit\u00e9 unique de faire bouger les choses\u00a0\u00bb"},"content":{"rendered":"\n<p>La crise du coronavirus n&rsquo;\u00e9pargne personne, et certainement pas l&rsquo;industrie automobile et des flottes de v\u00e9hicules. Dans la situation actuelle, nous devons nous concentrer sur la sant\u00e9 des personnes tout en restant confiants car la panique n&rsquo;apporte jamais les bonnes solutions. En tant que professionnels, nous devons aborder correctement les cons\u00e9quences \u00e9conomiques en toute transparence tout en soutenant nos clients \u00e0 court et \u00e0 long terme.&nbsp; Les entreprises sont confront\u00e9es \u00e0 un choix difficile, celui de mettre en \u0153uvre des changements temporaires ou de longue dur\u00e9e, car les experts en sant\u00e9 publique ne savent pas encore combien de temps la propagation de la maladie va durer.<\/p>\n\n\n\n<figure class=\"wp-block-image\"><img decoding=\"async\" src=\"https:\/\/www.link2fleet.com\/wp-content\/uploads\/2020\/04\/Alain-Duez-681x1024.jpg\" alt=\"\" class=\"wp-image-1257714\"\/><figcaption>Alain Duez est consultant international en fleet management et parternaire au sein de Fleetcompetence Group.<\/figcaption><\/figure>\n\n\n\n<p>Aujourd&rsquo;hui, nous pouvons identifier et bien comprendre les impacts que le blocage aura sur ce secteur automobile et gestion de flotte.<\/p>\n\n\n\n<p><strong>Impacts sur l\u2019industrie automobile<\/strong><\/p>\n\n\n\n<p>Les constructeurs et l&rsquo;industrie\nautomobile subissent de plein fouet le ch\u00f4mage \u00e9conomique massif. En France, il\ntouche 440 000 personnes, en Allemagne 800 000 et en Belgique plus de 125 000.<\/p>\n\n\n\n<p>De plus sachant que l&rsquo;industrie automobile\nutilise beaucoup de composants fabriqu\u00e9s en Chine et \u00e9valuant les risques d\u2019une\n2<sup>\u00e8me<\/sup> salve de Covid-19, les constructeurs europ\u00e9ens ont ralenti le\nrythme, puis ont cess\u00e9 toute activit\u00e9 en raison d&rsquo;une p\u00e9nurie de composants\nfabriqu\u00e9s, mais aussi un r\u00e9seau logistique hautement impact\u00e9. Le probl\u00e8me est\nque nous savons quand l&rsquo;\u00e9pid\u00e9mie a commenc\u00e9, mais nous ne savons pas quand elle\nva se terminer. En fonction des politiques de d\u00e9confinement nationales, on\nobserve entretemps d\u00e9j\u00e0 une reprise lente mais positives de l\u2019industrie\nautomobile avec Toyota, FCA et Volvo notamment. Dans le m\u00eame temps, les\nindustries allemandes et fran\u00e7aises mettent la pression pour un red\u00e9marrage en\nmai au plus tard afin d\u2019\u00e9viter une d\u00e9route \u00e9conomique encore plus importante\nque celle v\u00e9cue lors de la 2<sup>\u00e8me<\/sup> guerre mondiale.<\/p>\n\n\n\n<figure class=\"wp-block-image\"><img decoding=\"async\" src=\"https:\/\/www.link2fleet.com\/wp-content\/uploads\/2020\/04\/Car_Manufacturing_Volvo_1-1024x682.jpg\" alt=\"\" class=\"wp-image-1257712\"\/><figcaption>Les robots des usines s&rsquo;appr\u00eatent \u00e0 \u00eatre remis en route<br><\/figcaption><\/figure>\n\n\n\n<p>Un petit rayon de soleil parmi ce chaos\nest qu\u2019on peut s&rsquo;attendre \u00e0 ce que les fabricants n&rsquo;aient pas \u00e0 payer d&rsquo;amendes\nparce qu&rsquo;ils ont d\u00e9pass\u00e9 le seuil de CO2 fix\u00e9 par l&rsquo;Union europ\u00e9enne. Compte\ntenu de la baisse actuelle des ventes pour l&rsquo;instant, le COVID-19 a un fort\nimpact sur les quotas fix\u00e9s.&nbsp; Il est\ncertain que ce d\u00e9ficit ne sera pas compens\u00e9 en \u00e9vitant ces p\u00e9nalit\u00e9s. <\/p>\n\n\n\n<p>Le ralentissement de la production et donc des ventes impactent les recettes publiques provenant des taxes sur les voitures. Il en va de m\u00eame pour les droits d&rsquo;accise sur les carburants, dont les ventes ont chut\u00e9 de fa\u00e7on spectaculaire.<\/p>\n\n\n\n<p><strong>Barom\u00e8tre de la gestion de flotte automobile<\/strong><\/p>\n\n\n\n<p>Bon \u00e0 savoir est que le co\u00fbt de la flotte\npeut facilement repr\u00e9senter 20 % du co\u00fbt indirect au sein d\u2019une entreprise.\nC&rsquo;est souvent la cat\u00e9gorie financi\u00e8rement la plus pesante apr\u00e8s les salaires et\nl&rsquo;immobilier.<\/p>\n\n\n\n<p>D\u2019un point de vue location on observe sur\nune courte p\u00e9riode une hausse des co\u00fbts de la flotte de 10 \u00e0 15 % en raison de\nla volatilit\u00e9 des march\u00e9s financiers, de l&rsquo;instabilit\u00e9 des taux d&rsquo;int\u00e9r\u00eat et de\nl&rsquo;incertitude quant \u00e0 la valeur r\u00e9siduelle, ce qui a entra\u00een\u00e9 une baisse des\nnouveaux contrats aupr\u00e8s des loueurs. Nous observons quelques tendances sur\nbase d\u2019\u00e9tudes r\u00e9centes disponibles sur le march\u00e9 et corrobor\u00e9es par nos clients&nbsp;qui\nnous permettent de mieux cibler des actions \u00e0 court et moyen terme.<\/p>\n\n\n\n<p>Pr\u00e8s de 80% des responsables de flotte ont\ncommenc\u00e9 un travail d\u2019anticipation sur les impacts futurs tandis que 70%\nd\u2019entre eux estiment \u00eatre en qu\u00eate de conseils&nbsp;; 30% sont enclins \u00e0 lancer\ndes appels d\u2019offres&nbsp;et 50% requi\u00e8rent plus de communication. Dans le m\u00eame\ntemps, 30% des clients estiment une baisse du volume de leur flotte et ont\nd\u00e9cid\u00e9 de repousser la strat\u00e9gie d\u2019\u00e9lectrification de leur flotte.<\/p>\n\n\n\n<figure class=\"wp-block-image\"><img decoding=\"async\" src=\"https:\/\/www.link2fleet.com\/wp-content\/uploads\/2020\/03\/location-vehicule-professionnel.jpg\" alt=\"\" class=\"wp-image-1257103\"\/><figcaption>Plus de 80% des gestionnaires de flotte ont entam\u00e9 un travail d&rsquo;anticipation en relation avec les impacts de la crise Covid-19.<\/figcaption><\/figure>\n\n\n\n<p>Les actions prioritaires \u00e0 court et moyen\nterme que des responsables de flotte veulent mettre en place sont&nbsp;:<\/p>\n\n\n\n<ul class=\"wp-block-list\"><li>Economies (TCO) <\/li><li>Efficacit\u00e9 <\/li><li>R\u00e9vision de la Car\nPolicy<\/li><li>Nouvelles opportunit\u00e9s\nen Mobilit\u00e9<\/li><\/ul>\n\n\n\n<p><strong>Quelles opportunit\u00e9s s\u2019offrent aux soci\u00e9t\u00e9s ?<\/strong><\/p>\n\n\n\n<p>Notre premi\u00e8re priorit\u00e9 est de nous\nassurer que les membres de nos soci\u00e9t\u00e9s respectives puissent retravailler en toute\ns\u00e9curit\u00e9. Il faut pour cela leur fournir tous les outils n\u00e9cessaires pour\npermettre le t\u00e9l\u00e9travail \u2013 qui semble devoir se prolonger apr\u00e8s la crise &#8211; et\ncontinuer \u00e0 soutenir les projets en lien avec la mobilit\u00e9. En tant\nqu\u2019accompagnateurs, nous devons \u00eatre encore plus proches de nos clients et\nadapter la strat\u00e9gie en cons\u00e9quence, car nous ne savons pas combien de temps cette\ncrise peut durer.<\/p>\n\n\n\n<figure class=\"wp-block-image\"><img decoding=\"async\" src=\"https:\/\/www.link2fleet.com\/wp-content\/uploads\/2020\/03\/teletravail-1024x640.jpg\" alt=\"\" class=\"wp-image-1257045\"\/><figcaption>Le t\u00e9l\u00e9travail risque de devenir une donn\u00e9e importante dans la gestion d&rsquo;une flotte.<br><br><\/figcaption><\/figure>\n\n\n\n<p>Cette p\u00e9riode d&rsquo;incertitude exige de la\ntransparence et du calme de la part des chefs d&rsquo;entreprise. Les responsables de\nla flotte sont pour leur part actuellement occup\u00e9s par les op\u00e9rations\nquotidiennes. Leurs pr\u00e9occupations sont souvent des probl\u00e9matiques li\u00e9es au\ncourt terme. Dans cette p\u00e9riode in\u00e9dite et confuse, il semble plus que jamais\nimportant pour les gestionnaires de flotte de se tenir au courant de toute\nnouvelle \u00e9volution en gardant des liens \u00e9troits avec le secteur (constructeurs\nautomobiles, soci\u00e9t\u00e9s de leasing, compagnies de carburant, experts, etc.). <\/p>\n\n\n\n<p>La cons\u00e9quence premi\u00e8re de cette p\u00e9riode de turbulence est que leur parc automobile est beaucoup moins actif, ce qui entra\u00eenera in\u00e9vitablement une r\u00e9duction des co\u00fbts \u00e0 court terme (carburant, plus faible kilom\u00e9trage des contrats, gestion des accidents, prolongation des contrats) et vraisemblablement plus de \u2018temps libre\u2019.<\/p>\n\n\n\n<p>Ce \u2018temps libre\u2019 pourrait offrir la\npossibilit\u00e9 de repenser strat\u00e9giquement les diff\u00e9rents angles de la flotte tels\nque :<\/p>\n\n\n\n<ul class=\"wp-block-list\"><li>R\u00e9vision de la politique automobile dans son tout<\/li><li>\u00c9valuer les tendances du march\u00e9, benchmark et attrait du package<\/li><li>Prendre le temps d&rsquo;analyser les meilleures alternatives de motorisation\net leur impact fiscal (TCO complet)<\/li><li>Repenser l&rsquo;approche de la mobilit\u00e9 vu que la crise COVID-19 ouvre\n\u00e9videmment de nouvelles perspectives pour le salari\u00e9 et l&rsquo;entreprise.<\/li><\/ul>\n\n\n\n<p>Notre exp\u00e9rience actuelle et les\ncommentaires de nos clients vont dans le m\u00eame sens : <\/p>\n\n\n\n<ul class=\"wp-block-list\"><li>Agir maintenant<\/li><li>Adapter la strat\u00e9gie en cons\u00e9quence <\/li><li>Pr\u00e9parer le prochain \u00e9lan du \u2018Fleet&nbsp;&amp; Mobility\u2019<\/li><\/ul>\n\n\n\n<p>Dans ces temps difficiles, il est plus que jamais essentiel de pouvoir rester solidaires pour pouvoir relever les d\u00e9fis \u00e0 court et \u00e0 long terme. <\/p>\n\n\n\n<p>Il est \u00e0 noter qu\u2019Alain Duez partagera son\nexpertise et sa vision des opportunit\u00e9s \u2018fleet &amp; mobility\u2019 lors du\nwebinaire organis\u00e9 par link2fleet le jeudi 28 mai prochain. Tous les\nrenseignements et inscription gratuite via <a href=\"http:\/\/www.link2fleet.com\">www.link2fleet.com<\/a><\/p>\n","protected":false},"excerpt":{"rendered":"<p>La crise du coronavirus n&rsquo;\u00e9pargne personne, et certainement pas l&rsquo;industrie automobile et des flottes de v\u00e9hicules. Dans la situation actuelle, nous devons nous concentrer sur la sant\u00e9 des personnes tout en restant confiants car la panique n&rsquo;apporte jamais les bonnes solutions. En tant que professionnels, nous devons aborder correctement les cons\u00e9quences \u00e9conomiques en toute transparence [&hellip;]<\/p>\n","protected":false},"author":19,"featured_media":1823,"comment_status":"closed","ping_status":"closed","sticky":false,"template":"","format":"standard","meta":{"_acf_changed":false,"footnotes":""},"categories":[94,91],"tags":[],"class_list":["post-2293","post","type-post","status-publish","format-standard","has-post-thumbnail","hentry","category-consultancy-tax-legal","category-expertise-et-management"],"acf":[],"yoast_head":"<!-- This site is optimized with the Yoast SEO plugin v27.3 - https:\/\/yoast.com\/product\/yoast-seo-wordpress\/ -->\n<title>Covid-19 : carte blanche \u00e0 Alain Duez (Int\u2019l Senior Business Advisor): &quot;Une opportunit\u00e9 unique de faire bouger les choses&quot; - link2fleet<\/title>\n<meta name=\"description\" content=\"Apr\u00e8s 7 semaine de blocage total, la premi\u00e8re phase du d\u00e9confinement s\u2019amorce avec une industrie automobile qui se remet progressivement en route. Et cela dans\u2026\" \/>\n<meta name=\"robots\" content=\"index, follow, max-snippet:-1, max-image-preview:large, max-video-preview:-1\" \/>\n<meta property=\"og:locale\" content=\"fr_FR\" \/>\n<meta property=\"og:type\" content=\"article\" \/>\n<meta property=\"og:title\" content=\"Covid-19 : carte blanche \u00e0 Alain Duez (Int\u2019l Senior Business Advisor): &quot;Une opportunit\u00e9 unique de faire bouger les choses&quot; - link2fleet\" \/>\n<meta property=\"og:description\" content=\"Apr\u00e8s 7 semaine de blocage total, la premi\u00e8re phase du d\u00e9confinement s\u2019amorce avec une industrie automobile qui se remet progressivement en route. Et cela dans\u2026\" \/>\n<meta property=\"og:url\" content=\"https:\/\/www.link2fleet.com\/fr\/covid-19-carte-blanche-a-alain-duez-intl-senior-business-advisor-une-opportunite-unique-de-faire-bouger-les-choses\/\" \/>\n<meta property=\"og:site_name\" content=\"link2fleet\" \/>\n<meta property=\"article:published_time\" content=\"2020-04-30T07:35:55+00:00\" \/>\n<meta property=\"og:image\" content=\"https:\/\/static.link2fleet.com\/wp-content\/uploads\/2024\/03\/duez-e1588240603514.jpg\" \/>\n\t<meta property=\"og:image:width\" content=\"719\" \/>\n\t<meta property=\"og:image:height\" content=\"352\" \/>\n\t<meta property=\"og:image:type\" content=\"image\/jpeg\" \/>\n<meta name=\"author\" content=\"Marc Demoulin\" \/>\n<meta name=\"twitter:card\" content=\"summary_large_image\" \/>\n<meta name=\"twitter:description\" content=\"Apr\u00e8s 7 semaine de blocage total, la premi\u00e8re phase du d\u00e9confinement s\u2019amorce avec une industrie automobile qui se remet progressivement en route. Et cela dans\u2026\" \/>\n<meta name=\"twitter:label1\" content=\"\u00c9crit par\" \/>\n\t<meta name=\"twitter:data1\" content=\"Marc Demoulin\" \/>\n\t<meta name=\"twitter:label2\" content=\"Dur\u00e9e de lecture estim\u00e9e\" \/>\n\t<meta name=\"twitter:data2\" content=\"6 minutes\" \/>\n<script type=\"application\/ld+json\" class=\"yoast-schema-graph\">{\"@context\":\"https:\\\/\\\/schema.org\",\"@graph\":[{\"@type\":\"Article\",\"@id\":\"https:\\\/\\\/www.link2fleet.com\\\/fr\\\/covid-19-carte-blanche-a-alain-duez-intl-senior-business-advisor-une-opportunite-unique-de-faire-bouger-les-choses\\\/#article\",\"isPartOf\":{\"@id\":\"https:\\\/\\\/www.link2fleet.com\\\/fr\\\/covid-19-carte-blanche-a-alain-duez-intl-senior-business-advisor-une-opportunite-unique-de-faire-bouger-les-choses\\\/\"},\"author\":{\"name\":\"Marc Demoulin\",\"@id\":\"https:\\\/\\\/www.link2fleet.com\\\/fr\\\/#\\\/schema\\\/person\\\/be5c57fc3d8ec765f7f536ffa2d67457\"},\"headline\":\"Covid-19 : carte blanche \u00e0 Alain Duez (Int\u2019l Senior Business Advisor): \u00ab\u00a0Une opportunit\u00e9 unique de faire bouger les choses\u00a0\u00bb\",\"datePublished\":\"2020-04-30T07:35:55+00:00\",\"mainEntityOfPage\":{\"@id\":\"https:\\\/\\\/www.link2fleet.com\\\/fr\\\/covid-19-carte-blanche-a-alain-duez-intl-senior-business-advisor-une-opportunite-unique-de-faire-bouger-les-choses\\\/\"},\"wordCount\":1197,\"publisher\":{\"@id\":\"https:\\\/\\\/www.link2fleet.com\\\/fr\\\/#organization\"},\"image\":{\"@id\":\"https:\\\/\\\/www.link2fleet.com\\\/fr\\\/covid-19-carte-blanche-a-alain-duez-intl-senior-business-advisor-une-opportunite-unique-de-faire-bouger-les-choses\\\/#primaryimage\"},\"thumbnailUrl\":\"https:\\\/\\\/static.link2fleet.com\\\/wp-content\\\/uploads\\\/2024\\\/03\\\/duez-e1588240603514.jpg\",\"articleSection\":[\"Consultance et fleet management\",\"Gestion de flotte\"],\"inLanguage\":\"fr-FR\"},{\"@type\":\"WebPage\",\"@id\":\"https:\\\/\\\/www.link2fleet.com\\\/fr\\\/covid-19-carte-blanche-a-alain-duez-intl-senior-business-advisor-une-opportunite-unique-de-faire-bouger-les-choses\\\/\",\"url\":\"https:\\\/\\\/www.link2fleet.com\\\/fr\\\/covid-19-carte-blanche-a-alain-duez-intl-senior-business-advisor-une-opportunite-unique-de-faire-bouger-les-choses\\\/\",\"name\":\"Covid-19 : carte blanche \u00e0 Alain Duez (Int\u2019l Senior Business Advisor): \\\"Une opportunit\u00e9 unique de faire bouger les choses\\\" - link2fleet\",\"isPartOf\":{\"@id\":\"https:\\\/\\\/www.link2fleet.com\\\/fr\\\/#website\"},\"primaryImageOfPage\":{\"@id\":\"https:\\\/\\\/www.link2fleet.com\\\/fr\\\/covid-19-carte-blanche-a-alain-duez-intl-senior-business-advisor-une-opportunite-unique-de-faire-bouger-les-choses\\\/#primaryimage\"},\"image\":{\"@id\":\"https:\\\/\\\/www.link2fleet.com\\\/fr\\\/covid-19-carte-blanche-a-alain-duez-intl-senior-business-advisor-une-opportunite-unique-de-faire-bouger-les-choses\\\/#primaryimage\"},\"thumbnailUrl\":\"https:\\\/\\\/static.link2fleet.com\\\/wp-content\\\/uploads\\\/2024\\\/03\\\/duez-e1588240603514.jpg\",\"datePublished\":\"2020-04-30T07:35:55+00:00\",\"breadcrumb\":{\"@id\":\"https:\\\/\\\/www.link2fleet.com\\\/fr\\\/covid-19-carte-blanche-a-alain-duez-intl-senior-business-advisor-une-opportunite-unique-de-faire-bouger-les-choses\\\/#breadcrumb\"},\"inLanguage\":\"fr-FR\",\"potentialAction\":[{\"@type\":\"ReadAction\",\"target\":[\"https:\\\/\\\/www.link2fleet.com\\\/fr\\\/covid-19-carte-blanche-a-alain-duez-intl-senior-business-advisor-une-opportunite-unique-de-faire-bouger-les-choses\\\/\"]}]},{\"@type\":\"ImageObject\",\"inLanguage\":\"fr-FR\",\"@id\":\"https:\\\/\\\/www.link2fleet.com\\\/fr\\\/covid-19-carte-blanche-a-alain-duez-intl-senior-business-advisor-une-opportunite-unique-de-faire-bouger-les-choses\\\/#primaryimage\",\"url\":\"https:\\\/\\\/static.link2fleet.com\\\/wp-content\\\/uploads\\\/2024\\\/03\\\/duez-e1588240603514.jpg\",\"contentUrl\":\"https:\\\/\\\/static.link2fleet.com\\\/wp-content\\\/uploads\\\/2024\\\/03\\\/duez-e1588240603514.jpg\",\"width\":719,\"height\":352,\"caption\":\"|Car manufacturing underway at Luqiao manufacturing plant in China|Car manufacturing underway at Luqiao manufacturing plant in China||\"},{\"@type\":\"BreadcrumbList\",\"@id\":\"https:\\\/\\\/www.link2fleet.com\\\/fr\\\/covid-19-carte-blanche-a-alain-duez-intl-senior-business-advisor-une-opportunite-unique-de-faire-bouger-les-choses\\\/#breadcrumb\",\"itemListElement\":[{\"@type\":\"ListItem\",\"position\":1,\"name\":\"Home\",\"item\":\"https:\\\/\\\/www.link2fleet.com\\\/fr\\\/\"},{\"@type\":\"ListItem\",\"position\":2,\"name\":\"Covid-19 : carte blanche \u00e0 Alain Duez (Int\u2019l Senior Business Advisor): &#8220;Une opportunit\u00e9 unique de faire bouger les choses&#8221;\"}]},{\"@type\":\"WebSite\",\"@id\":\"https:\\\/\\\/www.link2fleet.com\\\/fr\\\/#website\",\"url\":\"https:\\\/\\\/www.link2fleet.com\\\/fr\\\/\",\"name\":\"Link2fleet\",\"description\":\"\",\"publisher\":{\"@id\":\"https:\\\/\\\/www.link2fleet.com\\\/fr\\\/#organization\"},\"potentialAction\":[{\"@type\":\"SearchAction\",\"target\":{\"@type\":\"EntryPoint\",\"urlTemplate\":\"https:\\\/\\\/www.link2fleet.com\\\/fr\\\/?s={search_term_string}\"},\"query-input\":{\"@type\":\"PropertyValueSpecification\",\"valueRequired\":true,\"valueName\":\"search_term_string\"}}],\"inLanguage\":\"fr-FR\"},{\"@type\":\"Organization\",\"@id\":\"https:\\\/\\\/www.link2fleet.com\\\/fr\\\/#organization\",\"name\":\"Link2fleet\",\"url\":\"https:\\\/\\\/www.link2fleet.com\\\/fr\\\/\",\"logo\":{\"@type\":\"ImageObject\",\"inLanguage\":\"fr-FR\",\"@id\":\"https:\\\/\\\/www.link2fleet.com\\\/fr\\\/#\\\/schema\\\/logo\\\/image\\\/\",\"url\":\"https:\\\/\\\/static.link2fleet.com\\\/wp-content\\\/uploads\\\/2024\\\/03\\\/share-image.jpg\",\"contentUrl\":\"https:\\\/\\\/static.link2fleet.com\\\/wp-content\\\/uploads\\\/2024\\\/03\\\/share-image.jpg\",\"width\":1200,\"height\":630,\"caption\":\"Link2fleet\"},\"image\":{\"@id\":\"https:\\\/\\\/www.link2fleet.com\\\/fr\\\/#\\\/schema\\\/logo\\\/image\\\/\"},\"sameAs\":[\"https:\\\/\\\/www.linkedin.com\\\/company\\\/link2fleet-belgium\",\"https:\\\/\\\/www.youtube.com\\\/user\\\/MMMBMBE\"]},{\"@type\":\"Person\",\"@id\":\"https:\\\/\\\/www.link2fleet.com\\\/fr\\\/#\\\/schema\\\/person\\\/be5c57fc3d8ec765f7f536ffa2d67457\",\"name\":\"Marc Demoulin\",\"image\":{\"@type\":\"ImageObject\",\"inLanguage\":\"fr-FR\",\"@id\":\"https:\\\/\\\/secure.gravatar.com\\\/avatar\\\/a87df2253d2615844817d0a7f244258741572a74e0c35a309fca2badab9f30e7?s=96&d=mm&r=g\",\"url\":\"https:\\\/\\\/secure.gravatar.com\\\/avatar\\\/a87df2253d2615844817d0a7f244258741572a74e0c35a309fca2badab9f30e7?s=96&d=mm&r=g\",\"contentUrl\":\"https:\\\/\\\/secure.gravatar.com\\\/avatar\\\/a87df2253d2615844817d0a7f244258741572a74e0c35a309fca2badab9f30e7?s=96&d=mm&r=g\",\"caption\":\"Marc Demoulin\"}}]}<\/script>\n<!-- \/ Yoast SEO plugin. -->","yoast_head_json":{"title":"Covid-19 : carte blanche \u00e0 Alain Duez (Int\u2019l Senior Business Advisor): \"Une opportunit\u00e9 unique de faire bouger les choses\" - link2fleet","description":"Apr\u00e8s 7 semaine de blocage total, la premi\u00e8re phase du d\u00e9confinement s\u2019amorce avec une industrie automobile qui se remet progressivement en route. Et cela dans\u2026","robots":{"index":"index","follow":"follow","max-snippet":"max-snippet:-1","max-image-preview":"max-image-preview:large","max-video-preview":"max-video-preview:-1"},"og_locale":"fr_FR","og_type":"article","og_title":"Covid-19 : carte blanche \u00e0 Alain Duez (Int\u2019l Senior Business Advisor): \"Une opportunit\u00e9 unique de faire bouger les choses\" - link2fleet","og_description":"Apr\u00e8s 7 semaine de blocage total, la premi\u00e8re phase du d\u00e9confinement s\u2019amorce avec une industrie automobile qui se remet progressivement en route. Et cela dans\u2026","og_url":"https:\/\/www.link2fleet.com\/fr\/covid-19-carte-blanche-a-alain-duez-intl-senior-business-advisor-une-opportunite-unique-de-faire-bouger-les-choses\/","og_site_name":"link2fleet","article_published_time":"2020-04-30T07:35:55+00:00","og_image":[{"width":719,"height":352,"url":"https:\/\/static.link2fleet.com\/wp-content\/uploads\/2024\/03\/duez-e1588240603514.jpg","type":"image\/jpeg"}],"author":"Marc Demoulin","twitter_card":"summary_large_image","twitter_description":"Apr\u00e8s 7 semaine de blocage total, la premi\u00e8re phase du d\u00e9confinement s\u2019amorce avec une industrie automobile qui se remet progressivement en route. Et cela dans\u2026","twitter_misc":{"\u00c9crit par":"Marc Demoulin","Dur\u00e9e de lecture estim\u00e9e":"6 minutes"},"schema":{"@context":"https:\/\/schema.org","@graph":[{"@type":"Article","@id":"https:\/\/www.link2fleet.com\/fr\/covid-19-carte-blanche-a-alain-duez-intl-senior-business-advisor-une-opportunite-unique-de-faire-bouger-les-choses\/#article","isPartOf":{"@id":"https:\/\/www.link2fleet.com\/fr\/covid-19-carte-blanche-a-alain-duez-intl-senior-business-advisor-une-opportunite-unique-de-faire-bouger-les-choses\/"},"author":{"name":"Marc Demoulin","@id":"https:\/\/www.link2fleet.com\/fr\/#\/schema\/person\/be5c57fc3d8ec765f7f536ffa2d67457"},"headline":"Covid-19 : carte blanche \u00e0 Alain Duez (Int\u2019l Senior Business Advisor): \u00ab\u00a0Une opportunit\u00e9 unique de faire bouger les choses\u00a0\u00bb","datePublished":"2020-04-30T07:35:55+00:00","mainEntityOfPage":{"@id":"https:\/\/www.link2fleet.com\/fr\/covid-19-carte-blanche-a-alain-duez-intl-senior-business-advisor-une-opportunite-unique-de-faire-bouger-les-choses\/"},"wordCount":1197,"publisher":{"@id":"https:\/\/www.link2fleet.com\/fr\/#organization"},"image":{"@id":"https:\/\/www.link2fleet.com\/fr\/covid-19-carte-blanche-a-alain-duez-intl-senior-business-advisor-une-opportunite-unique-de-faire-bouger-les-choses\/#primaryimage"},"thumbnailUrl":"https:\/\/static.link2fleet.com\/wp-content\/uploads\/2024\/03\/duez-e1588240603514.jpg","articleSection":["Consultance et fleet management","Gestion de flotte"],"inLanguage":"fr-FR"},{"@type":"WebPage","@id":"https:\/\/www.link2fleet.com\/fr\/covid-19-carte-blanche-a-alain-duez-intl-senior-business-advisor-une-opportunite-unique-de-faire-bouger-les-choses\/","url":"https:\/\/www.link2fleet.com\/fr\/covid-19-carte-blanche-a-alain-duez-intl-senior-business-advisor-une-opportunite-unique-de-faire-bouger-les-choses\/","name":"Covid-19 : carte blanche \u00e0 Alain Duez (Int\u2019l Senior Business Advisor): \"Une opportunit\u00e9 unique de faire bouger les choses\" - link2fleet","isPartOf":{"@id":"https:\/\/www.link2fleet.com\/fr\/#website"},"primaryImageOfPage":{"@id":"https:\/\/www.link2fleet.com\/fr\/covid-19-carte-blanche-a-alain-duez-intl-senior-business-advisor-une-opportunite-unique-de-faire-bouger-les-choses\/#primaryimage"},"image":{"@id":"https:\/\/www.link2fleet.com\/fr\/covid-19-carte-blanche-a-alain-duez-intl-senior-business-advisor-une-opportunite-unique-de-faire-bouger-les-choses\/#primaryimage"},"thumbnailUrl":"https:\/\/static.link2fleet.com\/wp-content\/uploads\/2024\/03\/duez-e1588240603514.jpg","datePublished":"2020-04-30T07:35:55+00:00","breadcrumb":{"@id":"https:\/\/www.link2fleet.com\/fr\/covid-19-carte-blanche-a-alain-duez-intl-senior-business-advisor-une-opportunite-unique-de-faire-bouger-les-choses\/#breadcrumb"},"inLanguage":"fr-FR","potentialAction":[{"@type":"ReadAction","target":["https:\/\/www.link2fleet.com\/fr\/covid-19-carte-blanche-a-alain-duez-intl-senior-business-advisor-une-opportunite-unique-de-faire-bouger-les-choses\/"]}]},{"@type":"ImageObject","inLanguage":"fr-FR","@id":"https:\/\/www.link2fleet.com\/fr\/covid-19-carte-blanche-a-alain-duez-intl-senior-business-advisor-une-opportunite-unique-de-faire-bouger-les-choses\/#primaryimage","url":"https:\/\/static.link2fleet.com\/wp-content\/uploads\/2024\/03\/duez-e1588240603514.jpg","contentUrl":"https:\/\/static.link2fleet.com\/wp-content\/uploads\/2024\/03\/duez-e1588240603514.jpg","width":719,"height":352,"caption":"|Car manufacturing underway at Luqiao manufacturing plant in China|Car manufacturing underway at Luqiao manufacturing plant in China||"},{"@type":"BreadcrumbList","@id":"https:\/\/www.link2fleet.com\/fr\/covid-19-carte-blanche-a-alain-duez-intl-senior-business-advisor-une-opportunite-unique-de-faire-bouger-les-choses\/#breadcrumb","itemListElement":[{"@type":"ListItem","position":1,"name":"Home","item":"https:\/\/www.link2fleet.com\/fr\/"},{"@type":"ListItem","position":2,"name":"Covid-19 : carte blanche \u00e0 Alain Duez (Int\u2019l Senior Business Advisor): &#8220;Une opportunit\u00e9 unique de faire bouger les choses&#8221;"}]},{"@type":"WebSite","@id":"https:\/\/www.link2fleet.com\/fr\/#website","url":"https:\/\/www.link2fleet.com\/fr\/","name":"Link2fleet","description":"","publisher":{"@id":"https:\/\/www.link2fleet.com\/fr\/#organization"},"potentialAction":[{"@type":"SearchAction","target":{"@type":"EntryPoint","urlTemplate":"https:\/\/www.link2fleet.com\/fr\/?s={search_term_string}"},"query-input":{"@type":"PropertyValueSpecification","valueRequired":true,"valueName":"search_term_string"}}],"inLanguage":"fr-FR"},{"@type":"Organization","@id":"https:\/\/www.link2fleet.com\/fr\/#organization","name":"Link2fleet","url":"https:\/\/www.link2fleet.com\/fr\/","logo":{"@type":"ImageObject","inLanguage":"fr-FR","@id":"https:\/\/www.link2fleet.com\/fr\/#\/schema\/logo\/image\/","url":"https:\/\/static.link2fleet.com\/wp-content\/uploads\/2024\/03\/share-image.jpg","contentUrl":"https:\/\/static.link2fleet.com\/wp-content\/uploads\/2024\/03\/share-image.jpg","width":1200,"height":630,"caption":"Link2fleet"},"image":{"@id":"https:\/\/www.link2fleet.com\/fr\/#\/schema\/logo\/image\/"},"sameAs":["https:\/\/www.linkedin.com\/company\/link2fleet-belgium","https:\/\/www.youtube.com\/user\/MMMBMBE"]},{"@type":"Person","@id":"https:\/\/www.link2fleet.com\/fr\/#\/schema\/person\/be5c57fc3d8ec765f7f536ffa2d67457","name":"Marc Demoulin","image":{"@type":"ImageObject","inLanguage":"fr-FR","@id":"https:\/\/secure.gravatar.com\/avatar\/a87df2253d2615844817d0a7f244258741572a74e0c35a309fca2badab9f30e7?s=96&d=mm&r=g","url":"https:\/\/secure.gravatar.com\/avatar\/a87df2253d2615844817d0a7f244258741572a74e0c35a309fca2badab9f30e7?s=96&d=mm&r=g","contentUrl":"https:\/\/secure.gravatar.com\/avatar\/a87df2253d2615844817d0a7f244258741572a74e0c35a309fca2badab9f30e7?s=96&d=mm&r=g","caption":"Marc Demoulin"}}]}},"_links":{"self":[{"href":"https:\/\/www.link2fleet.com\/fr\/wp-json\/wp\/v2\/posts\/2293","targetHints":{"allow":["GET"]}}],"collection":[{"href":"https:\/\/www.link2fleet.com\/fr\/wp-json\/wp\/v2\/posts"}],"about":[{"href":"https:\/\/www.link2fleet.com\/fr\/wp-json\/wp\/v2\/types\/post"}],"author":[{"embeddable":true,"href":"https:\/\/www.link2fleet.com\/fr\/wp-json\/wp\/v2\/users\/19"}],"replies":[{"embeddable":true,"href":"https:\/\/www.link2fleet.com\/fr\/wp-json\/wp\/v2\/comments?post=2293"}],"version-history":[{"count":0,"href":"https:\/\/www.link2fleet.com\/fr\/wp-json\/wp\/v2\/posts\/2293\/revisions"}],"wp:featuredmedia":[{"embeddable":true,"href":"https:\/\/www.link2fleet.com\/fr\/wp-json\/wp\/v2\/media\/1823"}],"wp:attachment":[{"href":"https:\/\/www.link2fleet.com\/fr\/wp-json\/wp\/v2\/media?parent=2293"}],"wp:term":[{"taxonomy":"category","embeddable":true,"href":"https:\/\/www.link2fleet.com\/fr\/wp-json\/wp\/v2\/categories?post=2293"},{"taxonomy":"post_tag","embeddable":true,"href":"https:\/\/www.link2fleet.com\/fr\/wp-json\/wp\/v2\/tags?post=2293"}],"curies":[{"name":"wp","href":"https:\/\/api.w.org\/{rel}","templated":true}]}}