{"id":2314,"date":"2020-05-06T14:12:32","date_gmt":"2020-05-06T12:12:32","guid":{"rendered":"https:\/\/www.link2fleet.com\/a-partir-de-2025-seules-les-voitures-ecologiques-seront-encore-deductibles\/"},"modified":"2020-05-06T14:12:32","modified_gmt":"2020-05-06T12:12:32","slug":"a-partir-de-2025-seules-les-voitures-ecologiques-seront-encore-deductibles","status":"publish","type":"post","link":"https:\/\/www.link2fleet.com\/fr\/a-partir-de-2025-seules-les-voitures-ecologiques-seront-encore-deductibles\/","title":{"rendered":"A partir de 2025, seules les voitures \u00e9cologiques seront encore d\u00e9ductibles"},"content":{"rendered":"\n<p>Toutes les voitures de soci\u00e9t\u00e9 \u00e0 moteur fossile immatricul\u00e9es \u00e0 partir de 2025 seraient concern\u00e9es par cette mesure. Toutefois, les v\u00e9hicules qui seraient mis en service entre 2023 et 2025 pourraient encore b\u00e9n\u00e9ficier du r\u00e9gime fiscal actuel jusqu&rsquo;en 2029, sous r\u00e9serve d&rsquo;un certain nombre d&rsquo;ajustements fiscaux. <\/p>\n\n<figure class=\"wp-block-image\"><img decoding=\"async\" src=\"https:\/\/www.link2fleet.com\/wp-content\/uploads\/2019\/08\/voiture-electrique-xs.jpg\" alt=\"\" class=\"wp-image-1249055\"><figcaption>Le gouvernement Flamand pr\u00f4ne clairement une acc\u00e9l\u00e9ration de la strat\u00e9gie d&rsquo;\u00e9lectrification<\/figcaption><\/figure>\n<p>Selon Dieter Van Besien (Groen), la proposition sera expliqu\u00e9e dans l&rsquo;h\u00e9micycle la semaine prochaine. La N-VA a d\u00e9j\u00e0 annonc\u00e9 qu&rsquo;elle ne soutiendra pas la proposition et s&rsquo;abstiendra probablement. Entre-temps, de nombreuses critiques peuvent d\u00e9j\u00e0 \u00eatre entendues en raison du calendrier malheureux et de la nature arbitraire de la mesure propos\u00e9e. La proposition actuelle est tout \u00e0 fait conforme aux propositions qui ont \u00e9t\u00e9 soumises \u00e0 la Chambre l&rsquo;ann\u00e9e derni\u00e8re mais qui n&rsquo;ont pas encore \u00e9t\u00e9 discut\u00e9es en profondeur.  Traduit avec www.DeepL.com\/Translator (version gratuite)<\/p>\n\n<p><strong>L&rsquo;exemple allemand<\/strong><\/p>\n\n<p>En Allemagne, la chanceli\u00e8re Merkel devra donner son avis sur les primes d&rsquo;achat temporaires pour le secteur automobile au d\u00e9but du mois de juin de cette ann\u00e9e. Le parti vert allemand insiste sur le fait que seuls les v\u00e9hicules respectueux de l&rsquo;environnement devraient en b\u00e9n\u00e9ficier. La proposition sur la table aujourd&rsquo;hui en Allemagne concerne une prime d&rsquo;achat de 3.000 euros pour l&rsquo;essence et les diesels modernes norm\u00e9s 6d-Temp. Pour les hybrides rechargeables, les v\u00e9hicules 100 % \u00e9lectriques et les v\u00e9hicules \u00e0 hydrog\u00e8ne, la prime d&rsquo;achat pourrait s&rsquo;\u00e9lever \u00e0 4.000 euros. Cette prime s&rsquo;appliquerait en plus des r\u00e9gimes de primes existants. Les fabricants allemands insistent pour que les stocks existants soient rapidement \u00e9limin\u00e9s. Pour rappel, \u00e0 la fin de l&rsquo;ann\u00e9e derni\u00e8re, le gouvernement flamand a supprim\u00e9 la prime \u00e0 l&rsquo;achat pour les particuliers pour les v\u00e9hicules 100 % \u00e9lectriques.<\/p>\n","protected":false},"excerpt":{"rendered":"<p>Toutes les voitures de soci\u00e9t\u00e9 \u00e0 moteur fossile immatricul\u00e9es \u00e0 partir de 2025 seraient concern\u00e9es par cette mesure. Toutefois, les v\u00e9hicules qui seraient mis en service entre 2023 et 2025 pourraient encore b\u00e9n\u00e9ficier du r\u00e9gime fiscal actuel jusqu&rsquo;en 2029, sous r\u00e9serve d&rsquo;un certain nombre d&rsquo;ajustements fiscaux. Selon Dieter Van Besien (Groen), la proposition sera expliqu\u00e9e [&hellip;]<\/p>\n","protected":false},"author":11,"featured_media":2315,"comment_status":"closed","ping_status":"closed","sticky":false,"template":"","format":"standard","meta":{"_acf_changed":false,"footnotes":""},"categories":[91,101],"tags":[],"class_list":["post-2314","post","type-post","status-publish","format-standard","has-post-thumbnail","hentry","category-expertise-et-management","category-tax-legal"],"acf":[],"yoast_head":"<!-- This site is optimized with the Yoast SEO plugin v27.3 - https:\/\/yoast.com\/product\/yoast-seo-wordpress\/ -->\n<title>A partir de 2025, seules les voitures \u00e9cologiques seront encore d\u00e9ductibles - link2fleet<\/title>\n<meta name=\"description\" content=\"Selon diverses sources, CD&#038;V, Open Vld et Groen seraient pr\u00eats \u00e0 mettre fin \u00e0 l&rsquo;actuel r\u00e9gime fiscal avantageux pour les voitures de soci\u00e9t\u00e9 fonctionnant aux\u2026\" \/>\n<meta name=\"robots\" content=\"index, follow, max-snippet:-1, max-image-preview:large, max-video-preview:-1\" \/>\n<meta property=\"og:locale\" content=\"fr_FR\" \/>\n<meta property=\"og:type\" content=\"article\" \/>\n<meta property=\"og:title\" content=\"A partir de 2025, seules les voitures \u00e9cologiques seront encore d\u00e9ductibles - link2fleet\" \/>\n<meta property=\"og:description\" content=\"Selon diverses sources, CD&#038;V, Open Vld et Groen seraient pr\u00eats \u00e0 mettre fin \u00e0 l&rsquo;actuel r\u00e9gime fiscal avantageux pour les voitures de soci\u00e9t\u00e9 fonctionnant aux\u2026\" \/>\n<meta property=\"og:url\" content=\"https:\/\/www.link2fleet.com\/fr\/a-partir-de-2025-seules-les-voitures-ecologiques-seront-encore-deductibles\/\" \/>\n<meta property=\"og:site_name\" content=\"link2fleet\" \/>\n<meta property=\"article:published_time\" content=\"2020-05-06T12:12:32+00:00\" \/>\n<meta property=\"og:image\" content=\"https:\/\/static.link2fleet.com\/wp-content\/uploads\/2024\/03\/1407502335-voiture-electrique1.jpg\" \/>\n\t<meta property=\"og:image:width\" content=\"500\" \/>\n\t<meta property=\"og:image:height\" content=\"235\" \/>\n\t<meta property=\"og:image:type\" content=\"image\/jpeg\" \/>\n<meta name=\"author\" content=\"Michel Willems - Mobilitas\" \/>\n<meta name=\"twitter:card\" content=\"summary_large_image\" \/>\n<meta name=\"twitter:description\" content=\"Selon diverses sources, CD&#038;V, Open Vld et Groen seraient pr\u00eats \u00e0 mettre fin \u00e0 l&rsquo;actuel r\u00e9gime fiscal avantageux pour les voitures de soci\u00e9t\u00e9 fonctionnant aux\u2026\" \/>\n<meta name=\"twitter:label1\" content=\"\u00c9crit par\" \/>\n\t<meta name=\"twitter:data1\" content=\"Michel Willems - Mobilitas\" \/>\n\t<meta name=\"twitter:label2\" content=\"Dur\u00e9e de lecture estim\u00e9e\" \/>\n\t<meta name=\"twitter:data2\" content=\"2 minutes\" \/>\n<script type=\"application\/ld+json\" class=\"yoast-schema-graph\">{\"@context\":\"https:\\\/\\\/schema.org\",\"@graph\":[{\"@type\":\"Article\",\"@id\":\"https:\\\/\\\/www.link2fleet.com\\\/fr\\\/a-partir-de-2025-seules-les-voitures-ecologiques-seront-encore-deductibles\\\/#article\",\"isPartOf\":{\"@id\":\"https:\\\/\\\/www.link2fleet.com\\\/fr\\\/a-partir-de-2025-seules-les-voitures-ecologiques-seront-encore-deductibles\\\/\"},\"author\":{\"name\":\"Michel Willems - Mobilitas\",\"@id\":\"https:\\\/\\\/www.link2fleet.com\\\/fr\\\/#\\\/schema\\\/person\\\/bd29f6a2c2427e85a70d3acf17303486\"},\"headline\":\"A partir de 2025, seules les voitures \u00e9cologiques seront encore d\u00e9ductibles\",\"datePublished\":\"2020-05-06T12:12:32+00:00\",\"mainEntityOfPage\":{\"@id\":\"https:\\\/\\\/www.link2fleet.com\\\/fr\\\/a-partir-de-2025-seules-les-voitures-ecologiques-seront-encore-deductibles\\\/\"},\"wordCount\":331,\"publisher\":{\"@id\":\"https:\\\/\\\/www.link2fleet.com\\\/fr\\\/#organization\"},\"image\":{\"@id\":\"https:\\\/\\\/www.link2fleet.com\\\/fr\\\/a-partir-de-2025-seules-les-voitures-ecologiques-seront-encore-deductibles\\\/#primaryimage\"},\"thumbnailUrl\":\"https:\\\/\\\/static.link2fleet.com\\\/wp-content\\\/uploads\\\/2024\\\/03\\\/1407502335-voiture-electrique1.jpg\",\"articleSection\":[\"Gestion de flotte\",\"Tax &amp; legal\"],\"inLanguage\":\"fr-FR\"},{\"@type\":\"WebPage\",\"@id\":\"https:\\\/\\\/www.link2fleet.com\\\/fr\\\/a-partir-de-2025-seules-les-voitures-ecologiques-seront-encore-deductibles\\\/\",\"url\":\"https:\\\/\\\/www.link2fleet.com\\\/fr\\\/a-partir-de-2025-seules-les-voitures-ecologiques-seront-encore-deductibles\\\/\",\"name\":\"A partir de 2025, seules les voitures \u00e9cologiques seront encore d\u00e9ductibles - link2fleet\",\"isPartOf\":{\"@id\":\"https:\\\/\\\/www.link2fleet.com\\\/fr\\\/#website\"},\"primaryImageOfPage\":{\"@id\":\"https:\\\/\\\/www.link2fleet.com\\\/fr\\\/a-partir-de-2025-seules-les-voitures-ecologiques-seront-encore-deductibles\\\/#primaryimage\"},\"image\":{\"@id\":\"https:\\\/\\\/www.link2fleet.com\\\/fr\\\/a-partir-de-2025-seules-les-voitures-ecologiques-seront-encore-deductibles\\\/#primaryimage\"},\"thumbnailUrl\":\"https:\\\/\\\/static.link2fleet.com\\\/wp-content\\\/uploads\\\/2024\\\/03\\\/1407502335-voiture-electrique1.jpg\",\"datePublished\":\"2020-05-06T12:12:32+00:00\",\"breadcrumb\":{\"@id\":\"https:\\\/\\\/www.link2fleet.com\\\/fr\\\/a-partir-de-2025-seules-les-voitures-ecologiques-seront-encore-deductibles\\\/#breadcrumb\"},\"inLanguage\":\"fr-FR\",\"potentialAction\":[{\"@type\":\"ReadAction\",\"target\":[\"https:\\\/\\\/www.link2fleet.com\\\/fr\\\/a-partir-de-2025-seules-les-voitures-ecologiques-seront-encore-deductibles\\\/\"]}]},{\"@type\":\"ImageObject\",\"inLanguage\":\"fr-FR\",\"@id\":\"https:\\\/\\\/www.link2fleet.com\\\/fr\\\/a-partir-de-2025-seules-les-voitures-ecologiques-seront-encore-deductibles\\\/#primaryimage\",\"url\":\"https:\\\/\\\/static.link2fleet.com\\\/wp-content\\\/uploads\\\/2024\\\/03\\\/1407502335-voiture-electrique1.jpg\",\"contentUrl\":\"https:\\\/\\\/static.link2fleet.com\\\/wp-content\\\/uploads\\\/2024\\\/03\\\/1407502335-voiture-electrique1.jpg\",\"width\":500,\"height\":235},{\"@type\":\"BreadcrumbList\",\"@id\":\"https:\\\/\\\/www.link2fleet.com\\\/fr\\\/a-partir-de-2025-seules-les-voitures-ecologiques-seront-encore-deductibles\\\/#breadcrumb\",\"itemListElement\":[{\"@type\":\"ListItem\",\"position\":1,\"name\":\"Home\",\"item\":\"https:\\\/\\\/www.link2fleet.com\\\/fr\\\/\"},{\"@type\":\"ListItem\",\"position\":2,\"name\":\"A partir de 2025, seules les voitures \u00e9cologiques seront encore d\u00e9ductibles\"}]},{\"@type\":\"WebSite\",\"@id\":\"https:\\\/\\\/www.link2fleet.com\\\/fr\\\/#website\",\"url\":\"https:\\\/\\\/www.link2fleet.com\\\/fr\\\/\",\"name\":\"Link2fleet\",\"description\":\"\",\"publisher\":{\"@id\":\"https:\\\/\\\/www.link2fleet.com\\\/fr\\\/#organization\"},\"potentialAction\":[{\"@type\":\"SearchAction\",\"target\":{\"@type\":\"EntryPoint\",\"urlTemplate\":\"https:\\\/\\\/www.link2fleet.com\\\/fr\\\/?s={search_term_string}\"},\"query-input\":{\"@type\":\"PropertyValueSpecification\",\"valueRequired\":true,\"valueName\":\"search_term_string\"}}],\"inLanguage\":\"fr-FR\"},{\"@type\":\"Organization\",\"@id\":\"https:\\\/\\\/www.link2fleet.com\\\/fr\\\/#organization\",\"name\":\"Link2fleet\",\"url\":\"https:\\\/\\\/www.link2fleet.com\\\/fr\\\/\",\"logo\":{\"@type\":\"ImageObject\",\"inLanguage\":\"fr-FR\",\"@id\":\"https:\\\/\\\/www.link2fleet.com\\\/fr\\\/#\\\/schema\\\/logo\\\/image\\\/\",\"url\":\"https:\\\/\\\/static.link2fleet.com\\\/wp-content\\\/uploads\\\/2024\\\/03\\\/share-image.jpg\",\"contentUrl\":\"https:\\\/\\\/static.link2fleet.com\\\/wp-content\\\/uploads\\\/2024\\\/03\\\/share-image.jpg\",\"width\":1200,\"height\":630,\"caption\":\"Link2fleet\"},\"image\":{\"@id\":\"https:\\\/\\\/www.link2fleet.com\\\/fr\\\/#\\\/schema\\\/logo\\\/image\\\/\"},\"sameAs\":[\"https:\\\/\\\/www.linkedin.com\\\/company\\\/link2fleet-belgium\",\"https:\\\/\\\/www.youtube.com\\\/user\\\/MMMBMBE\"]},{\"@type\":\"Person\",\"@id\":\"https:\\\/\\\/www.link2fleet.com\\\/fr\\\/#\\\/schema\\\/person\\\/bd29f6a2c2427e85a70d3acf17303486\",\"name\":\"Michel Willems - Mobilitas\",\"image\":{\"@type\":\"ImageObject\",\"inLanguage\":\"fr-FR\",\"@id\":\"https:\\\/\\\/secure.gravatar.com\\\/avatar\\\/c937de514893d5b69b3b52ee88664fd4879b786925b6742dc7891d347f167414?s=96&d=mm&r=g\",\"url\":\"https:\\\/\\\/secure.gravatar.com\\\/avatar\\\/c937de514893d5b69b3b52ee88664fd4879b786925b6742dc7891d347f167414?s=96&d=mm&r=g\",\"contentUrl\":\"https:\\\/\\\/secure.gravatar.com\\\/avatar\\\/c937de514893d5b69b3b52ee88664fd4879b786925b6742dc7891d347f167414?s=96&d=mm&r=g\",\"caption\":\"Michel Willems - Mobilitas\"}}]}<\/script>\n<!-- \/ Yoast SEO plugin. -->","yoast_head_json":{"title":"A partir de 2025, seules les voitures \u00e9cologiques seront encore d\u00e9ductibles - link2fleet","description":"Selon diverses sources, CD&#038;V, Open Vld et Groen seraient pr\u00eats \u00e0 mettre fin \u00e0 l&rsquo;actuel r\u00e9gime fiscal avantageux pour les voitures de soci\u00e9t\u00e9 fonctionnant aux\u2026","robots":{"index":"index","follow":"follow","max-snippet":"max-snippet:-1","max-image-preview":"max-image-preview:large","max-video-preview":"max-video-preview:-1"},"og_locale":"fr_FR","og_type":"article","og_title":"A partir de 2025, seules les voitures \u00e9cologiques seront encore d\u00e9ductibles - link2fleet","og_description":"Selon diverses sources, CD&#038;V, Open Vld et Groen seraient pr\u00eats \u00e0 mettre fin \u00e0 l&rsquo;actuel r\u00e9gime fiscal avantageux pour les voitures de soci\u00e9t\u00e9 fonctionnant aux\u2026","og_url":"https:\/\/www.link2fleet.com\/fr\/a-partir-de-2025-seules-les-voitures-ecologiques-seront-encore-deductibles\/","og_site_name":"link2fleet","article_published_time":"2020-05-06T12:12:32+00:00","og_image":[{"width":500,"height":235,"url":"https:\/\/static.link2fleet.com\/wp-content\/uploads\/2024\/03\/1407502335-voiture-electrique1.jpg","type":"image\/jpeg"}],"author":"Michel Willems - Mobilitas","twitter_card":"summary_large_image","twitter_description":"Selon diverses sources, CD&#038;V, Open Vld et Groen seraient pr\u00eats \u00e0 mettre fin \u00e0 l&rsquo;actuel r\u00e9gime fiscal avantageux pour les voitures de soci\u00e9t\u00e9 fonctionnant aux\u2026","twitter_misc":{"\u00c9crit par":"Michel Willems - Mobilitas","Dur\u00e9e de lecture estim\u00e9e":"2 minutes"},"schema":{"@context":"https:\/\/schema.org","@graph":[{"@type":"Article","@id":"https:\/\/www.link2fleet.com\/fr\/a-partir-de-2025-seules-les-voitures-ecologiques-seront-encore-deductibles\/#article","isPartOf":{"@id":"https:\/\/www.link2fleet.com\/fr\/a-partir-de-2025-seules-les-voitures-ecologiques-seront-encore-deductibles\/"},"author":{"name":"Michel Willems - Mobilitas","@id":"https:\/\/www.link2fleet.com\/fr\/#\/schema\/person\/bd29f6a2c2427e85a70d3acf17303486"},"headline":"A partir de 2025, seules les voitures \u00e9cologiques seront encore d\u00e9ductibles","datePublished":"2020-05-06T12:12:32+00:00","mainEntityOfPage":{"@id":"https:\/\/www.link2fleet.com\/fr\/a-partir-de-2025-seules-les-voitures-ecologiques-seront-encore-deductibles\/"},"wordCount":331,"publisher":{"@id":"https:\/\/www.link2fleet.com\/fr\/#organization"},"image":{"@id":"https:\/\/www.link2fleet.com\/fr\/a-partir-de-2025-seules-les-voitures-ecologiques-seront-encore-deductibles\/#primaryimage"},"thumbnailUrl":"https:\/\/static.link2fleet.com\/wp-content\/uploads\/2024\/03\/1407502335-voiture-electrique1.jpg","articleSection":["Gestion de flotte","Tax &amp; legal"],"inLanguage":"fr-FR"},{"@type":"WebPage","@id":"https:\/\/www.link2fleet.com\/fr\/a-partir-de-2025-seules-les-voitures-ecologiques-seront-encore-deductibles\/","url":"https:\/\/www.link2fleet.com\/fr\/a-partir-de-2025-seules-les-voitures-ecologiques-seront-encore-deductibles\/","name":"A partir de 2025, seules les voitures \u00e9cologiques seront encore d\u00e9ductibles - link2fleet","isPartOf":{"@id":"https:\/\/www.link2fleet.com\/fr\/#website"},"primaryImageOfPage":{"@id":"https:\/\/www.link2fleet.com\/fr\/a-partir-de-2025-seules-les-voitures-ecologiques-seront-encore-deductibles\/#primaryimage"},"image":{"@id":"https:\/\/www.link2fleet.com\/fr\/a-partir-de-2025-seules-les-voitures-ecologiques-seront-encore-deductibles\/#primaryimage"},"thumbnailUrl":"https:\/\/static.link2fleet.com\/wp-content\/uploads\/2024\/03\/1407502335-voiture-electrique1.jpg","datePublished":"2020-05-06T12:12:32+00:00","breadcrumb":{"@id":"https:\/\/www.link2fleet.com\/fr\/a-partir-de-2025-seules-les-voitures-ecologiques-seront-encore-deductibles\/#breadcrumb"},"inLanguage":"fr-FR","potentialAction":[{"@type":"ReadAction","target":["https:\/\/www.link2fleet.com\/fr\/a-partir-de-2025-seules-les-voitures-ecologiques-seront-encore-deductibles\/"]}]},{"@type":"ImageObject","inLanguage":"fr-FR","@id":"https:\/\/www.link2fleet.com\/fr\/a-partir-de-2025-seules-les-voitures-ecologiques-seront-encore-deductibles\/#primaryimage","url":"https:\/\/static.link2fleet.com\/wp-content\/uploads\/2024\/03\/1407502335-voiture-electrique1.jpg","contentUrl":"https:\/\/static.link2fleet.com\/wp-content\/uploads\/2024\/03\/1407502335-voiture-electrique1.jpg","width":500,"height":235},{"@type":"BreadcrumbList","@id":"https:\/\/www.link2fleet.com\/fr\/a-partir-de-2025-seules-les-voitures-ecologiques-seront-encore-deductibles\/#breadcrumb","itemListElement":[{"@type":"ListItem","position":1,"name":"Home","item":"https:\/\/www.link2fleet.com\/fr\/"},{"@type":"ListItem","position":2,"name":"A partir de 2025, seules les voitures \u00e9cologiques seront encore d\u00e9ductibles"}]},{"@type":"WebSite","@id":"https:\/\/www.link2fleet.com\/fr\/#website","url":"https:\/\/www.link2fleet.com\/fr\/","name":"Link2fleet","description":"","publisher":{"@id":"https:\/\/www.link2fleet.com\/fr\/#organization"},"potentialAction":[{"@type":"SearchAction","target":{"@type":"EntryPoint","urlTemplate":"https:\/\/www.link2fleet.com\/fr\/?s={search_term_string}"},"query-input":{"@type":"PropertyValueSpecification","valueRequired":true,"valueName":"search_term_string"}}],"inLanguage":"fr-FR"},{"@type":"Organization","@id":"https:\/\/www.link2fleet.com\/fr\/#organization","name":"Link2fleet","url":"https:\/\/www.link2fleet.com\/fr\/","logo":{"@type":"ImageObject","inLanguage":"fr-FR","@id":"https:\/\/www.link2fleet.com\/fr\/#\/schema\/logo\/image\/","url":"https:\/\/static.link2fleet.com\/wp-content\/uploads\/2024\/03\/share-image.jpg","contentUrl":"https:\/\/static.link2fleet.com\/wp-content\/uploads\/2024\/03\/share-image.jpg","width":1200,"height":630,"caption":"Link2fleet"},"image":{"@id":"https:\/\/www.link2fleet.com\/fr\/#\/schema\/logo\/image\/"},"sameAs":["https:\/\/www.linkedin.com\/company\/link2fleet-belgium","https:\/\/www.youtube.com\/user\/MMMBMBE"]},{"@type":"Person","@id":"https:\/\/www.link2fleet.com\/fr\/#\/schema\/person\/bd29f6a2c2427e85a70d3acf17303486","name":"Michel Willems - Mobilitas","image":{"@type":"ImageObject","inLanguage":"fr-FR","@id":"https:\/\/secure.gravatar.com\/avatar\/c937de514893d5b69b3b52ee88664fd4879b786925b6742dc7891d347f167414?s=96&d=mm&r=g","url":"https:\/\/secure.gravatar.com\/avatar\/c937de514893d5b69b3b52ee88664fd4879b786925b6742dc7891d347f167414?s=96&d=mm&r=g","contentUrl":"https:\/\/secure.gravatar.com\/avatar\/c937de514893d5b69b3b52ee88664fd4879b786925b6742dc7891d347f167414?s=96&d=mm&r=g","caption":"Michel Willems - Mobilitas"}}]}},"_links":{"self":[{"href":"https:\/\/www.link2fleet.com\/fr\/wp-json\/wp\/v2\/posts\/2314","targetHints":{"allow":["GET"]}}],"collection":[{"href":"https:\/\/www.link2fleet.com\/fr\/wp-json\/wp\/v2\/posts"}],"about":[{"href":"https:\/\/www.link2fleet.com\/fr\/wp-json\/wp\/v2\/types\/post"}],"author":[{"embeddable":true,"href":"https:\/\/www.link2fleet.com\/fr\/wp-json\/wp\/v2\/users\/11"}],"replies":[{"embeddable":true,"href":"https:\/\/www.link2fleet.com\/fr\/wp-json\/wp\/v2\/comments?post=2314"}],"version-history":[{"count":0,"href":"https:\/\/www.link2fleet.com\/fr\/wp-json\/wp\/v2\/posts\/2314\/revisions"}],"wp:featuredmedia":[{"embeddable":true,"href":"https:\/\/www.link2fleet.com\/fr\/wp-json\/wp\/v2\/media\/2315"}],"wp:attachment":[{"href":"https:\/\/www.link2fleet.com\/fr\/wp-json\/wp\/v2\/media?parent=2314"}],"wp:term":[{"taxonomy":"category","embeddable":true,"href":"https:\/\/www.link2fleet.com\/fr\/wp-json\/wp\/v2\/categories?post=2314"},{"taxonomy":"post_tag","embeddable":true,"href":"https:\/\/www.link2fleet.com\/fr\/wp-json\/wp\/v2\/tags?post=2314"}],"curies":[{"name":"wp","href":"https:\/\/api.w.org\/{rel}","templated":true}]}}