{"id":2317,"date":"2020-05-08T08:47:37","date_gmt":"2020-05-08T06:47:37","guid":{"rendered":"https:\/\/www.link2fleet.com\/sofie-de-loecker-devient-managing-director-chez-belfius-auto-lease\/"},"modified":"2024-04-17T16:53:17","modified_gmt":"2024-04-17T14:53:17","slug":"sofie-de-loecker-devient-managing-director-chez-belfius-auto-lease","status":"publish","type":"post","link":"https:\/\/www.link2fleet.com\/fr\/sofie-de-loecker-devient-managing-director-chez-belfius-auto-lease\/","title":{"rendered":"Sofie De Loecker devient Managing Director chez Belfius Auto Lease"},"content":{"rendered":"","protected":false},"excerpt":{"rendered":"","protected":false},"author":19,"featured_media":2318,"comment_status":"closed","ping_status":"closed","sticky":false,"template":"","format":"standard","meta":{"_acf_changed":false,"footnotes":""},"categories":[91,79],"tags":[],"class_list":["post-2317","post","type-post","status-publish","format-standard","has-post-thumbnail","hentry","category-expertise-et-management","category-societes-de-leasing"],"acf":[],"yoast_head":"<!-- This site is optimized with the Yoast SEO plugin v27.3 - https:\/\/yoast.com\/product\/yoast-seo-wordpress\/ -->\n<title>Sofie De Loecker devient Managing Director chez Belfius Auto Lease - link2fleet<\/title>\n<meta name=\"description\" content=\"Changement de direction \u00e0 la t\u00eate de Belfius Auto Lease o\u00f9 nous venons d&rsquo;apprendre que Sofie De Loecker remplace Jens Bosch parti relever un autre\u2026\" \/>\n<meta name=\"robots\" content=\"index, follow, max-snippet:-1, max-image-preview:large, max-video-preview:-1\" \/>\n<meta property=\"og:locale\" content=\"fr_FR\" \/>\n<meta property=\"og:type\" content=\"article\" \/>\n<meta property=\"og:title\" content=\"Sofie De Loecker devient Managing Director chez Belfius Auto Lease - link2fleet\" \/>\n<meta property=\"og:description\" content=\"Changement de direction \u00e0 la t\u00eate de Belfius Auto Lease o\u00f9 nous venons d&rsquo;apprendre que Sofie De Loecker remplace Jens Bosch parti relever un autre\u2026\" \/>\n<meta property=\"og:url\" content=\"https:\/\/www.link2fleet.com\/fr\/sofie-de-loecker-devient-managing-director-chez-belfius-auto-lease\/\" \/>\n<meta property=\"og:site_name\" content=\"link2fleet\" \/>\n<meta property=\"article:published_time\" content=\"2020-05-08T06:47:37+00:00\" \/>\n<meta property=\"article:modified_time\" content=\"2024-04-17T14:53:17+00:00\" \/>\n<meta property=\"og:image\" content=\"https:\/\/static.link2fleet.com\/wp-content\/uploads\/2024\/03\/sofie-de-loecker-belfius.jpg\" \/>\n\t<meta property=\"og:image:width\" content=\"225\" \/>\n\t<meta property=\"og:image:height\" content=\"225\" \/>\n\t<meta property=\"og:image:type\" content=\"image\/jpeg\" \/>\n<meta name=\"author\" content=\"Marc Demoulin\" \/>\n<meta name=\"twitter:card\" content=\"summary_large_image\" \/>\n<meta name=\"twitter:description\" content=\"Changement de direction \u00e0 la t\u00eate de Belfius Auto Lease o\u00f9 nous venons d&rsquo;apprendre que Sofie De Loecker remplace Jens Bosch parti relever un autre\u2026\" \/>\n<meta name=\"twitter:label1\" content=\"\u00c9crit par\" \/>\n\t<meta name=\"twitter:data1\" content=\"Marc Demoulin\" \/>\n<script type=\"application\/ld+json\" class=\"yoast-schema-graph\">{\"@context\":\"https:\\\/\\\/schema.org\",\"@graph\":[{\"@type\":\"Article\",\"@id\":\"https:\\\/\\\/www.link2fleet.com\\\/fr\\\/sofie-de-loecker-devient-managing-director-chez-belfius-auto-lease\\\/#article\",\"isPartOf\":{\"@id\":\"https:\\\/\\\/www.link2fleet.com\\\/fr\\\/sofie-de-loecker-devient-managing-director-chez-belfius-auto-lease\\\/\"},\"author\":{\"name\":\"Marc Demoulin\",\"@id\":\"https:\\\/\\\/www.link2fleet.com\\\/fr\\\/#\\\/schema\\\/person\\\/be5c57fc3d8ec765f7f536ffa2d67457\"},\"headline\":\"Sofie De Loecker devient Managing Director chez Belfius Auto Lease\",\"datePublished\":\"2020-05-08T06:47:37+00:00\",\"dateModified\":\"2024-04-17T14:53:17+00:00\",\"mainEntityOfPage\":{\"@id\":\"https:\\\/\\\/www.link2fleet.com\\\/fr\\\/sofie-de-loecker-devient-managing-director-chez-belfius-auto-lease\\\/\"},\"wordCount\":10,\"publisher\":{\"@id\":\"https:\\\/\\\/www.link2fleet.com\\\/fr\\\/#organization\"},\"image\":{\"@id\":\"https:\\\/\\\/www.link2fleet.com\\\/fr\\\/sofie-de-loecker-devient-managing-director-chez-belfius-auto-lease\\\/#primaryimage\"},\"thumbnailUrl\":\"https:\\\/\\\/static.link2fleet.com\\\/wp-content\\\/uploads\\\/2024\\\/03\\\/sofie-de-loecker-belfius.jpg\",\"articleSection\":[\"Gestion de flotte\",\"Location long-terme\"],\"inLanguage\":\"fr-FR\"},{\"@type\":\"WebPage\",\"@id\":\"https:\\\/\\\/www.link2fleet.com\\\/fr\\\/sofie-de-loecker-devient-managing-director-chez-belfius-auto-lease\\\/\",\"url\":\"https:\\\/\\\/www.link2fleet.com\\\/fr\\\/sofie-de-loecker-devient-managing-director-chez-belfius-auto-lease\\\/\",\"name\":\"Sofie De Loecker devient Managing Director chez Belfius Auto Lease - link2fleet\",\"isPartOf\":{\"@id\":\"https:\\\/\\\/www.link2fleet.com\\\/fr\\\/#website\"},\"primaryImageOfPage\":{\"@id\":\"https:\\\/\\\/www.link2fleet.com\\\/fr\\\/sofie-de-loecker-devient-managing-director-chez-belfius-auto-lease\\\/#primaryimage\"},\"image\":{\"@id\":\"https:\\\/\\\/www.link2fleet.com\\\/fr\\\/sofie-de-loecker-devient-managing-director-chez-belfius-auto-lease\\\/#primaryimage\"},\"thumbnailUrl\":\"https:\\\/\\\/static.link2fleet.com\\\/wp-content\\\/uploads\\\/2024\\\/03\\\/sofie-de-loecker-belfius.jpg\",\"datePublished\":\"2020-05-08T06:47:37+00:00\",\"dateModified\":\"2024-04-17T14:53:17+00:00\",\"breadcrumb\":{\"@id\":\"https:\\\/\\\/www.link2fleet.com\\\/fr\\\/sofie-de-loecker-devient-managing-director-chez-belfius-auto-lease\\\/#breadcrumb\"},\"inLanguage\":\"fr-FR\",\"potentialAction\":[{\"@type\":\"ReadAction\",\"target\":[\"https:\\\/\\\/www.link2fleet.com\\\/fr\\\/sofie-de-loecker-devient-managing-director-chez-belfius-auto-lease\\\/\"]}]},{\"@type\":\"ImageObject\",\"inLanguage\":\"fr-FR\",\"@id\":\"https:\\\/\\\/www.link2fleet.com\\\/fr\\\/sofie-de-loecker-devient-managing-director-chez-belfius-auto-lease\\\/#primaryimage\",\"url\":\"https:\\\/\\\/static.link2fleet.com\\\/wp-content\\\/uploads\\\/2024\\\/03\\\/sofie-de-loecker-belfius.jpg\",\"contentUrl\":\"https:\\\/\\\/static.link2fleet.com\\\/wp-content\\\/uploads\\\/2024\\\/03\\\/sofie-de-loecker-belfius.jpg\",\"width\":225,\"height\":225},{\"@type\":\"BreadcrumbList\",\"@id\":\"https:\\\/\\\/www.link2fleet.com\\\/fr\\\/sofie-de-loecker-devient-managing-director-chez-belfius-auto-lease\\\/#breadcrumb\",\"itemListElement\":[{\"@type\":\"ListItem\",\"position\":1,\"name\":\"Home\",\"item\":\"https:\\\/\\\/www.link2fleet.com\\\/fr\\\/\"},{\"@type\":\"ListItem\",\"position\":2,\"name\":\"Sofie De Loecker devient Managing Director chez Belfius Auto Lease\"}]},{\"@type\":\"WebSite\",\"@id\":\"https:\\\/\\\/www.link2fleet.com\\\/fr\\\/#website\",\"url\":\"https:\\\/\\\/www.link2fleet.com\\\/fr\\\/\",\"name\":\"Link2fleet\",\"description\":\"\",\"publisher\":{\"@id\":\"https:\\\/\\\/www.link2fleet.com\\\/fr\\\/#organization\"},\"potentialAction\":[{\"@type\":\"SearchAction\",\"target\":{\"@type\":\"EntryPoint\",\"urlTemplate\":\"https:\\\/\\\/www.link2fleet.com\\\/fr\\\/?s={search_term_string}\"},\"query-input\":{\"@type\":\"PropertyValueSpecification\",\"valueRequired\":true,\"valueName\":\"search_term_string\"}}],\"inLanguage\":\"fr-FR\"},{\"@type\":\"Organization\",\"@id\":\"https:\\\/\\\/www.link2fleet.com\\\/fr\\\/#organization\",\"name\":\"Link2fleet\",\"url\":\"https:\\\/\\\/www.link2fleet.com\\\/fr\\\/\",\"logo\":{\"@type\":\"ImageObject\",\"inLanguage\":\"fr-FR\",\"@id\":\"https:\\\/\\\/www.link2fleet.com\\\/fr\\\/#\\\/schema\\\/logo\\\/image\\\/\",\"url\":\"https:\\\/\\\/static.link2fleet.com\\\/wp-content\\\/uploads\\\/2024\\\/03\\\/share-image.jpg\",\"contentUrl\":\"https:\\\/\\\/static.link2fleet.com\\\/wp-content\\\/uploads\\\/2024\\\/03\\\/share-image.jpg\",\"width\":1200,\"height\":630,\"caption\":\"Link2fleet\"},\"image\":{\"@id\":\"https:\\\/\\\/www.link2fleet.com\\\/fr\\\/#\\\/schema\\\/logo\\\/image\\\/\"},\"sameAs\":[\"https:\\\/\\\/www.linkedin.com\\\/company\\\/link2fleet-belgium\",\"https:\\\/\\\/www.youtube.com\\\/user\\\/MMMBMBE\"]},{\"@type\":\"Person\",\"@id\":\"https:\\\/\\\/www.link2fleet.com\\\/fr\\\/#\\\/schema\\\/person\\\/be5c57fc3d8ec765f7f536ffa2d67457\",\"name\":\"Marc Demoulin\",\"image\":{\"@type\":\"ImageObject\",\"inLanguage\":\"fr-FR\",\"@id\":\"https:\\\/\\\/secure.gravatar.com\\\/avatar\\\/a87df2253d2615844817d0a7f244258741572a74e0c35a309fca2badab9f30e7?s=96&d=mm&r=g\",\"url\":\"https:\\\/\\\/secure.gravatar.com\\\/avatar\\\/a87df2253d2615844817d0a7f244258741572a74e0c35a309fca2badab9f30e7?s=96&d=mm&r=g\",\"contentUrl\":\"https:\\\/\\\/secure.gravatar.com\\\/avatar\\\/a87df2253d2615844817d0a7f244258741572a74e0c35a309fca2badab9f30e7?s=96&d=mm&r=g\",\"caption\":\"Marc Demoulin\"}}]}<\/script>\n<!-- \/ Yoast SEO plugin. -->","yoast_head_json":{"title":"Sofie De Loecker devient Managing Director chez Belfius Auto Lease - link2fleet","description":"Changement de direction \u00e0 la t\u00eate de Belfius Auto Lease o\u00f9 nous venons d&rsquo;apprendre que Sofie De Loecker remplace Jens Bosch parti relever un autre\u2026","robots":{"index":"index","follow":"follow","max-snippet":"max-snippet:-1","max-image-preview":"max-image-preview:large","max-video-preview":"max-video-preview:-1"},"og_locale":"fr_FR","og_type":"article","og_title":"Sofie De Loecker devient Managing Director chez Belfius Auto Lease - link2fleet","og_description":"Changement de direction \u00e0 la t\u00eate de Belfius Auto Lease o\u00f9 nous venons d&rsquo;apprendre que Sofie De Loecker remplace Jens Bosch parti relever un autre\u2026","og_url":"https:\/\/www.link2fleet.com\/fr\/sofie-de-loecker-devient-managing-director-chez-belfius-auto-lease\/","og_site_name":"link2fleet","article_published_time":"2020-05-08T06:47:37+00:00","article_modified_time":"2024-04-17T14:53:17+00:00","og_image":[{"width":225,"height":225,"url":"https:\/\/static.link2fleet.com\/wp-content\/uploads\/2024\/03\/sofie-de-loecker-belfius.jpg","type":"image\/jpeg"}],"author":"Marc Demoulin","twitter_card":"summary_large_image","twitter_description":"Changement de direction \u00e0 la t\u00eate de Belfius Auto Lease o\u00f9 nous venons d&rsquo;apprendre que Sofie De Loecker remplace Jens Bosch parti relever un autre\u2026","twitter_misc":{"\u00c9crit par":"Marc Demoulin"},"schema":{"@context":"https:\/\/schema.org","@graph":[{"@type":"Article","@id":"https:\/\/www.link2fleet.com\/fr\/sofie-de-loecker-devient-managing-director-chez-belfius-auto-lease\/#article","isPartOf":{"@id":"https:\/\/www.link2fleet.com\/fr\/sofie-de-loecker-devient-managing-director-chez-belfius-auto-lease\/"},"author":{"name":"Marc Demoulin","@id":"https:\/\/www.link2fleet.com\/fr\/#\/schema\/person\/be5c57fc3d8ec765f7f536ffa2d67457"},"headline":"Sofie De Loecker devient Managing Director chez Belfius Auto Lease","datePublished":"2020-05-08T06:47:37+00:00","dateModified":"2024-04-17T14:53:17+00:00","mainEntityOfPage":{"@id":"https:\/\/www.link2fleet.com\/fr\/sofie-de-loecker-devient-managing-director-chez-belfius-auto-lease\/"},"wordCount":10,"publisher":{"@id":"https:\/\/www.link2fleet.com\/fr\/#organization"},"image":{"@id":"https:\/\/www.link2fleet.com\/fr\/sofie-de-loecker-devient-managing-director-chez-belfius-auto-lease\/#primaryimage"},"thumbnailUrl":"https:\/\/static.link2fleet.com\/wp-content\/uploads\/2024\/03\/sofie-de-loecker-belfius.jpg","articleSection":["Gestion de flotte","Location long-terme"],"inLanguage":"fr-FR"},{"@type":"WebPage","@id":"https:\/\/www.link2fleet.com\/fr\/sofie-de-loecker-devient-managing-director-chez-belfius-auto-lease\/","url":"https:\/\/www.link2fleet.com\/fr\/sofie-de-loecker-devient-managing-director-chez-belfius-auto-lease\/","name":"Sofie De Loecker devient Managing Director chez Belfius Auto Lease - link2fleet","isPartOf":{"@id":"https:\/\/www.link2fleet.com\/fr\/#website"},"primaryImageOfPage":{"@id":"https:\/\/www.link2fleet.com\/fr\/sofie-de-loecker-devient-managing-director-chez-belfius-auto-lease\/#primaryimage"},"image":{"@id":"https:\/\/www.link2fleet.com\/fr\/sofie-de-loecker-devient-managing-director-chez-belfius-auto-lease\/#primaryimage"},"thumbnailUrl":"https:\/\/static.link2fleet.com\/wp-content\/uploads\/2024\/03\/sofie-de-loecker-belfius.jpg","datePublished":"2020-05-08T06:47:37+00:00","dateModified":"2024-04-17T14:53:17+00:00","breadcrumb":{"@id":"https:\/\/www.link2fleet.com\/fr\/sofie-de-loecker-devient-managing-director-chez-belfius-auto-lease\/#breadcrumb"},"inLanguage":"fr-FR","potentialAction":[{"@type":"ReadAction","target":["https:\/\/www.link2fleet.com\/fr\/sofie-de-loecker-devient-managing-director-chez-belfius-auto-lease\/"]}]},{"@type":"ImageObject","inLanguage":"fr-FR","@id":"https:\/\/www.link2fleet.com\/fr\/sofie-de-loecker-devient-managing-director-chez-belfius-auto-lease\/#primaryimage","url":"https:\/\/static.link2fleet.com\/wp-content\/uploads\/2024\/03\/sofie-de-loecker-belfius.jpg","contentUrl":"https:\/\/static.link2fleet.com\/wp-content\/uploads\/2024\/03\/sofie-de-loecker-belfius.jpg","width":225,"height":225},{"@type":"BreadcrumbList","@id":"https:\/\/www.link2fleet.com\/fr\/sofie-de-loecker-devient-managing-director-chez-belfius-auto-lease\/#breadcrumb","itemListElement":[{"@type":"ListItem","position":1,"name":"Home","item":"https:\/\/www.link2fleet.com\/fr\/"},{"@type":"ListItem","position":2,"name":"Sofie De Loecker devient Managing Director chez Belfius Auto Lease"}]},{"@type":"WebSite","@id":"https:\/\/www.link2fleet.com\/fr\/#website","url":"https:\/\/www.link2fleet.com\/fr\/","name":"Link2fleet","description":"","publisher":{"@id":"https:\/\/www.link2fleet.com\/fr\/#organization"},"potentialAction":[{"@type":"SearchAction","target":{"@type":"EntryPoint","urlTemplate":"https:\/\/www.link2fleet.com\/fr\/?s={search_term_string}"},"query-input":{"@type":"PropertyValueSpecification","valueRequired":true,"valueName":"search_term_string"}}],"inLanguage":"fr-FR"},{"@type":"Organization","@id":"https:\/\/www.link2fleet.com\/fr\/#organization","name":"Link2fleet","url":"https:\/\/www.link2fleet.com\/fr\/","logo":{"@type":"ImageObject","inLanguage":"fr-FR","@id":"https:\/\/www.link2fleet.com\/fr\/#\/schema\/logo\/image\/","url":"https:\/\/static.link2fleet.com\/wp-content\/uploads\/2024\/03\/share-image.jpg","contentUrl":"https:\/\/static.link2fleet.com\/wp-content\/uploads\/2024\/03\/share-image.jpg","width":1200,"height":630,"caption":"Link2fleet"},"image":{"@id":"https:\/\/www.link2fleet.com\/fr\/#\/schema\/logo\/image\/"},"sameAs":["https:\/\/www.linkedin.com\/company\/link2fleet-belgium","https:\/\/www.youtube.com\/user\/MMMBMBE"]},{"@type":"Person","@id":"https:\/\/www.link2fleet.com\/fr\/#\/schema\/person\/be5c57fc3d8ec765f7f536ffa2d67457","name":"Marc Demoulin","image":{"@type":"ImageObject","inLanguage":"fr-FR","@id":"https:\/\/secure.gravatar.com\/avatar\/a87df2253d2615844817d0a7f244258741572a74e0c35a309fca2badab9f30e7?s=96&d=mm&r=g","url":"https:\/\/secure.gravatar.com\/avatar\/a87df2253d2615844817d0a7f244258741572a74e0c35a309fca2badab9f30e7?s=96&d=mm&r=g","contentUrl":"https:\/\/secure.gravatar.com\/avatar\/a87df2253d2615844817d0a7f244258741572a74e0c35a309fca2badab9f30e7?s=96&d=mm&r=g","caption":"Marc Demoulin"}}]}},"_links":{"self":[{"href":"https:\/\/www.link2fleet.com\/fr\/wp-json\/wp\/v2\/posts\/2317","targetHints":{"allow":["GET"]}}],"collection":[{"href":"https:\/\/www.link2fleet.com\/fr\/wp-json\/wp\/v2\/posts"}],"about":[{"href":"https:\/\/www.link2fleet.com\/fr\/wp-json\/wp\/v2\/types\/post"}],"author":[{"embeddable":true,"href":"https:\/\/www.link2fleet.com\/fr\/wp-json\/wp\/v2\/users\/19"}],"replies":[{"embeddable":true,"href":"https:\/\/www.link2fleet.com\/fr\/wp-json\/wp\/v2\/comments?post=2317"}],"version-history":[{"count":0,"href":"https:\/\/www.link2fleet.com\/fr\/wp-json\/wp\/v2\/posts\/2317\/revisions"}],"wp:featuredmedia":[{"embeddable":true,"href":"https:\/\/www.link2fleet.com\/fr\/wp-json\/wp\/v2\/media\/2318"}],"wp:attachment":[{"href":"https:\/\/www.link2fleet.com\/fr\/wp-json\/wp\/v2\/media?parent=2317"}],"wp:term":[{"taxonomy":"category","embeddable":true,"href":"https:\/\/www.link2fleet.com\/fr\/wp-json\/wp\/v2\/categories?post=2317"},{"taxonomy":"post_tag","embeddable":true,"href":"https:\/\/www.link2fleet.com\/fr\/wp-json\/wp\/v2\/tags?post=2317"}],"curies":[{"name":"wp","href":"https:\/\/api.w.org\/{rel}","templated":true}]}}