{"id":23774,"date":"2019-03-19T11:51:20","date_gmt":"2019-03-19T10:51:20","guid":{"rendered":"https:\/\/www.link2fleet.com\/fiscalite-des-velos-de-societe-des-avantages-pour-votre-portefeuille\/"},"modified":"2024-04-12T11:27:34","modified_gmt":"2024-04-12T09:27:34","slug":"fiscalite-des-velos-de-societe-des-avantages-pour-votre-portefeuille","status":"publish","type":"post","link":"https:\/\/www.link2fleet.com\/fr\/fiscalite-des-velos-de-societe-des-avantages-pour-votre-portefeuille\/","title":{"rendered":"Fiscalit\u00e9 des v\u00e9los de soci\u00e9t\u00e9: des avantages pour votre portefeuille"},"content":{"rendered":"\n<p><strong>Avantage de toute nature<\/strong><\/p>\n\n\n\n<p>Commen\u00e7ons par l\u2019avantage de toute nature (ATN). L\u2019usage d\u2019un v\u00e9lo de soci\u00e9t\u00e9 n\u2019implique pas le paiement d\u2019un avantage de toute nature. Cette exon\u00e9ration fiscale ne vaut qu\u2019\u00e0 partir du moment o\u00f9 le v\u00e9lo est utilis\u00e9 pour les d\u00e9placements domicile-lieu de travail. Un ATN est seulement d\u00fb dans le cas o\u00f9 le v\u00e9lo est utilis\u00e9 \u00e0 des fins priv\u00e9es. Cet avantage est calcul\u00e9 sur base de l\u2019usage r\u00e9el du v\u00e9lo de soci\u00e9t\u00e9. Cette r\u00e8gle est valable tant pour les v\u00e9los de ville, les v\u00e9los pliables, les speedpedelecs et m\u00eame les VTT et v\u00e9los de course. Il en va de m\u00eame lorsque le v\u00e9lo est coupl\u00e9 \u00e0 une voiture de soci\u00e9t\u00e9, ou dans le cadre du pilier 2 du budget de mobilit\u00e9. Voil\u00e0 donc qui rend l\u2019\u00e9quation int\u00e9ressante pour l\u2019employ\u00e9 qui peut b\u00e9n\u00e9ficier d\u2019un v\u00e9lo. Attention toutefois que si le v\u00e9lo mis \u00e0 disposition par l\u2019employeur est utilis\u00e9 exclusivement \u00e0 des fins priv\u00e9es, il y aura bien paiement d\u2019un avantage de toute nature.<\/p>\n\n\n\n<div style=\"height:53px\" aria-hidden=\"true\" class=\"wp-block-spacer\"><\/div>\n\n\n\n<p><strong>Cotisations sociales<\/strong><\/p>\n\n\n\n<p>Depuis le 1<sup>er<\/sup>janvier 2017, l\u2019usage priv\u00e9 d\u2019un v\u00e9lo de soci\u00e9t\u00e9 n\u2019est plus soumis au paiement d\u2019une cotisation sociale. Si un collaborateur dispose d\u2019un v\u00e9lo de soci\u00e9t\u00e9 pour ses d\u00e9placements domicile-lieu de travail, cela n\u2019est plus consid\u00e9r\u00e9 comme un avantage salarial. Aucune cotisation sociale ne devra donc \u00eatre pay\u00e9e sur le v\u00e9lo de soci\u00e9t\u00e9. Attention&nbsp;: si un collaborateur utilise exclusivement son v\u00e9lo de soci\u00e9t\u00e9 pour des d\u00e9placements priv\u00e9s (et donc pas pour ses d\u00e9placements domicile-lieu de travail), le v\u00e9lo sera bien consid\u00e9r\u00e9 comme un avantage salarial et une cotisation sociale classique sera due (par le patron et l\u2019employ\u00e9).<\/p>\n\n\n\n<div style=\"height:37px\" aria-hidden=\"true\" class=\"wp-block-spacer\"><\/div>\n\n\n\n<p><strong>Indemnit\u00e9 kilom\u00e9trique<\/strong><\/p>\n\n\n\n<p>Pour les trajets qu\u2019un employ\u00e9 effectue entre son domicile et son lieu de travail avec un v\u00e9lo de soci\u00e9t\u00e9, son employeur peut lui octroyer une indemnit\u00e9 kilom\u00e9trique. Celle-ci est exon\u00e9r\u00e9e d\u2019imp\u00f4ts et de cotisations ONSS jusqu\u2019\u00e0 un maximum de 0,24 euro\/kilom\u00e8tre (tarif valable pour l\u2019ann\u00e9e 2019). L\u2019ONSS a r\u00e9cemment modifi\u00e9 ses directives en la mati\u00e8re. Cette exon\u00e9ration est valable aussi bien pour l\u2019employeur que pour l\u2019employ\u00e9. Elle ne tient pas compte d\u2019un kilom\u00e9trage ou d\u2019un montant maximum. La m\u00eame r\u00e8gle est valable dans le cadre du second pilier du budget de mobilit\u00e9.&nbsp;<\/p>\n\n\n\n<div style=\"height:45px\" aria-hidden=\"true\" class=\"wp-block-spacer\"><\/div>\n\n\n\n<p><strong>D\u00e9ductibilit\u00e9 fiscale<\/strong><\/p>\n\n\n\n<p>Pour l\u2019employeur, l\u2019int\u00e9gration du v\u00e9lo au sein de son entreprise va de pair avec une d\u00e9ductibilit\u00e9 fiscale int\u00e9ressante des frais qui y sont li\u00e9s. Qu\u2019il s\u2019agisse de l\u2019am\u00e9nagement de vestiaires et sanitaires ou d\u2019un parking v\u00e9lo, de l\u2019achat du v\u00e9lo, des frais d\u2019entretien ou de r\u00e9paration, ou de l\u2019achat d\u2019accessoires v\u00e9los tous sont d\u00e9ductibles jusqu\u2019\u00e0 120% pour autant \u00e9videmment que le v\u00e9lo soit au moins utilis\u00e9 dans le cadre des d\u00e9placements domicile-lieu de travail.&nbsp;<\/p>\n\n\n\n<p>Attention&nbsp;: \u00e0 partir du 1<sup>er<\/sup>janvier 2020, ce pourcentage sera r\u00e9duit \u00e0 100%. Si les v\u00e9los de soci\u00e9t\u00e9 ne sont pas achet\u00e9s, mais lou\u00e9s (hors balance), alors le taux de d\u00e9ductibilit\u00e9 fiscale des co\u00fbts du leasing en 2019 est d\u00e9j\u00e0 de maximum 100%.<\/p>\n\n\n\n<div style=\"height:48px\" aria-hidden=\"true\" class=\"wp-block-spacer\"><\/div>\n\n\n\n<p><strong>TVA<\/strong><\/p>\n\n\n\n<p>La d\u00e9ductibilit\u00e9 fiscale de la TVA est limit\u00e9e \u00e0 l\u2019usage qui est fait du v\u00e9lo. Ainsi, la TVA n\u2019est d\u00e9ductible que pour la partie utilis\u00e9e r\u00e9ellement \u00e0 des fins professionnelles. La TVA ne peut donc pas \u00eatre r\u00e9cup\u00e9r\u00e9e pour la partie qui concerne un usage priv\u00e9 et pour la partie qui concerne les d\u00e9placements domicile-lieu de travail.&nbsp;<\/p>\n\n\n\n<p>S\u2019il y a r\u00e9ellement un usage professionnel du v\u00e9lo de soci\u00e9t\u00e9, il conviendra de consigner tous les d\u00e9placements dans un fichier excel par exemple ou dans une app pour notifier s\u2019ils sont priv\u00e9s ou professionnels. Puisque le v\u00e9lo de soci\u00e9t\u00e9 est, dans la plupart des cas, utilis\u00e9 pour les d\u00e9placements domicile-lieu de travail et pour des usages priv\u00e9s, la TVA pour ces v\u00e9los de soci\u00e9t\u00e9 n\u2019est finalement pas d\u00e9ductible du tout.\u00a0<\/p>\n\n\n\n<p style=\"text-align:right\">Michel WILLEMS<\/p>\n\n\n\n<p style=\"text-align:right\">MOBILITAS<\/p>\n","protected":false},"excerpt":{"rendered":"<p>Avantage de toute nature Commen\u00e7ons par l\u2019avantage de toute nature (ATN). L\u2019usage d\u2019un v\u00e9lo de soci\u00e9t\u00e9 n\u2019implique pas le paiement d\u2019un avantage de toute nature. Cette exon\u00e9ration fiscale ne vaut qu\u2019\u00e0 partir du moment o\u00f9 le v\u00e9lo est utilis\u00e9 pour les d\u00e9placements domicile-lieu de travail. Un ATN est seulement d\u00fb dans le cas o\u00f9 le [&hellip;]<\/p>\n","protected":false},"author":11,"featured_media":23775,"comment_status":"closed","ping_status":"closed","sticky":false,"template":"","format":"standard","meta":{"_acf_changed":false,"footnotes":""},"categories":[89,87],"tags":[],"class_list":["post-23774","post","type-post","status-publish","format-standard","has-post-thumbnail","hentry","category-modes-de-transports-alternatifs-flex-offices-parkings","category-mobility-2"],"acf":[],"yoast_head":"<!-- This site is optimized with the Yoast SEO plugin v27.3 - https:\/\/yoast.com\/product\/yoast-seo-wordpress\/ -->\n<title>Fiscalit\u00e9 des v\u00e9los de soci\u00e9t\u00e9: des avantages pour votre portefeuille - link2fleet<\/title>\n<meta name=\"description\" content=\"Si mettre \u00e0 disposition de ses employ\u00e9s une voiture de soci\u00e9t\u00e9 implique une charge fiscale non n\u00e9gligeable tant pour l\u2019employeur que pour l\u2019employ\u00e9, il n\u2019en\u2026\" \/>\n<meta name=\"robots\" content=\"index, follow, max-snippet:-1, max-image-preview:large, max-video-preview:-1\" \/>\n<meta property=\"og:locale\" content=\"fr_FR\" \/>\n<meta property=\"og:type\" content=\"article\" \/>\n<meta property=\"og:title\" content=\"Fiscalit\u00e9 des v\u00e9los de soci\u00e9t\u00e9: des avantages pour votre portefeuille - link2fleet\" \/>\n<meta property=\"og:description\" content=\"Si mettre \u00e0 disposition de ses employ\u00e9s une voiture de soci\u00e9t\u00e9 implique une charge fiscale non n\u00e9gligeable tant pour l\u2019employeur que pour l\u2019employ\u00e9, il n\u2019en\u2026\" \/>\n<meta property=\"og:url\" content=\"https:\/\/www.link2fleet.com\/fr\/fiscalite-des-velos-de-societe-des-avantages-pour-votre-portefeuille\/\" \/>\n<meta property=\"og:site_name\" content=\"link2fleet\" \/>\n<meta property=\"article:published_time\" content=\"2019-03-19T10:51:20+00:00\" \/>\n<meta property=\"article:modified_time\" content=\"2024-04-12T09:27:34+00:00\" \/>\n<meta property=\"og:image\" content=\"https:\/\/static.link2fleet.com\/wp-content\/uploads\/2024\/04\/istock-486674344.jpg\" \/>\n\t<meta property=\"og:image:width\" content=\"1024\" \/>\n\t<meta property=\"og:image:height\" content=\"681\" \/>\n\t<meta property=\"og:image:type\" content=\"image\/jpeg\" \/>\n<meta name=\"author\" content=\"Michel Willems - Mobilitas\" \/>\n<meta name=\"twitter:card\" content=\"summary_large_image\" \/>\n<meta name=\"twitter:description\" content=\"Si mettre \u00e0 disposition de ses employ\u00e9s une voiture de soci\u00e9t\u00e9 implique une charge fiscale non n\u00e9gligeable tant pour l\u2019employeur que pour l\u2019employ\u00e9, il n\u2019en\u2026\" \/>\n<meta name=\"twitter:label1\" content=\"\u00c9crit par\" \/>\n\t<meta name=\"twitter:data1\" content=\"Michel Willems - Mobilitas\" \/>\n\t<meta name=\"twitter:label2\" content=\"Dur\u00e9e de lecture estim\u00e9e\" \/>\n\t<meta name=\"twitter:data2\" content=\"4 minutes\" \/>\n<script type=\"application\/ld+json\" class=\"yoast-schema-graph\">{\"@context\":\"https:\\\/\\\/schema.org\",\"@graph\":[{\"@type\":\"Article\",\"@id\":\"https:\\\/\\\/www.link2fleet.com\\\/fr\\\/fiscalite-des-velos-de-societe-des-avantages-pour-votre-portefeuille\\\/#article\",\"isPartOf\":{\"@id\":\"https:\\\/\\\/www.link2fleet.com\\\/fr\\\/fiscalite-des-velos-de-societe-des-avantages-pour-votre-portefeuille\\\/\"},\"author\":{\"name\":\"Michel Willems - Mobilitas\",\"@id\":\"https:\\\/\\\/www.link2fleet.com\\\/fr\\\/#\\\/schema\\\/person\\\/bd29f6a2c2427e85a70d3acf17303486\"},\"headline\":\"Fiscalit\u00e9 des v\u00e9los de soci\u00e9t\u00e9: des avantages pour votre portefeuille\",\"datePublished\":\"2019-03-19T10:51:20+00:00\",\"dateModified\":\"2024-04-12T09:27:34+00:00\",\"mainEntityOfPage\":{\"@id\":\"https:\\\/\\\/www.link2fleet.com\\\/fr\\\/fiscalite-des-velos-de-societe-des-avantages-pour-votre-portefeuille\\\/\"},\"wordCount\":750,\"publisher\":{\"@id\":\"https:\\\/\\\/www.link2fleet.com\\\/fr\\\/#organization\"},\"image\":{\"@id\":\"https:\\\/\\\/www.link2fleet.com\\\/fr\\\/fiscalite-des-velos-de-societe-des-avantages-pour-votre-portefeuille\\\/#primaryimage\"},\"thumbnailUrl\":\"https:\\\/\\\/static.link2fleet.com\\\/wp-content\\\/uploads\\\/2024\\\/04\\\/istock-486674344.jpg\",\"articleSection\":[\"Flex-offices\",\"Mobilit\u00e9\"],\"inLanguage\":\"fr-FR\"},{\"@type\":\"WebPage\",\"@id\":\"https:\\\/\\\/www.link2fleet.com\\\/fr\\\/fiscalite-des-velos-de-societe-des-avantages-pour-votre-portefeuille\\\/\",\"url\":\"https:\\\/\\\/www.link2fleet.com\\\/fr\\\/fiscalite-des-velos-de-societe-des-avantages-pour-votre-portefeuille\\\/\",\"name\":\"Fiscalit\u00e9 des v\u00e9los de soci\u00e9t\u00e9: des avantages pour votre portefeuille - link2fleet\",\"isPartOf\":{\"@id\":\"https:\\\/\\\/www.link2fleet.com\\\/fr\\\/#website\"},\"primaryImageOfPage\":{\"@id\":\"https:\\\/\\\/www.link2fleet.com\\\/fr\\\/fiscalite-des-velos-de-societe-des-avantages-pour-votre-portefeuille\\\/#primaryimage\"},\"image\":{\"@id\":\"https:\\\/\\\/www.link2fleet.com\\\/fr\\\/fiscalite-des-velos-de-societe-des-avantages-pour-votre-portefeuille\\\/#primaryimage\"},\"thumbnailUrl\":\"https:\\\/\\\/static.link2fleet.com\\\/wp-content\\\/uploads\\\/2024\\\/04\\\/istock-486674344.jpg\",\"datePublished\":\"2019-03-19T10:51:20+00:00\",\"dateModified\":\"2024-04-12T09:27:34+00:00\",\"breadcrumb\":{\"@id\":\"https:\\\/\\\/www.link2fleet.com\\\/fr\\\/fiscalite-des-velos-de-societe-des-avantages-pour-votre-portefeuille\\\/#breadcrumb\"},\"inLanguage\":\"fr-FR\",\"potentialAction\":[{\"@type\":\"ReadAction\",\"target\":[\"https:\\\/\\\/www.link2fleet.com\\\/fr\\\/fiscalite-des-velos-de-societe-des-avantages-pour-votre-portefeuille\\\/\"]}]},{\"@type\":\"ImageObject\",\"inLanguage\":\"fr-FR\",\"@id\":\"https:\\\/\\\/www.link2fleet.com\\\/fr\\\/fiscalite-des-velos-de-societe-des-avantages-pour-votre-portefeuille\\\/#primaryimage\",\"url\":\"https:\\\/\\\/static.link2fleet.com\\\/wp-content\\\/uploads\\\/2024\\\/04\\\/istock-486674344.jpg\",\"contentUrl\":\"https:\\\/\\\/static.link2fleet.com\\\/wp-content\\\/uploads\\\/2024\\\/04\\\/istock-486674344.jpg\",\"width\":4256,\"height\":2832,\"caption\":\"Full length of handsome young businessman looking forward while riding on his bicycle\"},{\"@type\":\"BreadcrumbList\",\"@id\":\"https:\\\/\\\/www.link2fleet.com\\\/fr\\\/fiscalite-des-velos-de-societe-des-avantages-pour-votre-portefeuille\\\/#breadcrumb\",\"itemListElement\":[{\"@type\":\"ListItem\",\"position\":1,\"name\":\"Home\",\"item\":\"https:\\\/\\\/www.link2fleet.com\\\/fr\\\/\"},{\"@type\":\"ListItem\",\"position\":2,\"name\":\"Fiscalit\u00e9 des v\u00e9los de soci\u00e9t\u00e9: des avantages pour votre portefeuille\"}]},{\"@type\":\"WebSite\",\"@id\":\"https:\\\/\\\/www.link2fleet.com\\\/fr\\\/#website\",\"url\":\"https:\\\/\\\/www.link2fleet.com\\\/fr\\\/\",\"name\":\"Link2fleet\",\"description\":\"\",\"publisher\":{\"@id\":\"https:\\\/\\\/www.link2fleet.com\\\/fr\\\/#organization\"},\"potentialAction\":[{\"@type\":\"SearchAction\",\"target\":{\"@type\":\"EntryPoint\",\"urlTemplate\":\"https:\\\/\\\/www.link2fleet.com\\\/fr\\\/?s={search_term_string}\"},\"query-input\":{\"@type\":\"PropertyValueSpecification\",\"valueRequired\":true,\"valueName\":\"search_term_string\"}}],\"inLanguage\":\"fr-FR\"},{\"@type\":\"Organization\",\"@id\":\"https:\\\/\\\/www.link2fleet.com\\\/fr\\\/#organization\",\"name\":\"Link2fleet\",\"url\":\"https:\\\/\\\/www.link2fleet.com\\\/fr\\\/\",\"logo\":{\"@type\":\"ImageObject\",\"inLanguage\":\"fr-FR\",\"@id\":\"https:\\\/\\\/www.link2fleet.com\\\/fr\\\/#\\\/schema\\\/logo\\\/image\\\/\",\"url\":\"https:\\\/\\\/static.link2fleet.com\\\/wp-content\\\/uploads\\\/2024\\\/03\\\/share-image.jpg\",\"contentUrl\":\"https:\\\/\\\/static.link2fleet.com\\\/wp-content\\\/uploads\\\/2024\\\/03\\\/share-image.jpg\",\"width\":1200,\"height\":630,\"caption\":\"Link2fleet\"},\"image\":{\"@id\":\"https:\\\/\\\/www.link2fleet.com\\\/fr\\\/#\\\/schema\\\/logo\\\/image\\\/\"},\"sameAs\":[\"https:\\\/\\\/www.linkedin.com\\\/company\\\/link2fleet-belgium\",\"https:\\\/\\\/www.youtube.com\\\/user\\\/MMMBMBE\"]},{\"@type\":\"Person\",\"@id\":\"https:\\\/\\\/www.link2fleet.com\\\/fr\\\/#\\\/schema\\\/person\\\/bd29f6a2c2427e85a70d3acf17303486\",\"name\":\"Michel Willems - Mobilitas\",\"image\":{\"@type\":\"ImageObject\",\"inLanguage\":\"fr-FR\",\"@id\":\"https:\\\/\\\/secure.gravatar.com\\\/avatar\\\/c937de514893d5b69b3b52ee88664fd4879b786925b6742dc7891d347f167414?s=96&d=mm&r=g\",\"url\":\"https:\\\/\\\/secure.gravatar.com\\\/avatar\\\/c937de514893d5b69b3b52ee88664fd4879b786925b6742dc7891d347f167414?s=96&d=mm&r=g\",\"contentUrl\":\"https:\\\/\\\/secure.gravatar.com\\\/avatar\\\/c937de514893d5b69b3b52ee88664fd4879b786925b6742dc7891d347f167414?s=96&d=mm&r=g\",\"caption\":\"Michel Willems - Mobilitas\"}}]}<\/script>\n<!-- \/ Yoast SEO plugin. -->","yoast_head_json":{"title":"Fiscalit\u00e9 des v\u00e9los de soci\u00e9t\u00e9: des avantages pour votre portefeuille - link2fleet","description":"Si mettre \u00e0 disposition de ses employ\u00e9s une voiture de soci\u00e9t\u00e9 implique une charge fiscale non n\u00e9gligeable tant pour l\u2019employeur que pour l\u2019employ\u00e9, il n\u2019en\u2026","robots":{"index":"index","follow":"follow","max-snippet":"max-snippet:-1","max-image-preview":"max-image-preview:large","max-video-preview":"max-video-preview:-1"},"og_locale":"fr_FR","og_type":"article","og_title":"Fiscalit\u00e9 des v\u00e9los de soci\u00e9t\u00e9: des avantages pour votre portefeuille - link2fleet","og_description":"Si mettre \u00e0 disposition de ses employ\u00e9s une voiture de soci\u00e9t\u00e9 implique une charge fiscale non n\u00e9gligeable tant pour l\u2019employeur que pour l\u2019employ\u00e9, il n\u2019en\u2026","og_url":"https:\/\/www.link2fleet.com\/fr\/fiscalite-des-velos-de-societe-des-avantages-pour-votre-portefeuille\/","og_site_name":"link2fleet","article_published_time":"2019-03-19T10:51:20+00:00","article_modified_time":"2024-04-12T09:27:34+00:00","og_image":[{"url":"https:\/\/static.link2fleet.com\/wp-content\/uploads\/2024\/04\/istock-486674344.jpg","width":1024,"height":681,"type":"image\/jpeg"}],"author":"Michel Willems - Mobilitas","twitter_card":"summary_large_image","twitter_description":"Si mettre \u00e0 disposition de ses employ\u00e9s une voiture de soci\u00e9t\u00e9 implique une charge fiscale non n\u00e9gligeable tant pour l\u2019employeur que pour l\u2019employ\u00e9, il n\u2019en\u2026","twitter_misc":{"\u00c9crit par":"Michel Willems - Mobilitas","Dur\u00e9e de lecture estim\u00e9e":"4 minutes"},"schema":{"@context":"https:\/\/schema.org","@graph":[{"@type":"Article","@id":"https:\/\/www.link2fleet.com\/fr\/fiscalite-des-velos-de-societe-des-avantages-pour-votre-portefeuille\/#article","isPartOf":{"@id":"https:\/\/www.link2fleet.com\/fr\/fiscalite-des-velos-de-societe-des-avantages-pour-votre-portefeuille\/"},"author":{"name":"Michel Willems - Mobilitas","@id":"https:\/\/www.link2fleet.com\/fr\/#\/schema\/person\/bd29f6a2c2427e85a70d3acf17303486"},"headline":"Fiscalit\u00e9 des v\u00e9los de soci\u00e9t\u00e9: des avantages pour votre portefeuille","datePublished":"2019-03-19T10:51:20+00:00","dateModified":"2024-04-12T09:27:34+00:00","mainEntityOfPage":{"@id":"https:\/\/www.link2fleet.com\/fr\/fiscalite-des-velos-de-societe-des-avantages-pour-votre-portefeuille\/"},"wordCount":750,"publisher":{"@id":"https:\/\/www.link2fleet.com\/fr\/#organization"},"image":{"@id":"https:\/\/www.link2fleet.com\/fr\/fiscalite-des-velos-de-societe-des-avantages-pour-votre-portefeuille\/#primaryimage"},"thumbnailUrl":"https:\/\/static.link2fleet.com\/wp-content\/uploads\/2024\/04\/istock-486674344.jpg","articleSection":["Flex-offices","Mobilit\u00e9"],"inLanguage":"fr-FR"},{"@type":"WebPage","@id":"https:\/\/www.link2fleet.com\/fr\/fiscalite-des-velos-de-societe-des-avantages-pour-votre-portefeuille\/","url":"https:\/\/www.link2fleet.com\/fr\/fiscalite-des-velos-de-societe-des-avantages-pour-votre-portefeuille\/","name":"Fiscalit\u00e9 des v\u00e9los de soci\u00e9t\u00e9: des avantages pour votre portefeuille - link2fleet","isPartOf":{"@id":"https:\/\/www.link2fleet.com\/fr\/#website"},"primaryImageOfPage":{"@id":"https:\/\/www.link2fleet.com\/fr\/fiscalite-des-velos-de-societe-des-avantages-pour-votre-portefeuille\/#primaryimage"},"image":{"@id":"https:\/\/www.link2fleet.com\/fr\/fiscalite-des-velos-de-societe-des-avantages-pour-votre-portefeuille\/#primaryimage"},"thumbnailUrl":"https:\/\/static.link2fleet.com\/wp-content\/uploads\/2024\/04\/istock-486674344.jpg","datePublished":"2019-03-19T10:51:20+00:00","dateModified":"2024-04-12T09:27:34+00:00","breadcrumb":{"@id":"https:\/\/www.link2fleet.com\/fr\/fiscalite-des-velos-de-societe-des-avantages-pour-votre-portefeuille\/#breadcrumb"},"inLanguage":"fr-FR","potentialAction":[{"@type":"ReadAction","target":["https:\/\/www.link2fleet.com\/fr\/fiscalite-des-velos-de-societe-des-avantages-pour-votre-portefeuille\/"]}]},{"@type":"ImageObject","inLanguage":"fr-FR","@id":"https:\/\/www.link2fleet.com\/fr\/fiscalite-des-velos-de-societe-des-avantages-pour-votre-portefeuille\/#primaryimage","url":"https:\/\/static.link2fleet.com\/wp-content\/uploads\/2024\/04\/istock-486674344.jpg","contentUrl":"https:\/\/static.link2fleet.com\/wp-content\/uploads\/2024\/04\/istock-486674344.jpg","width":4256,"height":2832,"caption":"Full length of handsome young businessman looking forward while riding on his bicycle"},{"@type":"BreadcrumbList","@id":"https:\/\/www.link2fleet.com\/fr\/fiscalite-des-velos-de-societe-des-avantages-pour-votre-portefeuille\/#breadcrumb","itemListElement":[{"@type":"ListItem","position":1,"name":"Home","item":"https:\/\/www.link2fleet.com\/fr\/"},{"@type":"ListItem","position":2,"name":"Fiscalit\u00e9 des v\u00e9los de soci\u00e9t\u00e9: des avantages pour votre portefeuille"}]},{"@type":"WebSite","@id":"https:\/\/www.link2fleet.com\/fr\/#website","url":"https:\/\/www.link2fleet.com\/fr\/","name":"Link2fleet","description":"","publisher":{"@id":"https:\/\/www.link2fleet.com\/fr\/#organization"},"potentialAction":[{"@type":"SearchAction","target":{"@type":"EntryPoint","urlTemplate":"https:\/\/www.link2fleet.com\/fr\/?s={search_term_string}"},"query-input":{"@type":"PropertyValueSpecification","valueRequired":true,"valueName":"search_term_string"}}],"inLanguage":"fr-FR"},{"@type":"Organization","@id":"https:\/\/www.link2fleet.com\/fr\/#organization","name":"Link2fleet","url":"https:\/\/www.link2fleet.com\/fr\/","logo":{"@type":"ImageObject","inLanguage":"fr-FR","@id":"https:\/\/www.link2fleet.com\/fr\/#\/schema\/logo\/image\/","url":"https:\/\/static.link2fleet.com\/wp-content\/uploads\/2024\/03\/share-image.jpg","contentUrl":"https:\/\/static.link2fleet.com\/wp-content\/uploads\/2024\/03\/share-image.jpg","width":1200,"height":630,"caption":"Link2fleet"},"image":{"@id":"https:\/\/www.link2fleet.com\/fr\/#\/schema\/logo\/image\/"},"sameAs":["https:\/\/www.linkedin.com\/company\/link2fleet-belgium","https:\/\/www.youtube.com\/user\/MMMBMBE"]},{"@type":"Person","@id":"https:\/\/www.link2fleet.com\/fr\/#\/schema\/person\/bd29f6a2c2427e85a70d3acf17303486","name":"Michel Willems - Mobilitas","image":{"@type":"ImageObject","inLanguage":"fr-FR","@id":"https:\/\/secure.gravatar.com\/avatar\/c937de514893d5b69b3b52ee88664fd4879b786925b6742dc7891d347f167414?s=96&d=mm&r=g","url":"https:\/\/secure.gravatar.com\/avatar\/c937de514893d5b69b3b52ee88664fd4879b786925b6742dc7891d347f167414?s=96&d=mm&r=g","contentUrl":"https:\/\/secure.gravatar.com\/avatar\/c937de514893d5b69b3b52ee88664fd4879b786925b6742dc7891d347f167414?s=96&d=mm&r=g","caption":"Michel Willems - Mobilitas"}}]}},"_links":{"self":[{"href":"https:\/\/www.link2fleet.com\/fr\/wp-json\/wp\/v2\/posts\/23774","targetHints":{"allow":["GET"]}}],"collection":[{"href":"https:\/\/www.link2fleet.com\/fr\/wp-json\/wp\/v2\/posts"}],"about":[{"href":"https:\/\/www.link2fleet.com\/fr\/wp-json\/wp\/v2\/types\/post"}],"author":[{"embeddable":true,"href":"https:\/\/www.link2fleet.com\/fr\/wp-json\/wp\/v2\/users\/11"}],"replies":[{"embeddable":true,"href":"https:\/\/www.link2fleet.com\/fr\/wp-json\/wp\/v2\/comments?post=23774"}],"version-history":[{"count":0,"href":"https:\/\/www.link2fleet.com\/fr\/wp-json\/wp\/v2\/posts\/23774\/revisions"}],"wp:featuredmedia":[{"embeddable":true,"href":"https:\/\/www.link2fleet.com\/fr\/wp-json\/wp\/v2\/media\/23775"}],"wp:attachment":[{"href":"https:\/\/www.link2fleet.com\/fr\/wp-json\/wp\/v2\/media?parent=23774"}],"wp:term":[{"taxonomy":"category","embeddable":true,"href":"https:\/\/www.link2fleet.com\/fr\/wp-json\/wp\/v2\/categories?post=23774"},{"taxonomy":"post_tag","embeddable":true,"href":"https:\/\/www.link2fleet.com\/fr\/wp-json\/wp\/v2\/tags?post=23774"}],"curies":[{"name":"wp","href":"https:\/\/api.w.org\/{rel}","templated":true}]}}