{"id":23785,"date":"2024-03-26T12:33:49","date_gmt":"2024-03-26T11:33:49","guid":{"rendered":"https:\/\/www.link2fleet.com\/la-wallonie-envisage-une-refonte-du-decret-sur-les-zones-a-faibles-emissions-euro-5-retarde-en-flandre\/"},"modified":"2024-04-12T13:38:45","modified_gmt":"2024-04-12T11:38:45","slug":"la-wallonie-envisage-une-refonte-du-decret-sur-les-zones-a-faibles-emissions-euro-5-retarde-en-flandre","status":"publish","type":"post","link":"https:\/\/www.link2fleet.com\/fr\/la-wallonie-envisage-une-refonte-du-decret-sur-les-zones-a-faibles-emissions-euro-5-retarde-en-flandre\/","title":{"rendered":"La Wallonie envisage une refonte du d\u00e9cret sur les zones \u00e0 faibles \u00e9missions -EURO 5 retard\u00e9 en Flandre"},"content":{"rendered":"<p>L&rsquo;introduction du d\u00e9cret actuel date de janvier 2019. Le lancement \u00e9tait pr\u00e9vu en 2023 et a \u00e9t\u00e9 retard\u00e9 \u00e0 2025 en raison de la pand\u00e9mie de Covid.Le parc automobile en Wallonie \u00e9tant assez ancien, cette mesure avait \u00e9t\u00e9 qualifi\u00e9e de tr\u00e8s antisociale et, \u00e0 l&rsquo;approche des \u00e9lections actuelles, cette question \u00e9tait revenue plusieurs fois sur la table. La mise en \u0153uvre du d\u00e9cret actuel signifierait que l&rsquo;ensemble de la population wallonne devrait vendre ses v\u00e9hicules jusqu&rsquo;\u00e0 Euro 3 inclus d&rsquo;ici fin d\u00e9cembre 2024 et ses v\u00e9hicules Euro 4 d&rsquo;ici fin d\u00e9cembre 2025 pour \u00e9chapper aux amendes.<\/p>\n<p style=\"font-weight: 400;\">Traxio a estim\u00e9 que 439.752 voitures particuli\u00e8res wallonnes seraient concern\u00e9es dans les deux ans, ce qui correspond \u00e0 24% du parc wallon de voitures particuli\u00e8res. Dans sa proposition, la ministre Tellier indique qu&rsquo;elle pr\u00e9f\u00e9rerait modifier le d\u00e9cret actuel et faire d\u00e9marrer les zones \u00e0 faibles \u00e9missions uniquement dans certaines grandes villes de Wallonie. Pour la modification demand\u00e9e, la ministre Tellier s&rsquo;appuie sur deux \u00e9tudes r\u00e9alis\u00e9es par l&rsquo;ISSeP, l&rsquo;Institut Scientifique de Service Public en 2019 et 2023, qui montrent que les d\u00e9passements des valeurs limites europ\u00e9ennes sont tr\u00e8s locales et limit\u00e9es \u00e0 certaines rues dans les grandes villes comme Li\u00e8ge, Mons, Namur ou Charleroi.<\/p>\n<p style=\"font-weight: 400;\">La ministre soumettra bient\u00f4t ses propositions au gouvernement wallon et esp\u00e8re que le d\u00e9cret actuel sera modifi\u00e9. Cela semble \u00e9galement n\u00e9cessaire. Les cam\u00e9ras et l&rsquo;infrastructure n\u00e9cessaires au contr\u00f4le des v\u00e9hicules n&rsquo;ont pas du tout \u00e9t\u00e9 install\u00e9es. Les r\u00e8gles applicables aux v\u00e9hicules de transport en commun n&rsquo;ont pas encore \u00e9t\u00e9 fix\u00e9es et les arr\u00eat\u00e9s d&rsquo;ex\u00e9cution n\u00e9cessaires n&rsquo;ont jamais \u00e9t\u00e9 publi\u00e9s.<\/p>\n<p style=\"font-weight: 400;\">La mise en \u0153uvre du nouveau d\u00e9cret se fera en concertation avec les autorit\u00e9s r\u00e9gionales et les villes, qui recevront des subventions suppl\u00e9mentaires \u00e0 cet effet. Les limitations de vitesse locales, la gestion des flux de circulation et le soutien aux modes de transport alternatifs propres soutiendront \u00e9galement l&rsquo;objectif de rejeter moins de particules dans l&rsquo;air. L&rsquo;objectif est de faire voter les principes de la nouvelle proposition avant la fin du mois de mars. Un objectif qui semble dur \u00e0 atteindre. L&rsquo;approbation pr\u00e9alable de la commission des finances concernant les subventions est \u00e9galement n\u00e9cessaire.<\/p>\n<p style=\"font-weight: 400;\">Le fait que la Wallonie ait choisi d&rsquo;appliquer une zone \u00e0 faibles \u00e9missions sur l&rsquo;ensemble de son territoire en 2019 diff\u00e8re sensiblement du principe appliqu\u00e9 par la Flandre o\u00f9 seules deux villes, Anvers et Gand, sont concern\u00e9es. Aujourd&rsquo;hui, la R\u00e9gion bruxelloise applique \u00e9galement une zone \u00e0 faibles \u00e9missions pour une grande partie de sa R\u00e9gion situ\u00e9e \u00e0 l&rsquo;int\u00e9rieur du grand ring.<\/p>\n<p style=\"font-weight: 400;\">La zone entre le ring et l&rsquo;a\u00e9roport de Zaventem constitue par exemple une exception. Mais l\u00e0, il n&rsquo;est possible de r\u00e9duire consid\u00e9rablement les concentrations de poussi\u00e8res fines qu&rsquo;en limitant compl\u00e8tement le trafic a\u00e9rien.<\/p>\n<p>&nbsp;<\/p>\n<p style=\"font-weight: 400;\">En Flandre, certains partis ont r\u00e9cemment annonc\u00e9 leur intention de geler l&rsquo;interdiction \u00e0 son niveau actuel, c&rsquo;est-\u00e0-dire pour les voitures diesel d&rsquo;avant 2009 (EURO4) et les voitures \u00e0 essence d&rsquo;avant 1992 (EURO2). L&rsquo;ann\u00e9e derni\u00e8re, une d\u00e9cision avait d\u00e9j\u00e0 \u00e9t\u00e9 prise dans les cercles gouvernementaux flamands pour autoriser encore les diesels EURO5 en Flandre jusqu&rsquo;au 31 d\u00e9cembre 2025 au lieu du 31 d\u00e9cembre 2024. Cette d\u00e9cision a depuis \u00e9t\u00e9 confirm\u00e9e sur le site web de l&rsquo;Agence flamande de l&rsquo;environnement (*). Ce report s&rsquo;applique aussi simultan\u00e9ment \u00e0 tous les camions l\u00e9gers (cat\u00e9gorie N1, classe I, II et III).<\/p>\n<p style=\"font-weight: 400;\">(*)\u00a0 <a href=\"https:\/\/www.vmm.be\/lucht\/evolutie-luchtkwaliteit\/lage-emissiezone\/regelgevend-kader\/criteria-lage-emissiezones-op-basis-van-euronormen#section-0\" data-outlook-id=\"a31c49f3-cd8b-4fae-be90-09e55f748a9d\">Criteria lage-emissiezones op basis van euronormen \u2014 Vlaamse Milieumaatschappij (vmm.be)<\/a><\/p>\n<p style=\"font-weight: 400; text-align: right;\"><strong>Michel Willems<\/strong><\/p>\n<p style=\"font-weight: 400; text-align: right;\"><strong>MOBILITAS<\/strong><\/p>\n","protected":false},"excerpt":{"rendered":"<p>L&rsquo;introduction du d\u00e9cret actuel date de janvier 2019. Le lancement \u00e9tait pr\u00e9vu en 2023 et a \u00e9t\u00e9 retard\u00e9 \u00e0 2025 en raison de la pand\u00e9mie de Covid.Le parc automobile en Wallonie \u00e9tant assez ancien, cette mesure avait \u00e9t\u00e9 qualifi\u00e9e de tr\u00e8s antisociale et, \u00e0 l&rsquo;approche des \u00e9lections actuelles, cette question \u00e9tait revenue plusieurs fois sur [&hellip;]<\/p>\n","protected":false},"author":11,"featured_media":23786,"comment_status":"closed","ping_status":"closed","sticky":false,"template":"","format":"standard","meta":{"_acf_changed":false,"footnotes":""},"categories":[91,101],"tags":[],"class_list":["post-23785","post","type-post","status-publish","format-standard","has-post-thumbnail","hentry","category-expertise-et-management","category-tax-legal"],"acf":[],"yoast_head":"<!-- This site is optimized with the Yoast SEO plugin v27.3 - https:\/\/yoast.com\/product\/yoast-seo-wordpress\/ -->\n<title>La Wallonie envisage une refonte du d\u00e9cret sur les zones \u00e0 faibles \u00e9missions -EURO 5 retard\u00e9 en Flandre - link2fleet<\/title>\n<meta name=\"description\" content=\"La ministre wallonne de l&rsquo;Environnement C\u00e9line Tellier (Ecolo) a d\u00e9clar\u00e9 \u00e0 la mi-mars de cette ann\u00e9e \u00e0 la commission parlementaire wallonne de l&rsquo;environnement qu&rsquo;elle n&rsquo;avait\u2026\" \/>\n<meta name=\"robots\" content=\"index, follow, max-snippet:-1, max-image-preview:large, max-video-preview:-1\" \/>\n<meta property=\"og:locale\" content=\"fr_FR\" \/>\n<meta property=\"og:type\" content=\"article\" \/>\n<meta property=\"og:title\" content=\"La Wallonie envisage une refonte du d\u00e9cret sur les zones \u00e0 faibles \u00e9missions -EURO 5 retard\u00e9 en Flandre - link2fleet\" \/>\n<meta property=\"og:description\" content=\"La ministre wallonne de l&rsquo;Environnement C\u00e9line Tellier (Ecolo) a d\u00e9clar\u00e9 \u00e0 la mi-mars de cette ann\u00e9e \u00e0 la commission parlementaire wallonne de l&rsquo;environnement qu&rsquo;elle n&rsquo;avait\u2026\" \/>\n<meta property=\"og:url\" content=\"https:\/\/www.link2fleet.com\/fr\/la-wallonie-envisage-une-refonte-du-decret-sur-les-zones-a-faibles-emissions-euro-5-retarde-en-flandre\/\" \/>\n<meta property=\"og:site_name\" content=\"link2fleet\" \/>\n<meta property=\"article:published_time\" content=\"2024-03-26T11:33:49+00:00\" \/>\n<meta property=\"article:modified_time\" content=\"2024-04-12T11:38:45+00:00\" \/>\n<meta property=\"og:image\" content=\"https:\/\/static.link2fleet.com\/wp-content\/uploads\/2024\/04\/low-emission-zone.jpeg\" \/>\n\t<meta property=\"og:image:width\" content=\"1024\" \/>\n\t<meta property=\"og:image:height\" content=\"1024\" \/>\n\t<meta property=\"og:image:type\" content=\"image\/jpeg\" \/>\n<meta name=\"author\" content=\"Michel Willems - Mobilitas\" \/>\n<meta name=\"twitter:card\" content=\"summary_large_image\" \/>\n<meta name=\"twitter:description\" content=\"La ministre wallonne de l&rsquo;Environnement C\u00e9line Tellier (Ecolo) a d\u00e9clar\u00e9 \u00e0 la mi-mars de cette ann\u00e9e \u00e0 la commission parlementaire wallonne de l&rsquo;environnement qu&rsquo;elle n&rsquo;avait\u2026\" \/>\n<meta name=\"twitter:label1\" content=\"\u00c9crit par\" \/>\n\t<meta name=\"twitter:data1\" content=\"Michel Willems - Mobilitas\" \/>\n\t<meta name=\"twitter:label2\" content=\"Dur\u00e9e de lecture estim\u00e9e\" \/>\n\t<meta name=\"twitter:data2\" content=\"4 minutes\" \/>\n<script type=\"application\/ld+json\" class=\"yoast-schema-graph\">{\"@context\":\"https:\\\/\\\/schema.org\",\"@graph\":[{\"@type\":\"Article\",\"@id\":\"https:\\\/\\\/www.link2fleet.com\\\/fr\\\/la-wallonie-envisage-une-refonte-du-decret-sur-les-zones-a-faibles-emissions-euro-5-retarde-en-flandre\\\/#article\",\"isPartOf\":{\"@id\":\"https:\\\/\\\/www.link2fleet.com\\\/fr\\\/la-wallonie-envisage-une-refonte-du-decret-sur-les-zones-a-faibles-emissions-euro-5-retarde-en-flandre\\\/\"},\"author\":{\"name\":\"Michel Willems - Mobilitas\",\"@id\":\"https:\\\/\\\/www.link2fleet.com\\\/fr\\\/#\\\/schema\\\/person\\\/bd29f6a2c2427e85a70d3acf17303486\"},\"headline\":\"La Wallonie envisage une refonte du d\u00e9cret sur les zones \u00e0 faibles \u00e9missions -EURO 5 retard\u00e9 en Flandre\",\"datePublished\":\"2024-03-26T11:33:49+00:00\",\"dateModified\":\"2024-04-12T11:38:45+00:00\",\"mainEntityOfPage\":{\"@id\":\"https:\\\/\\\/www.link2fleet.com\\\/fr\\\/la-wallonie-envisage-une-refonte-du-decret-sur-les-zones-a-faibles-emissions-euro-5-retarde-en-flandre\\\/\"},\"wordCount\":649,\"publisher\":{\"@id\":\"https:\\\/\\\/www.link2fleet.com\\\/fr\\\/#organization\"},\"image\":{\"@id\":\"https:\\\/\\\/www.link2fleet.com\\\/fr\\\/la-wallonie-envisage-une-refonte-du-decret-sur-les-zones-a-faibles-emissions-euro-5-retarde-en-flandre\\\/#primaryimage\"},\"thumbnailUrl\":\"https:\\\/\\\/static.link2fleet.com\\\/wp-content\\\/uploads\\\/2024\\\/04\\\/low-emission-zone.jpeg\",\"articleSection\":[\"Gestion de flotte\",\"Tax &amp; legal\"],\"inLanguage\":\"fr-FR\"},{\"@type\":\"WebPage\",\"@id\":\"https:\\\/\\\/www.link2fleet.com\\\/fr\\\/la-wallonie-envisage-une-refonte-du-decret-sur-les-zones-a-faibles-emissions-euro-5-retarde-en-flandre\\\/\",\"url\":\"https:\\\/\\\/www.link2fleet.com\\\/fr\\\/la-wallonie-envisage-une-refonte-du-decret-sur-les-zones-a-faibles-emissions-euro-5-retarde-en-flandre\\\/\",\"name\":\"La Wallonie envisage une refonte du d\u00e9cret sur les zones \u00e0 faibles \u00e9missions -EURO 5 retard\u00e9 en Flandre - link2fleet\",\"isPartOf\":{\"@id\":\"https:\\\/\\\/www.link2fleet.com\\\/fr\\\/#website\"},\"primaryImageOfPage\":{\"@id\":\"https:\\\/\\\/www.link2fleet.com\\\/fr\\\/la-wallonie-envisage-une-refonte-du-decret-sur-les-zones-a-faibles-emissions-euro-5-retarde-en-flandre\\\/#primaryimage\"},\"image\":{\"@id\":\"https:\\\/\\\/www.link2fleet.com\\\/fr\\\/la-wallonie-envisage-une-refonte-du-decret-sur-les-zones-a-faibles-emissions-euro-5-retarde-en-flandre\\\/#primaryimage\"},\"thumbnailUrl\":\"https:\\\/\\\/static.link2fleet.com\\\/wp-content\\\/uploads\\\/2024\\\/04\\\/low-emission-zone.jpeg\",\"datePublished\":\"2024-03-26T11:33:49+00:00\",\"dateModified\":\"2024-04-12T11:38:45+00:00\",\"breadcrumb\":{\"@id\":\"https:\\\/\\\/www.link2fleet.com\\\/fr\\\/la-wallonie-envisage-une-refonte-du-decret-sur-les-zones-a-faibles-emissions-euro-5-retarde-en-flandre\\\/#breadcrumb\"},\"inLanguage\":\"fr-FR\",\"potentialAction\":[{\"@type\":\"ReadAction\",\"target\":[\"https:\\\/\\\/www.link2fleet.com\\\/fr\\\/la-wallonie-envisage-une-refonte-du-decret-sur-les-zones-a-faibles-emissions-euro-5-retarde-en-flandre\\\/\"]}]},{\"@type\":\"ImageObject\",\"inLanguage\":\"fr-FR\",\"@id\":\"https:\\\/\\\/www.link2fleet.com\\\/fr\\\/la-wallonie-envisage-une-refonte-du-decret-sur-les-zones-a-faibles-emissions-euro-5-retarde-en-flandre\\\/#primaryimage\",\"url\":\"https:\\\/\\\/static.link2fleet.com\\\/wp-content\\\/uploads\\\/2024\\\/04\\\/low-emission-zone.jpeg\",\"contentUrl\":\"https:\\\/\\\/static.link2fleet.com\\\/wp-content\\\/uploads\\\/2024\\\/04\\\/low-emission-zone.jpeg\",\"width\":1024,\"height\":1024},{\"@type\":\"BreadcrumbList\",\"@id\":\"https:\\\/\\\/www.link2fleet.com\\\/fr\\\/la-wallonie-envisage-une-refonte-du-decret-sur-les-zones-a-faibles-emissions-euro-5-retarde-en-flandre\\\/#breadcrumb\",\"itemListElement\":[{\"@type\":\"ListItem\",\"position\":1,\"name\":\"Home\",\"item\":\"https:\\\/\\\/www.link2fleet.com\\\/fr\\\/\"},{\"@type\":\"ListItem\",\"position\":2,\"name\":\"La Wallonie envisage une refonte du d\u00e9cret sur les zones \u00e0 faibles \u00e9missions -EURO 5 retard\u00e9 en Flandre\"}]},{\"@type\":\"WebSite\",\"@id\":\"https:\\\/\\\/www.link2fleet.com\\\/fr\\\/#website\",\"url\":\"https:\\\/\\\/www.link2fleet.com\\\/fr\\\/\",\"name\":\"Link2fleet\",\"description\":\"\",\"publisher\":{\"@id\":\"https:\\\/\\\/www.link2fleet.com\\\/fr\\\/#organization\"},\"potentialAction\":[{\"@type\":\"SearchAction\",\"target\":{\"@type\":\"EntryPoint\",\"urlTemplate\":\"https:\\\/\\\/www.link2fleet.com\\\/fr\\\/?s={search_term_string}\"},\"query-input\":{\"@type\":\"PropertyValueSpecification\",\"valueRequired\":true,\"valueName\":\"search_term_string\"}}],\"inLanguage\":\"fr-FR\"},{\"@type\":\"Organization\",\"@id\":\"https:\\\/\\\/www.link2fleet.com\\\/fr\\\/#organization\",\"name\":\"Link2fleet\",\"url\":\"https:\\\/\\\/www.link2fleet.com\\\/fr\\\/\",\"logo\":{\"@type\":\"ImageObject\",\"inLanguage\":\"fr-FR\",\"@id\":\"https:\\\/\\\/www.link2fleet.com\\\/fr\\\/#\\\/schema\\\/logo\\\/image\\\/\",\"url\":\"https:\\\/\\\/static.link2fleet.com\\\/wp-content\\\/uploads\\\/2024\\\/03\\\/share-image.jpg\",\"contentUrl\":\"https:\\\/\\\/static.link2fleet.com\\\/wp-content\\\/uploads\\\/2024\\\/03\\\/share-image.jpg\",\"width\":1200,\"height\":630,\"caption\":\"Link2fleet\"},\"image\":{\"@id\":\"https:\\\/\\\/www.link2fleet.com\\\/fr\\\/#\\\/schema\\\/logo\\\/image\\\/\"},\"sameAs\":[\"https:\\\/\\\/www.linkedin.com\\\/company\\\/link2fleet-belgium\",\"https:\\\/\\\/www.youtube.com\\\/user\\\/MMMBMBE\"]},{\"@type\":\"Person\",\"@id\":\"https:\\\/\\\/www.link2fleet.com\\\/fr\\\/#\\\/schema\\\/person\\\/bd29f6a2c2427e85a70d3acf17303486\",\"name\":\"Michel Willems - Mobilitas\",\"image\":{\"@type\":\"ImageObject\",\"inLanguage\":\"fr-FR\",\"@id\":\"https:\\\/\\\/secure.gravatar.com\\\/avatar\\\/c937de514893d5b69b3b52ee88664fd4879b786925b6742dc7891d347f167414?s=96&d=mm&r=g\",\"url\":\"https:\\\/\\\/secure.gravatar.com\\\/avatar\\\/c937de514893d5b69b3b52ee88664fd4879b786925b6742dc7891d347f167414?s=96&d=mm&r=g\",\"contentUrl\":\"https:\\\/\\\/secure.gravatar.com\\\/avatar\\\/c937de514893d5b69b3b52ee88664fd4879b786925b6742dc7891d347f167414?s=96&d=mm&r=g\",\"caption\":\"Michel Willems - Mobilitas\"}}]}<\/script>\n<!-- \/ Yoast SEO plugin. -->","yoast_head_json":{"title":"La Wallonie envisage une refonte du d\u00e9cret sur les zones \u00e0 faibles \u00e9missions -EURO 5 retard\u00e9 en Flandre - link2fleet","description":"La ministre wallonne de l&rsquo;Environnement C\u00e9line Tellier (Ecolo) a d\u00e9clar\u00e9 \u00e0 la mi-mars de cette ann\u00e9e \u00e0 la commission parlementaire wallonne de l&rsquo;environnement qu&rsquo;elle n&rsquo;avait\u2026","robots":{"index":"index","follow":"follow","max-snippet":"max-snippet:-1","max-image-preview":"max-image-preview:large","max-video-preview":"max-video-preview:-1"},"og_locale":"fr_FR","og_type":"article","og_title":"La Wallonie envisage une refonte du d\u00e9cret sur les zones \u00e0 faibles \u00e9missions -EURO 5 retard\u00e9 en Flandre - link2fleet","og_description":"La ministre wallonne de l&rsquo;Environnement C\u00e9line Tellier (Ecolo) a d\u00e9clar\u00e9 \u00e0 la mi-mars de cette ann\u00e9e \u00e0 la commission parlementaire wallonne de l&rsquo;environnement qu&rsquo;elle n&rsquo;avait\u2026","og_url":"https:\/\/www.link2fleet.com\/fr\/la-wallonie-envisage-une-refonte-du-decret-sur-les-zones-a-faibles-emissions-euro-5-retarde-en-flandre\/","og_site_name":"link2fleet","article_published_time":"2024-03-26T11:33:49+00:00","article_modified_time":"2024-04-12T11:38:45+00:00","og_image":[{"width":1024,"height":1024,"url":"https:\/\/static.link2fleet.com\/wp-content\/uploads\/2024\/04\/low-emission-zone.jpeg","type":"image\/jpeg"}],"author":"Michel Willems - Mobilitas","twitter_card":"summary_large_image","twitter_description":"La ministre wallonne de l&rsquo;Environnement C\u00e9line Tellier (Ecolo) a d\u00e9clar\u00e9 \u00e0 la mi-mars de cette ann\u00e9e \u00e0 la commission parlementaire wallonne de l&rsquo;environnement qu&rsquo;elle n&rsquo;avait\u2026","twitter_misc":{"\u00c9crit par":"Michel Willems - Mobilitas","Dur\u00e9e de lecture estim\u00e9e":"4 minutes"},"schema":{"@context":"https:\/\/schema.org","@graph":[{"@type":"Article","@id":"https:\/\/www.link2fleet.com\/fr\/la-wallonie-envisage-une-refonte-du-decret-sur-les-zones-a-faibles-emissions-euro-5-retarde-en-flandre\/#article","isPartOf":{"@id":"https:\/\/www.link2fleet.com\/fr\/la-wallonie-envisage-une-refonte-du-decret-sur-les-zones-a-faibles-emissions-euro-5-retarde-en-flandre\/"},"author":{"name":"Michel Willems - Mobilitas","@id":"https:\/\/www.link2fleet.com\/fr\/#\/schema\/person\/bd29f6a2c2427e85a70d3acf17303486"},"headline":"La Wallonie envisage une refonte du d\u00e9cret sur les zones \u00e0 faibles \u00e9missions -EURO 5 retard\u00e9 en Flandre","datePublished":"2024-03-26T11:33:49+00:00","dateModified":"2024-04-12T11:38:45+00:00","mainEntityOfPage":{"@id":"https:\/\/www.link2fleet.com\/fr\/la-wallonie-envisage-une-refonte-du-decret-sur-les-zones-a-faibles-emissions-euro-5-retarde-en-flandre\/"},"wordCount":649,"publisher":{"@id":"https:\/\/www.link2fleet.com\/fr\/#organization"},"image":{"@id":"https:\/\/www.link2fleet.com\/fr\/la-wallonie-envisage-une-refonte-du-decret-sur-les-zones-a-faibles-emissions-euro-5-retarde-en-flandre\/#primaryimage"},"thumbnailUrl":"https:\/\/static.link2fleet.com\/wp-content\/uploads\/2024\/04\/low-emission-zone.jpeg","articleSection":["Gestion de flotte","Tax &amp; legal"],"inLanguage":"fr-FR"},{"@type":"WebPage","@id":"https:\/\/www.link2fleet.com\/fr\/la-wallonie-envisage-une-refonte-du-decret-sur-les-zones-a-faibles-emissions-euro-5-retarde-en-flandre\/","url":"https:\/\/www.link2fleet.com\/fr\/la-wallonie-envisage-une-refonte-du-decret-sur-les-zones-a-faibles-emissions-euro-5-retarde-en-flandre\/","name":"La Wallonie envisage une refonte du d\u00e9cret sur les zones \u00e0 faibles \u00e9missions -EURO 5 retard\u00e9 en Flandre - link2fleet","isPartOf":{"@id":"https:\/\/www.link2fleet.com\/fr\/#website"},"primaryImageOfPage":{"@id":"https:\/\/www.link2fleet.com\/fr\/la-wallonie-envisage-une-refonte-du-decret-sur-les-zones-a-faibles-emissions-euro-5-retarde-en-flandre\/#primaryimage"},"image":{"@id":"https:\/\/www.link2fleet.com\/fr\/la-wallonie-envisage-une-refonte-du-decret-sur-les-zones-a-faibles-emissions-euro-5-retarde-en-flandre\/#primaryimage"},"thumbnailUrl":"https:\/\/static.link2fleet.com\/wp-content\/uploads\/2024\/04\/low-emission-zone.jpeg","datePublished":"2024-03-26T11:33:49+00:00","dateModified":"2024-04-12T11:38:45+00:00","breadcrumb":{"@id":"https:\/\/www.link2fleet.com\/fr\/la-wallonie-envisage-une-refonte-du-decret-sur-les-zones-a-faibles-emissions-euro-5-retarde-en-flandre\/#breadcrumb"},"inLanguage":"fr-FR","potentialAction":[{"@type":"ReadAction","target":["https:\/\/www.link2fleet.com\/fr\/la-wallonie-envisage-une-refonte-du-decret-sur-les-zones-a-faibles-emissions-euro-5-retarde-en-flandre\/"]}]},{"@type":"ImageObject","inLanguage":"fr-FR","@id":"https:\/\/www.link2fleet.com\/fr\/la-wallonie-envisage-une-refonte-du-decret-sur-les-zones-a-faibles-emissions-euro-5-retarde-en-flandre\/#primaryimage","url":"https:\/\/static.link2fleet.com\/wp-content\/uploads\/2024\/04\/low-emission-zone.jpeg","contentUrl":"https:\/\/static.link2fleet.com\/wp-content\/uploads\/2024\/04\/low-emission-zone.jpeg","width":1024,"height":1024},{"@type":"BreadcrumbList","@id":"https:\/\/www.link2fleet.com\/fr\/la-wallonie-envisage-une-refonte-du-decret-sur-les-zones-a-faibles-emissions-euro-5-retarde-en-flandre\/#breadcrumb","itemListElement":[{"@type":"ListItem","position":1,"name":"Home","item":"https:\/\/www.link2fleet.com\/fr\/"},{"@type":"ListItem","position":2,"name":"La Wallonie envisage une refonte du d\u00e9cret sur les zones \u00e0 faibles \u00e9missions -EURO 5 retard\u00e9 en Flandre"}]},{"@type":"WebSite","@id":"https:\/\/www.link2fleet.com\/fr\/#website","url":"https:\/\/www.link2fleet.com\/fr\/","name":"Link2fleet","description":"","publisher":{"@id":"https:\/\/www.link2fleet.com\/fr\/#organization"},"potentialAction":[{"@type":"SearchAction","target":{"@type":"EntryPoint","urlTemplate":"https:\/\/www.link2fleet.com\/fr\/?s={search_term_string}"},"query-input":{"@type":"PropertyValueSpecification","valueRequired":true,"valueName":"search_term_string"}}],"inLanguage":"fr-FR"},{"@type":"Organization","@id":"https:\/\/www.link2fleet.com\/fr\/#organization","name":"Link2fleet","url":"https:\/\/www.link2fleet.com\/fr\/","logo":{"@type":"ImageObject","inLanguage":"fr-FR","@id":"https:\/\/www.link2fleet.com\/fr\/#\/schema\/logo\/image\/","url":"https:\/\/static.link2fleet.com\/wp-content\/uploads\/2024\/03\/share-image.jpg","contentUrl":"https:\/\/static.link2fleet.com\/wp-content\/uploads\/2024\/03\/share-image.jpg","width":1200,"height":630,"caption":"Link2fleet"},"image":{"@id":"https:\/\/www.link2fleet.com\/fr\/#\/schema\/logo\/image\/"},"sameAs":["https:\/\/www.linkedin.com\/company\/link2fleet-belgium","https:\/\/www.youtube.com\/user\/MMMBMBE"]},{"@type":"Person","@id":"https:\/\/www.link2fleet.com\/fr\/#\/schema\/person\/bd29f6a2c2427e85a70d3acf17303486","name":"Michel Willems - Mobilitas","image":{"@type":"ImageObject","inLanguage":"fr-FR","@id":"https:\/\/secure.gravatar.com\/avatar\/c937de514893d5b69b3b52ee88664fd4879b786925b6742dc7891d347f167414?s=96&d=mm&r=g","url":"https:\/\/secure.gravatar.com\/avatar\/c937de514893d5b69b3b52ee88664fd4879b786925b6742dc7891d347f167414?s=96&d=mm&r=g","contentUrl":"https:\/\/secure.gravatar.com\/avatar\/c937de514893d5b69b3b52ee88664fd4879b786925b6742dc7891d347f167414?s=96&d=mm&r=g","caption":"Michel Willems - Mobilitas"}}]}},"_links":{"self":[{"href":"https:\/\/www.link2fleet.com\/fr\/wp-json\/wp\/v2\/posts\/23785","targetHints":{"allow":["GET"]}}],"collection":[{"href":"https:\/\/www.link2fleet.com\/fr\/wp-json\/wp\/v2\/posts"}],"about":[{"href":"https:\/\/www.link2fleet.com\/fr\/wp-json\/wp\/v2\/types\/post"}],"author":[{"embeddable":true,"href":"https:\/\/www.link2fleet.com\/fr\/wp-json\/wp\/v2\/users\/11"}],"replies":[{"embeddable":true,"href":"https:\/\/www.link2fleet.com\/fr\/wp-json\/wp\/v2\/comments?post=23785"}],"version-history":[{"count":0,"href":"https:\/\/www.link2fleet.com\/fr\/wp-json\/wp\/v2\/posts\/23785\/revisions"}],"wp:featuredmedia":[{"embeddable":true,"href":"https:\/\/www.link2fleet.com\/fr\/wp-json\/wp\/v2\/media\/23786"}],"wp:attachment":[{"href":"https:\/\/www.link2fleet.com\/fr\/wp-json\/wp\/v2\/media?parent=23785"}],"wp:term":[{"taxonomy":"category","embeddable":true,"href":"https:\/\/www.link2fleet.com\/fr\/wp-json\/wp\/v2\/categories?post=23785"},{"taxonomy":"post_tag","embeddable":true,"href":"https:\/\/www.link2fleet.com\/fr\/wp-json\/wp\/v2\/tags?post=23785"}],"curies":[{"name":"wp","href":"https:\/\/api.w.org\/{rel}","templated":true}]}}