{"id":23788,"date":"2024-03-26T14:34:25","date_gmt":"2024-03-26T13:34:25","guid":{"rendered":"https:\/\/www.link2fleet.com\/fleet-test-cupra-born-temperament-espagnol\/"},"modified":"2024-04-12T13:43:03","modified_gmt":"2024-04-12T11:43:03","slug":"fleet-test-cupra-born-temperament-espagnol","status":"publish","type":"post","link":"https:\/\/www.link2fleet.com\/fr\/fleet-test-cupra-born-temperament-espagnol\/","title":{"rendered":"Fleet test \u2013 Cupra Born: temp\u00e9rament espagnol"},"content":{"rendered":"<p>Apr\u00e8s la Formentor, la Bron a \u00e9t\u00e9 le second mod\u00e8le \u00e0 n&rsquo;\u00eatre pas simplement un mod\u00e8le Seat avec un autre badge et une finition sportive (comme la Leon, la Leon Break et l&rsquo;Ateca). En attendant notamment le <a href=\"https:\/\/www.link2fleet.com\/fr\/cupra-tavascan-suv-coupe-dynamique-et-endurant\/\">Tavascan<\/a> et le Raval, la Born est le seul mod\u00e8le 100% \u00e9lectrique de la marque espagnole. Sur le plan technique, la Born est en r\u00e9sum\u00e9 une <a href=\"https:\/\/www.link2fleet.com\/fr\/fleet-test-volkswagen-id-3-fin-prete\/\">Volkswagen ID.3<\/a> dans un emballage un peu plus sexy &#8211; bien que le diffuseur int\u00e9gr\u00e9 au pare-chocs arri\u00e8re puisse \u00eatre consid\u00e9r\u00e9 comme un \u00e9l\u00e9ment de trop pour les flottes.<\/p>\n<p>Cela signifie qu&rsquo;elle repose sur l&rsquo;omnipr\u00e9sente plateforme MEB du groupe VW, et que son autonomie est \u00e9galement identique \u00e0 celle de l&rsquo;allemande. Ainsi, une fois de plus, la version d&rsquo;entr\u00e9e de gamme initiale avec une batterie de seulement 45 kWh et 150 ch a \u00e9t\u00e9 abandonn\u00e9e. La gamme commence d\u00e9sormais par la version eBoost de 204 ch avec une batterie de 58 kWh (net), suivie d&rsquo;une version plus puissante (231 ch) avec cette m\u00eame batterie et d&rsquo;une variante de 231 ch avec une batterie de 77 kWh.<\/p>\n<p>C&rsquo;est cette derni\u00e8re version dont nous disposions pour notre test. R\u00e9cemment, cependant, Cupra a annonc\u00e9 la Born VZ, c&rsquo;est-\u00e0-dire le cousin espagnol du VW ID.3 GTX. Le suffixe \u00ab\u00a0VZ\u00a0\u00bb signifie \u00ab\u00a0veloz\u00a0\u00bb, le mot espagnol pour \u00ab\u00a0rapide\u00a0\u00bb. Et cette version promet de l&rsquo;\u00eatre, avec une puissance et un couple de 326 ch et 545 Nm aux roues arri\u00e8re : cette bombe \u00e9lectrique r\u00e9ussira le 0 \u00e0 100 km\/h en 5,7 secondes, alors que notre voiture d&rsquo;essai, avec ses 231 ch, met 7 secondes \u00e0 le faire.<\/p>\n<p><img loading=\"lazy\" decoding=\"async\" class=\"aligncenter size-large wp-image-1306312\" src=\"https:\/\/www.link2fleet.com\/wp-content\/uploads\/2024\/03\/Cupra-Born_07-1024x576.jpg\" alt=\"\" width=\"640\" height=\"360\" \/><\/p>\n<h2><strong>Int\u00e9rieur spacieux et pratique&#8230;<\/strong><\/h2>\n<p>Comme elle partage son squelette avec la compacte \u00e9lectrique de Wolfsburg d\u00e9j\u00e0 mentionn\u00e9e, la Cupra Born b\u00e9n\u00e9ficie \u00e9galement d&rsquo;un empattement g\u00e9n\u00e9reux (de 2,77 m\u00e8tres) et donc d&rsquo;un espace int\u00e9rieur g\u00e9n\u00e9reux. En effet, malgr\u00e9 la taille relativement compacte de la carrosserie (4,32 m\u00e8tres), non seulement les occupants de l&rsquo;avant, mais aussi ceux de l&rsquo;arri\u00e8re ont plus que suffisamment de place, notamment en ce qui concerne l&rsquo;espace pour les jambes.<\/p>\n<p>Pr\u00e9cisons toutefois que notre mod\u00e8le d&rsquo;essai \u00e9tait une 4 places. La configuration en 5 places est une option \u00e0 128,10 euros HTVA, mais si vous la prenez, vous n&rsquo;avez plus la possibilit\u00e9 d&rsquo;opter pour le double plancher de coffre tr\u00e8s pratique. En parlant du coffre: avec 385 litres, il est moins impressionnant que l&rsquo;espace pour les occupants. Evidemment, ce volume peut \u00eatre agrandi en rabattant la banquette arri\u00e8re (jusqu&rsquo;\u00e0 1.267 litres). \u00c0 l&rsquo;avant, on prend place sur des si\u00e8ges sport bien enveloppant et on dispose de nombreuses options de rangement pratiques. Tout est soign\u00e9, y compris le tableau de bord. \u00c0 cet \u00e9gard, la Born a toujours un avantage sur l&rsquo;ID.3, m\u00eame apr\u00e8s le lifting de cette derni\u00e8re.<\/p>\n<p>&nbsp;<\/p>\n<p><img loading=\"lazy\" decoding=\"async\" class=\"wp-image-1306320 alignright\" src=\"https:\/\/www.link2fleet.com\/wp-content\/uploads\/2024\/03\/rsz_cupraborn77kwh3-1024x585.jpeg\" alt=\"\" width=\"358\" height=\"205\" \/><\/p>\n<h2>&#8230; avec une ergonomie complexe<\/h2>\n<p>L&rsquo;ergonomie n&rsquo;est par contre pas irr\u00e9prochable. Nous n&rsquo;avons pas connu les bugs \u00e9lectroniques dont les diff\u00e9rents mod\u00e8les de cette plateforme ont souffert au d\u00e9but, mais les commandes de l&rsquo;\u00e9cran tactile central ne sont pas les plus intuitives. Par exemple, les menus sont parfois un peu complexes et nous ne sommes pas non plus fans des curseurs virtuels situ\u00e9s sous l&rsquo;\u00e9cran qui permettent de r\u00e9gler la temp\u00e9rature ou de contr\u00f4ler le volume audio.<\/p>\n<p>Les touches sur le volant avec retour haptique ne convainquent pas non plus et sont parfois carr\u00e9ment irritantes. En revanche, les deux boutons ronds situ\u00e9s aux \u00ab\u00a0aisselles\u00a0\u00bb des branches du volant et qui permettent de s\u00e9lectionner les modes de conduite (\u00e0 gauche) ou d&rsquo;activer le mode Cupra (\u00e0 droite) sont des boutons classiques qui, m\u00eame \u00e0 l&rsquo;\u00e8re du num\u00e9rique, ont toujours notre pr\u00e9f\u00e9rence. Quoi qu&rsquo;il en soit, en tant qu&rsquo;utilisateur r\u00e9gulier de la Born, on s&rsquo;habitue forc\u00e9ment \u00e0 ces \u00e9l\u00e9ments.<\/p>\n<p>On ne pourra peut-\u00eatre pas en dire autant de la qualit\u00e9 audio, en tout cas si vous \u00eates audiophiles, car le syst\u00e8me audio de base ne sonne pas particuli\u00e8rement bien &#8211; et oui, nous avons jou\u00e9 avec les r\u00e9glages du son dans l&rsquo;espoir d&rsquo;obtenir des sons plus agr\u00e9ables en provenance des haut-parleurs. En ce qui nous concerne, le syst\u00e8me audio Beats en option est donc indispensable. Heureusement, \u00e0 454,55 \u20ac HT, son prix n&rsquo;est pas d\u00e9raisonnable.<\/p>\n<p>&nbsp;<\/p>\n<h2><strong>Mode Cupra<\/strong><\/h2>\n<p>La version de 231 ch de la Cupra Bron dispose, comme indiqu\u00e9, d&rsquo;un mode Cupra, qui la rend un peu plus punchy et qui met sa propulsion un peu mieux en valeur. En mode de conduite &lsquo;normal&rsquo;, la Born fait preuve d&rsquo;une tenue de route s\u00fbre et pr\u00e9visible, o\u00f9 elle semble \u00eatre sur des rails gr\u00e2ce notamment \u00e0 son centre de gravit\u00e9 bas. Cependant, quand on s&#8217;emballe, le poids de pr\u00e8s de 1,9 tonne se fait quelque peu sentir &#8211; il en va de m\u00eame pour le freinage, d&rsquo;ailleurs, o\u00f9 la sensation de la p\u00e9dale pourrait \u00eatre meilleure.<\/p>\n<p>Heureusement, ce poids a peu d&rsquo;effet sur le confort de conduite. Tout au plus, sur les routes vallonn\u00e9es ou lors d&rsquo;un passage sur un dos d&rsquo;\u00e2ne, par exemple, on sent que la suspension arri\u00e8re est fermement enfonc\u00e9e dans ses ressorts. Le filtrage est \u00e9galement tout \u00e0 fait g\u00e9rable, surtout quand on sait que notre voiture d&rsquo;essai \u00e9tait mont\u00e9e sur les jolies mais plut\u00f4t co\u00fbteuses jantes Firestorm de 20 pouces en option, chauss\u00e9es de pneus 235\/40 (Michelin Pilot Sport EVs). Toutefois, ceux qui appr\u00e9cient un contact plus doux avec la route pr\u00e9f\u00e8rent logiquement s&rsquo;en tenir aux jantes standard de 19 pouces (avec des pneus 215\/50).<\/p>\n<p>&nbsp;<\/p>\n<p><img loading=\"lazy\" decoding=\"async\" class=\"wp-image-1306316 alignleft\" src=\"https:\/\/www.link2fleet.com\/wp-content\/uploads\/2024\/03\/Cupra-Born_09-1024x576.jpg\" alt=\"\" width=\"399\" height=\"224\" \/><\/p>\n<h2><strong>Plus de 400 km<\/strong><\/h2>\n<p>L&rsquo;autonomie WLTP de la version 231 ch avec la batterie de 77 kWh est de 551 km. Dans la pratique, comptez toutefois sur un peu plus de 400 km. Lorsque nous sommes all\u00e9s chercher notre Born chez l&rsquo;importateur, l&rsquo;ordinateur de bord indiquait une autonomie de 415 km avec une batterie pleine. Et apr\u00e8s notre semaine de test, la consommation moyenne s&rsquo;\u00e9levait \u00e0 un peu moins de 20 kWh\/100 km (19,9 pour \u00eatre pr\u00e9cis). Un r\u00e9sultat honorable, mais certainement pas exceptionnel, du moins quand on sait que nous avons g\u00e9n\u00e9ralement gard\u00e9 un style de conduite normal \u00e0 calme et que nous avons rarement enclench\u00e9 le bouton Cupra boost.<\/p>\n<p>De plus, la temp\u00e9rature ext\u00e9rieure pendant la majeure partie de notre semaine de test se situait entre 10 et 17 \u00b0C, il ne faisait donc pas assez froid pour affecter n\u00e9gativement les performances de la batterie. Pour \u00eatre juste, cependant, nous devons mentionner que nous avons \u00e9galement laiss\u00e9 de c\u00f4t\u00e9 la plupart du temps le mode B, qui r\u00e9cup\u00e8re de l&rsquo;\u00e9nergie suppl\u00e9mentaire pendant la d\u00e9c\u00e9l\u00e9ration, par pr\u00e9f\u00e9rence personnelle. Si vous devez l&rsquo;utiliser plus souvent, cela affecterait bien s\u00fbr la consommation d&rsquo;\u00e9nergie &#8211; et donc l&rsquo;autonomie &#8211; de mani\u00e8re favorable. Vous aurez aussi int\u00e9r\u00eat \u00e0 utiliser les pneus standard plus \u00e9troits, qui r\u00e9duisent d&rsquo;autant la r\u00e9sistance au roulement. En ce qui concerne la charge, la capacit\u00e9 de charge rapide de la batterie de 77 kWh a r\u00e9cemment \u00e9t\u00e9 port\u00e9e de 135 \u00e0 175 kW.<\/p>\n<h2>Bilan fleet<\/h2>\n<p>Plusieurs ann\u00e9es apr\u00e8s son lancement, la Born reste une alternative int\u00e9ressante pour ceux qui trouvent la Volkswagen ID.3 un peu trop ordinaire. Non seulement elle a l&rsquo;air plus \u00e9pic\u00e9e, mais avec sa suspension l\u00e9g\u00e8rement modifi\u00e9e, elle offre aussi (un peu) plus de plaisir de conduite. De plus, Cupra a \u00e9labor\u00e9 des \u00e9ditions Business+ int\u00e9ressantes, avec des prix (temporairement ?) r\u00e9duits : la Born avec 204 ch et la version 231 ch avec la petite batterie co\u00fbtent maintenant moins de 40 000 \u20ac TVA comprise, ce qui signifie que <a href=\"https:\/\/www.link2fleet.com\/fr\/la-prime-flamande-aux-evs-desormais-aussi-pour-les-independants-et-professions-liberales\/\">les freelances et les ind\u00e9pendants bas\u00e9s en Flandre peuvent pr\u00e9tendre \u00e0 la prime flamande EV de 5 000 \u20ac, tout comme les particuliers<\/a>. Notre version 77 kWh n&rsquo;y a pas droit, \u00e9tant donn\u00e9 son prix de 47 830 \u20ac \u00e0 l&rsquo;origine (ou 39 528,93 \u20ac HT), actuellement ramen\u00e9 \u00e0 41 8310 \u20ac (34 570 \u20ac HT). Il est toutefois dommage qu&rsquo;une pompe \u00e0 chaleur ne soit jamais fournie de s\u00e9rie.<\/p>\n<h2><strong>Fiche technique\u00a0<\/strong><\/h2>\n<p><strong>Cupra Born 231 pk 77 kWh<br \/>\n<\/strong><\/p>\n<table width=\"776\">\n<tbody>\n<tr>\n<td width=\"300\">\n<h3><strong>Informations techniques<\/strong><\/h3>\n<\/td>\n<td width=\"265\"><\/td>\n<\/tr>\n<tr>\n<td width=\"300\">Carburant<\/td>\n<td width=\"265\">Electrique<\/td>\n<\/tr>\n<tr>\n<td width=\"300\">Puissance<\/td>\n<td width=\"265\">170 kw \/ 231 ch<\/td>\n<\/tr>\n<tr>\n<td width=\"300\">Couple max.<\/td>\n<td width=\"265\">310 Nm<\/td>\n<\/tr>\n<tr>\n<td width=\"300\">Poids \u00e0 vide<\/td>\n<td width=\"265\">1.870 kg<\/td>\n<\/tr>\n<tr>\n<td width=\"300\">Volume de coffre<\/td>\n<td width=\"265\">385 l<\/td>\n<\/tr>\n<tr>\n<td width=\"300\">Autonomie<\/td>\n<td width=\"265\">551 km<\/td>\n<\/tr>\n<tr>\n<td width=\"300\">Consommation moyenne relev\u00e9e en test<\/td>\n<td width=\"265\">19,9 kWh\/100 km<\/td>\n<\/tr>\n<tr>\n<td width=\"300\">Emission de \u00a0CO<sub>2<\/sub><\/td>\n<td width=\"265\">0 g\/km<\/td>\n<\/tr>\n<tr>\n<td width=\"300\">Vitesse max.<\/td>\n<td width=\"265\">160 km\/h<\/td>\n<\/tr>\n<tr>\n<td width=\"300\">Capacit\u00e9 de la batterie<\/td>\n<td width=\"265\">77 kWh<\/td>\n<\/tr>\n<\/tbody>\n<\/table>\n<p>&nbsp;<\/p>\n<table>\n<tbody>\n<tr>\n<td colspan=\"2\">\n<h3><strong>Informations de gestion<\/strong><\/h3>\n<\/td>\n<\/tr>\n<tr>\n<td>Prix de base HTVA<\/td>\n<td>\u20ac 39.528,93<\/td>\n<\/tr>\n<tr>\n<td>Prix de base TVAC<\/td>\n<td>\u20ac 47.830<\/td>\n<\/tr>\n<tr>\n<td>TMC (Bruxelles, Wallonie, leasing)<\/td>\n<td>\u20ac 61,50<\/td>\n<\/tr>\n<tr>\n<td>TMC (Flandre)<\/td>\n<td>\u00a0\u20ac 0<\/td>\n<\/tr>\n<tr>\n<td>Taxe de roulage (Bruxelles, Wallonie, Leasing)<\/td>\n<td>\u20ac 97,68<\/td>\n<\/tr>\n<tr>\n<td>Taxe de roulage (Flandre)<\/td>\n<td>\u00a0\u20ac 0<\/td>\n<\/tr>\n<tr>\n<td>D\u00e9ductibilit\u00e9 fiscale<\/td>\n<td>100 %<\/td>\n<\/tr>\n<tr>\n<td>ATN utilisateur brut<\/td>\n<td>133,80 \u20ac\/mois<\/td>\n<\/tr>\n<tr>\n<td>D\u00e9penses non-admises<\/td>\n<td>13,38 \u20ac\/mois<\/td>\n<\/tr>\n<tr>\n<td>Cotisation CO2<\/td>\n<td>\u20ac 38,93<\/td>\n<\/tr>\n<\/tbody>\n<\/table>\n<p>&nbsp;<\/p>\n<h2>Galerie photos<\/h2>\n<p>&nbsp;<\/p>\n<blockquote><p><strong>Envie de tester la Cupra Born et toutes les derni\u00e8res nouveaut\u00e9s 100% \u00e9lectriques?<\/strong><\/p>\n<p>Rendez-vous le 13 juin prochain lors de notre link2fleet ZE Experience Event pour tester toutes les derni\u00e8res nouveaut\u00e9s full \u00e9lectriques du march\u00e9. Plus de 20 marques automobiles seront pr\u00e9sentes sur le site du Brabanthal de Leuven pour vous proposer leurs derni\u00e8res nouveaut\u00e9s \u00e0 l&rsquo;essai!<\/p>\n<p>Infos et inscriptions <a href=\"https:\/\/ze-experience-event.link2fleet.com\/fr\/\">ici<\/a>.<\/p><\/blockquote>\n","protected":false},"excerpt":{"rendered":"<p>Apr\u00e8s la Formentor, la Bron a \u00e9t\u00e9 le second mod\u00e8le \u00e0 n&rsquo;\u00eatre pas simplement un mod\u00e8le Seat avec un autre badge et une finition sportive (comme la Leon, la Leon Break et l&rsquo;Ateca). En attendant notamment le Tavascan et le Raval, la Born est le seul mod\u00e8le 100% \u00e9lectrique de la marque espagnole. Sur le [&hellip;]<\/p>\n","protected":false},"author":49,"featured_media":23789,"comment_status":"closed","ping_status":"closed","sticky":false,"template":"","format":"standard","meta":{"_acf_changed":false,"footnotes":""},"categories":[134],"tags":[],"class_list":["post-23788","post","type-post","status-publish","format-standard","has-post-thumbnail","hentry","category-fleet-test"],"acf":[],"yoast_head":"<!-- This site is optimized with the Yoast SEO plugin v27.3 - https:\/\/yoast.com\/product\/yoast-seo-wordpress\/ -->\n<title>Fleet test \u2013 Cupra Born: temp\u00e9rament espagnol - link2fleet<\/title>\n<meta name=\"description\" content=\"Elle est sur le march\u00e9 depuis deux bonnes ann\u00e9es, mais anno 2024, la Cupra Born tout \u00e9lectrique peut encore mettre en avant de nombreux atouts\u2026\" \/>\n<meta name=\"robots\" content=\"index, follow, max-snippet:-1, max-image-preview:large, max-video-preview:-1\" \/>\n<meta property=\"og:locale\" content=\"fr_FR\" \/>\n<meta property=\"og:type\" content=\"article\" \/>\n<meta property=\"og:title\" content=\"Fleet test \u2013 Cupra Born: temp\u00e9rament espagnol - link2fleet\" \/>\n<meta property=\"og:description\" content=\"Elle est sur le march\u00e9 depuis deux bonnes ann\u00e9es, mais anno 2024, la Cupra Born tout \u00e9lectrique peut encore mettre en avant de nombreux atouts\u2026\" \/>\n<meta property=\"og:url\" content=\"https:\/\/www.link2fleet.com\/fr\/fleet-test-cupra-born-temperament-espagnol\/\" \/>\n<meta property=\"og:site_name\" content=\"link2fleet\" \/>\n<meta property=\"article:published_time\" content=\"2024-03-26T13:34:25+00:00\" \/>\n<meta property=\"article:modified_time\" content=\"2024-04-12T11:43:03+00:00\" \/>\n<meta property=\"og:image\" content=\"https:\/\/static.link2fleet.com\/wp-content\/uploads\/2024\/04\/cupra-born-06.jpg\" \/>\n\t<meta property=\"og:image:width\" content=\"1150\" \/>\n\t<meta property=\"og:image:height\" content=\"767\" \/>\n\t<meta property=\"og:image:type\" content=\"image\/jpeg\" \/>\n<meta name=\"author\" content=\"Kevin Kersemans\" \/>\n<meta name=\"twitter:card\" content=\"summary_large_image\" \/>\n<meta name=\"twitter:description\" content=\"Elle est sur le march\u00e9 depuis deux bonnes ann\u00e9es, mais anno 2024, la Cupra Born tout \u00e9lectrique peut encore mettre en avant de nombreux atouts\u2026\" \/>\n<meta name=\"twitter:label1\" content=\"\u00c9crit par\" \/>\n\t<meta name=\"twitter:data1\" content=\"Kevin Kersemans\" \/>\n\t<meta name=\"twitter:label2\" content=\"Dur\u00e9e de lecture estim\u00e9e\" \/>\n\t<meta name=\"twitter:data2\" content=\"8 minutes\" \/>\n<script type=\"application\/ld+json\" class=\"yoast-schema-graph\">{\"@context\":\"https:\\\/\\\/schema.org\",\"@graph\":[{\"@type\":\"Article\",\"@id\":\"https:\\\/\\\/www.link2fleet.com\\\/fr\\\/fleet-test-cupra-born-temperament-espagnol\\\/#article\",\"isPartOf\":{\"@id\":\"https:\\\/\\\/www.link2fleet.com\\\/fr\\\/fleet-test-cupra-born-temperament-espagnol\\\/\"},\"author\":{\"name\":\"Kevin Kersemans\",\"@id\":\"https:\\\/\\\/www.link2fleet.com\\\/fr\\\/#\\\/schema\\\/person\\\/877bc89c32c65772066cb11fe1e67bbf\"},\"headline\":\"Fleet test \u2013 Cupra Born: temp\u00e9rament espagnol\",\"datePublished\":\"2024-03-26T13:34:25+00:00\",\"dateModified\":\"2024-04-12T11:43:03+00:00\",\"mainEntityOfPage\":{\"@id\":\"https:\\\/\\\/www.link2fleet.com\\\/fr\\\/fleet-test-cupra-born-temperament-espagnol\\\/\"},\"wordCount\":1554,\"publisher\":{\"@id\":\"https:\\\/\\\/www.link2fleet.com\\\/fr\\\/#organization\"},\"image\":{\"@id\":\"https:\\\/\\\/www.link2fleet.com\\\/fr\\\/fleet-test-cupra-born-temperament-espagnol\\\/#primaryimage\"},\"thumbnailUrl\":\"https:\\\/\\\/static.link2fleet.com\\\/wp-content\\\/uploads\\\/2024\\\/04\\\/cupra-born-06.jpg\",\"articleSection\":[\"Essais fleet\"],\"inLanguage\":\"fr-FR\"},{\"@type\":\"WebPage\",\"@id\":\"https:\\\/\\\/www.link2fleet.com\\\/fr\\\/fleet-test-cupra-born-temperament-espagnol\\\/\",\"url\":\"https:\\\/\\\/www.link2fleet.com\\\/fr\\\/fleet-test-cupra-born-temperament-espagnol\\\/\",\"name\":\"Fleet test \u2013 Cupra Born: temp\u00e9rament espagnol - link2fleet\",\"isPartOf\":{\"@id\":\"https:\\\/\\\/www.link2fleet.com\\\/fr\\\/#website\"},\"primaryImageOfPage\":{\"@id\":\"https:\\\/\\\/www.link2fleet.com\\\/fr\\\/fleet-test-cupra-born-temperament-espagnol\\\/#primaryimage\"},\"image\":{\"@id\":\"https:\\\/\\\/www.link2fleet.com\\\/fr\\\/fleet-test-cupra-born-temperament-espagnol\\\/#primaryimage\"},\"thumbnailUrl\":\"https:\\\/\\\/static.link2fleet.com\\\/wp-content\\\/uploads\\\/2024\\\/04\\\/cupra-born-06.jpg\",\"datePublished\":\"2024-03-26T13:34:25+00:00\",\"dateModified\":\"2024-04-12T11:43:03+00:00\",\"breadcrumb\":{\"@id\":\"https:\\\/\\\/www.link2fleet.com\\\/fr\\\/fleet-test-cupra-born-temperament-espagnol\\\/#breadcrumb\"},\"inLanguage\":\"fr-FR\",\"potentialAction\":[{\"@type\":\"ReadAction\",\"target\":[\"https:\\\/\\\/www.link2fleet.com\\\/fr\\\/fleet-test-cupra-born-temperament-espagnol\\\/\"]}]},{\"@type\":\"ImageObject\",\"inLanguage\":\"fr-FR\",\"@id\":\"https:\\\/\\\/www.link2fleet.com\\\/fr\\\/fleet-test-cupra-born-temperament-espagnol\\\/#primaryimage\",\"url\":\"https:\\\/\\\/static.link2fleet.com\\\/wp-content\\\/uploads\\\/2024\\\/04\\\/cupra-born-06.jpg\",\"contentUrl\":\"https:\\\/\\\/static.link2fleet.com\\\/wp-content\\\/uploads\\\/2024\\\/04\\\/cupra-born-06.jpg\",\"width\":1150,\"height\":767,\"caption\":\"|||||||||\"},{\"@type\":\"BreadcrumbList\",\"@id\":\"https:\\\/\\\/www.link2fleet.com\\\/fr\\\/fleet-test-cupra-born-temperament-espagnol\\\/#breadcrumb\",\"itemListElement\":[{\"@type\":\"ListItem\",\"position\":1,\"name\":\"Home\",\"item\":\"https:\\\/\\\/www.link2fleet.com\\\/fr\\\/\"},{\"@type\":\"ListItem\",\"position\":2,\"name\":\"Fleet test \u2013 Cupra Born: temp\u00e9rament espagnol\"}]},{\"@type\":\"WebSite\",\"@id\":\"https:\\\/\\\/www.link2fleet.com\\\/fr\\\/#website\",\"url\":\"https:\\\/\\\/www.link2fleet.com\\\/fr\\\/\",\"name\":\"Link2fleet\",\"description\":\"\",\"publisher\":{\"@id\":\"https:\\\/\\\/www.link2fleet.com\\\/fr\\\/#organization\"},\"potentialAction\":[{\"@type\":\"SearchAction\",\"target\":{\"@type\":\"EntryPoint\",\"urlTemplate\":\"https:\\\/\\\/www.link2fleet.com\\\/fr\\\/?s={search_term_string}\"},\"query-input\":{\"@type\":\"PropertyValueSpecification\",\"valueRequired\":true,\"valueName\":\"search_term_string\"}}],\"inLanguage\":\"fr-FR\"},{\"@type\":\"Organization\",\"@id\":\"https:\\\/\\\/www.link2fleet.com\\\/fr\\\/#organization\",\"name\":\"Link2fleet\",\"url\":\"https:\\\/\\\/www.link2fleet.com\\\/fr\\\/\",\"logo\":{\"@type\":\"ImageObject\",\"inLanguage\":\"fr-FR\",\"@id\":\"https:\\\/\\\/www.link2fleet.com\\\/fr\\\/#\\\/schema\\\/logo\\\/image\\\/\",\"url\":\"https:\\\/\\\/static.link2fleet.com\\\/wp-content\\\/uploads\\\/2024\\\/03\\\/share-image.jpg\",\"contentUrl\":\"https:\\\/\\\/static.link2fleet.com\\\/wp-content\\\/uploads\\\/2024\\\/03\\\/share-image.jpg\",\"width\":1200,\"height\":630,\"caption\":\"Link2fleet\"},\"image\":{\"@id\":\"https:\\\/\\\/www.link2fleet.com\\\/fr\\\/#\\\/schema\\\/logo\\\/image\\\/\"},\"sameAs\":[\"https:\\\/\\\/www.linkedin.com\\\/company\\\/link2fleet-belgium\",\"https:\\\/\\\/www.youtube.com\\\/user\\\/MMMBMBE\"]},{\"@type\":\"Person\",\"@id\":\"https:\\\/\\\/www.link2fleet.com\\\/fr\\\/#\\\/schema\\\/person\\\/877bc89c32c65772066cb11fe1e67bbf\",\"name\":\"Kevin Kersemans\",\"image\":{\"@type\":\"ImageObject\",\"inLanguage\":\"fr-FR\",\"@id\":\"https:\\\/\\\/secure.gravatar.com\\\/avatar\\\/b12f7d0f252688f677f4c181b6df65bf86880634bfcef3be42c82efcdb33d654?s=96&d=mm&r=g\",\"url\":\"https:\\\/\\\/secure.gravatar.com\\\/avatar\\\/b12f7d0f252688f677f4c181b6df65bf86880634bfcef3be42c82efcdb33d654?s=96&d=mm&r=g\",\"contentUrl\":\"https:\\\/\\\/secure.gravatar.com\\\/avatar\\\/b12f7d0f252688f677f4c181b6df65bf86880634bfcef3be42c82efcdb33d654?s=96&d=mm&r=g\",\"caption\":\"Kevin Kersemans\"},\"description\":\"Kevin Kersemans is autojournalist met al enkele decennia ervaring op de teller. Zijn passie voor auto's en alles op wielen heeft hij al van kindsbeen af. Voor link2fleet volgt hij vooral de auto-actualiteit en test hij nieuwe modellen.\"}]}<\/script>\n<!-- \/ Yoast SEO plugin. -->","yoast_head_json":{"title":"Fleet test \u2013 Cupra Born: temp\u00e9rament espagnol - link2fleet","description":"Elle est sur le march\u00e9 depuis deux bonnes ann\u00e9es, mais anno 2024, la Cupra Born tout \u00e9lectrique peut encore mettre en avant de nombreux atouts\u2026","robots":{"index":"index","follow":"follow","max-snippet":"max-snippet:-1","max-image-preview":"max-image-preview:large","max-video-preview":"max-video-preview:-1"},"og_locale":"fr_FR","og_type":"article","og_title":"Fleet test \u2013 Cupra Born: temp\u00e9rament espagnol - link2fleet","og_description":"Elle est sur le march\u00e9 depuis deux bonnes ann\u00e9es, mais anno 2024, la Cupra Born tout \u00e9lectrique peut encore mettre en avant de nombreux atouts\u2026","og_url":"https:\/\/www.link2fleet.com\/fr\/fleet-test-cupra-born-temperament-espagnol\/","og_site_name":"link2fleet","article_published_time":"2024-03-26T13:34:25+00:00","article_modified_time":"2024-04-12T11:43:03+00:00","og_image":[{"width":1150,"height":767,"url":"https:\/\/static.link2fleet.com\/wp-content\/uploads\/2024\/04\/cupra-born-06.jpg","type":"image\/jpeg"}],"author":"Kevin Kersemans","twitter_card":"summary_large_image","twitter_description":"Elle est sur le march\u00e9 depuis deux bonnes ann\u00e9es, mais anno 2024, la Cupra Born tout \u00e9lectrique peut encore mettre en avant de nombreux atouts\u2026","twitter_misc":{"\u00c9crit par":"Kevin Kersemans","Dur\u00e9e de lecture estim\u00e9e":"8 minutes"},"schema":{"@context":"https:\/\/schema.org","@graph":[{"@type":"Article","@id":"https:\/\/www.link2fleet.com\/fr\/fleet-test-cupra-born-temperament-espagnol\/#article","isPartOf":{"@id":"https:\/\/www.link2fleet.com\/fr\/fleet-test-cupra-born-temperament-espagnol\/"},"author":{"name":"Kevin Kersemans","@id":"https:\/\/www.link2fleet.com\/fr\/#\/schema\/person\/877bc89c32c65772066cb11fe1e67bbf"},"headline":"Fleet test \u2013 Cupra Born: temp\u00e9rament espagnol","datePublished":"2024-03-26T13:34:25+00:00","dateModified":"2024-04-12T11:43:03+00:00","mainEntityOfPage":{"@id":"https:\/\/www.link2fleet.com\/fr\/fleet-test-cupra-born-temperament-espagnol\/"},"wordCount":1554,"publisher":{"@id":"https:\/\/www.link2fleet.com\/fr\/#organization"},"image":{"@id":"https:\/\/www.link2fleet.com\/fr\/fleet-test-cupra-born-temperament-espagnol\/#primaryimage"},"thumbnailUrl":"https:\/\/static.link2fleet.com\/wp-content\/uploads\/2024\/04\/cupra-born-06.jpg","articleSection":["Essais fleet"],"inLanguage":"fr-FR"},{"@type":"WebPage","@id":"https:\/\/www.link2fleet.com\/fr\/fleet-test-cupra-born-temperament-espagnol\/","url":"https:\/\/www.link2fleet.com\/fr\/fleet-test-cupra-born-temperament-espagnol\/","name":"Fleet test \u2013 Cupra Born: temp\u00e9rament espagnol - link2fleet","isPartOf":{"@id":"https:\/\/www.link2fleet.com\/fr\/#website"},"primaryImageOfPage":{"@id":"https:\/\/www.link2fleet.com\/fr\/fleet-test-cupra-born-temperament-espagnol\/#primaryimage"},"image":{"@id":"https:\/\/www.link2fleet.com\/fr\/fleet-test-cupra-born-temperament-espagnol\/#primaryimage"},"thumbnailUrl":"https:\/\/static.link2fleet.com\/wp-content\/uploads\/2024\/04\/cupra-born-06.jpg","datePublished":"2024-03-26T13:34:25+00:00","dateModified":"2024-04-12T11:43:03+00:00","breadcrumb":{"@id":"https:\/\/www.link2fleet.com\/fr\/fleet-test-cupra-born-temperament-espagnol\/#breadcrumb"},"inLanguage":"fr-FR","potentialAction":[{"@type":"ReadAction","target":["https:\/\/www.link2fleet.com\/fr\/fleet-test-cupra-born-temperament-espagnol\/"]}]},{"@type":"ImageObject","inLanguage":"fr-FR","@id":"https:\/\/www.link2fleet.com\/fr\/fleet-test-cupra-born-temperament-espagnol\/#primaryimage","url":"https:\/\/static.link2fleet.com\/wp-content\/uploads\/2024\/04\/cupra-born-06.jpg","contentUrl":"https:\/\/static.link2fleet.com\/wp-content\/uploads\/2024\/04\/cupra-born-06.jpg","width":1150,"height":767,"caption":"|||||||||"},{"@type":"BreadcrumbList","@id":"https:\/\/www.link2fleet.com\/fr\/fleet-test-cupra-born-temperament-espagnol\/#breadcrumb","itemListElement":[{"@type":"ListItem","position":1,"name":"Home","item":"https:\/\/www.link2fleet.com\/fr\/"},{"@type":"ListItem","position":2,"name":"Fleet test \u2013 Cupra Born: temp\u00e9rament espagnol"}]},{"@type":"WebSite","@id":"https:\/\/www.link2fleet.com\/fr\/#website","url":"https:\/\/www.link2fleet.com\/fr\/","name":"Link2fleet","description":"","publisher":{"@id":"https:\/\/www.link2fleet.com\/fr\/#organization"},"potentialAction":[{"@type":"SearchAction","target":{"@type":"EntryPoint","urlTemplate":"https:\/\/www.link2fleet.com\/fr\/?s={search_term_string}"},"query-input":{"@type":"PropertyValueSpecification","valueRequired":true,"valueName":"search_term_string"}}],"inLanguage":"fr-FR"},{"@type":"Organization","@id":"https:\/\/www.link2fleet.com\/fr\/#organization","name":"Link2fleet","url":"https:\/\/www.link2fleet.com\/fr\/","logo":{"@type":"ImageObject","inLanguage":"fr-FR","@id":"https:\/\/www.link2fleet.com\/fr\/#\/schema\/logo\/image\/","url":"https:\/\/static.link2fleet.com\/wp-content\/uploads\/2024\/03\/share-image.jpg","contentUrl":"https:\/\/static.link2fleet.com\/wp-content\/uploads\/2024\/03\/share-image.jpg","width":1200,"height":630,"caption":"Link2fleet"},"image":{"@id":"https:\/\/www.link2fleet.com\/fr\/#\/schema\/logo\/image\/"},"sameAs":["https:\/\/www.linkedin.com\/company\/link2fleet-belgium","https:\/\/www.youtube.com\/user\/MMMBMBE"]},{"@type":"Person","@id":"https:\/\/www.link2fleet.com\/fr\/#\/schema\/person\/877bc89c32c65772066cb11fe1e67bbf","name":"Kevin Kersemans","image":{"@type":"ImageObject","inLanguage":"fr-FR","@id":"https:\/\/secure.gravatar.com\/avatar\/b12f7d0f252688f677f4c181b6df65bf86880634bfcef3be42c82efcdb33d654?s=96&d=mm&r=g","url":"https:\/\/secure.gravatar.com\/avatar\/b12f7d0f252688f677f4c181b6df65bf86880634bfcef3be42c82efcdb33d654?s=96&d=mm&r=g","contentUrl":"https:\/\/secure.gravatar.com\/avatar\/b12f7d0f252688f677f4c181b6df65bf86880634bfcef3be42c82efcdb33d654?s=96&d=mm&r=g","caption":"Kevin Kersemans"},"description":"Kevin Kersemans is autojournalist met al enkele decennia ervaring op de teller. Zijn passie voor auto's en alles op wielen heeft hij al van kindsbeen af. Voor link2fleet volgt hij vooral de auto-actualiteit en test hij nieuwe modellen."}]}},"_links":{"self":[{"href":"https:\/\/www.link2fleet.com\/fr\/wp-json\/wp\/v2\/posts\/23788","targetHints":{"allow":["GET"]}}],"collection":[{"href":"https:\/\/www.link2fleet.com\/fr\/wp-json\/wp\/v2\/posts"}],"about":[{"href":"https:\/\/www.link2fleet.com\/fr\/wp-json\/wp\/v2\/types\/post"}],"author":[{"embeddable":true,"href":"https:\/\/www.link2fleet.com\/fr\/wp-json\/wp\/v2\/users\/49"}],"replies":[{"embeddable":true,"href":"https:\/\/www.link2fleet.com\/fr\/wp-json\/wp\/v2\/comments?post=23788"}],"version-history":[{"count":0,"href":"https:\/\/www.link2fleet.com\/fr\/wp-json\/wp\/v2\/posts\/23788\/revisions"}],"wp:featuredmedia":[{"embeddable":true,"href":"https:\/\/www.link2fleet.com\/fr\/wp-json\/wp\/v2\/media\/23789"}],"wp:attachment":[{"href":"https:\/\/www.link2fleet.com\/fr\/wp-json\/wp\/v2\/media?parent=23788"}],"wp:term":[{"taxonomy":"category","embeddable":true,"href":"https:\/\/www.link2fleet.com\/fr\/wp-json\/wp\/v2\/categories?post=23788"},{"taxonomy":"post_tag","embeddable":true,"href":"https:\/\/www.link2fleet.com\/fr\/wp-json\/wp\/v2\/tags?post=23788"}],"curies":[{"name":"wp","href":"https:\/\/api.w.org\/{rel}","templated":true}]}}