{"id":23849,"date":"2024-04-08T09:25:30","date_gmt":"2024-04-08T07:25:30","guid":{"rendered":"https:\/\/www.link2fleet.com\/immatriculations-belges-premier-trimestre-positif\/"},"modified":"2024-04-12T13:51:58","modified_gmt":"2024-04-12T11:51:58","slug":"immatriculations-belges-premier-trimestre-positif","status":"publish","type":"post","link":"https:\/\/www.link2fleet.com\/fr\/immatriculations-belges-premier-trimestre-positif\/","title":{"rendered":"Immatriculations belges: premier trimestre positif"},"content":{"rendered":"<p>Le march\u00e9 belge des voitures particuli\u00e8res a connu son meilleur premier trimestre depuis 2020 et l&rsquo;apparition de la pand\u00e9mie de coronavirus. Pour celui des v\u00e9hicules utilitaires l\u00e9gers, il s&rsquo;agit du meilleur premier trimestre depuis 2021 et pour celui des motos m\u00eame depuis 2019. Bien que le mois \u00e9coul\u00e9 ait enregistr\u00e9 une baisse pour les deux premi\u00e8res semaines par rapport \u00e0 l&rsquo;ann\u00e9e derni\u00e8re (respectivement -13,5 et -14,4 %), Febiac indique que cela est d\u00fb en grande partie \u00e0 la diminution du nombre de jours ouvrables en mars 2024.<\/p>\n<p>En revanche, les motos neuves ont \u00e9t\u00e9 plus nombreuses \u00e0 \u00eatre immatricul\u00e9es le mois dernier qu&rsquo;en mars 2023 (+2,9%). Sur les trois premiers mois, le solde est partout positif, aussi bien pour les voitures de tourisme (+2,78%) que pour les camionnettes (+1,76%) et les motos (+5,9%). De janvier \u00e0 mars 2024, 135.140 nouvelles voitures de tourisme, 18.211 nouvelles camionnettes et 6.691 nouvelles motos ont \u00e9t\u00e9 immatricul\u00e9es.<\/p>\n<h2><\/h2>\n<h2>BMW en haut du classement<\/h2>\n<p>Au sein des voitures particuli\u00e8res, c&rsquo;est BMW qui est (\u00e0 nouveau) le grand vainqueur. La marque enregistre encore une hausse de 8,2% par rapport \u00e0 l&rsquo;an dernier avec 14.243 immatriculations entre janvier et mars 2024 et augmente ainsi sa sa part de march\u00e9 \u00e0 10,54%. La marque soeur, Mini (22e position) a quant \u00e0 elle immatricul\u00e9 42,63% de moins que l&rsquo;an dernier. A la deuxi\u00e8me position, on trouve Volkswagen, mais le top 5 est compl\u00e9t\u00e9 par les trois autres marques premium, Audi, Mercedes et <a href=\"https:\/\/www.link2fleet.com\/fr\/volvo-a-produit-sa-toute-derniere-voiture-diesel\/\">Volvo<\/a> &#8211; gr\u00e2ce \u00e9videmment \u00e0 la popularit\u00e9 des voitures de soci\u00e9t\u00e9 sur notre march\u00e9.<\/p>\n<p><img loading=\"lazy\" decoding=\"async\" class=\"aligncenter size-full wp-image-1306569\" src=\"https:\/\/www.link2fleet.com\/wp-content\/uploads\/2024\/04\/personenwagens-jan.-maart-2024.png\" alt=\"\" width=\"774\" height=\"958\" \/><\/p>\n<p>Les grands perdants, si on regarde les pourcentages, sont Lynk &amp; Co (-82,57%) et Subaru (-50,34%), des pourcentages qui sont \u00e9videment \u00e0 mettre en relation avec leur faible volumes. Les choses semblent en tout cas moins positives pour le groupe Stellantis, dont les marques Fiat, DS et Opel perdent respectivement 48,81%, 46,64% et 42,24%. Peugeot et Citro\u00ebn, qui terminent \u00e0 la 10e et 15e place, font toutefois mieux.<\/p>\n<p>En termes de pourcentage, le plus gros gain est celui de Smart, qui a r\u00e9ussi \u00e0 enregistrer 586,36 % de voitures en plus par rapport \u00e0 la p\u00e9riode janvier-mars 2023. Cependant, nous parlons de 129 unit\u00e9s contre&#8230; 22. Un autre grand bond est celui de BYD (+261,54 %), en passant de 117 \u00e0 423 unit\u00e9s. Une autre hausse notable est celle de Honda, qui a enregistr\u00e9 presque deux fois plus de voitures que l&rsquo;ann\u00e9e derni\u00e8re.<\/p>\n<p>&nbsp;<\/p>\n<h2>Honda tient bon<\/h2>\n<p>Sur le march\u00e9 des motos, c&rsquo;est le m\u00eame Honda (+1,26%) qui occupe \u00e0 nouveau la premi\u00e8re place, suivi par&#8230;. BMW. Cette derni\u00e8re perd toutefois du terrain, puisque sur l&rsquo;ensemble du premier trimestre, la marque allemande est en recul de 11,25 %, Yamaha commen\u00e7ant \u00e0 se rapprocher de plus en plus \u00e0 la position 3 (+37,35 %).<\/p>\n<p><img loading=\"lazy\" decoding=\"async\" class=\"aligncenter size-full wp-image-1306571\" src=\"https:\/\/www.link2fleet.com\/wp-content\/uploads\/2024\/04\/motos-jan.-maart-2024.png\" alt=\"\" width=\"832\" height=\"1002\" \/><\/p>\n<p>Parmi les motos, Silence se distingue en vendant 178 e-scooters (et microcars), contre 9 l&rsquo;ann\u00e9e derni\u00e8re, et occupe d\u00e9sormais la 10e place du classement des entr\u00e9es.<\/p>\n<h2><\/h2>\n<h2>March\u00e9 des LCV stable<\/h2>\n<p>Parmi les camionnettes, les immatriculations ont chut\u00e9 de 15,96 et 13,77 % pour les deux marques les plus populaires (Renault et Ford) respectivement, tandis que les num\u00e9ros trois, quatre et cinq ont en fait progress\u00e9 (+13,13 % pour Mercedes, +32,35 % pour Volkswagen et +52,39 % pour Peugeot). Cependant, le classement reste inchang\u00e9 et Renault demeure le leader du march\u00e9, bien que sa part ait diminu\u00e9 de 19,82 % au cours des trois premiers mois de 2023 \u00e0 16,37 % pour le premier trimestre de 2024.<\/p>\n<p><img loading=\"lazy\" decoding=\"async\" class=\"aligncenter size-full wp-image-1306573\" src=\"https:\/\/www.link2fleet.com\/wp-content\/uploads\/2024\/04\/LCVs-jan.-maart-2024.png\" alt=\"\" width=\"878\" height=\"988\" \/><\/p>\n","protected":false},"excerpt":{"rendered":"<p>Le march\u00e9 belge des voitures particuli\u00e8res a connu son meilleur premier trimestre depuis 2020 et l&rsquo;apparition de la pand\u00e9mie de coronavirus. Pour celui des v\u00e9hicules utilitaires l\u00e9gers, il s&rsquo;agit du meilleur premier trimestre depuis 2021 et pour celui des motos m\u00eame depuis 2019. Bien que le mois \u00e9coul\u00e9 ait enregistr\u00e9 une baisse pour les deux [&hellip;]<\/p>\n","protected":false},"author":49,"featured_media":23850,"comment_status":"closed","ping_status":"closed","sticky":false,"template":"","format":"standard","meta":{"_acf_changed":false,"footnotes":""},"categories":[95,91],"tags":[],"class_list":["post-23849","post","type-post","status-publish","format-standard","has-post-thumbnail","hentry","category-organisations-professionnelles-federations-experts","category-expertise-et-management"],"acf":[],"yoast_head":"<!-- This site is optimized with the Yoast SEO plugin v27.3 - https:\/\/yoast.com\/product\/yoast-seo-wordpress\/ -->\n<title>Immatriculations belges: premier trimestre positif - link2fleet<\/title>\n<meta name=\"description\" content=\"Febiac a annonc\u00e9 les chiffres des inscriptions pour le premier trimestre 2024. Par rapport \u00e0 la m\u00eame p\u00e9riode de l&rsquo;ann\u00e9e derni\u00e8re, ceux-ci montrent une tendance\u2026\" \/>\n<meta name=\"robots\" content=\"index, follow, max-snippet:-1, max-image-preview:large, max-video-preview:-1\" \/>\n<meta property=\"og:locale\" content=\"fr_FR\" \/>\n<meta property=\"og:type\" content=\"article\" \/>\n<meta property=\"og:title\" content=\"Immatriculations belges: premier trimestre positif - link2fleet\" \/>\n<meta property=\"og:description\" content=\"Febiac a annonc\u00e9 les chiffres des inscriptions pour le premier trimestre 2024. Par rapport \u00e0 la m\u00eame p\u00e9riode de l&rsquo;ann\u00e9e derni\u00e8re, ceux-ci montrent une tendance\u2026\" \/>\n<meta property=\"og:url\" content=\"https:\/\/www.link2fleet.com\/fr\/immatriculations-belges-premier-trimestre-positif\/\" \/>\n<meta property=\"og:site_name\" content=\"link2fleet\" \/>\n<meta property=\"article:published_time\" content=\"2024-04-08T07:25:30+00:00\" \/>\n<meta property=\"article:modified_time\" content=\"2024-04-12T11:51:58+00:00\" \/>\n<meta property=\"og:image\" content=\"https:\/\/static.link2fleet.com\/wp-content\/uploads\/2024\/04\/bmw-i4-edrive40.jpg\" \/>\n\t<meta property=\"og:image:width\" content=\"2249\" \/>\n\t<meta property=\"og:image:height\" content=\"1500\" \/>\n\t<meta property=\"og:image:type\" content=\"image\/jpeg\" \/>\n<meta name=\"author\" content=\"Kevin Kersemans\" \/>\n<meta name=\"twitter:card\" content=\"summary_large_image\" \/>\n<meta name=\"twitter:description\" content=\"Febiac a annonc\u00e9 les chiffres des inscriptions pour le premier trimestre 2024. Par rapport \u00e0 la m\u00eame p\u00e9riode de l&rsquo;ann\u00e9e derni\u00e8re, ceux-ci montrent une tendance\u2026\" \/>\n<meta name=\"twitter:label1\" content=\"\u00c9crit par\" \/>\n\t<meta name=\"twitter:data1\" content=\"Kevin Kersemans\" \/>\n\t<meta name=\"twitter:label2\" content=\"Dur\u00e9e de lecture estim\u00e9e\" \/>\n\t<meta name=\"twitter:data2\" content=\"4 minutes\" \/>\n<script type=\"application\/ld+json\" class=\"yoast-schema-graph\">{\"@context\":\"https:\\\/\\\/schema.org\",\"@graph\":[{\"@type\":\"Article\",\"@id\":\"https:\\\/\\\/www.link2fleet.com\\\/fr\\\/immatriculations-belges-premier-trimestre-positif\\\/#article\",\"isPartOf\":{\"@id\":\"https:\\\/\\\/www.link2fleet.com\\\/fr\\\/immatriculations-belges-premier-trimestre-positif\\\/\"},\"author\":{\"name\":\"Kevin Kersemans\",\"@id\":\"https:\\\/\\\/www.link2fleet.com\\\/fr\\\/#\\\/schema\\\/person\\\/877bc89c32c65772066cb11fe1e67bbf\"},\"headline\":\"Immatriculations belges: premier trimestre positif\",\"datePublished\":\"2024-04-08T07:25:30+00:00\",\"dateModified\":\"2024-04-12T11:51:58+00:00\",\"mainEntityOfPage\":{\"@id\":\"https:\\\/\\\/www.link2fleet.com\\\/fr\\\/immatriculations-belges-premier-trimestre-positif\\\/\"},\"wordCount\":549,\"publisher\":{\"@id\":\"https:\\\/\\\/www.link2fleet.com\\\/fr\\\/#organization\"},\"image\":{\"@id\":\"https:\\\/\\\/www.link2fleet.com\\\/fr\\\/immatriculations-belges-premier-trimestre-positif\\\/#primaryimage\"},\"thumbnailUrl\":\"https:\\\/\\\/static.link2fleet.com\\\/wp-content\\\/uploads\\\/2024\\\/04\\\/bmw-i4-edrive40.jpg\",\"articleSection\":[\"Expertise et f\u00e9d\u00e9rations\",\"Gestion de flotte\"],\"inLanguage\":\"fr-FR\"},{\"@type\":\"WebPage\",\"@id\":\"https:\\\/\\\/www.link2fleet.com\\\/fr\\\/immatriculations-belges-premier-trimestre-positif\\\/\",\"url\":\"https:\\\/\\\/www.link2fleet.com\\\/fr\\\/immatriculations-belges-premier-trimestre-positif\\\/\",\"name\":\"Immatriculations belges: premier trimestre positif - link2fleet\",\"isPartOf\":{\"@id\":\"https:\\\/\\\/www.link2fleet.com\\\/fr\\\/#website\"},\"primaryImageOfPage\":{\"@id\":\"https:\\\/\\\/www.link2fleet.com\\\/fr\\\/immatriculations-belges-premier-trimestre-positif\\\/#primaryimage\"},\"image\":{\"@id\":\"https:\\\/\\\/www.link2fleet.com\\\/fr\\\/immatriculations-belges-premier-trimestre-positif\\\/#primaryimage\"},\"thumbnailUrl\":\"https:\\\/\\\/static.link2fleet.com\\\/wp-content\\\/uploads\\\/2024\\\/04\\\/bmw-i4-edrive40.jpg\",\"datePublished\":\"2024-04-08T07:25:30+00:00\",\"dateModified\":\"2024-04-12T11:51:58+00:00\",\"breadcrumb\":{\"@id\":\"https:\\\/\\\/www.link2fleet.com\\\/fr\\\/immatriculations-belges-premier-trimestre-positif\\\/#breadcrumb\"},\"inLanguage\":\"fr-FR\",\"potentialAction\":[{\"@type\":\"ReadAction\",\"target\":[\"https:\\\/\\\/www.link2fleet.com\\\/fr\\\/immatriculations-belges-premier-trimestre-positif\\\/\"]}]},{\"@type\":\"ImageObject\",\"inLanguage\":\"fr-FR\",\"@id\":\"https:\\\/\\\/www.link2fleet.com\\\/fr\\\/immatriculations-belges-premier-trimestre-positif\\\/#primaryimage\",\"url\":\"https:\\\/\\\/static.link2fleet.com\\\/wp-content\\\/uploads\\\/2024\\\/04\\\/bmw-i4-edrive40.jpg\",\"contentUrl\":\"https:\\\/\\\/static.link2fleet.com\\\/wp-content\\\/uploads\\\/2024\\\/04\\\/bmw-i4-edrive40.jpg\",\"width\":2249,\"height\":1500,\"caption\":\"|||\"},{\"@type\":\"BreadcrumbList\",\"@id\":\"https:\\\/\\\/www.link2fleet.com\\\/fr\\\/immatriculations-belges-premier-trimestre-positif\\\/#breadcrumb\",\"itemListElement\":[{\"@type\":\"ListItem\",\"position\":1,\"name\":\"Home\",\"item\":\"https:\\\/\\\/www.link2fleet.com\\\/fr\\\/\"},{\"@type\":\"ListItem\",\"position\":2,\"name\":\"Immatriculations belges: premier trimestre positif\"}]},{\"@type\":\"WebSite\",\"@id\":\"https:\\\/\\\/www.link2fleet.com\\\/fr\\\/#website\",\"url\":\"https:\\\/\\\/www.link2fleet.com\\\/fr\\\/\",\"name\":\"Link2fleet\",\"description\":\"\",\"publisher\":{\"@id\":\"https:\\\/\\\/www.link2fleet.com\\\/fr\\\/#organization\"},\"potentialAction\":[{\"@type\":\"SearchAction\",\"target\":{\"@type\":\"EntryPoint\",\"urlTemplate\":\"https:\\\/\\\/www.link2fleet.com\\\/fr\\\/?s={search_term_string}\"},\"query-input\":{\"@type\":\"PropertyValueSpecification\",\"valueRequired\":true,\"valueName\":\"search_term_string\"}}],\"inLanguage\":\"fr-FR\"},{\"@type\":\"Organization\",\"@id\":\"https:\\\/\\\/www.link2fleet.com\\\/fr\\\/#organization\",\"name\":\"Link2fleet\",\"url\":\"https:\\\/\\\/www.link2fleet.com\\\/fr\\\/\",\"logo\":{\"@type\":\"ImageObject\",\"inLanguage\":\"fr-FR\",\"@id\":\"https:\\\/\\\/www.link2fleet.com\\\/fr\\\/#\\\/schema\\\/logo\\\/image\\\/\",\"url\":\"https:\\\/\\\/static.link2fleet.com\\\/wp-content\\\/uploads\\\/2024\\\/03\\\/share-image.jpg\",\"contentUrl\":\"https:\\\/\\\/static.link2fleet.com\\\/wp-content\\\/uploads\\\/2024\\\/03\\\/share-image.jpg\",\"width\":1200,\"height\":630,\"caption\":\"Link2fleet\"},\"image\":{\"@id\":\"https:\\\/\\\/www.link2fleet.com\\\/fr\\\/#\\\/schema\\\/logo\\\/image\\\/\"},\"sameAs\":[\"https:\\\/\\\/www.linkedin.com\\\/company\\\/link2fleet-belgium\",\"https:\\\/\\\/www.youtube.com\\\/user\\\/MMMBMBE\"]},{\"@type\":\"Person\",\"@id\":\"https:\\\/\\\/www.link2fleet.com\\\/fr\\\/#\\\/schema\\\/person\\\/877bc89c32c65772066cb11fe1e67bbf\",\"name\":\"Kevin Kersemans\",\"image\":{\"@type\":\"ImageObject\",\"inLanguage\":\"fr-FR\",\"@id\":\"https:\\\/\\\/secure.gravatar.com\\\/avatar\\\/b12f7d0f252688f677f4c181b6df65bf86880634bfcef3be42c82efcdb33d654?s=96&d=mm&r=g\",\"url\":\"https:\\\/\\\/secure.gravatar.com\\\/avatar\\\/b12f7d0f252688f677f4c181b6df65bf86880634bfcef3be42c82efcdb33d654?s=96&d=mm&r=g\",\"contentUrl\":\"https:\\\/\\\/secure.gravatar.com\\\/avatar\\\/b12f7d0f252688f677f4c181b6df65bf86880634bfcef3be42c82efcdb33d654?s=96&d=mm&r=g\",\"caption\":\"Kevin Kersemans\"},\"description\":\"Kevin Kersemans is autojournalist met al enkele decennia ervaring op de teller. Zijn passie voor auto's en alles op wielen heeft hij al van kindsbeen af. Voor link2fleet volgt hij vooral de auto-actualiteit en test hij nieuwe modellen.\"}]}<\/script>\n<!-- \/ Yoast SEO plugin. -->","yoast_head_json":{"title":"Immatriculations belges: premier trimestre positif - link2fleet","description":"Febiac a annonc\u00e9 les chiffres des inscriptions pour le premier trimestre 2024. Par rapport \u00e0 la m\u00eame p\u00e9riode de l&rsquo;ann\u00e9e derni\u00e8re, ceux-ci montrent une tendance\u2026","robots":{"index":"index","follow":"follow","max-snippet":"max-snippet:-1","max-image-preview":"max-image-preview:large","max-video-preview":"max-video-preview:-1"},"og_locale":"fr_FR","og_type":"article","og_title":"Immatriculations belges: premier trimestre positif - link2fleet","og_description":"Febiac a annonc\u00e9 les chiffres des inscriptions pour le premier trimestre 2024. Par rapport \u00e0 la m\u00eame p\u00e9riode de l&rsquo;ann\u00e9e derni\u00e8re, ceux-ci montrent une tendance\u2026","og_url":"https:\/\/www.link2fleet.com\/fr\/immatriculations-belges-premier-trimestre-positif\/","og_site_name":"link2fleet","article_published_time":"2024-04-08T07:25:30+00:00","article_modified_time":"2024-04-12T11:51:58+00:00","og_image":[{"width":2249,"height":1500,"url":"https:\/\/static.link2fleet.com\/wp-content\/uploads\/2024\/04\/bmw-i4-edrive40.jpg","type":"image\/jpeg"}],"author":"Kevin Kersemans","twitter_card":"summary_large_image","twitter_description":"Febiac a annonc\u00e9 les chiffres des inscriptions pour le premier trimestre 2024. Par rapport \u00e0 la m\u00eame p\u00e9riode de l&rsquo;ann\u00e9e derni\u00e8re, ceux-ci montrent une tendance\u2026","twitter_misc":{"\u00c9crit par":"Kevin Kersemans","Dur\u00e9e de lecture estim\u00e9e":"4 minutes"},"schema":{"@context":"https:\/\/schema.org","@graph":[{"@type":"Article","@id":"https:\/\/www.link2fleet.com\/fr\/immatriculations-belges-premier-trimestre-positif\/#article","isPartOf":{"@id":"https:\/\/www.link2fleet.com\/fr\/immatriculations-belges-premier-trimestre-positif\/"},"author":{"name":"Kevin Kersemans","@id":"https:\/\/www.link2fleet.com\/fr\/#\/schema\/person\/877bc89c32c65772066cb11fe1e67bbf"},"headline":"Immatriculations belges: premier trimestre positif","datePublished":"2024-04-08T07:25:30+00:00","dateModified":"2024-04-12T11:51:58+00:00","mainEntityOfPage":{"@id":"https:\/\/www.link2fleet.com\/fr\/immatriculations-belges-premier-trimestre-positif\/"},"wordCount":549,"publisher":{"@id":"https:\/\/www.link2fleet.com\/fr\/#organization"},"image":{"@id":"https:\/\/www.link2fleet.com\/fr\/immatriculations-belges-premier-trimestre-positif\/#primaryimage"},"thumbnailUrl":"https:\/\/static.link2fleet.com\/wp-content\/uploads\/2024\/04\/bmw-i4-edrive40.jpg","articleSection":["Expertise et f\u00e9d\u00e9rations","Gestion de flotte"],"inLanguage":"fr-FR"},{"@type":"WebPage","@id":"https:\/\/www.link2fleet.com\/fr\/immatriculations-belges-premier-trimestre-positif\/","url":"https:\/\/www.link2fleet.com\/fr\/immatriculations-belges-premier-trimestre-positif\/","name":"Immatriculations belges: premier trimestre positif - link2fleet","isPartOf":{"@id":"https:\/\/www.link2fleet.com\/fr\/#website"},"primaryImageOfPage":{"@id":"https:\/\/www.link2fleet.com\/fr\/immatriculations-belges-premier-trimestre-positif\/#primaryimage"},"image":{"@id":"https:\/\/www.link2fleet.com\/fr\/immatriculations-belges-premier-trimestre-positif\/#primaryimage"},"thumbnailUrl":"https:\/\/static.link2fleet.com\/wp-content\/uploads\/2024\/04\/bmw-i4-edrive40.jpg","datePublished":"2024-04-08T07:25:30+00:00","dateModified":"2024-04-12T11:51:58+00:00","breadcrumb":{"@id":"https:\/\/www.link2fleet.com\/fr\/immatriculations-belges-premier-trimestre-positif\/#breadcrumb"},"inLanguage":"fr-FR","potentialAction":[{"@type":"ReadAction","target":["https:\/\/www.link2fleet.com\/fr\/immatriculations-belges-premier-trimestre-positif\/"]}]},{"@type":"ImageObject","inLanguage":"fr-FR","@id":"https:\/\/www.link2fleet.com\/fr\/immatriculations-belges-premier-trimestre-positif\/#primaryimage","url":"https:\/\/static.link2fleet.com\/wp-content\/uploads\/2024\/04\/bmw-i4-edrive40.jpg","contentUrl":"https:\/\/static.link2fleet.com\/wp-content\/uploads\/2024\/04\/bmw-i4-edrive40.jpg","width":2249,"height":1500,"caption":"|||"},{"@type":"BreadcrumbList","@id":"https:\/\/www.link2fleet.com\/fr\/immatriculations-belges-premier-trimestre-positif\/#breadcrumb","itemListElement":[{"@type":"ListItem","position":1,"name":"Home","item":"https:\/\/www.link2fleet.com\/fr\/"},{"@type":"ListItem","position":2,"name":"Immatriculations belges: premier trimestre positif"}]},{"@type":"WebSite","@id":"https:\/\/www.link2fleet.com\/fr\/#website","url":"https:\/\/www.link2fleet.com\/fr\/","name":"Link2fleet","description":"","publisher":{"@id":"https:\/\/www.link2fleet.com\/fr\/#organization"},"potentialAction":[{"@type":"SearchAction","target":{"@type":"EntryPoint","urlTemplate":"https:\/\/www.link2fleet.com\/fr\/?s={search_term_string}"},"query-input":{"@type":"PropertyValueSpecification","valueRequired":true,"valueName":"search_term_string"}}],"inLanguage":"fr-FR"},{"@type":"Organization","@id":"https:\/\/www.link2fleet.com\/fr\/#organization","name":"Link2fleet","url":"https:\/\/www.link2fleet.com\/fr\/","logo":{"@type":"ImageObject","inLanguage":"fr-FR","@id":"https:\/\/www.link2fleet.com\/fr\/#\/schema\/logo\/image\/","url":"https:\/\/static.link2fleet.com\/wp-content\/uploads\/2024\/03\/share-image.jpg","contentUrl":"https:\/\/static.link2fleet.com\/wp-content\/uploads\/2024\/03\/share-image.jpg","width":1200,"height":630,"caption":"Link2fleet"},"image":{"@id":"https:\/\/www.link2fleet.com\/fr\/#\/schema\/logo\/image\/"},"sameAs":["https:\/\/www.linkedin.com\/company\/link2fleet-belgium","https:\/\/www.youtube.com\/user\/MMMBMBE"]},{"@type":"Person","@id":"https:\/\/www.link2fleet.com\/fr\/#\/schema\/person\/877bc89c32c65772066cb11fe1e67bbf","name":"Kevin Kersemans","image":{"@type":"ImageObject","inLanguage":"fr-FR","@id":"https:\/\/secure.gravatar.com\/avatar\/b12f7d0f252688f677f4c181b6df65bf86880634bfcef3be42c82efcdb33d654?s=96&d=mm&r=g","url":"https:\/\/secure.gravatar.com\/avatar\/b12f7d0f252688f677f4c181b6df65bf86880634bfcef3be42c82efcdb33d654?s=96&d=mm&r=g","contentUrl":"https:\/\/secure.gravatar.com\/avatar\/b12f7d0f252688f677f4c181b6df65bf86880634bfcef3be42c82efcdb33d654?s=96&d=mm&r=g","caption":"Kevin Kersemans"},"description":"Kevin Kersemans is autojournalist met al enkele decennia ervaring op de teller. Zijn passie voor auto's en alles op wielen heeft hij al van kindsbeen af. Voor link2fleet volgt hij vooral de auto-actualiteit en test hij nieuwe modellen."}]}},"_links":{"self":[{"href":"https:\/\/www.link2fleet.com\/fr\/wp-json\/wp\/v2\/posts\/23849","targetHints":{"allow":["GET"]}}],"collection":[{"href":"https:\/\/www.link2fleet.com\/fr\/wp-json\/wp\/v2\/posts"}],"about":[{"href":"https:\/\/www.link2fleet.com\/fr\/wp-json\/wp\/v2\/types\/post"}],"author":[{"embeddable":true,"href":"https:\/\/www.link2fleet.com\/fr\/wp-json\/wp\/v2\/users\/49"}],"replies":[{"embeddable":true,"href":"https:\/\/www.link2fleet.com\/fr\/wp-json\/wp\/v2\/comments?post=23849"}],"version-history":[{"count":0,"href":"https:\/\/www.link2fleet.com\/fr\/wp-json\/wp\/v2\/posts\/23849\/revisions"}],"wp:featuredmedia":[{"embeddable":true,"href":"https:\/\/www.link2fleet.com\/fr\/wp-json\/wp\/v2\/media\/23850"}],"wp:attachment":[{"href":"https:\/\/www.link2fleet.com\/fr\/wp-json\/wp\/v2\/media?parent=23849"}],"wp:term":[{"taxonomy":"category","embeddable":true,"href":"https:\/\/www.link2fleet.com\/fr\/wp-json\/wp\/v2\/categories?post=23849"},{"taxonomy":"post_tag","embeddable":true,"href":"https:\/\/www.link2fleet.com\/fr\/wp-json\/wp\/v2\/tags?post=23849"}],"curies":[{"name":"wp","href":"https:\/\/api.w.org\/{rel}","templated":true}]}}