{"id":23868,"date":"2024-04-09T07:48:32","date_gmt":"2024-04-09T05:48:32","guid":{"rendered":"https:\/\/www.link2fleet.com\/le-nouvel-opel-frontera-se-devoile\/"},"modified":"2024-04-17T16:43:17","modified_gmt":"2024-04-17T14:43:17","slug":"le-nouvel-opel-frontera-se-devoile","status":"publish","type":"post","link":"https:\/\/www.link2fleet.com\/fr\/le-nouvel-opel-frontera-se-devoile\/","title":{"rendered":"Le nouvel Opel Frontera se d\u00e9voile"},"content":{"rendered":"<p>C&rsquo;est une v\u00e9ritable tendance chez les constructeurs de ressortir des noms de mod\u00e8les nostalgiques des armoires pour les coller sur un nouveau mod\u00e8le de crossover. Ford l&rsquo;a d\u00e9j\u00e0 fait avec la Puma et le fera bient\u00f4t encore en r\u00e9\u00e9ditant une Capri. Et Opel embo\u00eete le pas, puisque le constructeur a annonc\u00e9 la sortie prochaine d&rsquo;une concurrente majeure \u00e0 cette Capri, la Manta, comme dans les ann\u00e9es 1970.\u00a0<img loading=\"lazy\" decoding=\"async\" class=\"wp-image-1306639 alignright\" src=\"https:\/\/www.link2fleet.com\/wp-content\/uploads\/2024\/04\/NewOpelFrontera-1024x576.jpg\" alt=\"\" width=\"247\" height=\"139\" \/><\/p>\n<p>Mais d&rsquo;abord, revoici l&rsquo;Opel&#8230; Fontera, qui reprend donc le nom du tout-terrain des ann\u00e9es 1990 qui \u00e9tait en fait bas\u00e9 sur un Isuzu. La Frontera du XXIe si\u00e8cle sera toutefois un peu moins robuste que son homonyme. Cette fois, il s&rsquo;agit plut\u00f4t d&rsquo;un crossover branch\u00e9 qui n&rsquo;est pas destin\u00e9 \u00e0 se frayer un chemin dans la boue &#8211; il n&rsquo;y a pas de quatre roues motrices, par exemple.<\/p>\n<p>&nbsp;<\/p>\n<h2>Base Stellantis \u00e0 la sauce Opel<\/h2>\n<p>Le constructeur n&rsquo;a pas encore annonc\u00e9 des dimensions exactes, mais au sein de la gamme Opel, le nouveau Frontera se positionnera entre le petit Mokka et le grand Grandland, ce qui en fait, de facto, le successeur du Crossland. Le nouveau venu profitera de la plateforme Smart Car du groupe Stellantis, dont Opel fait partie.<\/p>\n<p>En termes de design, il reprend le style des derni\u00e8res productions de la marque de R\u00fcsselsheim. Ses caract\u00e9ristiques les plus visibles sont le panneau noir entre les phares (le Vizor d&rsquo;Opel) et \u00e0 l&rsquo;int\u00e9rieur le cockpit Pure Panel avec deux \u00e9crans de 10 pouces.<\/p>\n<p><img loading=\"lazy\" decoding=\"async\" class=\"aligncenter size-large wp-image-1306641\" src=\"https:\/\/www.link2fleet.com\/wp-content\/uploads\/2024\/04\/NewOpelFrontera4-1024x576.jpg\" alt=\"\" width=\"640\" height=\"360\" \/><\/p>\n<h2>Mild-hybride ou \u00e9lectrique<\/h2>\n<p>Les caract\u00e9ristiques techniques n&rsquo;ont pas encore \u00e9t\u00e9 r\u00e9v\u00e9l\u00e9es par Opel. Seulement que le Frontera pourra \u00eatre command\u00e9 \u00e0 la fois avec un moteur \u00e0 essence soutenu par un syst\u00e8me mild hybride de 48 volts et avec un syst\u00e8me de propulsion enti\u00e8rement \u00e9lectrique. Dans le premier cas, il s&rsquo;agira logiquement du trois cylindres 1,2 PureTech, mais on ignore encore quel moteur et quelle batterie lui seront attribu\u00e9s.<br \/>\n<img loading=\"lazy\" decoding=\"async\" class=\"wp-image-1306643 alignleft\" src=\"https:\/\/www.link2fleet.com\/wp-content\/uploads\/2024\/04\/NewOpelFrontera3-1024x576.jpg\" alt=\"\" width=\"340\" height=\"191\" \/><\/p>\n<p>Il pourrait s&rsquo;agir du moteur \u00e9lectrique de 113 ch et de la batterie de 44 kWh de la r\u00e9cente <a href=\"https:\/\/www.link2fleet.com\/fr\/une-voiture-electrique-a-moins-de-20-000-euros-cest-la-promesse-de-la-citroen-e-c3\/\">Citro\u00ebn \u00eb-C3<\/a>, mais aussi (et plus probablement) du moteur de 136 ou 156 ch associ\u00e9 \u00e0 une batterie de 50 ou 54 kWh d&rsquo;autres mod\u00e8les du groupe, comme l&rsquo;<a href=\"https:\/\/www.link2fleet.com\/fr\/essai-opel-mokka-e-la-nouvelle-apparence-dopel\/\">Opel Mokka Electric<\/a>, la <a href=\"https:\/\/www.link2fleet.com\/fr\/fleet-test-fiat-600e-une-grande-soeur-pour-la-500e\/\">Fiat 600e<\/a> ou la <a href=\"https:\/\/www.link2fleet.com\/fr\/fleet-test-peugeot-e-2008-de-mieux-en-mieux\/\">Peugeot e-2008<\/a>. Ou peut-\u00eatre y aura-t-il m\u00eame un choix ?<\/p>\n<p>Au-del\u00e0, le Frontera promet un int\u00e9rieur avec des si\u00e8ges ergonomiques et plusieurs options de rangement intelligentes. Le volume du coffre est par contre d\u00e9j\u00e0 connu: un large 460 litres, qui culmine m\u00eame \u00e0 1.600 litres avec la banquette rabattue. En option, le mod\u00e8le peut \u00eatre command\u00e9 avec des rails de toit qui seront capables de supporter jusqu&rsquo;\u00e0 200 kg. Pour davantage d&rsquo;infos, il faudra attendre le lancement officiel du mod\u00e8le.<\/p>\n<p>&nbsp;<\/p>\n","protected":false},"excerpt":{"rendered":"<p>C&rsquo;est une v\u00e9ritable tendance chez les constructeurs de ressortir des noms de mod\u00e8les nostalgiques des armoires pour les coller sur un nouveau mod\u00e8le de crossover. Ford l&rsquo;a d\u00e9j\u00e0 fait avec la Puma et le fera bient\u00f4t encore en r\u00e9\u00e9ditant une Capri. Et Opel embo\u00eete le pas, puisque le constructeur a annonc\u00e9 la sortie prochaine d&rsquo;une [&hellip;]<\/p>\n","protected":false},"author":49,"featured_media":23869,"comment_status":"closed","ping_status":"closed","sticky":false,"template":"","format":"standard","meta":{"_acf_changed":false,"footnotes":""},"categories":[77,76],"tags":[],"class_list":["post-23868","post","type-post","status-publish","format-standard","has-post-thumbnail","hentry","category-importateurs-et-constructeurs-automobiles-vp","category-car"],"acf":[],"yoast_head":"<!-- This site is optimized with the Yoast SEO plugin v27.3 - https:\/\/yoast.com\/product\/yoast-seo-wordpress\/ -->\n<title>Le nouvel Opel Frontera se d\u00e9voile - link2fleet<\/title>\n<meta name=\"description\" content=\"Opel vient de d\u00e9voiler les premi\u00e8res informations et photos de son Frontera. Il ne s&rsquo;agit plus d&rsquo;un v\u00e9hicule tout-terrain comme le mod\u00e8le des ann\u00e9es 90,\u2026\" \/>\n<meta name=\"robots\" content=\"index, follow, max-snippet:-1, max-image-preview:large, max-video-preview:-1\" \/>\n<meta property=\"og:locale\" content=\"fr_FR\" \/>\n<meta property=\"og:type\" content=\"article\" \/>\n<meta property=\"og:title\" content=\"Le nouvel Opel Frontera se d\u00e9voile - link2fleet\" \/>\n<meta property=\"og:description\" content=\"Opel vient de d\u00e9voiler les premi\u00e8res informations et photos de son Frontera. Il ne s&rsquo;agit plus d&rsquo;un v\u00e9hicule tout-terrain comme le mod\u00e8le des ann\u00e9es 90,\u2026\" \/>\n<meta property=\"og:url\" content=\"https:\/\/www.link2fleet.com\/fr\/le-nouvel-opel-frontera-se-devoile\/\" \/>\n<meta property=\"og:site_name\" content=\"link2fleet\" \/>\n<meta property=\"article:published_time\" content=\"2024-04-09T05:48:32+00:00\" \/>\n<meta property=\"article:modified_time\" content=\"2024-04-17T14:43:17+00:00\" \/>\n<meta property=\"og:image\" content=\"https:\/\/static.link2fleet.com\/wp-content\/uploads\/2024\/04\/newopelfrontera1.jpg\" \/>\n\t<meta property=\"og:image:width\" content=\"976\" \/>\n\t<meta property=\"og:image:height\" content=\"549\" \/>\n\t<meta property=\"og:image:type\" content=\"image\/jpeg\" \/>\n<meta name=\"author\" content=\"Kevin Kersemans\" \/>\n<meta name=\"twitter:card\" content=\"summary_large_image\" \/>\n<meta name=\"twitter:description\" content=\"Opel vient de d\u00e9voiler les premi\u00e8res informations et photos de son Frontera. Il ne s&rsquo;agit plus d&rsquo;un v\u00e9hicule tout-terrain comme le mod\u00e8le des ann\u00e9es 90,\u2026\" \/>\n<meta name=\"twitter:label1\" content=\"\u00c9crit par\" \/>\n\t<meta name=\"twitter:data1\" content=\"Kevin Kersemans\" \/>\n\t<meta name=\"twitter:label2\" content=\"Dur\u00e9e de lecture estim\u00e9e\" \/>\n\t<meta name=\"twitter:data2\" content=\"4 minutes\" \/>\n<script type=\"application\/ld+json\" class=\"yoast-schema-graph\">{\"@context\":\"https:\\\/\\\/schema.org\",\"@graph\":[{\"@type\":\"Article\",\"@id\":\"https:\\\/\\\/www.link2fleet.com\\\/fr\\\/le-nouvel-opel-frontera-se-devoile\\\/#article\",\"isPartOf\":{\"@id\":\"https:\\\/\\\/www.link2fleet.com\\\/fr\\\/le-nouvel-opel-frontera-se-devoile\\\/\"},\"author\":{\"name\":\"Kevin Kersemans\",\"@id\":\"https:\\\/\\\/www.link2fleet.com\\\/fr\\\/#\\\/schema\\\/person\\\/877bc89c32c65772066cb11fe1e67bbf\"},\"headline\":\"Le nouvel Opel Frontera se d\u00e9voile\",\"datePublished\":\"2024-04-09T05:48:32+00:00\",\"dateModified\":\"2024-04-17T14:43:17+00:00\",\"mainEntityOfPage\":{\"@id\":\"https:\\\/\\\/www.link2fleet.com\\\/fr\\\/le-nouvel-opel-frontera-se-devoile\\\/\"},\"wordCount\":482,\"publisher\":{\"@id\":\"https:\\\/\\\/www.link2fleet.com\\\/fr\\\/#organization\"},\"image\":{\"@id\":\"https:\\\/\\\/www.link2fleet.com\\\/fr\\\/le-nouvel-opel-frontera-se-devoile\\\/#primaryimage\"},\"thumbnailUrl\":\"https:\\\/\\\/static.link2fleet.com\\\/wp-content\\\/uploads\\\/2024\\\/04\\\/newopelfrontera1.jpg\",\"articleSection\":[\"Importateurs et constructeurs\",\"V\u00e9hicules\"],\"inLanguage\":\"fr-FR\"},{\"@type\":\"WebPage\",\"@id\":\"https:\\\/\\\/www.link2fleet.com\\\/fr\\\/le-nouvel-opel-frontera-se-devoile\\\/\",\"url\":\"https:\\\/\\\/www.link2fleet.com\\\/fr\\\/le-nouvel-opel-frontera-se-devoile\\\/\",\"name\":\"Le nouvel Opel Frontera se d\u00e9voile - link2fleet\",\"isPartOf\":{\"@id\":\"https:\\\/\\\/www.link2fleet.com\\\/fr\\\/#website\"},\"primaryImageOfPage\":{\"@id\":\"https:\\\/\\\/www.link2fleet.com\\\/fr\\\/le-nouvel-opel-frontera-se-devoile\\\/#primaryimage\"},\"image\":{\"@id\":\"https:\\\/\\\/www.link2fleet.com\\\/fr\\\/le-nouvel-opel-frontera-se-devoile\\\/#primaryimage\"},\"thumbnailUrl\":\"https:\\\/\\\/static.link2fleet.com\\\/wp-content\\\/uploads\\\/2024\\\/04\\\/newopelfrontera1.jpg\",\"datePublished\":\"2024-04-09T05:48:32+00:00\",\"dateModified\":\"2024-04-17T14:43:17+00:00\",\"breadcrumb\":{\"@id\":\"https:\\\/\\\/www.link2fleet.com\\\/fr\\\/le-nouvel-opel-frontera-se-devoile\\\/#breadcrumb\"},\"inLanguage\":\"fr-FR\",\"potentialAction\":[{\"@type\":\"ReadAction\",\"target\":[\"https:\\\/\\\/www.link2fleet.com\\\/fr\\\/le-nouvel-opel-frontera-se-devoile\\\/\"]}]},{\"@type\":\"ImageObject\",\"inLanguage\":\"fr-FR\",\"@id\":\"https:\\\/\\\/www.link2fleet.com\\\/fr\\\/le-nouvel-opel-frontera-se-devoile\\\/#primaryimage\",\"url\":\"https:\\\/\\\/static.link2fleet.com\\\/wp-content\\\/uploads\\\/2024\\\/04\\\/newopelfrontera1.jpg\",\"contentUrl\":\"https:\\\/\\\/static.link2fleet.com\\\/wp-content\\\/uploads\\\/2024\\\/04\\\/newopelfrontera1.jpg\",\"width\":976,\"height\":549,\"caption\":\"||||||||\"},{\"@type\":\"BreadcrumbList\",\"@id\":\"https:\\\/\\\/www.link2fleet.com\\\/fr\\\/le-nouvel-opel-frontera-se-devoile\\\/#breadcrumb\",\"itemListElement\":[{\"@type\":\"ListItem\",\"position\":1,\"name\":\"Home\",\"item\":\"https:\\\/\\\/www.link2fleet.com\\\/fr\\\/\"},{\"@type\":\"ListItem\",\"position\":2,\"name\":\"Le nouvel Opel Frontera se d\u00e9voile\"}]},{\"@type\":\"WebSite\",\"@id\":\"https:\\\/\\\/www.link2fleet.com\\\/fr\\\/#website\",\"url\":\"https:\\\/\\\/www.link2fleet.com\\\/fr\\\/\",\"name\":\"Link2fleet\",\"description\":\"\",\"publisher\":{\"@id\":\"https:\\\/\\\/www.link2fleet.com\\\/fr\\\/#organization\"},\"potentialAction\":[{\"@type\":\"SearchAction\",\"target\":{\"@type\":\"EntryPoint\",\"urlTemplate\":\"https:\\\/\\\/www.link2fleet.com\\\/fr\\\/?s={search_term_string}\"},\"query-input\":{\"@type\":\"PropertyValueSpecification\",\"valueRequired\":true,\"valueName\":\"search_term_string\"}}],\"inLanguage\":\"fr-FR\"},{\"@type\":\"Organization\",\"@id\":\"https:\\\/\\\/www.link2fleet.com\\\/fr\\\/#organization\",\"name\":\"Link2fleet\",\"url\":\"https:\\\/\\\/www.link2fleet.com\\\/fr\\\/\",\"logo\":{\"@type\":\"ImageObject\",\"inLanguage\":\"fr-FR\",\"@id\":\"https:\\\/\\\/www.link2fleet.com\\\/fr\\\/#\\\/schema\\\/logo\\\/image\\\/\",\"url\":\"https:\\\/\\\/static.link2fleet.com\\\/wp-content\\\/uploads\\\/2024\\\/03\\\/share-image.jpg\",\"contentUrl\":\"https:\\\/\\\/static.link2fleet.com\\\/wp-content\\\/uploads\\\/2024\\\/03\\\/share-image.jpg\",\"width\":1200,\"height\":630,\"caption\":\"Link2fleet\"},\"image\":{\"@id\":\"https:\\\/\\\/www.link2fleet.com\\\/fr\\\/#\\\/schema\\\/logo\\\/image\\\/\"},\"sameAs\":[\"https:\\\/\\\/www.linkedin.com\\\/company\\\/link2fleet-belgium\",\"https:\\\/\\\/www.youtube.com\\\/user\\\/MMMBMBE\"]},{\"@type\":\"Person\",\"@id\":\"https:\\\/\\\/www.link2fleet.com\\\/fr\\\/#\\\/schema\\\/person\\\/877bc89c32c65772066cb11fe1e67bbf\",\"name\":\"Kevin Kersemans\",\"image\":{\"@type\":\"ImageObject\",\"inLanguage\":\"fr-FR\",\"@id\":\"https:\\\/\\\/secure.gravatar.com\\\/avatar\\\/b12f7d0f252688f677f4c181b6df65bf86880634bfcef3be42c82efcdb33d654?s=96&d=mm&r=g\",\"url\":\"https:\\\/\\\/secure.gravatar.com\\\/avatar\\\/b12f7d0f252688f677f4c181b6df65bf86880634bfcef3be42c82efcdb33d654?s=96&d=mm&r=g\",\"contentUrl\":\"https:\\\/\\\/secure.gravatar.com\\\/avatar\\\/b12f7d0f252688f677f4c181b6df65bf86880634bfcef3be42c82efcdb33d654?s=96&d=mm&r=g\",\"caption\":\"Kevin Kersemans\"},\"description\":\"Kevin Kersemans is autojournalist met al enkele decennia ervaring op de teller. Zijn passie voor auto's en alles op wielen heeft hij al van kindsbeen af. Voor link2fleet volgt hij vooral de auto-actualiteit en test hij nieuwe modellen.\"}]}<\/script>\n<!-- \/ Yoast SEO plugin. -->","yoast_head_json":{"title":"Le nouvel Opel Frontera se d\u00e9voile - link2fleet","description":"Opel vient de d\u00e9voiler les premi\u00e8res informations et photos de son Frontera. Il ne s&rsquo;agit plus d&rsquo;un v\u00e9hicule tout-terrain comme le mod\u00e8le des ann\u00e9es 90,\u2026","robots":{"index":"index","follow":"follow","max-snippet":"max-snippet:-1","max-image-preview":"max-image-preview:large","max-video-preview":"max-video-preview:-1"},"og_locale":"fr_FR","og_type":"article","og_title":"Le nouvel Opel Frontera se d\u00e9voile - link2fleet","og_description":"Opel vient de d\u00e9voiler les premi\u00e8res informations et photos de son Frontera. Il ne s&rsquo;agit plus d&rsquo;un v\u00e9hicule tout-terrain comme le mod\u00e8le des ann\u00e9es 90,\u2026","og_url":"https:\/\/www.link2fleet.com\/fr\/le-nouvel-opel-frontera-se-devoile\/","og_site_name":"link2fleet","article_published_time":"2024-04-09T05:48:32+00:00","article_modified_time":"2024-04-17T14:43:17+00:00","og_image":[{"width":976,"height":549,"url":"https:\/\/static.link2fleet.com\/wp-content\/uploads\/2024\/04\/newopelfrontera1.jpg","type":"image\/jpeg"}],"author":"Kevin Kersemans","twitter_card":"summary_large_image","twitter_description":"Opel vient de d\u00e9voiler les premi\u00e8res informations et photos de son Frontera. Il ne s&rsquo;agit plus d&rsquo;un v\u00e9hicule tout-terrain comme le mod\u00e8le des ann\u00e9es 90,\u2026","twitter_misc":{"\u00c9crit par":"Kevin Kersemans","Dur\u00e9e de lecture estim\u00e9e":"4 minutes"},"schema":{"@context":"https:\/\/schema.org","@graph":[{"@type":"Article","@id":"https:\/\/www.link2fleet.com\/fr\/le-nouvel-opel-frontera-se-devoile\/#article","isPartOf":{"@id":"https:\/\/www.link2fleet.com\/fr\/le-nouvel-opel-frontera-se-devoile\/"},"author":{"name":"Kevin Kersemans","@id":"https:\/\/www.link2fleet.com\/fr\/#\/schema\/person\/877bc89c32c65772066cb11fe1e67bbf"},"headline":"Le nouvel Opel Frontera se d\u00e9voile","datePublished":"2024-04-09T05:48:32+00:00","dateModified":"2024-04-17T14:43:17+00:00","mainEntityOfPage":{"@id":"https:\/\/www.link2fleet.com\/fr\/le-nouvel-opel-frontera-se-devoile\/"},"wordCount":482,"publisher":{"@id":"https:\/\/www.link2fleet.com\/fr\/#organization"},"image":{"@id":"https:\/\/www.link2fleet.com\/fr\/le-nouvel-opel-frontera-se-devoile\/#primaryimage"},"thumbnailUrl":"https:\/\/static.link2fleet.com\/wp-content\/uploads\/2024\/04\/newopelfrontera1.jpg","articleSection":["Importateurs et constructeurs","V\u00e9hicules"],"inLanguage":"fr-FR"},{"@type":"WebPage","@id":"https:\/\/www.link2fleet.com\/fr\/le-nouvel-opel-frontera-se-devoile\/","url":"https:\/\/www.link2fleet.com\/fr\/le-nouvel-opel-frontera-se-devoile\/","name":"Le nouvel Opel Frontera se d\u00e9voile - link2fleet","isPartOf":{"@id":"https:\/\/www.link2fleet.com\/fr\/#website"},"primaryImageOfPage":{"@id":"https:\/\/www.link2fleet.com\/fr\/le-nouvel-opel-frontera-se-devoile\/#primaryimage"},"image":{"@id":"https:\/\/www.link2fleet.com\/fr\/le-nouvel-opel-frontera-se-devoile\/#primaryimage"},"thumbnailUrl":"https:\/\/static.link2fleet.com\/wp-content\/uploads\/2024\/04\/newopelfrontera1.jpg","datePublished":"2024-04-09T05:48:32+00:00","dateModified":"2024-04-17T14:43:17+00:00","breadcrumb":{"@id":"https:\/\/www.link2fleet.com\/fr\/le-nouvel-opel-frontera-se-devoile\/#breadcrumb"},"inLanguage":"fr-FR","potentialAction":[{"@type":"ReadAction","target":["https:\/\/www.link2fleet.com\/fr\/le-nouvel-opel-frontera-se-devoile\/"]}]},{"@type":"ImageObject","inLanguage":"fr-FR","@id":"https:\/\/www.link2fleet.com\/fr\/le-nouvel-opel-frontera-se-devoile\/#primaryimage","url":"https:\/\/static.link2fleet.com\/wp-content\/uploads\/2024\/04\/newopelfrontera1.jpg","contentUrl":"https:\/\/static.link2fleet.com\/wp-content\/uploads\/2024\/04\/newopelfrontera1.jpg","width":976,"height":549,"caption":"||||||||"},{"@type":"BreadcrumbList","@id":"https:\/\/www.link2fleet.com\/fr\/le-nouvel-opel-frontera-se-devoile\/#breadcrumb","itemListElement":[{"@type":"ListItem","position":1,"name":"Home","item":"https:\/\/www.link2fleet.com\/fr\/"},{"@type":"ListItem","position":2,"name":"Le nouvel Opel Frontera se d\u00e9voile"}]},{"@type":"WebSite","@id":"https:\/\/www.link2fleet.com\/fr\/#website","url":"https:\/\/www.link2fleet.com\/fr\/","name":"Link2fleet","description":"","publisher":{"@id":"https:\/\/www.link2fleet.com\/fr\/#organization"},"potentialAction":[{"@type":"SearchAction","target":{"@type":"EntryPoint","urlTemplate":"https:\/\/www.link2fleet.com\/fr\/?s={search_term_string}"},"query-input":{"@type":"PropertyValueSpecification","valueRequired":true,"valueName":"search_term_string"}}],"inLanguage":"fr-FR"},{"@type":"Organization","@id":"https:\/\/www.link2fleet.com\/fr\/#organization","name":"Link2fleet","url":"https:\/\/www.link2fleet.com\/fr\/","logo":{"@type":"ImageObject","inLanguage":"fr-FR","@id":"https:\/\/www.link2fleet.com\/fr\/#\/schema\/logo\/image\/","url":"https:\/\/static.link2fleet.com\/wp-content\/uploads\/2024\/03\/share-image.jpg","contentUrl":"https:\/\/static.link2fleet.com\/wp-content\/uploads\/2024\/03\/share-image.jpg","width":1200,"height":630,"caption":"Link2fleet"},"image":{"@id":"https:\/\/www.link2fleet.com\/fr\/#\/schema\/logo\/image\/"},"sameAs":["https:\/\/www.linkedin.com\/company\/link2fleet-belgium","https:\/\/www.youtube.com\/user\/MMMBMBE"]},{"@type":"Person","@id":"https:\/\/www.link2fleet.com\/fr\/#\/schema\/person\/877bc89c32c65772066cb11fe1e67bbf","name":"Kevin Kersemans","image":{"@type":"ImageObject","inLanguage":"fr-FR","@id":"https:\/\/secure.gravatar.com\/avatar\/b12f7d0f252688f677f4c181b6df65bf86880634bfcef3be42c82efcdb33d654?s=96&d=mm&r=g","url":"https:\/\/secure.gravatar.com\/avatar\/b12f7d0f252688f677f4c181b6df65bf86880634bfcef3be42c82efcdb33d654?s=96&d=mm&r=g","contentUrl":"https:\/\/secure.gravatar.com\/avatar\/b12f7d0f252688f677f4c181b6df65bf86880634bfcef3be42c82efcdb33d654?s=96&d=mm&r=g","caption":"Kevin Kersemans"},"description":"Kevin Kersemans is autojournalist met al enkele decennia ervaring op de teller. Zijn passie voor auto's en alles op wielen heeft hij al van kindsbeen af. Voor link2fleet volgt hij vooral de auto-actualiteit en test hij nieuwe modellen."}]}},"_links":{"self":[{"href":"https:\/\/www.link2fleet.com\/fr\/wp-json\/wp\/v2\/posts\/23868","targetHints":{"allow":["GET"]}}],"collection":[{"href":"https:\/\/www.link2fleet.com\/fr\/wp-json\/wp\/v2\/posts"}],"about":[{"href":"https:\/\/www.link2fleet.com\/fr\/wp-json\/wp\/v2\/types\/post"}],"author":[{"embeddable":true,"href":"https:\/\/www.link2fleet.com\/fr\/wp-json\/wp\/v2\/users\/49"}],"replies":[{"embeddable":true,"href":"https:\/\/www.link2fleet.com\/fr\/wp-json\/wp\/v2\/comments?post=23868"}],"version-history":[{"count":0,"href":"https:\/\/www.link2fleet.com\/fr\/wp-json\/wp\/v2\/posts\/23868\/revisions"}],"wp:featuredmedia":[{"embeddable":true,"href":"https:\/\/www.link2fleet.com\/fr\/wp-json\/wp\/v2\/media\/23869"}],"wp:attachment":[{"href":"https:\/\/www.link2fleet.com\/fr\/wp-json\/wp\/v2\/media?parent=23868"}],"wp:term":[{"taxonomy":"category","embeddable":true,"href":"https:\/\/www.link2fleet.com\/fr\/wp-json\/wp\/v2\/categories?post=23868"},{"taxonomy":"post_tag","embeddable":true,"href":"https:\/\/www.link2fleet.com\/fr\/wp-json\/wp\/v2\/tags?post=23868"}],"curies":[{"name":"wp","href":"https:\/\/api.w.org\/{rel}","templated":true}]}}