{"id":24126,"date":"2024-04-08T06:43:31","date_gmt":"2024-04-08T04:43:31","guid":{"rendered":"https:\/\/www.link2fleet.com\/electra-specialiste-de-la-recharge-rapide-vise-15-000-points-de-recharge-en-europe-dici-a-2030\/"},"modified":"2024-04-12T13:58:24","modified_gmt":"2024-04-12T11:58:24","slug":"electra-specialiste-de-la-recharge-rapide-vise-15-000-points-de-recharge-en-europe-dici-a-2030","status":"publish","type":"post","link":"https:\/\/www.link2fleet.com\/fr\/electra-specialiste-de-la-recharge-rapide-vise-15-000-points-de-recharge-en-europe-dici-a-2030\/","title":{"rendered":"Electra, sp\u00e9cialiste de la recharge rapide, vise 15.000 points de recharge en Europe d&rsquo;ici \u00e0 2030"},"content":{"rendered":"<p class=\"size-13\" lang=\"x-size-13\"><span class=\"font-sans-serif\">D\u2019ici 2030, pr\u00e8s de 30 millions de v\u00e9hicules \u00e9lectriques devraient \u00eatre immatricul\u00e9s en Europe, et la vente de nouveaux v\u00e9hicules thermiques sera interdite d\u2019ici 2035. Electra vise \u00e0 soutenir cette transition vers des v\u00e9hicules plus respectueux de l\u2019environnement par le d\u00e9ploiement massif de bornes de recharge rapides, fiables et conviviales. Plus pr\u00e9cis\u00e9ment, l\u2019op\u00e9rateur entend ouvrir 2.200 stations de recharge en Europe d\u2019ici 2030, pour un total de 15 000 points de recharge. L\u2019entreprise ne cache pas son ambition de devenir le leader du march\u00e9 europ\u00e9en d\u2019ici 2030.<\/span><\/p>\n<p class=\"size-13\" lang=\"x-size-13\"><span class=\"font-sans-serif\">Pour atteindre cet objectif, Electra exploite \u00e9galement de nouveaux march\u00e9s au sein de l\u2019Europe. Les Pays-Bas sont le neuvi\u00e8me march\u00e9 sur lequel l&rsquo;op\u00e9rateur se lance depuis sa cr\u00e9ation en 2021, apr\u00e8s la Belgique, le Luxembourg, la France, l\u2019Allemagne, la Suisse, l\u2019Autriche, l\u2019Italie et l\u2019Espagne.<\/span><\/p>\n<p lang=\"x-size-15\"><a href=\"https:\/\/www.link2fleet.com\/wp-content\/uploads\/2024\/04\/electra-electra-real-life-visuals-Electra_real-life_4.jpgv1712064655.jpeg\"><img loading=\"lazy\" decoding=\"async\" class=\"aligncenter size-large wp-image-1306558\" src=\"https:\/\/www.link2fleet.com\/wp-content\/uploads\/2024\/04\/electra-electra-real-life-visuals-Electra_real-life_4.jpgv1712064655-1024x682.jpeg\" alt=\"\" width=\"640\" height=\"426\" \/><\/a><\/p>\n<p class=\"size-15\" lang=\"x-size-15\"><strong>Une facilit\u00e9 d\u2019utilisation optimale<\/strong><\/p>\n<p>Electra conna\u00eet une croissance rapide et durable en Europe gr\u00e2ce \u00e0 ses tarifs comp\u00e9titifs et \u00e0 sa facilit\u00e9 d&rsquo;utilisation. Les utilisateurs peuvent r\u00e9server une borne de recharge jusqu\u2019\u00e0 une demi-heure \u00e0 l\u2019avance via l\u2019application, le paiement peut \u00eatre effectu\u00e9 avec une carte de paiement, une carte bancaire, dans l\u2019application ou via Google Pay et Apple Pay, et les bornes de recharge sont disponibles 24 heures sur 24 et 7 jours sur 7. En cons\u00e9quence, Electra peut d\u00e9j\u00e0 compter sur plus de 100.000 sessions de recharge par mois.<\/p>\n<p>Les stations de recharge Electra sont principalement situ\u00e9es dans les zones urbaines, \u00e0 proximit\u00e9 des supermarch\u00e9s, des restaurants, des h\u00f4tels ou des parkings publics. R\u00e9cemment, la premi\u00e8re station de recharge dans un a\u00e9roport a \u00e9t\u00e9 ouverte, ainsi que plusieurs stations de recharge sur les aires d\u2019autoroute.<\/p>\n<p>&nbsp;<\/p>\n<p class=\"size-15\" lang=\"x-size-15\"><strong>Croissance rapide en peu de temps<\/strong><\/p>\n<p>Sous la direction de Louis-Charles Mosseray, qui a rejoint l&rsquo;entreprise en ao\u00fbt 2022, Electra a connu une croissance rapide en Belgique et au Luxembourg. En seulement 18 mois, d&rsquo;importantes collaborations ont \u00e9t\u00e9 \u00e9tablies, notamment avec Delhaize et TaxisVerts. En outre, environ 35 stations de recharge rapide avec 200 points de charge sont devenues op\u00e9rationnelles en Belgique.<\/p>\n","protected":false},"excerpt":{"rendered":"<p>D\u2019ici 2030, pr\u00e8s de 30 millions de v\u00e9hicules \u00e9lectriques devraient \u00eatre immatricul\u00e9s en Europe, et la vente de nouveaux v\u00e9hicules thermiques sera interdite d\u2019ici 2035. Electra vise \u00e0 soutenir cette transition vers des v\u00e9hicules plus respectueux de l\u2019environnement par le d\u00e9ploiement massif de bornes de recharge rapides, fiables et conviviales. Plus pr\u00e9cis\u00e9ment, l\u2019op\u00e9rateur entend ouvrir [&hellip;]<\/p>\n","protected":false},"author":4,"featured_media":24127,"comment_status":"closed","ping_status":"closed","sticky":false,"template":"","format":"standard","meta":{"_acf_changed":false,"footnotes":""},"categories":[81,91],"tags":[],"class_list":["post-24126","post","type-post","status-publish","format-standard","has-post-thumbnail","hentry","category-gestion-de-carburant-et-energie","category-expertise-et-management"],"acf":[],"yoast_head":"<!-- This site is optimized with the Yoast SEO plugin v27.3 - https:\/\/yoast.com\/product\/yoast-seo-wordpress\/ -->\n<title>Electra, sp\u00e9cialiste de la recharge rapide, vise 15.000 points de recharge en Europe d&#039;ici \u00e0 2030 - link2fleet<\/title>\n<meta name=\"description\" content=\"Les fournisseurs de recharge rapide commencent \u00e0 se multiplier afin d&rsquo;offrir une solution partout ou c&rsquo;est possible pour les conducteurs de voitures \u00e9lectriques en Europe.\u2026\" \/>\n<meta name=\"robots\" content=\"index, follow, max-snippet:-1, max-image-preview:large, max-video-preview:-1\" \/>\n<meta property=\"og:locale\" content=\"fr_FR\" \/>\n<meta property=\"og:type\" content=\"article\" \/>\n<meta property=\"og:title\" content=\"Electra, sp\u00e9cialiste de la recharge rapide, vise 15.000 points de recharge en Europe d&#039;ici \u00e0 2030 - link2fleet\" \/>\n<meta property=\"og:description\" content=\"Les fournisseurs de recharge rapide commencent \u00e0 se multiplier afin d&rsquo;offrir une solution partout ou c&rsquo;est possible pour les conducteurs de voitures \u00e9lectriques en Europe.\u2026\" \/>\n<meta property=\"og:url\" content=\"https:\/\/www.link2fleet.com\/fr\/electra-specialiste-de-la-recharge-rapide-vise-15-000-points-de-recharge-en-europe-dici-a-2030\/\" \/>\n<meta property=\"og:site_name\" content=\"link2fleet\" \/>\n<meta property=\"article:published_time\" content=\"2024-04-08T04:43:31+00:00\" \/>\n<meta property=\"article:modified_time\" content=\"2024-04-12T11:58:24+00:00\" \/>\n<meta property=\"og:image\" content=\"https:\/\/static.link2fleet.com\/wp-content\/uploads\/2024\/04\/electra-2.png\" \/>\n\t<meta property=\"og:image:width\" content=\"1350\" \/>\n\t<meta property=\"og:image:height\" content=\"900\" \/>\n\t<meta property=\"og:image:type\" content=\"image\/png\" \/>\n<meta name=\"author\" content=\"Damien Malvetti\" \/>\n<meta name=\"twitter:card\" content=\"summary_large_image\" \/>\n<meta name=\"twitter:description\" content=\"Les fournisseurs de recharge rapide commencent \u00e0 se multiplier afin d&rsquo;offrir une solution partout ou c&rsquo;est possible pour les conducteurs de voitures \u00e9lectriques en Europe.\u2026\" \/>\n<meta name=\"twitter:label1\" content=\"\u00c9crit par\" \/>\n\t<meta name=\"twitter:data1\" content=\"Damien Malvetti\" \/>\n\t<meta name=\"twitter:label2\" content=\"Dur\u00e9e de lecture estim\u00e9e\" \/>\n\t<meta name=\"twitter:data2\" content=\"3 minutes\" \/>\n<script type=\"application\/ld+json\" class=\"yoast-schema-graph\">{\"@context\":\"https:\\\/\\\/schema.org\",\"@graph\":[{\"@type\":\"Article\",\"@id\":\"https:\\\/\\\/www.link2fleet.com\\\/fr\\\/electra-specialiste-de-la-recharge-rapide-vise-15-000-points-de-recharge-en-europe-dici-a-2030\\\/#article\",\"isPartOf\":{\"@id\":\"https:\\\/\\\/www.link2fleet.com\\\/fr\\\/electra-specialiste-de-la-recharge-rapide-vise-15-000-points-de-recharge-en-europe-dici-a-2030\\\/\"},\"author\":{\"name\":\"Damien Malvetti\",\"@id\":\"https:\\\/\\\/www.link2fleet.com\\\/fr\\\/#\\\/schema\\\/person\\\/027cd46113c78036b3809c9a054049da\"},\"headline\":\"Electra, sp\u00e9cialiste de la recharge rapide, vise 15.000 points de recharge en Europe d&rsquo;ici \u00e0 2030\",\"datePublished\":\"2024-04-08T04:43:31+00:00\",\"dateModified\":\"2024-04-12T11:58:24+00:00\",\"mainEntityOfPage\":{\"@id\":\"https:\\\/\\\/www.link2fleet.com\\\/fr\\\/electra-specialiste-de-la-recharge-rapide-vise-15-000-points-de-recharge-en-europe-dici-a-2030\\\/\"},\"wordCount\":373,\"publisher\":{\"@id\":\"https:\\\/\\\/www.link2fleet.com\\\/fr\\\/#organization\"},\"image\":{\"@id\":\"https:\\\/\\\/www.link2fleet.com\\\/fr\\\/electra-specialiste-de-la-recharge-rapide-vise-15-000-points-de-recharge-en-europe-dici-a-2030\\\/#primaryimage\"},\"thumbnailUrl\":\"https:\\\/\\\/static.link2fleet.com\\\/wp-content\\\/uploads\\\/2024\\\/04\\\/electra-2.png\",\"articleSection\":[\"Gestion carburant et de l'\u00e9nergie\",\"Gestion de flotte\"],\"inLanguage\":\"fr-FR\"},{\"@type\":\"WebPage\",\"@id\":\"https:\\\/\\\/www.link2fleet.com\\\/fr\\\/electra-specialiste-de-la-recharge-rapide-vise-15-000-points-de-recharge-en-europe-dici-a-2030\\\/\",\"url\":\"https:\\\/\\\/www.link2fleet.com\\\/fr\\\/electra-specialiste-de-la-recharge-rapide-vise-15-000-points-de-recharge-en-europe-dici-a-2030\\\/\",\"name\":\"Electra, sp\u00e9cialiste de la recharge rapide, vise 15.000 points de recharge en Europe d'ici \u00e0 2030 - link2fleet\",\"isPartOf\":{\"@id\":\"https:\\\/\\\/www.link2fleet.com\\\/fr\\\/#website\"},\"primaryImageOfPage\":{\"@id\":\"https:\\\/\\\/www.link2fleet.com\\\/fr\\\/electra-specialiste-de-la-recharge-rapide-vise-15-000-points-de-recharge-en-europe-dici-a-2030\\\/#primaryimage\"},\"image\":{\"@id\":\"https:\\\/\\\/www.link2fleet.com\\\/fr\\\/electra-specialiste-de-la-recharge-rapide-vise-15-000-points-de-recharge-en-europe-dici-a-2030\\\/#primaryimage\"},\"thumbnailUrl\":\"https:\\\/\\\/static.link2fleet.com\\\/wp-content\\\/uploads\\\/2024\\\/04\\\/electra-2.png\",\"datePublished\":\"2024-04-08T04:43:31+00:00\",\"dateModified\":\"2024-04-12T11:58:24+00:00\",\"breadcrumb\":{\"@id\":\"https:\\\/\\\/www.link2fleet.com\\\/fr\\\/electra-specialiste-de-la-recharge-rapide-vise-15-000-points-de-recharge-en-europe-dici-a-2030\\\/#breadcrumb\"},\"inLanguage\":\"fr-FR\",\"potentialAction\":[{\"@type\":\"ReadAction\",\"target\":[\"https:\\\/\\\/www.link2fleet.com\\\/fr\\\/electra-specialiste-de-la-recharge-rapide-vise-15-000-points-de-recharge-en-europe-dici-a-2030\\\/\"]}]},{\"@type\":\"ImageObject\",\"inLanguage\":\"fr-FR\",\"@id\":\"https:\\\/\\\/www.link2fleet.com\\\/fr\\\/electra-specialiste-de-la-recharge-rapide-vise-15-000-points-de-recharge-en-europe-dici-a-2030\\\/#primaryimage\",\"url\":\"https:\\\/\\\/static.link2fleet.com\\\/wp-content\\\/uploads\\\/2024\\\/04\\\/electra-2.png\",\"contentUrl\":\"https:\\\/\\\/static.link2fleet.com\\\/wp-content\\\/uploads\\\/2024\\\/04\\\/electra-2.png\",\"width\":1350,\"height\":900,\"caption\":\"|\"},{\"@type\":\"BreadcrumbList\",\"@id\":\"https:\\\/\\\/www.link2fleet.com\\\/fr\\\/electra-specialiste-de-la-recharge-rapide-vise-15-000-points-de-recharge-en-europe-dici-a-2030\\\/#breadcrumb\",\"itemListElement\":[{\"@type\":\"ListItem\",\"position\":1,\"name\":\"Home\",\"item\":\"https:\\\/\\\/www.link2fleet.com\\\/fr\\\/\"},{\"@type\":\"ListItem\",\"position\":2,\"name\":\"Electra, sp\u00e9cialiste de la recharge rapide, vise 15.000 points de recharge en Europe d&#8217;ici \u00e0 2030\"}]},{\"@type\":\"WebSite\",\"@id\":\"https:\\\/\\\/www.link2fleet.com\\\/fr\\\/#website\",\"url\":\"https:\\\/\\\/www.link2fleet.com\\\/fr\\\/\",\"name\":\"Link2fleet\",\"description\":\"\",\"publisher\":{\"@id\":\"https:\\\/\\\/www.link2fleet.com\\\/fr\\\/#organization\"},\"potentialAction\":[{\"@type\":\"SearchAction\",\"target\":{\"@type\":\"EntryPoint\",\"urlTemplate\":\"https:\\\/\\\/www.link2fleet.com\\\/fr\\\/?s={search_term_string}\"},\"query-input\":{\"@type\":\"PropertyValueSpecification\",\"valueRequired\":true,\"valueName\":\"search_term_string\"}}],\"inLanguage\":\"fr-FR\"},{\"@type\":\"Organization\",\"@id\":\"https:\\\/\\\/www.link2fleet.com\\\/fr\\\/#organization\",\"name\":\"Link2fleet\",\"url\":\"https:\\\/\\\/www.link2fleet.com\\\/fr\\\/\",\"logo\":{\"@type\":\"ImageObject\",\"inLanguage\":\"fr-FR\",\"@id\":\"https:\\\/\\\/www.link2fleet.com\\\/fr\\\/#\\\/schema\\\/logo\\\/image\\\/\",\"url\":\"https:\\\/\\\/static.link2fleet.com\\\/wp-content\\\/uploads\\\/2024\\\/03\\\/share-image.jpg\",\"contentUrl\":\"https:\\\/\\\/static.link2fleet.com\\\/wp-content\\\/uploads\\\/2024\\\/03\\\/share-image.jpg\",\"width\":1200,\"height\":630,\"caption\":\"Link2fleet\"},\"image\":{\"@id\":\"https:\\\/\\\/www.link2fleet.com\\\/fr\\\/#\\\/schema\\\/logo\\\/image\\\/\"},\"sameAs\":[\"https:\\\/\\\/www.linkedin.com\\\/company\\\/link2fleet-belgium\",\"https:\\\/\\\/www.youtube.com\\\/user\\\/MMMBMBE\"]},{\"@type\":\"Person\",\"@id\":\"https:\\\/\\\/www.link2fleet.com\\\/fr\\\/#\\\/schema\\\/person\\\/027cd46113c78036b3809c9a054049da\",\"name\":\"Damien Malvetti\",\"image\":{\"@type\":\"ImageObject\",\"inLanguage\":\"fr-FR\",\"@id\":\"https:\\\/\\\/secure.gravatar.com\\\/avatar\\\/dd8cc03b49466c735f753ac37f8caa371af16dfed347456ed61f02883255eebb?s=96&d=mm&r=g\",\"url\":\"https:\\\/\\\/secure.gravatar.com\\\/avatar\\\/dd8cc03b49466c735f753ac37f8caa371af16dfed347456ed61f02883255eebb?s=96&d=mm&r=g\",\"contentUrl\":\"https:\\\/\\\/secure.gravatar.com\\\/avatar\\\/dd8cc03b49466c735f753ac37f8caa371af16dfed347456ed61f02883255eebb?s=96&d=mm&r=g\",\"caption\":\"Damien Malvetti\"},\"description\":\"Damien Malvetti is opgeleid als journalist en gepassioneerd door wagens, technologie en mobiliteit. Hij is verantwoordelijk voor de redactionele inhoud van link2fleet en beschikt over een uitgebreide kennis van de fleet-sector en elektrische mobiliteit.\",\"sameAs\":[\"https:\\\/\\\/www.linkedin.com\\\/in\\\/damien-malvetti-56601142\\\/\"]}]}<\/script>\n<!-- \/ Yoast SEO plugin. -->","yoast_head_json":{"title":"Electra, sp\u00e9cialiste de la recharge rapide, vise 15.000 points de recharge en Europe d'ici \u00e0 2030 - link2fleet","description":"Les fournisseurs de recharge rapide commencent \u00e0 se multiplier afin d&rsquo;offrir une solution partout ou c&rsquo;est possible pour les conducteurs de voitures \u00e9lectriques en Europe.\u2026","robots":{"index":"index","follow":"follow","max-snippet":"max-snippet:-1","max-image-preview":"max-image-preview:large","max-video-preview":"max-video-preview:-1"},"og_locale":"fr_FR","og_type":"article","og_title":"Electra, sp\u00e9cialiste de la recharge rapide, vise 15.000 points de recharge en Europe d'ici \u00e0 2030 - link2fleet","og_description":"Les fournisseurs de recharge rapide commencent \u00e0 se multiplier afin d&rsquo;offrir une solution partout ou c&rsquo;est possible pour les conducteurs de voitures \u00e9lectriques en Europe.\u2026","og_url":"https:\/\/www.link2fleet.com\/fr\/electra-specialiste-de-la-recharge-rapide-vise-15-000-points-de-recharge-en-europe-dici-a-2030\/","og_site_name":"link2fleet","article_published_time":"2024-04-08T04:43:31+00:00","article_modified_time":"2024-04-12T11:58:24+00:00","og_image":[{"width":1350,"height":900,"url":"https:\/\/static.link2fleet.com\/wp-content\/uploads\/2024\/04\/electra-2.png","type":"image\/png"}],"author":"Damien Malvetti","twitter_card":"summary_large_image","twitter_description":"Les fournisseurs de recharge rapide commencent \u00e0 se multiplier afin d&rsquo;offrir une solution partout ou c&rsquo;est possible pour les conducteurs de voitures \u00e9lectriques en Europe.\u2026","twitter_misc":{"\u00c9crit par":"Damien Malvetti","Dur\u00e9e de lecture estim\u00e9e":"3 minutes"},"schema":{"@context":"https:\/\/schema.org","@graph":[{"@type":"Article","@id":"https:\/\/www.link2fleet.com\/fr\/electra-specialiste-de-la-recharge-rapide-vise-15-000-points-de-recharge-en-europe-dici-a-2030\/#article","isPartOf":{"@id":"https:\/\/www.link2fleet.com\/fr\/electra-specialiste-de-la-recharge-rapide-vise-15-000-points-de-recharge-en-europe-dici-a-2030\/"},"author":{"name":"Damien Malvetti","@id":"https:\/\/www.link2fleet.com\/fr\/#\/schema\/person\/027cd46113c78036b3809c9a054049da"},"headline":"Electra, sp\u00e9cialiste de la recharge rapide, vise 15.000 points de recharge en Europe d&rsquo;ici \u00e0 2030","datePublished":"2024-04-08T04:43:31+00:00","dateModified":"2024-04-12T11:58:24+00:00","mainEntityOfPage":{"@id":"https:\/\/www.link2fleet.com\/fr\/electra-specialiste-de-la-recharge-rapide-vise-15-000-points-de-recharge-en-europe-dici-a-2030\/"},"wordCount":373,"publisher":{"@id":"https:\/\/www.link2fleet.com\/fr\/#organization"},"image":{"@id":"https:\/\/www.link2fleet.com\/fr\/electra-specialiste-de-la-recharge-rapide-vise-15-000-points-de-recharge-en-europe-dici-a-2030\/#primaryimage"},"thumbnailUrl":"https:\/\/static.link2fleet.com\/wp-content\/uploads\/2024\/04\/electra-2.png","articleSection":["Gestion carburant et de l'\u00e9nergie","Gestion de flotte"],"inLanguage":"fr-FR"},{"@type":"WebPage","@id":"https:\/\/www.link2fleet.com\/fr\/electra-specialiste-de-la-recharge-rapide-vise-15-000-points-de-recharge-en-europe-dici-a-2030\/","url":"https:\/\/www.link2fleet.com\/fr\/electra-specialiste-de-la-recharge-rapide-vise-15-000-points-de-recharge-en-europe-dici-a-2030\/","name":"Electra, sp\u00e9cialiste de la recharge rapide, vise 15.000 points de recharge en Europe d'ici \u00e0 2030 - link2fleet","isPartOf":{"@id":"https:\/\/www.link2fleet.com\/fr\/#website"},"primaryImageOfPage":{"@id":"https:\/\/www.link2fleet.com\/fr\/electra-specialiste-de-la-recharge-rapide-vise-15-000-points-de-recharge-en-europe-dici-a-2030\/#primaryimage"},"image":{"@id":"https:\/\/www.link2fleet.com\/fr\/electra-specialiste-de-la-recharge-rapide-vise-15-000-points-de-recharge-en-europe-dici-a-2030\/#primaryimage"},"thumbnailUrl":"https:\/\/static.link2fleet.com\/wp-content\/uploads\/2024\/04\/electra-2.png","datePublished":"2024-04-08T04:43:31+00:00","dateModified":"2024-04-12T11:58:24+00:00","breadcrumb":{"@id":"https:\/\/www.link2fleet.com\/fr\/electra-specialiste-de-la-recharge-rapide-vise-15-000-points-de-recharge-en-europe-dici-a-2030\/#breadcrumb"},"inLanguage":"fr-FR","potentialAction":[{"@type":"ReadAction","target":["https:\/\/www.link2fleet.com\/fr\/electra-specialiste-de-la-recharge-rapide-vise-15-000-points-de-recharge-en-europe-dici-a-2030\/"]}]},{"@type":"ImageObject","inLanguage":"fr-FR","@id":"https:\/\/www.link2fleet.com\/fr\/electra-specialiste-de-la-recharge-rapide-vise-15-000-points-de-recharge-en-europe-dici-a-2030\/#primaryimage","url":"https:\/\/static.link2fleet.com\/wp-content\/uploads\/2024\/04\/electra-2.png","contentUrl":"https:\/\/static.link2fleet.com\/wp-content\/uploads\/2024\/04\/electra-2.png","width":1350,"height":900,"caption":"|"},{"@type":"BreadcrumbList","@id":"https:\/\/www.link2fleet.com\/fr\/electra-specialiste-de-la-recharge-rapide-vise-15-000-points-de-recharge-en-europe-dici-a-2030\/#breadcrumb","itemListElement":[{"@type":"ListItem","position":1,"name":"Home","item":"https:\/\/www.link2fleet.com\/fr\/"},{"@type":"ListItem","position":2,"name":"Electra, sp\u00e9cialiste de la recharge rapide, vise 15.000 points de recharge en Europe d&#8217;ici \u00e0 2030"}]},{"@type":"WebSite","@id":"https:\/\/www.link2fleet.com\/fr\/#website","url":"https:\/\/www.link2fleet.com\/fr\/","name":"Link2fleet","description":"","publisher":{"@id":"https:\/\/www.link2fleet.com\/fr\/#organization"},"potentialAction":[{"@type":"SearchAction","target":{"@type":"EntryPoint","urlTemplate":"https:\/\/www.link2fleet.com\/fr\/?s={search_term_string}"},"query-input":{"@type":"PropertyValueSpecification","valueRequired":true,"valueName":"search_term_string"}}],"inLanguage":"fr-FR"},{"@type":"Organization","@id":"https:\/\/www.link2fleet.com\/fr\/#organization","name":"Link2fleet","url":"https:\/\/www.link2fleet.com\/fr\/","logo":{"@type":"ImageObject","inLanguage":"fr-FR","@id":"https:\/\/www.link2fleet.com\/fr\/#\/schema\/logo\/image\/","url":"https:\/\/static.link2fleet.com\/wp-content\/uploads\/2024\/03\/share-image.jpg","contentUrl":"https:\/\/static.link2fleet.com\/wp-content\/uploads\/2024\/03\/share-image.jpg","width":1200,"height":630,"caption":"Link2fleet"},"image":{"@id":"https:\/\/www.link2fleet.com\/fr\/#\/schema\/logo\/image\/"},"sameAs":["https:\/\/www.linkedin.com\/company\/link2fleet-belgium","https:\/\/www.youtube.com\/user\/MMMBMBE"]},{"@type":"Person","@id":"https:\/\/www.link2fleet.com\/fr\/#\/schema\/person\/027cd46113c78036b3809c9a054049da","name":"Damien Malvetti","image":{"@type":"ImageObject","inLanguage":"fr-FR","@id":"https:\/\/secure.gravatar.com\/avatar\/dd8cc03b49466c735f753ac37f8caa371af16dfed347456ed61f02883255eebb?s=96&d=mm&r=g","url":"https:\/\/secure.gravatar.com\/avatar\/dd8cc03b49466c735f753ac37f8caa371af16dfed347456ed61f02883255eebb?s=96&d=mm&r=g","contentUrl":"https:\/\/secure.gravatar.com\/avatar\/dd8cc03b49466c735f753ac37f8caa371af16dfed347456ed61f02883255eebb?s=96&d=mm&r=g","caption":"Damien Malvetti"},"description":"Damien Malvetti is opgeleid als journalist en gepassioneerd door wagens, technologie en mobiliteit. Hij is verantwoordelijk voor de redactionele inhoud van link2fleet en beschikt over een uitgebreide kennis van de fleet-sector en elektrische mobiliteit.","sameAs":["https:\/\/www.linkedin.com\/in\/damien-malvetti-56601142\/"]}]}},"_links":{"self":[{"href":"https:\/\/www.link2fleet.com\/fr\/wp-json\/wp\/v2\/posts\/24126","targetHints":{"allow":["GET"]}}],"collection":[{"href":"https:\/\/www.link2fleet.com\/fr\/wp-json\/wp\/v2\/posts"}],"about":[{"href":"https:\/\/www.link2fleet.com\/fr\/wp-json\/wp\/v2\/types\/post"}],"author":[{"embeddable":true,"href":"https:\/\/www.link2fleet.com\/fr\/wp-json\/wp\/v2\/users\/4"}],"replies":[{"embeddable":true,"href":"https:\/\/www.link2fleet.com\/fr\/wp-json\/wp\/v2\/comments?post=24126"}],"version-history":[{"count":0,"href":"https:\/\/www.link2fleet.com\/fr\/wp-json\/wp\/v2\/posts\/24126\/revisions"}],"wp:featuredmedia":[{"embeddable":true,"href":"https:\/\/www.link2fleet.com\/fr\/wp-json\/wp\/v2\/media\/24127"}],"wp:attachment":[{"href":"https:\/\/www.link2fleet.com\/fr\/wp-json\/wp\/v2\/media?parent=24126"}],"wp:term":[{"taxonomy":"category","embeddable":true,"href":"https:\/\/www.link2fleet.com\/fr\/wp-json\/wp\/v2\/categories?post=24126"},{"taxonomy":"post_tag","embeddable":true,"href":"https:\/\/www.link2fleet.com\/fr\/wp-json\/wp\/v2\/tags?post=24126"}],"curies":[{"name":"wp","href":"https:\/\/api.w.org\/{rel}","templated":true}]}}