{"id":24152,"date":"2024-04-11T11:46:29","date_gmt":"2024-04-11T09:46:29","guid":{"rendered":"https:\/\/www.link2fleet.com\/pierre-voineau-nomme-managing-director-de-stellantis-belux\/"},"modified":"2024-04-15T14:40:18","modified_gmt":"2024-04-15T12:40:18","slug":"pierre-voineau-nomme-managing-director-de-stellantis-belux","status":"publish","type":"post","link":"https:\/\/www.link2fleet.com\/fr\/pierre-voineau-nomme-managing-director-de-stellantis-belux\/","title":{"rendered":"Pierre Voineau nomm\u00e9 Managing Director de Stellantis Belux"},"content":{"rendered":"<p>Dans sa nouvelle position, Pierre Voineau rapportera \u00e0 Bernard Loire, Head of Stellantis Europe 25 markets. Il remplacera Florian Kraft qui a d\u00e9cid\u00e9 de poursuivre de nouvelles opportunit\u00e9s et d\u00e9fis en dehors de l&rsquo;entreprise.<span class=\"Apple-converted-space\">\u00a0<\/span><\/p>\n<p><a href=\"https:\/\/www.link2fleet.com\/wp-content\/uploads\/2024\/04\/Pierre-Voineau.jpg\"><img loading=\"lazy\" decoding=\"async\" class=\"alignright size-medium wp-image-1306743\" src=\"https:\/\/www.link2fleet.com\/wp-content\/uploads\/2024\/04\/Pierre-Voineau-300x300.jpg\" alt=\"\" width=\"300\" height=\"300\" \/><\/a>Pierre Voineau est dipl\u00f4m\u00e9 de la haute \u00e9cole de commerce ESCEM Tours, en France. Il poss\u00e8de de nombreuses ann\u00e9es d&rsquo;exp\u00e9rience dans l&rsquo;industrie de l\u2019automobile, tant sur le march\u00e9 belge qu\u2019en Europe.<span class=\"Apple-converted-space\">\u00a0<\/span><\/p>\n<p>Il a commenc\u00e9 sa carri\u00e8re en 2012, occupant des postes de direction dans des domaines tels que le marketing, la vente, la distribution et la gestion de projets. En 2023, Pierre Voineau a rejoint Stellantis Belux en tant que Managing Director de Citro\u00ebn. Les informations concernant sa succession dans son r\u00f4le de Managing Director chez Citro\u00ebn seront communiqu\u00e9es d\u00e8s que possible.<span class=\"Apple-converted-space\">\u00a0<\/span><\/p>\n<p>\u00ab\u00a0Pierre Voineau a une connaissance approfondie du march\u00e9 de l\u2019automobile en Belgique et de nombreuses ann\u00e9es d&rsquo;exp\u00e9rience directe en gestion d&rsquo;entreprise. Je suis tr\u00e8s confiant qu&rsquo;il saura utiliser sa grande expertise et ses comp\u00e9tences en gestion pour assurer le d\u00e9veloppement continu et r\u00e9ussi de Stellantis en Belgique et au Luxembourg, ainsi que la mise en oeuvre de notre plan strat\u00e9gique Dare Forward 2030,\u00a0\u00bb a d\u00e9clar\u00e9 Bernard Loire, Head of Stellantis Europe 25 markets. \u00ab\u00a0Je tiens \u00e0 remercier Florian Kraft pour sa contribution au lancement du New Retailer Model en Belgique et au Luxembourg et pour avoir dirig\u00e9 avec succ\u00e8s l&rsquo;organisation \u00e0 travers des p\u00e9riodes tr\u00e8s difficiles pour notre industrie.<\/p>\n","protected":false},"excerpt":{"rendered":"<p>Dans sa nouvelle position, Pierre Voineau rapportera \u00e0 Bernard Loire, Head of Stellantis Europe 25 markets. Il remplacera Florian Kraft qui a d\u00e9cid\u00e9 de poursuivre de nouvelles opportunit\u00e9s et d\u00e9fis en dehors de l&rsquo;entreprise.\u00a0 Pierre Voineau est dipl\u00f4m\u00e9 de la haute \u00e9cole de commerce ESCEM Tours, en France. Il poss\u00e8de de nombreuses ann\u00e9es d&rsquo;exp\u00e9rience dans [&hellip;]<\/p>\n","protected":false},"author":4,"featured_media":24153,"comment_status":"closed","ping_status":"closed","sticky":false,"template":"","format":"standard","meta":{"_acf_changed":false,"footnotes":""},"categories":[135,2],"tags":[],"class_list":["post-24152","post","type-post","status-publish","format-standard","has-post-thumbnail","hentry","category-news-fr","category-non-classifiee"],"acf":[],"yoast_head":"<!-- This site is optimized with the Yoast SEO plugin v27.3 - https:\/\/yoast.com\/product\/yoast-seo-wordpress\/ -->\n<title>Pierre Voineau nomm\u00e9 Managing Director de Stellantis Belux - link2fleet<\/title>\n<meta name=\"description\" content=\"\u00c0 compter d\u2019aujourd\u2019hui Pierre Voineau est nomm\u00e9 Managing Director de Stellantis Belux. Il sera responsable du d\u00e9veloppement des activit\u00e9s de Stellantis en Belgique et au\u2026\" \/>\n<meta name=\"robots\" content=\"index, follow, max-snippet:-1, max-image-preview:large, max-video-preview:-1\" \/>\n<meta property=\"og:locale\" content=\"fr_FR\" \/>\n<meta property=\"og:type\" content=\"article\" \/>\n<meta property=\"og:title\" content=\"Pierre Voineau nomm\u00e9 Managing Director de Stellantis Belux - link2fleet\" \/>\n<meta property=\"og:description\" content=\"\u00c0 compter d\u2019aujourd\u2019hui Pierre Voineau est nomm\u00e9 Managing Director de Stellantis Belux. Il sera responsable du d\u00e9veloppement des activit\u00e9s de Stellantis en Belgique et au\u2026\" \/>\n<meta property=\"og:url\" content=\"https:\/\/www.link2fleet.com\/fr\/pierre-voineau-nomme-managing-director-de-stellantis-belux\/\" \/>\n<meta property=\"og:site_name\" content=\"link2fleet\" \/>\n<meta property=\"article:published_time\" content=\"2024-04-11T09:46:29+00:00\" \/>\n<meta property=\"article:modified_time\" content=\"2024-04-15T12:40:18+00:00\" \/>\n<meta property=\"og:image\" content=\"https:\/\/static.link2fleet.com\/wp-content\/uploads\/2024\/04\/pierre-voineau.png\" \/>\n\t<meta property=\"og:image:width\" content=\"1200\" \/>\n\t<meta property=\"og:image:height\" content=\"800\" \/>\n\t<meta property=\"og:image:type\" content=\"image\/png\" \/>\n<meta name=\"author\" content=\"Damien Malvetti\" \/>\n<meta name=\"twitter:card\" content=\"summary_large_image\" \/>\n<meta name=\"twitter:description\" content=\"\u00c0 compter d\u2019aujourd\u2019hui Pierre Voineau est nomm\u00e9 Managing Director de Stellantis Belux. Il sera responsable du d\u00e9veloppement des activit\u00e9s de Stellantis en Belgique et au\u2026\" \/>\n<meta name=\"twitter:label1\" content=\"\u00c9crit par\" \/>\n\t<meta name=\"twitter:data1\" content=\"Damien Malvetti\" \/>\n\t<meta name=\"twitter:label2\" content=\"Dur\u00e9e de lecture estim\u00e9e\" \/>\n\t<meta name=\"twitter:data2\" content=\"2 minutes\" \/>\n<script type=\"application\/ld+json\" class=\"yoast-schema-graph\">{\"@context\":\"https:\\\/\\\/schema.org\",\"@graph\":[{\"@type\":\"Article\",\"@id\":\"https:\\\/\\\/www.link2fleet.com\\\/fr\\\/pierre-voineau-nomme-managing-director-de-stellantis-belux\\\/#article\",\"isPartOf\":{\"@id\":\"https:\\\/\\\/www.link2fleet.com\\\/fr\\\/pierre-voineau-nomme-managing-director-de-stellantis-belux\\\/\"},\"author\":{\"name\":\"Damien Malvetti\",\"@id\":\"https:\\\/\\\/www.link2fleet.com\\\/fr\\\/#\\\/schema\\\/person\\\/027cd46113c78036b3809c9a054049da\"},\"headline\":\"Pierre Voineau nomm\u00e9 Managing Director de Stellantis Belux\",\"datePublished\":\"2024-04-11T09:46:29+00:00\",\"dateModified\":\"2024-04-15T12:40:18+00:00\",\"mainEntityOfPage\":{\"@id\":\"https:\\\/\\\/www.link2fleet.com\\\/fr\\\/pierre-voineau-nomme-managing-director-de-stellantis-belux\\\/\"},\"wordCount\":269,\"publisher\":{\"@id\":\"https:\\\/\\\/www.link2fleet.com\\\/fr\\\/#organization\"},\"image\":{\"@id\":\"https:\\\/\\\/www.link2fleet.com\\\/fr\\\/pierre-voineau-nomme-managing-director-de-stellantis-belux\\\/#primaryimage\"},\"thumbnailUrl\":\"https:\\\/\\\/static.link2fleet.com\\\/wp-content\\\/uploads\\\/2024\\\/04\\\/pierre-voineau.png\",\"articleSection\":[\"Actus\",\"Non classifi\u00e9(e)\"],\"inLanguage\":\"fr-FR\"},{\"@type\":\"WebPage\",\"@id\":\"https:\\\/\\\/www.link2fleet.com\\\/fr\\\/pierre-voineau-nomme-managing-director-de-stellantis-belux\\\/\",\"url\":\"https:\\\/\\\/www.link2fleet.com\\\/fr\\\/pierre-voineau-nomme-managing-director-de-stellantis-belux\\\/\",\"name\":\"Pierre Voineau nomm\u00e9 Managing Director de Stellantis Belux - link2fleet\",\"isPartOf\":{\"@id\":\"https:\\\/\\\/www.link2fleet.com\\\/fr\\\/#website\"},\"primaryImageOfPage\":{\"@id\":\"https:\\\/\\\/www.link2fleet.com\\\/fr\\\/pierre-voineau-nomme-managing-director-de-stellantis-belux\\\/#primaryimage\"},\"image\":{\"@id\":\"https:\\\/\\\/www.link2fleet.com\\\/fr\\\/pierre-voineau-nomme-managing-director-de-stellantis-belux\\\/#primaryimage\"},\"thumbnailUrl\":\"https:\\\/\\\/static.link2fleet.com\\\/wp-content\\\/uploads\\\/2024\\\/04\\\/pierre-voineau.png\",\"datePublished\":\"2024-04-11T09:46:29+00:00\",\"dateModified\":\"2024-04-15T12:40:18+00:00\",\"breadcrumb\":{\"@id\":\"https:\\\/\\\/www.link2fleet.com\\\/fr\\\/pierre-voineau-nomme-managing-director-de-stellantis-belux\\\/#breadcrumb\"},\"inLanguage\":\"fr-FR\",\"potentialAction\":[{\"@type\":\"ReadAction\",\"target\":[\"https:\\\/\\\/www.link2fleet.com\\\/fr\\\/pierre-voineau-nomme-managing-director-de-stellantis-belux\\\/\"]}]},{\"@type\":\"ImageObject\",\"inLanguage\":\"fr-FR\",\"@id\":\"https:\\\/\\\/www.link2fleet.com\\\/fr\\\/pierre-voineau-nomme-managing-director-de-stellantis-belux\\\/#primaryimage\",\"url\":\"https:\\\/\\\/static.link2fleet.com\\\/wp-content\\\/uploads\\\/2024\\\/04\\\/pierre-voineau.png\",\"contentUrl\":\"https:\\\/\\\/static.link2fleet.com\\\/wp-content\\\/uploads\\\/2024\\\/04\\\/pierre-voineau.png\",\"width\":1200,\"height\":800,\"caption\":\"|\"},{\"@type\":\"BreadcrumbList\",\"@id\":\"https:\\\/\\\/www.link2fleet.com\\\/fr\\\/pierre-voineau-nomme-managing-director-de-stellantis-belux\\\/#breadcrumb\",\"itemListElement\":[{\"@type\":\"ListItem\",\"position\":1,\"name\":\"Home\",\"item\":\"https:\\\/\\\/www.link2fleet.com\\\/fr\\\/\"},{\"@type\":\"ListItem\",\"position\":2,\"name\":\"Pierre Voineau nomm\u00e9 Managing Director de Stellantis Belux\"}]},{\"@type\":\"WebSite\",\"@id\":\"https:\\\/\\\/www.link2fleet.com\\\/fr\\\/#website\",\"url\":\"https:\\\/\\\/www.link2fleet.com\\\/fr\\\/\",\"name\":\"Link2fleet\",\"description\":\"\",\"publisher\":{\"@id\":\"https:\\\/\\\/www.link2fleet.com\\\/fr\\\/#organization\"},\"potentialAction\":[{\"@type\":\"SearchAction\",\"target\":{\"@type\":\"EntryPoint\",\"urlTemplate\":\"https:\\\/\\\/www.link2fleet.com\\\/fr\\\/?s={search_term_string}\"},\"query-input\":{\"@type\":\"PropertyValueSpecification\",\"valueRequired\":true,\"valueName\":\"search_term_string\"}}],\"inLanguage\":\"fr-FR\"},{\"@type\":\"Organization\",\"@id\":\"https:\\\/\\\/www.link2fleet.com\\\/fr\\\/#organization\",\"name\":\"Link2fleet\",\"url\":\"https:\\\/\\\/www.link2fleet.com\\\/fr\\\/\",\"logo\":{\"@type\":\"ImageObject\",\"inLanguage\":\"fr-FR\",\"@id\":\"https:\\\/\\\/www.link2fleet.com\\\/fr\\\/#\\\/schema\\\/logo\\\/image\\\/\",\"url\":\"https:\\\/\\\/static.link2fleet.com\\\/wp-content\\\/uploads\\\/2024\\\/03\\\/share-image.jpg\",\"contentUrl\":\"https:\\\/\\\/static.link2fleet.com\\\/wp-content\\\/uploads\\\/2024\\\/03\\\/share-image.jpg\",\"width\":1200,\"height\":630,\"caption\":\"Link2fleet\"},\"image\":{\"@id\":\"https:\\\/\\\/www.link2fleet.com\\\/fr\\\/#\\\/schema\\\/logo\\\/image\\\/\"},\"sameAs\":[\"https:\\\/\\\/www.linkedin.com\\\/company\\\/link2fleet-belgium\",\"https:\\\/\\\/www.youtube.com\\\/user\\\/MMMBMBE\"]},{\"@type\":\"Person\",\"@id\":\"https:\\\/\\\/www.link2fleet.com\\\/fr\\\/#\\\/schema\\\/person\\\/027cd46113c78036b3809c9a054049da\",\"name\":\"Damien Malvetti\",\"image\":{\"@type\":\"ImageObject\",\"inLanguage\":\"fr-FR\",\"@id\":\"https:\\\/\\\/secure.gravatar.com\\\/avatar\\\/dd8cc03b49466c735f753ac37f8caa371af16dfed347456ed61f02883255eebb?s=96&d=mm&r=g\",\"url\":\"https:\\\/\\\/secure.gravatar.com\\\/avatar\\\/dd8cc03b49466c735f753ac37f8caa371af16dfed347456ed61f02883255eebb?s=96&d=mm&r=g\",\"contentUrl\":\"https:\\\/\\\/secure.gravatar.com\\\/avatar\\\/dd8cc03b49466c735f753ac37f8caa371af16dfed347456ed61f02883255eebb?s=96&d=mm&r=g\",\"caption\":\"Damien Malvetti\"},\"description\":\"Damien Malvetti is opgeleid als journalist en gepassioneerd door wagens, technologie en mobiliteit. Hij is verantwoordelijk voor de redactionele inhoud van link2fleet en beschikt over een uitgebreide kennis van de fleet-sector en elektrische mobiliteit.\",\"sameAs\":[\"https:\\\/\\\/www.linkedin.com\\\/in\\\/damien-malvetti-56601142\\\/\"]}]}<\/script>\n<!-- \/ Yoast SEO plugin. -->","yoast_head_json":{"title":"Pierre Voineau nomm\u00e9 Managing Director de Stellantis Belux - link2fleet","description":"\u00c0 compter d\u2019aujourd\u2019hui Pierre Voineau est nomm\u00e9 Managing Director de Stellantis Belux. Il sera responsable du d\u00e9veloppement des activit\u00e9s de Stellantis en Belgique et au\u2026","robots":{"index":"index","follow":"follow","max-snippet":"max-snippet:-1","max-image-preview":"max-image-preview:large","max-video-preview":"max-video-preview:-1"},"og_locale":"fr_FR","og_type":"article","og_title":"Pierre Voineau nomm\u00e9 Managing Director de Stellantis Belux - link2fleet","og_description":"\u00c0 compter d\u2019aujourd\u2019hui Pierre Voineau est nomm\u00e9 Managing Director de Stellantis Belux. Il sera responsable du d\u00e9veloppement des activit\u00e9s de Stellantis en Belgique et au\u2026","og_url":"https:\/\/www.link2fleet.com\/fr\/pierre-voineau-nomme-managing-director-de-stellantis-belux\/","og_site_name":"link2fleet","article_published_time":"2024-04-11T09:46:29+00:00","article_modified_time":"2024-04-15T12:40:18+00:00","og_image":[{"width":1200,"height":800,"url":"https:\/\/static.link2fleet.com\/wp-content\/uploads\/2024\/04\/pierre-voineau.png","type":"image\/png"}],"author":"Damien Malvetti","twitter_card":"summary_large_image","twitter_description":"\u00c0 compter d\u2019aujourd\u2019hui Pierre Voineau est nomm\u00e9 Managing Director de Stellantis Belux. Il sera responsable du d\u00e9veloppement des activit\u00e9s de Stellantis en Belgique et au\u2026","twitter_misc":{"\u00c9crit par":"Damien Malvetti","Dur\u00e9e de lecture estim\u00e9e":"2 minutes"},"schema":{"@context":"https:\/\/schema.org","@graph":[{"@type":"Article","@id":"https:\/\/www.link2fleet.com\/fr\/pierre-voineau-nomme-managing-director-de-stellantis-belux\/#article","isPartOf":{"@id":"https:\/\/www.link2fleet.com\/fr\/pierre-voineau-nomme-managing-director-de-stellantis-belux\/"},"author":{"name":"Damien Malvetti","@id":"https:\/\/www.link2fleet.com\/fr\/#\/schema\/person\/027cd46113c78036b3809c9a054049da"},"headline":"Pierre Voineau nomm\u00e9 Managing Director de Stellantis Belux","datePublished":"2024-04-11T09:46:29+00:00","dateModified":"2024-04-15T12:40:18+00:00","mainEntityOfPage":{"@id":"https:\/\/www.link2fleet.com\/fr\/pierre-voineau-nomme-managing-director-de-stellantis-belux\/"},"wordCount":269,"publisher":{"@id":"https:\/\/www.link2fleet.com\/fr\/#organization"},"image":{"@id":"https:\/\/www.link2fleet.com\/fr\/pierre-voineau-nomme-managing-director-de-stellantis-belux\/#primaryimage"},"thumbnailUrl":"https:\/\/static.link2fleet.com\/wp-content\/uploads\/2024\/04\/pierre-voineau.png","articleSection":["Actus","Non classifi\u00e9(e)"],"inLanguage":"fr-FR"},{"@type":"WebPage","@id":"https:\/\/www.link2fleet.com\/fr\/pierre-voineau-nomme-managing-director-de-stellantis-belux\/","url":"https:\/\/www.link2fleet.com\/fr\/pierre-voineau-nomme-managing-director-de-stellantis-belux\/","name":"Pierre Voineau nomm\u00e9 Managing Director de Stellantis Belux - link2fleet","isPartOf":{"@id":"https:\/\/www.link2fleet.com\/fr\/#website"},"primaryImageOfPage":{"@id":"https:\/\/www.link2fleet.com\/fr\/pierre-voineau-nomme-managing-director-de-stellantis-belux\/#primaryimage"},"image":{"@id":"https:\/\/www.link2fleet.com\/fr\/pierre-voineau-nomme-managing-director-de-stellantis-belux\/#primaryimage"},"thumbnailUrl":"https:\/\/static.link2fleet.com\/wp-content\/uploads\/2024\/04\/pierre-voineau.png","datePublished":"2024-04-11T09:46:29+00:00","dateModified":"2024-04-15T12:40:18+00:00","breadcrumb":{"@id":"https:\/\/www.link2fleet.com\/fr\/pierre-voineau-nomme-managing-director-de-stellantis-belux\/#breadcrumb"},"inLanguage":"fr-FR","potentialAction":[{"@type":"ReadAction","target":["https:\/\/www.link2fleet.com\/fr\/pierre-voineau-nomme-managing-director-de-stellantis-belux\/"]}]},{"@type":"ImageObject","inLanguage":"fr-FR","@id":"https:\/\/www.link2fleet.com\/fr\/pierre-voineau-nomme-managing-director-de-stellantis-belux\/#primaryimage","url":"https:\/\/static.link2fleet.com\/wp-content\/uploads\/2024\/04\/pierre-voineau.png","contentUrl":"https:\/\/static.link2fleet.com\/wp-content\/uploads\/2024\/04\/pierre-voineau.png","width":1200,"height":800,"caption":"|"},{"@type":"BreadcrumbList","@id":"https:\/\/www.link2fleet.com\/fr\/pierre-voineau-nomme-managing-director-de-stellantis-belux\/#breadcrumb","itemListElement":[{"@type":"ListItem","position":1,"name":"Home","item":"https:\/\/www.link2fleet.com\/fr\/"},{"@type":"ListItem","position":2,"name":"Pierre Voineau nomm\u00e9 Managing Director de Stellantis Belux"}]},{"@type":"WebSite","@id":"https:\/\/www.link2fleet.com\/fr\/#website","url":"https:\/\/www.link2fleet.com\/fr\/","name":"Link2fleet","description":"","publisher":{"@id":"https:\/\/www.link2fleet.com\/fr\/#organization"},"potentialAction":[{"@type":"SearchAction","target":{"@type":"EntryPoint","urlTemplate":"https:\/\/www.link2fleet.com\/fr\/?s={search_term_string}"},"query-input":{"@type":"PropertyValueSpecification","valueRequired":true,"valueName":"search_term_string"}}],"inLanguage":"fr-FR"},{"@type":"Organization","@id":"https:\/\/www.link2fleet.com\/fr\/#organization","name":"Link2fleet","url":"https:\/\/www.link2fleet.com\/fr\/","logo":{"@type":"ImageObject","inLanguage":"fr-FR","@id":"https:\/\/www.link2fleet.com\/fr\/#\/schema\/logo\/image\/","url":"https:\/\/static.link2fleet.com\/wp-content\/uploads\/2024\/03\/share-image.jpg","contentUrl":"https:\/\/static.link2fleet.com\/wp-content\/uploads\/2024\/03\/share-image.jpg","width":1200,"height":630,"caption":"Link2fleet"},"image":{"@id":"https:\/\/www.link2fleet.com\/fr\/#\/schema\/logo\/image\/"},"sameAs":["https:\/\/www.linkedin.com\/company\/link2fleet-belgium","https:\/\/www.youtube.com\/user\/MMMBMBE"]},{"@type":"Person","@id":"https:\/\/www.link2fleet.com\/fr\/#\/schema\/person\/027cd46113c78036b3809c9a054049da","name":"Damien Malvetti","image":{"@type":"ImageObject","inLanguage":"fr-FR","@id":"https:\/\/secure.gravatar.com\/avatar\/dd8cc03b49466c735f753ac37f8caa371af16dfed347456ed61f02883255eebb?s=96&d=mm&r=g","url":"https:\/\/secure.gravatar.com\/avatar\/dd8cc03b49466c735f753ac37f8caa371af16dfed347456ed61f02883255eebb?s=96&d=mm&r=g","contentUrl":"https:\/\/secure.gravatar.com\/avatar\/dd8cc03b49466c735f753ac37f8caa371af16dfed347456ed61f02883255eebb?s=96&d=mm&r=g","caption":"Damien Malvetti"},"description":"Damien Malvetti is opgeleid als journalist en gepassioneerd door wagens, technologie en mobiliteit. Hij is verantwoordelijk voor de redactionele inhoud van link2fleet en beschikt over een uitgebreide kennis van de fleet-sector en elektrische mobiliteit.","sameAs":["https:\/\/www.linkedin.com\/in\/damien-malvetti-56601142\/"]}]}},"_links":{"self":[{"href":"https:\/\/www.link2fleet.com\/fr\/wp-json\/wp\/v2\/posts\/24152","targetHints":{"allow":["GET"]}}],"collection":[{"href":"https:\/\/www.link2fleet.com\/fr\/wp-json\/wp\/v2\/posts"}],"about":[{"href":"https:\/\/www.link2fleet.com\/fr\/wp-json\/wp\/v2\/types\/post"}],"author":[{"embeddable":true,"href":"https:\/\/www.link2fleet.com\/fr\/wp-json\/wp\/v2\/users\/4"}],"replies":[{"embeddable":true,"href":"https:\/\/www.link2fleet.com\/fr\/wp-json\/wp\/v2\/comments?post=24152"}],"version-history":[{"count":0,"href":"https:\/\/www.link2fleet.com\/fr\/wp-json\/wp\/v2\/posts\/24152\/revisions"}],"wp:featuredmedia":[{"embeddable":true,"href":"https:\/\/www.link2fleet.com\/fr\/wp-json\/wp\/v2\/media\/24153"}],"wp:attachment":[{"href":"https:\/\/www.link2fleet.com\/fr\/wp-json\/wp\/v2\/media?parent=24152"}],"wp:term":[{"taxonomy":"category","embeddable":true,"href":"https:\/\/www.link2fleet.com\/fr\/wp-json\/wp\/v2\/categories?post=24152"},{"taxonomy":"post_tag","embeddable":true,"href":"https:\/\/www.link2fleet.com\/fr\/wp-json\/wp\/v2\/tags?post=24152"}],"curies":[{"name":"wp","href":"https:\/\/api.w.org\/{rel}","templated":true}]}}