{"id":24653,"date":"2024-04-17T14:02:37","date_gmt":"2024-04-17T12:02:37","guid":{"rendered":"https:\/\/www.link2fleet.com\/?p=24653"},"modified":"2024-04-17T14:25:23","modified_gmt":"2024-04-17T12:25:23","slug":"ethias-et-la-wallonie-investissent-dans-la-start-up-sparki-pour-accelerer-le-developpement-du-reseau-de-recharge-publique","status":"publish","type":"post","link":"https:\/\/www.link2fleet.com\/fr\/ethias-et-la-wallonie-investissent-dans-la-start-up-sparki-pour-accelerer-le-developpement-du-reseau-de-recharge-publique\/","title":{"rendered":"Ethias et la Wallonie investissent dans la start-up Sparki pour acc\u00e9l\u00e9rer le d\u00e9veloppement du r\u00e9seau de recharge publique"},"content":{"rendered":"","protected":false},"excerpt":{"rendered":"","protected":false},"author":4,"featured_media":24657,"comment_status":"closed","ping_status":"closed","sticky":false,"template":"","format":"standard","meta":{"_acf_changed":false,"footnotes":""},"categories":[81,91],"tags":[],"class_list":["post-24653","post","type-post","status-publish","format-standard","has-post-thumbnail","hentry","category-gestion-de-carburant-et-energie","category-expertise-et-management"],"acf":[],"yoast_head":"<!-- This site is optimized with the Yoast SEO plugin v27.3 - https:\/\/yoast.com\/product\/yoast-seo-wordpress\/ -->\n<title>Ethias et la Wallonie investissent dans la start-up Sparki pour acc\u00e9l\u00e9rer le d\u00e9veloppement du r\u00e9seau de recharge publique - link2fleet<\/title>\n<meta name=\"description\" content=\"Apr\u00e8s une premi\u00e8re injection de capital de l&rsquo;actionnaire principal Gridlink en d\u00e9cembre 2023, Ethias et Wallonie Entreprendre s&rsquo;associent \u00e0 leur tour \u00e0 Sparki. Au total,\u2026\" \/>\n<meta name=\"robots\" content=\"index, follow, max-snippet:-1, max-image-preview:large, max-video-preview:-1\" \/>\n<meta property=\"og:locale\" content=\"fr_FR\" \/>\n<meta property=\"og:type\" content=\"article\" \/>\n<meta property=\"og:title\" content=\"Ethias et la Wallonie investissent dans la start-up Sparki pour acc\u00e9l\u00e9rer le d\u00e9veloppement du r\u00e9seau de recharge publique - link2fleet\" \/>\n<meta property=\"og:description\" content=\"Apr\u00e8s une premi\u00e8re injection de capital de l&rsquo;actionnaire principal Gridlink en d\u00e9cembre 2023, Ethias et Wallonie Entreprendre s&rsquo;associent \u00e0 leur tour \u00e0 Sparki. Au total,\u2026\" \/>\n<meta property=\"og:url\" content=\"https:\/\/www.link2fleet.com\/ethias-et-la-wallonie-investissent-dans-la-start-up-sparki-pour-accelerer-le-developpement-du-reseau-de-recharge-publique\/\" \/>\n<meta property=\"og:site_name\" content=\"link2fleet\" \/>\n<meta property=\"article:published_time\" content=\"2024-04-17T12:02:37+00:00\" \/>\n<meta property=\"article:modified_time\" content=\"2024-04-17T12:25:23+00:00\" \/>\n<meta property=\"og:image\" content=\"https:\/\/static.link2fleet.com\/wp-content\/uploads\/2024\/04\/sparki.jpg\" \/>\n\t<meta property=\"og:image:width\" content=\"1387\" \/>\n\t<meta property=\"og:image:height\" content=\"780\" \/>\n\t<meta property=\"og:image:type\" content=\"image\/jpeg\" \/>\n<meta name=\"author\" content=\"Damien Malvetti\" \/>\n<meta name=\"twitter:card\" content=\"summary_large_image\" \/>\n<meta name=\"twitter:description\" content=\"Apr\u00e8s une premi\u00e8re injection de capital de l&rsquo;actionnaire principal Gridlink en d\u00e9cembre 2023, Ethias et Wallonie Entreprendre s&rsquo;associent \u00e0 leur tour \u00e0 Sparki. Au total,\u2026\" \/>\n<meta name=\"twitter:label1\" content=\"\u00c9crit par\" \/>\n\t<meta name=\"twitter:data1\" content=\"Damien Malvetti\" \/>\n\t<meta name=\"twitter:label2\" content=\"Dur\u00e9e de lecture estim\u00e9e\" \/>\n\t<meta name=\"twitter:data2\" content=\"3 minutes\" \/>\n<script type=\"application\/ld+json\" class=\"yoast-schema-graph\">{\"@context\":\"https:\\\/\\\/schema.org\",\"@graph\":[{\"@type\":\"Article\",\"@id\":\"https:\\\/\\\/www.link2fleet.com\\\/ethias-et-la-wallonie-investissent-dans-la-start-up-sparki-pour-accelerer-le-developpement-du-reseau-de-recharge-publique\\\/#article\",\"isPartOf\":{\"@id\":\"https:\\\/\\\/www.link2fleet.com\\\/ethias-et-la-wallonie-investissent-dans-la-start-up-sparki-pour-accelerer-le-developpement-du-reseau-de-recharge-publique\\\/\"},\"author\":{\"name\":\"Damien Malvetti\",\"@id\":\"https:\\\/\\\/www.link2fleet.com\\\/fr\\\/#\\\/schema\\\/person\\\/027cd46113c78036b3809c9a054049da\"},\"headline\":\"Ethias et la Wallonie investissent dans la start-up Sparki pour acc\u00e9l\u00e9rer le d\u00e9veloppement du r\u00e9seau de recharge publique\",\"datePublished\":\"2024-04-17T12:02:37+00:00\",\"dateModified\":\"2024-04-17T12:25:23+00:00\",\"mainEntityOfPage\":{\"@id\":\"https:\\\/\\\/www.link2fleet.com\\\/ethias-et-la-wallonie-investissent-dans-la-start-up-sparki-pour-accelerer-le-developpement-du-reseau-de-recharge-publique\\\/\"},\"wordCount\":22,\"publisher\":{\"@id\":\"https:\\\/\\\/www.link2fleet.com\\\/fr\\\/#organization\"},\"image\":{\"@id\":\"https:\\\/\\\/www.link2fleet.com\\\/ethias-et-la-wallonie-investissent-dans-la-start-up-sparki-pour-accelerer-le-developpement-du-reseau-de-recharge-publique\\\/#primaryimage\"},\"thumbnailUrl\":\"https:\\\/\\\/static.link2fleet.com\\\/wp-content\\\/uploads\\\/2024\\\/04\\\/sparki.jpg\",\"articleSection\":[\"Gestion carburant et de l'\u00e9nergie\",\"Gestion de flotte\"],\"inLanguage\":\"fr-FR\"},{\"@type\":\"WebPage\",\"@id\":\"https:\\\/\\\/www.link2fleet.com\\\/ethias-et-la-wallonie-investissent-dans-la-start-up-sparki-pour-accelerer-le-developpement-du-reseau-de-recharge-publique\\\/\",\"url\":\"https:\\\/\\\/www.link2fleet.com\\\/ethias-et-la-wallonie-investissent-dans-la-start-up-sparki-pour-accelerer-le-developpement-du-reseau-de-recharge-publique\\\/\",\"name\":\"Ethias et la Wallonie investissent dans la start-up Sparki pour acc\u00e9l\u00e9rer le d\u00e9veloppement du r\u00e9seau de recharge publique - link2fleet\",\"isPartOf\":{\"@id\":\"https:\\\/\\\/www.link2fleet.com\\\/fr\\\/#website\"},\"primaryImageOfPage\":{\"@id\":\"https:\\\/\\\/www.link2fleet.com\\\/ethias-et-la-wallonie-investissent-dans-la-start-up-sparki-pour-accelerer-le-developpement-du-reseau-de-recharge-publique\\\/#primaryimage\"},\"image\":{\"@id\":\"https:\\\/\\\/www.link2fleet.com\\\/ethias-et-la-wallonie-investissent-dans-la-start-up-sparki-pour-accelerer-le-developpement-du-reseau-de-recharge-publique\\\/#primaryimage\"},\"thumbnailUrl\":\"https:\\\/\\\/static.link2fleet.com\\\/wp-content\\\/uploads\\\/2024\\\/04\\\/sparki.jpg\",\"datePublished\":\"2024-04-17T12:02:37+00:00\",\"dateModified\":\"2024-04-17T12:25:23+00:00\",\"breadcrumb\":{\"@id\":\"https:\\\/\\\/www.link2fleet.com\\\/ethias-et-la-wallonie-investissent-dans-la-start-up-sparki-pour-accelerer-le-developpement-du-reseau-de-recharge-publique\\\/#breadcrumb\"},\"inLanguage\":\"fr-FR\",\"potentialAction\":[{\"@type\":\"ReadAction\",\"target\":[\"https:\\\/\\\/www.link2fleet.com\\\/ethias-et-la-wallonie-investissent-dans-la-start-up-sparki-pour-accelerer-le-developpement-du-reseau-de-recharge-publique\\\/\"]}]},{\"@type\":\"ImageObject\",\"inLanguage\":\"fr-FR\",\"@id\":\"https:\\\/\\\/www.link2fleet.com\\\/ethias-et-la-wallonie-investissent-dans-la-start-up-sparki-pour-accelerer-le-developpement-du-reseau-de-recharge-publique\\\/#primaryimage\",\"url\":\"https:\\\/\\\/static.link2fleet.com\\\/wp-content\\\/uploads\\\/2024\\\/04\\\/sparki.jpg\",\"contentUrl\":\"https:\\\/\\\/static.link2fleet.com\\\/wp-content\\\/uploads\\\/2024\\\/04\\\/sparki.jpg\",\"width\":1387,\"height\":780},{\"@type\":\"BreadcrumbList\",\"@id\":\"https:\\\/\\\/www.link2fleet.com\\\/ethias-et-la-wallonie-investissent-dans-la-start-up-sparki-pour-accelerer-le-developpement-du-reseau-de-recharge-publique\\\/#breadcrumb\",\"itemListElement\":[{\"@type\":\"ListItem\",\"position\":1,\"name\":\"Home\",\"item\":\"https:\\\/\\\/www.link2fleet.com\\\/fr\\\/\"},{\"@type\":\"ListItem\",\"position\":2,\"name\":\"Ethias et la Wallonie investissent dans la start-up Sparki pour acc\u00e9l\u00e9rer le d\u00e9veloppement du r\u00e9seau de recharge publique\"}]},{\"@type\":\"WebSite\",\"@id\":\"https:\\\/\\\/www.link2fleet.com\\\/fr\\\/#website\",\"url\":\"https:\\\/\\\/www.link2fleet.com\\\/fr\\\/\",\"name\":\"Link2fleet\",\"description\":\"\",\"publisher\":{\"@id\":\"https:\\\/\\\/www.link2fleet.com\\\/fr\\\/#organization\"},\"potentialAction\":[{\"@type\":\"SearchAction\",\"target\":{\"@type\":\"EntryPoint\",\"urlTemplate\":\"https:\\\/\\\/www.link2fleet.com\\\/fr\\\/?s={search_term_string}\"},\"query-input\":{\"@type\":\"PropertyValueSpecification\",\"valueRequired\":true,\"valueName\":\"search_term_string\"}}],\"inLanguage\":\"fr-FR\"},{\"@type\":\"Organization\",\"@id\":\"https:\\\/\\\/www.link2fleet.com\\\/fr\\\/#organization\",\"name\":\"Link2fleet\",\"url\":\"https:\\\/\\\/www.link2fleet.com\\\/fr\\\/\",\"logo\":{\"@type\":\"ImageObject\",\"inLanguage\":\"fr-FR\",\"@id\":\"https:\\\/\\\/www.link2fleet.com\\\/fr\\\/#\\\/schema\\\/logo\\\/image\\\/\",\"url\":\"https:\\\/\\\/static.link2fleet.com\\\/wp-content\\\/uploads\\\/2024\\\/03\\\/share-image.jpg\",\"contentUrl\":\"https:\\\/\\\/static.link2fleet.com\\\/wp-content\\\/uploads\\\/2024\\\/03\\\/share-image.jpg\",\"width\":1200,\"height\":630,\"caption\":\"Link2fleet\"},\"image\":{\"@id\":\"https:\\\/\\\/www.link2fleet.com\\\/fr\\\/#\\\/schema\\\/logo\\\/image\\\/\"},\"sameAs\":[\"https:\\\/\\\/www.linkedin.com\\\/company\\\/link2fleet-belgium\",\"https:\\\/\\\/www.youtube.com\\\/user\\\/MMMBMBE\"]},{\"@type\":\"Person\",\"@id\":\"https:\\\/\\\/www.link2fleet.com\\\/fr\\\/#\\\/schema\\\/person\\\/027cd46113c78036b3809c9a054049da\",\"name\":\"Damien Malvetti\",\"image\":{\"@type\":\"ImageObject\",\"inLanguage\":\"fr-FR\",\"@id\":\"https:\\\/\\\/secure.gravatar.com\\\/avatar\\\/dd8cc03b49466c735f753ac37f8caa371af16dfed347456ed61f02883255eebb?s=96&d=mm&r=g\",\"url\":\"https:\\\/\\\/secure.gravatar.com\\\/avatar\\\/dd8cc03b49466c735f753ac37f8caa371af16dfed347456ed61f02883255eebb?s=96&d=mm&r=g\",\"contentUrl\":\"https:\\\/\\\/secure.gravatar.com\\\/avatar\\\/dd8cc03b49466c735f753ac37f8caa371af16dfed347456ed61f02883255eebb?s=96&d=mm&r=g\",\"caption\":\"Damien Malvetti\"},\"description\":\"Damien Malvetti is opgeleid als journalist en gepassioneerd door wagens, technologie en mobiliteit. Hij is verantwoordelijk voor de redactionele inhoud van link2fleet en beschikt over een uitgebreide kennis van de fleet-sector en elektrische mobiliteit.\",\"sameAs\":[\"https:\\\/\\\/www.linkedin.com\\\/in\\\/damien-malvetti-56601142\\\/\"]}]}<\/script>\n<!-- \/ Yoast SEO plugin. -->","yoast_head_json":{"title":"Ethias et la Wallonie investissent dans la start-up Sparki pour acc\u00e9l\u00e9rer le d\u00e9veloppement du r\u00e9seau de recharge publique - link2fleet","description":"Apr\u00e8s une premi\u00e8re injection de capital de l&rsquo;actionnaire principal Gridlink en d\u00e9cembre 2023, Ethias et Wallonie Entreprendre s&rsquo;associent \u00e0 leur tour \u00e0 Sparki. Au total,\u2026","robots":{"index":"index","follow":"follow","max-snippet":"max-snippet:-1","max-image-preview":"max-image-preview:large","max-video-preview":"max-video-preview:-1"},"og_locale":"fr_FR","og_type":"article","og_title":"Ethias et la Wallonie investissent dans la start-up Sparki pour acc\u00e9l\u00e9rer le d\u00e9veloppement du r\u00e9seau de recharge publique - link2fleet","og_description":"Apr\u00e8s une premi\u00e8re injection de capital de l&rsquo;actionnaire principal Gridlink en d\u00e9cembre 2023, Ethias et Wallonie Entreprendre s&rsquo;associent \u00e0 leur tour \u00e0 Sparki. Au total,\u2026","og_url":"https:\/\/www.link2fleet.com\/ethias-et-la-wallonie-investissent-dans-la-start-up-sparki-pour-accelerer-le-developpement-du-reseau-de-recharge-publique\/","og_site_name":"link2fleet","article_published_time":"2024-04-17T12:02:37+00:00","article_modified_time":"2024-04-17T12:25:23+00:00","og_image":[{"width":1387,"height":780,"url":"https:\/\/static.link2fleet.com\/wp-content\/uploads\/2024\/04\/sparki.jpg","type":"image\/jpeg"}],"author":"Damien Malvetti","twitter_card":"summary_large_image","twitter_description":"Apr\u00e8s une premi\u00e8re injection de capital de l&rsquo;actionnaire principal Gridlink en d\u00e9cembre 2023, Ethias et Wallonie Entreprendre s&rsquo;associent \u00e0 leur tour \u00e0 Sparki. Au total,\u2026","twitter_misc":{"\u00c9crit par":"Damien Malvetti","Dur\u00e9e de lecture estim\u00e9e":"3 minutes"},"schema":{"@context":"https:\/\/schema.org","@graph":[{"@type":"Article","@id":"https:\/\/www.link2fleet.com\/ethias-et-la-wallonie-investissent-dans-la-start-up-sparki-pour-accelerer-le-developpement-du-reseau-de-recharge-publique\/#article","isPartOf":{"@id":"https:\/\/www.link2fleet.com\/ethias-et-la-wallonie-investissent-dans-la-start-up-sparki-pour-accelerer-le-developpement-du-reseau-de-recharge-publique\/"},"author":{"name":"Damien Malvetti","@id":"https:\/\/www.link2fleet.com\/fr\/#\/schema\/person\/027cd46113c78036b3809c9a054049da"},"headline":"Ethias et la Wallonie investissent dans la start-up Sparki pour acc\u00e9l\u00e9rer le d\u00e9veloppement du r\u00e9seau de recharge publique","datePublished":"2024-04-17T12:02:37+00:00","dateModified":"2024-04-17T12:25:23+00:00","mainEntityOfPage":{"@id":"https:\/\/www.link2fleet.com\/ethias-et-la-wallonie-investissent-dans-la-start-up-sparki-pour-accelerer-le-developpement-du-reseau-de-recharge-publique\/"},"wordCount":22,"publisher":{"@id":"https:\/\/www.link2fleet.com\/fr\/#organization"},"image":{"@id":"https:\/\/www.link2fleet.com\/ethias-et-la-wallonie-investissent-dans-la-start-up-sparki-pour-accelerer-le-developpement-du-reseau-de-recharge-publique\/#primaryimage"},"thumbnailUrl":"https:\/\/static.link2fleet.com\/wp-content\/uploads\/2024\/04\/sparki.jpg","articleSection":["Gestion carburant et de l'\u00e9nergie","Gestion de flotte"],"inLanguage":"fr-FR"},{"@type":"WebPage","@id":"https:\/\/www.link2fleet.com\/ethias-et-la-wallonie-investissent-dans-la-start-up-sparki-pour-accelerer-le-developpement-du-reseau-de-recharge-publique\/","url":"https:\/\/www.link2fleet.com\/ethias-et-la-wallonie-investissent-dans-la-start-up-sparki-pour-accelerer-le-developpement-du-reseau-de-recharge-publique\/","name":"Ethias et la Wallonie investissent dans la start-up Sparki pour acc\u00e9l\u00e9rer le d\u00e9veloppement du r\u00e9seau de recharge publique - link2fleet","isPartOf":{"@id":"https:\/\/www.link2fleet.com\/fr\/#website"},"primaryImageOfPage":{"@id":"https:\/\/www.link2fleet.com\/ethias-et-la-wallonie-investissent-dans-la-start-up-sparki-pour-accelerer-le-developpement-du-reseau-de-recharge-publique\/#primaryimage"},"image":{"@id":"https:\/\/www.link2fleet.com\/ethias-et-la-wallonie-investissent-dans-la-start-up-sparki-pour-accelerer-le-developpement-du-reseau-de-recharge-publique\/#primaryimage"},"thumbnailUrl":"https:\/\/static.link2fleet.com\/wp-content\/uploads\/2024\/04\/sparki.jpg","datePublished":"2024-04-17T12:02:37+00:00","dateModified":"2024-04-17T12:25:23+00:00","breadcrumb":{"@id":"https:\/\/www.link2fleet.com\/ethias-et-la-wallonie-investissent-dans-la-start-up-sparki-pour-accelerer-le-developpement-du-reseau-de-recharge-publique\/#breadcrumb"},"inLanguage":"fr-FR","potentialAction":[{"@type":"ReadAction","target":["https:\/\/www.link2fleet.com\/ethias-et-la-wallonie-investissent-dans-la-start-up-sparki-pour-accelerer-le-developpement-du-reseau-de-recharge-publique\/"]}]},{"@type":"ImageObject","inLanguage":"fr-FR","@id":"https:\/\/www.link2fleet.com\/ethias-et-la-wallonie-investissent-dans-la-start-up-sparki-pour-accelerer-le-developpement-du-reseau-de-recharge-publique\/#primaryimage","url":"https:\/\/static.link2fleet.com\/wp-content\/uploads\/2024\/04\/sparki.jpg","contentUrl":"https:\/\/static.link2fleet.com\/wp-content\/uploads\/2024\/04\/sparki.jpg","width":1387,"height":780},{"@type":"BreadcrumbList","@id":"https:\/\/www.link2fleet.com\/ethias-et-la-wallonie-investissent-dans-la-start-up-sparki-pour-accelerer-le-developpement-du-reseau-de-recharge-publique\/#breadcrumb","itemListElement":[{"@type":"ListItem","position":1,"name":"Home","item":"https:\/\/www.link2fleet.com\/fr\/"},{"@type":"ListItem","position":2,"name":"Ethias et la Wallonie investissent dans la start-up Sparki pour acc\u00e9l\u00e9rer le d\u00e9veloppement du r\u00e9seau de recharge publique"}]},{"@type":"WebSite","@id":"https:\/\/www.link2fleet.com\/fr\/#website","url":"https:\/\/www.link2fleet.com\/fr\/","name":"Link2fleet","description":"","publisher":{"@id":"https:\/\/www.link2fleet.com\/fr\/#organization"},"potentialAction":[{"@type":"SearchAction","target":{"@type":"EntryPoint","urlTemplate":"https:\/\/www.link2fleet.com\/fr\/?s={search_term_string}"},"query-input":{"@type":"PropertyValueSpecification","valueRequired":true,"valueName":"search_term_string"}}],"inLanguage":"fr-FR"},{"@type":"Organization","@id":"https:\/\/www.link2fleet.com\/fr\/#organization","name":"Link2fleet","url":"https:\/\/www.link2fleet.com\/fr\/","logo":{"@type":"ImageObject","inLanguage":"fr-FR","@id":"https:\/\/www.link2fleet.com\/fr\/#\/schema\/logo\/image\/","url":"https:\/\/static.link2fleet.com\/wp-content\/uploads\/2024\/03\/share-image.jpg","contentUrl":"https:\/\/static.link2fleet.com\/wp-content\/uploads\/2024\/03\/share-image.jpg","width":1200,"height":630,"caption":"Link2fleet"},"image":{"@id":"https:\/\/www.link2fleet.com\/fr\/#\/schema\/logo\/image\/"},"sameAs":["https:\/\/www.linkedin.com\/company\/link2fleet-belgium","https:\/\/www.youtube.com\/user\/MMMBMBE"]},{"@type":"Person","@id":"https:\/\/www.link2fleet.com\/fr\/#\/schema\/person\/027cd46113c78036b3809c9a054049da","name":"Damien Malvetti","image":{"@type":"ImageObject","inLanguage":"fr-FR","@id":"https:\/\/secure.gravatar.com\/avatar\/dd8cc03b49466c735f753ac37f8caa371af16dfed347456ed61f02883255eebb?s=96&d=mm&r=g","url":"https:\/\/secure.gravatar.com\/avatar\/dd8cc03b49466c735f753ac37f8caa371af16dfed347456ed61f02883255eebb?s=96&d=mm&r=g","contentUrl":"https:\/\/secure.gravatar.com\/avatar\/dd8cc03b49466c735f753ac37f8caa371af16dfed347456ed61f02883255eebb?s=96&d=mm&r=g","caption":"Damien Malvetti"},"description":"Damien Malvetti is opgeleid als journalist en gepassioneerd door wagens, technologie en mobiliteit. Hij is verantwoordelijk voor de redactionele inhoud van link2fleet en beschikt over een uitgebreide kennis van de fleet-sector en elektrische mobiliteit.","sameAs":["https:\/\/www.linkedin.com\/in\/damien-malvetti-56601142\/"]}]}},"_links":{"self":[{"href":"https:\/\/www.link2fleet.com\/fr\/wp-json\/wp\/v2\/posts\/24653","targetHints":{"allow":["GET"]}}],"collection":[{"href":"https:\/\/www.link2fleet.com\/fr\/wp-json\/wp\/v2\/posts"}],"about":[{"href":"https:\/\/www.link2fleet.com\/fr\/wp-json\/wp\/v2\/types\/post"}],"author":[{"embeddable":true,"href":"https:\/\/www.link2fleet.com\/fr\/wp-json\/wp\/v2\/users\/4"}],"replies":[{"embeddable":true,"href":"https:\/\/www.link2fleet.com\/fr\/wp-json\/wp\/v2\/comments?post=24653"}],"version-history":[{"count":0,"href":"https:\/\/www.link2fleet.com\/fr\/wp-json\/wp\/v2\/posts\/24653\/revisions"}],"wp:featuredmedia":[{"embeddable":true,"href":"https:\/\/www.link2fleet.com\/fr\/wp-json\/wp\/v2\/media\/24657"}],"wp:attachment":[{"href":"https:\/\/www.link2fleet.com\/fr\/wp-json\/wp\/v2\/media?parent=24653"}],"wp:term":[{"taxonomy":"category","embeddable":true,"href":"https:\/\/www.link2fleet.com\/fr\/wp-json\/wp\/v2\/categories?post=24653"},{"taxonomy":"post_tag","embeddable":true,"href":"https:\/\/www.link2fleet.com\/fr\/wp-json\/wp\/v2\/tags?post=24653"}],"curies":[{"name":"wp","href":"https:\/\/api.w.org\/{rel}","templated":true}]}}