{"id":2519,"date":"2020-07-01T07:28:22","date_gmt":"2020-07-01T05:28:22","guid":{"rendered":"https:\/\/www.link2fleet.com\/plus-de-tmx-ni-de-taxe-de-circulation-pour-les-vehicules-electriques-immatricules-en-flandre\/"},"modified":"2020-07-01T07:28:22","modified_gmt":"2020-07-01T05:28:22","slug":"plus-de-tmx-ni-de-taxe-de-circulation-pour-les-vehicules-electriques-immatricules-en-flandre","status":"publish","type":"post","link":"https:\/\/www.link2fleet.com\/fr\/plus-de-tmx-ni-de-taxe-de-circulation-pour-les-vehicules-electriques-immatricules-en-flandre\/","title":{"rendered":"Plus de TMC ni de taxe de circulation pour les v\u00e9hicules \u00e9lectriques immatricul\u00e9s en Flandre"},"content":{"rendered":"\n<p>Concr\u00e8tement, cela signifie qu&rsquo;\u00e0 partir du 1er juillet 2020, tous les v\u00e9hicules \u00e9lectriques immatricul\u00e9s en Flandre, quel que soit leur d\u00e9tenteur, b\u00e9n\u00e9ficieront toujours l&rsquo;exon\u00e9ration totale de la TMC et de la taxe de circulation. Ceci est particuli\u00e8rement important pour les soci\u00e9t\u00e9s de leasing qui immatriculent leurs v\u00e9hicules en Flandre. Le ministre des Finances a \u00e9galement fait savoir il y a quelque temps que sur base de la l\u00e9gislation actuelle, lors de la vente d&rsquo;un v\u00e9hicule \u00e9lectrique, le nouveau propri\u00e9taire, dans le cas d\u2019un r\u00e9enregistrement en Flandre, peut \u00e9galement b\u00e9n\u00e9ficier de l&rsquo;exon\u00e9ration totale de la TMC et de la taxe de circulation.<\/p>\n\n\n\n<figure class=\"wp-block-image\"><img decoding=\"async\" src=\"https:\/\/www.link2fleet.com\/wp-content\/uploads\/2020\/07\/05-Detail-Mazda-MX-30-Soul-Red-Crystal-Modern-Confidence-1024x683.jpg\" alt=\"\" class=\"wp-image-1258567\" \/><figcaption>Cette nouvelle Mazda MX-30 immatricul\u00e9e en Flandre b\u00e9n\u00e9ficiera d&rsquo;une exon\u00e9ration totale de la TMC et de la taxe de circulation.<\/figcaption><\/figure>\n\n\n\n<p><strong>Aucun changement \u00e0 l&rsquo;horizon \u00e0 Bruxelles et en Wallonie<\/strong><\/p>\n\n\n\n<p>Pour les immatriculations \u00e0 Bruxelles ou en Wallonie de v\u00e9hicules \u00e9lectriques en leasing ou de v\u00e9hicules \u00e9lectriques achet\u00e9s de mani\u00e8re classique par des particuliers et des personnes morales, rien ne changera pour l&rsquo;instant.  Cependant, ils peuvent continuer \u00e0 b\u00e9n\u00e9ficier des taux de taxe de circulation les plus bas (bas\u00e9s sur le taux de 4 chevaux fiscaux) et du taux le plus bas de la TMC, soit 61,50 euros. Pour l&rsquo;ann\u00e9e 2020, aucun autre verdissement de la taxe de circulation routi\u00e8re bruxelloise ou wallonne et de la TMC n&rsquo;est en vue pour le moment. Toutefois, plusieurs projets de loi ont \u00e9t\u00e9 propos\u00e9s.<\/p>\n\n\n\n<p><strong>Fin de l&rsquo;exon\u00e9ration fiscale des plug-in hybrides en Flandre au 31 d\u00e9cembre 2020<\/strong><\/p>\n\n\n\n<p>Il est important de savoir que l&rsquo;actuelle exemption totale de la TMC et de la taxe de circulation pour les hybrides rechargeables (avec un maximum de 50 grammes d&rsquo;\u00e9missions de CO2) prendra fin le 31 d\u00e9cembre 2020. Cela concerne uniquement le r\u00e9gime des hybrides rechargeables enregistr\u00e9s en Flandre au nom d&rsquo;une personne priv\u00e9e ou d&rsquo;une personne morale. \u00c0 l&rsquo;heure actuelle, le gouvernement flamand n&rsquo;a pas encore d\u00e9cid\u00e9 de prolonger ce r\u00e9gime d&rsquo;exemption pour les hybrides rechargeables avant 2021 ou apr\u00e8s. Les v\u00e9hicules hybrides rechargeables immatricul\u00e9s au nom d&rsquo;une soci\u00e9t\u00e9 de leasing sont soumis aux tarifs traditionnels qui s&rsquo;appliquent \u00e9galement aux v\u00e9hicules thermiques en R\u00e9gion bruxelloise. Ces taux sont toujours bas\u00e9s exclusivement sur la puissance fiscale et la puissance en kilowatts. Les \u00e9missions de CO2 n&rsquo;ont aucune influence sur ce point.<\/p>\n\n\n\n<p>(1) Source : amendement du codex fiscal flamand vot\u00e9 le mercredi 24 juin 2020 en s\u00e9ance pl\u00e9ni\u00e8re du Parlement Flamand <\/p>\n","protected":false},"excerpt":{"rendered":"<p>Concr\u00e8tement, cela signifie qu&rsquo;\u00e0 partir du 1er juillet 2020, tous les v\u00e9hicules \u00e9lectriques immatricul\u00e9s en Flandre, quel que soit leur d\u00e9tenteur, b\u00e9n\u00e9ficieront toujours l&rsquo;exon\u00e9ration totale de la TMC et de la taxe de circulation. Ceci est particuli\u00e8rement important pour les soci\u00e9t\u00e9s de leasing qui immatriculent leurs v\u00e9hicules en Flandre. Le ministre des Finances a \u00e9galement [&hellip;]<\/p>\n","protected":false},"author":11,"featured_media":2520,"comment_status":"closed","ping_status":"closed","sticky":false,"template":"","format":"standard","meta":{"_acf_changed":false,"footnotes":""},"categories":[91,101],"tags":[],"class_list":["post-2519","post","type-post","status-publish","format-standard","has-post-thumbnail","hentry","category-expertise-et-management","category-tax-legal"],"acf":[],"yoast_head":"<!-- This site is optimized with the Yoast SEO plugin v27.3 - https:\/\/yoast.com\/product\/yoast-seo-wordpress\/ -->\n<title>Plus de TMC ni de taxe de circulation pour les v\u00e9hicules \u00e9lectriques immatricul\u00e9s en Flandre - link2fleet<\/title>\n<meta name=\"description\" content=\"Traditionnellement, le 1er juillet est la date \u00e0 laquelle les taux de la taxe routi\u00e8re et de la TMC sont index\u00e9s. Le gouvernement flamand a\u2026\" \/>\n<meta name=\"robots\" content=\"index, follow, max-snippet:-1, max-image-preview:large, max-video-preview:-1\" \/>\n<meta property=\"og:locale\" content=\"fr_FR\" \/>\n<meta property=\"og:type\" content=\"article\" \/>\n<meta property=\"og:title\" content=\"Plus de TMC ni de taxe de circulation pour les v\u00e9hicules \u00e9lectriques immatricul\u00e9s en Flandre - link2fleet\" \/>\n<meta property=\"og:description\" content=\"Traditionnellement, le 1er juillet est la date \u00e0 laquelle les taux de la taxe routi\u00e8re et de la TMC sont index\u00e9s. Le gouvernement flamand a\u2026\" \/>\n<meta property=\"og:url\" content=\"https:\/\/www.link2fleet.com\/fr\/plus-de-tmx-ni-de-taxe-de-circulation-pour-les-vehicules-electriques-immatricules-en-flandre\/\" \/>\n<meta property=\"og:site_name\" content=\"link2fleet\" \/>\n<meta property=\"article:published_time\" content=\"2020-07-01T05:28:22+00:00\" \/>\n<meta property=\"og:image\" content=\"https:\/\/static.link2fleet.com\/wp-content\/uploads\/2024\/03\/15-detail-mazda-mx-30-ceramic-white-industrial-vintage.jpg\" \/>\n\t<meta property=\"og:image:width\" content=\"1024\" \/>\n\t<meta property=\"og:image:height\" content=\"683\" \/>\n\t<meta property=\"og:image:type\" content=\"image\/jpeg\" \/>\n<meta name=\"author\" content=\"Michel Willems - Mobilitas\" \/>\n<meta name=\"twitter:card\" content=\"summary_large_image\" \/>\n<meta name=\"twitter:description\" content=\"Traditionnellement, le 1er juillet est la date \u00e0 laquelle les taux de la taxe routi\u00e8re et de la TMC sont index\u00e9s. Le gouvernement flamand a\u2026\" \/>\n<meta name=\"twitter:label1\" content=\"\u00c9crit par\" \/>\n\t<meta name=\"twitter:data1\" content=\"Michel Willems - Mobilitas\" \/>\n\t<meta name=\"twitter:label2\" content=\"Dur\u00e9e de lecture estim\u00e9e\" \/>\n\t<meta name=\"twitter:data2\" content=\"2 minutes\" \/>\n<script type=\"application\/ld+json\" class=\"yoast-schema-graph\">{\"@context\":\"https:\\\/\\\/schema.org\",\"@graph\":[{\"@type\":\"Article\",\"@id\":\"https:\\\/\\\/www.link2fleet.com\\\/fr\\\/plus-de-tmx-ni-de-taxe-de-circulation-pour-les-vehicules-electriques-immatricules-en-flandre\\\/#article\",\"isPartOf\":{\"@id\":\"https:\\\/\\\/www.link2fleet.com\\\/fr\\\/plus-de-tmx-ni-de-taxe-de-circulation-pour-les-vehicules-electriques-immatricules-en-flandre\\\/\"},\"author\":{\"name\":\"Michel Willems - Mobilitas\",\"@id\":\"https:\\\/\\\/www.link2fleet.com\\\/fr\\\/#\\\/schema\\\/person\\\/bd29f6a2c2427e85a70d3acf17303486\"},\"headline\":\"Plus de TMC ni de taxe de circulation pour les v\u00e9hicules \u00e9lectriques immatricul\u00e9s en Flandre\",\"datePublished\":\"2020-07-01T05:28:22+00:00\",\"mainEntityOfPage\":{\"@id\":\"https:\\\/\\\/www.link2fleet.com\\\/fr\\\/plus-de-tmx-ni-de-taxe-de-circulation-pour-les-vehicules-electriques-immatricules-en-flandre\\\/\"},\"wordCount\":462,\"publisher\":{\"@id\":\"https:\\\/\\\/www.link2fleet.com\\\/fr\\\/#organization\"},\"image\":{\"@id\":\"https:\\\/\\\/www.link2fleet.com\\\/fr\\\/plus-de-tmx-ni-de-taxe-de-circulation-pour-les-vehicules-electriques-immatricules-en-flandre\\\/#primaryimage\"},\"thumbnailUrl\":\"https:\\\/\\\/static.link2fleet.com\\\/wp-content\\\/uploads\\\/2024\\\/03\\\/15-detail-mazda-mx-30-ceramic-white-industrial-vintage.jpg\",\"articleSection\":[\"Gestion de flotte\",\"Tax &amp; legal\"],\"inLanguage\":\"fr-FR\"},{\"@type\":\"WebPage\",\"@id\":\"https:\\\/\\\/www.link2fleet.com\\\/fr\\\/plus-de-tmx-ni-de-taxe-de-circulation-pour-les-vehicules-electriques-immatricules-en-flandre\\\/\",\"url\":\"https:\\\/\\\/www.link2fleet.com\\\/fr\\\/plus-de-tmx-ni-de-taxe-de-circulation-pour-les-vehicules-electriques-immatricules-en-flandre\\\/\",\"name\":\"Plus de TMC ni de taxe de circulation pour les v\u00e9hicules \u00e9lectriques immatricul\u00e9s en Flandre - link2fleet\",\"isPartOf\":{\"@id\":\"https:\\\/\\\/www.link2fleet.com\\\/fr\\\/#website\"},\"primaryImageOfPage\":{\"@id\":\"https:\\\/\\\/www.link2fleet.com\\\/fr\\\/plus-de-tmx-ni-de-taxe-de-circulation-pour-les-vehicules-electriques-immatricules-en-flandre\\\/#primaryimage\"},\"image\":{\"@id\":\"https:\\\/\\\/www.link2fleet.com\\\/fr\\\/plus-de-tmx-ni-de-taxe-de-circulation-pour-les-vehicules-electriques-immatricules-en-flandre\\\/#primaryimage\"},\"thumbnailUrl\":\"https:\\\/\\\/static.link2fleet.com\\\/wp-content\\\/uploads\\\/2024\\\/03\\\/15-detail-mazda-mx-30-ceramic-white-industrial-vintage.jpg\",\"datePublished\":\"2020-07-01T05:28:22+00:00\",\"breadcrumb\":{\"@id\":\"https:\\\/\\\/www.link2fleet.com\\\/fr\\\/plus-de-tmx-ni-de-taxe-de-circulation-pour-les-vehicules-electriques-immatricules-en-flandre\\\/#breadcrumb\"},\"inLanguage\":\"fr-FR\",\"potentialAction\":[{\"@type\":\"ReadAction\",\"target\":[\"https:\\\/\\\/www.link2fleet.com\\\/fr\\\/plus-de-tmx-ni-de-taxe-de-circulation-pour-les-vehicules-electriques-immatricules-en-flandre\\\/\"]}]},{\"@type\":\"ImageObject\",\"inLanguage\":\"fr-FR\",\"@id\":\"https:\\\/\\\/www.link2fleet.com\\\/fr\\\/plus-de-tmx-ni-de-taxe-de-circulation-pour-les-vehicules-electriques-immatricules-en-flandre\\\/#primaryimage\",\"url\":\"https:\\\/\\\/static.link2fleet.com\\\/wp-content\\\/uploads\\\/2024\\\/03\\\/15-detail-mazda-mx-30-ceramic-white-industrial-vintage.jpg\",\"contentUrl\":\"https:\\\/\\\/static.link2fleet.com\\\/wp-content\\\/uploads\\\/2024\\\/03\\\/15-detail-mazda-mx-30-ceramic-white-industrial-vintage.jpg\",\"width\":5568,\"height\":3712,\"caption\":\"|\"},{\"@type\":\"BreadcrumbList\",\"@id\":\"https:\\\/\\\/www.link2fleet.com\\\/fr\\\/plus-de-tmx-ni-de-taxe-de-circulation-pour-les-vehicules-electriques-immatricules-en-flandre\\\/#breadcrumb\",\"itemListElement\":[{\"@type\":\"ListItem\",\"position\":1,\"name\":\"Home\",\"item\":\"https:\\\/\\\/www.link2fleet.com\\\/fr\\\/\"},{\"@type\":\"ListItem\",\"position\":2,\"name\":\"Plus de TMC ni de taxe de circulation pour les v\u00e9hicules \u00e9lectriques immatricul\u00e9s en Flandre\"}]},{\"@type\":\"WebSite\",\"@id\":\"https:\\\/\\\/www.link2fleet.com\\\/fr\\\/#website\",\"url\":\"https:\\\/\\\/www.link2fleet.com\\\/fr\\\/\",\"name\":\"Link2fleet\",\"description\":\"\",\"publisher\":{\"@id\":\"https:\\\/\\\/www.link2fleet.com\\\/fr\\\/#organization\"},\"potentialAction\":[{\"@type\":\"SearchAction\",\"target\":{\"@type\":\"EntryPoint\",\"urlTemplate\":\"https:\\\/\\\/www.link2fleet.com\\\/fr\\\/?s={search_term_string}\"},\"query-input\":{\"@type\":\"PropertyValueSpecification\",\"valueRequired\":true,\"valueName\":\"search_term_string\"}}],\"inLanguage\":\"fr-FR\"},{\"@type\":\"Organization\",\"@id\":\"https:\\\/\\\/www.link2fleet.com\\\/fr\\\/#organization\",\"name\":\"Link2fleet\",\"url\":\"https:\\\/\\\/www.link2fleet.com\\\/fr\\\/\",\"logo\":{\"@type\":\"ImageObject\",\"inLanguage\":\"fr-FR\",\"@id\":\"https:\\\/\\\/www.link2fleet.com\\\/fr\\\/#\\\/schema\\\/logo\\\/image\\\/\",\"url\":\"https:\\\/\\\/static.link2fleet.com\\\/wp-content\\\/uploads\\\/2024\\\/03\\\/share-image.jpg\",\"contentUrl\":\"https:\\\/\\\/static.link2fleet.com\\\/wp-content\\\/uploads\\\/2024\\\/03\\\/share-image.jpg\",\"width\":1200,\"height\":630,\"caption\":\"Link2fleet\"},\"image\":{\"@id\":\"https:\\\/\\\/www.link2fleet.com\\\/fr\\\/#\\\/schema\\\/logo\\\/image\\\/\"},\"sameAs\":[\"https:\\\/\\\/www.linkedin.com\\\/company\\\/link2fleet-belgium\",\"https:\\\/\\\/www.youtube.com\\\/user\\\/MMMBMBE\"]},{\"@type\":\"Person\",\"@id\":\"https:\\\/\\\/www.link2fleet.com\\\/fr\\\/#\\\/schema\\\/person\\\/bd29f6a2c2427e85a70d3acf17303486\",\"name\":\"Michel Willems - Mobilitas\",\"image\":{\"@type\":\"ImageObject\",\"inLanguage\":\"fr-FR\",\"@id\":\"https:\\\/\\\/secure.gravatar.com\\\/avatar\\\/c937de514893d5b69b3b52ee88664fd4879b786925b6742dc7891d347f167414?s=96&d=mm&r=g\",\"url\":\"https:\\\/\\\/secure.gravatar.com\\\/avatar\\\/c937de514893d5b69b3b52ee88664fd4879b786925b6742dc7891d347f167414?s=96&d=mm&r=g\",\"contentUrl\":\"https:\\\/\\\/secure.gravatar.com\\\/avatar\\\/c937de514893d5b69b3b52ee88664fd4879b786925b6742dc7891d347f167414?s=96&d=mm&r=g\",\"caption\":\"Michel Willems - Mobilitas\"}}]}<\/script>\n<!-- \/ Yoast SEO plugin. -->","yoast_head_json":{"title":"Plus de TMC ni de taxe de circulation pour les v\u00e9hicules \u00e9lectriques immatricul\u00e9s en Flandre - link2fleet","description":"Traditionnellement, le 1er juillet est la date \u00e0 laquelle les taux de la taxe routi\u00e8re et de la TMC sont index\u00e9s. Le gouvernement flamand a\u2026","robots":{"index":"index","follow":"follow","max-snippet":"max-snippet:-1","max-image-preview":"max-image-preview:large","max-video-preview":"max-video-preview:-1"},"og_locale":"fr_FR","og_type":"article","og_title":"Plus de TMC ni de taxe de circulation pour les v\u00e9hicules \u00e9lectriques immatricul\u00e9s en Flandre - link2fleet","og_description":"Traditionnellement, le 1er juillet est la date \u00e0 laquelle les taux de la taxe routi\u00e8re et de la TMC sont index\u00e9s. Le gouvernement flamand a\u2026","og_url":"https:\/\/www.link2fleet.com\/fr\/plus-de-tmx-ni-de-taxe-de-circulation-pour-les-vehicules-electriques-immatricules-en-flandre\/","og_site_name":"link2fleet","article_published_time":"2020-07-01T05:28:22+00:00","og_image":[{"url":"https:\/\/static.link2fleet.com\/wp-content\/uploads\/2024\/03\/15-detail-mazda-mx-30-ceramic-white-industrial-vintage.jpg","width":1024,"height":683,"type":"image\/jpeg"}],"author":"Michel Willems - Mobilitas","twitter_card":"summary_large_image","twitter_description":"Traditionnellement, le 1er juillet est la date \u00e0 laquelle les taux de la taxe routi\u00e8re et de la TMC sont index\u00e9s. Le gouvernement flamand a\u2026","twitter_misc":{"\u00c9crit par":"Michel Willems - Mobilitas","Dur\u00e9e de lecture estim\u00e9e":"2 minutes"},"schema":{"@context":"https:\/\/schema.org","@graph":[{"@type":"Article","@id":"https:\/\/www.link2fleet.com\/fr\/plus-de-tmx-ni-de-taxe-de-circulation-pour-les-vehicules-electriques-immatricules-en-flandre\/#article","isPartOf":{"@id":"https:\/\/www.link2fleet.com\/fr\/plus-de-tmx-ni-de-taxe-de-circulation-pour-les-vehicules-electriques-immatricules-en-flandre\/"},"author":{"name":"Michel Willems - Mobilitas","@id":"https:\/\/www.link2fleet.com\/fr\/#\/schema\/person\/bd29f6a2c2427e85a70d3acf17303486"},"headline":"Plus de TMC ni de taxe de circulation pour les v\u00e9hicules \u00e9lectriques immatricul\u00e9s en Flandre","datePublished":"2020-07-01T05:28:22+00:00","mainEntityOfPage":{"@id":"https:\/\/www.link2fleet.com\/fr\/plus-de-tmx-ni-de-taxe-de-circulation-pour-les-vehicules-electriques-immatricules-en-flandre\/"},"wordCount":462,"publisher":{"@id":"https:\/\/www.link2fleet.com\/fr\/#organization"},"image":{"@id":"https:\/\/www.link2fleet.com\/fr\/plus-de-tmx-ni-de-taxe-de-circulation-pour-les-vehicules-electriques-immatricules-en-flandre\/#primaryimage"},"thumbnailUrl":"https:\/\/static.link2fleet.com\/wp-content\/uploads\/2024\/03\/15-detail-mazda-mx-30-ceramic-white-industrial-vintage.jpg","articleSection":["Gestion de flotte","Tax &amp; legal"],"inLanguage":"fr-FR"},{"@type":"WebPage","@id":"https:\/\/www.link2fleet.com\/fr\/plus-de-tmx-ni-de-taxe-de-circulation-pour-les-vehicules-electriques-immatricules-en-flandre\/","url":"https:\/\/www.link2fleet.com\/fr\/plus-de-tmx-ni-de-taxe-de-circulation-pour-les-vehicules-electriques-immatricules-en-flandre\/","name":"Plus de TMC ni de taxe de circulation pour les v\u00e9hicules \u00e9lectriques immatricul\u00e9s en Flandre - link2fleet","isPartOf":{"@id":"https:\/\/www.link2fleet.com\/fr\/#website"},"primaryImageOfPage":{"@id":"https:\/\/www.link2fleet.com\/fr\/plus-de-tmx-ni-de-taxe-de-circulation-pour-les-vehicules-electriques-immatricules-en-flandre\/#primaryimage"},"image":{"@id":"https:\/\/www.link2fleet.com\/fr\/plus-de-tmx-ni-de-taxe-de-circulation-pour-les-vehicules-electriques-immatricules-en-flandre\/#primaryimage"},"thumbnailUrl":"https:\/\/static.link2fleet.com\/wp-content\/uploads\/2024\/03\/15-detail-mazda-mx-30-ceramic-white-industrial-vintage.jpg","datePublished":"2020-07-01T05:28:22+00:00","breadcrumb":{"@id":"https:\/\/www.link2fleet.com\/fr\/plus-de-tmx-ni-de-taxe-de-circulation-pour-les-vehicules-electriques-immatricules-en-flandre\/#breadcrumb"},"inLanguage":"fr-FR","potentialAction":[{"@type":"ReadAction","target":["https:\/\/www.link2fleet.com\/fr\/plus-de-tmx-ni-de-taxe-de-circulation-pour-les-vehicules-electriques-immatricules-en-flandre\/"]}]},{"@type":"ImageObject","inLanguage":"fr-FR","@id":"https:\/\/www.link2fleet.com\/fr\/plus-de-tmx-ni-de-taxe-de-circulation-pour-les-vehicules-electriques-immatricules-en-flandre\/#primaryimage","url":"https:\/\/static.link2fleet.com\/wp-content\/uploads\/2024\/03\/15-detail-mazda-mx-30-ceramic-white-industrial-vintage.jpg","contentUrl":"https:\/\/static.link2fleet.com\/wp-content\/uploads\/2024\/03\/15-detail-mazda-mx-30-ceramic-white-industrial-vintage.jpg","width":5568,"height":3712,"caption":"|"},{"@type":"BreadcrumbList","@id":"https:\/\/www.link2fleet.com\/fr\/plus-de-tmx-ni-de-taxe-de-circulation-pour-les-vehicules-electriques-immatricules-en-flandre\/#breadcrumb","itemListElement":[{"@type":"ListItem","position":1,"name":"Home","item":"https:\/\/www.link2fleet.com\/fr\/"},{"@type":"ListItem","position":2,"name":"Plus de TMC ni de taxe de circulation pour les v\u00e9hicules \u00e9lectriques immatricul\u00e9s en Flandre"}]},{"@type":"WebSite","@id":"https:\/\/www.link2fleet.com\/fr\/#website","url":"https:\/\/www.link2fleet.com\/fr\/","name":"Link2fleet","description":"","publisher":{"@id":"https:\/\/www.link2fleet.com\/fr\/#organization"},"potentialAction":[{"@type":"SearchAction","target":{"@type":"EntryPoint","urlTemplate":"https:\/\/www.link2fleet.com\/fr\/?s={search_term_string}"},"query-input":{"@type":"PropertyValueSpecification","valueRequired":true,"valueName":"search_term_string"}}],"inLanguage":"fr-FR"},{"@type":"Organization","@id":"https:\/\/www.link2fleet.com\/fr\/#organization","name":"Link2fleet","url":"https:\/\/www.link2fleet.com\/fr\/","logo":{"@type":"ImageObject","inLanguage":"fr-FR","@id":"https:\/\/www.link2fleet.com\/fr\/#\/schema\/logo\/image\/","url":"https:\/\/static.link2fleet.com\/wp-content\/uploads\/2024\/03\/share-image.jpg","contentUrl":"https:\/\/static.link2fleet.com\/wp-content\/uploads\/2024\/03\/share-image.jpg","width":1200,"height":630,"caption":"Link2fleet"},"image":{"@id":"https:\/\/www.link2fleet.com\/fr\/#\/schema\/logo\/image\/"},"sameAs":["https:\/\/www.linkedin.com\/company\/link2fleet-belgium","https:\/\/www.youtube.com\/user\/MMMBMBE"]},{"@type":"Person","@id":"https:\/\/www.link2fleet.com\/fr\/#\/schema\/person\/bd29f6a2c2427e85a70d3acf17303486","name":"Michel Willems - Mobilitas","image":{"@type":"ImageObject","inLanguage":"fr-FR","@id":"https:\/\/secure.gravatar.com\/avatar\/c937de514893d5b69b3b52ee88664fd4879b786925b6742dc7891d347f167414?s=96&d=mm&r=g","url":"https:\/\/secure.gravatar.com\/avatar\/c937de514893d5b69b3b52ee88664fd4879b786925b6742dc7891d347f167414?s=96&d=mm&r=g","contentUrl":"https:\/\/secure.gravatar.com\/avatar\/c937de514893d5b69b3b52ee88664fd4879b786925b6742dc7891d347f167414?s=96&d=mm&r=g","caption":"Michel Willems - Mobilitas"}}]}},"_links":{"self":[{"href":"https:\/\/www.link2fleet.com\/fr\/wp-json\/wp\/v2\/posts\/2519","targetHints":{"allow":["GET"]}}],"collection":[{"href":"https:\/\/www.link2fleet.com\/fr\/wp-json\/wp\/v2\/posts"}],"about":[{"href":"https:\/\/www.link2fleet.com\/fr\/wp-json\/wp\/v2\/types\/post"}],"author":[{"embeddable":true,"href":"https:\/\/www.link2fleet.com\/fr\/wp-json\/wp\/v2\/users\/11"}],"replies":[{"embeddable":true,"href":"https:\/\/www.link2fleet.com\/fr\/wp-json\/wp\/v2\/comments?post=2519"}],"version-history":[{"count":0,"href":"https:\/\/www.link2fleet.com\/fr\/wp-json\/wp\/v2\/posts\/2519\/revisions"}],"wp:featuredmedia":[{"embeddable":true,"href":"https:\/\/www.link2fleet.com\/fr\/wp-json\/wp\/v2\/media\/2520"}],"wp:attachment":[{"href":"https:\/\/www.link2fleet.com\/fr\/wp-json\/wp\/v2\/media?parent=2519"}],"wp:term":[{"taxonomy":"category","embeddable":true,"href":"https:\/\/www.link2fleet.com\/fr\/wp-json\/wp\/v2\/categories?post=2519"},{"taxonomy":"post_tag","embeddable":true,"href":"https:\/\/www.link2fleet.com\/fr\/wp-json\/wp\/v2\/tags?post=2519"}],"curies":[{"name":"wp","href":"https:\/\/api.w.org\/{rel}","templated":true}]}}