{"id":2541,"date":"2020-07-15T07:31:48","date_gmt":"2020-07-15T05:31:48","guid":{"rendered":"https:\/\/www.link2fleet.com\/analyse-crise-covid-19-bruno-de-thibault-touring-le-belge-continuera-de-voyager\/"},"modified":"2020-07-15T07:31:48","modified_gmt":"2020-07-15T05:31:48","slug":"analyse-crise-covid-19-bruno-de-thibault-touring-le-belge-continuera-de-voyager","status":"publish","type":"post","link":"https:\/\/www.link2fleet.com\/fr\/analyse-crise-covid-19-bruno-de-thibault-touring-le-belge-continuera-de-voyager\/","title":{"rendered":"Analyse crise Covid-19 &#8211; Bruno de Thibault (Touring) : \u00ab Le Belge continuera de voyager \u00bb"},"content":{"rendered":"\n<p><strong>link2fleet : Quasiment plus de voyages et la majorit\u00e9 des voitures stationn\u00e9es devant chez elles, cela ressemble \u00e0 un sc\u00e9nario catastrophe pour une soci\u00e9t\u00e9 comme la v\u00f4tre ?<\/strong><\/p>\n\n\n\n<p><strong>Bruno de Thibault<\/strong> : La Covid19 a principalement eu un impact sur l\u2019activit\u00e9 \u2018Assistance et Assurance Voyage\u2019 de Touring. \u00c0 court terme, on s\u2019attend \u00e0 une r\u00e9ouverture progressive des fronti\u00e8res entre le 15 et 30 juin. N\u00e9anmoins, le nombre de familles qui partira cet \u00e9t\u00e9 \u00e0 l\u2019\u00e9tranger restera limit\u00e9. On s\u2019attend surtout \u00e0 des voyages en voiture vers nos pays voisins. Cela permettra de relancer notre activit\u00e9 commerciale pour l\u2019assistance \u00e0 l\u2019\u00e9tranger qui pour l\u2019instant est \u00e0 l\u2019arr\u00eat.<\/p>\n\n\n\n<div class=\"wp-block-image\"><figure class=\"alignleft\"><img decoding=\"async\" src=\"https:\/\/www.link2fleet.com\/wp-content\/uploads\/2020\/07\/touring.jpeg\" alt=\"\" class=\"wp-image-1258639\"\/><\/figure><\/div>\n\n\n\n<p>En ce qui concerne l\u2019activit\u00e9 \u2018D\u00e9pannage Voiture\u2019, elle a aussi \u00e9t\u00e9 impact\u00e9e. On a connu, durant la p\u00e9riode de confinement, une baisse de volum\u00e9trie de 30% par rapport \u00e0 la normale. Depuis la phase 1B du d\u00e9confinement, on constate une augmentation du nombre d\u2019interventions. Principalement pour des probl\u00e8mes de batterie. Depuis le 18 mai, nous n\u2019enregistrons plus qu\u2019une baisse de 10% du nombre d\u2019interventions par rapport au niveau de l\u2019ann\u00e9e derni\u00e8re .<\/p>\n\n\n\n<p><strong>l2f : Avez-vous pris des mesures sp\u00e9ciales durant cette crise ?<\/strong><\/p>\n\n\n\n<p><strong>BDT<\/strong> : Tout a \u00e9t\u00e9 fait pour pr\u00e9server la s\u00e9curit\u00e9 de nos collaborateurs. T\u00e9l\u00e9travail pour les collaborateurs et mat\u00e9riel de protection pour tous nos patrouilleurs sur la route. Touring a aussi voulu exprimer sa solidarit\u00e9 envers les victimes, d\u2019une part, mais surtout envers les personnes qui se battent au front et qui s\u2019exposent au virus sur leur lieu de travail. C\u2019est pourquoi, d\u00e8s le 19 mars, Touring a mis en place un num\u00e9ro d\u2019appel gratuit (0800 24 0 24) d\u00e9di\u00e9 exclusivement au personnel soignant afin d\u2019offrir un d\u00e9pannage gratuit et un service prioritaire \u00e0 tous ceux qui soignent les personnes contamin\u00e9es. Plus de 500 infirmiers ou m\u00e9decins ont d\u00e9j\u00e0 pu profiter de ce service gratuit.<\/p>\n\n\n\n<p><strong>l2f : Tous les experts s\u2019accordent \u00e0 dire que rien ne sera plus jamais comme avant sur le terrain de la mobilit\u00e9, quelle est votre vision ?<\/strong><\/p>\n\n\n\n<p><strong>BDT<\/strong> : En ce qui concerne le secteur a\u00e9rien, le retour \u00e0 la normale n\u2019est pas pr\u00e9vu avant 2023, mais le Belge a l\u2019amour des voyages inscrit dans son ADN et il continuera \u00e0 bouger, d\u2019une autre fa\u00e7on s\u00fbrement. Les voyages en Europe et en voiture vont, dans les prochaines ann\u00e9es, repr\u00e9senter un plus grand volume. En Belgique, la m\u00e9fiance pour les transports en commun (contacts avec d\u2019autres voyageurs) va favoriser les d\u00e9placements en voitures individuelles, le covoiturage ou l\u2019utilisation du v\u00e9lo. Ce sont \u00e9videmment des opportunit\u00e9s pour une soci\u00e9t\u00e9 comme Touring qui propose une assurance et une assistance pour tous ces modes de transport.<\/p>\n","protected":false},"excerpt":{"rendered":"<p>link2fleet : Quasiment plus de voyages et la majorit\u00e9 des voitures stationn\u00e9es devant chez elles, cela ressemble \u00e0 un sc\u00e9nario catastrophe pour une soci\u00e9t\u00e9 comme la v\u00f4tre ? Bruno de Thibault : La Covid19 a principalement eu un impact sur l\u2019activit\u00e9 \u2018Assistance et Assurance Voyage\u2019 de Touring. \u00c0 court terme, on s\u2019attend \u00e0 une r\u00e9ouverture [&hellip;]<\/p>\n","protected":false},"author":19,"featured_media":2542,"comment_status":"closed","ping_status":"closed","sticky":false,"template":"","format":"standard","meta":{"_acf_changed":false,"footnotes":""},"categories":[83,91,76],"tags":[],"class_list":["post-2541","post","type-post","status-publish","format-standard","has-post-thumbnail","hentry","category-sssurance-risk-management-assistance-et-depannage","category-expertise-et-management","category-car"],"acf":[],"yoast_head":"<!-- This site is optimized with the Yoast SEO plugin v27.3 - https:\/\/yoast.com\/product\/yoast-seo-wordpress\/ -->\n<title>Analyse crise Covid-19 - Bruno de Thibault (Touring) : \u00ab Le Belge continuera de voyager \u00bb - link2fleet<\/title>\n<meta name=\"description\" content=\"\u00c0 l\u2019instar de son confr\u00e8re VAB, Touring a continu\u00e9 \u00e0 fonctionner en mode r\u00e9duit durant la crise Covid-19. Durant le lockdown, la priorit\u00e9 s\u2019est rapidement\u2026\" \/>\n<meta name=\"robots\" content=\"index, follow, max-snippet:-1, max-image-preview:large, max-video-preview:-1\" \/>\n<meta property=\"og:locale\" content=\"fr_FR\" \/>\n<meta property=\"og:type\" content=\"article\" \/>\n<meta property=\"og:title\" content=\"Analyse crise Covid-19 - Bruno de Thibault (Touring) : \u00ab Le Belge continuera de voyager \u00bb - link2fleet\" \/>\n<meta property=\"og:description\" content=\"\u00c0 l\u2019instar de son confr\u00e8re VAB, Touring a continu\u00e9 \u00e0 fonctionner en mode r\u00e9duit durant la crise Covid-19. Durant le lockdown, la priorit\u00e9 s\u2019est rapidement\u2026\" \/>\n<meta property=\"og:url\" content=\"https:\/\/www.link2fleet.com\/fr\/analyse-crise-covid-19-bruno-de-thibault-touring-le-belge-continuera-de-voyager\/\" \/>\n<meta property=\"og:site_name\" content=\"link2fleet\" \/>\n<meta property=\"article:published_time\" content=\"2020-07-15T05:31:48+00:00\" \/>\n<meta property=\"og:image\" content=\"https:\/\/static.link2fleet.com\/wp-content\/uploads\/2024\/03\/touring2.jpg\" \/>\n\t<meta property=\"og:image:width\" content=\"768\" \/>\n\t<meta property=\"og:image:height\" content=\"480\" \/>\n\t<meta property=\"og:image:type\" content=\"image\/jpeg\" \/>\n<meta name=\"author\" content=\"Marc Demoulin\" \/>\n<meta name=\"twitter:card\" content=\"summary_large_image\" \/>\n<meta name=\"twitter:description\" content=\"\u00c0 l\u2019instar de son confr\u00e8re VAB, Touring a continu\u00e9 \u00e0 fonctionner en mode r\u00e9duit durant la crise Covid-19. Durant le lockdown, la priorit\u00e9 s\u2019est rapidement\u2026\" \/>\n<meta name=\"twitter:label1\" content=\"\u00c9crit par\" \/>\n\t<meta name=\"twitter:data1\" content=\"Marc Demoulin\" \/>\n\t<meta name=\"twitter:label2\" content=\"Dur\u00e9e de lecture estim\u00e9e\" \/>\n\t<meta name=\"twitter:data2\" content=\"2 minutes\" \/>\n<script type=\"application\/ld+json\" class=\"yoast-schema-graph\">{\"@context\":\"https:\\\/\\\/schema.org\",\"@graph\":[{\"@type\":\"Article\",\"@id\":\"https:\\\/\\\/www.link2fleet.com\\\/fr\\\/analyse-crise-covid-19-bruno-de-thibault-touring-le-belge-continuera-de-voyager\\\/#article\",\"isPartOf\":{\"@id\":\"https:\\\/\\\/www.link2fleet.com\\\/fr\\\/analyse-crise-covid-19-bruno-de-thibault-touring-le-belge-continuera-de-voyager\\\/\"},\"author\":{\"name\":\"Marc Demoulin\",\"@id\":\"https:\\\/\\\/www.link2fleet.com\\\/fr\\\/#\\\/schema\\\/person\\\/be5c57fc3d8ec765f7f536ffa2d67457\"},\"headline\":\"Analyse crise Covid-19 &#8211; Bruno de Thibault (Touring) : \u00ab Le Belge continuera de voyager \u00bb\",\"datePublished\":\"2020-07-15T05:31:48+00:00\",\"mainEntityOfPage\":{\"@id\":\"https:\\\/\\\/www.link2fleet.com\\\/fr\\\/analyse-crise-covid-19-bruno-de-thibault-touring-le-belge-continuera-de-voyager\\\/\"},\"wordCount\":483,\"publisher\":{\"@id\":\"https:\\\/\\\/www.link2fleet.com\\\/fr\\\/#organization\"},\"image\":{\"@id\":\"https:\\\/\\\/www.link2fleet.com\\\/fr\\\/analyse-crise-covid-19-bruno-de-thibault-touring-le-belge-continuera-de-voyager\\\/#primaryimage\"},\"thumbnailUrl\":\"https:\\\/\\\/static.link2fleet.com\\\/wp-content\\\/uploads\\\/2024\\\/03\\\/touring2.jpg\",\"articleSection\":[\"Assurances et assistance\",\"Gestion de flotte\",\"V\u00e9hicules\"],\"inLanguage\":\"fr-FR\"},{\"@type\":\"WebPage\",\"@id\":\"https:\\\/\\\/www.link2fleet.com\\\/fr\\\/analyse-crise-covid-19-bruno-de-thibault-touring-le-belge-continuera-de-voyager\\\/\",\"url\":\"https:\\\/\\\/www.link2fleet.com\\\/fr\\\/analyse-crise-covid-19-bruno-de-thibault-touring-le-belge-continuera-de-voyager\\\/\",\"name\":\"Analyse crise Covid-19 - Bruno de Thibault (Touring) : \u00ab Le Belge continuera de voyager \u00bb - link2fleet\",\"isPartOf\":{\"@id\":\"https:\\\/\\\/www.link2fleet.com\\\/fr\\\/#website\"},\"primaryImageOfPage\":{\"@id\":\"https:\\\/\\\/www.link2fleet.com\\\/fr\\\/analyse-crise-covid-19-bruno-de-thibault-touring-le-belge-continuera-de-voyager\\\/#primaryimage\"},\"image\":{\"@id\":\"https:\\\/\\\/www.link2fleet.com\\\/fr\\\/analyse-crise-covid-19-bruno-de-thibault-touring-le-belge-continuera-de-voyager\\\/#primaryimage\"},\"thumbnailUrl\":\"https:\\\/\\\/static.link2fleet.com\\\/wp-content\\\/uploads\\\/2024\\\/03\\\/touring2.jpg\",\"datePublished\":\"2020-07-15T05:31:48+00:00\",\"breadcrumb\":{\"@id\":\"https:\\\/\\\/www.link2fleet.com\\\/fr\\\/analyse-crise-covid-19-bruno-de-thibault-touring-le-belge-continuera-de-voyager\\\/#breadcrumb\"},\"inLanguage\":\"fr-FR\",\"potentialAction\":[{\"@type\":\"ReadAction\",\"target\":[\"https:\\\/\\\/www.link2fleet.com\\\/fr\\\/analyse-crise-covid-19-bruno-de-thibault-touring-le-belge-continuera-de-voyager\\\/\"]}]},{\"@type\":\"ImageObject\",\"inLanguage\":\"fr-FR\",\"@id\":\"https:\\\/\\\/www.link2fleet.com\\\/fr\\\/analyse-crise-covid-19-bruno-de-thibault-touring-le-belge-continuera-de-voyager\\\/#primaryimage\",\"url\":\"https:\\\/\\\/static.link2fleet.com\\\/wp-content\\\/uploads\\\/2024\\\/03\\\/touring2.jpg\",\"contentUrl\":\"https:\\\/\\\/static.link2fleet.com\\\/wp-content\\\/uploads\\\/2024\\\/03\\\/touring2.jpg\",\"width\":768,\"height\":480,\"caption\":\"|\"},{\"@type\":\"BreadcrumbList\",\"@id\":\"https:\\\/\\\/www.link2fleet.com\\\/fr\\\/analyse-crise-covid-19-bruno-de-thibault-touring-le-belge-continuera-de-voyager\\\/#breadcrumb\",\"itemListElement\":[{\"@type\":\"ListItem\",\"position\":1,\"name\":\"Home\",\"item\":\"https:\\\/\\\/www.link2fleet.com\\\/fr\\\/\"},{\"@type\":\"ListItem\",\"position\":2,\"name\":\"Analyse crise Covid-19 &#8211; Bruno de Thibault (Touring) : \u00ab Le Belge continuera de voyager \u00bb\"}]},{\"@type\":\"WebSite\",\"@id\":\"https:\\\/\\\/www.link2fleet.com\\\/fr\\\/#website\",\"url\":\"https:\\\/\\\/www.link2fleet.com\\\/fr\\\/\",\"name\":\"Link2fleet\",\"description\":\"\",\"publisher\":{\"@id\":\"https:\\\/\\\/www.link2fleet.com\\\/fr\\\/#organization\"},\"potentialAction\":[{\"@type\":\"SearchAction\",\"target\":{\"@type\":\"EntryPoint\",\"urlTemplate\":\"https:\\\/\\\/www.link2fleet.com\\\/fr\\\/?s={search_term_string}\"},\"query-input\":{\"@type\":\"PropertyValueSpecification\",\"valueRequired\":true,\"valueName\":\"search_term_string\"}}],\"inLanguage\":\"fr-FR\"},{\"@type\":\"Organization\",\"@id\":\"https:\\\/\\\/www.link2fleet.com\\\/fr\\\/#organization\",\"name\":\"Link2fleet\",\"url\":\"https:\\\/\\\/www.link2fleet.com\\\/fr\\\/\",\"logo\":{\"@type\":\"ImageObject\",\"inLanguage\":\"fr-FR\",\"@id\":\"https:\\\/\\\/www.link2fleet.com\\\/fr\\\/#\\\/schema\\\/logo\\\/image\\\/\",\"url\":\"https:\\\/\\\/static.link2fleet.com\\\/wp-content\\\/uploads\\\/2024\\\/03\\\/share-image.jpg\",\"contentUrl\":\"https:\\\/\\\/static.link2fleet.com\\\/wp-content\\\/uploads\\\/2024\\\/03\\\/share-image.jpg\",\"width\":1200,\"height\":630,\"caption\":\"Link2fleet\"},\"image\":{\"@id\":\"https:\\\/\\\/www.link2fleet.com\\\/fr\\\/#\\\/schema\\\/logo\\\/image\\\/\"},\"sameAs\":[\"https:\\\/\\\/www.linkedin.com\\\/company\\\/link2fleet-belgium\",\"https:\\\/\\\/www.youtube.com\\\/user\\\/MMMBMBE\"]},{\"@type\":\"Person\",\"@id\":\"https:\\\/\\\/www.link2fleet.com\\\/fr\\\/#\\\/schema\\\/person\\\/be5c57fc3d8ec765f7f536ffa2d67457\",\"name\":\"Marc Demoulin\",\"image\":{\"@type\":\"ImageObject\",\"inLanguage\":\"fr-FR\",\"@id\":\"https:\\\/\\\/secure.gravatar.com\\\/avatar\\\/a87df2253d2615844817d0a7f244258741572a74e0c35a309fca2badab9f30e7?s=96&d=mm&r=g\",\"url\":\"https:\\\/\\\/secure.gravatar.com\\\/avatar\\\/a87df2253d2615844817d0a7f244258741572a74e0c35a309fca2badab9f30e7?s=96&d=mm&r=g\",\"contentUrl\":\"https:\\\/\\\/secure.gravatar.com\\\/avatar\\\/a87df2253d2615844817d0a7f244258741572a74e0c35a309fca2badab9f30e7?s=96&d=mm&r=g\",\"caption\":\"Marc Demoulin\"}}]}<\/script>\n<!-- \/ Yoast SEO plugin. -->","yoast_head_json":{"title":"Analyse crise Covid-19 - Bruno de Thibault (Touring) : \u00ab Le Belge continuera de voyager \u00bb - link2fleet","description":"\u00c0 l\u2019instar de son confr\u00e8re VAB, Touring a continu\u00e9 \u00e0 fonctionner en mode r\u00e9duit durant la crise Covid-19. Durant le lockdown, la priorit\u00e9 s\u2019est rapidement\u2026","robots":{"index":"index","follow":"follow","max-snippet":"max-snippet:-1","max-image-preview":"max-image-preview:large","max-video-preview":"max-video-preview:-1"},"og_locale":"fr_FR","og_type":"article","og_title":"Analyse crise Covid-19 - Bruno de Thibault (Touring) : \u00ab Le Belge continuera de voyager \u00bb - link2fleet","og_description":"\u00c0 l\u2019instar de son confr\u00e8re VAB, Touring a continu\u00e9 \u00e0 fonctionner en mode r\u00e9duit durant la crise Covid-19. Durant le lockdown, la priorit\u00e9 s\u2019est rapidement\u2026","og_url":"https:\/\/www.link2fleet.com\/fr\/analyse-crise-covid-19-bruno-de-thibault-touring-le-belge-continuera-de-voyager\/","og_site_name":"link2fleet","article_published_time":"2020-07-15T05:31:48+00:00","og_image":[{"width":768,"height":480,"url":"https:\/\/static.link2fleet.com\/wp-content\/uploads\/2024\/03\/touring2.jpg","type":"image\/jpeg"}],"author":"Marc Demoulin","twitter_card":"summary_large_image","twitter_description":"\u00c0 l\u2019instar de son confr\u00e8re VAB, Touring a continu\u00e9 \u00e0 fonctionner en mode r\u00e9duit durant la crise Covid-19. Durant le lockdown, la priorit\u00e9 s\u2019est rapidement\u2026","twitter_misc":{"\u00c9crit par":"Marc Demoulin","Dur\u00e9e de lecture estim\u00e9e":"2 minutes"},"schema":{"@context":"https:\/\/schema.org","@graph":[{"@type":"Article","@id":"https:\/\/www.link2fleet.com\/fr\/analyse-crise-covid-19-bruno-de-thibault-touring-le-belge-continuera-de-voyager\/#article","isPartOf":{"@id":"https:\/\/www.link2fleet.com\/fr\/analyse-crise-covid-19-bruno-de-thibault-touring-le-belge-continuera-de-voyager\/"},"author":{"name":"Marc Demoulin","@id":"https:\/\/www.link2fleet.com\/fr\/#\/schema\/person\/be5c57fc3d8ec765f7f536ffa2d67457"},"headline":"Analyse crise Covid-19 &#8211; Bruno de Thibault (Touring) : \u00ab Le Belge continuera de voyager \u00bb","datePublished":"2020-07-15T05:31:48+00:00","mainEntityOfPage":{"@id":"https:\/\/www.link2fleet.com\/fr\/analyse-crise-covid-19-bruno-de-thibault-touring-le-belge-continuera-de-voyager\/"},"wordCount":483,"publisher":{"@id":"https:\/\/www.link2fleet.com\/fr\/#organization"},"image":{"@id":"https:\/\/www.link2fleet.com\/fr\/analyse-crise-covid-19-bruno-de-thibault-touring-le-belge-continuera-de-voyager\/#primaryimage"},"thumbnailUrl":"https:\/\/static.link2fleet.com\/wp-content\/uploads\/2024\/03\/touring2.jpg","articleSection":["Assurances et assistance","Gestion de flotte","V\u00e9hicules"],"inLanguage":"fr-FR"},{"@type":"WebPage","@id":"https:\/\/www.link2fleet.com\/fr\/analyse-crise-covid-19-bruno-de-thibault-touring-le-belge-continuera-de-voyager\/","url":"https:\/\/www.link2fleet.com\/fr\/analyse-crise-covid-19-bruno-de-thibault-touring-le-belge-continuera-de-voyager\/","name":"Analyse crise Covid-19 - Bruno de Thibault (Touring) : \u00ab Le Belge continuera de voyager \u00bb - link2fleet","isPartOf":{"@id":"https:\/\/www.link2fleet.com\/fr\/#website"},"primaryImageOfPage":{"@id":"https:\/\/www.link2fleet.com\/fr\/analyse-crise-covid-19-bruno-de-thibault-touring-le-belge-continuera-de-voyager\/#primaryimage"},"image":{"@id":"https:\/\/www.link2fleet.com\/fr\/analyse-crise-covid-19-bruno-de-thibault-touring-le-belge-continuera-de-voyager\/#primaryimage"},"thumbnailUrl":"https:\/\/static.link2fleet.com\/wp-content\/uploads\/2024\/03\/touring2.jpg","datePublished":"2020-07-15T05:31:48+00:00","breadcrumb":{"@id":"https:\/\/www.link2fleet.com\/fr\/analyse-crise-covid-19-bruno-de-thibault-touring-le-belge-continuera-de-voyager\/#breadcrumb"},"inLanguage":"fr-FR","potentialAction":[{"@type":"ReadAction","target":["https:\/\/www.link2fleet.com\/fr\/analyse-crise-covid-19-bruno-de-thibault-touring-le-belge-continuera-de-voyager\/"]}]},{"@type":"ImageObject","inLanguage":"fr-FR","@id":"https:\/\/www.link2fleet.com\/fr\/analyse-crise-covid-19-bruno-de-thibault-touring-le-belge-continuera-de-voyager\/#primaryimage","url":"https:\/\/static.link2fleet.com\/wp-content\/uploads\/2024\/03\/touring2.jpg","contentUrl":"https:\/\/static.link2fleet.com\/wp-content\/uploads\/2024\/03\/touring2.jpg","width":768,"height":480,"caption":"|"},{"@type":"BreadcrumbList","@id":"https:\/\/www.link2fleet.com\/fr\/analyse-crise-covid-19-bruno-de-thibault-touring-le-belge-continuera-de-voyager\/#breadcrumb","itemListElement":[{"@type":"ListItem","position":1,"name":"Home","item":"https:\/\/www.link2fleet.com\/fr\/"},{"@type":"ListItem","position":2,"name":"Analyse crise Covid-19 &#8211; Bruno de Thibault (Touring) : \u00ab Le Belge continuera de voyager \u00bb"}]},{"@type":"WebSite","@id":"https:\/\/www.link2fleet.com\/fr\/#website","url":"https:\/\/www.link2fleet.com\/fr\/","name":"Link2fleet","description":"","publisher":{"@id":"https:\/\/www.link2fleet.com\/fr\/#organization"},"potentialAction":[{"@type":"SearchAction","target":{"@type":"EntryPoint","urlTemplate":"https:\/\/www.link2fleet.com\/fr\/?s={search_term_string}"},"query-input":{"@type":"PropertyValueSpecification","valueRequired":true,"valueName":"search_term_string"}}],"inLanguage":"fr-FR"},{"@type":"Organization","@id":"https:\/\/www.link2fleet.com\/fr\/#organization","name":"Link2fleet","url":"https:\/\/www.link2fleet.com\/fr\/","logo":{"@type":"ImageObject","inLanguage":"fr-FR","@id":"https:\/\/www.link2fleet.com\/fr\/#\/schema\/logo\/image\/","url":"https:\/\/static.link2fleet.com\/wp-content\/uploads\/2024\/03\/share-image.jpg","contentUrl":"https:\/\/static.link2fleet.com\/wp-content\/uploads\/2024\/03\/share-image.jpg","width":1200,"height":630,"caption":"Link2fleet"},"image":{"@id":"https:\/\/www.link2fleet.com\/fr\/#\/schema\/logo\/image\/"},"sameAs":["https:\/\/www.linkedin.com\/company\/link2fleet-belgium","https:\/\/www.youtube.com\/user\/MMMBMBE"]},{"@type":"Person","@id":"https:\/\/www.link2fleet.com\/fr\/#\/schema\/person\/be5c57fc3d8ec765f7f536ffa2d67457","name":"Marc Demoulin","image":{"@type":"ImageObject","inLanguage":"fr-FR","@id":"https:\/\/secure.gravatar.com\/avatar\/a87df2253d2615844817d0a7f244258741572a74e0c35a309fca2badab9f30e7?s=96&d=mm&r=g","url":"https:\/\/secure.gravatar.com\/avatar\/a87df2253d2615844817d0a7f244258741572a74e0c35a309fca2badab9f30e7?s=96&d=mm&r=g","contentUrl":"https:\/\/secure.gravatar.com\/avatar\/a87df2253d2615844817d0a7f244258741572a74e0c35a309fca2badab9f30e7?s=96&d=mm&r=g","caption":"Marc Demoulin"}}]}},"_links":{"self":[{"href":"https:\/\/www.link2fleet.com\/fr\/wp-json\/wp\/v2\/posts\/2541","targetHints":{"allow":["GET"]}}],"collection":[{"href":"https:\/\/www.link2fleet.com\/fr\/wp-json\/wp\/v2\/posts"}],"about":[{"href":"https:\/\/www.link2fleet.com\/fr\/wp-json\/wp\/v2\/types\/post"}],"author":[{"embeddable":true,"href":"https:\/\/www.link2fleet.com\/fr\/wp-json\/wp\/v2\/users\/19"}],"replies":[{"embeddable":true,"href":"https:\/\/www.link2fleet.com\/fr\/wp-json\/wp\/v2\/comments?post=2541"}],"version-history":[{"count":0,"href":"https:\/\/www.link2fleet.com\/fr\/wp-json\/wp\/v2\/posts\/2541\/revisions"}],"wp:featuredmedia":[{"embeddable":true,"href":"https:\/\/www.link2fleet.com\/fr\/wp-json\/wp\/v2\/media\/2542"}],"wp:attachment":[{"href":"https:\/\/www.link2fleet.com\/fr\/wp-json\/wp\/v2\/media?parent=2541"}],"wp:term":[{"taxonomy":"category","embeddable":true,"href":"https:\/\/www.link2fleet.com\/fr\/wp-json\/wp\/v2\/categories?post=2541"},{"taxonomy":"post_tag","embeddable":true,"href":"https:\/\/www.link2fleet.com\/fr\/wp-json\/wp\/v2\/tags?post=2541"}],"curies":[{"name":"wp","href":"https:\/\/api.w.org\/{rel}","templated":true}]}}