{"id":2549,"date":"2020-07-22T07:51:11","date_gmt":"2020-07-22T05:51:11","guid":{"rendered":"https:\/\/www.link2fleet.com\/analyse-crise-covid-19-charlotte-thijs-acerta-les-kilometres-domicile-travail-vont-visiblement-diminuer\/"},"modified":"2020-07-22T07:51:11","modified_gmt":"2020-07-22T05:51:11","slug":"analyse-crise-covid-19-charlotte-thijs-acerta-les-kilometres-domicile-travail-vont-visiblement-diminuer","status":"publish","type":"post","link":"https:\/\/www.link2fleet.com\/fr\/analyse-crise-covid-19-charlotte-thijs-acerta-les-kilometres-domicile-travail-vont-visiblement-diminuer\/","title":{"rendered":"Analyse crise Covid-19 &#8211; Charlotte Thijs (Acerta): \u00ab\u00a0\u202fLes kilom\u00e8tres \u2018domicile-travail\u2019 vont visiblement diminuer.\u00a0\u00bb"},"content":{"rendered":"\n<p><strong>link2fleet:\u00a0Quelles cons\u00e9quences concr\u00e8tes a eu la crise du Covid-19 sur la mobilit\u00e9 professionnelle\u202f?\u00a0<\/strong><\/p>\n\n\n\n<p><strong>Charlotte Thijs:&nbsp;<\/strong>La crise du Covid-19 va r\u00e9duire le temps et les kilom\u00e8tres consacr\u00e9s aux d\u00e9placements entre le domicile et le lieu de travail.&nbsp;L\u2019introduction structurelle du t\u00e9l\u00e9travail sera le moteur de cette \u00e9volution.&nbsp;Dans une \u00e9tude que nous avons men\u00e9e, on voit qu\u2019un employ\u00e9 moyen habite \u00e0 plus ou moins 20,5 km de&nbsp;son&nbsp;lieu de travail.&nbsp;Ce qui provoque beaucoup de trafic en temps normal avec les embouteillages&nbsp;qui en r\u00e9sultent&nbsp;n\u00e9cessairement.&nbsp;Avec la crise du coronavirus, le trajet a \u00e9t\u00e9 ramen\u00e9 \u00e0 0 km. Chez&nbsp;Acerta, nous nous attendons \u00e0 ce que cette tendance se poursuive en ce sens que les kilom\u00e8tres parcourus entre le travail et le domicile diminueront sensiblement,&nbsp;car la priorit\u00e9 ira au t\u00e9l\u00e9travail, \u00e9tant donn\u00e9 que tant les employeurs que les employ\u00e9s en ressentiront les effets b\u00e9n\u00e9fiques.&nbsp;On ne&nbsp;va&nbsp;pas \u00e9voluer vers une situation de 100% de t\u00e9l\u00e9travail,&nbsp;mais il est clair que le travail \u00e0 domicile sera structurellement autoris\u00e9 pendant 1 ou 2 jours dans les entreprises qui ne l&rsquo;utilisaient pas auparavant.&nbsp;<\/p>\n\n\n\n<div class=\"wp-block-image\"><figure class=\"alignleft is-resized\"><img loading=\"lazy\" decoding=\"async\" src=\"https:\/\/www.link2fleet.com\/wp-content\/uploads\/2020\/07\/charlotte-682x1024.jpeg\" alt=\"\" class=\"wp-image-1258659\" width=\"201\" height=\"301\"\/><\/figure><\/div>\n\n\n\n<p>Il va sans dire que ce sont les grandes entreprises qui pourront r\u00e9duire le nombre de kilom\u00e8tres des trajets&nbsp;domicile-travail. Comme ils ont de nombreux employ\u00e9s qui parcourent de longues distances pour se rendre au travail, l&rsquo;impact de l&rsquo;expansion du travail \u00e0 domicile sur les kilom\u00e8tres parcourus sera plus important.&nbsp;Et comme ces grandes entreprises disposent g\u00e9n\u00e9ralement d&rsquo;une solide infrastructure informatique, l&rsquo;introduction du t\u00e9l\u00e9travail s&rsquo;y fera \u00e9galement en douceur. Bien s\u00fbr, cela ouvre des perspectives puisque la corr\u00e9lation entre la distance et la popularit\u00e9 d&rsquo;un employeur sera en partie \u00e9limin\u00e9e par le t\u00e9l\u00e9travail : lorsque vous pouvez \u00e9galement faire votre travail \u00e0 domicile, l&#8217;emplacement du bureau de l&#8217;employeur joue un r\u00f4le moins crucial.&nbsp;<\/p>\n\n\n\n<p>En outre, nous nous attendons \u00e0 ce que les&nbsp;d\u00e9placements&nbsp;purement professionnels diminuent \u00e9galement, car la crise&nbsp;du coronavirus&nbsp;a clairement montr\u00e9 que les rendez-vous des clients peuvent \u00e9galement avoir lieu de mani\u00e8re num\u00e9rique.&nbsp;<\/p>\n\n\n\n<p><strong>La fin des bureaux paysagers<\/strong>&nbsp;<\/p>\n\n\n\n<p><strong>link2leet:\u00a0Quels changements\/opportunit\u00e9s\u00a0\u00e0\u00a0moyen ou\u00a0long\u00a0terme cette crise va-t-elle entra\u00eener\u00a0sur la mobilit\u00e9 des entreprises\u202f?\u00a0<\/strong><\/p>\n\n\n\n<p><strong>Charlotte Thijs<\/strong>:&nbsp;Les employ\u00e9s chercheront encore&nbsp;davantage&nbsp;\u00e0 organiser eux-m\u00eames leur mobilit\u00e9 de mani\u00e8re s\u00fbre et&nbsp;en se prot\u00e9geant du&nbsp;virus.&nbsp;Les mesures qui sont actuellement en vigueur pour assurer les distances n\u00e9cessaires continueront de l\u2019\u00eatre dans le futur.&nbsp;Les transports publics, en particulier, auront un r\u00f4le difficile \u00e0 jouer \u00e0 cet \u00e9gard, mais&nbsp;\u00e9galement&nbsp;les services de mobilit\u00e9 visant au partage, car les craintes des gens et leurs cons\u00e9quences sont&nbsp;\u00e9lev\u00e9es.&nbsp;D&rsquo;autre part, ces&nbsp;solutions&nbsp;de mobilit\u00e9 sont \u00e9galement difficiles \u00e0 imaginer et il faudra&nbsp;\u00e9valuer&nbsp;combien de temps cette crainte continuera \u00e0 se manifester.&nbsp;&nbsp;<\/p>\n\n\n\n<p>En outre, des recherches ont montr\u00e9 que les travailleurs consid\u00e8rent qu&rsquo;il est important de disposer d&rsquo;un choix suffisant pour organiser leur mobilit\u00e9.&nbsp;En tant qu\u2019employeur, offrir un \u00e9ventail de solutions de mobilit\u00e9 est d&rsquo;autant plus susceptible de renforcer la position concurrentielle des entreprises sur le march\u00e9. Ces solutions consistent&nbsp;en des voitures de soci\u00e9t\u00e9.&nbsp;Mais le d\u00e9placement de l&rsquo;attention vers le budget de mobilit\u00e9, les voitures \u00e9lectriques, les voitures de pool, les v\u00e9los \u00e9lectriques, le remboursement des transports publics, les plans caf\u00e9t\u00e9ria &#8230; est crucial \u00e0 cet \u00e9gard. En cons\u00e9quence, nous \u00e9voluons vers de v\u00e9ritables plans de mobilit\u00e9 o\u00f9 l&rsquo;on constate,&nbsp;aujourd&rsquo;hui,&nbsp;un net glissement vers le choix des v\u00e9los dans les plans caf\u00e9t\u00e9rias.&nbsp;Ce choix et cette demande ne feront probablement qu&rsquo;augmenter.&nbsp;<\/p>\n\n\n\n<p>Enfin, quelques cons\u00e9quences g\u00e9n\u00e9rales de la crise du coronavirus sur les entreprises\u202f:&nbsp;<\/p>\n\n\n\n<ul class=\"wp-block-list\"><li>La fin des bureaux paysagers est peut-\u00eatre en vue. Outre l&rsquo;impact \u00e9conomique de la crise, il y a aussi l&rsquo;aspect du bien-\u00eatre, tant physique que mental. Toutefois, la crise actuelle en fait prendre conscience aux entreprises, ce qui a permis \u00e0 une \u00e9tude d&rsquo;Acerta&nbsp;de montrer que pr\u00e8s de 6 entreprises sur 10 se concentreront davantage,&nbsp; d\u00e8s la reprise,&nbsp;sur le bien-\u00eatre et la r\u00e9silience mentale. De plus, la fin de ces bureaux paysagers ne sera pas seulement le r\u00e9sultat de la crise&nbsp;Covid-19, mais aussi du manque de concentration.&nbsp;<\/li><\/ul>\n\n\n\n<ul class=\"wp-block-list\"><li>En ce qui concerne les plans caf\u00e9t\u00e9ria, outre l&rsquo;\u00e9volution vers des plans de mobilit\u00e9 plus nombreux, il pourra&nbsp;\u00e9galement y avoir un changement dans la fourniture d&rsquo;\u00e9quipements informatiques suppl\u00e9mentaires, \u00e9tant donn\u00e9 que davantage de personnes travaillent \u00e0 domicile, que les enfants sont pr\u00e9sents \u00e0 la maison, que&nbsp;l&rsquo;Ipad, l&rsquo;ordinateur portable, etc. sont&nbsp;davantage&nbsp;utilis\u00e9s,&nbsp;et qu&rsquo;il y a donc un besoin&nbsp;plus important&nbsp;de ces dispositifs.&nbsp;<\/li><\/ul>\n","protected":false},"excerpt":{"rendered":"<p>link2fleet:\u00a0Quelles cons\u00e9quences concr\u00e8tes a eu la crise du Covid-19 sur la mobilit\u00e9 professionnelle\u202f?\u00a0 Charlotte Thijs:&nbsp;La crise du Covid-19 va r\u00e9duire le temps et les kilom\u00e8tres consacr\u00e9s aux d\u00e9placements entre le domicile et le lieu de travail.&nbsp;L\u2019introduction structurelle du t\u00e9l\u00e9travail sera le moteur de cette \u00e9volution.&nbsp;Dans une \u00e9tude que nous avons men\u00e9e, on voit qu\u2019un employ\u00e9 [&hellip;]<\/p>\n","protected":false},"author":4,"featured_media":2550,"comment_status":"closed","ping_status":"closed","sticky":false,"template":"","format":"standard","meta":{"_acf_changed":false,"footnotes":""},"categories":[95,91],"tags":[],"class_list":["post-2549","post","type-post","status-publish","format-standard","has-post-thumbnail","hentry","category-organisations-professionnelles-federations-experts","category-expertise-et-management"],"acf":[],"yoast_head":"<!-- This site is optimized with the Yoast SEO plugin v27.3 - https:\/\/yoast.com\/product\/yoast-seo-wordpress\/ -->\n<title>Analyse crise Covid-19 - Charlotte Thijs (Acerta): &quot;\u202fLes kilom\u00e8tres \u2018domicile-travail\u2019 vont visiblement diminuer.&quot; - link2fleet<\/title>\n<meta name=\"description\" content=\"Aujourd\u2019hui, la \u2018mobilit\u00e9\u2019 devient de plus en plus une composante d\u00e9terminante, peu importe le secteur, la fonction ou l\u2019\u00e2ge. C\u2019est pourquoi les secr\u00e9tariats sociaux deviennent\u2026\" \/>\n<meta name=\"robots\" content=\"index, follow, max-snippet:-1, max-image-preview:large, max-video-preview:-1\" \/>\n<meta property=\"og:locale\" content=\"fr_FR\" \/>\n<meta property=\"og:type\" content=\"article\" \/>\n<meta property=\"og:title\" content=\"Analyse crise Covid-19 - Charlotte Thijs (Acerta): &quot;\u202fLes kilom\u00e8tres \u2018domicile-travail\u2019 vont visiblement diminuer.&quot; - link2fleet\" \/>\n<meta property=\"og:description\" content=\"Aujourd\u2019hui, la \u2018mobilit\u00e9\u2019 devient de plus en plus une composante d\u00e9terminante, peu importe le secteur, la fonction ou l\u2019\u00e2ge. C\u2019est pourquoi les secr\u00e9tariats sociaux deviennent\u2026\" \/>\n<meta property=\"og:url\" content=\"https:\/\/www.link2fleet.com\/fr\/analyse-crise-covid-19-charlotte-thijs-acerta-les-kilometres-domicile-travail-vont-visiblement-diminuer\/\" \/>\n<meta property=\"og:site_name\" content=\"link2fleet\" \/>\n<meta property=\"article:published_time\" content=\"2020-07-22T05:51:11+00:00\" \/>\n<meta property=\"og:image\" content=\"https:\/\/static.link2fleet.com\/wp-content\/uploads\/2024\/03\/acerta.jpg\" \/>\n\t<meta property=\"og:image:width\" content=\"995\" \/>\n\t<meta property=\"og:image:height\" content=\"515\" \/>\n\t<meta property=\"og:image:type\" content=\"image\/jpeg\" \/>\n<meta name=\"author\" content=\"Damien Malvetti\" \/>\n<meta name=\"twitter:card\" content=\"summary_large_image\" \/>\n<meta name=\"twitter:description\" content=\"Aujourd\u2019hui, la \u2018mobilit\u00e9\u2019 devient de plus en plus une composante d\u00e9terminante, peu importe le secteur, la fonction ou l\u2019\u00e2ge. C\u2019est pourquoi les secr\u00e9tariats sociaux deviennent\u2026\" \/>\n<meta name=\"twitter:label1\" content=\"\u00c9crit par\" \/>\n\t<meta name=\"twitter:data1\" content=\"Damien Malvetti\" \/>\n\t<meta name=\"twitter:label2\" content=\"Dur\u00e9e de lecture estim\u00e9e\" \/>\n\t<meta name=\"twitter:data2\" content=\"4 minutes\" \/>\n<script type=\"application\/ld+json\" class=\"yoast-schema-graph\">{\"@context\":\"https:\\\/\\\/schema.org\",\"@graph\":[{\"@type\":\"Article\",\"@id\":\"https:\\\/\\\/www.link2fleet.com\\\/fr\\\/analyse-crise-covid-19-charlotte-thijs-acerta-les-kilometres-domicile-travail-vont-visiblement-diminuer\\\/#article\",\"isPartOf\":{\"@id\":\"https:\\\/\\\/www.link2fleet.com\\\/fr\\\/analyse-crise-covid-19-charlotte-thijs-acerta-les-kilometres-domicile-travail-vont-visiblement-diminuer\\\/\"},\"author\":{\"name\":\"Damien Malvetti\",\"@id\":\"https:\\\/\\\/www.link2fleet.com\\\/fr\\\/#\\\/schema\\\/person\\\/027cd46113c78036b3809c9a054049da\"},\"headline\":\"Analyse crise Covid-19 &#8211; Charlotte Thijs (Acerta): \u00ab\u00a0\u202fLes kilom\u00e8tres \u2018domicile-travail\u2019 vont visiblement diminuer.\u00a0\u00bb\",\"datePublished\":\"2020-07-22T05:51:11+00:00\",\"mainEntityOfPage\":{\"@id\":\"https:\\\/\\\/www.link2fleet.com\\\/fr\\\/analyse-crise-covid-19-charlotte-thijs-acerta-les-kilometres-domicile-travail-vont-visiblement-diminuer\\\/\"},\"wordCount\":897,\"publisher\":{\"@id\":\"https:\\\/\\\/www.link2fleet.com\\\/fr\\\/#organization\"},\"image\":{\"@id\":\"https:\\\/\\\/www.link2fleet.com\\\/fr\\\/analyse-crise-covid-19-charlotte-thijs-acerta-les-kilometres-domicile-travail-vont-visiblement-diminuer\\\/#primaryimage\"},\"thumbnailUrl\":\"https:\\\/\\\/static.link2fleet.com\\\/wp-content\\\/uploads\\\/2024\\\/03\\\/acerta.jpg\",\"articleSection\":[\"Expertise et f\u00e9d\u00e9rations\",\"Gestion de flotte\"],\"inLanguage\":\"fr-FR\"},{\"@type\":\"WebPage\",\"@id\":\"https:\\\/\\\/www.link2fleet.com\\\/fr\\\/analyse-crise-covid-19-charlotte-thijs-acerta-les-kilometres-domicile-travail-vont-visiblement-diminuer\\\/\",\"url\":\"https:\\\/\\\/www.link2fleet.com\\\/fr\\\/analyse-crise-covid-19-charlotte-thijs-acerta-les-kilometres-domicile-travail-vont-visiblement-diminuer\\\/\",\"name\":\"Analyse crise Covid-19 - Charlotte Thijs (Acerta): \\\"\u202fLes kilom\u00e8tres \u2018domicile-travail\u2019 vont visiblement diminuer.\\\" - link2fleet\",\"isPartOf\":{\"@id\":\"https:\\\/\\\/www.link2fleet.com\\\/fr\\\/#website\"},\"primaryImageOfPage\":{\"@id\":\"https:\\\/\\\/www.link2fleet.com\\\/fr\\\/analyse-crise-covid-19-charlotte-thijs-acerta-les-kilometres-domicile-travail-vont-visiblement-diminuer\\\/#primaryimage\"},\"image\":{\"@id\":\"https:\\\/\\\/www.link2fleet.com\\\/fr\\\/analyse-crise-covid-19-charlotte-thijs-acerta-les-kilometres-domicile-travail-vont-visiblement-diminuer\\\/#primaryimage\"},\"thumbnailUrl\":\"https:\\\/\\\/static.link2fleet.com\\\/wp-content\\\/uploads\\\/2024\\\/03\\\/acerta.jpg\",\"datePublished\":\"2020-07-22T05:51:11+00:00\",\"breadcrumb\":{\"@id\":\"https:\\\/\\\/www.link2fleet.com\\\/fr\\\/analyse-crise-covid-19-charlotte-thijs-acerta-les-kilometres-domicile-travail-vont-visiblement-diminuer\\\/#breadcrumb\"},\"inLanguage\":\"fr-FR\",\"potentialAction\":[{\"@type\":\"ReadAction\",\"target\":[\"https:\\\/\\\/www.link2fleet.com\\\/fr\\\/analyse-crise-covid-19-charlotte-thijs-acerta-les-kilometres-domicile-travail-vont-visiblement-diminuer\\\/\"]}]},{\"@type\":\"ImageObject\",\"inLanguage\":\"fr-FR\",\"@id\":\"https:\\\/\\\/www.link2fleet.com\\\/fr\\\/analyse-crise-covid-19-charlotte-thijs-acerta-les-kilometres-domicile-travail-vont-visiblement-diminuer\\\/#primaryimage\",\"url\":\"https:\\\/\\\/static.link2fleet.com\\\/wp-content\\\/uploads\\\/2024\\\/03\\\/acerta.jpg\",\"contentUrl\":\"https:\\\/\\\/static.link2fleet.com\\\/wp-content\\\/uploads\\\/2024\\\/03\\\/acerta.jpg\",\"width\":995,\"height\":515,\"caption\":\"|\"},{\"@type\":\"BreadcrumbList\",\"@id\":\"https:\\\/\\\/www.link2fleet.com\\\/fr\\\/analyse-crise-covid-19-charlotte-thijs-acerta-les-kilometres-domicile-travail-vont-visiblement-diminuer\\\/#breadcrumb\",\"itemListElement\":[{\"@type\":\"ListItem\",\"position\":1,\"name\":\"Home\",\"item\":\"https:\\\/\\\/www.link2fleet.com\\\/fr\\\/\"},{\"@type\":\"ListItem\",\"position\":2,\"name\":\"Analyse crise Covid-19 &#8211; Charlotte Thijs (Acerta): &#8220;\u202fLes kilom\u00e8tres \u2018domicile-travail\u2019 vont visiblement diminuer.&#8221;\"}]},{\"@type\":\"WebSite\",\"@id\":\"https:\\\/\\\/www.link2fleet.com\\\/fr\\\/#website\",\"url\":\"https:\\\/\\\/www.link2fleet.com\\\/fr\\\/\",\"name\":\"Link2fleet\",\"description\":\"\",\"publisher\":{\"@id\":\"https:\\\/\\\/www.link2fleet.com\\\/fr\\\/#organization\"},\"potentialAction\":[{\"@type\":\"SearchAction\",\"target\":{\"@type\":\"EntryPoint\",\"urlTemplate\":\"https:\\\/\\\/www.link2fleet.com\\\/fr\\\/?s={search_term_string}\"},\"query-input\":{\"@type\":\"PropertyValueSpecification\",\"valueRequired\":true,\"valueName\":\"search_term_string\"}}],\"inLanguage\":\"fr-FR\"},{\"@type\":\"Organization\",\"@id\":\"https:\\\/\\\/www.link2fleet.com\\\/fr\\\/#organization\",\"name\":\"Link2fleet\",\"url\":\"https:\\\/\\\/www.link2fleet.com\\\/fr\\\/\",\"logo\":{\"@type\":\"ImageObject\",\"inLanguage\":\"fr-FR\",\"@id\":\"https:\\\/\\\/www.link2fleet.com\\\/fr\\\/#\\\/schema\\\/logo\\\/image\\\/\",\"url\":\"https:\\\/\\\/static.link2fleet.com\\\/wp-content\\\/uploads\\\/2024\\\/03\\\/share-image.jpg\",\"contentUrl\":\"https:\\\/\\\/static.link2fleet.com\\\/wp-content\\\/uploads\\\/2024\\\/03\\\/share-image.jpg\",\"width\":1200,\"height\":630,\"caption\":\"Link2fleet\"},\"image\":{\"@id\":\"https:\\\/\\\/www.link2fleet.com\\\/fr\\\/#\\\/schema\\\/logo\\\/image\\\/\"},\"sameAs\":[\"https:\\\/\\\/www.linkedin.com\\\/company\\\/link2fleet-belgium\",\"https:\\\/\\\/www.youtube.com\\\/user\\\/MMMBMBE\"]},{\"@type\":\"Person\",\"@id\":\"https:\\\/\\\/www.link2fleet.com\\\/fr\\\/#\\\/schema\\\/person\\\/027cd46113c78036b3809c9a054049da\",\"name\":\"Damien Malvetti\",\"image\":{\"@type\":\"ImageObject\",\"inLanguage\":\"fr-FR\",\"@id\":\"https:\\\/\\\/secure.gravatar.com\\\/avatar\\\/dd8cc03b49466c735f753ac37f8caa371af16dfed347456ed61f02883255eebb?s=96&d=mm&r=g\",\"url\":\"https:\\\/\\\/secure.gravatar.com\\\/avatar\\\/dd8cc03b49466c735f753ac37f8caa371af16dfed347456ed61f02883255eebb?s=96&d=mm&r=g\",\"contentUrl\":\"https:\\\/\\\/secure.gravatar.com\\\/avatar\\\/dd8cc03b49466c735f753ac37f8caa371af16dfed347456ed61f02883255eebb?s=96&d=mm&r=g\",\"caption\":\"Damien Malvetti\"},\"description\":\"Damien Malvetti is opgeleid als journalist en gepassioneerd door wagens, technologie en mobiliteit. Hij is verantwoordelijk voor de redactionele inhoud van link2fleet en beschikt over een uitgebreide kennis van de fleet-sector en elektrische mobiliteit.\",\"sameAs\":[\"https:\\\/\\\/www.linkedin.com\\\/in\\\/damien-malvetti-56601142\\\/\"]}]}<\/script>\n<!-- \/ Yoast SEO plugin. -->","yoast_head_json":{"title":"Analyse crise Covid-19 - Charlotte Thijs (Acerta): \"\u202fLes kilom\u00e8tres \u2018domicile-travail\u2019 vont visiblement diminuer.\" - link2fleet","description":"Aujourd\u2019hui, la \u2018mobilit\u00e9\u2019 devient de plus en plus une composante d\u00e9terminante, peu importe le secteur, la fonction ou l\u2019\u00e2ge. C\u2019est pourquoi les secr\u00e9tariats sociaux deviennent\u2026","robots":{"index":"index","follow":"follow","max-snippet":"max-snippet:-1","max-image-preview":"max-image-preview:large","max-video-preview":"max-video-preview:-1"},"og_locale":"fr_FR","og_type":"article","og_title":"Analyse crise Covid-19 - Charlotte Thijs (Acerta): \"\u202fLes kilom\u00e8tres \u2018domicile-travail\u2019 vont visiblement diminuer.\" - link2fleet","og_description":"Aujourd\u2019hui, la \u2018mobilit\u00e9\u2019 devient de plus en plus une composante d\u00e9terminante, peu importe le secteur, la fonction ou l\u2019\u00e2ge. C\u2019est pourquoi les secr\u00e9tariats sociaux deviennent\u2026","og_url":"https:\/\/www.link2fleet.com\/fr\/analyse-crise-covid-19-charlotte-thijs-acerta-les-kilometres-domicile-travail-vont-visiblement-diminuer\/","og_site_name":"link2fleet","article_published_time":"2020-07-22T05:51:11+00:00","og_image":[{"width":995,"height":515,"url":"https:\/\/static.link2fleet.com\/wp-content\/uploads\/2024\/03\/acerta.jpg","type":"image\/jpeg"}],"author":"Damien Malvetti","twitter_card":"summary_large_image","twitter_description":"Aujourd\u2019hui, la \u2018mobilit\u00e9\u2019 devient de plus en plus une composante d\u00e9terminante, peu importe le secteur, la fonction ou l\u2019\u00e2ge. C\u2019est pourquoi les secr\u00e9tariats sociaux deviennent\u2026","twitter_misc":{"\u00c9crit par":"Damien Malvetti","Dur\u00e9e de lecture estim\u00e9e":"4 minutes"},"schema":{"@context":"https:\/\/schema.org","@graph":[{"@type":"Article","@id":"https:\/\/www.link2fleet.com\/fr\/analyse-crise-covid-19-charlotte-thijs-acerta-les-kilometres-domicile-travail-vont-visiblement-diminuer\/#article","isPartOf":{"@id":"https:\/\/www.link2fleet.com\/fr\/analyse-crise-covid-19-charlotte-thijs-acerta-les-kilometres-domicile-travail-vont-visiblement-diminuer\/"},"author":{"name":"Damien Malvetti","@id":"https:\/\/www.link2fleet.com\/fr\/#\/schema\/person\/027cd46113c78036b3809c9a054049da"},"headline":"Analyse crise Covid-19 &#8211; Charlotte Thijs (Acerta): \u00ab\u00a0\u202fLes kilom\u00e8tres \u2018domicile-travail\u2019 vont visiblement diminuer.\u00a0\u00bb","datePublished":"2020-07-22T05:51:11+00:00","mainEntityOfPage":{"@id":"https:\/\/www.link2fleet.com\/fr\/analyse-crise-covid-19-charlotte-thijs-acerta-les-kilometres-domicile-travail-vont-visiblement-diminuer\/"},"wordCount":897,"publisher":{"@id":"https:\/\/www.link2fleet.com\/fr\/#organization"},"image":{"@id":"https:\/\/www.link2fleet.com\/fr\/analyse-crise-covid-19-charlotte-thijs-acerta-les-kilometres-domicile-travail-vont-visiblement-diminuer\/#primaryimage"},"thumbnailUrl":"https:\/\/static.link2fleet.com\/wp-content\/uploads\/2024\/03\/acerta.jpg","articleSection":["Expertise et f\u00e9d\u00e9rations","Gestion de flotte"],"inLanguage":"fr-FR"},{"@type":"WebPage","@id":"https:\/\/www.link2fleet.com\/fr\/analyse-crise-covid-19-charlotte-thijs-acerta-les-kilometres-domicile-travail-vont-visiblement-diminuer\/","url":"https:\/\/www.link2fleet.com\/fr\/analyse-crise-covid-19-charlotte-thijs-acerta-les-kilometres-domicile-travail-vont-visiblement-diminuer\/","name":"Analyse crise Covid-19 - Charlotte Thijs (Acerta): \"\u202fLes kilom\u00e8tres \u2018domicile-travail\u2019 vont visiblement diminuer.\" - link2fleet","isPartOf":{"@id":"https:\/\/www.link2fleet.com\/fr\/#website"},"primaryImageOfPage":{"@id":"https:\/\/www.link2fleet.com\/fr\/analyse-crise-covid-19-charlotte-thijs-acerta-les-kilometres-domicile-travail-vont-visiblement-diminuer\/#primaryimage"},"image":{"@id":"https:\/\/www.link2fleet.com\/fr\/analyse-crise-covid-19-charlotte-thijs-acerta-les-kilometres-domicile-travail-vont-visiblement-diminuer\/#primaryimage"},"thumbnailUrl":"https:\/\/static.link2fleet.com\/wp-content\/uploads\/2024\/03\/acerta.jpg","datePublished":"2020-07-22T05:51:11+00:00","breadcrumb":{"@id":"https:\/\/www.link2fleet.com\/fr\/analyse-crise-covid-19-charlotte-thijs-acerta-les-kilometres-domicile-travail-vont-visiblement-diminuer\/#breadcrumb"},"inLanguage":"fr-FR","potentialAction":[{"@type":"ReadAction","target":["https:\/\/www.link2fleet.com\/fr\/analyse-crise-covid-19-charlotte-thijs-acerta-les-kilometres-domicile-travail-vont-visiblement-diminuer\/"]}]},{"@type":"ImageObject","inLanguage":"fr-FR","@id":"https:\/\/www.link2fleet.com\/fr\/analyse-crise-covid-19-charlotte-thijs-acerta-les-kilometres-domicile-travail-vont-visiblement-diminuer\/#primaryimage","url":"https:\/\/static.link2fleet.com\/wp-content\/uploads\/2024\/03\/acerta.jpg","contentUrl":"https:\/\/static.link2fleet.com\/wp-content\/uploads\/2024\/03\/acerta.jpg","width":995,"height":515,"caption":"|"},{"@type":"BreadcrumbList","@id":"https:\/\/www.link2fleet.com\/fr\/analyse-crise-covid-19-charlotte-thijs-acerta-les-kilometres-domicile-travail-vont-visiblement-diminuer\/#breadcrumb","itemListElement":[{"@type":"ListItem","position":1,"name":"Home","item":"https:\/\/www.link2fleet.com\/fr\/"},{"@type":"ListItem","position":2,"name":"Analyse crise Covid-19 &#8211; Charlotte Thijs (Acerta): &#8220;\u202fLes kilom\u00e8tres \u2018domicile-travail\u2019 vont visiblement diminuer.&#8221;"}]},{"@type":"WebSite","@id":"https:\/\/www.link2fleet.com\/fr\/#website","url":"https:\/\/www.link2fleet.com\/fr\/","name":"Link2fleet","description":"","publisher":{"@id":"https:\/\/www.link2fleet.com\/fr\/#organization"},"potentialAction":[{"@type":"SearchAction","target":{"@type":"EntryPoint","urlTemplate":"https:\/\/www.link2fleet.com\/fr\/?s={search_term_string}"},"query-input":{"@type":"PropertyValueSpecification","valueRequired":true,"valueName":"search_term_string"}}],"inLanguage":"fr-FR"},{"@type":"Organization","@id":"https:\/\/www.link2fleet.com\/fr\/#organization","name":"Link2fleet","url":"https:\/\/www.link2fleet.com\/fr\/","logo":{"@type":"ImageObject","inLanguage":"fr-FR","@id":"https:\/\/www.link2fleet.com\/fr\/#\/schema\/logo\/image\/","url":"https:\/\/static.link2fleet.com\/wp-content\/uploads\/2024\/03\/share-image.jpg","contentUrl":"https:\/\/static.link2fleet.com\/wp-content\/uploads\/2024\/03\/share-image.jpg","width":1200,"height":630,"caption":"Link2fleet"},"image":{"@id":"https:\/\/www.link2fleet.com\/fr\/#\/schema\/logo\/image\/"},"sameAs":["https:\/\/www.linkedin.com\/company\/link2fleet-belgium","https:\/\/www.youtube.com\/user\/MMMBMBE"]},{"@type":"Person","@id":"https:\/\/www.link2fleet.com\/fr\/#\/schema\/person\/027cd46113c78036b3809c9a054049da","name":"Damien Malvetti","image":{"@type":"ImageObject","inLanguage":"fr-FR","@id":"https:\/\/secure.gravatar.com\/avatar\/dd8cc03b49466c735f753ac37f8caa371af16dfed347456ed61f02883255eebb?s=96&d=mm&r=g","url":"https:\/\/secure.gravatar.com\/avatar\/dd8cc03b49466c735f753ac37f8caa371af16dfed347456ed61f02883255eebb?s=96&d=mm&r=g","contentUrl":"https:\/\/secure.gravatar.com\/avatar\/dd8cc03b49466c735f753ac37f8caa371af16dfed347456ed61f02883255eebb?s=96&d=mm&r=g","caption":"Damien Malvetti"},"description":"Damien Malvetti is opgeleid als journalist en gepassioneerd door wagens, technologie en mobiliteit. Hij is verantwoordelijk voor de redactionele inhoud van link2fleet en beschikt over een uitgebreide kennis van de fleet-sector en elektrische mobiliteit.","sameAs":["https:\/\/www.linkedin.com\/in\/damien-malvetti-56601142\/"]}]}},"_links":{"self":[{"href":"https:\/\/www.link2fleet.com\/fr\/wp-json\/wp\/v2\/posts\/2549","targetHints":{"allow":["GET"]}}],"collection":[{"href":"https:\/\/www.link2fleet.com\/fr\/wp-json\/wp\/v2\/posts"}],"about":[{"href":"https:\/\/www.link2fleet.com\/fr\/wp-json\/wp\/v2\/types\/post"}],"author":[{"embeddable":true,"href":"https:\/\/www.link2fleet.com\/fr\/wp-json\/wp\/v2\/users\/4"}],"replies":[{"embeddable":true,"href":"https:\/\/www.link2fleet.com\/fr\/wp-json\/wp\/v2\/comments?post=2549"}],"version-history":[{"count":0,"href":"https:\/\/www.link2fleet.com\/fr\/wp-json\/wp\/v2\/posts\/2549\/revisions"}],"wp:featuredmedia":[{"embeddable":true,"href":"https:\/\/www.link2fleet.com\/fr\/wp-json\/wp\/v2\/media\/2550"}],"wp:attachment":[{"href":"https:\/\/www.link2fleet.com\/fr\/wp-json\/wp\/v2\/media?parent=2549"}],"wp:term":[{"taxonomy":"category","embeddable":true,"href":"https:\/\/www.link2fleet.com\/fr\/wp-json\/wp\/v2\/categories?post=2549"},{"taxonomy":"post_tag","embeddable":true,"href":"https:\/\/www.link2fleet.com\/fr\/wp-json\/wp\/v2\/tags?post=2549"}],"curies":[{"name":"wp","href":"https:\/\/api.w.org\/{rel}","templated":true}]}}