{"id":26548,"date":"2024-04-22T09:39:17","date_gmt":"2024-04-22T07:39:17","guid":{"rendered":"https:\/\/www.link2fleet.com\/nieuwe-citroen-e-c3-aircross-beschikbaar-als-ev-met-7-zitplaatsen\/"},"modified":"2024-04-22T10:04:05","modified_gmt":"2024-04-22T08:04:05","slug":"nieuwe-citroen-e-c3-aircross-beschikbaar-als-ev-met-7-zitplaatsen","status":"publish","type":"post","link":"https:\/\/www.link2fleet.com\/fr\/nieuwe-citroen-e-c3-aircross-beschikbaar-als-ev-met-7-zitplaatsen\/","title":{"rendered":"Nouveau Citro\u00ebn (\u00eb-)C3 Aircross: disponible en EV et avec 7 places"},"content":{"rendered":"","protected":false},"excerpt":{"rendered":"","protected":false},"author":49,"featured_media":26534,"comment_status":"closed","ping_status":"closed","sticky":false,"template":"","format":"standard","meta":{"_acf_changed":false,"footnotes":""},"categories":[135,77,76],"tags":[],"class_list":["post-26548","post","type-post","status-publish","format-standard","has-post-thumbnail","hentry","category-news-fr","category-importateurs-et-constructeurs-automobiles-vp","category-car"],"acf":[],"yoast_head":"<!-- This site is optimized with the Yoast SEO plugin v27.3 - https:\/\/yoast.com\/product\/yoast-seo-wordpress\/ -->\n<title>Nouveau Citro\u00ebn (\u00eb-)C3 Aircross: disponible en EV et avec 7 places - link2fleet<\/title>\n<meta name=\"description\" content=\"Citro\u00ebn vient de d\u00e9voiler la nouvelle g\u00e9n\u00e9ration de son C3 Aircross. Celui-ci sera \u00e9galement disponible avec une motorisation 100% \u00e9lectrique, l&rsquo;\u00eb-C3 Aircross et sera, gr\u00e2ce\u2026\" \/>\n<meta name=\"robots\" content=\"index, follow, max-snippet:-1, max-image-preview:large, max-video-preview:-1\" \/>\n<meta property=\"og:locale\" content=\"fr_FR\" \/>\n<meta property=\"og:type\" content=\"article\" \/>\n<meta property=\"og:title\" content=\"Nouveau Citro\u00ebn (\u00eb-)C3 Aircross: disponible en EV et avec 7 places - link2fleet\" \/>\n<meta property=\"og:description\" content=\"Citro\u00ebn vient de d\u00e9voiler la nouvelle g\u00e9n\u00e9ration de son C3 Aircross. Celui-ci sera \u00e9galement disponible avec une motorisation 100% \u00e9lectrique, l&rsquo;\u00eb-C3 Aircross et sera, gr\u00e2ce\u2026\" \/>\n<meta property=\"og:url\" content=\"https:\/\/www.link2fleet.com\/nieuwe-citroen-e-c3-aircross-beschikbaar-als-ev-met-7-zitplaatsen\/\" \/>\n<meta property=\"og:site_name\" content=\"link2fleet\" \/>\n<meta property=\"article:published_time\" content=\"2024-04-22T07:39:17+00:00\" \/>\n<meta property=\"article:modified_time\" content=\"2024-04-22T08:04:05+00:00\" \/>\n<meta property=\"og:image\" content=\"https:\/\/static.link2fleet.com\/wp-content\/uploads\/2024\/04\/newcitroenec3aircross-78front-full.jpg\" \/>\n\t<meta property=\"og:image:width\" content=\"1000\" \/>\n\t<meta property=\"og:image:height\" content=\"1000\" \/>\n\t<meta property=\"og:image:type\" content=\"image\/jpeg\" \/>\n<meta name=\"author\" content=\"Kevin Kersemans\" \/>\n<meta name=\"twitter:card\" content=\"summary_large_image\" \/>\n<meta name=\"twitter:description\" content=\"Citro\u00ebn vient de d\u00e9voiler la nouvelle g\u00e9n\u00e9ration de son C3 Aircross. Celui-ci sera \u00e9galement disponible avec une motorisation 100% \u00e9lectrique, l&rsquo;\u00eb-C3 Aircross et sera, gr\u00e2ce\u2026\" \/>\n<meta name=\"twitter:label1\" content=\"\u00c9crit par\" \/>\n\t<meta name=\"twitter:data1\" content=\"Kevin Kersemans\" \/>\n\t<meta name=\"twitter:label2\" content=\"Dur\u00e9e de lecture estim\u00e9e\" \/>\n\t<meta name=\"twitter:data2\" content=\"2 minutes\" \/>\n<script type=\"application\/ld+json\" class=\"yoast-schema-graph\">{\"@context\":\"https:\\\/\\\/schema.org\",\"@graph\":[{\"@type\":\"Article\",\"@id\":\"https:\\\/\\\/www.link2fleet.com\\\/nieuwe-citroen-e-c3-aircross-beschikbaar-als-ev-met-7-zitplaatsen\\\/#article\",\"isPartOf\":{\"@id\":\"https:\\\/\\\/www.link2fleet.com\\\/nieuwe-citroen-e-c3-aircross-beschikbaar-als-ev-met-7-zitplaatsen\\\/\"},\"author\":{\"name\":\"Kevin Kersemans\",\"@id\":\"https:\\\/\\\/www.link2fleet.com\\\/fr\\\/#\\\/schema\\\/person\\\/877bc89c32c65772066cb11fe1e67bbf\"},\"headline\":\"Nouveau Citro\u00ebn (\u00eb-)C3 Aircross: disponible en EV et avec 7 places\",\"datePublished\":\"2024-04-22T07:39:17+00:00\",\"dateModified\":\"2024-04-22T08:04:05+00:00\",\"mainEntityOfPage\":{\"@id\":\"https:\\\/\\\/www.link2fleet.com\\\/nieuwe-citroen-e-c3-aircross-beschikbaar-als-ev-met-7-zitplaatsen\\\/\"},\"wordCount\":12,\"publisher\":{\"@id\":\"https:\\\/\\\/www.link2fleet.com\\\/fr\\\/#organization\"},\"image\":{\"@id\":\"https:\\\/\\\/www.link2fleet.com\\\/nieuwe-citroen-e-c3-aircross-beschikbaar-als-ev-met-7-zitplaatsen\\\/#primaryimage\"},\"thumbnailUrl\":\"https:\\\/\\\/static.link2fleet.com\\\/wp-content\\\/uploads\\\/2024\\\/04\\\/newcitroenec3aircross-78front-full.jpg\",\"articleSection\":[\"Actus\",\"Importateurs et constructeurs\",\"V\u00e9hicules\"],\"inLanguage\":\"fr-FR\"},{\"@type\":\"WebPage\",\"@id\":\"https:\\\/\\\/www.link2fleet.com\\\/nieuwe-citroen-e-c3-aircross-beschikbaar-als-ev-met-7-zitplaatsen\\\/\",\"url\":\"https:\\\/\\\/www.link2fleet.com\\\/nieuwe-citroen-e-c3-aircross-beschikbaar-als-ev-met-7-zitplaatsen\\\/\",\"name\":\"Nouveau Citro\u00ebn (\u00eb-)C3 Aircross: disponible en EV et avec 7 places - link2fleet\",\"isPartOf\":{\"@id\":\"https:\\\/\\\/www.link2fleet.com\\\/fr\\\/#website\"},\"primaryImageOfPage\":{\"@id\":\"https:\\\/\\\/www.link2fleet.com\\\/nieuwe-citroen-e-c3-aircross-beschikbaar-als-ev-met-7-zitplaatsen\\\/#primaryimage\"},\"image\":{\"@id\":\"https:\\\/\\\/www.link2fleet.com\\\/nieuwe-citroen-e-c3-aircross-beschikbaar-als-ev-met-7-zitplaatsen\\\/#primaryimage\"},\"thumbnailUrl\":\"https:\\\/\\\/static.link2fleet.com\\\/wp-content\\\/uploads\\\/2024\\\/04\\\/newcitroenec3aircross-78front-full.jpg\",\"datePublished\":\"2024-04-22T07:39:17+00:00\",\"dateModified\":\"2024-04-22T08:04:05+00:00\",\"breadcrumb\":{\"@id\":\"https:\\\/\\\/www.link2fleet.com\\\/nieuwe-citroen-e-c3-aircross-beschikbaar-als-ev-met-7-zitplaatsen\\\/#breadcrumb\"},\"inLanguage\":\"fr-FR\",\"potentialAction\":[{\"@type\":\"ReadAction\",\"target\":[\"https:\\\/\\\/www.link2fleet.com\\\/nieuwe-citroen-e-c3-aircross-beschikbaar-als-ev-met-7-zitplaatsen\\\/\"]}]},{\"@type\":\"ImageObject\",\"inLanguage\":\"fr-FR\",\"@id\":\"https:\\\/\\\/www.link2fleet.com\\\/nieuwe-citroen-e-c3-aircross-beschikbaar-als-ev-met-7-zitplaatsen\\\/#primaryimage\",\"url\":\"https:\\\/\\\/static.link2fleet.com\\\/wp-content\\\/uploads\\\/2024\\\/04\\\/newcitroenec3aircross-78front-full.jpg\",\"contentUrl\":\"https:\\\/\\\/static.link2fleet.com\\\/wp-content\\\/uploads\\\/2024\\\/04\\\/newcitroenec3aircross-78front-full.jpg\",\"width\":1000,\"height\":1000},{\"@type\":\"BreadcrumbList\",\"@id\":\"https:\\\/\\\/www.link2fleet.com\\\/nieuwe-citroen-e-c3-aircross-beschikbaar-als-ev-met-7-zitplaatsen\\\/#breadcrumb\",\"itemListElement\":[{\"@type\":\"ListItem\",\"position\":1,\"name\":\"Home\",\"item\":\"https:\\\/\\\/www.link2fleet.com\\\/fr\\\/\"},{\"@type\":\"ListItem\",\"position\":2,\"name\":\"Nouveau Citro\u00ebn (\u00eb-)C3 Aircross: disponible en EV et avec 7 places\"}]},{\"@type\":\"WebSite\",\"@id\":\"https:\\\/\\\/www.link2fleet.com\\\/fr\\\/#website\",\"url\":\"https:\\\/\\\/www.link2fleet.com\\\/fr\\\/\",\"name\":\"Link2fleet\",\"description\":\"\",\"publisher\":{\"@id\":\"https:\\\/\\\/www.link2fleet.com\\\/fr\\\/#organization\"},\"potentialAction\":[{\"@type\":\"SearchAction\",\"target\":{\"@type\":\"EntryPoint\",\"urlTemplate\":\"https:\\\/\\\/www.link2fleet.com\\\/fr\\\/?s={search_term_string}\"},\"query-input\":{\"@type\":\"PropertyValueSpecification\",\"valueRequired\":true,\"valueName\":\"search_term_string\"}}],\"inLanguage\":\"fr-FR\"},{\"@type\":\"Organization\",\"@id\":\"https:\\\/\\\/www.link2fleet.com\\\/fr\\\/#organization\",\"name\":\"Link2fleet\",\"url\":\"https:\\\/\\\/www.link2fleet.com\\\/fr\\\/\",\"logo\":{\"@type\":\"ImageObject\",\"inLanguage\":\"fr-FR\",\"@id\":\"https:\\\/\\\/www.link2fleet.com\\\/fr\\\/#\\\/schema\\\/logo\\\/image\\\/\",\"url\":\"https:\\\/\\\/static.link2fleet.com\\\/wp-content\\\/uploads\\\/2024\\\/03\\\/share-image.jpg\",\"contentUrl\":\"https:\\\/\\\/static.link2fleet.com\\\/wp-content\\\/uploads\\\/2024\\\/03\\\/share-image.jpg\",\"width\":1200,\"height\":630,\"caption\":\"Link2fleet\"},\"image\":{\"@id\":\"https:\\\/\\\/www.link2fleet.com\\\/fr\\\/#\\\/schema\\\/logo\\\/image\\\/\"},\"sameAs\":[\"https:\\\/\\\/www.linkedin.com\\\/company\\\/link2fleet-belgium\",\"https:\\\/\\\/www.youtube.com\\\/user\\\/MMMBMBE\"]},{\"@type\":\"Person\",\"@id\":\"https:\\\/\\\/www.link2fleet.com\\\/fr\\\/#\\\/schema\\\/person\\\/877bc89c32c65772066cb11fe1e67bbf\",\"name\":\"Kevin Kersemans\",\"image\":{\"@type\":\"ImageObject\",\"inLanguage\":\"fr-FR\",\"@id\":\"https:\\\/\\\/secure.gravatar.com\\\/avatar\\\/b12f7d0f252688f677f4c181b6df65bf86880634bfcef3be42c82efcdb33d654?s=96&d=mm&r=g\",\"url\":\"https:\\\/\\\/secure.gravatar.com\\\/avatar\\\/b12f7d0f252688f677f4c181b6df65bf86880634bfcef3be42c82efcdb33d654?s=96&d=mm&r=g\",\"contentUrl\":\"https:\\\/\\\/secure.gravatar.com\\\/avatar\\\/b12f7d0f252688f677f4c181b6df65bf86880634bfcef3be42c82efcdb33d654?s=96&d=mm&r=g\",\"caption\":\"Kevin Kersemans\"},\"description\":\"Kevin Kersemans is autojournalist met al enkele decennia ervaring op de teller. Zijn passie voor auto's en alles op wielen heeft hij al van kindsbeen af. Voor link2fleet volgt hij vooral de auto-actualiteit en test hij nieuwe modellen.\"}]}<\/script>\n<!-- \/ Yoast SEO plugin. -->","yoast_head_json":{"title":"Nouveau Citro\u00ebn (\u00eb-)C3 Aircross: disponible en EV et avec 7 places - link2fleet","description":"Citro\u00ebn vient de d\u00e9voiler la nouvelle g\u00e9n\u00e9ration de son C3 Aircross. Celui-ci sera \u00e9galement disponible avec une motorisation 100% \u00e9lectrique, l&rsquo;\u00eb-C3 Aircross et sera, gr\u00e2ce\u2026","robots":{"index":"index","follow":"follow","max-snippet":"max-snippet:-1","max-image-preview":"max-image-preview:large","max-video-preview":"max-video-preview:-1"},"og_locale":"fr_FR","og_type":"article","og_title":"Nouveau Citro\u00ebn (\u00eb-)C3 Aircross: disponible en EV et avec 7 places - link2fleet","og_description":"Citro\u00ebn vient de d\u00e9voiler la nouvelle g\u00e9n\u00e9ration de son C3 Aircross. Celui-ci sera \u00e9galement disponible avec une motorisation 100% \u00e9lectrique, l&rsquo;\u00eb-C3 Aircross et sera, gr\u00e2ce\u2026","og_url":"https:\/\/www.link2fleet.com\/nieuwe-citroen-e-c3-aircross-beschikbaar-als-ev-met-7-zitplaatsen\/","og_site_name":"link2fleet","article_published_time":"2024-04-22T07:39:17+00:00","article_modified_time":"2024-04-22T08:04:05+00:00","og_image":[{"width":1000,"height":1000,"url":"https:\/\/static.link2fleet.com\/wp-content\/uploads\/2024\/04\/newcitroenec3aircross-78front-full.jpg","type":"image\/jpeg"}],"author":"Kevin Kersemans","twitter_card":"summary_large_image","twitter_description":"Citro\u00ebn vient de d\u00e9voiler la nouvelle g\u00e9n\u00e9ration de son C3 Aircross. Celui-ci sera \u00e9galement disponible avec une motorisation 100% \u00e9lectrique, l&rsquo;\u00eb-C3 Aircross et sera, gr\u00e2ce\u2026","twitter_misc":{"\u00c9crit par":"Kevin Kersemans","Dur\u00e9e de lecture estim\u00e9e":"2 minutes"},"schema":{"@context":"https:\/\/schema.org","@graph":[{"@type":"Article","@id":"https:\/\/www.link2fleet.com\/nieuwe-citroen-e-c3-aircross-beschikbaar-als-ev-met-7-zitplaatsen\/#article","isPartOf":{"@id":"https:\/\/www.link2fleet.com\/nieuwe-citroen-e-c3-aircross-beschikbaar-als-ev-met-7-zitplaatsen\/"},"author":{"name":"Kevin Kersemans","@id":"https:\/\/www.link2fleet.com\/fr\/#\/schema\/person\/877bc89c32c65772066cb11fe1e67bbf"},"headline":"Nouveau Citro\u00ebn (\u00eb-)C3 Aircross: disponible en EV et avec 7 places","datePublished":"2024-04-22T07:39:17+00:00","dateModified":"2024-04-22T08:04:05+00:00","mainEntityOfPage":{"@id":"https:\/\/www.link2fleet.com\/nieuwe-citroen-e-c3-aircross-beschikbaar-als-ev-met-7-zitplaatsen\/"},"wordCount":12,"publisher":{"@id":"https:\/\/www.link2fleet.com\/fr\/#organization"},"image":{"@id":"https:\/\/www.link2fleet.com\/nieuwe-citroen-e-c3-aircross-beschikbaar-als-ev-met-7-zitplaatsen\/#primaryimage"},"thumbnailUrl":"https:\/\/static.link2fleet.com\/wp-content\/uploads\/2024\/04\/newcitroenec3aircross-78front-full.jpg","articleSection":["Actus","Importateurs et constructeurs","V\u00e9hicules"],"inLanguage":"fr-FR"},{"@type":"WebPage","@id":"https:\/\/www.link2fleet.com\/nieuwe-citroen-e-c3-aircross-beschikbaar-als-ev-met-7-zitplaatsen\/","url":"https:\/\/www.link2fleet.com\/nieuwe-citroen-e-c3-aircross-beschikbaar-als-ev-met-7-zitplaatsen\/","name":"Nouveau Citro\u00ebn (\u00eb-)C3 Aircross: disponible en EV et avec 7 places - link2fleet","isPartOf":{"@id":"https:\/\/www.link2fleet.com\/fr\/#website"},"primaryImageOfPage":{"@id":"https:\/\/www.link2fleet.com\/nieuwe-citroen-e-c3-aircross-beschikbaar-als-ev-met-7-zitplaatsen\/#primaryimage"},"image":{"@id":"https:\/\/www.link2fleet.com\/nieuwe-citroen-e-c3-aircross-beschikbaar-als-ev-met-7-zitplaatsen\/#primaryimage"},"thumbnailUrl":"https:\/\/static.link2fleet.com\/wp-content\/uploads\/2024\/04\/newcitroenec3aircross-78front-full.jpg","datePublished":"2024-04-22T07:39:17+00:00","dateModified":"2024-04-22T08:04:05+00:00","breadcrumb":{"@id":"https:\/\/www.link2fleet.com\/nieuwe-citroen-e-c3-aircross-beschikbaar-als-ev-met-7-zitplaatsen\/#breadcrumb"},"inLanguage":"fr-FR","potentialAction":[{"@type":"ReadAction","target":["https:\/\/www.link2fleet.com\/nieuwe-citroen-e-c3-aircross-beschikbaar-als-ev-met-7-zitplaatsen\/"]}]},{"@type":"ImageObject","inLanguage":"fr-FR","@id":"https:\/\/www.link2fleet.com\/nieuwe-citroen-e-c3-aircross-beschikbaar-als-ev-met-7-zitplaatsen\/#primaryimage","url":"https:\/\/static.link2fleet.com\/wp-content\/uploads\/2024\/04\/newcitroenec3aircross-78front-full.jpg","contentUrl":"https:\/\/static.link2fleet.com\/wp-content\/uploads\/2024\/04\/newcitroenec3aircross-78front-full.jpg","width":1000,"height":1000},{"@type":"BreadcrumbList","@id":"https:\/\/www.link2fleet.com\/nieuwe-citroen-e-c3-aircross-beschikbaar-als-ev-met-7-zitplaatsen\/#breadcrumb","itemListElement":[{"@type":"ListItem","position":1,"name":"Home","item":"https:\/\/www.link2fleet.com\/fr\/"},{"@type":"ListItem","position":2,"name":"Nouveau Citro\u00ebn (\u00eb-)C3 Aircross: disponible en EV et avec 7 places"}]},{"@type":"WebSite","@id":"https:\/\/www.link2fleet.com\/fr\/#website","url":"https:\/\/www.link2fleet.com\/fr\/","name":"Link2fleet","description":"","publisher":{"@id":"https:\/\/www.link2fleet.com\/fr\/#organization"},"potentialAction":[{"@type":"SearchAction","target":{"@type":"EntryPoint","urlTemplate":"https:\/\/www.link2fleet.com\/fr\/?s={search_term_string}"},"query-input":{"@type":"PropertyValueSpecification","valueRequired":true,"valueName":"search_term_string"}}],"inLanguage":"fr-FR"},{"@type":"Organization","@id":"https:\/\/www.link2fleet.com\/fr\/#organization","name":"Link2fleet","url":"https:\/\/www.link2fleet.com\/fr\/","logo":{"@type":"ImageObject","inLanguage":"fr-FR","@id":"https:\/\/www.link2fleet.com\/fr\/#\/schema\/logo\/image\/","url":"https:\/\/static.link2fleet.com\/wp-content\/uploads\/2024\/03\/share-image.jpg","contentUrl":"https:\/\/static.link2fleet.com\/wp-content\/uploads\/2024\/03\/share-image.jpg","width":1200,"height":630,"caption":"Link2fleet"},"image":{"@id":"https:\/\/www.link2fleet.com\/fr\/#\/schema\/logo\/image\/"},"sameAs":["https:\/\/www.linkedin.com\/company\/link2fleet-belgium","https:\/\/www.youtube.com\/user\/MMMBMBE"]},{"@type":"Person","@id":"https:\/\/www.link2fleet.com\/fr\/#\/schema\/person\/877bc89c32c65772066cb11fe1e67bbf","name":"Kevin Kersemans","image":{"@type":"ImageObject","inLanguage":"fr-FR","@id":"https:\/\/secure.gravatar.com\/avatar\/b12f7d0f252688f677f4c181b6df65bf86880634bfcef3be42c82efcdb33d654?s=96&d=mm&r=g","url":"https:\/\/secure.gravatar.com\/avatar\/b12f7d0f252688f677f4c181b6df65bf86880634bfcef3be42c82efcdb33d654?s=96&d=mm&r=g","contentUrl":"https:\/\/secure.gravatar.com\/avatar\/b12f7d0f252688f677f4c181b6df65bf86880634bfcef3be42c82efcdb33d654?s=96&d=mm&r=g","caption":"Kevin Kersemans"},"description":"Kevin Kersemans is autojournalist met al enkele decennia ervaring op de teller. Zijn passie voor auto's en alles op wielen heeft hij al van kindsbeen af. Voor link2fleet volgt hij vooral de auto-actualiteit en test hij nieuwe modellen."}]}},"_links":{"self":[{"href":"https:\/\/www.link2fleet.com\/fr\/wp-json\/wp\/v2\/posts\/26548","targetHints":{"allow":["GET"]}}],"collection":[{"href":"https:\/\/www.link2fleet.com\/fr\/wp-json\/wp\/v2\/posts"}],"about":[{"href":"https:\/\/www.link2fleet.com\/fr\/wp-json\/wp\/v2\/types\/post"}],"author":[{"embeddable":true,"href":"https:\/\/www.link2fleet.com\/fr\/wp-json\/wp\/v2\/users\/49"}],"replies":[{"embeddable":true,"href":"https:\/\/www.link2fleet.com\/fr\/wp-json\/wp\/v2\/comments?post=26548"}],"version-history":[{"count":0,"href":"https:\/\/www.link2fleet.com\/fr\/wp-json\/wp\/v2\/posts\/26548\/revisions"}],"wp:featuredmedia":[{"embeddable":true,"href":"https:\/\/www.link2fleet.com\/fr\/wp-json\/wp\/v2\/media\/26534"}],"wp:attachment":[{"href":"https:\/\/www.link2fleet.com\/fr\/wp-json\/wp\/v2\/media?parent=26548"}],"wp:term":[{"taxonomy":"category","embeddable":true,"href":"https:\/\/www.link2fleet.com\/fr\/wp-json\/wp\/v2\/categories?post=26548"},{"taxonomy":"post_tag","embeddable":true,"href":"https:\/\/www.link2fleet.com\/fr\/wp-json\/wp\/v2\/tags?post=26548"}],"curies":[{"name":"wp","href":"https:\/\/api.w.org\/{rel}","templated":true}]}}