{"id":26595,"date":"2024-04-23T10:43:25","date_gmt":"2024-04-23T08:43:25","guid":{"rendered":"https:\/\/www.link2fleet.com\/?p=26595"},"modified":"2024-04-23T10:43:25","modified_gmt":"2024-04-23T08:43:25","slug":"fin-de-lusage-du-tarif-creg-stroohm-apporte-sa-solution","status":"publish","type":"post","link":"https:\/\/www.link2fleet.com\/fr\/fin-de-lusage-du-tarif-creg-stroohm-apporte-sa-solution\/","title":{"rendered":"Fin de l&rsquo;usage du tarif CREG: Stroohm apporte sa solution"},"content":{"rendered":"","protected":false},"excerpt":{"rendered":"","protected":false},"author":4,"featured_media":26596,"comment_status":"closed","ping_status":"closed","sticky":false,"template":"","format":"standard","meta":{"_acf_changed":false,"footnotes":""},"categories":[81,91],"tags":[],"class_list":["post-26595","post","type-post","status-publish","format-standard","has-post-thumbnail","hentry","category-gestion-de-carburant-et-energie","category-expertise-et-management"],"acf":[],"yoast_head":"<!-- This site is optimized with the Yoast SEO plugin v27.3 - https:\/\/yoast.com\/product\/yoast-seo-wordpress\/ -->\n<title>Fin de l&#039;usage du tarif CREG: Stroohm apporte sa solution - link2fleet<\/title>\n<meta name=\"description\" content=\"Dans plusieurs d\u00e9cisions, l&rsquo;administration fiscale a pr\u00e9cis\u00e9 qu&rsquo;elle ne d\u00e9rogeait pas au principe du remboursement des frais r\u00e9els lors de la recharge \u00e0 domicile. Cela\u2026\" \/>\n<meta name=\"robots\" content=\"index, follow, max-snippet:-1, max-image-preview:large, max-video-preview:-1\" \/>\n<meta property=\"og:locale\" content=\"fr_FR\" \/>\n<meta property=\"og:type\" content=\"article\" \/>\n<meta property=\"og:title\" content=\"Fin de l&#039;usage du tarif CREG: Stroohm apporte sa solution - link2fleet\" \/>\n<meta property=\"og:description\" content=\"Dans plusieurs d\u00e9cisions, l&rsquo;administration fiscale a pr\u00e9cis\u00e9 qu&rsquo;elle ne d\u00e9rogeait pas au principe du remboursement des frais r\u00e9els lors de la recharge \u00e0 domicile. Cela\u2026\" \/>\n<meta property=\"og:url\" content=\"https:\/\/www.link2fleet.com\/fin-de-lusage-du-tarif-creg-stroohm-apporte-sa-solution\/\" \/>\n<meta property=\"og:site_name\" content=\"link2fleet\" \/>\n<meta property=\"article:published_time\" content=\"2024-04-23T08:43:25+00:00\" \/>\n<meta property=\"og:image\" content=\"https:\/\/static.link2fleet.com\/wp-content\/uploads\/2024\/04\/stroohm-consultancy.jpeg\" \/>\n\t<meta property=\"og:image:width\" content=\"2265\" \/>\n\t<meta property=\"og:image:height\" content=\"1500\" \/>\n\t<meta property=\"og:image:type\" content=\"image\/jpeg\" \/>\n<meta name=\"author\" content=\"Damien Malvetti\" \/>\n<meta name=\"twitter:card\" content=\"summary_large_image\" \/>\n<meta name=\"twitter:description\" content=\"Dans plusieurs d\u00e9cisions, l&rsquo;administration fiscale a pr\u00e9cis\u00e9 qu&rsquo;elle ne d\u00e9rogeait pas au principe du remboursement des frais r\u00e9els lors de la recharge \u00e0 domicile. Cela\u2026\" \/>\n<meta name=\"twitter:label1\" content=\"\u00c9crit par\" \/>\n\t<meta name=\"twitter:data1\" content=\"Damien Malvetti\" \/>\n\t<meta name=\"twitter:label2\" content=\"Dur\u00e9e de lecture estim\u00e9e\" \/>\n\t<meta name=\"twitter:data2\" content=\"5 minutes\" \/>\n<script type=\"application\/ld+json\" class=\"yoast-schema-graph\">{\"@context\":\"https:\\\/\\\/schema.org\",\"@graph\":[{\"@type\":\"Article\",\"@id\":\"https:\\\/\\\/www.link2fleet.com\\\/fin-de-lusage-du-tarif-creg-stroohm-apporte-sa-solution\\\/#article\",\"isPartOf\":{\"@id\":\"https:\\\/\\\/www.link2fleet.com\\\/fin-de-lusage-du-tarif-creg-stroohm-apporte-sa-solution\\\/\"},\"author\":{\"name\":\"Damien Malvetti\",\"@id\":\"https:\\\/\\\/www.link2fleet.com\\\/fr\\\/#\\\/schema\\\/person\\\/027cd46113c78036b3809c9a054049da\"},\"headline\":\"Fin de l&rsquo;usage du tarif CREG: Stroohm apporte sa solution\",\"datePublished\":\"2024-04-23T08:43:25+00:00\",\"mainEntityOfPage\":{\"@id\":\"https:\\\/\\\/www.link2fleet.com\\\/fin-de-lusage-du-tarif-creg-stroohm-apporte-sa-solution\\\/\"},\"wordCount\":11,\"publisher\":{\"@id\":\"https:\\\/\\\/www.link2fleet.com\\\/fr\\\/#organization\"},\"image\":{\"@id\":\"https:\\\/\\\/www.link2fleet.com\\\/fin-de-lusage-du-tarif-creg-stroohm-apporte-sa-solution\\\/#primaryimage\"},\"thumbnailUrl\":\"https:\\\/\\\/static.link2fleet.com\\\/wp-content\\\/uploads\\\/2024\\\/04\\\/stroohm-consultancy.jpeg\",\"articleSection\":[\"Gestion carburant et de l'\u00e9nergie\",\"Gestion de flotte\"],\"inLanguage\":\"fr-FR\"},{\"@type\":\"WebPage\",\"@id\":\"https:\\\/\\\/www.link2fleet.com\\\/fin-de-lusage-du-tarif-creg-stroohm-apporte-sa-solution\\\/\",\"url\":\"https:\\\/\\\/www.link2fleet.com\\\/fin-de-lusage-du-tarif-creg-stroohm-apporte-sa-solution\\\/\",\"name\":\"Fin de l'usage du tarif CREG: Stroohm apporte sa solution - link2fleet\",\"isPartOf\":{\"@id\":\"https:\\\/\\\/www.link2fleet.com\\\/fr\\\/#website\"},\"primaryImageOfPage\":{\"@id\":\"https:\\\/\\\/www.link2fleet.com\\\/fin-de-lusage-du-tarif-creg-stroohm-apporte-sa-solution\\\/#primaryimage\"},\"image\":{\"@id\":\"https:\\\/\\\/www.link2fleet.com\\\/fin-de-lusage-du-tarif-creg-stroohm-apporte-sa-solution\\\/#primaryimage\"},\"thumbnailUrl\":\"https:\\\/\\\/static.link2fleet.com\\\/wp-content\\\/uploads\\\/2024\\\/04\\\/stroohm-consultancy.jpeg\",\"datePublished\":\"2024-04-23T08:43:25+00:00\",\"breadcrumb\":{\"@id\":\"https:\\\/\\\/www.link2fleet.com\\\/fin-de-lusage-du-tarif-creg-stroohm-apporte-sa-solution\\\/#breadcrumb\"},\"inLanguage\":\"fr-FR\",\"potentialAction\":[{\"@type\":\"ReadAction\",\"target\":[\"https:\\\/\\\/www.link2fleet.com\\\/fin-de-lusage-du-tarif-creg-stroohm-apporte-sa-solution\\\/\"]}]},{\"@type\":\"ImageObject\",\"inLanguage\":\"fr-FR\",\"@id\":\"https:\\\/\\\/www.link2fleet.com\\\/fin-de-lusage-du-tarif-creg-stroohm-apporte-sa-solution\\\/#primaryimage\",\"url\":\"https:\\\/\\\/static.link2fleet.com\\\/wp-content\\\/uploads\\\/2024\\\/04\\\/stroohm-consultancy.jpeg\",\"contentUrl\":\"https:\\\/\\\/static.link2fleet.com\\\/wp-content\\\/uploads\\\/2024\\\/04\\\/stroohm-consultancy.jpeg\",\"width\":2265,\"height\":1500},{\"@type\":\"BreadcrumbList\",\"@id\":\"https:\\\/\\\/www.link2fleet.com\\\/fin-de-lusage-du-tarif-creg-stroohm-apporte-sa-solution\\\/#breadcrumb\",\"itemListElement\":[{\"@type\":\"ListItem\",\"position\":1,\"name\":\"Home\",\"item\":\"https:\\\/\\\/www.link2fleet.com\\\/fr\\\/\"},{\"@type\":\"ListItem\",\"position\":2,\"name\":\"Fin de l&#8217;usage du tarif CREG: Stroohm apporte sa solution\"}]},{\"@type\":\"WebSite\",\"@id\":\"https:\\\/\\\/www.link2fleet.com\\\/fr\\\/#website\",\"url\":\"https:\\\/\\\/www.link2fleet.com\\\/fr\\\/\",\"name\":\"Link2fleet\",\"description\":\"\",\"publisher\":{\"@id\":\"https:\\\/\\\/www.link2fleet.com\\\/fr\\\/#organization\"},\"potentialAction\":[{\"@type\":\"SearchAction\",\"target\":{\"@type\":\"EntryPoint\",\"urlTemplate\":\"https:\\\/\\\/www.link2fleet.com\\\/fr\\\/?s={search_term_string}\"},\"query-input\":{\"@type\":\"PropertyValueSpecification\",\"valueRequired\":true,\"valueName\":\"search_term_string\"}}],\"inLanguage\":\"fr-FR\"},{\"@type\":\"Organization\",\"@id\":\"https:\\\/\\\/www.link2fleet.com\\\/fr\\\/#organization\",\"name\":\"Link2fleet\",\"url\":\"https:\\\/\\\/www.link2fleet.com\\\/fr\\\/\",\"logo\":{\"@type\":\"ImageObject\",\"inLanguage\":\"fr-FR\",\"@id\":\"https:\\\/\\\/www.link2fleet.com\\\/fr\\\/#\\\/schema\\\/logo\\\/image\\\/\",\"url\":\"https:\\\/\\\/static.link2fleet.com\\\/wp-content\\\/uploads\\\/2024\\\/03\\\/share-image.jpg\",\"contentUrl\":\"https:\\\/\\\/static.link2fleet.com\\\/wp-content\\\/uploads\\\/2024\\\/03\\\/share-image.jpg\",\"width\":1200,\"height\":630,\"caption\":\"Link2fleet\"},\"image\":{\"@id\":\"https:\\\/\\\/www.link2fleet.com\\\/fr\\\/#\\\/schema\\\/logo\\\/image\\\/\"},\"sameAs\":[\"https:\\\/\\\/www.linkedin.com\\\/company\\\/link2fleet-belgium\",\"https:\\\/\\\/www.youtube.com\\\/user\\\/MMMBMBE\"]},{\"@type\":\"Person\",\"@id\":\"https:\\\/\\\/www.link2fleet.com\\\/fr\\\/#\\\/schema\\\/person\\\/027cd46113c78036b3809c9a054049da\",\"name\":\"Damien Malvetti\",\"image\":{\"@type\":\"ImageObject\",\"inLanguage\":\"fr-FR\",\"@id\":\"https:\\\/\\\/secure.gravatar.com\\\/avatar\\\/dd8cc03b49466c735f753ac37f8caa371af16dfed347456ed61f02883255eebb?s=96&d=mm&r=g\",\"url\":\"https:\\\/\\\/secure.gravatar.com\\\/avatar\\\/dd8cc03b49466c735f753ac37f8caa371af16dfed347456ed61f02883255eebb?s=96&d=mm&r=g\",\"contentUrl\":\"https:\\\/\\\/secure.gravatar.com\\\/avatar\\\/dd8cc03b49466c735f753ac37f8caa371af16dfed347456ed61f02883255eebb?s=96&d=mm&r=g\",\"caption\":\"Damien Malvetti\"},\"description\":\"Damien Malvetti is opgeleid als journalist en gepassioneerd door wagens, technologie en mobiliteit. Hij is verantwoordelijk voor de redactionele inhoud van link2fleet en beschikt over een uitgebreide kennis van de fleet-sector en elektrische mobiliteit.\",\"sameAs\":[\"https:\\\/\\\/www.linkedin.com\\\/in\\\/damien-malvetti-56601142\\\/\"]}]}<\/script>\n<!-- \/ Yoast SEO plugin. -->","yoast_head_json":{"title":"Fin de l'usage du tarif CREG: Stroohm apporte sa solution - link2fleet","description":"Dans plusieurs d\u00e9cisions, l&rsquo;administration fiscale a pr\u00e9cis\u00e9 qu&rsquo;elle ne d\u00e9rogeait pas au principe du remboursement des frais r\u00e9els lors de la recharge \u00e0 domicile. Cela\u2026","robots":{"index":"index","follow":"follow","max-snippet":"max-snippet:-1","max-image-preview":"max-image-preview:large","max-video-preview":"max-video-preview:-1"},"og_locale":"fr_FR","og_type":"article","og_title":"Fin de l'usage du tarif CREG: Stroohm apporte sa solution - link2fleet","og_description":"Dans plusieurs d\u00e9cisions, l&rsquo;administration fiscale a pr\u00e9cis\u00e9 qu&rsquo;elle ne d\u00e9rogeait pas au principe du remboursement des frais r\u00e9els lors de la recharge \u00e0 domicile. Cela\u2026","og_url":"https:\/\/www.link2fleet.com\/fin-de-lusage-du-tarif-creg-stroohm-apporte-sa-solution\/","og_site_name":"link2fleet","article_published_time":"2024-04-23T08:43:25+00:00","og_image":[{"width":2265,"height":1500,"url":"https:\/\/static.link2fleet.com\/wp-content\/uploads\/2024\/04\/stroohm-consultancy.jpeg","type":"image\/jpeg"}],"author":"Damien Malvetti","twitter_card":"summary_large_image","twitter_description":"Dans plusieurs d\u00e9cisions, l&rsquo;administration fiscale a pr\u00e9cis\u00e9 qu&rsquo;elle ne d\u00e9rogeait pas au principe du remboursement des frais r\u00e9els lors de la recharge \u00e0 domicile. Cela\u2026","twitter_misc":{"\u00c9crit par":"Damien Malvetti","Dur\u00e9e de lecture estim\u00e9e":"5 minutes"},"schema":{"@context":"https:\/\/schema.org","@graph":[{"@type":"Article","@id":"https:\/\/www.link2fleet.com\/fin-de-lusage-du-tarif-creg-stroohm-apporte-sa-solution\/#article","isPartOf":{"@id":"https:\/\/www.link2fleet.com\/fin-de-lusage-du-tarif-creg-stroohm-apporte-sa-solution\/"},"author":{"name":"Damien Malvetti","@id":"https:\/\/www.link2fleet.com\/fr\/#\/schema\/person\/027cd46113c78036b3809c9a054049da"},"headline":"Fin de l&rsquo;usage du tarif CREG: Stroohm apporte sa solution","datePublished":"2024-04-23T08:43:25+00:00","mainEntityOfPage":{"@id":"https:\/\/www.link2fleet.com\/fin-de-lusage-du-tarif-creg-stroohm-apporte-sa-solution\/"},"wordCount":11,"publisher":{"@id":"https:\/\/www.link2fleet.com\/fr\/#organization"},"image":{"@id":"https:\/\/www.link2fleet.com\/fin-de-lusage-du-tarif-creg-stroohm-apporte-sa-solution\/#primaryimage"},"thumbnailUrl":"https:\/\/static.link2fleet.com\/wp-content\/uploads\/2024\/04\/stroohm-consultancy.jpeg","articleSection":["Gestion carburant et de l'\u00e9nergie","Gestion de flotte"],"inLanguage":"fr-FR"},{"@type":"WebPage","@id":"https:\/\/www.link2fleet.com\/fin-de-lusage-du-tarif-creg-stroohm-apporte-sa-solution\/","url":"https:\/\/www.link2fleet.com\/fin-de-lusage-du-tarif-creg-stroohm-apporte-sa-solution\/","name":"Fin de l'usage du tarif CREG: Stroohm apporte sa solution - link2fleet","isPartOf":{"@id":"https:\/\/www.link2fleet.com\/fr\/#website"},"primaryImageOfPage":{"@id":"https:\/\/www.link2fleet.com\/fin-de-lusage-du-tarif-creg-stroohm-apporte-sa-solution\/#primaryimage"},"image":{"@id":"https:\/\/www.link2fleet.com\/fin-de-lusage-du-tarif-creg-stroohm-apporte-sa-solution\/#primaryimage"},"thumbnailUrl":"https:\/\/static.link2fleet.com\/wp-content\/uploads\/2024\/04\/stroohm-consultancy.jpeg","datePublished":"2024-04-23T08:43:25+00:00","breadcrumb":{"@id":"https:\/\/www.link2fleet.com\/fin-de-lusage-du-tarif-creg-stroohm-apporte-sa-solution\/#breadcrumb"},"inLanguage":"fr-FR","potentialAction":[{"@type":"ReadAction","target":["https:\/\/www.link2fleet.com\/fin-de-lusage-du-tarif-creg-stroohm-apporte-sa-solution\/"]}]},{"@type":"ImageObject","inLanguage":"fr-FR","@id":"https:\/\/www.link2fleet.com\/fin-de-lusage-du-tarif-creg-stroohm-apporte-sa-solution\/#primaryimage","url":"https:\/\/static.link2fleet.com\/wp-content\/uploads\/2024\/04\/stroohm-consultancy.jpeg","contentUrl":"https:\/\/static.link2fleet.com\/wp-content\/uploads\/2024\/04\/stroohm-consultancy.jpeg","width":2265,"height":1500},{"@type":"BreadcrumbList","@id":"https:\/\/www.link2fleet.com\/fin-de-lusage-du-tarif-creg-stroohm-apporte-sa-solution\/#breadcrumb","itemListElement":[{"@type":"ListItem","position":1,"name":"Home","item":"https:\/\/www.link2fleet.com\/fr\/"},{"@type":"ListItem","position":2,"name":"Fin de l&#8217;usage du tarif CREG: Stroohm apporte sa solution"}]},{"@type":"WebSite","@id":"https:\/\/www.link2fleet.com\/fr\/#website","url":"https:\/\/www.link2fleet.com\/fr\/","name":"Link2fleet","description":"","publisher":{"@id":"https:\/\/www.link2fleet.com\/fr\/#organization"},"potentialAction":[{"@type":"SearchAction","target":{"@type":"EntryPoint","urlTemplate":"https:\/\/www.link2fleet.com\/fr\/?s={search_term_string}"},"query-input":{"@type":"PropertyValueSpecification","valueRequired":true,"valueName":"search_term_string"}}],"inLanguage":"fr-FR"},{"@type":"Organization","@id":"https:\/\/www.link2fleet.com\/fr\/#organization","name":"Link2fleet","url":"https:\/\/www.link2fleet.com\/fr\/","logo":{"@type":"ImageObject","inLanguage":"fr-FR","@id":"https:\/\/www.link2fleet.com\/fr\/#\/schema\/logo\/image\/","url":"https:\/\/static.link2fleet.com\/wp-content\/uploads\/2024\/03\/share-image.jpg","contentUrl":"https:\/\/static.link2fleet.com\/wp-content\/uploads\/2024\/03\/share-image.jpg","width":1200,"height":630,"caption":"Link2fleet"},"image":{"@id":"https:\/\/www.link2fleet.com\/fr\/#\/schema\/logo\/image\/"},"sameAs":["https:\/\/www.linkedin.com\/company\/link2fleet-belgium","https:\/\/www.youtube.com\/user\/MMMBMBE"]},{"@type":"Person","@id":"https:\/\/www.link2fleet.com\/fr\/#\/schema\/person\/027cd46113c78036b3809c9a054049da","name":"Damien Malvetti","image":{"@type":"ImageObject","inLanguage":"fr-FR","@id":"https:\/\/secure.gravatar.com\/avatar\/dd8cc03b49466c735f753ac37f8caa371af16dfed347456ed61f02883255eebb?s=96&d=mm&r=g","url":"https:\/\/secure.gravatar.com\/avatar\/dd8cc03b49466c735f753ac37f8caa371af16dfed347456ed61f02883255eebb?s=96&d=mm&r=g","contentUrl":"https:\/\/secure.gravatar.com\/avatar\/dd8cc03b49466c735f753ac37f8caa371af16dfed347456ed61f02883255eebb?s=96&d=mm&r=g","caption":"Damien Malvetti"},"description":"Damien Malvetti is opgeleid als journalist en gepassioneerd door wagens, technologie en mobiliteit. Hij is verantwoordelijk voor de redactionele inhoud van link2fleet en beschikt over een uitgebreide kennis van de fleet-sector en elektrische mobiliteit.","sameAs":["https:\/\/www.linkedin.com\/in\/damien-malvetti-56601142\/"]}]}},"_links":{"self":[{"href":"https:\/\/www.link2fleet.com\/fr\/wp-json\/wp\/v2\/posts\/26595","targetHints":{"allow":["GET"]}}],"collection":[{"href":"https:\/\/www.link2fleet.com\/fr\/wp-json\/wp\/v2\/posts"}],"about":[{"href":"https:\/\/www.link2fleet.com\/fr\/wp-json\/wp\/v2\/types\/post"}],"author":[{"embeddable":true,"href":"https:\/\/www.link2fleet.com\/fr\/wp-json\/wp\/v2\/users\/4"}],"replies":[{"embeddable":true,"href":"https:\/\/www.link2fleet.com\/fr\/wp-json\/wp\/v2\/comments?post=26595"}],"version-history":[{"count":0,"href":"https:\/\/www.link2fleet.com\/fr\/wp-json\/wp\/v2\/posts\/26595\/revisions"}],"wp:featuredmedia":[{"embeddable":true,"href":"https:\/\/www.link2fleet.com\/fr\/wp-json\/wp\/v2\/media\/26596"}],"wp:attachment":[{"href":"https:\/\/www.link2fleet.com\/fr\/wp-json\/wp\/v2\/media?parent=26595"}],"wp:term":[{"taxonomy":"category","embeddable":true,"href":"https:\/\/www.link2fleet.com\/fr\/wp-json\/wp\/v2\/categories?post=26595"},{"taxonomy":"post_tag","embeddable":true,"href":"https:\/\/www.link2fleet.com\/fr\/wp-json\/wp\/v2\/tags?post=26595"}],"curies":[{"name":"wp","href":"https:\/\/api.w.org\/{rel}","templated":true}]}}