{"id":26768,"date":"2024-05-06T10:10:03","date_gmt":"2024-05-06T08:10:03","guid":{"rendered":"https:\/\/www.link2fleet.com\/?p=26768"},"modified":"2024-06-04T17:05:26","modified_gmt":"2024-06-04T15:05:26","slug":"welke-modellen-komen-in-aanmerking-voor-de-vlaamse-ev-premie","status":"publish","type":"post","link":"https:\/\/www.link2fleet.com\/fr\/welke-modellen-komen-in-aanmerking-voor-de-vlaamse-ev-premie\/","title":{"rendered":"Prime flamande aux EV\u2019s: voici la liste des mod\u00e8les \u00e9ligibles"},"content":{"rendered":"","protected":false},"excerpt":{"rendered":"","protected":false},"author":49,"featured_media":27203,"comment_status":"closed","ping_status":"closed","sticky":false,"template":"","format":"standard","meta":{"_acf_changed":false,"footnotes":""},"categories":[135,76],"tags":[],"class_list":["post-26768","post","type-post","status-publish","format-standard","has-post-thumbnail","hentry","category-news-fr","category-car"],"acf":[],"yoast_head":"<!-- This site is optimized with the Yoast SEO plugin v27.3 - https:\/\/yoast.com\/product\/yoast-seo-wordpress\/ -->\n<title>Prime flamande aux EV\u2019s: voici la liste des mod\u00e8les \u00e9ligibles - link2fleet<\/title>\n<meta name=\"description\" content=\"Depuis le d\u00e9but de l&rsquo;ann\u00e9e, le Gouvernement flamand offre, dans certains cas, une prime pour l&rsquo;achat d&rsquo;un v\u00e9hicule \u00e9lectrique (VE) neuf dont le prix est\u2026\" \/>\n<meta name=\"robots\" content=\"index, follow, max-snippet:-1, max-image-preview:large, max-video-preview:-1\" \/>\n<meta property=\"og:locale\" content=\"fr_FR\" \/>\n<meta property=\"og:type\" content=\"article\" \/>\n<meta property=\"og:title\" content=\"Prime flamande aux EV\u2019s: voici la liste des mod\u00e8les \u00e9ligibles - link2fleet\" \/>\n<meta property=\"og:description\" content=\"Depuis le d\u00e9but de l&rsquo;ann\u00e9e, le Gouvernement flamand offre, dans certains cas, une prime pour l&rsquo;achat d&rsquo;un v\u00e9hicule \u00e9lectrique (VE) neuf dont le prix est\u2026\" \/>\n<meta property=\"og:url\" content=\"https:\/\/www.link2fleet.com\/welke-modellen-komen-in-aanmerking-voor-de-vlaamse-ev-premie\/\" \/>\n<meta property=\"og:site_name\" content=\"link2fleet\" \/>\n<meta property=\"article:published_time\" content=\"2024-05-06T08:10:03+00:00\" \/>\n<meta property=\"article:modified_time\" content=\"2024-06-04T15:05:26+00:00\" \/>\n<meta property=\"og:image\" content=\"https:\/\/static.link2fleet.com\/wp-content\/uploads\/2024\/04\/p90545656-lowres-mini-aceman-se-04-20.jpg\" \/>\n\t<meta property=\"og:image:width\" content=\"2250\" \/>\n\t<meta property=\"og:image:height\" content=\"1500\" \/>\n\t<meta property=\"og:image:type\" content=\"image\/jpeg\" \/>\n<meta name=\"author\" content=\"Kevin Kersemans\" \/>\n<meta name=\"twitter:card\" content=\"summary_large_image\" \/>\n<meta name=\"twitter:description\" content=\"Depuis le d\u00e9but de l&rsquo;ann\u00e9e, le Gouvernement flamand offre, dans certains cas, une prime pour l&rsquo;achat d&rsquo;un v\u00e9hicule \u00e9lectrique (VE) neuf dont le prix est\u2026\" \/>\n<meta name=\"twitter:label1\" content=\"\u00c9crit par\" \/>\n\t<meta name=\"twitter:data1\" content=\"Kevin Kersemans\" \/>\n\t<meta name=\"twitter:label2\" content=\"Dur\u00e9e de lecture estim\u00e9e\" \/>\n\t<meta name=\"twitter:data2\" content=\"27 minutes\" \/>\n<script type=\"application\/ld+json\" class=\"yoast-schema-graph\">{\"@context\":\"https:\\\/\\\/schema.org\",\"@graph\":[{\"@type\":\"Article\",\"@id\":\"https:\\\/\\\/www.link2fleet.com\\\/welke-modellen-komen-in-aanmerking-voor-de-vlaamse-ev-premie\\\/#article\",\"isPartOf\":{\"@id\":\"https:\\\/\\\/www.link2fleet.com\\\/welke-modellen-komen-in-aanmerking-voor-de-vlaamse-ev-premie\\\/\"},\"author\":{\"name\":\"Kevin Kersemans\",\"@id\":\"https:\\\/\\\/www.link2fleet.com\\\/fr\\\/#\\\/schema\\\/person\\\/877bc89c32c65772066cb11fe1e67bbf\"},\"headline\":\"Prime flamande aux EV\u2019s: voici la liste des mod\u00e8les \u00e9ligibles\",\"datePublished\":\"2024-05-06T08:10:03+00:00\",\"dateModified\":\"2024-06-04T15:05:26+00:00\",\"mainEntityOfPage\":{\"@id\":\"https:\\\/\\\/www.link2fleet.com\\\/welke-modellen-komen-in-aanmerking-voor-de-vlaamse-ev-premie\\\/\"},\"wordCount\":12,\"publisher\":{\"@id\":\"https:\\\/\\\/www.link2fleet.com\\\/fr\\\/#organization\"},\"image\":{\"@id\":\"https:\\\/\\\/www.link2fleet.com\\\/welke-modellen-komen-in-aanmerking-voor-de-vlaamse-ev-premie\\\/#primaryimage\"},\"thumbnailUrl\":\"https:\\\/\\\/static.link2fleet.com\\\/wp-content\\\/uploads\\\/2024\\\/04\\\/p90545656-lowres-mini-aceman-se-04-20.jpg\",\"articleSection\":[\"Actus\",\"V\u00e9hicules\"],\"inLanguage\":\"fr-FR\"},{\"@type\":\"WebPage\",\"@id\":\"https:\\\/\\\/www.link2fleet.com\\\/welke-modellen-komen-in-aanmerking-voor-de-vlaamse-ev-premie\\\/\",\"url\":\"https:\\\/\\\/www.link2fleet.com\\\/welke-modellen-komen-in-aanmerking-voor-de-vlaamse-ev-premie\\\/\",\"name\":\"Prime flamande aux EV\u2019s: voici la liste des mod\u00e8les \u00e9ligibles - link2fleet\",\"isPartOf\":{\"@id\":\"https:\\\/\\\/www.link2fleet.com\\\/fr\\\/#website\"},\"primaryImageOfPage\":{\"@id\":\"https:\\\/\\\/www.link2fleet.com\\\/welke-modellen-komen-in-aanmerking-voor-de-vlaamse-ev-premie\\\/#primaryimage\"},\"image\":{\"@id\":\"https:\\\/\\\/www.link2fleet.com\\\/welke-modellen-komen-in-aanmerking-voor-de-vlaamse-ev-premie\\\/#primaryimage\"},\"thumbnailUrl\":\"https:\\\/\\\/static.link2fleet.com\\\/wp-content\\\/uploads\\\/2024\\\/04\\\/p90545656-lowres-mini-aceman-se-04-20.jpg\",\"datePublished\":\"2024-05-06T08:10:03+00:00\",\"dateModified\":\"2024-06-04T15:05:26+00:00\",\"breadcrumb\":{\"@id\":\"https:\\\/\\\/www.link2fleet.com\\\/welke-modellen-komen-in-aanmerking-voor-de-vlaamse-ev-premie\\\/#breadcrumb\"},\"inLanguage\":\"fr-FR\",\"potentialAction\":[{\"@type\":\"ReadAction\",\"target\":[\"https:\\\/\\\/www.link2fleet.com\\\/welke-modellen-komen-in-aanmerking-voor-de-vlaamse-ev-premie\\\/\"]}]},{\"@type\":\"ImageObject\",\"inLanguage\":\"fr-FR\",\"@id\":\"https:\\\/\\\/www.link2fleet.com\\\/welke-modellen-komen-in-aanmerking-voor-de-vlaamse-ev-premie\\\/#primaryimage\",\"url\":\"https:\\\/\\\/static.link2fleet.com\\\/wp-content\\\/uploads\\\/2024\\\/04\\\/p90545656-lowres-mini-aceman-se-04-20.jpg\",\"contentUrl\":\"https:\\\/\\\/static.link2fleet.com\\\/wp-content\\\/uploads\\\/2024\\\/04\\\/p90545656-lowres-mini-aceman-se-04-20.jpg\",\"width\":2250,\"height\":1500},{\"@type\":\"BreadcrumbList\",\"@id\":\"https:\\\/\\\/www.link2fleet.com\\\/welke-modellen-komen-in-aanmerking-voor-de-vlaamse-ev-premie\\\/#breadcrumb\",\"itemListElement\":[{\"@type\":\"ListItem\",\"position\":1,\"name\":\"Home\",\"item\":\"https:\\\/\\\/www.link2fleet.com\\\/fr\\\/\"},{\"@type\":\"ListItem\",\"position\":2,\"name\":\"Prime flamande aux EV\u2019s: voici la liste des mod\u00e8les \u00e9ligibles\"}]},{\"@type\":\"WebSite\",\"@id\":\"https:\\\/\\\/www.link2fleet.com\\\/fr\\\/#website\",\"url\":\"https:\\\/\\\/www.link2fleet.com\\\/fr\\\/\",\"name\":\"Link2fleet\",\"description\":\"\",\"publisher\":{\"@id\":\"https:\\\/\\\/www.link2fleet.com\\\/fr\\\/#organization\"},\"potentialAction\":[{\"@type\":\"SearchAction\",\"target\":{\"@type\":\"EntryPoint\",\"urlTemplate\":\"https:\\\/\\\/www.link2fleet.com\\\/fr\\\/?s={search_term_string}\"},\"query-input\":{\"@type\":\"PropertyValueSpecification\",\"valueRequired\":true,\"valueName\":\"search_term_string\"}}],\"inLanguage\":\"fr-FR\"},{\"@type\":\"Organization\",\"@id\":\"https:\\\/\\\/www.link2fleet.com\\\/fr\\\/#organization\",\"name\":\"Link2fleet\",\"url\":\"https:\\\/\\\/www.link2fleet.com\\\/fr\\\/\",\"logo\":{\"@type\":\"ImageObject\",\"inLanguage\":\"fr-FR\",\"@id\":\"https:\\\/\\\/www.link2fleet.com\\\/fr\\\/#\\\/schema\\\/logo\\\/image\\\/\",\"url\":\"https:\\\/\\\/static.link2fleet.com\\\/wp-content\\\/uploads\\\/2024\\\/03\\\/share-image.jpg\",\"contentUrl\":\"https:\\\/\\\/static.link2fleet.com\\\/wp-content\\\/uploads\\\/2024\\\/03\\\/share-image.jpg\",\"width\":1200,\"height\":630,\"caption\":\"Link2fleet\"},\"image\":{\"@id\":\"https:\\\/\\\/www.link2fleet.com\\\/fr\\\/#\\\/schema\\\/logo\\\/image\\\/\"},\"sameAs\":[\"https:\\\/\\\/www.linkedin.com\\\/company\\\/link2fleet-belgium\",\"https:\\\/\\\/www.youtube.com\\\/user\\\/MMMBMBE\"]},{\"@type\":\"Person\",\"@id\":\"https:\\\/\\\/www.link2fleet.com\\\/fr\\\/#\\\/schema\\\/person\\\/877bc89c32c65772066cb11fe1e67bbf\",\"name\":\"Kevin Kersemans\",\"image\":{\"@type\":\"ImageObject\",\"inLanguage\":\"fr-FR\",\"@id\":\"https:\\\/\\\/secure.gravatar.com\\\/avatar\\\/b12f7d0f252688f677f4c181b6df65bf86880634bfcef3be42c82efcdb33d654?s=96&d=mm&r=g\",\"url\":\"https:\\\/\\\/secure.gravatar.com\\\/avatar\\\/b12f7d0f252688f677f4c181b6df65bf86880634bfcef3be42c82efcdb33d654?s=96&d=mm&r=g\",\"contentUrl\":\"https:\\\/\\\/secure.gravatar.com\\\/avatar\\\/b12f7d0f252688f677f4c181b6df65bf86880634bfcef3be42c82efcdb33d654?s=96&d=mm&r=g\",\"caption\":\"Kevin Kersemans\"},\"description\":\"Kevin Kersemans is autojournalist met al enkele decennia ervaring op de teller. Zijn passie voor auto's en alles op wielen heeft hij al van kindsbeen af. Voor link2fleet volgt hij vooral de auto-actualiteit en test hij nieuwe modellen.\"}]}<\/script>\n<!-- \/ Yoast SEO plugin. -->","yoast_head_json":{"title":"Prime flamande aux EV\u2019s: voici la liste des mod\u00e8les \u00e9ligibles - link2fleet","description":"Depuis le d\u00e9but de l&rsquo;ann\u00e9e, le Gouvernement flamand offre, dans certains cas, une prime pour l&rsquo;achat d&rsquo;un v\u00e9hicule \u00e9lectrique (VE) neuf dont le prix est\u2026","robots":{"index":"index","follow":"follow","max-snippet":"max-snippet:-1","max-image-preview":"max-image-preview:large","max-video-preview":"max-video-preview:-1"},"og_locale":"fr_FR","og_type":"article","og_title":"Prime flamande aux EV\u2019s: voici la liste des mod\u00e8les \u00e9ligibles - link2fleet","og_description":"Depuis le d\u00e9but de l&rsquo;ann\u00e9e, le Gouvernement flamand offre, dans certains cas, une prime pour l&rsquo;achat d&rsquo;un v\u00e9hicule \u00e9lectrique (VE) neuf dont le prix est\u2026","og_url":"https:\/\/www.link2fleet.com\/welke-modellen-komen-in-aanmerking-voor-de-vlaamse-ev-premie\/","og_site_name":"link2fleet","article_published_time":"2024-05-06T08:10:03+00:00","article_modified_time":"2024-06-04T15:05:26+00:00","og_image":[{"width":2250,"height":1500,"url":"https:\/\/static.link2fleet.com\/wp-content\/uploads\/2024\/04\/p90545656-lowres-mini-aceman-se-04-20.jpg","type":"image\/jpeg"}],"author":"Kevin Kersemans","twitter_card":"summary_large_image","twitter_description":"Depuis le d\u00e9but de l&rsquo;ann\u00e9e, le Gouvernement flamand offre, dans certains cas, une prime pour l&rsquo;achat d&rsquo;un v\u00e9hicule \u00e9lectrique (VE) neuf dont le prix est\u2026","twitter_misc":{"\u00c9crit par":"Kevin Kersemans","Dur\u00e9e de lecture estim\u00e9e":"27 minutes"},"schema":{"@context":"https:\/\/schema.org","@graph":[{"@type":"Article","@id":"https:\/\/www.link2fleet.com\/welke-modellen-komen-in-aanmerking-voor-de-vlaamse-ev-premie\/#article","isPartOf":{"@id":"https:\/\/www.link2fleet.com\/welke-modellen-komen-in-aanmerking-voor-de-vlaamse-ev-premie\/"},"author":{"name":"Kevin Kersemans","@id":"https:\/\/www.link2fleet.com\/fr\/#\/schema\/person\/877bc89c32c65772066cb11fe1e67bbf"},"headline":"Prime flamande aux EV\u2019s: voici la liste des mod\u00e8les \u00e9ligibles","datePublished":"2024-05-06T08:10:03+00:00","dateModified":"2024-06-04T15:05:26+00:00","mainEntityOfPage":{"@id":"https:\/\/www.link2fleet.com\/welke-modellen-komen-in-aanmerking-voor-de-vlaamse-ev-premie\/"},"wordCount":12,"publisher":{"@id":"https:\/\/www.link2fleet.com\/fr\/#organization"},"image":{"@id":"https:\/\/www.link2fleet.com\/welke-modellen-komen-in-aanmerking-voor-de-vlaamse-ev-premie\/#primaryimage"},"thumbnailUrl":"https:\/\/static.link2fleet.com\/wp-content\/uploads\/2024\/04\/p90545656-lowres-mini-aceman-se-04-20.jpg","articleSection":["Actus","V\u00e9hicules"],"inLanguage":"fr-FR"},{"@type":"WebPage","@id":"https:\/\/www.link2fleet.com\/welke-modellen-komen-in-aanmerking-voor-de-vlaamse-ev-premie\/","url":"https:\/\/www.link2fleet.com\/welke-modellen-komen-in-aanmerking-voor-de-vlaamse-ev-premie\/","name":"Prime flamande aux EV\u2019s: voici la liste des mod\u00e8les \u00e9ligibles - link2fleet","isPartOf":{"@id":"https:\/\/www.link2fleet.com\/fr\/#website"},"primaryImageOfPage":{"@id":"https:\/\/www.link2fleet.com\/welke-modellen-komen-in-aanmerking-voor-de-vlaamse-ev-premie\/#primaryimage"},"image":{"@id":"https:\/\/www.link2fleet.com\/welke-modellen-komen-in-aanmerking-voor-de-vlaamse-ev-premie\/#primaryimage"},"thumbnailUrl":"https:\/\/static.link2fleet.com\/wp-content\/uploads\/2024\/04\/p90545656-lowres-mini-aceman-se-04-20.jpg","datePublished":"2024-05-06T08:10:03+00:00","dateModified":"2024-06-04T15:05:26+00:00","breadcrumb":{"@id":"https:\/\/www.link2fleet.com\/welke-modellen-komen-in-aanmerking-voor-de-vlaamse-ev-premie\/#breadcrumb"},"inLanguage":"fr-FR","potentialAction":[{"@type":"ReadAction","target":["https:\/\/www.link2fleet.com\/welke-modellen-komen-in-aanmerking-voor-de-vlaamse-ev-premie\/"]}]},{"@type":"ImageObject","inLanguage":"fr-FR","@id":"https:\/\/www.link2fleet.com\/welke-modellen-komen-in-aanmerking-voor-de-vlaamse-ev-premie\/#primaryimage","url":"https:\/\/static.link2fleet.com\/wp-content\/uploads\/2024\/04\/p90545656-lowres-mini-aceman-se-04-20.jpg","contentUrl":"https:\/\/static.link2fleet.com\/wp-content\/uploads\/2024\/04\/p90545656-lowres-mini-aceman-se-04-20.jpg","width":2250,"height":1500},{"@type":"BreadcrumbList","@id":"https:\/\/www.link2fleet.com\/welke-modellen-komen-in-aanmerking-voor-de-vlaamse-ev-premie\/#breadcrumb","itemListElement":[{"@type":"ListItem","position":1,"name":"Home","item":"https:\/\/www.link2fleet.com\/fr\/"},{"@type":"ListItem","position":2,"name":"Prime flamande aux EV\u2019s: voici la liste des mod\u00e8les \u00e9ligibles"}]},{"@type":"WebSite","@id":"https:\/\/www.link2fleet.com\/fr\/#website","url":"https:\/\/www.link2fleet.com\/fr\/","name":"Link2fleet","description":"","publisher":{"@id":"https:\/\/www.link2fleet.com\/fr\/#organization"},"potentialAction":[{"@type":"SearchAction","target":{"@type":"EntryPoint","urlTemplate":"https:\/\/www.link2fleet.com\/fr\/?s={search_term_string}"},"query-input":{"@type":"PropertyValueSpecification","valueRequired":true,"valueName":"search_term_string"}}],"inLanguage":"fr-FR"},{"@type":"Organization","@id":"https:\/\/www.link2fleet.com\/fr\/#organization","name":"Link2fleet","url":"https:\/\/www.link2fleet.com\/fr\/","logo":{"@type":"ImageObject","inLanguage":"fr-FR","@id":"https:\/\/www.link2fleet.com\/fr\/#\/schema\/logo\/image\/","url":"https:\/\/static.link2fleet.com\/wp-content\/uploads\/2024\/03\/share-image.jpg","contentUrl":"https:\/\/static.link2fleet.com\/wp-content\/uploads\/2024\/03\/share-image.jpg","width":1200,"height":630,"caption":"Link2fleet"},"image":{"@id":"https:\/\/www.link2fleet.com\/fr\/#\/schema\/logo\/image\/"},"sameAs":["https:\/\/www.linkedin.com\/company\/link2fleet-belgium","https:\/\/www.youtube.com\/user\/MMMBMBE"]},{"@type":"Person","@id":"https:\/\/www.link2fleet.com\/fr\/#\/schema\/person\/877bc89c32c65772066cb11fe1e67bbf","name":"Kevin Kersemans","image":{"@type":"ImageObject","inLanguage":"fr-FR","@id":"https:\/\/secure.gravatar.com\/avatar\/b12f7d0f252688f677f4c181b6df65bf86880634bfcef3be42c82efcdb33d654?s=96&d=mm&r=g","url":"https:\/\/secure.gravatar.com\/avatar\/b12f7d0f252688f677f4c181b6df65bf86880634bfcef3be42c82efcdb33d654?s=96&d=mm&r=g","contentUrl":"https:\/\/secure.gravatar.com\/avatar\/b12f7d0f252688f677f4c181b6df65bf86880634bfcef3be42c82efcdb33d654?s=96&d=mm&r=g","caption":"Kevin Kersemans"},"description":"Kevin Kersemans is autojournalist met al enkele decennia ervaring op de teller. Zijn passie voor auto's en alles op wielen heeft hij al van kindsbeen af. Voor link2fleet volgt hij vooral de auto-actualiteit en test hij nieuwe modellen."}]}},"_links":{"self":[{"href":"https:\/\/www.link2fleet.com\/fr\/wp-json\/wp\/v2\/posts\/26768","targetHints":{"allow":["GET"]}}],"collection":[{"href":"https:\/\/www.link2fleet.com\/fr\/wp-json\/wp\/v2\/posts"}],"about":[{"href":"https:\/\/www.link2fleet.com\/fr\/wp-json\/wp\/v2\/types\/post"}],"author":[{"embeddable":true,"href":"https:\/\/www.link2fleet.com\/fr\/wp-json\/wp\/v2\/users\/49"}],"replies":[{"embeddable":true,"href":"https:\/\/www.link2fleet.com\/fr\/wp-json\/wp\/v2\/comments?post=26768"}],"version-history":[{"count":0,"href":"https:\/\/www.link2fleet.com\/fr\/wp-json\/wp\/v2\/posts\/26768\/revisions"}],"wp:featuredmedia":[{"embeddable":true,"href":"https:\/\/www.link2fleet.com\/fr\/wp-json\/wp\/v2\/media\/27203"}],"wp:attachment":[{"href":"https:\/\/www.link2fleet.com\/fr\/wp-json\/wp\/v2\/media?parent=26768"}],"wp:term":[{"taxonomy":"category","embeddable":true,"href":"https:\/\/www.link2fleet.com\/fr\/wp-json\/wp\/v2\/categories?post=26768"},{"taxonomy":"post_tag","embeddable":true,"href":"https:\/\/www.link2fleet.com\/fr\/wp-json\/wp\/v2\/tags?post=26768"}],"curies":[{"name":"wp","href":"https:\/\/api.w.org\/{rel}","templated":true}]}}