{"id":2684,"date":"2020-09-03T15:35:34","date_gmt":"2020-09-03T13:35:34","guid":{"rendered":"https:\/\/www.link2fleet.com\/essai-fiat-500-electrique-avant-gout-dynamique-exclusif\/"},"modified":"2024-04-17T16:52:39","modified_gmt":"2024-04-17T14:52:39","slug":"essai-fiat-500-electrique-avant-gout-dynamique-exclusif","status":"publish","type":"post","link":"https:\/\/www.link2fleet.com\/fr\/essai-fiat-500-electrique-avant-gout-dynamique-exclusif\/","title":{"rendered":"Essai Fiat 500 \u00e9lectrique : avant-go\u00fbt dynamique exclusif"},"content":{"rendered":"\n<p>Les petites citadines comme la Mini ou la Fiat 500 arrivent enfin en version tout \u00e9lectrique. Et de son c\u00f4t\u00e9, Fiat a bien pris le temps pour mettre au point la technique qui se cache sous la robe de la nouvelle 500, plus longue et plus large de 6 cm environ que la 2<sup>e<\/sup> g\u00e9n\u00e9ration toujours commercialis\u00e9e avec des moteurs \u00e0 essence. Ceci lui permet d\u2019accueillir un pack de batterie d\u2019une capacit\u00e9 de 42 kWh, promettant, sur papier, 320 km d\u2019autonomie WLTP et m\u00eame jusqu\u2019\u00e0 468 km en conditions urbaines uniquement. Pour une si petite voiture, c\u2019est bluffant&nbsp;! Et ce qui est encore plus impressionnant, c\u2019est que lors de notre essai d\u2019une trentaine de km dans les rues de Turin, notre consommation d\u2019\u00e9lectricit\u00e9 a \u00e9t\u00e9 quelque peu inf\u00e9rieure \u00e0 ce que Fiat annonce&nbsp;: 13,3 kWh\/100 km contre 13,8 kWh\/100 km sur papier. C\u2019est donc vraiment prometteur&nbsp;!<\/p>\n\n\n\n<figure class=\"wp-block-image\"><img decoding=\"async\" src=\"https:\/\/www.link2fleet.com\/wp-content\/uploads\/2020\/09\/New-500-pre-series-17-1024x683.jpg\" alt=\"\" class=\"wp-image-1259494\"\/><figcaption>La Fiat 500 \u00e9lectrique sera propos\u00e9e en berline et en cabrio.<\/figcaption><\/figure>\n\n\n\n<h2 class=\"wp-block-heading\">3 modes totalement diff\u00e9rents <\/h2>\n\n\n\n<p>Pour atteindre pareil r\u00e9sultat, nous avons d\u00e9but\u00e9 notre essai en mode \u00ab&nbsp;Normal&nbsp;\u00bb, profitant de 87 kW\/118 ch de puissance. Mais assez vite, apr\u00e8s avoir perdu 2% d\u2019autonomie, nous avons bascul\u00e9 sur le mode \u00ab&nbsp;Range&nbsp;\u00bb qui permet de r\u00e9cup\u00e9rer de l\u2019\u00e9nergie \u00e0 chaque d\u00e9c\u00e9l\u00e9ration. De la sorte, on ne doit plus toucher aux freins&nbsp;! La r\u00e9g\u00e9n\u00e9ration est tellement intense quand on l\u00e8ve la p\u00e9dale de droite, que la 500 \u00e9lectrique s\u2019arr\u00eate au bout de quelques m\u00e8tres. Ce mode de conduite \u00e0 une p\u00e9dale, d\u00e9j\u00e0 vu sur la Nissan Leaf par exemple, permet vraiment d\u2019anticiper et de r\u00e9aliser de jolis scores de consommation. Et dire que nous n\u2019avons m\u00eame pas essay\u00e9 le mode \u00ab&nbsp;Sherpa&nbsp;\u00bb le plus \u00e9conome qui r\u00e9duit la puissance \u00e0 57 kW\/77 ch et la vitesse maximale de 150 \u00e0 80 km\/h&nbsp;! Ce sera pour octobre, d\u00e8s le d\u00e9but de la commercialisation. <\/p>\n\n\n\n<figure class=\"wp-block-image\"><img decoding=\"async\" src=\"https:\/\/www.link2fleet.com\/wp-content\/uploads\/2020\/09\/New-500-pre-series-19-1-1024x683.jpg\" alt=\"\" class=\"wp-image-1259500\"\/><figcaption>La dur\u00e9e de recharge varie entre 35 minutes (rapide, prise de Type 4) et 15h environ (prise domestique de Type 2).<\/figcaption><\/figure>\n\n\n\n<h2 class=\"wp-block-heading\">BILAN FLEET<\/h2>\n\n\n\n<p>Les prix des diff\u00e9rents mod\u00e8les de la gamme 500 \u00e9lectrique ne sont pas encore connus. Il faudra attendre octobre, bien que nous sachions d\u00e9j\u00e0 qu\u2019ils seront inf\u00e9rieurs \u00e0 34.900 \u20ac (prix de l\u2019\u00e9dition de lancement berline \u00ab&nbsp;la Prima&nbsp;\u00bb). Mais pour un usage urbain, on ne voit pas comment les diff\u00e9rentes soci\u00e9t\u00e9s de leasing ou m\u00eame les entreprises pourraient passer \u00e0 c\u00f4t\u00e9 de cette nouvelle arrivante sur le march\u00e9 de l\u2019\u00e9lectrique. Car son rapport autonomie\/encombrement est tout simplement imbattable. Vivement un essai plus long et plus d\u00e9taill\u00e9&nbsp;! <\/p>\n\n\n\n<figure class=\"wp-block-image\"><img decoding=\"async\" src=\"https:\/\/www.link2fleet.com\/wp-content\/uploads\/2020\/09\/New-500-pre-series-21-1-1024x683.jpg\" alt=\"\" class=\"wp-image-1259502\"\/><figcaption>L&rsquo;habitacle, plus large de 42 mm, a \u00e9t\u00e9 compl\u00e8tement revu et se montre bien plus accueillant, avec plein d&rsquo;espaces de rangement. <\/figcaption><\/figure>\n\n\n\n<p><strong>Fiche\ntechnique<\/strong><\/p>\n\n\n\n<p><strong>Fiat New\n500 \u00e9lectrique<\/strong><\/p>\n\n\n\n<table class=\"wp-block-table\"><tbody><tr><td>\n  <strong>INFORMATIONS TECHNIQUES<\/strong>\n  <\/td><td>\n  <strong>&nbsp;<\/strong>\n  <\/td><\/tr><tr><td>\n  <strong>Carburant <\/strong>\n  <\/td><td>\n  Electricit\u00e9\n  <\/td><\/tr><tr><td>\n  <strong>Puissance<\/strong>\n  <\/td><td>\n  87 kW &#8211; 118\n  ch \n  <\/td><\/tr><tr><td>\n  <strong>Couple maximum <\/strong>\n  <\/td><td>\n  220 Nm \n  <\/td><\/tr><tr><td>\n  <strong>Poids \u00e0 vide<\/strong>\n  <\/td><td>\n  1.290 kg \n  <\/td><\/tr><tr><td>\n  <strong>Volume du coffre<\/strong>\n  <\/td><td>\n  185 l \n  <\/td><\/tr><tr><td>\n  <strong>Autonomie<\/strong>\n  <\/td><td>\n  320 km\n  <\/td><\/tr><tr><td>\n  <strong>Consommation moyenne<\/strong>\n  <\/td><td>\n  13,8 kWh\/100 km\n  <\/td><\/tr><tr><td>\n  <strong>Emission CO<sub>2<\/sub><\/strong>\n  <\/td><td>\n  0 g\/km\n  <\/td><\/tr><tr><td>\n  <strong>Vitesse maximale<\/strong>\n  <\/td><td>\n  150 km\/h\n  <\/td><\/tr><tr><td>\n  <strong>Capacit\u00e9 de la batterie<\/strong>\n  <\/td><td>\n  42 kWh \n  <\/td><\/tr><\/tbody><\/table>\n\n\n\n<table class=\"wp-block-table\"><tbody><tr><td>\n  <strong>INFORMATIONS DE GESTION<\/strong>\n  <\/td><\/tr><tr><td>\n  <strong>Prix de base HTVA<\/strong>\n  <\/td><td>\n  Octobre \u201820\n  <\/td><\/tr><tr><td>\n  <strong>Prix de base TVAC<\/strong>\n  <\/td><td>\n  Octobre \u201820\n  <\/td><\/tr><tr><td>\n  <strong>Puissance fiscale<\/strong>\n  <\/td><td>\n  \/\n  <\/td><\/tr><tr><td>\n  <strong>TMC (Bruxelles, Wallonie, Leasing)<\/strong>\n  <\/td><td>\n  61,50 \u20ac\n  <\/td><\/tr><tr><td>\n  <strong>BIV (Flandre)<\/strong>\n  <\/td><td>\n  0 \u20ac \n  <\/td><\/tr><tr><td>\n  <strong>Taxe de circulation (Bruxelles, Wallonie)<\/strong>\n  <\/td><td>\n  83,56 \u20ac\n  <\/td><\/tr><tr><td>\n  <strong>Taxe de circulation (Flandre)<\/strong>\n  <\/td><td>\n  0 \u20ac\n  <\/td><\/tr><tr><td>\n  <strong>D\u00e9ductibilit\u00e9 fiscale<\/strong>\n  <\/td><td>\n  100 %\n  <\/td><\/tr><tr><td>\n  <strong>ATN utilisateur<\/strong>\n  <\/td><td>\n  Octobre \u201820\n  <\/td><\/tr><tr><td>\n  <strong>D\u00e9penses non-admises<\/strong>\n  <\/td><td>\n  Octobre \u201820\n  <\/td><\/tr><tr><td>\n  <strong>Taxe CO<sub>2<\/sub><\/strong>\n  <\/td><td>\n  326,88 \u20ac\n  <\/td><\/tr><\/tbody><\/table>\n\n\n\n<ul class=\"wp-block-gallery columns-3 is-cropped wp-block-gallery-1 is-layout-flex wp-block-gallery-is-layout-flex\"><li class=\"blocks-gallery-item\"><figure><img decoding=\"async\" src=\"https:\/\/www.link2fleet.com\/wp-content\/uploads\/2020\/09\/New-500-pre-series-2-1024x683.jpg\" alt=\"\" data-id=\"1259492\" data-link=\"https:\/\/www.link2fleet.com\/fr\/?attachment_id=1259492\" class=\"wp-image-1259492\"\/><\/figure><\/li><li class=\"blocks-gallery-item\"><figure><img decoding=\"async\" src=\"https:\/\/www.link2fleet.com\/wp-content\/uploads\/2020\/09\/New-500-pre-series-17-1024x683.jpg\" alt=\"\" data-id=\"1259494\" data-link=\"https:\/\/www.link2fleet.com\/fr\/?attachment_id=1259494\" class=\"wp-image-1259494\"\/><\/figure><\/li><li class=\"blocks-gallery-item\"><figure><img decoding=\"async\" src=\"https:\/\/www.link2fleet.com\/wp-content\/uploads\/2020\/09\/New-500-pre-series-19-1024x683.jpg\" alt=\"\" data-id=\"1259496\" data-link=\"https:\/\/www.link2fleet.com\/fr\/?attachment_id=1259496\" class=\"wp-image-1259496\"\/><\/figure><\/li><li class=\"blocks-gallery-item\"><figure><img decoding=\"async\" src=\"https:\/\/www.link2fleet.com\/wp-content\/uploads\/2020\/09\/New-500-pre-series-21-1024x683.jpg\" alt=\"\" data-id=\"1259498\" data-link=\"https:\/\/www.link2fleet.com\/fr\/?attachment_id=1259498\" class=\"wp-image-1259498\"\/><\/figure><\/li><\/ul>\n","protected":false},"excerpt":{"rendered":"<p>Les petites citadines comme la Mini ou la Fiat 500 arrivent enfin en version tout \u00e9lectrique. Et de son c\u00f4t\u00e9, Fiat a bien pris le temps pour mettre au point la technique qui se cache sous la robe de la nouvelle 500, plus longue et plus large de 6 cm environ que la 2e g\u00e9n\u00e9ration [&hellip;]<\/p>\n","protected":false},"author":18,"featured_media":2685,"comment_status":"closed","ping_status":"closed","sticky":false,"template":"","format":"standard","meta":{"_acf_changed":false,"footnotes":""},"categories":[77,76],"tags":[],"class_list":["post-2684","post","type-post","status-publish","format-standard","has-post-thumbnail","hentry","category-importateurs-et-constructeurs-automobiles-vp","category-car"],"acf":[],"yoast_head":"<!-- This site is optimized with the Yoast SEO plugin v27.3 - https:\/\/yoast.com\/product\/yoast-seo-wordpress\/ -->\n<title>Essai Fiat 500 \u00e9lectrique : avant-go\u00fbt dynamique exclusif - link2fleet<\/title>\n<meta name=\"description\" content=\"Fin ao\u00fbt, quelques journalistes europ\u00e9ens ont \u00e9t\u00e9 tri\u00e9s sur le volet pour tester une version de pr\u00e9s\u00e9rie de la Fiat 500 \u00e9lectrique. Link2fleet y \u00e9tait\u2026\" \/>\n<meta name=\"robots\" content=\"index, follow, max-snippet:-1, max-image-preview:large, max-video-preview:-1\" \/>\n<meta property=\"og:locale\" content=\"fr_FR\" \/>\n<meta property=\"og:type\" content=\"article\" \/>\n<meta property=\"og:title\" content=\"Essai Fiat 500 \u00e9lectrique : avant-go\u00fbt dynamique exclusif - link2fleet\" \/>\n<meta property=\"og:description\" content=\"Fin ao\u00fbt, quelques journalistes europ\u00e9ens ont \u00e9t\u00e9 tri\u00e9s sur le volet pour tester une version de pr\u00e9s\u00e9rie de la Fiat 500 \u00e9lectrique. Link2fleet y \u00e9tait\u2026\" \/>\n<meta property=\"og:url\" content=\"https:\/\/www.link2fleet.com\/fr\/essai-fiat-500-electrique-avant-gout-dynamique-exclusif\/\" \/>\n<meta property=\"og:site_name\" content=\"link2fleet\" \/>\n<meta property=\"article:published_time\" content=\"2020-09-03T13:35:34+00:00\" \/>\n<meta property=\"article:modified_time\" content=\"2024-04-17T14:52:39+00:00\" \/>\n<meta property=\"og:image\" content=\"https:\/\/static.link2fleet.com\/wp-content\/uploads\/2024\/03\/new-500-pre-series-2.jpg\" \/>\n\t<meta property=\"og:image:width\" content=\"1024\" \/>\n\t<meta property=\"og:image:height\" content=\"683\" \/>\n\t<meta property=\"og:image:type\" content=\"image\/jpeg\" \/>\n<meta name=\"author\" content=\"Maxime Pasture\" \/>\n<meta name=\"twitter:card\" content=\"summary_large_image\" \/>\n<meta name=\"twitter:description\" content=\"Fin ao\u00fbt, quelques journalistes europ\u00e9ens ont \u00e9t\u00e9 tri\u00e9s sur le volet pour tester une version de pr\u00e9s\u00e9rie de la Fiat 500 \u00e9lectrique. Link2fleet y \u00e9tait\u2026\" \/>\n<meta name=\"twitter:label1\" content=\"\u00c9crit par\" \/>\n\t<meta name=\"twitter:data1\" content=\"Journaliste de formation, Maxime est tr\u00e8s curieux mais surtout passionn\u00e9 d&#039;automobile. Sa curiosit\u00e9 l&#039;am\u00e8ne \u00e0 traiter de sujets divers et vari\u00e9s li\u00e9s \u00e0 la mobilit\u00e9 au sens large et bien plus encore !\" \/>\n\t<meta name=\"twitter:label2\" content=\"Dur\u00e9e de lecture estim\u00e9e\" \/>\n\t<meta name=\"twitter:data2\" content=\"3 minutes\" \/>\n<script type=\"application\/ld+json\" class=\"yoast-schema-graph\">{\"@context\":\"https:\\\/\\\/schema.org\",\"@graph\":[{\"@type\":\"Article\",\"@id\":\"https:\\\/\\\/www.link2fleet.com\\\/fr\\\/essai-fiat-500-electrique-avant-gout-dynamique-exclusif\\\/#article\",\"isPartOf\":{\"@id\":\"https:\\\/\\\/www.link2fleet.com\\\/fr\\\/essai-fiat-500-electrique-avant-gout-dynamique-exclusif\\\/\"},\"author\":{\"name\":\"Maxime Pasture\",\"@id\":\"https:\\\/\\\/www.link2fleet.com\\\/fr\\\/#\\\/schema\\\/person\\\/36f3d48d12a83e110d72b602b5bebc11\"},\"headline\":\"Essai Fiat 500 \u00e9lectrique : avant-go\u00fbt dynamique exclusif\",\"datePublished\":\"2020-09-03T13:35:34+00:00\",\"dateModified\":\"2024-04-17T14:52:39+00:00\",\"mainEntityOfPage\":{\"@id\":\"https:\\\/\\\/www.link2fleet.com\\\/fr\\\/essai-fiat-500-electrique-avant-gout-dynamique-exclusif\\\/\"},\"wordCount\":570,\"publisher\":{\"@id\":\"https:\\\/\\\/www.link2fleet.com\\\/fr\\\/#organization\"},\"image\":{\"@id\":\"https:\\\/\\\/www.link2fleet.com\\\/fr\\\/essai-fiat-500-electrique-avant-gout-dynamique-exclusif\\\/#primaryimage\"},\"thumbnailUrl\":\"https:\\\/\\\/static.link2fleet.com\\\/wp-content\\\/uploads\\\/2024\\\/03\\\/new-500-pre-series-2.jpg\",\"articleSection\":[\"Importateurs et constructeurs\",\"V\u00e9hicules\"],\"inLanguage\":\"fr-FR\"},{\"@type\":\"WebPage\",\"@id\":\"https:\\\/\\\/www.link2fleet.com\\\/fr\\\/essai-fiat-500-electrique-avant-gout-dynamique-exclusif\\\/\",\"url\":\"https:\\\/\\\/www.link2fleet.com\\\/fr\\\/essai-fiat-500-electrique-avant-gout-dynamique-exclusif\\\/\",\"name\":\"Essai Fiat 500 \u00e9lectrique : avant-go\u00fbt dynamique exclusif - link2fleet\",\"isPartOf\":{\"@id\":\"https:\\\/\\\/www.link2fleet.com\\\/fr\\\/#website\"},\"primaryImageOfPage\":{\"@id\":\"https:\\\/\\\/www.link2fleet.com\\\/fr\\\/essai-fiat-500-electrique-avant-gout-dynamique-exclusif\\\/#primaryimage\"},\"image\":{\"@id\":\"https:\\\/\\\/www.link2fleet.com\\\/fr\\\/essai-fiat-500-electrique-avant-gout-dynamique-exclusif\\\/#primaryimage\"},\"thumbnailUrl\":\"https:\\\/\\\/static.link2fleet.com\\\/wp-content\\\/uploads\\\/2024\\\/03\\\/new-500-pre-series-2.jpg\",\"datePublished\":\"2020-09-03T13:35:34+00:00\",\"dateModified\":\"2024-04-17T14:52:39+00:00\",\"breadcrumb\":{\"@id\":\"https:\\\/\\\/www.link2fleet.com\\\/fr\\\/essai-fiat-500-electrique-avant-gout-dynamique-exclusif\\\/#breadcrumb\"},\"inLanguage\":\"fr-FR\",\"potentialAction\":[{\"@type\":\"ReadAction\",\"target\":[\"https:\\\/\\\/www.link2fleet.com\\\/fr\\\/essai-fiat-500-electrique-avant-gout-dynamique-exclusif\\\/\"]}]},{\"@type\":\"ImageObject\",\"inLanguage\":\"fr-FR\",\"@id\":\"https:\\\/\\\/www.link2fleet.com\\\/fr\\\/essai-fiat-500-electrique-avant-gout-dynamique-exclusif\\\/#primaryimage\",\"url\":\"https:\\\/\\\/static.link2fleet.com\\\/wp-content\\\/uploads\\\/2024\\\/03\\\/new-500-pre-series-2.jpg\",\"contentUrl\":\"https:\\\/\\\/static.link2fleet.com\\\/wp-content\\\/uploads\\\/2024\\\/03\\\/new-500-pre-series-2.jpg\",\"width\":3000,\"height\":2001,\"caption\":\"|||||\"},{\"@type\":\"BreadcrumbList\",\"@id\":\"https:\\\/\\\/www.link2fleet.com\\\/fr\\\/essai-fiat-500-electrique-avant-gout-dynamique-exclusif\\\/#breadcrumb\",\"itemListElement\":[{\"@type\":\"ListItem\",\"position\":1,\"name\":\"Home\",\"item\":\"https:\\\/\\\/www.link2fleet.com\\\/fr\\\/\"},{\"@type\":\"ListItem\",\"position\":2,\"name\":\"Essai Fiat 500 \u00e9lectrique : avant-go\u00fbt dynamique exclusif\"}]},{\"@type\":\"WebSite\",\"@id\":\"https:\\\/\\\/www.link2fleet.com\\\/fr\\\/#website\",\"url\":\"https:\\\/\\\/www.link2fleet.com\\\/fr\\\/\",\"name\":\"Link2fleet\",\"description\":\"\",\"publisher\":{\"@id\":\"https:\\\/\\\/www.link2fleet.com\\\/fr\\\/#organization\"},\"potentialAction\":[{\"@type\":\"SearchAction\",\"target\":{\"@type\":\"EntryPoint\",\"urlTemplate\":\"https:\\\/\\\/www.link2fleet.com\\\/fr\\\/?s={search_term_string}\"},\"query-input\":{\"@type\":\"PropertyValueSpecification\",\"valueRequired\":true,\"valueName\":\"search_term_string\"}}],\"inLanguage\":\"fr-FR\"},{\"@type\":\"Organization\",\"@id\":\"https:\\\/\\\/www.link2fleet.com\\\/fr\\\/#organization\",\"name\":\"Link2fleet\",\"url\":\"https:\\\/\\\/www.link2fleet.com\\\/fr\\\/\",\"logo\":{\"@type\":\"ImageObject\",\"inLanguage\":\"fr-FR\",\"@id\":\"https:\\\/\\\/www.link2fleet.com\\\/fr\\\/#\\\/schema\\\/logo\\\/image\\\/\",\"url\":\"https:\\\/\\\/static.link2fleet.com\\\/wp-content\\\/uploads\\\/2024\\\/03\\\/share-image.jpg\",\"contentUrl\":\"https:\\\/\\\/static.link2fleet.com\\\/wp-content\\\/uploads\\\/2024\\\/03\\\/share-image.jpg\",\"width\":1200,\"height\":630,\"caption\":\"Link2fleet\"},\"image\":{\"@id\":\"https:\\\/\\\/www.link2fleet.com\\\/fr\\\/#\\\/schema\\\/logo\\\/image\\\/\"},\"sameAs\":[\"https:\\\/\\\/www.linkedin.com\\\/company\\\/link2fleet-belgium\",\"https:\\\/\\\/www.youtube.com\\\/user\\\/MMMBMBE\"]},{\"@type\":\"Person\",\"@id\":\"https:\\\/\\\/www.link2fleet.com\\\/fr\\\/#\\\/schema\\\/person\\\/36f3d48d12a83e110d72b602b5bebc11\",\"name\":\"Maxime Pasture\",\"image\":{\"@type\":\"ImageObject\",\"inLanguage\":\"fr-FR\",\"@id\":\"https:\\\/\\\/secure.gravatar.com\\\/avatar\\\/a17c47a11dd3996c69a173e291c692b6a028e82349994bf0d9f60936c9795b9f?s=96&d=mm&r=g\",\"url\":\"https:\\\/\\\/secure.gravatar.com\\\/avatar\\\/a17c47a11dd3996c69a173e291c692b6a028e82349994bf0d9f60936c9795b9f?s=96&d=mm&r=g\",\"contentUrl\":\"https:\\\/\\\/secure.gravatar.com\\\/avatar\\\/a17c47a11dd3996c69a173e291c692b6a028e82349994bf0d9f60936c9795b9f?s=96&d=mm&r=g\",\"caption\":\"Maxime Pasture\"},\"description\":\"Journaliste de formation, Maxime est tr\u00e8s curieux mais surtout passionn\u00e9 d'automobile. Sa curiosit\u00e9 l'am\u00e8ne \u00e0 traiter de sujets divers et vari\u00e9s li\u00e9s \u00e0 la mobilit\u00e9 au sens large et bien plus encore !\"}]}<\/script>\n<!-- \/ Yoast SEO plugin. -->","yoast_head_json":{"title":"Essai Fiat 500 \u00e9lectrique : avant-go\u00fbt dynamique exclusif - link2fleet","description":"Fin ao\u00fbt, quelques journalistes europ\u00e9ens ont \u00e9t\u00e9 tri\u00e9s sur le volet pour tester une version de pr\u00e9s\u00e9rie de la Fiat 500 \u00e9lectrique. Link2fleet y \u00e9tait\u2026","robots":{"index":"index","follow":"follow","max-snippet":"max-snippet:-1","max-image-preview":"max-image-preview:large","max-video-preview":"max-video-preview:-1"},"og_locale":"fr_FR","og_type":"article","og_title":"Essai Fiat 500 \u00e9lectrique : avant-go\u00fbt dynamique exclusif - link2fleet","og_description":"Fin ao\u00fbt, quelques journalistes europ\u00e9ens ont \u00e9t\u00e9 tri\u00e9s sur le volet pour tester une version de pr\u00e9s\u00e9rie de la Fiat 500 \u00e9lectrique. Link2fleet y \u00e9tait\u2026","og_url":"https:\/\/www.link2fleet.com\/fr\/essai-fiat-500-electrique-avant-gout-dynamique-exclusif\/","og_site_name":"link2fleet","article_published_time":"2020-09-03T13:35:34+00:00","article_modified_time":"2024-04-17T14:52:39+00:00","og_image":[{"url":"https:\/\/static.link2fleet.com\/wp-content\/uploads\/2024\/03\/new-500-pre-series-2.jpg","width":1024,"height":683,"type":"image\/jpeg"}],"author":"Maxime Pasture","twitter_card":"summary_large_image","twitter_description":"Fin ao\u00fbt, quelques journalistes europ\u00e9ens ont \u00e9t\u00e9 tri\u00e9s sur le volet pour tester une version de pr\u00e9s\u00e9rie de la Fiat 500 \u00e9lectrique. Link2fleet y \u00e9tait\u2026","twitter_misc":{"\u00c9crit par":"Journaliste de formation, Maxime est tr\u00e8s curieux mais surtout passionn\u00e9 d'automobile. Sa curiosit\u00e9 l'am\u00e8ne \u00e0 traiter de sujets divers et vari\u00e9s li\u00e9s \u00e0 la mobilit\u00e9 au sens large et bien plus encore !","Dur\u00e9e de lecture estim\u00e9e":"3 minutes"},"schema":{"@context":"https:\/\/schema.org","@graph":[{"@type":"Article","@id":"https:\/\/www.link2fleet.com\/fr\/essai-fiat-500-electrique-avant-gout-dynamique-exclusif\/#article","isPartOf":{"@id":"https:\/\/www.link2fleet.com\/fr\/essai-fiat-500-electrique-avant-gout-dynamique-exclusif\/"},"author":{"name":"Maxime Pasture","@id":"https:\/\/www.link2fleet.com\/fr\/#\/schema\/person\/36f3d48d12a83e110d72b602b5bebc11"},"headline":"Essai Fiat 500 \u00e9lectrique : avant-go\u00fbt dynamique exclusif","datePublished":"2020-09-03T13:35:34+00:00","dateModified":"2024-04-17T14:52:39+00:00","mainEntityOfPage":{"@id":"https:\/\/www.link2fleet.com\/fr\/essai-fiat-500-electrique-avant-gout-dynamique-exclusif\/"},"wordCount":570,"publisher":{"@id":"https:\/\/www.link2fleet.com\/fr\/#organization"},"image":{"@id":"https:\/\/www.link2fleet.com\/fr\/essai-fiat-500-electrique-avant-gout-dynamique-exclusif\/#primaryimage"},"thumbnailUrl":"https:\/\/static.link2fleet.com\/wp-content\/uploads\/2024\/03\/new-500-pre-series-2.jpg","articleSection":["Importateurs et constructeurs","V\u00e9hicules"],"inLanguage":"fr-FR"},{"@type":"WebPage","@id":"https:\/\/www.link2fleet.com\/fr\/essai-fiat-500-electrique-avant-gout-dynamique-exclusif\/","url":"https:\/\/www.link2fleet.com\/fr\/essai-fiat-500-electrique-avant-gout-dynamique-exclusif\/","name":"Essai Fiat 500 \u00e9lectrique : avant-go\u00fbt dynamique exclusif - link2fleet","isPartOf":{"@id":"https:\/\/www.link2fleet.com\/fr\/#website"},"primaryImageOfPage":{"@id":"https:\/\/www.link2fleet.com\/fr\/essai-fiat-500-electrique-avant-gout-dynamique-exclusif\/#primaryimage"},"image":{"@id":"https:\/\/www.link2fleet.com\/fr\/essai-fiat-500-electrique-avant-gout-dynamique-exclusif\/#primaryimage"},"thumbnailUrl":"https:\/\/static.link2fleet.com\/wp-content\/uploads\/2024\/03\/new-500-pre-series-2.jpg","datePublished":"2020-09-03T13:35:34+00:00","dateModified":"2024-04-17T14:52:39+00:00","breadcrumb":{"@id":"https:\/\/www.link2fleet.com\/fr\/essai-fiat-500-electrique-avant-gout-dynamique-exclusif\/#breadcrumb"},"inLanguage":"fr-FR","potentialAction":[{"@type":"ReadAction","target":["https:\/\/www.link2fleet.com\/fr\/essai-fiat-500-electrique-avant-gout-dynamique-exclusif\/"]}]},{"@type":"ImageObject","inLanguage":"fr-FR","@id":"https:\/\/www.link2fleet.com\/fr\/essai-fiat-500-electrique-avant-gout-dynamique-exclusif\/#primaryimage","url":"https:\/\/static.link2fleet.com\/wp-content\/uploads\/2024\/03\/new-500-pre-series-2.jpg","contentUrl":"https:\/\/static.link2fleet.com\/wp-content\/uploads\/2024\/03\/new-500-pre-series-2.jpg","width":3000,"height":2001,"caption":"|||||"},{"@type":"BreadcrumbList","@id":"https:\/\/www.link2fleet.com\/fr\/essai-fiat-500-electrique-avant-gout-dynamique-exclusif\/#breadcrumb","itemListElement":[{"@type":"ListItem","position":1,"name":"Home","item":"https:\/\/www.link2fleet.com\/fr\/"},{"@type":"ListItem","position":2,"name":"Essai Fiat 500 \u00e9lectrique : avant-go\u00fbt dynamique exclusif"}]},{"@type":"WebSite","@id":"https:\/\/www.link2fleet.com\/fr\/#website","url":"https:\/\/www.link2fleet.com\/fr\/","name":"Link2fleet","description":"","publisher":{"@id":"https:\/\/www.link2fleet.com\/fr\/#organization"},"potentialAction":[{"@type":"SearchAction","target":{"@type":"EntryPoint","urlTemplate":"https:\/\/www.link2fleet.com\/fr\/?s={search_term_string}"},"query-input":{"@type":"PropertyValueSpecification","valueRequired":true,"valueName":"search_term_string"}}],"inLanguage":"fr-FR"},{"@type":"Organization","@id":"https:\/\/www.link2fleet.com\/fr\/#organization","name":"Link2fleet","url":"https:\/\/www.link2fleet.com\/fr\/","logo":{"@type":"ImageObject","inLanguage":"fr-FR","@id":"https:\/\/www.link2fleet.com\/fr\/#\/schema\/logo\/image\/","url":"https:\/\/static.link2fleet.com\/wp-content\/uploads\/2024\/03\/share-image.jpg","contentUrl":"https:\/\/static.link2fleet.com\/wp-content\/uploads\/2024\/03\/share-image.jpg","width":1200,"height":630,"caption":"Link2fleet"},"image":{"@id":"https:\/\/www.link2fleet.com\/fr\/#\/schema\/logo\/image\/"},"sameAs":["https:\/\/www.linkedin.com\/company\/link2fleet-belgium","https:\/\/www.youtube.com\/user\/MMMBMBE"]},{"@type":"Person","@id":"https:\/\/www.link2fleet.com\/fr\/#\/schema\/person\/36f3d48d12a83e110d72b602b5bebc11","name":"Maxime Pasture","image":{"@type":"ImageObject","inLanguage":"fr-FR","@id":"https:\/\/secure.gravatar.com\/avatar\/a17c47a11dd3996c69a173e291c692b6a028e82349994bf0d9f60936c9795b9f?s=96&d=mm&r=g","url":"https:\/\/secure.gravatar.com\/avatar\/a17c47a11dd3996c69a173e291c692b6a028e82349994bf0d9f60936c9795b9f?s=96&d=mm&r=g","contentUrl":"https:\/\/secure.gravatar.com\/avatar\/a17c47a11dd3996c69a173e291c692b6a028e82349994bf0d9f60936c9795b9f?s=96&d=mm&r=g","caption":"Maxime Pasture"},"description":"Journaliste de formation, Maxime est tr\u00e8s curieux mais surtout passionn\u00e9 d'automobile. Sa curiosit\u00e9 l'am\u00e8ne \u00e0 traiter de sujets divers et vari\u00e9s li\u00e9s \u00e0 la mobilit\u00e9 au sens large et bien plus encore !"}]}},"_links":{"self":[{"href":"https:\/\/www.link2fleet.com\/fr\/wp-json\/wp\/v2\/posts\/2684","targetHints":{"allow":["GET"]}}],"collection":[{"href":"https:\/\/www.link2fleet.com\/fr\/wp-json\/wp\/v2\/posts"}],"about":[{"href":"https:\/\/www.link2fleet.com\/fr\/wp-json\/wp\/v2\/types\/post"}],"author":[{"embeddable":true,"href":"https:\/\/www.link2fleet.com\/fr\/wp-json\/wp\/v2\/users\/18"}],"replies":[{"embeddable":true,"href":"https:\/\/www.link2fleet.com\/fr\/wp-json\/wp\/v2\/comments?post=2684"}],"version-history":[{"count":0,"href":"https:\/\/www.link2fleet.com\/fr\/wp-json\/wp\/v2\/posts\/2684\/revisions"}],"wp:featuredmedia":[{"embeddable":true,"href":"https:\/\/www.link2fleet.com\/fr\/wp-json\/wp\/v2\/media\/2685"}],"wp:attachment":[{"href":"https:\/\/www.link2fleet.com\/fr\/wp-json\/wp\/v2\/media?parent=2684"}],"wp:term":[{"taxonomy":"category","embeddable":true,"href":"https:\/\/www.link2fleet.com\/fr\/wp-json\/wp\/v2\/categories?post=2684"},{"taxonomy":"post_tag","embeddable":true,"href":"https:\/\/www.link2fleet.com\/fr\/wp-json\/wp\/v2\/tags?post=2684"}],"curies":[{"name":"wp","href":"https:\/\/api.w.org\/{rel}","templated":true}]}}