{"id":27674,"date":"2024-05-23T12:01:45","date_gmt":"2024-05-23T10:01:45","guid":{"rendered":"https:\/\/www.link2fleet.com\/?p=27674"},"modified":"2024-05-23T12:39:16","modified_gmt":"2024-05-23T10:39:16","slug":"video-kia-presente-son-ev3-un-suv-compact-100-electrique-sous-forme-de-mini-ev9","status":"publish","type":"post","link":"https:\/\/www.link2fleet.com\/fr\/video-kia-presente-son-ev3-un-suv-compact-100-electrique-sous-forme-de-mini-ev9\/","title":{"rendered":"VIDEO &#8211; KIA pr\u00e9sente son EV3, un SUV compact 100% \u00e9lectrique sous forme de mini EV9"},"content":{"rendered":"","protected":false},"excerpt":{"rendered":"","protected":false},"author":4,"featured_media":27709,"comment_status":"closed","ping_status":"closed","sticky":false,"template":"","format":"standard","meta":{"_acf_changed":false,"footnotes":""},"categories":[77,76],"tags":[],"class_list":["post-27674","post","type-post","status-publish","format-standard","has-post-thumbnail","hentry","category-importateurs-et-constructeurs-automobiles-vp","category-car"],"acf":[],"yoast_head":"<!-- This site is optimized with the Yoast SEO plugin v27.3 - https:\/\/yoast.com\/product\/yoast-seo-wordpress\/ -->\n<title>VIDEO - KIA pr\u00e9sente son EV3, un SUV compact 100% \u00e9lectrique sous forme de mini EV9 - link2fleet<\/title>\n<meta name=\"description\" content=\"Fin 2023, KIA avait annonc\u00e9 un \u00e9largissement de sa gamme EV avec l&rsquo;arriv\u00e9e prochaine de trois nouveaux mod\u00e8les, les EV3, EV4 et EV5, pour venir\u2026\" \/>\n<meta name=\"robots\" content=\"index, follow, max-snippet:-1, max-image-preview:large, max-video-preview:-1\" \/>\n<meta property=\"og:locale\" content=\"fr_FR\" \/>\n<meta property=\"og:type\" content=\"article\" \/>\n<meta property=\"og:title\" content=\"VIDEO - KIA pr\u00e9sente son EV3, un SUV compact 100% \u00e9lectrique sous forme de mini EV9 - link2fleet\" \/>\n<meta property=\"og:description\" content=\"Fin 2023, KIA avait annonc\u00e9 un \u00e9largissement de sa gamme EV avec l&rsquo;arriv\u00e9e prochaine de trois nouveaux mod\u00e8les, les EV3, EV4 et EV5, pour venir\u2026\" \/>\n<meta property=\"og:url\" content=\"https:\/\/www.link2fleet.com\/video-kia-presente-son-ev3-un-suv-compact-100-electrique-sous-forme-de-mini-ev9\/\" \/>\n<meta property=\"og:site_name\" content=\"link2fleet\" \/>\n<meta property=\"article:published_time\" content=\"2024-05-23T10:01:45+00:00\" \/>\n<meta property=\"article:modified_time\" content=\"2024-05-23T10:39:16+00:00\" \/>\n<meta property=\"og:image\" content=\"https:\/\/static.link2fleet.com\/wp-content\/uploads\/2024\/05\/kia-ev-3youtube.jpg\" \/>\n\t<meta property=\"og:image:width\" content=\"1280\" \/>\n\t<meta property=\"og:image:height\" content=\"720\" \/>\n\t<meta property=\"og:image:type\" content=\"image\/jpeg\" \/>\n<meta name=\"author\" content=\"Damien Malvetti\" \/>\n<meta name=\"twitter:card\" content=\"summary_large_image\" \/>\n<meta name=\"twitter:description\" content=\"Fin 2023, KIA avait annonc\u00e9 un \u00e9largissement de sa gamme EV avec l&rsquo;arriv\u00e9e prochaine de trois nouveaux mod\u00e8les, les EV3, EV4 et EV5, pour venir\u2026\" \/>\n<meta name=\"twitter:label1\" content=\"\u00c9crit par\" \/>\n\t<meta name=\"twitter:data1\" content=\"Damien Malvetti\" \/>\n\t<meta name=\"twitter:label2\" content=\"Dur\u00e9e de lecture estim\u00e9e\" \/>\n\t<meta name=\"twitter:data2\" content=\"10 minutes\" \/>\n<script type=\"application\/ld+json\" class=\"yoast-schema-graph\">{\"@context\":\"https:\\\/\\\/schema.org\",\"@graph\":[{\"@type\":\"Article\",\"@id\":\"https:\\\/\\\/www.link2fleet.com\\\/video-kia-presente-son-ev3-un-suv-compact-100-electrique-sous-forme-de-mini-ev9\\\/#article\",\"isPartOf\":{\"@id\":\"https:\\\/\\\/www.link2fleet.com\\\/video-kia-presente-son-ev3-un-suv-compact-100-electrique-sous-forme-de-mini-ev9\\\/\"},\"author\":{\"name\":\"Damien Malvetti\",\"@id\":\"https:\\\/\\\/www.link2fleet.com\\\/fr\\\/#\\\/schema\\\/person\\\/027cd46113c78036b3809c9a054049da\"},\"headline\":\"VIDEO &#8211; KIA pr\u00e9sente son EV3, un SUV compact 100% \u00e9lectrique sous forme de mini EV9\",\"datePublished\":\"2024-05-23T10:01:45+00:00\",\"dateModified\":\"2024-05-23T10:39:16+00:00\",\"mainEntityOfPage\":{\"@id\":\"https:\\\/\\\/www.link2fleet.com\\\/video-kia-presente-son-ev3-un-suv-compact-100-electrique-sous-forme-de-mini-ev9\\\/\"},\"wordCount\":16,\"publisher\":{\"@id\":\"https:\\\/\\\/www.link2fleet.com\\\/fr\\\/#organization\"},\"image\":{\"@id\":\"https:\\\/\\\/www.link2fleet.com\\\/video-kia-presente-son-ev3-un-suv-compact-100-electrique-sous-forme-de-mini-ev9\\\/#primaryimage\"},\"thumbnailUrl\":\"https:\\\/\\\/static.link2fleet.com\\\/wp-content\\\/uploads\\\/2024\\\/05\\\/kia-ev-3youtube.jpg\",\"articleSection\":[\"Importateurs et constructeurs\",\"V\u00e9hicules\"],\"inLanguage\":\"fr-FR\"},{\"@type\":\"WebPage\",\"@id\":\"https:\\\/\\\/www.link2fleet.com\\\/video-kia-presente-son-ev3-un-suv-compact-100-electrique-sous-forme-de-mini-ev9\\\/\",\"url\":\"https:\\\/\\\/www.link2fleet.com\\\/video-kia-presente-son-ev3-un-suv-compact-100-electrique-sous-forme-de-mini-ev9\\\/\",\"name\":\"VIDEO - KIA pr\u00e9sente son EV3, un SUV compact 100% \u00e9lectrique sous forme de mini EV9 - link2fleet\",\"isPartOf\":{\"@id\":\"https:\\\/\\\/www.link2fleet.com\\\/fr\\\/#website\"},\"primaryImageOfPage\":{\"@id\":\"https:\\\/\\\/www.link2fleet.com\\\/video-kia-presente-son-ev3-un-suv-compact-100-electrique-sous-forme-de-mini-ev9\\\/#primaryimage\"},\"image\":{\"@id\":\"https:\\\/\\\/www.link2fleet.com\\\/video-kia-presente-son-ev3-un-suv-compact-100-electrique-sous-forme-de-mini-ev9\\\/#primaryimage\"},\"thumbnailUrl\":\"https:\\\/\\\/static.link2fleet.com\\\/wp-content\\\/uploads\\\/2024\\\/05\\\/kia-ev-3youtube.jpg\",\"datePublished\":\"2024-05-23T10:01:45+00:00\",\"dateModified\":\"2024-05-23T10:39:16+00:00\",\"breadcrumb\":{\"@id\":\"https:\\\/\\\/www.link2fleet.com\\\/video-kia-presente-son-ev3-un-suv-compact-100-electrique-sous-forme-de-mini-ev9\\\/#breadcrumb\"},\"inLanguage\":\"fr-FR\",\"potentialAction\":[{\"@type\":\"ReadAction\",\"target\":[\"https:\\\/\\\/www.link2fleet.com\\\/video-kia-presente-son-ev3-un-suv-compact-100-electrique-sous-forme-de-mini-ev9\\\/\"]}]},{\"@type\":\"ImageObject\",\"inLanguage\":\"fr-FR\",\"@id\":\"https:\\\/\\\/www.link2fleet.com\\\/video-kia-presente-son-ev3-un-suv-compact-100-electrique-sous-forme-de-mini-ev9\\\/#primaryimage\",\"url\":\"https:\\\/\\\/static.link2fleet.com\\\/wp-content\\\/uploads\\\/2024\\\/05\\\/kia-ev-3youtube.jpg\",\"contentUrl\":\"https:\\\/\\\/static.link2fleet.com\\\/wp-content\\\/uploads\\\/2024\\\/05\\\/kia-ev-3youtube.jpg\",\"width\":1280,\"height\":720},{\"@type\":\"BreadcrumbList\",\"@id\":\"https:\\\/\\\/www.link2fleet.com\\\/video-kia-presente-son-ev3-un-suv-compact-100-electrique-sous-forme-de-mini-ev9\\\/#breadcrumb\",\"itemListElement\":[{\"@type\":\"ListItem\",\"position\":1,\"name\":\"Home\",\"item\":\"https:\\\/\\\/www.link2fleet.com\\\/fr\\\/\"},{\"@type\":\"ListItem\",\"position\":2,\"name\":\"VIDEO &#8211; KIA pr\u00e9sente son EV3, un SUV compact 100% \u00e9lectrique sous forme de mini EV9\"}]},{\"@type\":\"WebSite\",\"@id\":\"https:\\\/\\\/www.link2fleet.com\\\/fr\\\/#website\",\"url\":\"https:\\\/\\\/www.link2fleet.com\\\/fr\\\/\",\"name\":\"Link2fleet\",\"description\":\"\",\"publisher\":{\"@id\":\"https:\\\/\\\/www.link2fleet.com\\\/fr\\\/#organization\"},\"potentialAction\":[{\"@type\":\"SearchAction\",\"target\":{\"@type\":\"EntryPoint\",\"urlTemplate\":\"https:\\\/\\\/www.link2fleet.com\\\/fr\\\/?s={search_term_string}\"},\"query-input\":{\"@type\":\"PropertyValueSpecification\",\"valueRequired\":true,\"valueName\":\"search_term_string\"}}],\"inLanguage\":\"fr-FR\"},{\"@type\":\"Organization\",\"@id\":\"https:\\\/\\\/www.link2fleet.com\\\/fr\\\/#organization\",\"name\":\"Link2fleet\",\"url\":\"https:\\\/\\\/www.link2fleet.com\\\/fr\\\/\",\"logo\":{\"@type\":\"ImageObject\",\"inLanguage\":\"fr-FR\",\"@id\":\"https:\\\/\\\/www.link2fleet.com\\\/fr\\\/#\\\/schema\\\/logo\\\/image\\\/\",\"url\":\"https:\\\/\\\/static.link2fleet.com\\\/wp-content\\\/uploads\\\/2024\\\/03\\\/share-image.jpg\",\"contentUrl\":\"https:\\\/\\\/static.link2fleet.com\\\/wp-content\\\/uploads\\\/2024\\\/03\\\/share-image.jpg\",\"width\":1200,\"height\":630,\"caption\":\"Link2fleet\"},\"image\":{\"@id\":\"https:\\\/\\\/www.link2fleet.com\\\/fr\\\/#\\\/schema\\\/logo\\\/image\\\/\"},\"sameAs\":[\"https:\\\/\\\/www.linkedin.com\\\/company\\\/link2fleet-belgium\",\"https:\\\/\\\/www.youtube.com\\\/user\\\/MMMBMBE\"]},{\"@type\":\"Person\",\"@id\":\"https:\\\/\\\/www.link2fleet.com\\\/fr\\\/#\\\/schema\\\/person\\\/027cd46113c78036b3809c9a054049da\",\"name\":\"Damien Malvetti\",\"image\":{\"@type\":\"ImageObject\",\"inLanguage\":\"fr-FR\",\"@id\":\"https:\\\/\\\/secure.gravatar.com\\\/avatar\\\/dd8cc03b49466c735f753ac37f8caa371af16dfed347456ed61f02883255eebb?s=96&d=mm&r=g\",\"url\":\"https:\\\/\\\/secure.gravatar.com\\\/avatar\\\/dd8cc03b49466c735f753ac37f8caa371af16dfed347456ed61f02883255eebb?s=96&d=mm&r=g\",\"contentUrl\":\"https:\\\/\\\/secure.gravatar.com\\\/avatar\\\/dd8cc03b49466c735f753ac37f8caa371af16dfed347456ed61f02883255eebb?s=96&d=mm&r=g\",\"caption\":\"Damien Malvetti\"},\"description\":\"Damien Malvetti is opgeleid als journalist en gepassioneerd door wagens, technologie en mobiliteit. Hij is verantwoordelijk voor de redactionele inhoud van link2fleet en beschikt over een uitgebreide kennis van de fleet-sector en elektrische mobiliteit.\",\"sameAs\":[\"https:\\\/\\\/www.linkedin.com\\\/in\\\/damien-malvetti-56601142\\\/\"]}]}<\/script>\n<!-- \/ Yoast SEO plugin. -->","yoast_head_json":{"title":"VIDEO - KIA pr\u00e9sente son EV3, un SUV compact 100% \u00e9lectrique sous forme de mini EV9 - link2fleet","description":"Fin 2023, KIA avait annonc\u00e9 un \u00e9largissement de sa gamme EV avec l&rsquo;arriv\u00e9e prochaine de trois nouveaux mod\u00e8les, les EV3, EV4 et EV5, pour venir\u2026","robots":{"index":"index","follow":"follow","max-snippet":"max-snippet:-1","max-image-preview":"max-image-preview:large","max-video-preview":"max-video-preview:-1"},"og_locale":"fr_FR","og_type":"article","og_title":"VIDEO - KIA pr\u00e9sente son EV3, un SUV compact 100% \u00e9lectrique sous forme de mini EV9 - link2fleet","og_description":"Fin 2023, KIA avait annonc\u00e9 un \u00e9largissement de sa gamme EV avec l&rsquo;arriv\u00e9e prochaine de trois nouveaux mod\u00e8les, les EV3, EV4 et EV5, pour venir\u2026","og_url":"https:\/\/www.link2fleet.com\/video-kia-presente-son-ev3-un-suv-compact-100-electrique-sous-forme-de-mini-ev9\/","og_site_name":"link2fleet","article_published_time":"2024-05-23T10:01:45+00:00","article_modified_time":"2024-05-23T10:39:16+00:00","og_image":[{"width":1280,"height":720,"url":"https:\/\/static.link2fleet.com\/wp-content\/uploads\/2024\/05\/kia-ev-3youtube.jpg","type":"image\/jpeg"}],"author":"Damien Malvetti","twitter_card":"summary_large_image","twitter_description":"Fin 2023, KIA avait annonc\u00e9 un \u00e9largissement de sa gamme EV avec l&rsquo;arriv\u00e9e prochaine de trois nouveaux mod\u00e8les, les EV3, EV4 et EV5, pour venir\u2026","twitter_misc":{"\u00c9crit par":"Damien Malvetti","Dur\u00e9e de lecture estim\u00e9e":"10 minutes"},"schema":{"@context":"https:\/\/schema.org","@graph":[{"@type":"Article","@id":"https:\/\/www.link2fleet.com\/video-kia-presente-son-ev3-un-suv-compact-100-electrique-sous-forme-de-mini-ev9\/#article","isPartOf":{"@id":"https:\/\/www.link2fleet.com\/video-kia-presente-son-ev3-un-suv-compact-100-electrique-sous-forme-de-mini-ev9\/"},"author":{"name":"Damien Malvetti","@id":"https:\/\/www.link2fleet.com\/fr\/#\/schema\/person\/027cd46113c78036b3809c9a054049da"},"headline":"VIDEO &#8211; KIA pr\u00e9sente son EV3, un SUV compact 100% \u00e9lectrique sous forme de mini EV9","datePublished":"2024-05-23T10:01:45+00:00","dateModified":"2024-05-23T10:39:16+00:00","mainEntityOfPage":{"@id":"https:\/\/www.link2fleet.com\/video-kia-presente-son-ev3-un-suv-compact-100-electrique-sous-forme-de-mini-ev9\/"},"wordCount":16,"publisher":{"@id":"https:\/\/www.link2fleet.com\/fr\/#organization"},"image":{"@id":"https:\/\/www.link2fleet.com\/video-kia-presente-son-ev3-un-suv-compact-100-electrique-sous-forme-de-mini-ev9\/#primaryimage"},"thumbnailUrl":"https:\/\/static.link2fleet.com\/wp-content\/uploads\/2024\/05\/kia-ev-3youtube.jpg","articleSection":["Importateurs et constructeurs","V\u00e9hicules"],"inLanguage":"fr-FR"},{"@type":"WebPage","@id":"https:\/\/www.link2fleet.com\/video-kia-presente-son-ev3-un-suv-compact-100-electrique-sous-forme-de-mini-ev9\/","url":"https:\/\/www.link2fleet.com\/video-kia-presente-son-ev3-un-suv-compact-100-electrique-sous-forme-de-mini-ev9\/","name":"VIDEO - KIA pr\u00e9sente son EV3, un SUV compact 100% \u00e9lectrique sous forme de mini EV9 - link2fleet","isPartOf":{"@id":"https:\/\/www.link2fleet.com\/fr\/#website"},"primaryImageOfPage":{"@id":"https:\/\/www.link2fleet.com\/video-kia-presente-son-ev3-un-suv-compact-100-electrique-sous-forme-de-mini-ev9\/#primaryimage"},"image":{"@id":"https:\/\/www.link2fleet.com\/video-kia-presente-son-ev3-un-suv-compact-100-electrique-sous-forme-de-mini-ev9\/#primaryimage"},"thumbnailUrl":"https:\/\/static.link2fleet.com\/wp-content\/uploads\/2024\/05\/kia-ev-3youtube.jpg","datePublished":"2024-05-23T10:01:45+00:00","dateModified":"2024-05-23T10:39:16+00:00","breadcrumb":{"@id":"https:\/\/www.link2fleet.com\/video-kia-presente-son-ev3-un-suv-compact-100-electrique-sous-forme-de-mini-ev9\/#breadcrumb"},"inLanguage":"fr-FR","potentialAction":[{"@type":"ReadAction","target":["https:\/\/www.link2fleet.com\/video-kia-presente-son-ev3-un-suv-compact-100-electrique-sous-forme-de-mini-ev9\/"]}]},{"@type":"ImageObject","inLanguage":"fr-FR","@id":"https:\/\/www.link2fleet.com\/video-kia-presente-son-ev3-un-suv-compact-100-electrique-sous-forme-de-mini-ev9\/#primaryimage","url":"https:\/\/static.link2fleet.com\/wp-content\/uploads\/2024\/05\/kia-ev-3youtube.jpg","contentUrl":"https:\/\/static.link2fleet.com\/wp-content\/uploads\/2024\/05\/kia-ev-3youtube.jpg","width":1280,"height":720},{"@type":"BreadcrumbList","@id":"https:\/\/www.link2fleet.com\/video-kia-presente-son-ev3-un-suv-compact-100-electrique-sous-forme-de-mini-ev9\/#breadcrumb","itemListElement":[{"@type":"ListItem","position":1,"name":"Home","item":"https:\/\/www.link2fleet.com\/fr\/"},{"@type":"ListItem","position":2,"name":"VIDEO &#8211; KIA pr\u00e9sente son EV3, un SUV compact 100% \u00e9lectrique sous forme de mini EV9"}]},{"@type":"WebSite","@id":"https:\/\/www.link2fleet.com\/fr\/#website","url":"https:\/\/www.link2fleet.com\/fr\/","name":"Link2fleet","description":"","publisher":{"@id":"https:\/\/www.link2fleet.com\/fr\/#organization"},"potentialAction":[{"@type":"SearchAction","target":{"@type":"EntryPoint","urlTemplate":"https:\/\/www.link2fleet.com\/fr\/?s={search_term_string}"},"query-input":{"@type":"PropertyValueSpecification","valueRequired":true,"valueName":"search_term_string"}}],"inLanguage":"fr-FR"},{"@type":"Organization","@id":"https:\/\/www.link2fleet.com\/fr\/#organization","name":"Link2fleet","url":"https:\/\/www.link2fleet.com\/fr\/","logo":{"@type":"ImageObject","inLanguage":"fr-FR","@id":"https:\/\/www.link2fleet.com\/fr\/#\/schema\/logo\/image\/","url":"https:\/\/static.link2fleet.com\/wp-content\/uploads\/2024\/03\/share-image.jpg","contentUrl":"https:\/\/static.link2fleet.com\/wp-content\/uploads\/2024\/03\/share-image.jpg","width":1200,"height":630,"caption":"Link2fleet"},"image":{"@id":"https:\/\/www.link2fleet.com\/fr\/#\/schema\/logo\/image\/"},"sameAs":["https:\/\/www.linkedin.com\/company\/link2fleet-belgium","https:\/\/www.youtube.com\/user\/MMMBMBE"]},{"@type":"Person","@id":"https:\/\/www.link2fleet.com\/fr\/#\/schema\/person\/027cd46113c78036b3809c9a054049da","name":"Damien Malvetti","image":{"@type":"ImageObject","inLanguage":"fr-FR","@id":"https:\/\/secure.gravatar.com\/avatar\/dd8cc03b49466c735f753ac37f8caa371af16dfed347456ed61f02883255eebb?s=96&d=mm&r=g","url":"https:\/\/secure.gravatar.com\/avatar\/dd8cc03b49466c735f753ac37f8caa371af16dfed347456ed61f02883255eebb?s=96&d=mm&r=g","contentUrl":"https:\/\/secure.gravatar.com\/avatar\/dd8cc03b49466c735f753ac37f8caa371af16dfed347456ed61f02883255eebb?s=96&d=mm&r=g","caption":"Damien Malvetti"},"description":"Damien Malvetti is opgeleid als journalist en gepassioneerd door wagens, technologie en mobiliteit. Hij is verantwoordelijk voor de redactionele inhoud van link2fleet en beschikt over een uitgebreide kennis van de fleet-sector en elektrische mobiliteit.","sameAs":["https:\/\/www.linkedin.com\/in\/damien-malvetti-56601142\/"]}]}},"_links":{"self":[{"href":"https:\/\/www.link2fleet.com\/fr\/wp-json\/wp\/v2\/posts\/27674","targetHints":{"allow":["GET"]}}],"collection":[{"href":"https:\/\/www.link2fleet.com\/fr\/wp-json\/wp\/v2\/posts"}],"about":[{"href":"https:\/\/www.link2fleet.com\/fr\/wp-json\/wp\/v2\/types\/post"}],"author":[{"embeddable":true,"href":"https:\/\/www.link2fleet.com\/fr\/wp-json\/wp\/v2\/users\/4"}],"replies":[{"embeddable":true,"href":"https:\/\/www.link2fleet.com\/fr\/wp-json\/wp\/v2\/comments?post=27674"}],"version-history":[{"count":0,"href":"https:\/\/www.link2fleet.com\/fr\/wp-json\/wp\/v2\/posts\/27674\/revisions"}],"wp:featuredmedia":[{"embeddable":true,"href":"https:\/\/www.link2fleet.com\/fr\/wp-json\/wp\/v2\/media\/27709"}],"wp:attachment":[{"href":"https:\/\/www.link2fleet.com\/fr\/wp-json\/wp\/v2\/media?parent=27674"}],"wp:term":[{"taxonomy":"category","embeddable":true,"href":"https:\/\/www.link2fleet.com\/fr\/wp-json\/wp\/v2\/categories?post=27674"},{"taxonomy":"post_tag","embeddable":true,"href":"https:\/\/www.link2fleet.com\/fr\/wp-json\/wp\/v2\/tags?post=27674"}],"curies":[{"name":"wp","href":"https:\/\/api.w.org\/{rel}","templated":true}]}}