{"id":2805,"date":"2020-09-29T14:03:22","date_gmt":"2020-09-29T12:03:22","guid":{"rendered":"https:\/\/www.link2fleet.com\/essai-mazda-mx-30-une-approche-plus-globale-du-vehicule-electrique\/"},"modified":"2024-04-17T16:52:21","modified_gmt":"2024-04-17T14:52:21","slug":"essai-mazda-mx-30-une-approche-plus-globale-du-vehicule-electrique","status":"publish","type":"post","link":"https:\/\/www.link2fleet.com\/fr\/essai-mazda-mx-30-une-approche-plus-globale-du-vehicule-electrique\/","title":{"rendered":"Essai Mazda MX-30 : une approche plus globale du v\u00e9hicule \u00e9lectrique"},"content":{"rendered":"\n<p>En d\u00e9veloppant son premier v\u00e9hicule \u00e9lectrique, Mazda a fait ses comptes&nbsp;: quelle est la quantit\u00e9 de CO2 rejet\u00e9e du d\u00e9but \u00e0 la fin du cycle d\u2019une Mazda diesel&nbsp;? C\u2019est en fonction de la r\u00e9ponse que les ing\u00e9nieurs nippons se sont d\u00e9cid\u00e9s sur la capacit\u00e9 de la batterie, fix\u00e9e \u00e0 35,5 kWh. Le pr\u00e9sident de Mazda Europe, Yasuhiro Aoyama, nous expliquait ce choix \u00e0 l\u2019occasion du Salon de Bruxelles en janvier dernier&nbsp;: \u00ab&nbsp;Avec une plus grosse batterie, nous aurions d\u00e9pass\u00e9 les \u00e9missions de CO2 de nos mod\u00e8les diesel sur l\u2019ensemble de la dur\u00e9e de vie du v\u00e9hicule.&nbsp;\u00bb<\/p>\n\n\n\n<figure class=\"wp-block-image\"><img decoding=\"async\" src=\"https:\/\/www.link2fleet.com\/wp-content\/uploads\/2020\/09\/16-Action-Mazda-MX-30-Soul-Red-Crystal-Modern-Confidence-1024x683.jpg\" alt=\"\" class=\"wp-image-1260121\"\/><figcaption>N&rsquo;oublions pas que la moyenne des trajets en Europe est d&rsquo;une trentaine de kilom\u00e8tres par jour. <\/figcaption><\/figure>\n\n\n\n<h2 class=\"wp-block-heading\"><strong>Angoissante mais coh\u00e9rente pour les Europ\u00e9ens<\/strong><\/h2>\n\n\n\n<p>Ce choix est donc assum\u00e9 mais avec une plus petite batterie que celle de la <a rel=\"noreferrer noopener\" aria-label=\"Fiat 500 \u00e9lectrique (s\u2019ouvre dans un nouvel onglet)\" href=\"https:\/\/www.link2fleet.com\/fr\/essai-fiat-500-electrique-avant-gout-dynamique-exclusif\/\" target=\"_blank\">Fiat 500 \u00e9lectrique<\/a> (42 kWh), l\u2019autonomie mixte n\u2019est que de 200 km. En ville et en utilisant au mieux les 5 modes de r\u00e9cup\u00e9ration d\u2019\u00e9nergie via les palettes au volant, on pourrait atteindre 265 km selon Mazda. De notre c\u00f4t\u00e9, nous avons ressenti une certaine anxi\u00e9t\u00e9 en observant qu\u2019avec 76 % de la batterie, il ne nous restait que 136 km d\u2019autonomie\u2026 Bon, rappelons qu\u2019en Europe, les trajets moyens sont d\u2019une trentaine de kilom\u00e8tres par jour et que la charge rapide du MX-30 (de 20 \u00e0 80 %) ne demande que 36 minutes. Comptez 3h via une wallbox et 9h30 sur prise domestique. <\/p>\n\n\n\n<figure class=\"wp-block-image\"><img decoding=\"async\" src=\"https:\/\/www.link2fleet.com\/wp-content\/uploads\/2020\/09\/Static-Mazda-MX-30-Soul-Red-Crystal-28-1024x683.jpg\" alt=\"\" class=\"wp-image-1260131\"\/><figcaption>La dur\u00e9e de la recharge, de 20 \u00e0 80 %, varie entre 36 minutes et 9h30, selon le type de charge utilis\u00e9. <\/figcaption><\/figure>\n\n\n\n<h2 class=\"wp-block-heading\"><strong>La plus \u00ab&nbsp;normale&nbsp;\u00bb des voitures \u00e9lectriques&nbsp;? <\/strong><\/h2>\n\n\n\n<p>Pass\u00e9 outre cette autonomie un peu angoissante (mais qui devrait suffire \u00e0 la majorit\u00e9 des Europ\u00e9ens au quotidien), nous avons surtout appr\u00e9ci\u00e9 la conduite : direction, tenue de route (poids inf\u00e9rieur \u00e0 1.700 kg : pas mal pour un v\u00e9hicule 100% \u00e9lectrique !) et m\u00eame une l\u00e9g\u00e8re sonorit\u00e9 artificielle \u00e0 l\u2019acc\u00e9l\u00e9ration nous ont donn\u00e9 l&rsquo;impression de conduire une voiture \u00ab normale \u00bb. En d\u2019autres termes, les habitu\u00e9s des Mazda ne seront pas d\u00e9pays\u00e9s, ce qui s\u00e9duira peut-\u00eatre les sceptiques de la voiture \u00e9lectrique\u2026 <\/p>\n\n\n\n<figure class=\"wp-block-image\"><img decoding=\"async\" src=\"https:\/\/www.link2fleet.com\/wp-content\/uploads\/2020\/09\/Interior-Mazda-MX-30-Industrial-Vintage-11-1024x683.jpg\" alt=\"\" class=\"wp-image-1260129\"\/><figcaption>Dommage que l&rsquo;ouverture des portes arri\u00e8re ne soit pas tr\u00e8s pratique (attention \u00e0 la t\u00eate!)&#8230; <\/figcaption><\/figure>\n\n\n\n<figure class=\"wp-block-image\"><img decoding=\"async\" src=\"https:\/\/www.link2fleet.com\/wp-content\/uploads\/2020\/09\/Interior-Mazda-MX-30-Industrial-Vintage-8-1024x683.jpg\" alt=\"\" class=\"wp-image-1260127\"\/><figcaption>L&rsquo;\u00e9cran central sup\u00e9rieur nous a paru \u00e9troit en hauteur. <\/figcaption><\/figure>\n\n\n\n<figure class=\"wp-block-image\"><img decoding=\"async\" src=\"https:\/\/www.link2fleet.com\/wp-content\/uploads\/2020\/09\/Interior-Mazda-MX-30-Industrial-Vintage-7-1024x683.jpg\" alt=\"\" class=\"wp-image-1260125\"\/><figcaption>Selon la finition, Mazda fait la part belle aux mat\u00e9riaux durables. <\/figcaption><\/figure>\n\n\n\n<h2 class=\"wp-block-heading\">BILAN FLEET<\/h2>\n\n\n\n<p>Pas de surprise sur le plan fiscal car il s\u2019agit d\u2019un v\u00e9hicule \u00e9lectrique comme un autre. Mais par rapport \u00e0 ses concurrents directs, le Mazda MX-30 affiche un prix hyper-comp\u00e9titif&nbsp;: \u00e0 partir de 33.490 \u20ac TVAC, d\u00e9j\u00e0 parfaitement \u00e9quip\u00e9, avec un haut de gamme \u00e0 moins de 38.000 \u20ac TVAC. Et puis, comme nous l\u2019avons expliqu\u00e9, il s\u00e9duira une client\u00e8le sensible aux \u00e9missions de CO2 de la fabrication jusqu\u2019\u00e0 la fin de vie du v\u00e9hicule \u00e9lectrique. L\u00e0, le MX-30 fait vraiment la diff\u00e9rence, au d\u00e9triment, il est vrai, d\u2019une autonomie un peu angoissante. <\/p>\n\n\n\n<p><\/p>\n\n\n\n<p><strong>Fiche\ntechnique<\/strong><\/p>\n\n\n\n<p><strong>Mazda\nMX-30 (107 kW &#8211; 145ch)<\/strong><\/p>\n\n\n\n<table class=\"wp-block-table\"><tbody><tr><td>\n  <strong>INFORMATIONS TECHNIQUES<\/strong>\n  <\/td><td>\n  <strong>&nbsp;<\/strong>\n  <\/td><\/tr><tr><td>\n  <strong>Carburant <\/strong>\n  <\/td><td>\n  Electricit\u00e9\n  <\/td><\/tr><tr><td>\n  <strong>Puissance<\/strong>\n  <\/td><td>\n  107 kW &#8211; 145\n  ch \n  <\/td><\/tr><tr><td>\n  <strong>Couple maximum <\/strong>\n  <\/td><td>\n  271 Nm\n  <\/td><\/tr><tr><td>\n  <strong>Poids \u00e0 vide<\/strong>\n  <\/td><td>\n  1.645 kg\n  <\/td><\/tr><tr><td>\n  <strong>Volume du coffre<\/strong>\n  <\/td><td>\n  366 &#8211; 1.171 l\n  <\/td><\/tr><tr><td>\n  <strong>Autonomie <\/strong>\n  <\/td><td>\n  Jusqu\u2019\u00e0 265\n  km (en ville)\n  <\/td><\/tr><tr><td>\n  <strong>Consommation moyenne<\/strong>\n  <\/td><td>\n  19 kWh\/100 km\n  <\/td><\/tr><tr><td>\n  <strong>Emission CO<sub>2<\/sub><\/strong>\n  <\/td><td>\n  0 g\/km\n  <\/td><\/tr><tr><td>\n  <strong>Vitesse maximale<\/strong>\n  <\/td><td>\n  140 km\/h\n  <\/td><\/tr><tr><td>\n  <strong>Capacit\u00e9 de batterie<\/strong>\n  <\/td><td>\n  35,5 kWh\n  <\/td><\/tr><\/tbody><\/table>\n\n\n\n<table class=\"wp-block-table\"><tbody><tr><td>\n  <strong>INFORMATIONS DE GESTION<\/strong>\n  <\/td><\/tr><tr><td>\n  <strong>Prix de base HTVA<\/strong>\n  <\/td><td>\n  27.677,68 \u20ac\n  <\/td><\/tr><tr><td>\n  <strong>Prix de base TVAC<\/strong>\n  <\/td><td>\n  33.490,00 \u20ac\n  <\/td><\/tr><tr><td>\n  <strong>Puissance fiscale<\/strong>\n  <\/td><td>\n  \/\n  <\/td><\/tr><tr><td>\n  <strong>TMC (Bruxelles, Wallonie, Leasing)<\/strong>\n  <\/td><td>\n  61,50 \u20ac\n  <\/td><\/tr><tr><td>\n  <strong>BIV (Flandre)<\/strong>\n  <\/td><td>\n  0 \u20ac \n  <\/td><\/tr><tr><td>\n  <strong>Taxe de circulation (Bruxelles, Wallonie)<\/strong>\n  <\/td><td>\n  83,56 \u20ac\n  <\/td><\/tr><tr><td>\n  <strong>Taxe de circulation (Flandre)<\/strong>\n  <\/td><td>\n  0 \u20ac\n  <\/td><\/tr><tr><td>\n  <strong>D\u00e9ductibilit\u00e9 fiscale<\/strong>\n  <\/td><td>\n  100 %\n  <\/td><\/tr><tr><td>\n  <strong>ATN utilisateur<\/strong>\n  <\/td><td>\n  1.360 \u20ac\/an\n  <\/td><\/tr><tr><td>\n  <strong>D\u00e9penses non-admises<\/strong>\n  <\/td><td>\n  231,20 \u20ac\/an\n  <\/td><\/tr><tr><td>\n  <strong>Taxe CO<sub>2<\/sub><\/strong>\n  <\/td><td>\n  326,88 \u20ac\n  <\/td><\/tr><\/tbody><\/table>\n\n\n\n<ul class=\"wp-block-gallery columns-3 is-cropped wp-block-gallery-1 is-layout-flex wp-block-gallery-is-layout-flex\"><li class=\"blocks-gallery-item\"><figure><a href=\"https:\/\/www.link2fleet.com\/wp-content\/uploads\/2020\/09\/13-Action-Mazda-MX-30-Soul-Red-Crystal-Modern-Confidence-1024x683.jpg\"><img decoding=\"async\" src=\"https:\/\/www.link2fleet.com\/wp-content\/uploads\/2020\/09\/13-Action-Mazda-MX-30-Soul-Red-Crystal-Modern-Confidence-1024x683.jpg\" alt=\"\" data-id=\"1260119\" data-link=\"https:\/\/www.link2fleet.com\/fr\/?attachment_id=1260119\" class=\"wp-image-1260119\"\/><\/a><\/figure><\/li><li class=\"blocks-gallery-item\"><figure><a href=\"https:\/\/www.link2fleet.com\/wp-content\/uploads\/2020\/09\/06-Action-Mazda-MX-30-Soul-Red-Crystal-Modern-Confidence-1024x683.jpg\"><img decoding=\"async\" src=\"https:\/\/www.link2fleet.com\/wp-content\/uploads\/2020\/09\/06-Action-Mazda-MX-30-Soul-Red-Crystal-Modern-Confidence-1024x683.jpg\" alt=\"\" data-id=\"1260117\" data-link=\"https:\/\/www.link2fleet.com\/fr\/?attachment_id=1260117\" class=\"wp-image-1260117\"\/><\/a><\/figure><\/li><li class=\"blocks-gallery-item\"><figure><a href=\"https:\/\/www.link2fleet.com\/wp-content\/uploads\/2020\/09\/16-Action-Mazda-MX-30-Soul-Red-Crystal-Modern-Confidence-1024x683.jpg\"><img decoding=\"async\" src=\"https:\/\/www.link2fleet.com\/wp-content\/uploads\/2020\/09\/16-Action-Mazda-MX-30-Soul-Red-Crystal-Modern-Confidence-1024x683.jpg\" alt=\"\" data-id=\"1260121\" data-link=\"https:\/\/www.link2fleet.com\/fr\/?attachment_id=1260121\" class=\"wp-image-1260121\"\/><\/a><\/figure><\/li><li class=\"blocks-gallery-item\"><figure><a href=\"https:\/\/www.link2fleet.com\/wp-content\/uploads\/2020\/09\/Static-Mazda-MX-30-Soul-Red-Crystal-28-1024x683.jpg\"><img decoding=\"async\" src=\"https:\/\/www.link2fleet.com\/wp-content\/uploads\/2020\/09\/Static-Mazda-MX-30-Soul-Red-Crystal-28-1024x683.jpg\" alt=\"\" data-id=\"1260131\" data-link=\"https:\/\/www.link2fleet.com\/fr\/?attachment_id=1260131\" class=\"wp-image-1260131\"\/><\/a><\/figure><\/li><li class=\"blocks-gallery-item\"><figure><a href=\"https:\/\/www.link2fleet.com\/wp-content\/uploads\/2020\/09\/Interior-Mazda-MX-30-Industrial-Vintage-8-1024x683.jpg\"><img decoding=\"async\" src=\"https:\/\/www.link2fleet.com\/wp-content\/uploads\/2020\/09\/Interior-Mazda-MX-30-Industrial-Vintage-8-1024x683.jpg\" alt=\"\" data-id=\"1260127\" data-link=\"https:\/\/www.link2fleet.com\/fr\/?attachment_id=1260127\" class=\"wp-image-1260127\"\/><\/a><\/figure><\/li><li class=\"blocks-gallery-item\"><figure><a href=\"https:\/\/www.link2fleet.com\/wp-content\/uploads\/2020\/09\/Interior-Mazda-MX-30-Industrial-Vintage-7-1024x683.jpg\"><img decoding=\"async\" src=\"https:\/\/www.link2fleet.com\/wp-content\/uploads\/2020\/09\/Interior-Mazda-MX-30-Industrial-Vintage-7-1024x683.jpg\" alt=\"\" data-id=\"1260125\" data-link=\"https:\/\/www.link2fleet.com\/fr\/?attachment_id=1260125\" class=\"wp-image-1260125\"\/><\/a><\/figure><\/li><li class=\"blocks-gallery-item\"><figure><a href=\"https:\/\/www.link2fleet.com\/wp-content\/uploads\/2020\/09\/Interior-Mazda-MX-30-Industrial-Vintage-11-1024x683.jpg\"><img decoding=\"async\" src=\"https:\/\/www.link2fleet.com\/wp-content\/uploads\/2020\/09\/Interior-Mazda-MX-30-Industrial-Vintage-11-1024x683.jpg\" alt=\"\" data-id=\"1260129\" data-link=\"https:\/\/www.link2fleet.com\/fr\/?attachment_id=1260129\" class=\"wp-image-1260129\"\/><\/a><\/figure><\/li><li class=\"blocks-gallery-item\"><figure><a href=\"https:\/\/www.link2fleet.com\/wp-content\/uploads\/2020\/09\/Details-Mazda-MX-30-Sould-Red-Crystal-1-1024x683.jpg\"><img decoding=\"async\" src=\"https:\/\/www.link2fleet.com\/wp-content\/uploads\/2020\/09\/Details-Mazda-MX-30-Sould-Red-Crystal-1-1024x683.jpg\" alt=\"\" data-id=\"1260123\" data-link=\"https:\/\/www.link2fleet.com\/fr\/?attachment_id=1260123\" class=\"wp-image-1260123\"\/><\/a><\/figure><\/li><\/ul>\n","protected":false},"excerpt":{"rendered":"<p>En d\u00e9veloppant son premier v\u00e9hicule \u00e9lectrique, Mazda a fait ses comptes&nbsp;: quelle est la quantit\u00e9 de CO2 rejet\u00e9e du d\u00e9but \u00e0 la fin du cycle d\u2019une Mazda diesel&nbsp;? C\u2019est en fonction de la r\u00e9ponse que les ing\u00e9nieurs nippons se sont d\u00e9cid\u00e9s sur la capacit\u00e9 de la batterie, fix\u00e9e \u00e0 35,5 kWh. Le pr\u00e9sident de Mazda [&hellip;]<\/p>\n","protected":false},"author":18,"featured_media":2806,"comment_status":"closed","ping_status":"closed","sticky":false,"template":"","format":"standard","meta":{"_acf_changed":false,"footnotes":""},"categories":[77,76],"tags":[],"class_list":["post-2805","post","type-post","status-publish","format-standard","has-post-thumbnail","hentry","category-importateurs-et-constructeurs-automobiles-vp","category-car"],"acf":[],"yoast_head":"<!-- This site is optimized with the Yoast SEO plugin v27.3 - https:\/\/yoast.com\/product\/yoast-seo-wordpress\/ -->\n<title>Essai Mazda MX-30 : une approche plus globale du v\u00e9hicule \u00e9lectrique - link2fleet<\/title>\n<meta name=\"description\" content=\"En lan\u00e7ant son premier mod\u00e8le totalement \u00e9lectrique, Mazda joue la carte de la transparence : le MX-30 n\u2019a pas la plus grosse batterie et donc,\u2026\" \/>\n<meta name=\"robots\" content=\"index, follow, max-snippet:-1, max-image-preview:large, max-video-preview:-1\" \/>\n<meta property=\"og:locale\" content=\"fr_FR\" \/>\n<meta property=\"og:type\" content=\"article\" \/>\n<meta property=\"og:title\" content=\"Essai Mazda MX-30 : une approche plus globale du v\u00e9hicule \u00e9lectrique - link2fleet\" \/>\n<meta property=\"og:description\" content=\"En lan\u00e7ant son premier mod\u00e8le totalement \u00e9lectrique, Mazda joue la carte de la transparence : le MX-30 n\u2019a pas la plus grosse batterie et donc,\u2026\" \/>\n<meta property=\"og:url\" content=\"https:\/\/www.link2fleet.com\/fr\/essai-mazda-mx-30-une-approche-plus-globale-du-vehicule-electrique\/\" \/>\n<meta property=\"og:site_name\" content=\"link2fleet\" \/>\n<meta property=\"article:published_time\" content=\"2020-09-29T12:03:22+00:00\" \/>\n<meta property=\"article:modified_time\" content=\"2024-04-17T14:52:21+00:00\" \/>\n<meta property=\"og:image\" content=\"https:\/\/static.link2fleet.com\/wp-content\/uploads\/2024\/03\/13-action-mazda-mx-30-soul-red-crystal-modern-confidence.jpg\" \/>\n\t<meta property=\"og:image:width\" content=\"1024\" \/>\n\t<meta property=\"og:image:height\" content=\"683\" \/>\n\t<meta property=\"og:image:type\" content=\"image\/jpeg\" \/>\n<meta name=\"author\" content=\"Maxime Pasture\" \/>\n<meta name=\"twitter:card\" content=\"summary_large_image\" \/>\n<meta name=\"twitter:description\" content=\"En lan\u00e7ant son premier mod\u00e8le totalement \u00e9lectrique, Mazda joue la carte de la transparence : le MX-30 n\u2019a pas la plus grosse batterie et donc,\u2026\" \/>\n<meta name=\"twitter:label1\" content=\"\u00c9crit par\" \/>\n\t<meta name=\"twitter:data1\" content=\"Journaliste de formation, Maxime est tr\u00e8s curieux mais surtout passionn\u00e9 d&#039;automobile. Sa curiosit\u00e9 l&#039;am\u00e8ne \u00e0 traiter de sujets divers et vari\u00e9s li\u00e9s \u00e0 la mobilit\u00e9 au sens large et bien plus encore !\" \/>\n\t<meta name=\"twitter:label2\" content=\"Dur\u00e9e de lecture estim\u00e9e\" \/>\n\t<meta name=\"twitter:data2\" content=\"3 minutes\" \/>\n<script type=\"application\/ld+json\" class=\"yoast-schema-graph\">{\"@context\":\"https:\\\/\\\/schema.org\",\"@graph\":[{\"@type\":\"Article\",\"@id\":\"https:\\\/\\\/www.link2fleet.com\\\/fr\\\/essai-mazda-mx-30-une-approche-plus-globale-du-vehicule-electrique\\\/#article\",\"isPartOf\":{\"@id\":\"https:\\\/\\\/www.link2fleet.com\\\/fr\\\/essai-mazda-mx-30-une-approche-plus-globale-du-vehicule-electrique\\\/\"},\"author\":{\"name\":\"Maxime Pasture\",\"@id\":\"https:\\\/\\\/www.link2fleet.com\\\/fr\\\/#\\\/schema\\\/person\\\/36f3d48d12a83e110d72b602b5bebc11\"},\"headline\":\"Essai Mazda MX-30 : une approche plus globale du v\u00e9hicule \u00e9lectrique\",\"datePublished\":\"2020-09-29T12:03:22+00:00\",\"dateModified\":\"2024-04-17T14:52:21+00:00\",\"mainEntityOfPage\":{\"@id\":\"https:\\\/\\\/www.link2fleet.com\\\/fr\\\/essai-mazda-mx-30-une-approche-plus-globale-du-vehicule-electrique\\\/\"},\"wordCount\":617,\"publisher\":{\"@id\":\"https:\\\/\\\/www.link2fleet.com\\\/fr\\\/#organization\"},\"image\":{\"@id\":\"https:\\\/\\\/www.link2fleet.com\\\/fr\\\/essai-mazda-mx-30-une-approche-plus-globale-du-vehicule-electrique\\\/#primaryimage\"},\"thumbnailUrl\":\"https:\\\/\\\/static.link2fleet.com\\\/wp-content\\\/uploads\\\/2024\\\/03\\\/13-action-mazda-mx-30-soul-red-crystal-modern-confidence.jpg\",\"articleSection\":[\"Importateurs et constructeurs\",\"V\u00e9hicules\"],\"inLanguage\":\"fr-FR\"},{\"@type\":\"WebPage\",\"@id\":\"https:\\\/\\\/www.link2fleet.com\\\/fr\\\/essai-mazda-mx-30-une-approche-plus-globale-du-vehicule-electrique\\\/\",\"url\":\"https:\\\/\\\/www.link2fleet.com\\\/fr\\\/essai-mazda-mx-30-une-approche-plus-globale-du-vehicule-electrique\\\/\",\"name\":\"Essai Mazda MX-30 : une approche plus globale du v\u00e9hicule \u00e9lectrique - link2fleet\",\"isPartOf\":{\"@id\":\"https:\\\/\\\/www.link2fleet.com\\\/fr\\\/#website\"},\"primaryImageOfPage\":{\"@id\":\"https:\\\/\\\/www.link2fleet.com\\\/fr\\\/essai-mazda-mx-30-une-approche-plus-globale-du-vehicule-electrique\\\/#primaryimage\"},\"image\":{\"@id\":\"https:\\\/\\\/www.link2fleet.com\\\/fr\\\/essai-mazda-mx-30-une-approche-plus-globale-du-vehicule-electrique\\\/#primaryimage\"},\"thumbnailUrl\":\"https:\\\/\\\/static.link2fleet.com\\\/wp-content\\\/uploads\\\/2024\\\/03\\\/13-action-mazda-mx-30-soul-red-crystal-modern-confidence.jpg\",\"datePublished\":\"2020-09-29T12:03:22+00:00\",\"dateModified\":\"2024-04-17T14:52:21+00:00\",\"breadcrumb\":{\"@id\":\"https:\\\/\\\/www.link2fleet.com\\\/fr\\\/essai-mazda-mx-30-une-approche-plus-globale-du-vehicule-electrique\\\/#breadcrumb\"},\"inLanguage\":\"fr-FR\",\"potentialAction\":[{\"@type\":\"ReadAction\",\"target\":[\"https:\\\/\\\/www.link2fleet.com\\\/fr\\\/essai-mazda-mx-30-une-approche-plus-globale-du-vehicule-electrique\\\/\"]}]},{\"@type\":\"ImageObject\",\"inLanguage\":\"fr-FR\",\"@id\":\"https:\\\/\\\/www.link2fleet.com\\\/fr\\\/essai-mazda-mx-30-une-approche-plus-globale-du-vehicule-electrique\\\/#primaryimage\",\"url\":\"https:\\\/\\\/static.link2fleet.com\\\/wp-content\\\/uploads\\\/2024\\\/03\\\/13-action-mazda-mx-30-soul-red-crystal-modern-confidence.jpg\",\"contentUrl\":\"https:\\\/\\\/static.link2fleet.com\\\/wp-content\\\/uploads\\\/2024\\\/03\\\/13-action-mazda-mx-30-soul-red-crystal-modern-confidence.jpg\",\"width\":5568,\"height\":3712,\"caption\":\"|\"},{\"@type\":\"BreadcrumbList\",\"@id\":\"https:\\\/\\\/www.link2fleet.com\\\/fr\\\/essai-mazda-mx-30-une-approche-plus-globale-du-vehicule-electrique\\\/#breadcrumb\",\"itemListElement\":[{\"@type\":\"ListItem\",\"position\":1,\"name\":\"Home\",\"item\":\"https:\\\/\\\/www.link2fleet.com\\\/fr\\\/\"},{\"@type\":\"ListItem\",\"position\":2,\"name\":\"Essai Mazda MX-30 : une approche plus globale du v\u00e9hicule \u00e9lectrique\"}]},{\"@type\":\"WebSite\",\"@id\":\"https:\\\/\\\/www.link2fleet.com\\\/fr\\\/#website\",\"url\":\"https:\\\/\\\/www.link2fleet.com\\\/fr\\\/\",\"name\":\"Link2fleet\",\"description\":\"\",\"publisher\":{\"@id\":\"https:\\\/\\\/www.link2fleet.com\\\/fr\\\/#organization\"},\"potentialAction\":[{\"@type\":\"SearchAction\",\"target\":{\"@type\":\"EntryPoint\",\"urlTemplate\":\"https:\\\/\\\/www.link2fleet.com\\\/fr\\\/?s={search_term_string}\"},\"query-input\":{\"@type\":\"PropertyValueSpecification\",\"valueRequired\":true,\"valueName\":\"search_term_string\"}}],\"inLanguage\":\"fr-FR\"},{\"@type\":\"Organization\",\"@id\":\"https:\\\/\\\/www.link2fleet.com\\\/fr\\\/#organization\",\"name\":\"Link2fleet\",\"url\":\"https:\\\/\\\/www.link2fleet.com\\\/fr\\\/\",\"logo\":{\"@type\":\"ImageObject\",\"inLanguage\":\"fr-FR\",\"@id\":\"https:\\\/\\\/www.link2fleet.com\\\/fr\\\/#\\\/schema\\\/logo\\\/image\\\/\",\"url\":\"https:\\\/\\\/static.link2fleet.com\\\/wp-content\\\/uploads\\\/2024\\\/03\\\/share-image.jpg\",\"contentUrl\":\"https:\\\/\\\/static.link2fleet.com\\\/wp-content\\\/uploads\\\/2024\\\/03\\\/share-image.jpg\",\"width\":1200,\"height\":630,\"caption\":\"Link2fleet\"},\"image\":{\"@id\":\"https:\\\/\\\/www.link2fleet.com\\\/fr\\\/#\\\/schema\\\/logo\\\/image\\\/\"},\"sameAs\":[\"https:\\\/\\\/www.linkedin.com\\\/company\\\/link2fleet-belgium\",\"https:\\\/\\\/www.youtube.com\\\/user\\\/MMMBMBE\"]},{\"@type\":\"Person\",\"@id\":\"https:\\\/\\\/www.link2fleet.com\\\/fr\\\/#\\\/schema\\\/person\\\/36f3d48d12a83e110d72b602b5bebc11\",\"name\":\"Maxime Pasture\",\"image\":{\"@type\":\"ImageObject\",\"inLanguage\":\"fr-FR\",\"@id\":\"https:\\\/\\\/secure.gravatar.com\\\/avatar\\\/a17c47a11dd3996c69a173e291c692b6a028e82349994bf0d9f60936c9795b9f?s=96&d=mm&r=g\",\"url\":\"https:\\\/\\\/secure.gravatar.com\\\/avatar\\\/a17c47a11dd3996c69a173e291c692b6a028e82349994bf0d9f60936c9795b9f?s=96&d=mm&r=g\",\"contentUrl\":\"https:\\\/\\\/secure.gravatar.com\\\/avatar\\\/a17c47a11dd3996c69a173e291c692b6a028e82349994bf0d9f60936c9795b9f?s=96&d=mm&r=g\",\"caption\":\"Maxime Pasture\"},\"description\":\"Journaliste de formation, Maxime est tr\u00e8s curieux mais surtout passionn\u00e9 d'automobile. Sa curiosit\u00e9 l'am\u00e8ne \u00e0 traiter de sujets divers et vari\u00e9s li\u00e9s \u00e0 la mobilit\u00e9 au sens large et bien plus encore !\"}]}<\/script>\n<!-- \/ Yoast SEO plugin. -->","yoast_head_json":{"title":"Essai Mazda MX-30 : une approche plus globale du v\u00e9hicule \u00e9lectrique - link2fleet","description":"En lan\u00e7ant son premier mod\u00e8le totalement \u00e9lectrique, Mazda joue la carte de la transparence : le MX-30 n\u2019a pas la plus grosse batterie et donc,\u2026","robots":{"index":"index","follow":"follow","max-snippet":"max-snippet:-1","max-image-preview":"max-image-preview:large","max-video-preview":"max-video-preview:-1"},"og_locale":"fr_FR","og_type":"article","og_title":"Essai Mazda MX-30 : une approche plus globale du v\u00e9hicule \u00e9lectrique - link2fleet","og_description":"En lan\u00e7ant son premier mod\u00e8le totalement \u00e9lectrique, Mazda joue la carte de la transparence : le MX-30 n\u2019a pas la plus grosse batterie et donc,\u2026","og_url":"https:\/\/www.link2fleet.com\/fr\/essai-mazda-mx-30-une-approche-plus-globale-du-vehicule-electrique\/","og_site_name":"link2fleet","article_published_time":"2020-09-29T12:03:22+00:00","article_modified_time":"2024-04-17T14:52:21+00:00","og_image":[{"url":"https:\/\/static.link2fleet.com\/wp-content\/uploads\/2024\/03\/13-action-mazda-mx-30-soul-red-crystal-modern-confidence.jpg","width":1024,"height":683,"type":"image\/jpeg"}],"author":"Maxime Pasture","twitter_card":"summary_large_image","twitter_description":"En lan\u00e7ant son premier mod\u00e8le totalement \u00e9lectrique, Mazda joue la carte de la transparence : le MX-30 n\u2019a pas la plus grosse batterie et donc,\u2026","twitter_misc":{"\u00c9crit par":"Journaliste de formation, Maxime est tr\u00e8s curieux mais surtout passionn\u00e9 d'automobile. Sa curiosit\u00e9 l'am\u00e8ne \u00e0 traiter de sujets divers et vari\u00e9s li\u00e9s \u00e0 la mobilit\u00e9 au sens large et bien plus encore !","Dur\u00e9e de lecture estim\u00e9e":"3 minutes"},"schema":{"@context":"https:\/\/schema.org","@graph":[{"@type":"Article","@id":"https:\/\/www.link2fleet.com\/fr\/essai-mazda-mx-30-une-approche-plus-globale-du-vehicule-electrique\/#article","isPartOf":{"@id":"https:\/\/www.link2fleet.com\/fr\/essai-mazda-mx-30-une-approche-plus-globale-du-vehicule-electrique\/"},"author":{"name":"Maxime Pasture","@id":"https:\/\/www.link2fleet.com\/fr\/#\/schema\/person\/36f3d48d12a83e110d72b602b5bebc11"},"headline":"Essai Mazda MX-30 : une approche plus globale du v\u00e9hicule \u00e9lectrique","datePublished":"2020-09-29T12:03:22+00:00","dateModified":"2024-04-17T14:52:21+00:00","mainEntityOfPage":{"@id":"https:\/\/www.link2fleet.com\/fr\/essai-mazda-mx-30-une-approche-plus-globale-du-vehicule-electrique\/"},"wordCount":617,"publisher":{"@id":"https:\/\/www.link2fleet.com\/fr\/#organization"},"image":{"@id":"https:\/\/www.link2fleet.com\/fr\/essai-mazda-mx-30-une-approche-plus-globale-du-vehicule-electrique\/#primaryimage"},"thumbnailUrl":"https:\/\/static.link2fleet.com\/wp-content\/uploads\/2024\/03\/13-action-mazda-mx-30-soul-red-crystal-modern-confidence.jpg","articleSection":["Importateurs et constructeurs","V\u00e9hicules"],"inLanguage":"fr-FR"},{"@type":"WebPage","@id":"https:\/\/www.link2fleet.com\/fr\/essai-mazda-mx-30-une-approche-plus-globale-du-vehicule-electrique\/","url":"https:\/\/www.link2fleet.com\/fr\/essai-mazda-mx-30-une-approche-plus-globale-du-vehicule-electrique\/","name":"Essai Mazda MX-30 : une approche plus globale du v\u00e9hicule \u00e9lectrique - link2fleet","isPartOf":{"@id":"https:\/\/www.link2fleet.com\/fr\/#website"},"primaryImageOfPage":{"@id":"https:\/\/www.link2fleet.com\/fr\/essai-mazda-mx-30-une-approche-plus-globale-du-vehicule-electrique\/#primaryimage"},"image":{"@id":"https:\/\/www.link2fleet.com\/fr\/essai-mazda-mx-30-une-approche-plus-globale-du-vehicule-electrique\/#primaryimage"},"thumbnailUrl":"https:\/\/static.link2fleet.com\/wp-content\/uploads\/2024\/03\/13-action-mazda-mx-30-soul-red-crystal-modern-confidence.jpg","datePublished":"2020-09-29T12:03:22+00:00","dateModified":"2024-04-17T14:52:21+00:00","breadcrumb":{"@id":"https:\/\/www.link2fleet.com\/fr\/essai-mazda-mx-30-une-approche-plus-globale-du-vehicule-electrique\/#breadcrumb"},"inLanguage":"fr-FR","potentialAction":[{"@type":"ReadAction","target":["https:\/\/www.link2fleet.com\/fr\/essai-mazda-mx-30-une-approche-plus-globale-du-vehicule-electrique\/"]}]},{"@type":"ImageObject","inLanguage":"fr-FR","@id":"https:\/\/www.link2fleet.com\/fr\/essai-mazda-mx-30-une-approche-plus-globale-du-vehicule-electrique\/#primaryimage","url":"https:\/\/static.link2fleet.com\/wp-content\/uploads\/2024\/03\/13-action-mazda-mx-30-soul-red-crystal-modern-confidence.jpg","contentUrl":"https:\/\/static.link2fleet.com\/wp-content\/uploads\/2024\/03\/13-action-mazda-mx-30-soul-red-crystal-modern-confidence.jpg","width":5568,"height":3712,"caption":"|"},{"@type":"BreadcrumbList","@id":"https:\/\/www.link2fleet.com\/fr\/essai-mazda-mx-30-une-approche-plus-globale-du-vehicule-electrique\/#breadcrumb","itemListElement":[{"@type":"ListItem","position":1,"name":"Home","item":"https:\/\/www.link2fleet.com\/fr\/"},{"@type":"ListItem","position":2,"name":"Essai Mazda MX-30 : une approche plus globale du v\u00e9hicule \u00e9lectrique"}]},{"@type":"WebSite","@id":"https:\/\/www.link2fleet.com\/fr\/#website","url":"https:\/\/www.link2fleet.com\/fr\/","name":"Link2fleet","description":"","publisher":{"@id":"https:\/\/www.link2fleet.com\/fr\/#organization"},"potentialAction":[{"@type":"SearchAction","target":{"@type":"EntryPoint","urlTemplate":"https:\/\/www.link2fleet.com\/fr\/?s={search_term_string}"},"query-input":{"@type":"PropertyValueSpecification","valueRequired":true,"valueName":"search_term_string"}}],"inLanguage":"fr-FR"},{"@type":"Organization","@id":"https:\/\/www.link2fleet.com\/fr\/#organization","name":"Link2fleet","url":"https:\/\/www.link2fleet.com\/fr\/","logo":{"@type":"ImageObject","inLanguage":"fr-FR","@id":"https:\/\/www.link2fleet.com\/fr\/#\/schema\/logo\/image\/","url":"https:\/\/static.link2fleet.com\/wp-content\/uploads\/2024\/03\/share-image.jpg","contentUrl":"https:\/\/static.link2fleet.com\/wp-content\/uploads\/2024\/03\/share-image.jpg","width":1200,"height":630,"caption":"Link2fleet"},"image":{"@id":"https:\/\/www.link2fleet.com\/fr\/#\/schema\/logo\/image\/"},"sameAs":["https:\/\/www.linkedin.com\/company\/link2fleet-belgium","https:\/\/www.youtube.com\/user\/MMMBMBE"]},{"@type":"Person","@id":"https:\/\/www.link2fleet.com\/fr\/#\/schema\/person\/36f3d48d12a83e110d72b602b5bebc11","name":"Maxime Pasture","image":{"@type":"ImageObject","inLanguage":"fr-FR","@id":"https:\/\/secure.gravatar.com\/avatar\/a17c47a11dd3996c69a173e291c692b6a028e82349994bf0d9f60936c9795b9f?s=96&d=mm&r=g","url":"https:\/\/secure.gravatar.com\/avatar\/a17c47a11dd3996c69a173e291c692b6a028e82349994bf0d9f60936c9795b9f?s=96&d=mm&r=g","contentUrl":"https:\/\/secure.gravatar.com\/avatar\/a17c47a11dd3996c69a173e291c692b6a028e82349994bf0d9f60936c9795b9f?s=96&d=mm&r=g","caption":"Maxime Pasture"},"description":"Journaliste de formation, Maxime est tr\u00e8s curieux mais surtout passionn\u00e9 d'automobile. Sa curiosit\u00e9 l'am\u00e8ne \u00e0 traiter de sujets divers et vari\u00e9s li\u00e9s \u00e0 la mobilit\u00e9 au sens large et bien plus encore !"}]}},"_links":{"self":[{"href":"https:\/\/www.link2fleet.com\/fr\/wp-json\/wp\/v2\/posts\/2805","targetHints":{"allow":["GET"]}}],"collection":[{"href":"https:\/\/www.link2fleet.com\/fr\/wp-json\/wp\/v2\/posts"}],"about":[{"href":"https:\/\/www.link2fleet.com\/fr\/wp-json\/wp\/v2\/types\/post"}],"author":[{"embeddable":true,"href":"https:\/\/www.link2fleet.com\/fr\/wp-json\/wp\/v2\/users\/18"}],"replies":[{"embeddable":true,"href":"https:\/\/www.link2fleet.com\/fr\/wp-json\/wp\/v2\/comments?post=2805"}],"version-history":[{"count":0,"href":"https:\/\/www.link2fleet.com\/fr\/wp-json\/wp\/v2\/posts\/2805\/revisions"}],"wp:featuredmedia":[{"embeddable":true,"href":"https:\/\/www.link2fleet.com\/fr\/wp-json\/wp\/v2\/media\/2806"}],"wp:attachment":[{"href":"https:\/\/www.link2fleet.com\/fr\/wp-json\/wp\/v2\/media?parent=2805"}],"wp:term":[{"taxonomy":"category","embeddable":true,"href":"https:\/\/www.link2fleet.com\/fr\/wp-json\/wp\/v2\/categories?post=2805"},{"taxonomy":"post_tag","embeddable":true,"href":"https:\/\/www.link2fleet.com\/fr\/wp-json\/wp\/v2\/tags?post=2805"}],"curies":[{"name":"wp","href":"https:\/\/api.w.org\/{rel}","templated":true}]}}