{"id":28407,"date":"2024-06-03T11:27:24","date_gmt":"2024-06-03T09:27:24","guid":{"rendered":"https:\/\/www.link2fleet.com\/?p=28407"},"modified":"2024-06-03T16:36:50","modified_gmt":"2024-06-03T14:36:50","slug":"comparatif-tco-bmw-i5-vs-mercedes-eqe-concurrentes-et-pourtant-si-differentes","status":"publish","type":"post","link":"https:\/\/www.link2fleet.com\/fr\/comparatif-tco-bmw-i5-vs-mercedes-eqe-concurrentes-et-pourtant-si-differentes\/","title":{"rendered":"Comparatif TCO BMW i5 vs Mercedes EQE: Concurrentes et pourtant si diff\u00e9rentes !"},"content":{"rendered":"","protected":false},"excerpt":{"rendered":"","protected":false},"author":4,"featured_media":28467,"comment_status":"closed","ping_status":"closed","sticky":false,"template":"","format":"standard","meta":{"_acf_changed":false,"footnotes":""},"categories":[134],"tags":[267,268,271,272,218,269,270],"class_list":["post-28407","post","type-post","status-publish","format-standard","has-post-thumbnail","hentry","category-fleet-test","tag-bmw","tag-bmw-i5","tag-comparatif-tco","tag-essai","tag-fleet-fr","tag-mercedes","tag-mercedes-eqe"],"acf":[],"yoast_head":"<!-- This site is optimized with the Yoast SEO plugin v27.3 - https:\/\/yoast.com\/product\/yoast-seo-wordpress\/ -->\n<title>Comparatif TCO BMW i5 vs Mercedes EQE: Concurrentes et pourtant si diff\u00e9rentes ! - link2fleet<\/title>\n<meta name=\"description\" content=\"BMW et Mercedes ont opt\u00e9 pour des strat\u00e9gies oppos\u00e9es en mati\u00e8re d\u2019\u00e9lectrification. Le premier \u00e9lectrifie dor\u00e9navant ses mod\u00e8les traditionnels, tandis que Mercedes propose une gamme\u2026\" \/>\n<meta name=\"robots\" content=\"index, follow, max-snippet:-1, max-image-preview:large, max-video-preview:-1\" \/>\n<meta property=\"og:locale\" content=\"fr_FR\" \/>\n<meta property=\"og:type\" content=\"article\" \/>\n<meta property=\"og:title\" content=\"Comparatif TCO BMW i5 vs Mercedes EQE: Concurrentes et pourtant si diff\u00e9rentes ! - link2fleet\" \/>\n<meta property=\"og:description\" content=\"BMW et Mercedes ont opt\u00e9 pour des strat\u00e9gies oppos\u00e9es en mati\u00e8re d\u2019\u00e9lectrification. Le premier \u00e9lectrifie dor\u00e9navant ses mod\u00e8les traditionnels, tandis que Mercedes propose une gamme\u2026\" \/>\n<meta property=\"og:url\" content=\"https:\/\/www.link2fleet.com\/tco-vergelijking-bmw-i5-vs-mercedes-eqe-concurrenten-maar-toch-zo-anders\/\" \/>\n<meta property=\"og:site_name\" content=\"link2fleet\" \/>\n<meta property=\"article:published_time\" content=\"2024-06-03T09:27:24+00:00\" \/>\n<meta property=\"article:modified_time\" content=\"2024-06-03T14:36:50+00:00\" \/>\n<meta property=\"og:image\" content=\"https:\/\/static.link2fleet.com\/wp-content\/uploads\/2024\/06\/bmw-i5-mercedes-eqe.jpg\" \/>\n\t<meta property=\"og:image:width\" content=\"1378\" \/>\n\t<meta property=\"og:image:height\" content=\"761\" \/>\n\t<meta property=\"og:image:type\" content=\"image\/jpeg\" \/>\n<meta name=\"author\" content=\"Damien Malvetti\" \/>\n<meta name=\"twitter:card\" content=\"summary_large_image\" \/>\n<meta name=\"twitter:description\" content=\"BMW et Mercedes ont opt\u00e9 pour des strat\u00e9gies oppos\u00e9es en mati\u00e8re d\u2019\u00e9lectrification. Le premier \u00e9lectrifie dor\u00e9navant ses mod\u00e8les traditionnels, tandis que Mercedes propose une gamme\u2026\" \/>\n<meta name=\"twitter:label1\" content=\"\u00c9crit par\" \/>\n\t<meta name=\"twitter:data1\" content=\"Damien Malvetti\" \/>\n\t<meta name=\"twitter:label2\" content=\"Dur\u00e9e de lecture estim\u00e9e\" \/>\n\t<meta name=\"twitter:data2\" content=\"9 minutes\" \/>\n<script type=\"application\/ld+json\" class=\"yoast-schema-graph\">{\"@context\":\"https:\\\/\\\/schema.org\",\"@graph\":[{\"@type\":\"Article\",\"@id\":\"https:\\\/\\\/www.link2fleet.com\\\/tco-vergelijking-bmw-i5-vs-mercedes-eqe-concurrenten-maar-toch-zo-anders\\\/#article\",\"isPartOf\":{\"@id\":\"https:\\\/\\\/www.link2fleet.com\\\/tco-vergelijking-bmw-i5-vs-mercedes-eqe-concurrenten-maar-toch-zo-anders\\\/\"},\"author\":{\"name\":\"Damien Malvetti\",\"@id\":\"https:\\\/\\\/www.link2fleet.com\\\/fr\\\/#\\\/schema\\\/person\\\/027cd46113c78036b3809c9a054049da\"},\"headline\":\"Comparatif TCO BMW i5 vs Mercedes EQE: Concurrentes et pourtant si diff\u00e9rentes !\",\"datePublished\":\"2024-06-03T09:27:24+00:00\",\"dateModified\":\"2024-06-03T14:36:50+00:00\",\"mainEntityOfPage\":{\"@id\":\"https:\\\/\\\/www.link2fleet.com\\\/tco-vergelijking-bmw-i5-vs-mercedes-eqe-concurrenten-maar-toch-zo-anders\\\/\"},\"wordCount\":13,\"publisher\":{\"@id\":\"https:\\\/\\\/www.link2fleet.com\\\/fr\\\/#organization\"},\"image\":{\"@id\":\"https:\\\/\\\/www.link2fleet.com\\\/tco-vergelijking-bmw-i5-vs-mercedes-eqe-concurrenten-maar-toch-zo-anders\\\/#primaryimage\"},\"thumbnailUrl\":\"https:\\\/\\\/static.link2fleet.com\\\/wp-content\\\/uploads\\\/2024\\\/06\\\/bmw-i5-mercedes-eqe.jpg\",\"keywords\":[\"BMW\",\"BMW i5\",\"comparatif TCO\",\"essai\",\"fleet\",\"Mercedes\",\"Mercedes EQE\"],\"articleSection\":[\"Essais fleet\"],\"inLanguage\":\"fr-FR\"},{\"@type\":\"WebPage\",\"@id\":\"https:\\\/\\\/www.link2fleet.com\\\/tco-vergelijking-bmw-i5-vs-mercedes-eqe-concurrenten-maar-toch-zo-anders\\\/\",\"url\":\"https:\\\/\\\/www.link2fleet.com\\\/tco-vergelijking-bmw-i5-vs-mercedes-eqe-concurrenten-maar-toch-zo-anders\\\/\",\"name\":\"Comparatif TCO BMW i5 vs Mercedes EQE: Concurrentes et pourtant si diff\u00e9rentes ! - link2fleet\",\"isPartOf\":{\"@id\":\"https:\\\/\\\/www.link2fleet.com\\\/fr\\\/#website\"},\"primaryImageOfPage\":{\"@id\":\"https:\\\/\\\/www.link2fleet.com\\\/tco-vergelijking-bmw-i5-vs-mercedes-eqe-concurrenten-maar-toch-zo-anders\\\/#primaryimage\"},\"image\":{\"@id\":\"https:\\\/\\\/www.link2fleet.com\\\/tco-vergelijking-bmw-i5-vs-mercedes-eqe-concurrenten-maar-toch-zo-anders\\\/#primaryimage\"},\"thumbnailUrl\":\"https:\\\/\\\/static.link2fleet.com\\\/wp-content\\\/uploads\\\/2024\\\/06\\\/bmw-i5-mercedes-eqe.jpg\",\"datePublished\":\"2024-06-03T09:27:24+00:00\",\"dateModified\":\"2024-06-03T14:36:50+00:00\",\"breadcrumb\":{\"@id\":\"https:\\\/\\\/www.link2fleet.com\\\/tco-vergelijking-bmw-i5-vs-mercedes-eqe-concurrenten-maar-toch-zo-anders\\\/#breadcrumb\"},\"inLanguage\":\"fr-FR\",\"potentialAction\":[{\"@type\":\"ReadAction\",\"target\":[\"https:\\\/\\\/www.link2fleet.com\\\/tco-vergelijking-bmw-i5-vs-mercedes-eqe-concurrenten-maar-toch-zo-anders\\\/\"]}]},{\"@type\":\"ImageObject\",\"inLanguage\":\"fr-FR\",\"@id\":\"https:\\\/\\\/www.link2fleet.com\\\/tco-vergelijking-bmw-i5-vs-mercedes-eqe-concurrenten-maar-toch-zo-anders\\\/#primaryimage\",\"url\":\"https:\\\/\\\/static.link2fleet.com\\\/wp-content\\\/uploads\\\/2024\\\/06\\\/bmw-i5-mercedes-eqe.jpg\",\"contentUrl\":\"https:\\\/\\\/static.link2fleet.com\\\/wp-content\\\/uploads\\\/2024\\\/06\\\/bmw-i5-mercedes-eqe.jpg\",\"width\":1378,\"height\":761},{\"@type\":\"BreadcrumbList\",\"@id\":\"https:\\\/\\\/www.link2fleet.com\\\/tco-vergelijking-bmw-i5-vs-mercedes-eqe-concurrenten-maar-toch-zo-anders\\\/#breadcrumb\",\"itemListElement\":[{\"@type\":\"ListItem\",\"position\":1,\"name\":\"Home\",\"item\":\"https:\\\/\\\/www.link2fleet.com\\\/fr\\\/\"},{\"@type\":\"ListItem\",\"position\":2,\"name\":\"Comparatif TCO BMW i5 vs Mercedes EQE: Concurrentes et pourtant si diff\u00e9rentes !\"}]},{\"@type\":\"WebSite\",\"@id\":\"https:\\\/\\\/www.link2fleet.com\\\/fr\\\/#website\",\"url\":\"https:\\\/\\\/www.link2fleet.com\\\/fr\\\/\",\"name\":\"Link2fleet\",\"description\":\"\",\"publisher\":{\"@id\":\"https:\\\/\\\/www.link2fleet.com\\\/fr\\\/#organization\"},\"potentialAction\":[{\"@type\":\"SearchAction\",\"target\":{\"@type\":\"EntryPoint\",\"urlTemplate\":\"https:\\\/\\\/www.link2fleet.com\\\/fr\\\/?s={search_term_string}\"},\"query-input\":{\"@type\":\"PropertyValueSpecification\",\"valueRequired\":true,\"valueName\":\"search_term_string\"}}],\"inLanguage\":\"fr-FR\"},{\"@type\":\"Organization\",\"@id\":\"https:\\\/\\\/www.link2fleet.com\\\/fr\\\/#organization\",\"name\":\"Link2fleet\",\"url\":\"https:\\\/\\\/www.link2fleet.com\\\/fr\\\/\",\"logo\":{\"@type\":\"ImageObject\",\"inLanguage\":\"fr-FR\",\"@id\":\"https:\\\/\\\/www.link2fleet.com\\\/fr\\\/#\\\/schema\\\/logo\\\/image\\\/\",\"url\":\"https:\\\/\\\/static.link2fleet.com\\\/wp-content\\\/uploads\\\/2024\\\/03\\\/share-image.jpg\",\"contentUrl\":\"https:\\\/\\\/static.link2fleet.com\\\/wp-content\\\/uploads\\\/2024\\\/03\\\/share-image.jpg\",\"width\":1200,\"height\":630,\"caption\":\"Link2fleet\"},\"image\":{\"@id\":\"https:\\\/\\\/www.link2fleet.com\\\/fr\\\/#\\\/schema\\\/logo\\\/image\\\/\"},\"sameAs\":[\"https:\\\/\\\/www.linkedin.com\\\/company\\\/link2fleet-belgium\",\"https:\\\/\\\/www.youtube.com\\\/user\\\/MMMBMBE\"]},{\"@type\":\"Person\",\"@id\":\"https:\\\/\\\/www.link2fleet.com\\\/fr\\\/#\\\/schema\\\/person\\\/027cd46113c78036b3809c9a054049da\",\"name\":\"Damien Malvetti\",\"image\":{\"@type\":\"ImageObject\",\"inLanguage\":\"fr-FR\",\"@id\":\"https:\\\/\\\/secure.gravatar.com\\\/avatar\\\/dd8cc03b49466c735f753ac37f8caa371af16dfed347456ed61f02883255eebb?s=96&d=mm&r=g\",\"url\":\"https:\\\/\\\/secure.gravatar.com\\\/avatar\\\/dd8cc03b49466c735f753ac37f8caa371af16dfed347456ed61f02883255eebb?s=96&d=mm&r=g\",\"contentUrl\":\"https:\\\/\\\/secure.gravatar.com\\\/avatar\\\/dd8cc03b49466c735f753ac37f8caa371af16dfed347456ed61f02883255eebb?s=96&d=mm&r=g\",\"caption\":\"Damien Malvetti\"},\"description\":\"Damien Malvetti is opgeleid als journalist en gepassioneerd door wagens, technologie en mobiliteit. Hij is verantwoordelijk voor de redactionele inhoud van link2fleet en beschikt over een uitgebreide kennis van de fleet-sector en elektrische mobiliteit.\",\"sameAs\":[\"https:\\\/\\\/www.linkedin.com\\\/in\\\/damien-malvetti-56601142\\\/\"]}]}<\/script>\n<!-- \/ Yoast SEO plugin. -->","yoast_head_json":{"title":"Comparatif TCO BMW i5 vs Mercedes EQE: Concurrentes et pourtant si diff\u00e9rentes ! - link2fleet","description":"BMW et Mercedes ont opt\u00e9 pour des strat\u00e9gies oppos\u00e9es en mati\u00e8re d\u2019\u00e9lectrification. Le premier \u00e9lectrifie dor\u00e9navant ses mod\u00e8les traditionnels, tandis que Mercedes propose une gamme\u2026","robots":{"index":"index","follow":"follow","max-snippet":"max-snippet:-1","max-image-preview":"max-image-preview:large","max-video-preview":"max-video-preview:-1"},"og_locale":"fr_FR","og_type":"article","og_title":"Comparatif TCO BMW i5 vs Mercedes EQE: Concurrentes et pourtant si diff\u00e9rentes ! - link2fleet","og_description":"BMW et Mercedes ont opt\u00e9 pour des strat\u00e9gies oppos\u00e9es en mati\u00e8re d\u2019\u00e9lectrification. Le premier \u00e9lectrifie dor\u00e9navant ses mod\u00e8les traditionnels, tandis que Mercedes propose une gamme\u2026","og_url":"https:\/\/www.link2fleet.com\/tco-vergelijking-bmw-i5-vs-mercedes-eqe-concurrenten-maar-toch-zo-anders\/","og_site_name":"link2fleet","article_published_time":"2024-06-03T09:27:24+00:00","article_modified_time":"2024-06-03T14:36:50+00:00","og_image":[{"width":1378,"height":761,"url":"https:\/\/static.link2fleet.com\/wp-content\/uploads\/2024\/06\/bmw-i5-mercedes-eqe.jpg","type":"image\/jpeg"}],"author":"Damien Malvetti","twitter_card":"summary_large_image","twitter_description":"BMW et Mercedes ont opt\u00e9 pour des strat\u00e9gies oppos\u00e9es en mati\u00e8re d\u2019\u00e9lectrification. Le premier \u00e9lectrifie dor\u00e9navant ses mod\u00e8les traditionnels, tandis que Mercedes propose une gamme\u2026","twitter_misc":{"\u00c9crit par":"Damien Malvetti","Dur\u00e9e de lecture estim\u00e9e":"9 minutes"},"schema":{"@context":"https:\/\/schema.org","@graph":[{"@type":"Article","@id":"https:\/\/www.link2fleet.com\/tco-vergelijking-bmw-i5-vs-mercedes-eqe-concurrenten-maar-toch-zo-anders\/#article","isPartOf":{"@id":"https:\/\/www.link2fleet.com\/tco-vergelijking-bmw-i5-vs-mercedes-eqe-concurrenten-maar-toch-zo-anders\/"},"author":{"name":"Damien Malvetti","@id":"https:\/\/www.link2fleet.com\/fr\/#\/schema\/person\/027cd46113c78036b3809c9a054049da"},"headline":"Comparatif TCO BMW i5 vs Mercedes EQE: Concurrentes et pourtant si diff\u00e9rentes !","datePublished":"2024-06-03T09:27:24+00:00","dateModified":"2024-06-03T14:36:50+00:00","mainEntityOfPage":{"@id":"https:\/\/www.link2fleet.com\/tco-vergelijking-bmw-i5-vs-mercedes-eqe-concurrenten-maar-toch-zo-anders\/"},"wordCount":13,"publisher":{"@id":"https:\/\/www.link2fleet.com\/fr\/#organization"},"image":{"@id":"https:\/\/www.link2fleet.com\/tco-vergelijking-bmw-i5-vs-mercedes-eqe-concurrenten-maar-toch-zo-anders\/#primaryimage"},"thumbnailUrl":"https:\/\/static.link2fleet.com\/wp-content\/uploads\/2024\/06\/bmw-i5-mercedes-eqe.jpg","keywords":["BMW","BMW i5","comparatif TCO","essai","fleet","Mercedes","Mercedes EQE"],"articleSection":["Essais fleet"],"inLanguage":"fr-FR"},{"@type":"WebPage","@id":"https:\/\/www.link2fleet.com\/tco-vergelijking-bmw-i5-vs-mercedes-eqe-concurrenten-maar-toch-zo-anders\/","url":"https:\/\/www.link2fleet.com\/tco-vergelijking-bmw-i5-vs-mercedes-eqe-concurrenten-maar-toch-zo-anders\/","name":"Comparatif TCO BMW i5 vs Mercedes EQE: Concurrentes et pourtant si diff\u00e9rentes ! - link2fleet","isPartOf":{"@id":"https:\/\/www.link2fleet.com\/fr\/#website"},"primaryImageOfPage":{"@id":"https:\/\/www.link2fleet.com\/tco-vergelijking-bmw-i5-vs-mercedes-eqe-concurrenten-maar-toch-zo-anders\/#primaryimage"},"image":{"@id":"https:\/\/www.link2fleet.com\/tco-vergelijking-bmw-i5-vs-mercedes-eqe-concurrenten-maar-toch-zo-anders\/#primaryimage"},"thumbnailUrl":"https:\/\/static.link2fleet.com\/wp-content\/uploads\/2024\/06\/bmw-i5-mercedes-eqe.jpg","datePublished":"2024-06-03T09:27:24+00:00","dateModified":"2024-06-03T14:36:50+00:00","breadcrumb":{"@id":"https:\/\/www.link2fleet.com\/tco-vergelijking-bmw-i5-vs-mercedes-eqe-concurrenten-maar-toch-zo-anders\/#breadcrumb"},"inLanguage":"fr-FR","potentialAction":[{"@type":"ReadAction","target":["https:\/\/www.link2fleet.com\/tco-vergelijking-bmw-i5-vs-mercedes-eqe-concurrenten-maar-toch-zo-anders\/"]}]},{"@type":"ImageObject","inLanguage":"fr-FR","@id":"https:\/\/www.link2fleet.com\/tco-vergelijking-bmw-i5-vs-mercedes-eqe-concurrenten-maar-toch-zo-anders\/#primaryimage","url":"https:\/\/static.link2fleet.com\/wp-content\/uploads\/2024\/06\/bmw-i5-mercedes-eqe.jpg","contentUrl":"https:\/\/static.link2fleet.com\/wp-content\/uploads\/2024\/06\/bmw-i5-mercedes-eqe.jpg","width":1378,"height":761},{"@type":"BreadcrumbList","@id":"https:\/\/www.link2fleet.com\/tco-vergelijking-bmw-i5-vs-mercedes-eqe-concurrenten-maar-toch-zo-anders\/#breadcrumb","itemListElement":[{"@type":"ListItem","position":1,"name":"Home","item":"https:\/\/www.link2fleet.com\/fr\/"},{"@type":"ListItem","position":2,"name":"Comparatif TCO BMW i5 vs Mercedes EQE: Concurrentes et pourtant si diff\u00e9rentes !"}]},{"@type":"WebSite","@id":"https:\/\/www.link2fleet.com\/fr\/#website","url":"https:\/\/www.link2fleet.com\/fr\/","name":"Link2fleet","description":"","publisher":{"@id":"https:\/\/www.link2fleet.com\/fr\/#organization"},"potentialAction":[{"@type":"SearchAction","target":{"@type":"EntryPoint","urlTemplate":"https:\/\/www.link2fleet.com\/fr\/?s={search_term_string}"},"query-input":{"@type":"PropertyValueSpecification","valueRequired":true,"valueName":"search_term_string"}}],"inLanguage":"fr-FR"},{"@type":"Organization","@id":"https:\/\/www.link2fleet.com\/fr\/#organization","name":"Link2fleet","url":"https:\/\/www.link2fleet.com\/fr\/","logo":{"@type":"ImageObject","inLanguage":"fr-FR","@id":"https:\/\/www.link2fleet.com\/fr\/#\/schema\/logo\/image\/","url":"https:\/\/static.link2fleet.com\/wp-content\/uploads\/2024\/03\/share-image.jpg","contentUrl":"https:\/\/static.link2fleet.com\/wp-content\/uploads\/2024\/03\/share-image.jpg","width":1200,"height":630,"caption":"Link2fleet"},"image":{"@id":"https:\/\/www.link2fleet.com\/fr\/#\/schema\/logo\/image\/"},"sameAs":["https:\/\/www.linkedin.com\/company\/link2fleet-belgium","https:\/\/www.youtube.com\/user\/MMMBMBE"]},{"@type":"Person","@id":"https:\/\/www.link2fleet.com\/fr\/#\/schema\/person\/027cd46113c78036b3809c9a054049da","name":"Damien Malvetti","image":{"@type":"ImageObject","inLanguage":"fr-FR","@id":"https:\/\/secure.gravatar.com\/avatar\/dd8cc03b49466c735f753ac37f8caa371af16dfed347456ed61f02883255eebb?s=96&d=mm&r=g","url":"https:\/\/secure.gravatar.com\/avatar\/dd8cc03b49466c735f753ac37f8caa371af16dfed347456ed61f02883255eebb?s=96&d=mm&r=g","contentUrl":"https:\/\/secure.gravatar.com\/avatar\/dd8cc03b49466c735f753ac37f8caa371af16dfed347456ed61f02883255eebb?s=96&d=mm&r=g","caption":"Damien Malvetti"},"description":"Damien Malvetti is opgeleid als journalist en gepassioneerd door wagens, technologie en mobiliteit. Hij is verantwoordelijk voor de redactionele inhoud van link2fleet en beschikt over een uitgebreide kennis van de fleet-sector en elektrische mobiliteit.","sameAs":["https:\/\/www.linkedin.com\/in\/damien-malvetti-56601142\/"]}]}},"_links":{"self":[{"href":"https:\/\/www.link2fleet.com\/fr\/wp-json\/wp\/v2\/posts\/28407","targetHints":{"allow":["GET"]}}],"collection":[{"href":"https:\/\/www.link2fleet.com\/fr\/wp-json\/wp\/v2\/posts"}],"about":[{"href":"https:\/\/www.link2fleet.com\/fr\/wp-json\/wp\/v2\/types\/post"}],"author":[{"embeddable":true,"href":"https:\/\/www.link2fleet.com\/fr\/wp-json\/wp\/v2\/users\/4"}],"replies":[{"embeddable":true,"href":"https:\/\/www.link2fleet.com\/fr\/wp-json\/wp\/v2\/comments?post=28407"}],"version-history":[{"count":0,"href":"https:\/\/www.link2fleet.com\/fr\/wp-json\/wp\/v2\/posts\/28407\/revisions"}],"wp:featuredmedia":[{"embeddable":true,"href":"https:\/\/www.link2fleet.com\/fr\/wp-json\/wp\/v2\/media\/28467"}],"wp:attachment":[{"href":"https:\/\/www.link2fleet.com\/fr\/wp-json\/wp\/v2\/media?parent=28407"}],"wp:term":[{"taxonomy":"category","embeddable":true,"href":"https:\/\/www.link2fleet.com\/fr\/wp-json\/wp\/v2\/categories?post=28407"},{"taxonomy":"post_tag","embeddable":true,"href":"https:\/\/www.link2fleet.com\/fr\/wp-json\/wp\/v2\/tags?post=28407"}],"curies":[{"name":"wp","href":"https:\/\/api.w.org\/{rel}","templated":true}]}}