{"id":28556,"date":"2024-06-04T16:57:04","date_gmt":"2024-06-04T14:57:04","guid":{"rendered":"https:\/\/www.link2fleet.com\/stijn-blanckaert-wordt-de-nieuwe-algemeen-directeur-van-renta\/"},"modified":"2024-06-05T08:39:29","modified_gmt":"2024-06-05T06:39:29","slug":"stijn-blanckaert-wordt-de-nieuwe-algemeen-directeur-van-renta","status":"publish","type":"post","link":"https:\/\/www.link2fleet.com\/fr\/stijn-blanckaert-wordt-de-nieuwe-algemeen-directeur-van-renta\/","title":{"rendered":"Stijn Blanckaert est le nouveau Directeur G\u00e9n\u00e9ral de Renta"},"content":{"rendered":"","protected":false},"excerpt":{"rendered":"","protected":false},"author":4,"featured_media":28557,"comment_status":"closed","ping_status":"closed","sticky":false,"template":"","format":"standard","meta":{"_acf_changed":false,"footnotes":""},"categories":[135,95,91],"tags":[],"class_list":["post-28556","post","type-post","status-publish","format-standard","has-post-thumbnail","hentry","category-news-fr","category-organisations-professionnelles-federations-experts","category-expertise-et-management"],"acf":[],"yoast_head":"<!-- This site is optimized with the Yoast SEO plugin v27.3 - https:\/\/yoast.com\/product\/yoast-seo-wordpress\/ -->\n<title>Stijn Blanckaert est le nouveau Directeur G\u00e9n\u00e9ral de Renta - link2fleet<\/title>\n<meta name=\"description\" content=\"A partir de juillet, Stijn Blanckaert deviendra le nouveau Directeur G\u00e9n\u00e9ral de Renta. Il reprend ainsi les fonctions de Frank Van Gool, devenu le nouveau\u2026\" \/>\n<meta name=\"robots\" content=\"index, follow, max-snippet:-1, max-image-preview:large, max-video-preview:-1\" \/>\n<meta property=\"og:locale\" content=\"fr_FR\" \/>\n<meta property=\"og:type\" content=\"article\" \/>\n<meta property=\"og:title\" content=\"Stijn Blanckaert est le nouveau Directeur G\u00e9n\u00e9ral de Renta - link2fleet\" \/>\n<meta property=\"og:description\" content=\"A partir de juillet, Stijn Blanckaert deviendra le nouveau Directeur G\u00e9n\u00e9ral de Renta. Il reprend ainsi les fonctions de Frank Van Gool, devenu le nouveau\u2026\" \/>\n<meta property=\"og:url\" content=\"https:\/\/www.link2fleet.com\/stijn-blanckaert-wordt-de-nieuwe-algemeen-directeur-van-renta\/\" \/>\n<meta property=\"og:site_name\" content=\"link2fleet\" \/>\n<meta property=\"article:published_time\" content=\"2024-06-04T14:57:04+00:00\" \/>\n<meta property=\"article:modified_time\" content=\"2024-06-05T06:39:29+00:00\" \/>\n<meta property=\"og:image\" content=\"https:\/\/static.link2fleet.com\/wp-content\/uploads\/2024\/03\/stijn-blanckaert-e1717513014845.png\" \/>\n\t<meta property=\"og:image:width\" content=\"636\" \/>\n\t<meta property=\"og:image:height\" content=\"532\" \/>\n\t<meta property=\"og:image:type\" content=\"image\/png\" \/>\n<meta name=\"author\" content=\"Damien Malvetti\" \/>\n<meta name=\"twitter:card\" content=\"summary_large_image\" \/>\n<meta name=\"twitter:description\" content=\"A partir de juillet, Stijn Blanckaert deviendra le nouveau Directeur G\u00e9n\u00e9ral de Renta. Il reprend ainsi les fonctions de Frank Van Gool, devenu le nouveau\u2026\" \/>\n<meta name=\"twitter:label1\" content=\"\u00c9crit par\" \/>\n\t<meta name=\"twitter:data1\" content=\"Damien Malvetti\" \/>\n\t<meta name=\"twitter:label2\" content=\"Dur\u00e9e de lecture estim\u00e9e\" \/>\n\t<meta name=\"twitter:data2\" content=\"2 minutes\" \/>\n<script type=\"application\/ld+json\" class=\"yoast-schema-graph\">{\"@context\":\"https:\\\/\\\/schema.org\",\"@graph\":[{\"@type\":\"Article\",\"@id\":\"https:\\\/\\\/www.link2fleet.com\\\/stijn-blanckaert-wordt-de-nieuwe-algemeen-directeur-van-renta\\\/#article\",\"isPartOf\":{\"@id\":\"https:\\\/\\\/www.link2fleet.com\\\/stijn-blanckaert-wordt-de-nieuwe-algemeen-directeur-van-renta\\\/\"},\"author\":{\"name\":\"Damien Malvetti\",\"@id\":\"https:\\\/\\\/www.link2fleet.com\\\/fr\\\/#\\\/schema\\\/person\\\/027cd46113c78036b3809c9a054049da\"},\"headline\":\"Stijn Blanckaert est le nouveau Directeur G\u00e9n\u00e9ral de Renta\",\"datePublished\":\"2024-06-04T14:57:04+00:00\",\"dateModified\":\"2024-06-05T06:39:29+00:00\",\"mainEntityOfPage\":{\"@id\":\"https:\\\/\\\/www.link2fleet.com\\\/stijn-blanckaert-wordt-de-nieuwe-algemeen-directeur-van-renta\\\/\"},\"wordCount\":11,\"publisher\":{\"@id\":\"https:\\\/\\\/www.link2fleet.com\\\/fr\\\/#organization\"},\"image\":{\"@id\":\"https:\\\/\\\/www.link2fleet.com\\\/stijn-blanckaert-wordt-de-nieuwe-algemeen-directeur-van-renta\\\/#primaryimage\"},\"thumbnailUrl\":\"https:\\\/\\\/static.link2fleet.com\\\/wp-content\\\/uploads\\\/2024\\\/03\\\/stijn-blanckaert-e1717513014845.png\",\"articleSection\":[\"Actus\",\"Expertise et f\u00e9d\u00e9rations\",\"Gestion de flotte\"],\"inLanguage\":\"fr-FR\"},{\"@type\":\"WebPage\",\"@id\":\"https:\\\/\\\/www.link2fleet.com\\\/stijn-blanckaert-wordt-de-nieuwe-algemeen-directeur-van-renta\\\/\",\"url\":\"https:\\\/\\\/www.link2fleet.com\\\/stijn-blanckaert-wordt-de-nieuwe-algemeen-directeur-van-renta\\\/\",\"name\":\"Stijn Blanckaert est le nouveau Directeur G\u00e9n\u00e9ral de Renta - link2fleet\",\"isPartOf\":{\"@id\":\"https:\\\/\\\/www.link2fleet.com\\\/fr\\\/#website\"},\"primaryImageOfPage\":{\"@id\":\"https:\\\/\\\/www.link2fleet.com\\\/stijn-blanckaert-wordt-de-nieuwe-algemeen-directeur-van-renta\\\/#primaryimage\"},\"image\":{\"@id\":\"https:\\\/\\\/www.link2fleet.com\\\/stijn-blanckaert-wordt-de-nieuwe-algemeen-directeur-van-renta\\\/#primaryimage\"},\"thumbnailUrl\":\"https:\\\/\\\/static.link2fleet.com\\\/wp-content\\\/uploads\\\/2024\\\/03\\\/stijn-blanckaert-e1717513014845.png\",\"datePublished\":\"2024-06-04T14:57:04+00:00\",\"dateModified\":\"2024-06-05T06:39:29+00:00\",\"description\":\"A partir de juillet, Stijn Blanckaert deviendra le nouveau Directeur G\u00e9n\u00e9ral de Renta. Il reprend ainsi les fonctions de Frank Van Gool, devenu le nouveau CEO de Febiac.\",\"breadcrumb\":{\"@id\":\"https:\\\/\\\/www.link2fleet.com\\\/stijn-blanckaert-wordt-de-nieuwe-algemeen-directeur-van-renta\\\/#breadcrumb\"},\"inLanguage\":\"fr-FR\",\"potentialAction\":[{\"@type\":\"ReadAction\",\"target\":[\"https:\\\/\\\/www.link2fleet.com\\\/stijn-blanckaert-wordt-de-nieuwe-algemeen-directeur-van-renta\\\/\"]}]},{\"@type\":\"ImageObject\",\"inLanguage\":\"fr-FR\",\"@id\":\"https:\\\/\\\/www.link2fleet.com\\\/stijn-blanckaert-wordt-de-nieuwe-algemeen-directeur-van-renta\\\/#primaryimage\",\"url\":\"https:\\\/\\\/static.link2fleet.com\\\/wp-content\\\/uploads\\\/2024\\\/03\\\/stijn-blanckaert-e1717513014845.png\",\"contentUrl\":\"https:\\\/\\\/static.link2fleet.com\\\/wp-content\\\/uploads\\\/2024\\\/03\\\/stijn-blanckaert-e1717513014845.png\",\"width\":636,\"height\":532},{\"@type\":\"BreadcrumbList\",\"@id\":\"https:\\\/\\\/www.link2fleet.com\\\/stijn-blanckaert-wordt-de-nieuwe-algemeen-directeur-van-renta\\\/#breadcrumb\",\"itemListElement\":[{\"@type\":\"ListItem\",\"position\":1,\"name\":\"Home\",\"item\":\"https:\\\/\\\/www.link2fleet.com\\\/fr\\\/\"},{\"@type\":\"ListItem\",\"position\":2,\"name\":\"Stijn Blanckaert est le nouveau Directeur G\u00e9n\u00e9ral de Renta\"}]},{\"@type\":\"WebSite\",\"@id\":\"https:\\\/\\\/www.link2fleet.com\\\/fr\\\/#website\",\"url\":\"https:\\\/\\\/www.link2fleet.com\\\/fr\\\/\",\"name\":\"Link2fleet\",\"description\":\"\",\"publisher\":{\"@id\":\"https:\\\/\\\/www.link2fleet.com\\\/fr\\\/#organization\"},\"potentialAction\":[{\"@type\":\"SearchAction\",\"target\":{\"@type\":\"EntryPoint\",\"urlTemplate\":\"https:\\\/\\\/www.link2fleet.com\\\/fr\\\/?s={search_term_string}\"},\"query-input\":{\"@type\":\"PropertyValueSpecification\",\"valueRequired\":true,\"valueName\":\"search_term_string\"}}],\"inLanguage\":\"fr-FR\"},{\"@type\":\"Organization\",\"@id\":\"https:\\\/\\\/www.link2fleet.com\\\/fr\\\/#organization\",\"name\":\"Link2fleet\",\"url\":\"https:\\\/\\\/www.link2fleet.com\\\/fr\\\/\",\"logo\":{\"@type\":\"ImageObject\",\"inLanguage\":\"fr-FR\",\"@id\":\"https:\\\/\\\/www.link2fleet.com\\\/fr\\\/#\\\/schema\\\/logo\\\/image\\\/\",\"url\":\"https:\\\/\\\/static.link2fleet.com\\\/wp-content\\\/uploads\\\/2024\\\/03\\\/share-image.jpg\",\"contentUrl\":\"https:\\\/\\\/static.link2fleet.com\\\/wp-content\\\/uploads\\\/2024\\\/03\\\/share-image.jpg\",\"width\":1200,\"height\":630,\"caption\":\"Link2fleet\"},\"image\":{\"@id\":\"https:\\\/\\\/www.link2fleet.com\\\/fr\\\/#\\\/schema\\\/logo\\\/image\\\/\"},\"sameAs\":[\"https:\\\/\\\/www.linkedin.com\\\/company\\\/link2fleet-belgium\",\"https:\\\/\\\/www.youtube.com\\\/user\\\/MMMBMBE\"]},{\"@type\":\"Person\",\"@id\":\"https:\\\/\\\/www.link2fleet.com\\\/fr\\\/#\\\/schema\\\/person\\\/027cd46113c78036b3809c9a054049da\",\"name\":\"Damien Malvetti\",\"image\":{\"@type\":\"ImageObject\",\"inLanguage\":\"fr-FR\",\"@id\":\"https:\\\/\\\/secure.gravatar.com\\\/avatar\\\/dd8cc03b49466c735f753ac37f8caa371af16dfed347456ed61f02883255eebb?s=96&d=mm&r=g\",\"url\":\"https:\\\/\\\/secure.gravatar.com\\\/avatar\\\/dd8cc03b49466c735f753ac37f8caa371af16dfed347456ed61f02883255eebb?s=96&d=mm&r=g\",\"contentUrl\":\"https:\\\/\\\/secure.gravatar.com\\\/avatar\\\/dd8cc03b49466c735f753ac37f8caa371af16dfed347456ed61f02883255eebb?s=96&d=mm&r=g\",\"caption\":\"Damien Malvetti\"},\"description\":\"Damien Malvetti is opgeleid als journalist en gepassioneerd door wagens, technologie en mobiliteit. Hij is verantwoordelijk voor de redactionele inhoud van link2fleet en beschikt over een uitgebreide kennis van de fleet-sector en elektrische mobiliteit.\",\"sameAs\":[\"https:\\\/\\\/www.linkedin.com\\\/in\\\/damien-malvetti-56601142\\\/\"]}]}<\/script>\n<!-- \/ Yoast SEO plugin. -->","yoast_head_json":{"title":"Stijn Blanckaert est le nouveau Directeur G\u00e9n\u00e9ral de Renta - link2fleet","description":"A partir de juillet, Stijn Blanckaert deviendra le nouveau Directeur G\u00e9n\u00e9ral de Renta. Il reprend ainsi les fonctions de Frank Van Gool, devenu le nouveau\u2026","robots":{"index":"index","follow":"follow","max-snippet":"max-snippet:-1","max-image-preview":"max-image-preview:large","max-video-preview":"max-video-preview:-1"},"og_locale":"fr_FR","og_type":"article","og_title":"Stijn Blanckaert est le nouveau Directeur G\u00e9n\u00e9ral de Renta - link2fleet","og_description":"A partir de juillet, Stijn Blanckaert deviendra le nouveau Directeur G\u00e9n\u00e9ral de Renta. Il reprend ainsi les fonctions de Frank Van Gool, devenu le nouveau\u2026","og_url":"https:\/\/www.link2fleet.com\/stijn-blanckaert-wordt-de-nieuwe-algemeen-directeur-van-renta\/","og_site_name":"link2fleet","article_published_time":"2024-06-04T14:57:04+00:00","article_modified_time":"2024-06-05T06:39:29+00:00","og_image":[{"width":636,"height":532,"url":"https:\/\/static.link2fleet.com\/wp-content\/uploads\/2024\/03\/stijn-blanckaert-e1717513014845.png","type":"image\/png"}],"author":"Damien Malvetti","twitter_card":"summary_large_image","twitter_description":"A partir de juillet, Stijn Blanckaert deviendra le nouveau Directeur G\u00e9n\u00e9ral de Renta. Il reprend ainsi les fonctions de Frank Van Gool, devenu le nouveau\u2026","twitter_misc":{"\u00c9crit par":"Damien Malvetti","Dur\u00e9e de lecture estim\u00e9e":"2 minutes"},"schema":{"@context":"https:\/\/schema.org","@graph":[{"@type":"Article","@id":"https:\/\/www.link2fleet.com\/stijn-blanckaert-wordt-de-nieuwe-algemeen-directeur-van-renta\/#article","isPartOf":{"@id":"https:\/\/www.link2fleet.com\/stijn-blanckaert-wordt-de-nieuwe-algemeen-directeur-van-renta\/"},"author":{"name":"Damien Malvetti","@id":"https:\/\/www.link2fleet.com\/fr\/#\/schema\/person\/027cd46113c78036b3809c9a054049da"},"headline":"Stijn Blanckaert est le nouveau Directeur G\u00e9n\u00e9ral de Renta","datePublished":"2024-06-04T14:57:04+00:00","dateModified":"2024-06-05T06:39:29+00:00","mainEntityOfPage":{"@id":"https:\/\/www.link2fleet.com\/stijn-blanckaert-wordt-de-nieuwe-algemeen-directeur-van-renta\/"},"wordCount":11,"publisher":{"@id":"https:\/\/www.link2fleet.com\/fr\/#organization"},"image":{"@id":"https:\/\/www.link2fleet.com\/stijn-blanckaert-wordt-de-nieuwe-algemeen-directeur-van-renta\/#primaryimage"},"thumbnailUrl":"https:\/\/static.link2fleet.com\/wp-content\/uploads\/2024\/03\/stijn-blanckaert-e1717513014845.png","articleSection":["Actus","Expertise et f\u00e9d\u00e9rations","Gestion de flotte"],"inLanguage":"fr-FR"},{"@type":"WebPage","@id":"https:\/\/www.link2fleet.com\/stijn-blanckaert-wordt-de-nieuwe-algemeen-directeur-van-renta\/","url":"https:\/\/www.link2fleet.com\/stijn-blanckaert-wordt-de-nieuwe-algemeen-directeur-van-renta\/","name":"Stijn Blanckaert est le nouveau Directeur G\u00e9n\u00e9ral de Renta - link2fleet","isPartOf":{"@id":"https:\/\/www.link2fleet.com\/fr\/#website"},"primaryImageOfPage":{"@id":"https:\/\/www.link2fleet.com\/stijn-blanckaert-wordt-de-nieuwe-algemeen-directeur-van-renta\/#primaryimage"},"image":{"@id":"https:\/\/www.link2fleet.com\/stijn-blanckaert-wordt-de-nieuwe-algemeen-directeur-van-renta\/#primaryimage"},"thumbnailUrl":"https:\/\/static.link2fleet.com\/wp-content\/uploads\/2024\/03\/stijn-blanckaert-e1717513014845.png","datePublished":"2024-06-04T14:57:04+00:00","dateModified":"2024-06-05T06:39:29+00:00","description":"A partir de juillet, Stijn Blanckaert deviendra le nouveau Directeur G\u00e9n\u00e9ral de Renta. Il reprend ainsi les fonctions de Frank Van Gool, devenu le nouveau CEO de Febiac.","breadcrumb":{"@id":"https:\/\/www.link2fleet.com\/stijn-blanckaert-wordt-de-nieuwe-algemeen-directeur-van-renta\/#breadcrumb"},"inLanguage":"fr-FR","potentialAction":[{"@type":"ReadAction","target":["https:\/\/www.link2fleet.com\/stijn-blanckaert-wordt-de-nieuwe-algemeen-directeur-van-renta\/"]}]},{"@type":"ImageObject","inLanguage":"fr-FR","@id":"https:\/\/www.link2fleet.com\/stijn-blanckaert-wordt-de-nieuwe-algemeen-directeur-van-renta\/#primaryimage","url":"https:\/\/static.link2fleet.com\/wp-content\/uploads\/2024\/03\/stijn-blanckaert-e1717513014845.png","contentUrl":"https:\/\/static.link2fleet.com\/wp-content\/uploads\/2024\/03\/stijn-blanckaert-e1717513014845.png","width":636,"height":532},{"@type":"BreadcrumbList","@id":"https:\/\/www.link2fleet.com\/stijn-blanckaert-wordt-de-nieuwe-algemeen-directeur-van-renta\/#breadcrumb","itemListElement":[{"@type":"ListItem","position":1,"name":"Home","item":"https:\/\/www.link2fleet.com\/fr\/"},{"@type":"ListItem","position":2,"name":"Stijn Blanckaert est le nouveau Directeur G\u00e9n\u00e9ral de Renta"}]},{"@type":"WebSite","@id":"https:\/\/www.link2fleet.com\/fr\/#website","url":"https:\/\/www.link2fleet.com\/fr\/","name":"Link2fleet","description":"","publisher":{"@id":"https:\/\/www.link2fleet.com\/fr\/#organization"},"potentialAction":[{"@type":"SearchAction","target":{"@type":"EntryPoint","urlTemplate":"https:\/\/www.link2fleet.com\/fr\/?s={search_term_string}"},"query-input":{"@type":"PropertyValueSpecification","valueRequired":true,"valueName":"search_term_string"}}],"inLanguage":"fr-FR"},{"@type":"Organization","@id":"https:\/\/www.link2fleet.com\/fr\/#organization","name":"Link2fleet","url":"https:\/\/www.link2fleet.com\/fr\/","logo":{"@type":"ImageObject","inLanguage":"fr-FR","@id":"https:\/\/www.link2fleet.com\/fr\/#\/schema\/logo\/image\/","url":"https:\/\/static.link2fleet.com\/wp-content\/uploads\/2024\/03\/share-image.jpg","contentUrl":"https:\/\/static.link2fleet.com\/wp-content\/uploads\/2024\/03\/share-image.jpg","width":1200,"height":630,"caption":"Link2fleet"},"image":{"@id":"https:\/\/www.link2fleet.com\/fr\/#\/schema\/logo\/image\/"},"sameAs":["https:\/\/www.linkedin.com\/company\/link2fleet-belgium","https:\/\/www.youtube.com\/user\/MMMBMBE"]},{"@type":"Person","@id":"https:\/\/www.link2fleet.com\/fr\/#\/schema\/person\/027cd46113c78036b3809c9a054049da","name":"Damien Malvetti","image":{"@type":"ImageObject","inLanguage":"fr-FR","@id":"https:\/\/secure.gravatar.com\/avatar\/dd8cc03b49466c735f753ac37f8caa371af16dfed347456ed61f02883255eebb?s=96&d=mm&r=g","url":"https:\/\/secure.gravatar.com\/avatar\/dd8cc03b49466c735f753ac37f8caa371af16dfed347456ed61f02883255eebb?s=96&d=mm&r=g","contentUrl":"https:\/\/secure.gravatar.com\/avatar\/dd8cc03b49466c735f753ac37f8caa371af16dfed347456ed61f02883255eebb?s=96&d=mm&r=g","caption":"Damien Malvetti"},"description":"Damien Malvetti is opgeleid als journalist en gepassioneerd door wagens, technologie en mobiliteit. Hij is verantwoordelijk voor de redactionele inhoud van link2fleet en beschikt over een uitgebreide kennis van de fleet-sector en elektrische mobiliteit.","sameAs":["https:\/\/www.linkedin.com\/in\/damien-malvetti-56601142\/"]}]}},"_links":{"self":[{"href":"https:\/\/www.link2fleet.com\/fr\/wp-json\/wp\/v2\/posts\/28556","targetHints":{"allow":["GET"]}}],"collection":[{"href":"https:\/\/www.link2fleet.com\/fr\/wp-json\/wp\/v2\/posts"}],"about":[{"href":"https:\/\/www.link2fleet.com\/fr\/wp-json\/wp\/v2\/types\/post"}],"author":[{"embeddable":true,"href":"https:\/\/www.link2fleet.com\/fr\/wp-json\/wp\/v2\/users\/4"}],"replies":[{"embeddable":true,"href":"https:\/\/www.link2fleet.com\/fr\/wp-json\/wp\/v2\/comments?post=28556"}],"version-history":[{"count":0,"href":"https:\/\/www.link2fleet.com\/fr\/wp-json\/wp\/v2\/posts\/28556\/revisions"}],"wp:featuredmedia":[{"embeddable":true,"href":"https:\/\/www.link2fleet.com\/fr\/wp-json\/wp\/v2\/media\/28557"}],"wp:attachment":[{"href":"https:\/\/www.link2fleet.com\/fr\/wp-json\/wp\/v2\/media?parent=28556"}],"wp:term":[{"taxonomy":"category","embeddable":true,"href":"https:\/\/www.link2fleet.com\/fr\/wp-json\/wp\/v2\/categories?post=28556"},{"taxonomy":"post_tag","embeddable":true,"href":"https:\/\/www.link2fleet.com\/fr\/wp-json\/wp\/v2\/tags?post=28556"}],"curies":[{"name":"wp","href":"https:\/\/api.w.org\/{rel}","templated":true}]}}