{"id":28644,"date":"2024-06-06T10:03:33","date_gmt":"2024-06-06T08:03:33","guid":{"rendered":"https:\/\/www.link2fleet.com\/?p=28644"},"modified":"2024-06-06T11:17:01","modified_gmt":"2024-06-06T09:17:01","slug":"powerdot-developpe-le-reseau-de-recharge-en-wallonie","status":"publish","type":"post","link":"https:\/\/www.link2fleet.com\/fr\/powerdot-developpe-le-reseau-de-recharge-en-wallonie\/","title":{"rendered":"Powerdot d\u00e9veloppe le r\u00e9seau de recharge en Wallonie"},"content":{"rendered":"","protected":false},"excerpt":{"rendered":"","protected":false},"author":18,"featured_media":28645,"comment_status":"closed","ping_status":"closed","sticky":false,"template":"","format":"standard","meta":{"_acf_changed":false,"footnotes":""},"categories":[135],"tags":[316,206,317,320,315,319],"class_list":["post-28644","post","type-post","status-publish","format-standard","has-post-thumbnail","hentry","category-news-fr","tag-bornes-de-recharge","tag-electrique","tag-recharge","tag-reseau-de-recharge","tag-voiture-electrique","tag-wallonie"],"acf":[],"yoast_head":"<!-- This site is optimized with the Yoast SEO plugin v27.3 - https:\/\/yoast.com\/product\/yoast-seo-wordpress\/ -->\n<title>Powerdot d\u00e9veloppe le r\u00e9seau de recharge en Wallonie - link2fleet<\/title>\n<meta name=\"description\" content=\"D\u00e9j\u00e0 pr\u00e9sent en France, en Espagne, au Portugal, et en Pologne, Powerdot d\u00e9veloppe son activit\u00e9 en Belgique.\" \/>\n<meta name=\"robots\" content=\"index, follow, max-snippet:-1, max-image-preview:large, max-video-preview:-1\" \/>\n<meta property=\"og:locale\" content=\"fr_FR\" \/>\n<meta property=\"og:type\" content=\"article\" \/>\n<meta property=\"og:title\" content=\"Powerdot d\u00e9veloppe le r\u00e9seau de recharge en Wallonie - link2fleet\" \/>\n<meta property=\"og:description\" content=\"D\u00e9j\u00e0 pr\u00e9sent en France, en Espagne, au Portugal, et en Pologne, Powerdot d\u00e9veloppe son activit\u00e9 en Belgique.\" \/>\n<meta property=\"og:url\" content=\"https:\/\/www.link2fleet.com\/powerdot-developpe-le-reseau-de-recharge-en-wallonie\/\" \/>\n<meta property=\"og:site_name\" content=\"link2fleet\" \/>\n<meta property=\"article:published_time\" content=\"2024-06-06T08:03:33+00:00\" \/>\n<meta property=\"article:modified_time\" content=\"2024-06-06T09:17:01+00:00\" \/>\n<meta property=\"og:image\" content=\"https:\/\/static.link2fleet.com\/wp-content\/uploads\/2024\/06\/chargerandcar.jpg\" \/>\n\t<meta property=\"og:image:width\" content=\"2048\" \/>\n\t<meta property=\"og:image:height\" content=\"1365\" \/>\n\t<meta property=\"og:image:type\" content=\"image\/jpeg\" \/>\n<meta name=\"author\" content=\"Maxime Pasture\" \/>\n<meta name=\"twitter:card\" content=\"summary_large_image\" \/>\n<meta name=\"twitter:description\" content=\"D\u00e9j\u00e0 pr\u00e9sent en France, en Espagne, au Portugal, et en Pologne, Powerdot d\u00e9veloppe son activit\u00e9 en Belgique.\" \/>\n<meta name=\"twitter:label1\" content=\"\u00c9crit par\" \/>\n\t<meta name=\"twitter:data1\" content=\"Journaliste de formation, Maxime est tr\u00e8s curieux mais surtout passionn\u00e9 d&#039;automobile. Sa curiosit\u00e9 l&#039;am\u00e8ne \u00e0 traiter de sujets divers et vari\u00e9s li\u00e9s \u00e0 la mobilit\u00e9 au sens large et bien plus encore !\" \/>\n\t<meta name=\"twitter:label2\" content=\"Dur\u00e9e de lecture estim\u00e9e\" \/>\n\t<meta name=\"twitter:data2\" content=\"2 minutes\" \/>\n<script type=\"application\/ld+json\" class=\"yoast-schema-graph\">{\"@context\":\"https:\\\/\\\/schema.org\",\"@graph\":[{\"@type\":\"Article\",\"@id\":\"https:\\\/\\\/www.link2fleet.com\\\/powerdot-developpe-le-reseau-de-recharge-en-wallonie\\\/#article\",\"isPartOf\":{\"@id\":\"https:\\\/\\\/www.link2fleet.com\\\/powerdot-developpe-le-reseau-de-recharge-en-wallonie\\\/\"},\"author\":{\"name\":\"Maxime Pasture\",\"@id\":\"https:\\\/\\\/www.link2fleet.com\\\/fr\\\/#\\\/schema\\\/person\\\/36f3d48d12a83e110d72b602b5bebc11\"},\"headline\":\"Powerdot d\u00e9veloppe le r\u00e9seau de recharge en Wallonie\",\"datePublished\":\"2024-06-06T08:03:33+00:00\",\"dateModified\":\"2024-06-06T09:17:01+00:00\",\"mainEntityOfPage\":{\"@id\":\"https:\\\/\\\/www.link2fleet.com\\\/powerdot-developpe-le-reseau-de-recharge-en-wallonie\\\/\"},\"wordCount\":10,\"publisher\":{\"@id\":\"https:\\\/\\\/www.link2fleet.com\\\/fr\\\/#organization\"},\"image\":{\"@id\":\"https:\\\/\\\/www.link2fleet.com\\\/powerdot-developpe-le-reseau-de-recharge-en-wallonie\\\/#primaryimage\"},\"thumbnailUrl\":\"https:\\\/\\\/static.link2fleet.com\\\/wp-content\\\/uploads\\\/2024\\\/06\\\/chargerandcar.jpg\",\"keywords\":[\"bornes de recharge\",\"\u00e9lectrique\",\"recharge\",\"r\u00e9seau de recharge\",\"voiture \u00e9lectrique\",\"Wallonie\"],\"articleSection\":[\"Actus\"],\"inLanguage\":\"fr-FR\"},{\"@type\":\"WebPage\",\"@id\":\"https:\\\/\\\/www.link2fleet.com\\\/powerdot-developpe-le-reseau-de-recharge-en-wallonie\\\/\",\"url\":\"https:\\\/\\\/www.link2fleet.com\\\/powerdot-developpe-le-reseau-de-recharge-en-wallonie\\\/\",\"name\":\"Powerdot d\u00e9veloppe le r\u00e9seau de recharge en Wallonie - link2fleet\",\"isPartOf\":{\"@id\":\"https:\\\/\\\/www.link2fleet.com\\\/fr\\\/#website\"},\"primaryImageOfPage\":{\"@id\":\"https:\\\/\\\/www.link2fleet.com\\\/powerdot-developpe-le-reseau-de-recharge-en-wallonie\\\/#primaryimage\"},\"image\":{\"@id\":\"https:\\\/\\\/www.link2fleet.com\\\/powerdot-developpe-le-reseau-de-recharge-en-wallonie\\\/#primaryimage\"},\"thumbnailUrl\":\"https:\\\/\\\/static.link2fleet.com\\\/wp-content\\\/uploads\\\/2024\\\/06\\\/chargerandcar.jpg\",\"datePublished\":\"2024-06-06T08:03:33+00:00\",\"dateModified\":\"2024-06-06T09:17:01+00:00\",\"breadcrumb\":{\"@id\":\"https:\\\/\\\/www.link2fleet.com\\\/powerdot-developpe-le-reseau-de-recharge-en-wallonie\\\/#breadcrumb\"},\"inLanguage\":\"fr-FR\",\"potentialAction\":[{\"@type\":\"ReadAction\",\"target\":[\"https:\\\/\\\/www.link2fleet.com\\\/powerdot-developpe-le-reseau-de-recharge-en-wallonie\\\/\"]}]},{\"@type\":\"ImageObject\",\"inLanguage\":\"fr-FR\",\"@id\":\"https:\\\/\\\/www.link2fleet.com\\\/powerdot-developpe-le-reseau-de-recharge-en-wallonie\\\/#primaryimage\",\"url\":\"https:\\\/\\\/static.link2fleet.com\\\/wp-content\\\/uploads\\\/2024\\\/06\\\/chargerandcar.jpg\",\"contentUrl\":\"https:\\\/\\\/static.link2fleet.com\\\/wp-content\\\/uploads\\\/2024\\\/06\\\/chargerandcar.jpg\",\"width\":2048,\"height\":1365},{\"@type\":\"BreadcrumbList\",\"@id\":\"https:\\\/\\\/www.link2fleet.com\\\/powerdot-developpe-le-reseau-de-recharge-en-wallonie\\\/#breadcrumb\",\"itemListElement\":[{\"@type\":\"ListItem\",\"position\":1,\"name\":\"Home\",\"item\":\"https:\\\/\\\/www.link2fleet.com\\\/fr\\\/\"},{\"@type\":\"ListItem\",\"position\":2,\"name\":\"Powerdot d\u00e9veloppe le r\u00e9seau de recharge en Wallonie\"}]},{\"@type\":\"WebSite\",\"@id\":\"https:\\\/\\\/www.link2fleet.com\\\/fr\\\/#website\",\"url\":\"https:\\\/\\\/www.link2fleet.com\\\/fr\\\/\",\"name\":\"Link2fleet\",\"description\":\"\",\"publisher\":{\"@id\":\"https:\\\/\\\/www.link2fleet.com\\\/fr\\\/#organization\"},\"potentialAction\":[{\"@type\":\"SearchAction\",\"target\":{\"@type\":\"EntryPoint\",\"urlTemplate\":\"https:\\\/\\\/www.link2fleet.com\\\/fr\\\/?s={search_term_string}\"},\"query-input\":{\"@type\":\"PropertyValueSpecification\",\"valueRequired\":true,\"valueName\":\"search_term_string\"}}],\"inLanguage\":\"fr-FR\"},{\"@type\":\"Organization\",\"@id\":\"https:\\\/\\\/www.link2fleet.com\\\/fr\\\/#organization\",\"name\":\"Link2fleet\",\"url\":\"https:\\\/\\\/www.link2fleet.com\\\/fr\\\/\",\"logo\":{\"@type\":\"ImageObject\",\"inLanguage\":\"fr-FR\",\"@id\":\"https:\\\/\\\/www.link2fleet.com\\\/fr\\\/#\\\/schema\\\/logo\\\/image\\\/\",\"url\":\"https:\\\/\\\/static.link2fleet.com\\\/wp-content\\\/uploads\\\/2024\\\/03\\\/share-image.jpg\",\"contentUrl\":\"https:\\\/\\\/static.link2fleet.com\\\/wp-content\\\/uploads\\\/2024\\\/03\\\/share-image.jpg\",\"width\":1200,\"height\":630,\"caption\":\"Link2fleet\"},\"image\":{\"@id\":\"https:\\\/\\\/www.link2fleet.com\\\/fr\\\/#\\\/schema\\\/logo\\\/image\\\/\"},\"sameAs\":[\"https:\\\/\\\/www.linkedin.com\\\/company\\\/link2fleet-belgium\",\"https:\\\/\\\/www.youtube.com\\\/user\\\/MMMBMBE\"]},{\"@type\":\"Person\",\"@id\":\"https:\\\/\\\/www.link2fleet.com\\\/fr\\\/#\\\/schema\\\/person\\\/36f3d48d12a83e110d72b602b5bebc11\",\"name\":\"Maxime Pasture\",\"image\":{\"@type\":\"ImageObject\",\"inLanguage\":\"fr-FR\",\"@id\":\"https:\\\/\\\/secure.gravatar.com\\\/avatar\\\/a17c47a11dd3996c69a173e291c692b6a028e82349994bf0d9f60936c9795b9f?s=96&d=mm&r=g\",\"url\":\"https:\\\/\\\/secure.gravatar.com\\\/avatar\\\/a17c47a11dd3996c69a173e291c692b6a028e82349994bf0d9f60936c9795b9f?s=96&d=mm&r=g\",\"contentUrl\":\"https:\\\/\\\/secure.gravatar.com\\\/avatar\\\/a17c47a11dd3996c69a173e291c692b6a028e82349994bf0d9f60936c9795b9f?s=96&d=mm&r=g\",\"caption\":\"Maxime Pasture\"},\"description\":\"Journaliste de formation, Maxime est tr\u00e8s curieux mais surtout passionn\u00e9 d'automobile. Sa curiosit\u00e9 l'am\u00e8ne \u00e0 traiter de sujets divers et vari\u00e9s li\u00e9s \u00e0 la mobilit\u00e9 au sens large et bien plus encore !\"}]}<\/script>\n<!-- \/ Yoast SEO plugin. -->","yoast_head_json":{"title":"Powerdot d\u00e9veloppe le r\u00e9seau de recharge en Wallonie - link2fleet","description":"D\u00e9j\u00e0 pr\u00e9sent en France, en Espagne, au Portugal, et en Pologne, Powerdot d\u00e9veloppe son activit\u00e9 en Belgique.","robots":{"index":"index","follow":"follow","max-snippet":"max-snippet:-1","max-image-preview":"max-image-preview:large","max-video-preview":"max-video-preview:-1"},"og_locale":"fr_FR","og_type":"article","og_title":"Powerdot d\u00e9veloppe le r\u00e9seau de recharge en Wallonie - link2fleet","og_description":"D\u00e9j\u00e0 pr\u00e9sent en France, en Espagne, au Portugal, et en Pologne, Powerdot d\u00e9veloppe son activit\u00e9 en Belgique.","og_url":"https:\/\/www.link2fleet.com\/powerdot-developpe-le-reseau-de-recharge-en-wallonie\/","og_site_name":"link2fleet","article_published_time":"2024-06-06T08:03:33+00:00","article_modified_time":"2024-06-06T09:17:01+00:00","og_image":[{"width":2048,"height":1365,"url":"https:\/\/static.link2fleet.com\/wp-content\/uploads\/2024\/06\/chargerandcar.jpg","type":"image\/jpeg"}],"author":"Maxime Pasture","twitter_card":"summary_large_image","twitter_description":"D\u00e9j\u00e0 pr\u00e9sent en France, en Espagne, au Portugal, et en Pologne, Powerdot d\u00e9veloppe son activit\u00e9 en Belgique.","twitter_misc":{"\u00c9crit par":"Journaliste de formation, Maxime est tr\u00e8s curieux mais surtout passionn\u00e9 d'automobile. Sa curiosit\u00e9 l'am\u00e8ne \u00e0 traiter de sujets divers et vari\u00e9s li\u00e9s \u00e0 la mobilit\u00e9 au sens large et bien plus encore !","Dur\u00e9e de lecture estim\u00e9e":"2 minutes"},"schema":{"@context":"https:\/\/schema.org","@graph":[{"@type":"Article","@id":"https:\/\/www.link2fleet.com\/powerdot-developpe-le-reseau-de-recharge-en-wallonie\/#article","isPartOf":{"@id":"https:\/\/www.link2fleet.com\/powerdot-developpe-le-reseau-de-recharge-en-wallonie\/"},"author":{"name":"Maxime Pasture","@id":"https:\/\/www.link2fleet.com\/fr\/#\/schema\/person\/36f3d48d12a83e110d72b602b5bebc11"},"headline":"Powerdot d\u00e9veloppe le r\u00e9seau de recharge en Wallonie","datePublished":"2024-06-06T08:03:33+00:00","dateModified":"2024-06-06T09:17:01+00:00","mainEntityOfPage":{"@id":"https:\/\/www.link2fleet.com\/powerdot-developpe-le-reseau-de-recharge-en-wallonie\/"},"wordCount":10,"publisher":{"@id":"https:\/\/www.link2fleet.com\/fr\/#organization"},"image":{"@id":"https:\/\/www.link2fleet.com\/powerdot-developpe-le-reseau-de-recharge-en-wallonie\/#primaryimage"},"thumbnailUrl":"https:\/\/static.link2fleet.com\/wp-content\/uploads\/2024\/06\/chargerandcar.jpg","keywords":["bornes de recharge","\u00e9lectrique","recharge","r\u00e9seau de recharge","voiture \u00e9lectrique","Wallonie"],"articleSection":["Actus"],"inLanguage":"fr-FR"},{"@type":"WebPage","@id":"https:\/\/www.link2fleet.com\/powerdot-developpe-le-reseau-de-recharge-en-wallonie\/","url":"https:\/\/www.link2fleet.com\/powerdot-developpe-le-reseau-de-recharge-en-wallonie\/","name":"Powerdot d\u00e9veloppe le r\u00e9seau de recharge en Wallonie - link2fleet","isPartOf":{"@id":"https:\/\/www.link2fleet.com\/fr\/#website"},"primaryImageOfPage":{"@id":"https:\/\/www.link2fleet.com\/powerdot-developpe-le-reseau-de-recharge-en-wallonie\/#primaryimage"},"image":{"@id":"https:\/\/www.link2fleet.com\/powerdot-developpe-le-reseau-de-recharge-en-wallonie\/#primaryimage"},"thumbnailUrl":"https:\/\/static.link2fleet.com\/wp-content\/uploads\/2024\/06\/chargerandcar.jpg","datePublished":"2024-06-06T08:03:33+00:00","dateModified":"2024-06-06T09:17:01+00:00","breadcrumb":{"@id":"https:\/\/www.link2fleet.com\/powerdot-developpe-le-reseau-de-recharge-en-wallonie\/#breadcrumb"},"inLanguage":"fr-FR","potentialAction":[{"@type":"ReadAction","target":["https:\/\/www.link2fleet.com\/powerdot-developpe-le-reseau-de-recharge-en-wallonie\/"]}]},{"@type":"ImageObject","inLanguage":"fr-FR","@id":"https:\/\/www.link2fleet.com\/powerdot-developpe-le-reseau-de-recharge-en-wallonie\/#primaryimage","url":"https:\/\/static.link2fleet.com\/wp-content\/uploads\/2024\/06\/chargerandcar.jpg","contentUrl":"https:\/\/static.link2fleet.com\/wp-content\/uploads\/2024\/06\/chargerandcar.jpg","width":2048,"height":1365},{"@type":"BreadcrumbList","@id":"https:\/\/www.link2fleet.com\/powerdot-developpe-le-reseau-de-recharge-en-wallonie\/#breadcrumb","itemListElement":[{"@type":"ListItem","position":1,"name":"Home","item":"https:\/\/www.link2fleet.com\/fr\/"},{"@type":"ListItem","position":2,"name":"Powerdot d\u00e9veloppe le r\u00e9seau de recharge en Wallonie"}]},{"@type":"WebSite","@id":"https:\/\/www.link2fleet.com\/fr\/#website","url":"https:\/\/www.link2fleet.com\/fr\/","name":"Link2fleet","description":"","publisher":{"@id":"https:\/\/www.link2fleet.com\/fr\/#organization"},"potentialAction":[{"@type":"SearchAction","target":{"@type":"EntryPoint","urlTemplate":"https:\/\/www.link2fleet.com\/fr\/?s={search_term_string}"},"query-input":{"@type":"PropertyValueSpecification","valueRequired":true,"valueName":"search_term_string"}}],"inLanguage":"fr-FR"},{"@type":"Organization","@id":"https:\/\/www.link2fleet.com\/fr\/#organization","name":"Link2fleet","url":"https:\/\/www.link2fleet.com\/fr\/","logo":{"@type":"ImageObject","inLanguage":"fr-FR","@id":"https:\/\/www.link2fleet.com\/fr\/#\/schema\/logo\/image\/","url":"https:\/\/static.link2fleet.com\/wp-content\/uploads\/2024\/03\/share-image.jpg","contentUrl":"https:\/\/static.link2fleet.com\/wp-content\/uploads\/2024\/03\/share-image.jpg","width":1200,"height":630,"caption":"Link2fleet"},"image":{"@id":"https:\/\/www.link2fleet.com\/fr\/#\/schema\/logo\/image\/"},"sameAs":["https:\/\/www.linkedin.com\/company\/link2fleet-belgium","https:\/\/www.youtube.com\/user\/MMMBMBE"]},{"@type":"Person","@id":"https:\/\/www.link2fleet.com\/fr\/#\/schema\/person\/36f3d48d12a83e110d72b602b5bebc11","name":"Maxime Pasture","image":{"@type":"ImageObject","inLanguage":"fr-FR","@id":"https:\/\/secure.gravatar.com\/avatar\/a17c47a11dd3996c69a173e291c692b6a028e82349994bf0d9f60936c9795b9f?s=96&d=mm&r=g","url":"https:\/\/secure.gravatar.com\/avatar\/a17c47a11dd3996c69a173e291c692b6a028e82349994bf0d9f60936c9795b9f?s=96&d=mm&r=g","contentUrl":"https:\/\/secure.gravatar.com\/avatar\/a17c47a11dd3996c69a173e291c692b6a028e82349994bf0d9f60936c9795b9f?s=96&d=mm&r=g","caption":"Maxime Pasture"},"description":"Journaliste de formation, Maxime est tr\u00e8s curieux mais surtout passionn\u00e9 d'automobile. Sa curiosit\u00e9 l'am\u00e8ne \u00e0 traiter de sujets divers et vari\u00e9s li\u00e9s \u00e0 la mobilit\u00e9 au sens large et bien plus encore !"}]}},"_links":{"self":[{"href":"https:\/\/www.link2fleet.com\/fr\/wp-json\/wp\/v2\/posts\/28644","targetHints":{"allow":["GET"]}}],"collection":[{"href":"https:\/\/www.link2fleet.com\/fr\/wp-json\/wp\/v2\/posts"}],"about":[{"href":"https:\/\/www.link2fleet.com\/fr\/wp-json\/wp\/v2\/types\/post"}],"author":[{"embeddable":true,"href":"https:\/\/www.link2fleet.com\/fr\/wp-json\/wp\/v2\/users\/18"}],"replies":[{"embeddable":true,"href":"https:\/\/www.link2fleet.com\/fr\/wp-json\/wp\/v2\/comments?post=28644"}],"version-history":[{"count":0,"href":"https:\/\/www.link2fleet.com\/fr\/wp-json\/wp\/v2\/posts\/28644\/revisions"}],"wp:featuredmedia":[{"embeddable":true,"href":"https:\/\/www.link2fleet.com\/fr\/wp-json\/wp\/v2\/media\/28645"}],"wp:attachment":[{"href":"https:\/\/www.link2fleet.com\/fr\/wp-json\/wp\/v2\/media?parent=28644"}],"wp:term":[{"taxonomy":"category","embeddable":true,"href":"https:\/\/www.link2fleet.com\/fr\/wp-json\/wp\/v2\/categories?post=28644"},{"taxonomy":"post_tag","embeddable":true,"href":"https:\/\/www.link2fleet.com\/fr\/wp-json\/wp\/v2\/tags?post=28644"}],"curies":[{"name":"wp","href":"https:\/\/api.w.org\/{rel}","templated":true}]}}