{"id":2866,"date":"2022-07-04T08:00:40","date_gmt":"2022-07-04T06:00:40","guid":{"rendered":"https:\/\/www.link2fleet.com\/company-car-report-2020-aidez-nous-a-decrypter-toutes-les-tendances-du-fleet-de-la-mobilite\/"},"modified":"2024-04-17T16:46:39","modified_gmt":"2024-04-17T14:46:39","slug":"company-car-report-2020-aidez-nous-a-decrypter-toutes-les-tendances-du-fleet-de-la-mobilite","status":"publish","type":"post","link":"https:\/\/www.link2fleet.com\/fr\/company-car-report-2020-aidez-nous-a-decrypter-toutes-les-tendances-du-fleet-de-la-mobilite\/","title":{"rendered":"Company Car Report 2022 : aidez-nous \u00e0 d\u00e9crypter toutes les tendances du fleet de la mobilit\u00e9"},"content":{"rendered":"\n<p>Tous les participants qui ont compl\u00e9t\u00e9 l&rsquo;enqu\u00eate dans sa totalit\u00e9 recevront les r\u00e9sultats du Company Car Report en primeur (en version digitale) ainsi qu&rsquo;une entr\u00e9e gratuite aux link2fleet forum &amp; awards. <strong>Cette offre est exclusivement r\u00e9serv\u00e9e aux gestionnaires de flotte, RH, Mobility Manager&#8230; <\/strong><\/p>\n\n\n\n<figure class=\"wp-block-image\"><a href=\"https:\/\/form.dragnsurvey.com\/survey\/r\/e14c1d22\"><img loading=\"lazy\" decoding=\"async\" class=\"alignnone wp-image-1281797 size-medium\" src=\"https:\/\/www.link2fleet.com\/wp-content\/uploads\/2022\/06\/enqueteccr2022-FR-300x250.gif\" alt=\"\" width=\"300\" height=\"250\" \/><\/a><\/figure>\n","protected":false},"excerpt":{"rendered":"<p>Tous les participants qui ont compl\u00e9t\u00e9 l&rsquo;enqu\u00eate dans sa totalit\u00e9 recevront les r\u00e9sultats du Company Car Report en primeur (en version digitale) ainsi qu&rsquo;une entr\u00e9e gratuite aux link2fleet forum &amp; awards. Cette offre est exclusivement r\u00e9serv\u00e9e aux gestionnaires de flotte, RH, Mobility Manager&#8230;<\/p>\n","protected":false},"author":4,"featured_media":2867,"comment_status":"closed","ping_status":"closed","sticky":false,"template":"","format":"standard","meta":{"_acf_changed":false,"footnotes":""},"categories":[135,95,91],"tags":[],"class_list":["post-2866","post","type-post","status-publish","format-standard","has-post-thumbnail","hentry","category-news-fr","category-organisations-professionnelles-federations-experts","category-expertise-et-management"],"acf":[],"yoast_head":"<!-- This site is optimized with the Yoast SEO plugin v27.3 - https:\/\/yoast.com\/product\/yoast-seo-wordpress\/ -->\n<title>Company Car Report 2022 : aidez-nous \u00e0 d\u00e9crypter toutes les tendances du fleet de la mobilit\u00e9 - link2fleet<\/title>\n<meta name=\"description\" content=\"Le changement de la fiscalit\u00e9 \u00e0 l&rsquo;horizon 2026 et son impact sur l&rsquo;\u00e9lectrification des flottes, l&rsquo;\u00e9volution de notre mobilit\u00e9 et la guerre des talents sont\u2026\" \/>\n<meta name=\"robots\" content=\"index, follow, max-snippet:-1, max-image-preview:large, max-video-preview:-1\" \/>\n<meta property=\"og:locale\" content=\"fr_FR\" \/>\n<meta property=\"og:type\" content=\"article\" \/>\n<meta property=\"og:title\" content=\"Company Car Report 2022 : aidez-nous \u00e0 d\u00e9crypter toutes les tendances du fleet de la mobilit\u00e9 - link2fleet\" \/>\n<meta property=\"og:description\" content=\"Le changement de la fiscalit\u00e9 \u00e0 l&rsquo;horizon 2026 et son impact sur l&rsquo;\u00e9lectrification des flottes, l&rsquo;\u00e9volution de notre mobilit\u00e9 et la guerre des talents sont\u2026\" \/>\n<meta property=\"og:url\" content=\"https:\/\/www.link2fleet.com\/fr\/company-car-report-2020-aidez-nous-a-decrypter-toutes-les-tendances-du-fleet-de-la-mobilite\/\" \/>\n<meta property=\"og:site_name\" content=\"link2fleet\" \/>\n<meta property=\"article:published_time\" content=\"2022-07-04T06:00:40+00:00\" \/>\n<meta property=\"article:modified_time\" content=\"2024-04-17T14:46:39+00:00\" \/>\n<meta property=\"og:image\" content=\"https:\/\/static.link2fleet.com\/wp-content\/uploads\/2024\/03\/logo-ccr.jpg\" \/>\n\t<meta property=\"og:image:width\" content=\"2278\" \/>\n\t<meta property=\"og:image:height\" content=\"235\" \/>\n\t<meta property=\"og:image:type\" content=\"image\/jpeg\" \/>\n<meta name=\"author\" content=\"Damien Malvetti\" \/>\n<meta name=\"twitter:card\" content=\"summary_large_image\" \/>\n<meta name=\"twitter:description\" content=\"Le changement de la fiscalit\u00e9 \u00e0 l&rsquo;horizon 2026 et son impact sur l&rsquo;\u00e9lectrification des flottes, l&rsquo;\u00e9volution de notre mobilit\u00e9 et la guerre des talents sont\u2026\" \/>\n<meta name=\"twitter:label1\" content=\"\u00c9crit par\" \/>\n\t<meta name=\"twitter:data1\" content=\"Damien Malvetti\" \/>\n<script type=\"application\/ld+json\" class=\"yoast-schema-graph\">{\"@context\":\"https:\\\/\\\/schema.org\",\"@graph\":[{\"@type\":\"Article\",\"@id\":\"https:\\\/\\\/www.link2fleet.com\\\/fr\\\/company-car-report-2020-aidez-nous-a-decrypter-toutes-les-tendances-du-fleet-de-la-mobilite\\\/#article\",\"isPartOf\":{\"@id\":\"https:\\\/\\\/www.link2fleet.com\\\/fr\\\/company-car-report-2020-aidez-nous-a-decrypter-toutes-les-tendances-du-fleet-de-la-mobilite\\\/\"},\"author\":{\"name\":\"Damien Malvetti\",\"@id\":\"https:\\\/\\\/www.link2fleet.com\\\/fr\\\/#\\\/schema\\\/person\\\/027cd46113c78036b3809c9a054049da\"},\"headline\":\"Company Car Report 2022 : aidez-nous \u00e0 d\u00e9crypter toutes les tendances du fleet de la mobilit\u00e9\",\"datePublished\":\"2022-07-04T06:00:40+00:00\",\"dateModified\":\"2024-04-17T14:46:39+00:00\",\"mainEntityOfPage\":{\"@id\":\"https:\\\/\\\/www.link2fleet.com\\\/fr\\\/company-car-report-2020-aidez-nous-a-decrypter-toutes-les-tendances-du-fleet-de-la-mobilite\\\/\"},\"wordCount\":66,\"publisher\":{\"@id\":\"https:\\\/\\\/www.link2fleet.com\\\/fr\\\/#organization\"},\"image\":{\"@id\":\"https:\\\/\\\/www.link2fleet.com\\\/fr\\\/company-car-report-2020-aidez-nous-a-decrypter-toutes-les-tendances-du-fleet-de-la-mobilite\\\/#primaryimage\"},\"thumbnailUrl\":\"https:\\\/\\\/static.link2fleet.com\\\/wp-content\\\/uploads\\\/2024\\\/03\\\/logo-ccr.jpg\",\"articleSection\":[\"Actus\",\"Expertise et f\u00e9d\u00e9rations\",\"Gestion de flotte\"],\"inLanguage\":\"fr-FR\"},{\"@type\":\"WebPage\",\"@id\":\"https:\\\/\\\/www.link2fleet.com\\\/fr\\\/company-car-report-2020-aidez-nous-a-decrypter-toutes-les-tendances-du-fleet-de-la-mobilite\\\/\",\"url\":\"https:\\\/\\\/www.link2fleet.com\\\/fr\\\/company-car-report-2020-aidez-nous-a-decrypter-toutes-les-tendances-du-fleet-de-la-mobilite\\\/\",\"name\":\"Company Car Report 2022 : aidez-nous \u00e0 d\u00e9crypter toutes les tendances du fleet de la mobilit\u00e9 - link2fleet\",\"isPartOf\":{\"@id\":\"https:\\\/\\\/www.link2fleet.com\\\/fr\\\/#website\"},\"primaryImageOfPage\":{\"@id\":\"https:\\\/\\\/www.link2fleet.com\\\/fr\\\/company-car-report-2020-aidez-nous-a-decrypter-toutes-les-tendances-du-fleet-de-la-mobilite\\\/#primaryimage\"},\"image\":{\"@id\":\"https:\\\/\\\/www.link2fleet.com\\\/fr\\\/company-car-report-2020-aidez-nous-a-decrypter-toutes-les-tendances-du-fleet-de-la-mobilite\\\/#primaryimage\"},\"thumbnailUrl\":\"https:\\\/\\\/static.link2fleet.com\\\/wp-content\\\/uploads\\\/2024\\\/03\\\/logo-ccr.jpg\",\"datePublished\":\"2022-07-04T06:00:40+00:00\",\"dateModified\":\"2024-04-17T14:46:39+00:00\",\"breadcrumb\":{\"@id\":\"https:\\\/\\\/www.link2fleet.com\\\/fr\\\/company-car-report-2020-aidez-nous-a-decrypter-toutes-les-tendances-du-fleet-de-la-mobilite\\\/#breadcrumb\"},\"inLanguage\":\"fr-FR\",\"potentialAction\":[{\"@type\":\"ReadAction\",\"target\":[\"https:\\\/\\\/www.link2fleet.com\\\/fr\\\/company-car-report-2020-aidez-nous-a-decrypter-toutes-les-tendances-du-fleet-de-la-mobilite\\\/\"]}]},{\"@type\":\"ImageObject\",\"inLanguage\":\"fr-FR\",\"@id\":\"https:\\\/\\\/www.link2fleet.com\\\/fr\\\/company-car-report-2020-aidez-nous-a-decrypter-toutes-les-tendances-du-fleet-de-la-mobilite\\\/#primaryimage\",\"url\":\"https:\\\/\\\/static.link2fleet.com\\\/wp-content\\\/uploads\\\/2024\\\/03\\\/logo-ccr.jpg\",\"contentUrl\":\"https:\\\/\\\/static.link2fleet.com\\\/wp-content\\\/uploads\\\/2024\\\/03\\\/logo-ccr.jpg\",\"width\":2278,\"height\":235,\"caption\":\"|\"},{\"@type\":\"BreadcrumbList\",\"@id\":\"https:\\\/\\\/www.link2fleet.com\\\/fr\\\/company-car-report-2020-aidez-nous-a-decrypter-toutes-les-tendances-du-fleet-de-la-mobilite\\\/#breadcrumb\",\"itemListElement\":[{\"@type\":\"ListItem\",\"position\":1,\"name\":\"Home\",\"item\":\"https:\\\/\\\/www.link2fleet.com\\\/fr\\\/\"},{\"@type\":\"ListItem\",\"position\":2,\"name\":\"Company Car Report 2022 : aidez-nous \u00e0 d\u00e9crypter toutes les tendances du fleet de la mobilit\u00e9\"}]},{\"@type\":\"WebSite\",\"@id\":\"https:\\\/\\\/www.link2fleet.com\\\/fr\\\/#website\",\"url\":\"https:\\\/\\\/www.link2fleet.com\\\/fr\\\/\",\"name\":\"Link2fleet\",\"description\":\"\",\"publisher\":{\"@id\":\"https:\\\/\\\/www.link2fleet.com\\\/fr\\\/#organization\"},\"potentialAction\":[{\"@type\":\"SearchAction\",\"target\":{\"@type\":\"EntryPoint\",\"urlTemplate\":\"https:\\\/\\\/www.link2fleet.com\\\/fr\\\/?s={search_term_string}\"},\"query-input\":{\"@type\":\"PropertyValueSpecification\",\"valueRequired\":true,\"valueName\":\"search_term_string\"}}],\"inLanguage\":\"fr-FR\"},{\"@type\":\"Organization\",\"@id\":\"https:\\\/\\\/www.link2fleet.com\\\/fr\\\/#organization\",\"name\":\"Link2fleet\",\"url\":\"https:\\\/\\\/www.link2fleet.com\\\/fr\\\/\",\"logo\":{\"@type\":\"ImageObject\",\"inLanguage\":\"fr-FR\",\"@id\":\"https:\\\/\\\/www.link2fleet.com\\\/fr\\\/#\\\/schema\\\/logo\\\/image\\\/\",\"url\":\"https:\\\/\\\/static.link2fleet.com\\\/wp-content\\\/uploads\\\/2024\\\/03\\\/share-image.jpg\",\"contentUrl\":\"https:\\\/\\\/static.link2fleet.com\\\/wp-content\\\/uploads\\\/2024\\\/03\\\/share-image.jpg\",\"width\":1200,\"height\":630,\"caption\":\"Link2fleet\"},\"image\":{\"@id\":\"https:\\\/\\\/www.link2fleet.com\\\/fr\\\/#\\\/schema\\\/logo\\\/image\\\/\"},\"sameAs\":[\"https:\\\/\\\/www.linkedin.com\\\/company\\\/link2fleet-belgium\",\"https:\\\/\\\/www.youtube.com\\\/user\\\/MMMBMBE\"]},{\"@type\":\"Person\",\"@id\":\"https:\\\/\\\/www.link2fleet.com\\\/fr\\\/#\\\/schema\\\/person\\\/027cd46113c78036b3809c9a054049da\",\"name\":\"Damien Malvetti\",\"image\":{\"@type\":\"ImageObject\",\"inLanguage\":\"fr-FR\",\"@id\":\"https:\\\/\\\/secure.gravatar.com\\\/avatar\\\/dd8cc03b49466c735f753ac37f8caa371af16dfed347456ed61f02883255eebb?s=96&d=mm&r=g\",\"url\":\"https:\\\/\\\/secure.gravatar.com\\\/avatar\\\/dd8cc03b49466c735f753ac37f8caa371af16dfed347456ed61f02883255eebb?s=96&d=mm&r=g\",\"contentUrl\":\"https:\\\/\\\/secure.gravatar.com\\\/avatar\\\/dd8cc03b49466c735f753ac37f8caa371af16dfed347456ed61f02883255eebb?s=96&d=mm&r=g\",\"caption\":\"Damien Malvetti\"},\"description\":\"Damien Malvetti is opgeleid als journalist en gepassioneerd door wagens, technologie en mobiliteit. Hij is verantwoordelijk voor de redactionele inhoud van link2fleet en beschikt over een uitgebreide kennis van de fleet-sector en elektrische mobiliteit.\",\"sameAs\":[\"https:\\\/\\\/www.linkedin.com\\\/in\\\/damien-malvetti-56601142\\\/\"]}]}<\/script>\n<!-- \/ Yoast SEO plugin. -->","yoast_head_json":{"title":"Company Car Report 2022 : aidez-nous \u00e0 d\u00e9crypter toutes les tendances du fleet de la mobilit\u00e9 - link2fleet","description":"Le changement de la fiscalit\u00e9 \u00e0 l&rsquo;horizon 2026 et son impact sur l&rsquo;\u00e9lectrification des flottes, l&rsquo;\u00e9volution de notre mobilit\u00e9 et la guerre des talents sont\u2026","robots":{"index":"index","follow":"follow","max-snippet":"max-snippet:-1","max-image-preview":"max-image-preview:large","max-video-preview":"max-video-preview:-1"},"og_locale":"fr_FR","og_type":"article","og_title":"Company Car Report 2022 : aidez-nous \u00e0 d\u00e9crypter toutes les tendances du fleet de la mobilit\u00e9 - link2fleet","og_description":"Le changement de la fiscalit\u00e9 \u00e0 l&rsquo;horizon 2026 et son impact sur l&rsquo;\u00e9lectrification des flottes, l&rsquo;\u00e9volution de notre mobilit\u00e9 et la guerre des talents sont\u2026","og_url":"https:\/\/www.link2fleet.com\/fr\/company-car-report-2020-aidez-nous-a-decrypter-toutes-les-tendances-du-fleet-de-la-mobilite\/","og_site_name":"link2fleet","article_published_time":"2022-07-04T06:00:40+00:00","article_modified_time":"2024-04-17T14:46:39+00:00","og_image":[{"width":2278,"height":235,"url":"https:\/\/static.link2fleet.com\/wp-content\/uploads\/2024\/03\/logo-ccr.jpg","type":"image\/jpeg"}],"author":"Damien Malvetti","twitter_card":"summary_large_image","twitter_description":"Le changement de la fiscalit\u00e9 \u00e0 l&rsquo;horizon 2026 et son impact sur l&rsquo;\u00e9lectrification des flottes, l&rsquo;\u00e9volution de notre mobilit\u00e9 et la guerre des talents sont\u2026","twitter_misc":{"\u00c9crit par":"Damien Malvetti"},"schema":{"@context":"https:\/\/schema.org","@graph":[{"@type":"Article","@id":"https:\/\/www.link2fleet.com\/fr\/company-car-report-2020-aidez-nous-a-decrypter-toutes-les-tendances-du-fleet-de-la-mobilite\/#article","isPartOf":{"@id":"https:\/\/www.link2fleet.com\/fr\/company-car-report-2020-aidez-nous-a-decrypter-toutes-les-tendances-du-fleet-de-la-mobilite\/"},"author":{"name":"Damien Malvetti","@id":"https:\/\/www.link2fleet.com\/fr\/#\/schema\/person\/027cd46113c78036b3809c9a054049da"},"headline":"Company Car Report 2022 : aidez-nous \u00e0 d\u00e9crypter toutes les tendances du fleet de la mobilit\u00e9","datePublished":"2022-07-04T06:00:40+00:00","dateModified":"2024-04-17T14:46:39+00:00","mainEntityOfPage":{"@id":"https:\/\/www.link2fleet.com\/fr\/company-car-report-2020-aidez-nous-a-decrypter-toutes-les-tendances-du-fleet-de-la-mobilite\/"},"wordCount":66,"publisher":{"@id":"https:\/\/www.link2fleet.com\/fr\/#organization"},"image":{"@id":"https:\/\/www.link2fleet.com\/fr\/company-car-report-2020-aidez-nous-a-decrypter-toutes-les-tendances-du-fleet-de-la-mobilite\/#primaryimage"},"thumbnailUrl":"https:\/\/static.link2fleet.com\/wp-content\/uploads\/2024\/03\/logo-ccr.jpg","articleSection":["Actus","Expertise et f\u00e9d\u00e9rations","Gestion de flotte"],"inLanguage":"fr-FR"},{"@type":"WebPage","@id":"https:\/\/www.link2fleet.com\/fr\/company-car-report-2020-aidez-nous-a-decrypter-toutes-les-tendances-du-fleet-de-la-mobilite\/","url":"https:\/\/www.link2fleet.com\/fr\/company-car-report-2020-aidez-nous-a-decrypter-toutes-les-tendances-du-fleet-de-la-mobilite\/","name":"Company Car Report 2022 : aidez-nous \u00e0 d\u00e9crypter toutes les tendances du fleet de la mobilit\u00e9 - link2fleet","isPartOf":{"@id":"https:\/\/www.link2fleet.com\/fr\/#website"},"primaryImageOfPage":{"@id":"https:\/\/www.link2fleet.com\/fr\/company-car-report-2020-aidez-nous-a-decrypter-toutes-les-tendances-du-fleet-de-la-mobilite\/#primaryimage"},"image":{"@id":"https:\/\/www.link2fleet.com\/fr\/company-car-report-2020-aidez-nous-a-decrypter-toutes-les-tendances-du-fleet-de-la-mobilite\/#primaryimage"},"thumbnailUrl":"https:\/\/static.link2fleet.com\/wp-content\/uploads\/2024\/03\/logo-ccr.jpg","datePublished":"2022-07-04T06:00:40+00:00","dateModified":"2024-04-17T14:46:39+00:00","breadcrumb":{"@id":"https:\/\/www.link2fleet.com\/fr\/company-car-report-2020-aidez-nous-a-decrypter-toutes-les-tendances-du-fleet-de-la-mobilite\/#breadcrumb"},"inLanguage":"fr-FR","potentialAction":[{"@type":"ReadAction","target":["https:\/\/www.link2fleet.com\/fr\/company-car-report-2020-aidez-nous-a-decrypter-toutes-les-tendances-du-fleet-de-la-mobilite\/"]}]},{"@type":"ImageObject","inLanguage":"fr-FR","@id":"https:\/\/www.link2fleet.com\/fr\/company-car-report-2020-aidez-nous-a-decrypter-toutes-les-tendances-du-fleet-de-la-mobilite\/#primaryimage","url":"https:\/\/static.link2fleet.com\/wp-content\/uploads\/2024\/03\/logo-ccr.jpg","contentUrl":"https:\/\/static.link2fleet.com\/wp-content\/uploads\/2024\/03\/logo-ccr.jpg","width":2278,"height":235,"caption":"|"},{"@type":"BreadcrumbList","@id":"https:\/\/www.link2fleet.com\/fr\/company-car-report-2020-aidez-nous-a-decrypter-toutes-les-tendances-du-fleet-de-la-mobilite\/#breadcrumb","itemListElement":[{"@type":"ListItem","position":1,"name":"Home","item":"https:\/\/www.link2fleet.com\/fr\/"},{"@type":"ListItem","position":2,"name":"Company Car Report 2022 : aidez-nous \u00e0 d\u00e9crypter toutes les tendances du fleet de la mobilit\u00e9"}]},{"@type":"WebSite","@id":"https:\/\/www.link2fleet.com\/fr\/#website","url":"https:\/\/www.link2fleet.com\/fr\/","name":"Link2fleet","description":"","publisher":{"@id":"https:\/\/www.link2fleet.com\/fr\/#organization"},"potentialAction":[{"@type":"SearchAction","target":{"@type":"EntryPoint","urlTemplate":"https:\/\/www.link2fleet.com\/fr\/?s={search_term_string}"},"query-input":{"@type":"PropertyValueSpecification","valueRequired":true,"valueName":"search_term_string"}}],"inLanguage":"fr-FR"},{"@type":"Organization","@id":"https:\/\/www.link2fleet.com\/fr\/#organization","name":"Link2fleet","url":"https:\/\/www.link2fleet.com\/fr\/","logo":{"@type":"ImageObject","inLanguage":"fr-FR","@id":"https:\/\/www.link2fleet.com\/fr\/#\/schema\/logo\/image\/","url":"https:\/\/static.link2fleet.com\/wp-content\/uploads\/2024\/03\/share-image.jpg","contentUrl":"https:\/\/static.link2fleet.com\/wp-content\/uploads\/2024\/03\/share-image.jpg","width":1200,"height":630,"caption":"Link2fleet"},"image":{"@id":"https:\/\/www.link2fleet.com\/fr\/#\/schema\/logo\/image\/"},"sameAs":["https:\/\/www.linkedin.com\/company\/link2fleet-belgium","https:\/\/www.youtube.com\/user\/MMMBMBE"]},{"@type":"Person","@id":"https:\/\/www.link2fleet.com\/fr\/#\/schema\/person\/027cd46113c78036b3809c9a054049da","name":"Damien Malvetti","image":{"@type":"ImageObject","inLanguage":"fr-FR","@id":"https:\/\/secure.gravatar.com\/avatar\/dd8cc03b49466c735f753ac37f8caa371af16dfed347456ed61f02883255eebb?s=96&d=mm&r=g","url":"https:\/\/secure.gravatar.com\/avatar\/dd8cc03b49466c735f753ac37f8caa371af16dfed347456ed61f02883255eebb?s=96&d=mm&r=g","contentUrl":"https:\/\/secure.gravatar.com\/avatar\/dd8cc03b49466c735f753ac37f8caa371af16dfed347456ed61f02883255eebb?s=96&d=mm&r=g","caption":"Damien Malvetti"},"description":"Damien Malvetti is opgeleid als journalist en gepassioneerd door wagens, technologie en mobiliteit. Hij is verantwoordelijk voor de redactionele inhoud van link2fleet en beschikt over een uitgebreide kennis van de fleet-sector en elektrische mobiliteit.","sameAs":["https:\/\/www.linkedin.com\/in\/damien-malvetti-56601142\/"]}]}},"_links":{"self":[{"href":"https:\/\/www.link2fleet.com\/fr\/wp-json\/wp\/v2\/posts\/2866","targetHints":{"allow":["GET"]}}],"collection":[{"href":"https:\/\/www.link2fleet.com\/fr\/wp-json\/wp\/v2\/posts"}],"about":[{"href":"https:\/\/www.link2fleet.com\/fr\/wp-json\/wp\/v2\/types\/post"}],"author":[{"embeddable":true,"href":"https:\/\/www.link2fleet.com\/fr\/wp-json\/wp\/v2\/users\/4"}],"replies":[{"embeddable":true,"href":"https:\/\/www.link2fleet.com\/fr\/wp-json\/wp\/v2\/comments?post=2866"}],"version-history":[{"count":0,"href":"https:\/\/www.link2fleet.com\/fr\/wp-json\/wp\/v2\/posts\/2866\/revisions"}],"wp:featuredmedia":[{"embeddable":true,"href":"https:\/\/www.link2fleet.com\/fr\/wp-json\/wp\/v2\/media\/2867"}],"wp:attachment":[{"href":"https:\/\/www.link2fleet.com\/fr\/wp-json\/wp\/v2\/media?parent=2866"}],"wp:term":[{"taxonomy":"category","embeddable":true,"href":"https:\/\/www.link2fleet.com\/fr\/wp-json\/wp\/v2\/categories?post=2866"},{"taxonomy":"post_tag","embeddable":true,"href":"https:\/\/www.link2fleet.com\/fr\/wp-json\/wp\/v2\/tags?post=2866"}],"curies":[{"name":"wp","href":"https:\/\/api.w.org\/{rel}","templated":true}]}}