{"id":2891,"date":"2020-10-15T11:41:21","date_gmt":"2020-10-15T09:41:21","guid":{"rendered":"https:\/\/www.link2fleet.com\/bruxelles-une-taxation-kilometrique-intelligente-pour-remplacer-la-tmc-et-la-taxe-de-circulation\/"},"modified":"2024-04-17T16:52:10","modified_gmt":"2024-04-17T14:52:10","slug":"bruxelles-une-taxation-kilometrique-intelligente-pour-remplacer-la-tmc-et-la-taxe-de-circulation","status":"publish","type":"post","link":"https:\/\/www.link2fleet.com\/fr\/bruxelles-une-taxation-kilometrique-intelligente-pour-remplacer-la-tmc-et-la-taxe-de-circulation\/","title":{"rendered":"Bruxelles, une taxation kilom\u00e9trique intelligente pour remplacer la TMC et la taxe de circulation"},"content":{"rendered":"\n<p>Tarifs<\/p>\n\n\n\n<p>Gr\u00e2ce au syst\u00e8me de contr\u00f4le SmartMove (application smartphone + r\u00e9seau de cam\u00e9ras), chaque v\u00e9hicule entrant dans la R\u00e9gion de Bruxelles-Capitale sera soumis \u00e0 un montant de p\u00e9age fixe assorti d\u2019une redevance suppl\u00e9mentaire li\u00e9e au kilom\u00e9trage. Les voitures en leasing seraient int\u00e9gr\u00e9es dans le nouveau syst\u00e8me. Les recettes envisag\u00e9es sont estim\u00e9es \u00e0 un demi-milliard d&rsquo;euros. Voici quelques premiers \u00e9l\u00e9ments d\u2019information ayant \u00e9t\u00e9 divulgu\u00e9s&#8230;\n\nLe tarif appliqu\u00e9 d\u00e9pendra de :<\/p>\n\n\n\n<ol class=\"wp-block-list\"><li>le moment de l&rsquo;entr\u00e9e dans la R\u00e9gion de Bruxelles-Capitale ;<\/li><li>la puissance fiscale du v\u00e9hicule (chevaux fiscaux) ;<\/li><li>le nombre de kilom\u00e8tres parcourus dans la r\u00e9gion de Bruxelles-Capitale : <\/li><\/ol>\n\n\n\n<p>Des cartes journali\u00e8res seront disponibles pour des montants compris entre 10 et 20 euros.<\/p>\n\n\n\n<p>Pendant les heures de pointe (de 7 \u00e0 22 heures et de 15 \u00e0 19 heures), un taux fixe de 1 euro sera appliqu\u00e9. Durant les heures creuses (entre 10 et 15 heures), le taux sera r\u00e9duit jusqu\u2019\u00e0 un demi euro. Ce montant sera multipli\u00e9 par un facteur d\u00e9pendant de la puissance fiscale du v\u00e9hicule. Pour un v\u00e9hicule de 20 CV, le facteur est de 6. Pour la classe moyenne classique de v\u00e9hicules, cela repr\u00e9sentera en pratique entre 2 et 3 euros. En plus de ce taux fixe, il faudra payer 0,18 euros par kilom\u00e8tre aux heures de pointe et 0,09 euros aux heures creuses.<\/p>\n\n\n\n<figure class=\"wp-block-image\"><img decoding=\"async\" src=\"https:\/\/www.link2fleet.com\/wp-content\/uploads\/2020\/09\/enquete-mobilite.jpg\" alt=\"\" class=\"wp-image-1259529\" \/><figcaption>Depuis l&rsquo;arriv\u00e9e de la ministre Elke Van den Brandt (Groen) au cabinet de la mobilit\u00e9, la voiture ne semble plus \u00eatre la bienvenue \u00e0 Bruxelles.<\/figcaption><\/figure>\n\n\n\n<p>Le gouvernement bruxellois n&rsquo;a pas encore donn\u00e9 son avis officiel sur l\u2019introduction du syst\u00e8me mais aucun changement majeur n&rsquo;est attendu. Les donn\u00e9es seraient saisies via les technologies des smartphones et des GPS, \u00e9ventuellement appuy\u00e9es par des \u00ab\u00a0bo\u00eetes \u00e0 boutons\u00a0\u00bb. Ceux qui ne souhaitent pas partager des donn\u00e9es priv\u00e9es devront acheter des cartes journali\u00e8res. Nous constatons assez curieusement que le tarif ne tient pas compte du taux d\u2019\u00e9missions de CO2.<\/p>\n\n\n\n<p><strong>Suppression de la TMC bruxelloise et de la taxe de circulation<\/strong><\/p>\n\n\n\n<p>En compensation du p\u00e9age urbain (ou autrement dit le p\u00e9age de la R\u00e9gion Bruxelles-Capitale), les v\u00e9hicules immatricul\u00e9s dans la R\u00e9gion de Bruxelles-Capitale seraient exon\u00e9r\u00e9s de la TMC et de la taxe routi\u00e8re. Cette mesure ne s&rsquo;appliquerait pas aux v\u00e9hicules immatricul\u00e9s dans les R\u00e9gions wallonne et flamande. Cela pourrait augmenter consid\u00e9rablement le co\u00fbt pour les navetteurs vers Bruxelles \u00e0 l&rsquo;avenir. Le m\u00e9morandum pr\u00e9paratoire ne mentionne pas non plus que la R\u00e9gion bruxelloise souhaite conclure un arrangement \u00e0 ce sujet avec la Flandre et la Wallonie.<\/p>\n\n\n\n<p><strong>Int\u00e9gration des v\u00e9hicules de leasing<\/strong><\/p>\n\n\n\n<p>Aujourd&rsquo;hui, les v\u00e9hicules immatricul\u00e9s au nom d&rsquo;une soci\u00e9t\u00e9 de leasing suivent les r\u00e8gles de Bruxelles en mati\u00e8re de TMC et de taxe de circulation (*). La question se pose de savoir comment cela sera int\u00e9gr\u00e9 dans le nouveau syst\u00e8me sans le rendre trop complexe. On attend toujours une formule d\u00e9finitive \u00e0 ce sujet.<\/p>\n\n\n\n<p>(*) Une petite exception a r\u00e9cemment \u00e9t\u00e9 faite pour les v\u00e9hicules \u00e9lectriques (EV\u2019s) immatricul\u00e9s aupr\u00e8s de soci\u00e9t\u00e9s de leasing ayant leur si\u00e8ge en R\u00e9gion flamande. Ils peuvent \u00e9galement b\u00e9n\u00e9ficier de l&rsquo;ensemble de l&rsquo;exon\u00e9ration de la TMC et de la taxe routi\u00e8re.<\/p>\n\n\n\n<p>Source : L&rsquo;Echo, 15 octobre 2020<\/p>\n\n\n\n<p>Il est \u00e0 noter que les 3 f\u00e9d\u00e9rations d\u00e9fendant les int\u00e9r\u00eats du secteur automobile (Febiac, Traxio et Renta) ont imm\u00e9diatement publi\u00e9 un communiqu\u00e9 commun affirmant tout le mal qu&rsquo;elles pensent de ce p\u00e9age kilom\u00e9trique discriminatoire \u00e0 leurs yeux. L&rsquo;int\u00e9gralit\u00e9 de ce communiqu\u00e9 se trouve par ailleurs sur notre site : <a href=\"https:\/\/www.link2fleet.com\/fr\/peage-bruxellois-les-federations-du-secteur-sinsurgent-contre-un-systeme-discriminatoire\/\">https:\/\/www.link2fleet.com\/fr\/peage-bruxellois-les-federations-du-secteur-sinsurgent-contre-un-systeme-discriminatoire\/<\/a><\/p>\n","protected":false},"excerpt":{"rendered":"<p>Tarifs Gr\u00e2ce au syst\u00e8me de contr\u00f4le SmartMove (application smartphone + r\u00e9seau de cam\u00e9ras), chaque v\u00e9hicule entrant dans la R\u00e9gion de Bruxelles-Capitale sera soumis \u00e0 un montant de p\u00e9age fixe assorti d\u2019une redevance suppl\u00e9mentaire li\u00e9e au kilom\u00e9trage. Les voitures en leasing seraient int\u00e9gr\u00e9es dans le nouveau syst\u00e8me. Les recettes envisag\u00e9es sont estim\u00e9es \u00e0 un demi-milliard d&rsquo;euros. [&hellip;]<\/p>\n","protected":false},"author":11,"featured_media":2892,"comment_status":"closed","ping_status":"closed","sticky":false,"template":"","format":"standard","meta":{"_acf_changed":false,"footnotes":""},"categories":[91,101],"tags":[],"class_list":["post-2891","post","type-post","status-publish","format-standard","has-post-thumbnail","hentry","category-expertise-et-management","category-tax-legal"],"acf":[],"yoast_head":"<!-- This site is optimized with the Yoast SEO plugin v27.3 - https:\/\/yoast.com\/product\/yoast-seo-wordpress\/ -->\n<title>Bruxelles, une taxation kilom\u00e9trique intelligente pour remplacer la TMC et la taxe de circulation - link2fleet<\/title>\n<meta name=\"description\" content=\"Ce sont nos coll\u00e8gues de l\u2019Echo qui l\u2019annoncent en avant-premi\u00e8re ce matin : Bruxelles adopte \u00e0 partir de 2022 un syst\u00e8me de taxation kilom\u00e9trique intelligente.\u2026\" \/>\n<meta name=\"robots\" content=\"index, follow, max-snippet:-1, max-image-preview:large, max-video-preview:-1\" \/>\n<meta property=\"og:locale\" content=\"fr_FR\" \/>\n<meta property=\"og:type\" content=\"article\" \/>\n<meta property=\"og:title\" content=\"Bruxelles, une taxation kilom\u00e9trique intelligente pour remplacer la TMC et la taxe de circulation - link2fleet\" \/>\n<meta property=\"og:description\" content=\"Ce sont nos coll\u00e8gues de l\u2019Echo qui l\u2019annoncent en avant-premi\u00e8re ce matin : Bruxelles adopte \u00e0 partir de 2022 un syst\u00e8me de taxation kilom\u00e9trique intelligente.\u2026\" \/>\n<meta property=\"og:url\" content=\"https:\/\/www.link2fleet.com\/fr\/bruxelles-une-taxation-kilometrique-intelligente-pour-remplacer-la-tmc-et-la-taxe-de-circulation\/\" \/>\n<meta property=\"og:site_name\" content=\"link2fleet\" \/>\n<meta property=\"article:published_time\" content=\"2020-10-15T09:41:21+00:00\" \/>\n<meta property=\"article:modified_time\" content=\"2024-04-17T14:52:10+00:00\" \/>\n<meta property=\"og:image\" content=\"https:\/\/static.link2fleet.com\/wp-content\/uploads\/2024\/03\/voituresociete.jpg\" \/>\n\t<meta property=\"og:image:width\" content=\"660\" \/>\n\t<meta property=\"og:image:height\" content=\"370\" \/>\n\t<meta property=\"og:image:type\" content=\"image\/jpeg\" \/>\n<meta name=\"author\" content=\"Michel Willems - Mobilitas\" \/>\n<meta name=\"twitter:card\" content=\"summary_large_image\" \/>\n<meta name=\"twitter:description\" content=\"Ce sont nos coll\u00e8gues de l\u2019Echo qui l\u2019annoncent en avant-premi\u00e8re ce matin : Bruxelles adopte \u00e0 partir de 2022 un syst\u00e8me de taxation kilom\u00e9trique intelligente.\u2026\" \/>\n<meta name=\"twitter:label1\" content=\"\u00c9crit par\" \/>\n\t<meta name=\"twitter:data1\" content=\"Michel Willems - Mobilitas\" \/>\n\t<meta name=\"twitter:label2\" content=\"Dur\u00e9e de lecture estim\u00e9e\" \/>\n\t<meta name=\"twitter:data2\" content=\"3 minutes\" \/>\n<script type=\"application\/ld+json\" class=\"yoast-schema-graph\">{\"@context\":\"https:\\\/\\\/schema.org\",\"@graph\":[{\"@type\":\"Article\",\"@id\":\"https:\\\/\\\/www.link2fleet.com\\\/fr\\\/bruxelles-une-taxation-kilometrique-intelligente-pour-remplacer-la-tmc-et-la-taxe-de-circulation\\\/#article\",\"isPartOf\":{\"@id\":\"https:\\\/\\\/www.link2fleet.com\\\/fr\\\/bruxelles-une-taxation-kilometrique-intelligente-pour-remplacer-la-tmc-et-la-taxe-de-circulation\\\/\"},\"author\":{\"name\":\"Michel Willems - Mobilitas\",\"@id\":\"https:\\\/\\\/www.link2fleet.com\\\/fr\\\/#\\\/schema\\\/person\\\/bd29f6a2c2427e85a70d3acf17303486\"},\"headline\":\"Bruxelles, une taxation kilom\u00e9trique intelligente pour remplacer la TMC et la taxe de circulation\",\"datePublished\":\"2020-10-15T09:41:21+00:00\",\"dateModified\":\"2024-04-17T14:52:10+00:00\",\"mainEntityOfPage\":{\"@id\":\"https:\\\/\\\/www.link2fleet.com\\\/fr\\\/bruxelles-une-taxation-kilometrique-intelligente-pour-remplacer-la-tmc-et-la-taxe-de-circulation\\\/\"},\"wordCount\":652,\"publisher\":{\"@id\":\"https:\\\/\\\/www.link2fleet.com\\\/fr\\\/#organization\"},\"image\":{\"@id\":\"https:\\\/\\\/www.link2fleet.com\\\/fr\\\/bruxelles-une-taxation-kilometrique-intelligente-pour-remplacer-la-tmc-et-la-taxe-de-circulation\\\/#primaryimage\"},\"thumbnailUrl\":\"https:\\\/\\\/static.link2fleet.com\\\/wp-content\\\/uploads\\\/2024\\\/03\\\/voituresociete.jpg\",\"articleSection\":[\"Gestion de flotte\",\"Tax &amp; legal\"],\"inLanguage\":\"fr-FR\"},{\"@type\":\"WebPage\",\"@id\":\"https:\\\/\\\/www.link2fleet.com\\\/fr\\\/bruxelles-une-taxation-kilometrique-intelligente-pour-remplacer-la-tmc-et-la-taxe-de-circulation\\\/\",\"url\":\"https:\\\/\\\/www.link2fleet.com\\\/fr\\\/bruxelles-une-taxation-kilometrique-intelligente-pour-remplacer-la-tmc-et-la-taxe-de-circulation\\\/\",\"name\":\"Bruxelles, une taxation kilom\u00e9trique intelligente pour remplacer la TMC et la taxe de circulation - link2fleet\",\"isPartOf\":{\"@id\":\"https:\\\/\\\/www.link2fleet.com\\\/fr\\\/#website\"},\"primaryImageOfPage\":{\"@id\":\"https:\\\/\\\/www.link2fleet.com\\\/fr\\\/bruxelles-une-taxation-kilometrique-intelligente-pour-remplacer-la-tmc-et-la-taxe-de-circulation\\\/#primaryimage\"},\"image\":{\"@id\":\"https:\\\/\\\/www.link2fleet.com\\\/fr\\\/bruxelles-une-taxation-kilometrique-intelligente-pour-remplacer-la-tmc-et-la-taxe-de-circulation\\\/#primaryimage\"},\"thumbnailUrl\":\"https:\\\/\\\/static.link2fleet.com\\\/wp-content\\\/uploads\\\/2024\\\/03\\\/voituresociete.jpg\",\"datePublished\":\"2020-10-15T09:41:21+00:00\",\"dateModified\":\"2024-04-17T14:52:10+00:00\",\"breadcrumb\":{\"@id\":\"https:\\\/\\\/www.link2fleet.com\\\/fr\\\/bruxelles-une-taxation-kilometrique-intelligente-pour-remplacer-la-tmc-et-la-taxe-de-circulation\\\/#breadcrumb\"},\"inLanguage\":\"fr-FR\",\"potentialAction\":[{\"@type\":\"ReadAction\",\"target\":[\"https:\\\/\\\/www.link2fleet.com\\\/fr\\\/bruxelles-une-taxation-kilometrique-intelligente-pour-remplacer-la-tmc-et-la-taxe-de-circulation\\\/\"]}]},{\"@type\":\"ImageObject\",\"inLanguage\":\"fr-FR\",\"@id\":\"https:\\\/\\\/www.link2fleet.com\\\/fr\\\/bruxelles-une-taxation-kilometrique-intelligente-pour-remplacer-la-tmc-et-la-taxe-de-circulation\\\/#primaryimage\",\"url\":\"https:\\\/\\\/static.link2fleet.com\\\/wp-content\\\/uploads\\\/2024\\\/03\\\/voituresociete.jpg\",\"contentUrl\":\"https:\\\/\\\/static.link2fleet.com\\\/wp-content\\\/uploads\\\/2024\\\/03\\\/voituresociete.jpg\",\"width\":660,\"height\":370,\"caption\":\"Illustration picture shows cars in a traffic jam in the Boileautunnel - Tunnel Boileau\"},{\"@type\":\"BreadcrumbList\",\"@id\":\"https:\\\/\\\/www.link2fleet.com\\\/fr\\\/bruxelles-une-taxation-kilometrique-intelligente-pour-remplacer-la-tmc-et-la-taxe-de-circulation\\\/#breadcrumb\",\"itemListElement\":[{\"@type\":\"ListItem\",\"position\":1,\"name\":\"Home\",\"item\":\"https:\\\/\\\/www.link2fleet.com\\\/fr\\\/\"},{\"@type\":\"ListItem\",\"position\":2,\"name\":\"Bruxelles, une taxation kilom\u00e9trique intelligente pour remplacer la TMC et la taxe de circulation\"}]},{\"@type\":\"WebSite\",\"@id\":\"https:\\\/\\\/www.link2fleet.com\\\/fr\\\/#website\",\"url\":\"https:\\\/\\\/www.link2fleet.com\\\/fr\\\/\",\"name\":\"Link2fleet\",\"description\":\"\",\"publisher\":{\"@id\":\"https:\\\/\\\/www.link2fleet.com\\\/fr\\\/#organization\"},\"potentialAction\":[{\"@type\":\"SearchAction\",\"target\":{\"@type\":\"EntryPoint\",\"urlTemplate\":\"https:\\\/\\\/www.link2fleet.com\\\/fr\\\/?s={search_term_string}\"},\"query-input\":{\"@type\":\"PropertyValueSpecification\",\"valueRequired\":true,\"valueName\":\"search_term_string\"}}],\"inLanguage\":\"fr-FR\"},{\"@type\":\"Organization\",\"@id\":\"https:\\\/\\\/www.link2fleet.com\\\/fr\\\/#organization\",\"name\":\"Link2fleet\",\"url\":\"https:\\\/\\\/www.link2fleet.com\\\/fr\\\/\",\"logo\":{\"@type\":\"ImageObject\",\"inLanguage\":\"fr-FR\",\"@id\":\"https:\\\/\\\/www.link2fleet.com\\\/fr\\\/#\\\/schema\\\/logo\\\/image\\\/\",\"url\":\"https:\\\/\\\/static.link2fleet.com\\\/wp-content\\\/uploads\\\/2024\\\/03\\\/share-image.jpg\",\"contentUrl\":\"https:\\\/\\\/static.link2fleet.com\\\/wp-content\\\/uploads\\\/2024\\\/03\\\/share-image.jpg\",\"width\":1200,\"height\":630,\"caption\":\"Link2fleet\"},\"image\":{\"@id\":\"https:\\\/\\\/www.link2fleet.com\\\/fr\\\/#\\\/schema\\\/logo\\\/image\\\/\"},\"sameAs\":[\"https:\\\/\\\/www.linkedin.com\\\/company\\\/link2fleet-belgium\",\"https:\\\/\\\/www.youtube.com\\\/user\\\/MMMBMBE\"]},{\"@type\":\"Person\",\"@id\":\"https:\\\/\\\/www.link2fleet.com\\\/fr\\\/#\\\/schema\\\/person\\\/bd29f6a2c2427e85a70d3acf17303486\",\"name\":\"Michel Willems - Mobilitas\",\"image\":{\"@type\":\"ImageObject\",\"inLanguage\":\"fr-FR\",\"@id\":\"https:\\\/\\\/secure.gravatar.com\\\/avatar\\\/c937de514893d5b69b3b52ee88664fd4879b786925b6742dc7891d347f167414?s=96&d=mm&r=g\",\"url\":\"https:\\\/\\\/secure.gravatar.com\\\/avatar\\\/c937de514893d5b69b3b52ee88664fd4879b786925b6742dc7891d347f167414?s=96&d=mm&r=g\",\"contentUrl\":\"https:\\\/\\\/secure.gravatar.com\\\/avatar\\\/c937de514893d5b69b3b52ee88664fd4879b786925b6742dc7891d347f167414?s=96&d=mm&r=g\",\"caption\":\"Michel Willems - Mobilitas\"}}]}<\/script>\n<!-- \/ Yoast SEO plugin. -->","yoast_head_json":{"title":"Bruxelles, une taxation kilom\u00e9trique intelligente pour remplacer la TMC et la taxe de circulation - link2fleet","description":"Ce sont nos coll\u00e8gues de l\u2019Echo qui l\u2019annoncent en avant-premi\u00e8re ce matin : Bruxelles adopte \u00e0 partir de 2022 un syst\u00e8me de taxation kilom\u00e9trique intelligente.\u2026","robots":{"index":"index","follow":"follow","max-snippet":"max-snippet:-1","max-image-preview":"max-image-preview:large","max-video-preview":"max-video-preview:-1"},"og_locale":"fr_FR","og_type":"article","og_title":"Bruxelles, une taxation kilom\u00e9trique intelligente pour remplacer la TMC et la taxe de circulation - link2fleet","og_description":"Ce sont nos coll\u00e8gues de l\u2019Echo qui l\u2019annoncent en avant-premi\u00e8re ce matin : Bruxelles adopte \u00e0 partir de 2022 un syst\u00e8me de taxation kilom\u00e9trique intelligente.\u2026","og_url":"https:\/\/www.link2fleet.com\/fr\/bruxelles-une-taxation-kilometrique-intelligente-pour-remplacer-la-tmc-et-la-taxe-de-circulation\/","og_site_name":"link2fleet","article_published_time":"2020-10-15T09:41:21+00:00","article_modified_time":"2024-04-17T14:52:10+00:00","og_image":[{"width":660,"height":370,"url":"https:\/\/static.link2fleet.com\/wp-content\/uploads\/2024\/03\/voituresociete.jpg","type":"image\/jpeg"}],"author":"Michel Willems - Mobilitas","twitter_card":"summary_large_image","twitter_description":"Ce sont nos coll\u00e8gues de l\u2019Echo qui l\u2019annoncent en avant-premi\u00e8re ce matin : Bruxelles adopte \u00e0 partir de 2022 un syst\u00e8me de taxation kilom\u00e9trique intelligente.\u2026","twitter_misc":{"\u00c9crit par":"Michel Willems - Mobilitas","Dur\u00e9e de lecture estim\u00e9e":"3 minutes"},"schema":{"@context":"https:\/\/schema.org","@graph":[{"@type":"Article","@id":"https:\/\/www.link2fleet.com\/fr\/bruxelles-une-taxation-kilometrique-intelligente-pour-remplacer-la-tmc-et-la-taxe-de-circulation\/#article","isPartOf":{"@id":"https:\/\/www.link2fleet.com\/fr\/bruxelles-une-taxation-kilometrique-intelligente-pour-remplacer-la-tmc-et-la-taxe-de-circulation\/"},"author":{"name":"Michel Willems - Mobilitas","@id":"https:\/\/www.link2fleet.com\/fr\/#\/schema\/person\/bd29f6a2c2427e85a70d3acf17303486"},"headline":"Bruxelles, une taxation kilom\u00e9trique intelligente pour remplacer la TMC et la taxe de circulation","datePublished":"2020-10-15T09:41:21+00:00","dateModified":"2024-04-17T14:52:10+00:00","mainEntityOfPage":{"@id":"https:\/\/www.link2fleet.com\/fr\/bruxelles-une-taxation-kilometrique-intelligente-pour-remplacer-la-tmc-et-la-taxe-de-circulation\/"},"wordCount":652,"publisher":{"@id":"https:\/\/www.link2fleet.com\/fr\/#organization"},"image":{"@id":"https:\/\/www.link2fleet.com\/fr\/bruxelles-une-taxation-kilometrique-intelligente-pour-remplacer-la-tmc-et-la-taxe-de-circulation\/#primaryimage"},"thumbnailUrl":"https:\/\/static.link2fleet.com\/wp-content\/uploads\/2024\/03\/voituresociete.jpg","articleSection":["Gestion de flotte","Tax &amp; legal"],"inLanguage":"fr-FR"},{"@type":"WebPage","@id":"https:\/\/www.link2fleet.com\/fr\/bruxelles-une-taxation-kilometrique-intelligente-pour-remplacer-la-tmc-et-la-taxe-de-circulation\/","url":"https:\/\/www.link2fleet.com\/fr\/bruxelles-une-taxation-kilometrique-intelligente-pour-remplacer-la-tmc-et-la-taxe-de-circulation\/","name":"Bruxelles, une taxation kilom\u00e9trique intelligente pour remplacer la TMC et la taxe de circulation - link2fleet","isPartOf":{"@id":"https:\/\/www.link2fleet.com\/fr\/#website"},"primaryImageOfPage":{"@id":"https:\/\/www.link2fleet.com\/fr\/bruxelles-une-taxation-kilometrique-intelligente-pour-remplacer-la-tmc-et-la-taxe-de-circulation\/#primaryimage"},"image":{"@id":"https:\/\/www.link2fleet.com\/fr\/bruxelles-une-taxation-kilometrique-intelligente-pour-remplacer-la-tmc-et-la-taxe-de-circulation\/#primaryimage"},"thumbnailUrl":"https:\/\/static.link2fleet.com\/wp-content\/uploads\/2024\/03\/voituresociete.jpg","datePublished":"2020-10-15T09:41:21+00:00","dateModified":"2024-04-17T14:52:10+00:00","breadcrumb":{"@id":"https:\/\/www.link2fleet.com\/fr\/bruxelles-une-taxation-kilometrique-intelligente-pour-remplacer-la-tmc-et-la-taxe-de-circulation\/#breadcrumb"},"inLanguage":"fr-FR","potentialAction":[{"@type":"ReadAction","target":["https:\/\/www.link2fleet.com\/fr\/bruxelles-une-taxation-kilometrique-intelligente-pour-remplacer-la-tmc-et-la-taxe-de-circulation\/"]}]},{"@type":"ImageObject","inLanguage":"fr-FR","@id":"https:\/\/www.link2fleet.com\/fr\/bruxelles-une-taxation-kilometrique-intelligente-pour-remplacer-la-tmc-et-la-taxe-de-circulation\/#primaryimage","url":"https:\/\/static.link2fleet.com\/wp-content\/uploads\/2024\/03\/voituresociete.jpg","contentUrl":"https:\/\/static.link2fleet.com\/wp-content\/uploads\/2024\/03\/voituresociete.jpg","width":660,"height":370,"caption":"Illustration picture shows cars in a traffic jam in the Boileautunnel - Tunnel Boileau"},{"@type":"BreadcrumbList","@id":"https:\/\/www.link2fleet.com\/fr\/bruxelles-une-taxation-kilometrique-intelligente-pour-remplacer-la-tmc-et-la-taxe-de-circulation\/#breadcrumb","itemListElement":[{"@type":"ListItem","position":1,"name":"Home","item":"https:\/\/www.link2fleet.com\/fr\/"},{"@type":"ListItem","position":2,"name":"Bruxelles, une taxation kilom\u00e9trique intelligente pour remplacer la TMC et la taxe de circulation"}]},{"@type":"WebSite","@id":"https:\/\/www.link2fleet.com\/fr\/#website","url":"https:\/\/www.link2fleet.com\/fr\/","name":"Link2fleet","description":"","publisher":{"@id":"https:\/\/www.link2fleet.com\/fr\/#organization"},"potentialAction":[{"@type":"SearchAction","target":{"@type":"EntryPoint","urlTemplate":"https:\/\/www.link2fleet.com\/fr\/?s={search_term_string}"},"query-input":{"@type":"PropertyValueSpecification","valueRequired":true,"valueName":"search_term_string"}}],"inLanguage":"fr-FR"},{"@type":"Organization","@id":"https:\/\/www.link2fleet.com\/fr\/#organization","name":"Link2fleet","url":"https:\/\/www.link2fleet.com\/fr\/","logo":{"@type":"ImageObject","inLanguage":"fr-FR","@id":"https:\/\/www.link2fleet.com\/fr\/#\/schema\/logo\/image\/","url":"https:\/\/static.link2fleet.com\/wp-content\/uploads\/2024\/03\/share-image.jpg","contentUrl":"https:\/\/static.link2fleet.com\/wp-content\/uploads\/2024\/03\/share-image.jpg","width":1200,"height":630,"caption":"Link2fleet"},"image":{"@id":"https:\/\/www.link2fleet.com\/fr\/#\/schema\/logo\/image\/"},"sameAs":["https:\/\/www.linkedin.com\/company\/link2fleet-belgium","https:\/\/www.youtube.com\/user\/MMMBMBE"]},{"@type":"Person","@id":"https:\/\/www.link2fleet.com\/fr\/#\/schema\/person\/bd29f6a2c2427e85a70d3acf17303486","name":"Michel Willems - Mobilitas","image":{"@type":"ImageObject","inLanguage":"fr-FR","@id":"https:\/\/secure.gravatar.com\/avatar\/c937de514893d5b69b3b52ee88664fd4879b786925b6742dc7891d347f167414?s=96&d=mm&r=g","url":"https:\/\/secure.gravatar.com\/avatar\/c937de514893d5b69b3b52ee88664fd4879b786925b6742dc7891d347f167414?s=96&d=mm&r=g","contentUrl":"https:\/\/secure.gravatar.com\/avatar\/c937de514893d5b69b3b52ee88664fd4879b786925b6742dc7891d347f167414?s=96&d=mm&r=g","caption":"Michel Willems - Mobilitas"}}]}},"_links":{"self":[{"href":"https:\/\/www.link2fleet.com\/fr\/wp-json\/wp\/v2\/posts\/2891","targetHints":{"allow":["GET"]}}],"collection":[{"href":"https:\/\/www.link2fleet.com\/fr\/wp-json\/wp\/v2\/posts"}],"about":[{"href":"https:\/\/www.link2fleet.com\/fr\/wp-json\/wp\/v2\/types\/post"}],"author":[{"embeddable":true,"href":"https:\/\/www.link2fleet.com\/fr\/wp-json\/wp\/v2\/users\/11"}],"replies":[{"embeddable":true,"href":"https:\/\/www.link2fleet.com\/fr\/wp-json\/wp\/v2\/comments?post=2891"}],"version-history":[{"count":0,"href":"https:\/\/www.link2fleet.com\/fr\/wp-json\/wp\/v2\/posts\/2891\/revisions"}],"wp:featuredmedia":[{"embeddable":true,"href":"https:\/\/www.link2fleet.com\/fr\/wp-json\/wp\/v2\/media\/2892"}],"wp:attachment":[{"href":"https:\/\/www.link2fleet.com\/fr\/wp-json\/wp\/v2\/media?parent=2891"}],"wp:term":[{"taxonomy":"category","embeddable":true,"href":"https:\/\/www.link2fleet.com\/fr\/wp-json\/wp\/v2\/categories?post=2891"},{"taxonomy":"post_tag","embeddable":true,"href":"https:\/\/www.link2fleet.com\/fr\/wp-json\/wp\/v2\/tags?post=2891"}],"curies":[{"name":"wp","href":"https:\/\/api.w.org\/{rel}","templated":true}]}}