{"id":2894,"date":"2020-10-15T07:28:27","date_gmt":"2020-10-15T05:28:27","guid":{"rendered":"https:\/\/www.link2fleet.com\/peage-bruxellois-les-federations-du-secteur-sinsurgent-contre-un-systeme-discriminatoire\/"},"modified":"2020-10-15T07:28:27","modified_gmt":"2020-10-15T05:28:27","slug":"peage-bruxellois-les-federations-du-secteur-sinsurgent-contre-un-systeme-discriminatoire","status":"publish","type":"post","link":"https:\/\/www.link2fleet.com\/fr\/peage-bruxellois-les-federations-du-secteur-sinsurgent-contre-un-systeme-discriminatoire\/","title":{"rendered":"P\u00e9age bruxellois : les f\u00e9d\u00e9rations du secteur s&rsquo;insurgent contre un syst\u00e8me discriminatoire"},"content":{"rendered":"\n<p>L&rsquo;organisation sectorielle Febiac-Traxio-Renta est favorable \u00e0 un syst\u00e8me de p\u00e9age routier intelligent qui remplace la taxe de mise en circulation et la taxe de roulage par une taxe sur l&rsquo;utilisation. Dans la mesure o\u00f9 cette tarification routi\u00e8re est \u00e9quitable et claire.<\/p>\n\n<p>Cela signifie que, pour commencer, il ne devrait pas y avoir d&rsquo;augmentation d&rsquo;imp\u00f4ts. Et c&rsquo;est clairement le cas dans la proposition de Bruxelles puisqu&rsquo;il y a un demi-milliard de recettes suppl\u00e9mentaires. En d&rsquo;autres termes, il s\u2019agit d\u2019une nouvelle taxe qui ne trouvera pas de soutien aupr\u00e8s de la population.<\/p>\n\n<p>Discriminatoire pour les navetteurs<\/p>\n\n<p>Elle ne cr\u00e9e pas non plus de soutien si les alternatives comme les parkings multimodaux de d\u00e9lestage sont insuffisants ou inexistants, en particulier aux heures de pointe. Car en fait, le syst\u00e8me de tarification au kilom\u00e8tre pr\u00e9voit que vous payez beaucoup plus au kilom\u00e8tre aux heures de pointe qu&rsquo;aux heures creuses.<\/p>\n\n<p>Enfin, le syst\u00e8me cr\u00e9e une in\u00e9galit\u00e9 entre les automobilistes belges. Les r\u00e9sidents de Bruxelles ne devront plus payer de TMC ni de taxe de circulation, mais les Flamands et les Wallons &#8211; certainement ceux qui se rendent \u00e0 Bruxelles pour leur travail &#8211; devront passer deux fois \u00e0 la caisse. Une fois pour la TMC et la taxe de circulation dans leur propre r\u00e9gion et une autre fois pour le p\u00e9age \u00e0 Bruxelles. En cons\u00e9quence, ils paient deux \u00e0 trois fois plus. Cela est injuste et cr\u00e9e une discrimination injustifi\u00e9e et ind\u00e9fendable entre les compatriotes, dont les principales victimes sont la classe ouvri\u00e8re, les entrepreneurs et les entreprises.<\/p>\n\n<p>La coupole Febiac-Traxio-Renta appelle donc \u00e0 l&rsquo;uniformit\u00e9 dans tout le pays : id\u00e9alement une redevance kilom\u00e9trique neutre sur le plan budg\u00e9taire et intelligente pour tous, mais certainement pas un cumul des syst\u00e8mes fiscaux sur le compte des citoyens et des entreprises.<\/p>\n","protected":false},"excerpt":{"rendered":"<p>L&rsquo;organisation sectorielle Febiac-Traxio-Renta est favorable \u00e0 un syst\u00e8me de p\u00e9age routier intelligent qui remplace la taxe de mise en circulation et la taxe de roulage par une taxe sur l&rsquo;utilisation. Dans la mesure o\u00f9 cette tarification routi\u00e8re est \u00e9quitable et claire. Cela signifie que, pour commencer, il ne devrait pas y avoir d&rsquo;augmentation d&rsquo;imp\u00f4ts. Et [&hellip;]<\/p>\n","protected":false},"author":19,"featured_media":2585,"comment_status":"closed","ping_status":"closed","sticky":false,"template":"","format":"standard","meta":{"_acf_changed":false,"footnotes":""},"categories":[95,91,101],"tags":[],"class_list":["post-2894","post","type-post","status-publish","format-standard","has-post-thumbnail","hentry","category-organisations-professionnelles-federations-experts","category-expertise-et-management","category-tax-legal"],"acf":[],"yoast_head":"<!-- This site is optimized with the Yoast SEO plugin v27.3 - https:\/\/yoast.com\/product\/yoast-seo-wordpress\/ -->\n<title>P\u00e9age bruxellois : les f\u00e9d\u00e9rations du secteur s&#039;insurgent contre un syst\u00e8me discriminatoire - link2fleet<\/title>\n<meta name=\"description\" content=\"La R\u00e9gion de Bruxelles-Capitale pr\u00e9voit une redevance kilom\u00e9trique intelligente pour ceux qui utilisent le r\u00e9seau routier en voiture. Le syst\u00e8me consiste en un p\u00e9age urbain,\u2026\" \/>\n<meta name=\"robots\" content=\"index, follow, max-snippet:-1, max-image-preview:large, max-video-preview:-1\" \/>\n<meta property=\"og:locale\" content=\"fr_FR\" \/>\n<meta property=\"og:type\" content=\"article\" \/>\n<meta property=\"og:title\" content=\"P\u00e9age bruxellois : les f\u00e9d\u00e9rations du secteur s&#039;insurgent contre un syst\u00e8me discriminatoire - link2fleet\" \/>\n<meta property=\"og:description\" content=\"La R\u00e9gion de Bruxelles-Capitale pr\u00e9voit une redevance kilom\u00e9trique intelligente pour ceux qui utilisent le r\u00e9seau routier en voiture. Le syst\u00e8me consiste en un p\u00e9age urbain,\u2026\" \/>\n<meta property=\"og:url\" content=\"https:\/\/www.link2fleet.com\/fr\/peage-bruxellois-les-federations-du-secteur-sinsurgent-contre-un-systeme-discriminatoire\/\" \/>\n<meta property=\"og:site_name\" content=\"link2fleet\" \/>\n<meta property=\"article:published_time\" content=\"2020-10-15T05:28:27+00:00\" \/>\n<meta property=\"og:image\" content=\"https:\/\/static.link2fleet.com\/wp-content\/uploads\/2024\/03\/enquete-mobilite.jpg\" \/>\n\t<meta property=\"og:image:width\" content=\"900\" \/>\n\t<meta property=\"og:image:height\" content=\"420\" \/>\n\t<meta property=\"og:image:type\" content=\"image\/jpeg\" \/>\n<meta name=\"author\" content=\"Marc Demoulin\" \/>\n<meta name=\"twitter:card\" content=\"summary_large_image\" \/>\n<meta name=\"twitter:description\" content=\"La R\u00e9gion de Bruxelles-Capitale pr\u00e9voit une redevance kilom\u00e9trique intelligente pour ceux qui utilisent le r\u00e9seau routier en voiture. Le syst\u00e8me consiste en un p\u00e9age urbain,\u2026\" \/>\n<meta name=\"twitter:label1\" content=\"\u00c9crit par\" \/>\n\t<meta name=\"twitter:data1\" content=\"Marc Demoulin\" \/>\n\t<meta name=\"twitter:label2\" content=\"Dur\u00e9e de lecture estim\u00e9e\" \/>\n\t<meta name=\"twitter:data2\" content=\"2 minutes\" \/>\n<script type=\"application\/ld+json\" class=\"yoast-schema-graph\">{\"@context\":\"https:\\\/\\\/schema.org\",\"@graph\":[{\"@type\":\"Article\",\"@id\":\"https:\\\/\\\/www.link2fleet.com\\\/fr\\\/peage-bruxellois-les-federations-du-secteur-sinsurgent-contre-un-systeme-discriminatoire\\\/#article\",\"isPartOf\":{\"@id\":\"https:\\\/\\\/www.link2fleet.com\\\/fr\\\/peage-bruxellois-les-federations-du-secteur-sinsurgent-contre-un-systeme-discriminatoire\\\/\"},\"author\":{\"name\":\"Marc Demoulin\",\"@id\":\"https:\\\/\\\/www.link2fleet.com\\\/fr\\\/#\\\/schema\\\/person\\\/be5c57fc3d8ec765f7f536ffa2d67457\"},\"headline\":\"P\u00e9age bruxellois : les f\u00e9d\u00e9rations du secteur s&rsquo;insurgent contre un syst\u00e8me discriminatoire\",\"datePublished\":\"2020-10-15T05:28:27+00:00\",\"mainEntityOfPage\":{\"@id\":\"https:\\\/\\\/www.link2fleet.com\\\/fr\\\/peage-bruxellois-les-federations-du-secteur-sinsurgent-contre-un-systeme-discriminatoire\\\/\"},\"wordCount\":341,\"publisher\":{\"@id\":\"https:\\\/\\\/www.link2fleet.com\\\/fr\\\/#organization\"},\"image\":{\"@id\":\"https:\\\/\\\/www.link2fleet.com\\\/fr\\\/peage-bruxellois-les-federations-du-secteur-sinsurgent-contre-un-systeme-discriminatoire\\\/#primaryimage\"},\"thumbnailUrl\":\"https:\\\/\\\/static.link2fleet.com\\\/wp-content\\\/uploads\\\/2024\\\/03\\\/enquete-mobilite.jpg\",\"articleSection\":[\"Expertise et f\u00e9d\u00e9rations\",\"Gestion de flotte\",\"Tax &amp; legal\"],\"inLanguage\":\"fr-FR\"},{\"@type\":\"WebPage\",\"@id\":\"https:\\\/\\\/www.link2fleet.com\\\/fr\\\/peage-bruxellois-les-federations-du-secteur-sinsurgent-contre-un-systeme-discriminatoire\\\/\",\"url\":\"https:\\\/\\\/www.link2fleet.com\\\/fr\\\/peage-bruxellois-les-federations-du-secteur-sinsurgent-contre-un-systeme-discriminatoire\\\/\",\"name\":\"P\u00e9age bruxellois : les f\u00e9d\u00e9rations du secteur s'insurgent contre un syst\u00e8me discriminatoire - link2fleet\",\"isPartOf\":{\"@id\":\"https:\\\/\\\/www.link2fleet.com\\\/fr\\\/#website\"},\"primaryImageOfPage\":{\"@id\":\"https:\\\/\\\/www.link2fleet.com\\\/fr\\\/peage-bruxellois-les-federations-du-secteur-sinsurgent-contre-un-systeme-discriminatoire\\\/#primaryimage\"},\"image\":{\"@id\":\"https:\\\/\\\/www.link2fleet.com\\\/fr\\\/peage-bruxellois-les-federations-du-secteur-sinsurgent-contre-un-systeme-discriminatoire\\\/#primaryimage\"},\"thumbnailUrl\":\"https:\\\/\\\/static.link2fleet.com\\\/wp-content\\\/uploads\\\/2024\\\/03\\\/enquete-mobilite.jpg\",\"datePublished\":\"2020-10-15T05:28:27+00:00\",\"breadcrumb\":{\"@id\":\"https:\\\/\\\/www.link2fleet.com\\\/fr\\\/peage-bruxellois-les-federations-du-secteur-sinsurgent-contre-un-systeme-discriminatoire\\\/#breadcrumb\"},\"inLanguage\":\"fr-FR\",\"potentialAction\":[{\"@type\":\"ReadAction\",\"target\":[\"https:\\\/\\\/www.link2fleet.com\\\/fr\\\/peage-bruxellois-les-federations-du-secteur-sinsurgent-contre-un-systeme-discriminatoire\\\/\"]}]},{\"@type\":\"ImageObject\",\"inLanguage\":\"fr-FR\",\"@id\":\"https:\\\/\\\/www.link2fleet.com\\\/fr\\\/peage-bruxellois-les-federations-du-secteur-sinsurgent-contre-un-systeme-discriminatoire\\\/#primaryimage\",\"url\":\"https:\\\/\\\/static.link2fleet.com\\\/wp-content\\\/uploads\\\/2024\\\/03\\\/enquete-mobilite.jpg\",\"contentUrl\":\"https:\\\/\\\/static.link2fleet.com\\\/wp-content\\\/uploads\\\/2024\\\/03\\\/enquete-mobilite.jpg\",\"width\":900,\"height\":420,\"caption\":\"|||||\"},{\"@type\":\"BreadcrumbList\",\"@id\":\"https:\\\/\\\/www.link2fleet.com\\\/fr\\\/peage-bruxellois-les-federations-du-secteur-sinsurgent-contre-un-systeme-discriminatoire\\\/#breadcrumb\",\"itemListElement\":[{\"@type\":\"ListItem\",\"position\":1,\"name\":\"Home\",\"item\":\"https:\\\/\\\/www.link2fleet.com\\\/fr\\\/\"},{\"@type\":\"ListItem\",\"position\":2,\"name\":\"P\u00e9age bruxellois : les f\u00e9d\u00e9rations du secteur s&#8217;insurgent contre un syst\u00e8me discriminatoire\"}]},{\"@type\":\"WebSite\",\"@id\":\"https:\\\/\\\/www.link2fleet.com\\\/fr\\\/#website\",\"url\":\"https:\\\/\\\/www.link2fleet.com\\\/fr\\\/\",\"name\":\"Link2fleet\",\"description\":\"\",\"publisher\":{\"@id\":\"https:\\\/\\\/www.link2fleet.com\\\/fr\\\/#organization\"},\"potentialAction\":[{\"@type\":\"SearchAction\",\"target\":{\"@type\":\"EntryPoint\",\"urlTemplate\":\"https:\\\/\\\/www.link2fleet.com\\\/fr\\\/?s={search_term_string}\"},\"query-input\":{\"@type\":\"PropertyValueSpecification\",\"valueRequired\":true,\"valueName\":\"search_term_string\"}}],\"inLanguage\":\"fr-FR\"},{\"@type\":\"Organization\",\"@id\":\"https:\\\/\\\/www.link2fleet.com\\\/fr\\\/#organization\",\"name\":\"Link2fleet\",\"url\":\"https:\\\/\\\/www.link2fleet.com\\\/fr\\\/\",\"logo\":{\"@type\":\"ImageObject\",\"inLanguage\":\"fr-FR\",\"@id\":\"https:\\\/\\\/www.link2fleet.com\\\/fr\\\/#\\\/schema\\\/logo\\\/image\\\/\",\"url\":\"https:\\\/\\\/static.link2fleet.com\\\/wp-content\\\/uploads\\\/2024\\\/03\\\/share-image.jpg\",\"contentUrl\":\"https:\\\/\\\/static.link2fleet.com\\\/wp-content\\\/uploads\\\/2024\\\/03\\\/share-image.jpg\",\"width\":1200,\"height\":630,\"caption\":\"Link2fleet\"},\"image\":{\"@id\":\"https:\\\/\\\/www.link2fleet.com\\\/fr\\\/#\\\/schema\\\/logo\\\/image\\\/\"},\"sameAs\":[\"https:\\\/\\\/www.linkedin.com\\\/company\\\/link2fleet-belgium\",\"https:\\\/\\\/www.youtube.com\\\/user\\\/MMMBMBE\"]},{\"@type\":\"Person\",\"@id\":\"https:\\\/\\\/www.link2fleet.com\\\/fr\\\/#\\\/schema\\\/person\\\/be5c57fc3d8ec765f7f536ffa2d67457\",\"name\":\"Marc Demoulin\",\"image\":{\"@type\":\"ImageObject\",\"inLanguage\":\"fr-FR\",\"@id\":\"https:\\\/\\\/secure.gravatar.com\\\/avatar\\\/a87df2253d2615844817d0a7f244258741572a74e0c35a309fca2badab9f30e7?s=96&d=mm&r=g\",\"url\":\"https:\\\/\\\/secure.gravatar.com\\\/avatar\\\/a87df2253d2615844817d0a7f244258741572a74e0c35a309fca2badab9f30e7?s=96&d=mm&r=g\",\"contentUrl\":\"https:\\\/\\\/secure.gravatar.com\\\/avatar\\\/a87df2253d2615844817d0a7f244258741572a74e0c35a309fca2badab9f30e7?s=96&d=mm&r=g\",\"caption\":\"Marc Demoulin\"}}]}<\/script>\n<!-- \/ Yoast SEO plugin. -->","yoast_head_json":{"title":"P\u00e9age bruxellois : les f\u00e9d\u00e9rations du secteur s'insurgent contre un syst\u00e8me discriminatoire - link2fleet","description":"La R\u00e9gion de Bruxelles-Capitale pr\u00e9voit une redevance kilom\u00e9trique intelligente pour ceux qui utilisent le r\u00e9seau routier en voiture. Le syst\u00e8me consiste en un p\u00e9age urbain,\u2026","robots":{"index":"index","follow":"follow","max-snippet":"max-snippet:-1","max-image-preview":"max-image-preview:large","max-video-preview":"max-video-preview:-1"},"og_locale":"fr_FR","og_type":"article","og_title":"P\u00e9age bruxellois : les f\u00e9d\u00e9rations du secteur s'insurgent contre un syst\u00e8me discriminatoire - link2fleet","og_description":"La R\u00e9gion de Bruxelles-Capitale pr\u00e9voit une redevance kilom\u00e9trique intelligente pour ceux qui utilisent le r\u00e9seau routier en voiture. Le syst\u00e8me consiste en un p\u00e9age urbain,\u2026","og_url":"https:\/\/www.link2fleet.com\/fr\/peage-bruxellois-les-federations-du-secteur-sinsurgent-contre-un-systeme-discriminatoire\/","og_site_name":"link2fleet","article_published_time":"2020-10-15T05:28:27+00:00","og_image":[{"width":900,"height":420,"url":"https:\/\/static.link2fleet.com\/wp-content\/uploads\/2024\/03\/enquete-mobilite.jpg","type":"image\/jpeg"}],"author":"Marc Demoulin","twitter_card":"summary_large_image","twitter_description":"La R\u00e9gion de Bruxelles-Capitale pr\u00e9voit une redevance kilom\u00e9trique intelligente pour ceux qui utilisent le r\u00e9seau routier en voiture. Le syst\u00e8me consiste en un p\u00e9age urbain,\u2026","twitter_misc":{"\u00c9crit par":"Marc Demoulin","Dur\u00e9e de lecture estim\u00e9e":"2 minutes"},"schema":{"@context":"https:\/\/schema.org","@graph":[{"@type":"Article","@id":"https:\/\/www.link2fleet.com\/fr\/peage-bruxellois-les-federations-du-secteur-sinsurgent-contre-un-systeme-discriminatoire\/#article","isPartOf":{"@id":"https:\/\/www.link2fleet.com\/fr\/peage-bruxellois-les-federations-du-secteur-sinsurgent-contre-un-systeme-discriminatoire\/"},"author":{"name":"Marc Demoulin","@id":"https:\/\/www.link2fleet.com\/fr\/#\/schema\/person\/be5c57fc3d8ec765f7f536ffa2d67457"},"headline":"P\u00e9age bruxellois : les f\u00e9d\u00e9rations du secteur s&rsquo;insurgent contre un syst\u00e8me discriminatoire","datePublished":"2020-10-15T05:28:27+00:00","mainEntityOfPage":{"@id":"https:\/\/www.link2fleet.com\/fr\/peage-bruxellois-les-federations-du-secteur-sinsurgent-contre-un-systeme-discriminatoire\/"},"wordCount":341,"publisher":{"@id":"https:\/\/www.link2fleet.com\/fr\/#organization"},"image":{"@id":"https:\/\/www.link2fleet.com\/fr\/peage-bruxellois-les-federations-du-secteur-sinsurgent-contre-un-systeme-discriminatoire\/#primaryimage"},"thumbnailUrl":"https:\/\/static.link2fleet.com\/wp-content\/uploads\/2024\/03\/enquete-mobilite.jpg","articleSection":["Expertise et f\u00e9d\u00e9rations","Gestion de flotte","Tax &amp; legal"],"inLanguage":"fr-FR"},{"@type":"WebPage","@id":"https:\/\/www.link2fleet.com\/fr\/peage-bruxellois-les-federations-du-secteur-sinsurgent-contre-un-systeme-discriminatoire\/","url":"https:\/\/www.link2fleet.com\/fr\/peage-bruxellois-les-federations-du-secteur-sinsurgent-contre-un-systeme-discriminatoire\/","name":"P\u00e9age bruxellois : les f\u00e9d\u00e9rations du secteur s'insurgent contre un syst\u00e8me discriminatoire - link2fleet","isPartOf":{"@id":"https:\/\/www.link2fleet.com\/fr\/#website"},"primaryImageOfPage":{"@id":"https:\/\/www.link2fleet.com\/fr\/peage-bruxellois-les-federations-du-secteur-sinsurgent-contre-un-systeme-discriminatoire\/#primaryimage"},"image":{"@id":"https:\/\/www.link2fleet.com\/fr\/peage-bruxellois-les-federations-du-secteur-sinsurgent-contre-un-systeme-discriminatoire\/#primaryimage"},"thumbnailUrl":"https:\/\/static.link2fleet.com\/wp-content\/uploads\/2024\/03\/enquete-mobilite.jpg","datePublished":"2020-10-15T05:28:27+00:00","breadcrumb":{"@id":"https:\/\/www.link2fleet.com\/fr\/peage-bruxellois-les-federations-du-secteur-sinsurgent-contre-un-systeme-discriminatoire\/#breadcrumb"},"inLanguage":"fr-FR","potentialAction":[{"@type":"ReadAction","target":["https:\/\/www.link2fleet.com\/fr\/peage-bruxellois-les-federations-du-secteur-sinsurgent-contre-un-systeme-discriminatoire\/"]}]},{"@type":"ImageObject","inLanguage":"fr-FR","@id":"https:\/\/www.link2fleet.com\/fr\/peage-bruxellois-les-federations-du-secteur-sinsurgent-contre-un-systeme-discriminatoire\/#primaryimage","url":"https:\/\/static.link2fleet.com\/wp-content\/uploads\/2024\/03\/enquete-mobilite.jpg","contentUrl":"https:\/\/static.link2fleet.com\/wp-content\/uploads\/2024\/03\/enquete-mobilite.jpg","width":900,"height":420,"caption":"|||||"},{"@type":"BreadcrumbList","@id":"https:\/\/www.link2fleet.com\/fr\/peage-bruxellois-les-federations-du-secteur-sinsurgent-contre-un-systeme-discriminatoire\/#breadcrumb","itemListElement":[{"@type":"ListItem","position":1,"name":"Home","item":"https:\/\/www.link2fleet.com\/fr\/"},{"@type":"ListItem","position":2,"name":"P\u00e9age bruxellois : les f\u00e9d\u00e9rations du secteur s&#8217;insurgent contre un syst\u00e8me discriminatoire"}]},{"@type":"WebSite","@id":"https:\/\/www.link2fleet.com\/fr\/#website","url":"https:\/\/www.link2fleet.com\/fr\/","name":"Link2fleet","description":"","publisher":{"@id":"https:\/\/www.link2fleet.com\/fr\/#organization"},"potentialAction":[{"@type":"SearchAction","target":{"@type":"EntryPoint","urlTemplate":"https:\/\/www.link2fleet.com\/fr\/?s={search_term_string}"},"query-input":{"@type":"PropertyValueSpecification","valueRequired":true,"valueName":"search_term_string"}}],"inLanguage":"fr-FR"},{"@type":"Organization","@id":"https:\/\/www.link2fleet.com\/fr\/#organization","name":"Link2fleet","url":"https:\/\/www.link2fleet.com\/fr\/","logo":{"@type":"ImageObject","inLanguage":"fr-FR","@id":"https:\/\/www.link2fleet.com\/fr\/#\/schema\/logo\/image\/","url":"https:\/\/static.link2fleet.com\/wp-content\/uploads\/2024\/03\/share-image.jpg","contentUrl":"https:\/\/static.link2fleet.com\/wp-content\/uploads\/2024\/03\/share-image.jpg","width":1200,"height":630,"caption":"Link2fleet"},"image":{"@id":"https:\/\/www.link2fleet.com\/fr\/#\/schema\/logo\/image\/"},"sameAs":["https:\/\/www.linkedin.com\/company\/link2fleet-belgium","https:\/\/www.youtube.com\/user\/MMMBMBE"]},{"@type":"Person","@id":"https:\/\/www.link2fleet.com\/fr\/#\/schema\/person\/be5c57fc3d8ec765f7f536ffa2d67457","name":"Marc Demoulin","image":{"@type":"ImageObject","inLanguage":"fr-FR","@id":"https:\/\/secure.gravatar.com\/avatar\/a87df2253d2615844817d0a7f244258741572a74e0c35a309fca2badab9f30e7?s=96&d=mm&r=g","url":"https:\/\/secure.gravatar.com\/avatar\/a87df2253d2615844817d0a7f244258741572a74e0c35a309fca2badab9f30e7?s=96&d=mm&r=g","contentUrl":"https:\/\/secure.gravatar.com\/avatar\/a87df2253d2615844817d0a7f244258741572a74e0c35a309fca2badab9f30e7?s=96&d=mm&r=g","caption":"Marc Demoulin"}}]}},"_links":{"self":[{"href":"https:\/\/www.link2fleet.com\/fr\/wp-json\/wp\/v2\/posts\/2894","targetHints":{"allow":["GET"]}}],"collection":[{"href":"https:\/\/www.link2fleet.com\/fr\/wp-json\/wp\/v2\/posts"}],"about":[{"href":"https:\/\/www.link2fleet.com\/fr\/wp-json\/wp\/v2\/types\/post"}],"author":[{"embeddable":true,"href":"https:\/\/www.link2fleet.com\/fr\/wp-json\/wp\/v2\/users\/19"}],"replies":[{"embeddable":true,"href":"https:\/\/www.link2fleet.com\/fr\/wp-json\/wp\/v2\/comments?post=2894"}],"version-history":[{"count":0,"href":"https:\/\/www.link2fleet.com\/fr\/wp-json\/wp\/v2\/posts\/2894\/revisions"}],"wp:featuredmedia":[{"embeddable":true,"href":"https:\/\/www.link2fleet.com\/fr\/wp-json\/wp\/v2\/media\/2585"}],"wp:attachment":[{"href":"https:\/\/www.link2fleet.com\/fr\/wp-json\/wp\/v2\/media?parent=2894"}],"wp:term":[{"taxonomy":"category","embeddable":true,"href":"https:\/\/www.link2fleet.com\/fr\/wp-json\/wp\/v2\/categories?post=2894"},{"taxonomy":"post_tag","embeddable":true,"href":"https:\/\/www.link2fleet.com\/fr\/wp-json\/wp\/v2\/tags?post=2894"}],"curies":[{"name":"wp","href":"https:\/\/api.w.org\/{rel}","templated":true}]}}