{"id":2903,"date":"2020-10-21T13:22:21","date_gmt":"2020-10-21T11:22:21","guid":{"rendered":"https:\/\/www.link2fleet.com\/profile-international-conclut-un-accord-de-cooperation-avec-blue-corner\/"},"modified":"2024-04-17T16:52:10","modified_gmt":"2024-04-17T14:52:10","slug":"profile-international-conclut-un-accord-de-cooperation-avec-blue-corner","status":"publish","type":"post","link":"https:\/\/www.link2fleet.com\/fr\/profile-international-conclut-un-accord-de-cooperation-avec-blue-corner\/","title":{"rendered":"Profile International conclut un accord de coop\u00e9ration avec Blue Corner"},"content":{"rendered":"\n<p>Chaque jour, de plus en plus de personnes passent \u00e0 la conduite \u00e9lectrique sur le march\u00e9 fleet, mais aussi des particuliers. Cela n\u00e9cessite une infrastructure adapt\u00e9e et des services ad\u00e9quats. Profile et Blue Corner y travaillent en permanence. En plus de l&rsquo;installation des stations de recharge, Blue Corner assurera \u00e9galement le service. Cela implique un total d&rsquo;environ 200 stations de recharge avec au moins une borne dot\u00e9e de deux prises.<\/p>\n\n<p><\/p>\n\n<p><strong>Concept \u2018Profile Electric\u2019<\/strong><\/p>\n\n<p>En juin, Profile a pr\u00e9sent\u00e9 le concept des v\u00e9hicules \u00e9lectriques \u00e0 tous ses sites. Ce concept global permet \u00e0 Profile de soulager les conducteurs de tous leurs soucis en mati\u00e8re de r\u00e9parations, d&rsquo;entretien et de pneus. Le concept se compose de quatre \u00e9l\u00e9ments, chacun d&rsquo;entre eux faisant l&rsquo;objet d&rsquo;une interpr\u00e9tation sp\u00e9cifique et \u00e9tant mis en \u0153uvre successivement. Elle concerne la formation, l&rsquo;\u00e9quipement, la marque et les produits et services.<\/p>\n\n<p>Avec le concept total, les stations de Profile sont rendues e-ready. La connaissance des risques les plus importants en mati\u00e8re de haute tension fait partie int\u00e9grante de la formation de base et est obligatoire pour tous les employ\u00e9s de Profile. Tous les techniciens de maintenance suivent la formation de Personne Suffisamment Form\u00e9es (PSF) pour les VE. En outre, au moins un technicien est form\u00e9 au niveau de sp\u00e9cialiste Professionnel (VP) dans chaque station. D\u00e8s que les cours de formation sont termin\u00e9s et que l&rsquo;\u00e9quipement des succursales a \u00e9t\u00e9 mis au niveau souhait\u00e9, cela est communiqu\u00e9 au monde ext\u00e9rieur avec un branding sp\u00e9cifique VE. Cela devrait \u00eatre le cas cette ann\u00e9e pour le premier groupe de stations.<\/p>\n\n<p><strong>Pr\u00eat pour l&rsquo;avenir<\/strong><\/p>\n\n<blockquote class=\"wp-block-quote is-layout-flow wp-block-quote-is-layout-flow\"><p>Niek Kraak, responsable du d\u00e9veloppement des franchises chez Profile International, se r\u00e9jouit de cet accord : \u00ab\u00a0Avec Blue Corner, nous avons trouv\u00e9 un partenaire fiable pour une bonne solution de recharge dans les succursales de Profile en Belgique et aux Pays-Bas. Des mesures importantes sont actuellement prises dans les agences pour r\u00e9pondre aux exigences de tous les \u00e9l\u00e9ments constitutifs du concept : formation, \u00e9quipement, image de marque et produits et services\u00a0\u00bb.<\/p><\/blockquote>\n\n<blockquote class=\"wp-block-quote is-layout-flow wp-block-quote-is-layout-flow\"><p>Charles Vandorpe, account manager chez Blue Corner, d\u00e9clare : \u00ab\u00a0Nous proposons des solutions de recharge au Benelux depuis 2011. Nous sommes tr\u00e8s heureux de la coop\u00e9ration avec Profile et sommes pr\u00eats \u00e0 fournir rapidement une borne de recharge aux succursales belge et n\u00e9erlandaise\u00a0\u00bb.<\/p><\/blockquote>\n","protected":false},"excerpt":{"rendered":"<p>Chaque jour, de plus en plus de personnes passent \u00e0 la conduite \u00e9lectrique sur le march\u00e9 fleet, mais aussi des particuliers. Cela n\u00e9cessite une infrastructure adapt\u00e9e et des services ad\u00e9quats. Profile et Blue Corner y travaillent en permanence. En plus de l&rsquo;installation des stations de recharge, Blue Corner assurera \u00e9galement le service. Cela implique un [&hellip;]<\/p>\n","protected":false},"author":4,"featured_media":2904,"comment_status":"closed","ping_status":"closed","sticky":false,"template":"","format":"standard","meta":{"_acf_changed":false,"footnotes":""},"categories":[81,91,93,76],"tags":[],"class_list":["post-2903","post","type-post","status-publish","format-standard","has-post-thumbnail","hentry","category-gestion-de-carburant-et-energie","category-expertise-et-management","category-entretien-reparation-vitrage-lavage","category-car"],"acf":[],"yoast_head":"<!-- This site is optimized with the Yoast SEO plugin v27.3 - https:\/\/yoast.com\/product\/yoast-seo-wordpress\/ -->\n<title>Profile International conclut un accord de coop\u00e9ration avec Blue Corner - link2fleet<\/title>\n<meta name=\"description\" content=\"La holding automobile ind\u00e9pendante Profile Internationaal a r\u00e9cemment sign\u00e9 un accord de partenariat avec Blue Corner. Le fournisseur belge de syst\u00e8mes de recharge fournira aux\u2026\" \/>\n<meta name=\"robots\" content=\"index, follow, max-snippet:-1, max-image-preview:large, max-video-preview:-1\" \/>\n<meta property=\"og:locale\" content=\"fr_FR\" \/>\n<meta property=\"og:type\" content=\"article\" \/>\n<meta property=\"og:title\" content=\"Profile International conclut un accord de coop\u00e9ration avec Blue Corner - link2fleet\" \/>\n<meta property=\"og:description\" content=\"La holding automobile ind\u00e9pendante Profile Internationaal a r\u00e9cemment sign\u00e9 un accord de partenariat avec Blue Corner. Le fournisseur belge de syst\u00e8mes de recharge fournira aux\u2026\" \/>\n<meta property=\"og:url\" content=\"https:\/\/www.link2fleet.com\/fr\/profile-international-conclut-un-accord-de-cooperation-avec-blue-corner\/\" \/>\n<meta property=\"og:site_name\" content=\"link2fleet\" \/>\n<meta property=\"article:published_time\" content=\"2020-10-21T11:22:21+00:00\" \/>\n<meta property=\"article:modified_time\" content=\"2024-04-17T14:52:10+00:00\" \/>\n<meta property=\"og:image\" content=\"https:\/\/static.link2fleet.com\/wp-content\/uploads\/2024\/03\/profile.png\" \/>\n\t<meta property=\"og:image:width\" content=\"437\" \/>\n\t<meta property=\"og:image:height\" content=\"417\" \/>\n\t<meta property=\"og:image:type\" content=\"image\/png\" \/>\n<meta name=\"author\" content=\"Damien Malvetti\" \/>\n<meta name=\"twitter:card\" content=\"summary_large_image\" \/>\n<meta name=\"twitter:description\" content=\"La holding automobile ind\u00e9pendante Profile Internationaal a r\u00e9cemment sign\u00e9 un accord de partenariat avec Blue Corner. Le fournisseur belge de syst\u00e8mes de recharge fournira aux\u2026\" \/>\n<meta name=\"twitter:label1\" content=\"\u00c9crit par\" \/>\n\t<meta name=\"twitter:data1\" content=\"Damien Malvetti\" \/>\n\t<meta name=\"twitter:label2\" content=\"Dur\u00e9e de lecture estim\u00e9e\" \/>\n\t<meta name=\"twitter:data2\" content=\"2 minutes\" \/>\n<script type=\"application\/ld+json\" class=\"yoast-schema-graph\">{\"@context\":\"https:\\\/\\\/schema.org\",\"@graph\":[{\"@type\":\"Article\",\"@id\":\"https:\\\/\\\/www.link2fleet.com\\\/fr\\\/profile-international-conclut-un-accord-de-cooperation-avec-blue-corner\\\/#article\",\"isPartOf\":{\"@id\":\"https:\\\/\\\/www.link2fleet.com\\\/fr\\\/profile-international-conclut-un-accord-de-cooperation-avec-blue-corner\\\/\"},\"author\":{\"name\":\"Damien Malvetti\",\"@id\":\"https:\\\/\\\/www.link2fleet.com\\\/fr\\\/#\\\/schema\\\/person\\\/027cd46113c78036b3809c9a054049da\"},\"headline\":\"Profile International conclut un accord de coop\u00e9ration avec Blue Corner\",\"datePublished\":\"2020-10-21T11:22:21+00:00\",\"dateModified\":\"2024-04-17T14:52:10+00:00\",\"mainEntityOfPage\":{\"@id\":\"https:\\\/\\\/www.link2fleet.com\\\/fr\\\/profile-international-conclut-un-accord-de-cooperation-avec-blue-corner\\\/\"},\"wordCount\":417,\"publisher\":{\"@id\":\"https:\\\/\\\/www.link2fleet.com\\\/fr\\\/#organization\"},\"image\":{\"@id\":\"https:\\\/\\\/www.link2fleet.com\\\/fr\\\/profile-international-conclut-un-accord-de-cooperation-avec-blue-corner\\\/#primaryimage\"},\"thumbnailUrl\":\"https:\\\/\\\/static.link2fleet.com\\\/wp-content\\\/uploads\\\/2024\\\/03\\\/profile.png\",\"articleSection\":[\"Gestion carburant et de l'\u00e9nergie\",\"Gestion de flotte\",\"Pneus, entretiens, r\u00e9paration\",\"V\u00e9hicules\"],\"inLanguage\":\"fr-FR\"},{\"@type\":\"WebPage\",\"@id\":\"https:\\\/\\\/www.link2fleet.com\\\/fr\\\/profile-international-conclut-un-accord-de-cooperation-avec-blue-corner\\\/\",\"url\":\"https:\\\/\\\/www.link2fleet.com\\\/fr\\\/profile-international-conclut-un-accord-de-cooperation-avec-blue-corner\\\/\",\"name\":\"Profile International conclut un accord de coop\u00e9ration avec Blue Corner - link2fleet\",\"isPartOf\":{\"@id\":\"https:\\\/\\\/www.link2fleet.com\\\/fr\\\/#website\"},\"primaryImageOfPage\":{\"@id\":\"https:\\\/\\\/www.link2fleet.com\\\/fr\\\/profile-international-conclut-un-accord-de-cooperation-avec-blue-corner\\\/#primaryimage\"},\"image\":{\"@id\":\"https:\\\/\\\/www.link2fleet.com\\\/fr\\\/profile-international-conclut-un-accord-de-cooperation-avec-blue-corner\\\/#primaryimage\"},\"thumbnailUrl\":\"https:\\\/\\\/static.link2fleet.com\\\/wp-content\\\/uploads\\\/2024\\\/03\\\/profile.png\",\"datePublished\":\"2020-10-21T11:22:21+00:00\",\"dateModified\":\"2024-04-17T14:52:10+00:00\",\"breadcrumb\":{\"@id\":\"https:\\\/\\\/www.link2fleet.com\\\/fr\\\/profile-international-conclut-un-accord-de-cooperation-avec-blue-corner\\\/#breadcrumb\"},\"inLanguage\":\"fr-FR\",\"potentialAction\":[{\"@type\":\"ReadAction\",\"target\":[\"https:\\\/\\\/www.link2fleet.com\\\/fr\\\/profile-international-conclut-un-accord-de-cooperation-avec-blue-corner\\\/\"]}]},{\"@type\":\"ImageObject\",\"inLanguage\":\"fr-FR\",\"@id\":\"https:\\\/\\\/www.link2fleet.com\\\/fr\\\/profile-international-conclut-un-accord-de-cooperation-avec-blue-corner\\\/#primaryimage\",\"url\":\"https:\\\/\\\/static.link2fleet.com\\\/wp-content\\\/uploads\\\/2024\\\/03\\\/profile.png\",\"contentUrl\":\"https:\\\/\\\/static.link2fleet.com\\\/wp-content\\\/uploads\\\/2024\\\/03\\\/profile.png\",\"width\":437,\"height\":417},{\"@type\":\"BreadcrumbList\",\"@id\":\"https:\\\/\\\/www.link2fleet.com\\\/fr\\\/profile-international-conclut-un-accord-de-cooperation-avec-blue-corner\\\/#breadcrumb\",\"itemListElement\":[{\"@type\":\"ListItem\",\"position\":1,\"name\":\"Home\",\"item\":\"https:\\\/\\\/www.link2fleet.com\\\/fr\\\/\"},{\"@type\":\"ListItem\",\"position\":2,\"name\":\"Profile International conclut un accord de coop\u00e9ration avec Blue Corner\"}]},{\"@type\":\"WebSite\",\"@id\":\"https:\\\/\\\/www.link2fleet.com\\\/fr\\\/#website\",\"url\":\"https:\\\/\\\/www.link2fleet.com\\\/fr\\\/\",\"name\":\"Link2fleet\",\"description\":\"\",\"publisher\":{\"@id\":\"https:\\\/\\\/www.link2fleet.com\\\/fr\\\/#organization\"},\"potentialAction\":[{\"@type\":\"SearchAction\",\"target\":{\"@type\":\"EntryPoint\",\"urlTemplate\":\"https:\\\/\\\/www.link2fleet.com\\\/fr\\\/?s={search_term_string}\"},\"query-input\":{\"@type\":\"PropertyValueSpecification\",\"valueRequired\":true,\"valueName\":\"search_term_string\"}}],\"inLanguage\":\"fr-FR\"},{\"@type\":\"Organization\",\"@id\":\"https:\\\/\\\/www.link2fleet.com\\\/fr\\\/#organization\",\"name\":\"Link2fleet\",\"url\":\"https:\\\/\\\/www.link2fleet.com\\\/fr\\\/\",\"logo\":{\"@type\":\"ImageObject\",\"inLanguage\":\"fr-FR\",\"@id\":\"https:\\\/\\\/www.link2fleet.com\\\/fr\\\/#\\\/schema\\\/logo\\\/image\\\/\",\"url\":\"https:\\\/\\\/static.link2fleet.com\\\/wp-content\\\/uploads\\\/2024\\\/03\\\/share-image.jpg\",\"contentUrl\":\"https:\\\/\\\/static.link2fleet.com\\\/wp-content\\\/uploads\\\/2024\\\/03\\\/share-image.jpg\",\"width\":1200,\"height\":630,\"caption\":\"Link2fleet\"},\"image\":{\"@id\":\"https:\\\/\\\/www.link2fleet.com\\\/fr\\\/#\\\/schema\\\/logo\\\/image\\\/\"},\"sameAs\":[\"https:\\\/\\\/www.linkedin.com\\\/company\\\/link2fleet-belgium\",\"https:\\\/\\\/www.youtube.com\\\/user\\\/MMMBMBE\"]},{\"@type\":\"Person\",\"@id\":\"https:\\\/\\\/www.link2fleet.com\\\/fr\\\/#\\\/schema\\\/person\\\/027cd46113c78036b3809c9a054049da\",\"name\":\"Damien Malvetti\",\"image\":{\"@type\":\"ImageObject\",\"inLanguage\":\"fr-FR\",\"@id\":\"https:\\\/\\\/secure.gravatar.com\\\/avatar\\\/dd8cc03b49466c735f753ac37f8caa371af16dfed347456ed61f02883255eebb?s=96&d=mm&r=g\",\"url\":\"https:\\\/\\\/secure.gravatar.com\\\/avatar\\\/dd8cc03b49466c735f753ac37f8caa371af16dfed347456ed61f02883255eebb?s=96&d=mm&r=g\",\"contentUrl\":\"https:\\\/\\\/secure.gravatar.com\\\/avatar\\\/dd8cc03b49466c735f753ac37f8caa371af16dfed347456ed61f02883255eebb?s=96&d=mm&r=g\",\"caption\":\"Damien Malvetti\"},\"description\":\"Damien Malvetti is opgeleid als journalist en gepassioneerd door wagens, technologie en mobiliteit. Hij is verantwoordelijk voor de redactionele inhoud van link2fleet en beschikt over een uitgebreide kennis van de fleet-sector en elektrische mobiliteit.\",\"sameAs\":[\"https:\\\/\\\/www.linkedin.com\\\/in\\\/damien-malvetti-56601142\\\/\"]}]}<\/script>\n<!-- \/ Yoast SEO plugin. -->","yoast_head_json":{"title":"Profile International conclut un accord de coop\u00e9ration avec Blue Corner - link2fleet","description":"La holding automobile ind\u00e9pendante Profile Internationaal a r\u00e9cemment sign\u00e9 un accord de partenariat avec Blue Corner. Le fournisseur belge de syst\u00e8mes de recharge fournira aux\u2026","robots":{"index":"index","follow":"follow","max-snippet":"max-snippet:-1","max-image-preview":"max-image-preview:large","max-video-preview":"max-video-preview:-1"},"og_locale":"fr_FR","og_type":"article","og_title":"Profile International conclut un accord de coop\u00e9ration avec Blue Corner - link2fleet","og_description":"La holding automobile ind\u00e9pendante Profile Internationaal a r\u00e9cemment sign\u00e9 un accord de partenariat avec Blue Corner. Le fournisseur belge de syst\u00e8mes de recharge fournira aux\u2026","og_url":"https:\/\/www.link2fleet.com\/fr\/profile-international-conclut-un-accord-de-cooperation-avec-blue-corner\/","og_site_name":"link2fleet","article_published_time":"2020-10-21T11:22:21+00:00","article_modified_time":"2024-04-17T14:52:10+00:00","og_image":[{"width":437,"height":417,"url":"https:\/\/static.link2fleet.com\/wp-content\/uploads\/2024\/03\/profile.png","type":"image\/png"}],"author":"Damien Malvetti","twitter_card":"summary_large_image","twitter_description":"La holding automobile ind\u00e9pendante Profile Internationaal a r\u00e9cemment sign\u00e9 un accord de partenariat avec Blue Corner. Le fournisseur belge de syst\u00e8mes de recharge fournira aux\u2026","twitter_misc":{"\u00c9crit par":"Damien Malvetti","Dur\u00e9e de lecture estim\u00e9e":"2 minutes"},"schema":{"@context":"https:\/\/schema.org","@graph":[{"@type":"Article","@id":"https:\/\/www.link2fleet.com\/fr\/profile-international-conclut-un-accord-de-cooperation-avec-blue-corner\/#article","isPartOf":{"@id":"https:\/\/www.link2fleet.com\/fr\/profile-international-conclut-un-accord-de-cooperation-avec-blue-corner\/"},"author":{"name":"Damien Malvetti","@id":"https:\/\/www.link2fleet.com\/fr\/#\/schema\/person\/027cd46113c78036b3809c9a054049da"},"headline":"Profile International conclut un accord de coop\u00e9ration avec Blue Corner","datePublished":"2020-10-21T11:22:21+00:00","dateModified":"2024-04-17T14:52:10+00:00","mainEntityOfPage":{"@id":"https:\/\/www.link2fleet.com\/fr\/profile-international-conclut-un-accord-de-cooperation-avec-blue-corner\/"},"wordCount":417,"publisher":{"@id":"https:\/\/www.link2fleet.com\/fr\/#organization"},"image":{"@id":"https:\/\/www.link2fleet.com\/fr\/profile-international-conclut-un-accord-de-cooperation-avec-blue-corner\/#primaryimage"},"thumbnailUrl":"https:\/\/static.link2fleet.com\/wp-content\/uploads\/2024\/03\/profile.png","articleSection":["Gestion carburant et de l'\u00e9nergie","Gestion de flotte","Pneus, entretiens, r\u00e9paration","V\u00e9hicules"],"inLanguage":"fr-FR"},{"@type":"WebPage","@id":"https:\/\/www.link2fleet.com\/fr\/profile-international-conclut-un-accord-de-cooperation-avec-blue-corner\/","url":"https:\/\/www.link2fleet.com\/fr\/profile-international-conclut-un-accord-de-cooperation-avec-blue-corner\/","name":"Profile International conclut un accord de coop\u00e9ration avec Blue Corner - link2fleet","isPartOf":{"@id":"https:\/\/www.link2fleet.com\/fr\/#website"},"primaryImageOfPage":{"@id":"https:\/\/www.link2fleet.com\/fr\/profile-international-conclut-un-accord-de-cooperation-avec-blue-corner\/#primaryimage"},"image":{"@id":"https:\/\/www.link2fleet.com\/fr\/profile-international-conclut-un-accord-de-cooperation-avec-blue-corner\/#primaryimage"},"thumbnailUrl":"https:\/\/static.link2fleet.com\/wp-content\/uploads\/2024\/03\/profile.png","datePublished":"2020-10-21T11:22:21+00:00","dateModified":"2024-04-17T14:52:10+00:00","breadcrumb":{"@id":"https:\/\/www.link2fleet.com\/fr\/profile-international-conclut-un-accord-de-cooperation-avec-blue-corner\/#breadcrumb"},"inLanguage":"fr-FR","potentialAction":[{"@type":"ReadAction","target":["https:\/\/www.link2fleet.com\/fr\/profile-international-conclut-un-accord-de-cooperation-avec-blue-corner\/"]}]},{"@type":"ImageObject","inLanguage":"fr-FR","@id":"https:\/\/www.link2fleet.com\/fr\/profile-international-conclut-un-accord-de-cooperation-avec-blue-corner\/#primaryimage","url":"https:\/\/static.link2fleet.com\/wp-content\/uploads\/2024\/03\/profile.png","contentUrl":"https:\/\/static.link2fleet.com\/wp-content\/uploads\/2024\/03\/profile.png","width":437,"height":417},{"@type":"BreadcrumbList","@id":"https:\/\/www.link2fleet.com\/fr\/profile-international-conclut-un-accord-de-cooperation-avec-blue-corner\/#breadcrumb","itemListElement":[{"@type":"ListItem","position":1,"name":"Home","item":"https:\/\/www.link2fleet.com\/fr\/"},{"@type":"ListItem","position":2,"name":"Profile International conclut un accord de coop\u00e9ration avec Blue Corner"}]},{"@type":"WebSite","@id":"https:\/\/www.link2fleet.com\/fr\/#website","url":"https:\/\/www.link2fleet.com\/fr\/","name":"Link2fleet","description":"","publisher":{"@id":"https:\/\/www.link2fleet.com\/fr\/#organization"},"potentialAction":[{"@type":"SearchAction","target":{"@type":"EntryPoint","urlTemplate":"https:\/\/www.link2fleet.com\/fr\/?s={search_term_string}"},"query-input":{"@type":"PropertyValueSpecification","valueRequired":true,"valueName":"search_term_string"}}],"inLanguage":"fr-FR"},{"@type":"Organization","@id":"https:\/\/www.link2fleet.com\/fr\/#organization","name":"Link2fleet","url":"https:\/\/www.link2fleet.com\/fr\/","logo":{"@type":"ImageObject","inLanguage":"fr-FR","@id":"https:\/\/www.link2fleet.com\/fr\/#\/schema\/logo\/image\/","url":"https:\/\/static.link2fleet.com\/wp-content\/uploads\/2024\/03\/share-image.jpg","contentUrl":"https:\/\/static.link2fleet.com\/wp-content\/uploads\/2024\/03\/share-image.jpg","width":1200,"height":630,"caption":"Link2fleet"},"image":{"@id":"https:\/\/www.link2fleet.com\/fr\/#\/schema\/logo\/image\/"},"sameAs":["https:\/\/www.linkedin.com\/company\/link2fleet-belgium","https:\/\/www.youtube.com\/user\/MMMBMBE"]},{"@type":"Person","@id":"https:\/\/www.link2fleet.com\/fr\/#\/schema\/person\/027cd46113c78036b3809c9a054049da","name":"Damien Malvetti","image":{"@type":"ImageObject","inLanguage":"fr-FR","@id":"https:\/\/secure.gravatar.com\/avatar\/dd8cc03b49466c735f753ac37f8caa371af16dfed347456ed61f02883255eebb?s=96&d=mm&r=g","url":"https:\/\/secure.gravatar.com\/avatar\/dd8cc03b49466c735f753ac37f8caa371af16dfed347456ed61f02883255eebb?s=96&d=mm&r=g","contentUrl":"https:\/\/secure.gravatar.com\/avatar\/dd8cc03b49466c735f753ac37f8caa371af16dfed347456ed61f02883255eebb?s=96&d=mm&r=g","caption":"Damien Malvetti"},"description":"Damien Malvetti is opgeleid als journalist en gepassioneerd door wagens, technologie en mobiliteit. Hij is verantwoordelijk voor de redactionele inhoud van link2fleet en beschikt over een uitgebreide kennis van de fleet-sector en elektrische mobiliteit.","sameAs":["https:\/\/www.linkedin.com\/in\/damien-malvetti-56601142\/"]}]}},"_links":{"self":[{"href":"https:\/\/www.link2fleet.com\/fr\/wp-json\/wp\/v2\/posts\/2903","targetHints":{"allow":["GET"]}}],"collection":[{"href":"https:\/\/www.link2fleet.com\/fr\/wp-json\/wp\/v2\/posts"}],"about":[{"href":"https:\/\/www.link2fleet.com\/fr\/wp-json\/wp\/v2\/types\/post"}],"author":[{"embeddable":true,"href":"https:\/\/www.link2fleet.com\/fr\/wp-json\/wp\/v2\/users\/4"}],"replies":[{"embeddable":true,"href":"https:\/\/www.link2fleet.com\/fr\/wp-json\/wp\/v2\/comments?post=2903"}],"version-history":[{"count":0,"href":"https:\/\/www.link2fleet.com\/fr\/wp-json\/wp\/v2\/posts\/2903\/revisions"}],"wp:featuredmedia":[{"embeddable":true,"href":"https:\/\/www.link2fleet.com\/fr\/wp-json\/wp\/v2\/media\/2904"}],"wp:attachment":[{"href":"https:\/\/www.link2fleet.com\/fr\/wp-json\/wp\/v2\/media?parent=2903"}],"wp:term":[{"taxonomy":"category","embeddable":true,"href":"https:\/\/www.link2fleet.com\/fr\/wp-json\/wp\/v2\/categories?post=2903"},{"taxonomy":"post_tag","embeddable":true,"href":"https:\/\/www.link2fleet.com\/fr\/wp-json\/wp\/v2\/tags?post=2903"}],"curies":[{"name":"wp","href":"https:\/\/api.w.org\/{rel}","templated":true}]}}