{"id":2962,"date":"2020-11-10T12:48:15","date_gmt":"2020-11-10T11:48:15","guid":{"rendered":"https:\/\/www.link2fleet.com\/athlon-un-budget-mobilite-complexe-demande-un-accompagnement\/"},"modified":"2024-04-17T16:52:08","modified_gmt":"2024-04-17T14:52:08","slug":"athlon-un-budget-mobilite-complexe-demande-un-accompagnement","status":"publish","type":"post","link":"https:\/\/www.link2fleet.com\/fr\/athlon-un-budget-mobilite-complexe-demande-un-accompagnement\/","title":{"rendered":"Athlon: un budget mobilit\u00e9 complexe demande un accompagnement"},"content":{"rendered":"\n<p><strong>Le budget mobilit\u00e9 est complexe<\/strong><br>Diff\u00e9rentes tendances, telles que le t\u00e9l\u00e9travail, la digitalisation et la croissance de nos villes entra\u00eenent des besoins de mobilit\u00e9 diff\u00e9rents. De moins en moins de personnes souhaitent s&rsquo;engager dans un contrat de leasing pour quatre ann\u00e9es suppl\u00e9mentaires et recherchent des solutions de mobilit\u00e9 flexibles et \u00e9cologiques. Le budget mobilit\u00e9 approuv\u00e9 en mars 2019 r\u00e9pond \u00e0 ces besoins. Les employeurs peuvent ainsi convenir avec leur travailleur de compl\u00e9ter le budget d&rsquo;une voiture de soci\u00e9t\u00e9 de mani\u00e8re alternative. Il peut \u00eatre utilis\u00e9 pour une voiture \u00e9lectrique ou une autre voiture \u00e0 faible consommation en carburant et pour des modes de transport alternatifs et respectueux de l&rsquo;environnement, tels qu&rsquo;un v\u00e9lo, les transports publics ou le covoiturage. Cependant, une \u00e9tude<sup><a>[1]<\/a><\/sup>men\u00e9e au d\u00e9but de cette ann\u00e9e a montr\u00e9 que ce syst\u00e8me est peu utilis\u00e9, en partie parce que sa gestion est complexe et exige plus d&rsquo;efforts de la part de l&#8217;employeur que la seule gestion d&rsquo;une voiture de soci\u00e9t\u00e9.&nbsp;<\/p>\n\n\n\n<p><strong>Besoin d&rsquo;un accompagnement pour faire le premier pas<\/strong><br>Dans le livre blanc \u2018<a href=\"https:\/\/www.athlon.com\/be-fr\/entreprise\/votre-parc-automobile\/mobilite\/maison-travail-et-mobilite-en-2030\"><em>Vivre, travailler et se d\u00e9placer en 2030\u2019<\/em>,<\/a>\u00a0Athlon Belgium passe au crible les besoins de mobilit\u00e9 de demain et le r\u00f4le du budget mobilit\u00e9. L&rsquo;une des conclusions est que\u00a0le budget mobilit\u00e9 est le moyen par excellence pour les employeurs pour r\u00e9pondre aux besoins de mobilit\u00e9 en rapide changement\u00a0et se profiler comme un \u2018employer of choice\u2019.\u00a0<\/p>\n\n\n\n<div class=\"wp-block-image\"><figure class=\"alignleft is-resized\"><a href=\"https:\/\/www.link2fleet.com\/wp-content\/uploads\/2020\/11\/auto.jpeg\"><img loading=\"lazy\" decoding=\"async\" src=\"https:\/\/www.link2fleet.com\/wp-content\/uploads\/2020\/11\/auto-682x1024.jpeg\" alt=\"\" class=\"wp-image-1261321\" width=\"214\" height=\"320\"\/><\/a><\/figure><\/div>\n\n\n\n<blockquote class=\"wp-block-quote is-layout-flow wp-block-quote-is-layout-flow\"><p><em>\u00ab\u00a0Les travailleurs sont partie prenante pour \u00ab\u00a0consommer de la mobilit\u00e9\u00a0\u00bb de mani\u00e8re diversifi\u00e9e.&nbsp;&nbsp;La technologie existe, de m\u00eame que la l\u00e9gislation, sous la forme du budget mobilit\u00e9. C&rsquo;est d\u00e9sormais aux entreprises d&rsquo;adapter leur politique de mobilit\u00e9. Beaucoup ont peur de franchir le pas et la transition complexe vers un budget mobilit\u00e9 demande un accompagnement. Nous avons les outils et l&rsquo;expertise pour les guider, gr\u00e2ce \u00e0 des analyses et conseils, \u00e0 travers l&rsquo;offre pl\u00e9thorique et la l\u00e9gislation complexe.<\/em><br>Michiel Alferink, directeur g\u00e9n\u00e9ral d&rsquo;Athlon Belgium<\/p><\/blockquote>\n\n\n\n<p><strong>Un nouveau r\u00f4le de pionnier: le modal shift&nbsp;<\/strong><br>En 2011, Ahtlon a \u00e9t\u00e9 la premi\u00e8re soci\u00e9t\u00e9 de leasing en Belgique \u00e0 investir dans la mobilit\u00e9 \u00e9lectrique. Ce r\u00f4le de pionnier d\u00e9coulait de l&rsquo;ambition de durabilit\u00e9, v\u00e9ritable fil rouge dans la strat\u00e9gie de l&rsquo;entreprise. D\u00e9sormais, l&rsquo;entreprise a \u00e9volu\u00e9 d&rsquo;une soci\u00e9t\u00e9 de leasing vers un fournisseur de services de mobilit\u00e9.&nbsp;&nbsp;En accompagnant ses clients lors de la mise en \u0153uvre du budget mobilit\u00e9, Ahtlon souhaite poursuivre le verdissement et le modal shift de la mobilit\u00e9 en Belgique, contribuant ainsi aux objectifs climatiques.<\/p>\n\n\n\n<figure class=\"wp-block-image\"><a href=\"https:\/\/www.link2fleet.com\/wp-content\/uploads\/2020\/11\/auto-2.jpeg\"><img decoding=\"async\" src=\"https:\/\/www.link2fleet.com\/wp-content\/uploads\/2020\/11\/auto-2-846x1024.jpeg\" alt=\"\" class=\"wp-image-1261319\"\/><\/a><\/figure>\n\n\n\n<p>\u00ab\u00a0<em>D&rsquo;ici 2026, toutes les nouvelles voitures de soci\u00e9t\u00e9 devront \u00eatre z\u00e9ro \u00e9mission. C&rsquo;est une \u00e9tape importante, mais cela ne r\u00e9soudra pas le probl\u00e8me des embouteillages. Nous devons aussi miser sur le modal shift vers des modes de transport alternatifs. Nous consid\u00e9rons cela comme notre nouveau r\u00f4le en tant que pionnier.\u00a0\u00bb<\/em><br>Michiel Alferink<\/p>\n","protected":false},"excerpt":{"rendered":"<p>Le budget mobilit\u00e9 est complexeDiff\u00e9rentes tendances, telles que le t\u00e9l\u00e9travail, la digitalisation et la croissance de nos villes entra\u00eenent des besoins de mobilit\u00e9 diff\u00e9rents. De moins en moins de personnes souhaitent s&rsquo;engager dans un contrat de leasing pour quatre ann\u00e9es suppl\u00e9mentaires et recherchent des solutions de mobilit\u00e9 flexibles et \u00e9cologiques. Le budget mobilit\u00e9 approuv\u00e9 en [&hellip;]<\/p>\n","protected":false},"author":4,"featured_media":2963,"comment_status":"closed","ping_status":"closed","sticky":false,"template":"","format":"standard","meta":{"_acf_changed":false,"footnotes":""},"categories":[91,79],"tags":[],"class_list":["post-2962","post","type-post","status-publish","format-standard","has-post-thumbnail","hentry","category-expertise-et-management","category-societes-de-leasing"],"acf":[],"yoast_head":"<!-- This site is optimized with the Yoast SEO plugin v27.3 - https:\/\/yoast.com\/product\/yoast-seo-wordpress\/ -->\n<title>Athlon: un budget mobilit\u00e9 complexe demande un accompagnement - link2fleet<\/title>\n<meta name=\"description\" content=\"Le budget mobilit\u00e9 est une r\u00e9ponse \u00e0 nos besoins de mobilit\u00e9 en rapide \u00e9volution, mais son introduction s&rsquo;av\u00e8re complexe pour les employeurs. Athlon Belgium souhaite\u2026\" \/>\n<meta name=\"robots\" content=\"index, follow, max-snippet:-1, max-image-preview:large, max-video-preview:-1\" \/>\n<meta property=\"og:locale\" content=\"fr_FR\" \/>\n<meta property=\"og:type\" content=\"article\" \/>\n<meta property=\"og:title\" content=\"Athlon: un budget mobilit\u00e9 complexe demande un accompagnement - link2fleet\" \/>\n<meta property=\"og:description\" content=\"Le budget mobilit\u00e9 est une r\u00e9ponse \u00e0 nos besoins de mobilit\u00e9 en rapide \u00e9volution, mais son introduction s&rsquo;av\u00e8re complexe pour les employeurs. Athlon Belgium souhaite\u2026\" \/>\n<meta property=\"og:url\" content=\"https:\/\/www.link2fleet.com\/fr\/athlon-un-budget-mobilite-complexe-demande-un-accompagnement\/\" \/>\n<meta property=\"og:site_name\" content=\"link2fleet\" \/>\n<meta property=\"article:published_time\" content=\"2020-11-10T11:48:15+00:00\" \/>\n<meta property=\"article:modified_time\" content=\"2024-04-17T14:52:08+00:00\" \/>\n<meta property=\"og:image\" content=\"https:\/\/static.link2fleet.com\/wp-content\/uploads\/2024\/03\/auto-2-copie.jpeg\" \/>\n\t<meta property=\"og:image:width\" content=\"991\" \/>\n\t<meta property=\"og:image:height\" content=\"629\" \/>\n\t<meta property=\"og:image:type\" content=\"image\/jpeg\" \/>\n<meta name=\"author\" content=\"Damien Malvetti\" \/>\n<meta name=\"twitter:card\" content=\"summary_large_image\" \/>\n<meta name=\"twitter:description\" content=\"Le budget mobilit\u00e9 est une r\u00e9ponse \u00e0 nos besoins de mobilit\u00e9 en rapide \u00e9volution, mais son introduction s&rsquo;av\u00e8re complexe pour les employeurs. Athlon Belgium souhaite\u2026\" \/>\n<meta name=\"twitter:label1\" content=\"\u00c9crit par\" \/>\n\t<meta name=\"twitter:data1\" content=\"Damien Malvetti\" \/>\n\t<meta name=\"twitter:label2\" content=\"Dur\u00e9e de lecture estim\u00e9e\" \/>\n\t<meta name=\"twitter:data2\" content=\"2 minutes\" \/>\n<script type=\"application\/ld+json\" class=\"yoast-schema-graph\">{\"@context\":\"https:\\\/\\\/schema.org\",\"@graph\":[{\"@type\":\"Article\",\"@id\":\"https:\\\/\\\/www.link2fleet.com\\\/fr\\\/athlon-un-budget-mobilite-complexe-demande-un-accompagnement\\\/#article\",\"isPartOf\":{\"@id\":\"https:\\\/\\\/www.link2fleet.com\\\/fr\\\/athlon-un-budget-mobilite-complexe-demande-un-accompagnement\\\/\"},\"author\":{\"name\":\"Damien Malvetti\",\"@id\":\"https:\\\/\\\/www.link2fleet.com\\\/fr\\\/#\\\/schema\\\/person\\\/027cd46113c78036b3809c9a054049da\"},\"headline\":\"Athlon: un budget mobilit\u00e9 complexe demande un accompagnement\",\"datePublished\":\"2020-11-10T11:48:15+00:00\",\"dateModified\":\"2024-04-17T14:52:08+00:00\",\"mainEntityOfPage\":{\"@id\":\"https:\\\/\\\/www.link2fleet.com\\\/fr\\\/athlon-un-budget-mobilite-complexe-demande-un-accompagnement\\\/\"},\"wordCount\":524,\"publisher\":{\"@id\":\"https:\\\/\\\/www.link2fleet.com\\\/fr\\\/#organization\"},\"image\":{\"@id\":\"https:\\\/\\\/www.link2fleet.com\\\/fr\\\/athlon-un-budget-mobilite-complexe-demande-un-accompagnement\\\/#primaryimage\"},\"thumbnailUrl\":\"https:\\\/\\\/static.link2fleet.com\\\/wp-content\\\/uploads\\\/2024\\\/03\\\/auto-2-copie.jpeg\",\"articleSection\":[\"Gestion de flotte\",\"Location long-terme\"],\"inLanguage\":\"fr-FR\"},{\"@type\":\"WebPage\",\"@id\":\"https:\\\/\\\/www.link2fleet.com\\\/fr\\\/athlon-un-budget-mobilite-complexe-demande-un-accompagnement\\\/\",\"url\":\"https:\\\/\\\/www.link2fleet.com\\\/fr\\\/athlon-un-budget-mobilite-complexe-demande-un-accompagnement\\\/\",\"name\":\"Athlon: un budget mobilit\u00e9 complexe demande un accompagnement - link2fleet\",\"isPartOf\":{\"@id\":\"https:\\\/\\\/www.link2fleet.com\\\/fr\\\/#website\"},\"primaryImageOfPage\":{\"@id\":\"https:\\\/\\\/www.link2fleet.com\\\/fr\\\/athlon-un-budget-mobilite-complexe-demande-un-accompagnement\\\/#primaryimage\"},\"image\":{\"@id\":\"https:\\\/\\\/www.link2fleet.com\\\/fr\\\/athlon-un-budget-mobilite-complexe-demande-un-accompagnement\\\/#primaryimage\"},\"thumbnailUrl\":\"https:\\\/\\\/static.link2fleet.com\\\/wp-content\\\/uploads\\\/2024\\\/03\\\/auto-2-copie.jpeg\",\"datePublished\":\"2020-11-10T11:48:15+00:00\",\"dateModified\":\"2024-04-17T14:52:08+00:00\",\"breadcrumb\":{\"@id\":\"https:\\\/\\\/www.link2fleet.com\\\/fr\\\/athlon-un-budget-mobilite-complexe-demande-un-accompagnement\\\/#breadcrumb\"},\"inLanguage\":\"fr-FR\",\"potentialAction\":[{\"@type\":\"ReadAction\",\"target\":[\"https:\\\/\\\/www.link2fleet.com\\\/fr\\\/athlon-un-budget-mobilite-complexe-demande-un-accompagnement\\\/\"]}]},{\"@type\":\"ImageObject\",\"inLanguage\":\"fr-FR\",\"@id\":\"https:\\\/\\\/www.link2fleet.com\\\/fr\\\/athlon-un-budget-mobilite-complexe-demande-un-accompagnement\\\/#primaryimage\",\"url\":\"https:\\\/\\\/static.link2fleet.com\\\/wp-content\\\/uploads\\\/2024\\\/03\\\/auto-2-copie.jpeg\",\"contentUrl\":\"https:\\\/\\\/static.link2fleet.com\\\/wp-content\\\/uploads\\\/2024\\\/03\\\/auto-2-copie.jpeg\",\"width\":991,\"height\":629,\"caption\":\"||\"},{\"@type\":\"BreadcrumbList\",\"@id\":\"https:\\\/\\\/www.link2fleet.com\\\/fr\\\/athlon-un-budget-mobilite-complexe-demande-un-accompagnement\\\/#breadcrumb\",\"itemListElement\":[{\"@type\":\"ListItem\",\"position\":1,\"name\":\"Home\",\"item\":\"https:\\\/\\\/www.link2fleet.com\\\/fr\\\/\"},{\"@type\":\"ListItem\",\"position\":2,\"name\":\"Athlon: un budget mobilit\u00e9 complexe demande un accompagnement\"}]},{\"@type\":\"WebSite\",\"@id\":\"https:\\\/\\\/www.link2fleet.com\\\/fr\\\/#website\",\"url\":\"https:\\\/\\\/www.link2fleet.com\\\/fr\\\/\",\"name\":\"Link2fleet\",\"description\":\"\",\"publisher\":{\"@id\":\"https:\\\/\\\/www.link2fleet.com\\\/fr\\\/#organization\"},\"potentialAction\":[{\"@type\":\"SearchAction\",\"target\":{\"@type\":\"EntryPoint\",\"urlTemplate\":\"https:\\\/\\\/www.link2fleet.com\\\/fr\\\/?s={search_term_string}\"},\"query-input\":{\"@type\":\"PropertyValueSpecification\",\"valueRequired\":true,\"valueName\":\"search_term_string\"}}],\"inLanguage\":\"fr-FR\"},{\"@type\":\"Organization\",\"@id\":\"https:\\\/\\\/www.link2fleet.com\\\/fr\\\/#organization\",\"name\":\"Link2fleet\",\"url\":\"https:\\\/\\\/www.link2fleet.com\\\/fr\\\/\",\"logo\":{\"@type\":\"ImageObject\",\"inLanguage\":\"fr-FR\",\"@id\":\"https:\\\/\\\/www.link2fleet.com\\\/fr\\\/#\\\/schema\\\/logo\\\/image\\\/\",\"url\":\"https:\\\/\\\/static.link2fleet.com\\\/wp-content\\\/uploads\\\/2024\\\/03\\\/share-image.jpg\",\"contentUrl\":\"https:\\\/\\\/static.link2fleet.com\\\/wp-content\\\/uploads\\\/2024\\\/03\\\/share-image.jpg\",\"width\":1200,\"height\":630,\"caption\":\"Link2fleet\"},\"image\":{\"@id\":\"https:\\\/\\\/www.link2fleet.com\\\/fr\\\/#\\\/schema\\\/logo\\\/image\\\/\"},\"sameAs\":[\"https:\\\/\\\/www.linkedin.com\\\/company\\\/link2fleet-belgium\",\"https:\\\/\\\/www.youtube.com\\\/user\\\/MMMBMBE\"]},{\"@type\":\"Person\",\"@id\":\"https:\\\/\\\/www.link2fleet.com\\\/fr\\\/#\\\/schema\\\/person\\\/027cd46113c78036b3809c9a054049da\",\"name\":\"Damien Malvetti\",\"image\":{\"@type\":\"ImageObject\",\"inLanguage\":\"fr-FR\",\"@id\":\"https:\\\/\\\/secure.gravatar.com\\\/avatar\\\/dd8cc03b49466c735f753ac37f8caa371af16dfed347456ed61f02883255eebb?s=96&d=mm&r=g\",\"url\":\"https:\\\/\\\/secure.gravatar.com\\\/avatar\\\/dd8cc03b49466c735f753ac37f8caa371af16dfed347456ed61f02883255eebb?s=96&d=mm&r=g\",\"contentUrl\":\"https:\\\/\\\/secure.gravatar.com\\\/avatar\\\/dd8cc03b49466c735f753ac37f8caa371af16dfed347456ed61f02883255eebb?s=96&d=mm&r=g\",\"caption\":\"Damien Malvetti\"},\"description\":\"Damien Malvetti is opgeleid als journalist en gepassioneerd door wagens, technologie en mobiliteit. Hij is verantwoordelijk voor de redactionele inhoud van link2fleet en beschikt over een uitgebreide kennis van de fleet-sector en elektrische mobiliteit.\",\"sameAs\":[\"https:\\\/\\\/www.linkedin.com\\\/in\\\/damien-malvetti-56601142\\\/\"]}]}<\/script>\n<!-- \/ Yoast SEO plugin. -->","yoast_head_json":{"title":"Athlon: un budget mobilit\u00e9 complexe demande un accompagnement - link2fleet","description":"Le budget mobilit\u00e9 est une r\u00e9ponse \u00e0 nos besoins de mobilit\u00e9 en rapide \u00e9volution, mais son introduction s&rsquo;av\u00e8re complexe pour les employeurs. Athlon Belgium souhaite\u2026","robots":{"index":"index","follow":"follow","max-snippet":"max-snippet:-1","max-image-preview":"max-image-preview:large","max-video-preview":"max-video-preview:-1"},"og_locale":"fr_FR","og_type":"article","og_title":"Athlon: un budget mobilit\u00e9 complexe demande un accompagnement - link2fleet","og_description":"Le budget mobilit\u00e9 est une r\u00e9ponse \u00e0 nos besoins de mobilit\u00e9 en rapide \u00e9volution, mais son introduction s&rsquo;av\u00e8re complexe pour les employeurs. Athlon Belgium souhaite\u2026","og_url":"https:\/\/www.link2fleet.com\/fr\/athlon-un-budget-mobilite-complexe-demande-un-accompagnement\/","og_site_name":"link2fleet","article_published_time":"2020-11-10T11:48:15+00:00","article_modified_time":"2024-04-17T14:52:08+00:00","og_image":[{"width":991,"height":629,"url":"https:\/\/static.link2fleet.com\/wp-content\/uploads\/2024\/03\/auto-2-copie.jpeg","type":"image\/jpeg"}],"author":"Damien Malvetti","twitter_card":"summary_large_image","twitter_description":"Le budget mobilit\u00e9 est une r\u00e9ponse \u00e0 nos besoins de mobilit\u00e9 en rapide \u00e9volution, mais son introduction s&rsquo;av\u00e8re complexe pour les employeurs. Athlon Belgium souhaite\u2026","twitter_misc":{"\u00c9crit par":"Damien Malvetti","Dur\u00e9e de lecture estim\u00e9e":"2 minutes"},"schema":{"@context":"https:\/\/schema.org","@graph":[{"@type":"Article","@id":"https:\/\/www.link2fleet.com\/fr\/athlon-un-budget-mobilite-complexe-demande-un-accompagnement\/#article","isPartOf":{"@id":"https:\/\/www.link2fleet.com\/fr\/athlon-un-budget-mobilite-complexe-demande-un-accompagnement\/"},"author":{"name":"Damien Malvetti","@id":"https:\/\/www.link2fleet.com\/fr\/#\/schema\/person\/027cd46113c78036b3809c9a054049da"},"headline":"Athlon: un budget mobilit\u00e9 complexe demande un accompagnement","datePublished":"2020-11-10T11:48:15+00:00","dateModified":"2024-04-17T14:52:08+00:00","mainEntityOfPage":{"@id":"https:\/\/www.link2fleet.com\/fr\/athlon-un-budget-mobilite-complexe-demande-un-accompagnement\/"},"wordCount":524,"publisher":{"@id":"https:\/\/www.link2fleet.com\/fr\/#organization"},"image":{"@id":"https:\/\/www.link2fleet.com\/fr\/athlon-un-budget-mobilite-complexe-demande-un-accompagnement\/#primaryimage"},"thumbnailUrl":"https:\/\/static.link2fleet.com\/wp-content\/uploads\/2024\/03\/auto-2-copie.jpeg","articleSection":["Gestion de flotte","Location long-terme"],"inLanguage":"fr-FR"},{"@type":"WebPage","@id":"https:\/\/www.link2fleet.com\/fr\/athlon-un-budget-mobilite-complexe-demande-un-accompagnement\/","url":"https:\/\/www.link2fleet.com\/fr\/athlon-un-budget-mobilite-complexe-demande-un-accompagnement\/","name":"Athlon: un budget mobilit\u00e9 complexe demande un accompagnement - link2fleet","isPartOf":{"@id":"https:\/\/www.link2fleet.com\/fr\/#website"},"primaryImageOfPage":{"@id":"https:\/\/www.link2fleet.com\/fr\/athlon-un-budget-mobilite-complexe-demande-un-accompagnement\/#primaryimage"},"image":{"@id":"https:\/\/www.link2fleet.com\/fr\/athlon-un-budget-mobilite-complexe-demande-un-accompagnement\/#primaryimage"},"thumbnailUrl":"https:\/\/static.link2fleet.com\/wp-content\/uploads\/2024\/03\/auto-2-copie.jpeg","datePublished":"2020-11-10T11:48:15+00:00","dateModified":"2024-04-17T14:52:08+00:00","breadcrumb":{"@id":"https:\/\/www.link2fleet.com\/fr\/athlon-un-budget-mobilite-complexe-demande-un-accompagnement\/#breadcrumb"},"inLanguage":"fr-FR","potentialAction":[{"@type":"ReadAction","target":["https:\/\/www.link2fleet.com\/fr\/athlon-un-budget-mobilite-complexe-demande-un-accompagnement\/"]}]},{"@type":"ImageObject","inLanguage":"fr-FR","@id":"https:\/\/www.link2fleet.com\/fr\/athlon-un-budget-mobilite-complexe-demande-un-accompagnement\/#primaryimage","url":"https:\/\/static.link2fleet.com\/wp-content\/uploads\/2024\/03\/auto-2-copie.jpeg","contentUrl":"https:\/\/static.link2fleet.com\/wp-content\/uploads\/2024\/03\/auto-2-copie.jpeg","width":991,"height":629,"caption":"||"},{"@type":"BreadcrumbList","@id":"https:\/\/www.link2fleet.com\/fr\/athlon-un-budget-mobilite-complexe-demande-un-accompagnement\/#breadcrumb","itemListElement":[{"@type":"ListItem","position":1,"name":"Home","item":"https:\/\/www.link2fleet.com\/fr\/"},{"@type":"ListItem","position":2,"name":"Athlon: un budget mobilit\u00e9 complexe demande un accompagnement"}]},{"@type":"WebSite","@id":"https:\/\/www.link2fleet.com\/fr\/#website","url":"https:\/\/www.link2fleet.com\/fr\/","name":"Link2fleet","description":"","publisher":{"@id":"https:\/\/www.link2fleet.com\/fr\/#organization"},"potentialAction":[{"@type":"SearchAction","target":{"@type":"EntryPoint","urlTemplate":"https:\/\/www.link2fleet.com\/fr\/?s={search_term_string}"},"query-input":{"@type":"PropertyValueSpecification","valueRequired":true,"valueName":"search_term_string"}}],"inLanguage":"fr-FR"},{"@type":"Organization","@id":"https:\/\/www.link2fleet.com\/fr\/#organization","name":"Link2fleet","url":"https:\/\/www.link2fleet.com\/fr\/","logo":{"@type":"ImageObject","inLanguage":"fr-FR","@id":"https:\/\/www.link2fleet.com\/fr\/#\/schema\/logo\/image\/","url":"https:\/\/static.link2fleet.com\/wp-content\/uploads\/2024\/03\/share-image.jpg","contentUrl":"https:\/\/static.link2fleet.com\/wp-content\/uploads\/2024\/03\/share-image.jpg","width":1200,"height":630,"caption":"Link2fleet"},"image":{"@id":"https:\/\/www.link2fleet.com\/fr\/#\/schema\/logo\/image\/"},"sameAs":["https:\/\/www.linkedin.com\/company\/link2fleet-belgium","https:\/\/www.youtube.com\/user\/MMMBMBE"]},{"@type":"Person","@id":"https:\/\/www.link2fleet.com\/fr\/#\/schema\/person\/027cd46113c78036b3809c9a054049da","name":"Damien Malvetti","image":{"@type":"ImageObject","inLanguage":"fr-FR","@id":"https:\/\/secure.gravatar.com\/avatar\/dd8cc03b49466c735f753ac37f8caa371af16dfed347456ed61f02883255eebb?s=96&d=mm&r=g","url":"https:\/\/secure.gravatar.com\/avatar\/dd8cc03b49466c735f753ac37f8caa371af16dfed347456ed61f02883255eebb?s=96&d=mm&r=g","contentUrl":"https:\/\/secure.gravatar.com\/avatar\/dd8cc03b49466c735f753ac37f8caa371af16dfed347456ed61f02883255eebb?s=96&d=mm&r=g","caption":"Damien Malvetti"},"description":"Damien Malvetti is opgeleid als journalist en gepassioneerd door wagens, technologie en mobiliteit. Hij is verantwoordelijk voor de redactionele inhoud van link2fleet en beschikt over een uitgebreide kennis van de fleet-sector en elektrische mobiliteit.","sameAs":["https:\/\/www.linkedin.com\/in\/damien-malvetti-56601142\/"]}]}},"_links":{"self":[{"href":"https:\/\/www.link2fleet.com\/fr\/wp-json\/wp\/v2\/posts\/2962","targetHints":{"allow":["GET"]}}],"collection":[{"href":"https:\/\/www.link2fleet.com\/fr\/wp-json\/wp\/v2\/posts"}],"about":[{"href":"https:\/\/www.link2fleet.com\/fr\/wp-json\/wp\/v2\/types\/post"}],"author":[{"embeddable":true,"href":"https:\/\/www.link2fleet.com\/fr\/wp-json\/wp\/v2\/users\/4"}],"replies":[{"embeddable":true,"href":"https:\/\/www.link2fleet.com\/fr\/wp-json\/wp\/v2\/comments?post=2962"}],"version-history":[{"count":0,"href":"https:\/\/www.link2fleet.com\/fr\/wp-json\/wp\/v2\/posts\/2962\/revisions"}],"wp:featuredmedia":[{"embeddable":true,"href":"https:\/\/www.link2fleet.com\/fr\/wp-json\/wp\/v2\/media\/2963"}],"wp:attachment":[{"href":"https:\/\/www.link2fleet.com\/fr\/wp-json\/wp\/v2\/media?parent=2962"}],"wp:term":[{"taxonomy":"category","embeddable":true,"href":"https:\/\/www.link2fleet.com\/fr\/wp-json\/wp\/v2\/categories?post=2962"},{"taxonomy":"post_tag","embeddable":true,"href":"https:\/\/www.link2fleet.com\/fr\/wp-json\/wp\/v2\/tags?post=2962"}],"curies":[{"name":"wp","href":"https:\/\/api.w.org\/{rel}","templated":true}]}}