{"id":2967,"date":"2020-11-12T16:43:22","date_gmt":"2020-11-12T15:43:22","guid":{"rendered":"https:\/\/www.link2fleet.com\/move-2025-un-nouveau-plan-strategique-ambitieux-pour-ald-automotive\/"},"modified":"2024-04-17T16:52:08","modified_gmt":"2024-04-17T14:52:08","slug":"move-2025-un-nouveau-plan-strategique-ambitieux-pour-ald-automotive","status":"publish","type":"post","link":"https:\/\/www.link2fleet.com\/fr\/move-2025-un-nouveau-plan-strategique-ambitieux-pour-ald-automotive\/","title":{"rendered":"\u2018Move 2025\u2019, un nouveau plan strat\u00e9gique ambitieux pour ALD Automotive"},"content":{"rendered":"\n<p>Tim Albertsen, CEO du groupe, et les membres du comit\u00e9 ex\u00e9cutif d&rsquo;ALD ont donn\u00e9 un aper\u00e7u d\u00e9taill\u00e9 des ambitions de l&rsquo;entreprise et des principaux objectifs strat\u00e9giques op\u00e9rationnels et financiers dans le cadre du nouveau plan strat\u00e9gique. &nbsp;\u00ab\u00a0<em>Move 2025&Prime; est un plan ambitieux qui s&rsquo;appuie sur la transformation que nous avons entam\u00e9e il y a 5 ans pour saisir les opportunit\u00e9s de croissance que nous voyons \u00e0 moyen et long terme. Avec ce nouveau plan strat\u00e9gique, ALD se positionne au c\u0153ur de l&rsquo;\u00e9volution du monde de la mobilit\u00e9 et renforce son avantage concurrentiel pour devenir un fournisseur de mobilit\u00e9 durable totalement int\u00e9gr\u00e9 et le leader mondial de son secteur<\/em>\u00ab\u00a0, confirme Tim Albertsen, directeur g\u00e9n\u00e9ral d&rsquo;ALD.<\/p>\n\n\n\n<p><strong>Dans la pratique<\/strong><\/p>\n\n\n\n<p>Voici comment vont \u00eatre traduites dans 4 domaines bien pr\u00e9cis les ambitions du groupe. Celles-ci vont \u00eatre les piliers d\u2019une croissance durable d\u2019ici 2025.<\/p>\n\n\n\n<p><em>Location longue dur\u00e9e et fleet management<\/em><\/p>\n\n\n\n<p>Avec ses quatre segments de client\u00e8le (multinationales et\ngrandes entreprises, PME, employ\u00e9s d&rsquo;entreprises et consommateurs priv\u00e9s), le\nnombre de contrats g\u00e9r\u00e9s par ALD devrait atteindre environ 2,3 millions d&rsquo;ici\n2025. ALD pr\u00e9voit d&rsquo;\u00e9tendre sa pr\u00e9sence g\u00e9ographique, y compris en Asie, en\nciblant jusqu&rsquo;\u00e0 50 pays, en accompagnant ses grandes entreprises clientes.<\/p>\n\n\n\n<p>Les principaux autres moteurs de croissance organique seront les contrats priv\u00e9s et les nouveaux produits de mobilit\u00e9 (ALD Flex, ALD Used Cars et ALD Move), qui devraient augmenter d&rsquo;environ 15 % en taux annuel moyen de croissance sur la p\u00e9riode 2019-2025.<\/p>\n\n\n\n<p><em>\ufeffAvenir multi-cycle et multi-canal<\/em><\/p>\n\n\n\n<p>Move 2025 transformera le mod\u00e8le commercial d&rsquo;ALD en un\nmod\u00e8le o\u00f9 les v\u00e9hicules sont lou\u00e9s plus longtemps, dans certains cas pour toute\nla dur\u00e9e de vie des v\u00e9hicules, en s&rsquo;appuyant sur un processus de location\nmulti-cycle, la vente de voitures d&rsquo;occasion et la distribution multicanaux.<\/p>\n\n\n\n<p>ALD s&rsquo;attend \u00e0 ce que 30 % environ de ses v\u00e9hicules d&rsquo;occasion soient vendus ou lou\u00e9s \u00e0 des clients particuliers d&rsquo;ici 2025. Le nombre de v\u00e9hicules d&rsquo;occasion lou\u00e9s devrait atteindre 125.000 unit\u00e9s. Cette \u00e9volution apportera de fortes opportunit\u00e9s de croissance et de marge tout en r\u00e9duisant le risque sur la valeur r\u00e9siduelle.<\/p>\n\n\n\n<p><em>Renforcer l&rsquo;investissement dans les capacit\u00e9s\nnum\u00e9riques<\/em><\/p>\n\n\n\n<p>Un budget suppl\u00e9mentaire de 66 millions d&rsquo;euros sera allou\u00e9 aux investissements num\u00e9riques au cours des cinq prochaines ann\u00e9es dans les quatre piliers strat\u00e9giques, ce qui fera passer la part des investissements dans les capacit\u00e9s num\u00e9riques d&rsquo;environ 20 % des d\u00e9penses de fonctionnement en 2017-2019 \u00e0 environ 23 % en 2020-2025.<\/p>\n\n\n\n<p><em>L&rsquo;opportunit\u00e9 de la mobilit\u00e9 \u00e9lectrique<\/em><\/p>\n\n\n\n<p>ALD entend continuer \u00e0 rester un leader dans la transition vers des v\u00e9hicules \u00e0 faibles \u00e9missions en accompagnant les clients gr\u00e2ce \u00e0 une approche bas\u00e9e sur le TCO, une offre EV tout compris, des partenariats EV cibl\u00e9s \u2013 comme ceux r\u00e9cemment sign\u00e9s avec Polestar et Tesla &#8211; et un programme EV global. <\/p>\n\n\n\n<figure class=\"wp-block-image\"><img decoding=\"async\" src=\"https:\/\/www.link2fleet.com\/wp-content\/uploads\/2020\/11\/ALD_Polestar.jpg\" alt=\"\" class=\"wp-image-1261378\" \/><figcaption> <br>ALD Automotive et Polestar ont r\u00e9cemment act\u00e9 une collaboration strat\u00e9gique pour fournir des offres et des services de leasing op\u00e9rationnel aux clients de Polestar. <\/figcaption><\/figure>\n\n\n\n<p>La part des v\u00e9hicules \u00e9lectriques dans les livraisons de\nvoitures neuves devrait atteindre environ 30 % d&rsquo;ici 2025. D&rsquo;ici 2030, ALD vise\n\u00e0 ce que 50 % environ des livraisons soient des v\u00e9hicules \u00e9lectriques.<\/p>\n\n\n\n<p>En cons\u00e9quence, les \u00e9missions moyennes de CO2 par v\u00e9hicule\npour les nouveaux contrats en 2025 devraient \u00eatre inf\u00e9rieures d&rsquo;au moins 40 % \u00e0\ncelles de 2019.<\/p>\n\n\n\n<p><br><\/p>\n","protected":false},"excerpt":{"rendered":"<p>Tim Albertsen, CEO du groupe, et les membres du comit\u00e9 ex\u00e9cutif d&rsquo;ALD ont donn\u00e9 un aper\u00e7u d\u00e9taill\u00e9 des ambitions de l&rsquo;entreprise et des principaux objectifs strat\u00e9giques op\u00e9rationnels et financiers dans le cadre du nouveau plan strat\u00e9gique. &nbsp;\u00ab\u00a0Move 2025&Prime; est un plan ambitieux qui s&rsquo;appuie sur la transformation que nous avons entam\u00e9e il y a 5 [&hellip;]<\/p>\n","protected":false},"author":19,"featured_media":2968,"comment_status":"closed","ping_status":"closed","sticky":false,"template":"","format":"standard","meta":{"_acf_changed":false,"footnotes":""},"categories":[91,79],"tags":[],"class_list":["post-2967","post","type-post","status-publish","format-standard","has-post-thumbnail","hentry","category-expertise-et-management","category-societes-de-leasing"],"acf":[],"yoast_head":"<!-- This site is optimized with the Yoast SEO plugin v27.3 - https:\/\/yoast.com\/product\/yoast-seo-wordpress\/ -->\n<title>\u2018Move 2025\u2019, un nouveau plan strat\u00e9gique ambitieux pour ALD Automotive - link2fleet<\/title>\n<meta name=\"description\" content=\"Quelques jours apr\u00e8s la pr\u00e9sentation de la feuille de route d\u2019Arval, c\u2019est ALD Automotive, un autre poids lourd de la location longue dur\u00e9e, qui organisait\u2026\" \/>\n<meta name=\"robots\" content=\"index, follow, max-snippet:-1, max-image-preview:large, max-video-preview:-1\" \/>\n<meta property=\"og:locale\" content=\"fr_FR\" \/>\n<meta property=\"og:type\" content=\"article\" \/>\n<meta property=\"og:title\" content=\"\u2018Move 2025\u2019, un nouveau plan strat\u00e9gique ambitieux pour ALD Automotive - link2fleet\" \/>\n<meta property=\"og:description\" content=\"Quelques jours apr\u00e8s la pr\u00e9sentation de la feuille de route d\u2019Arval, c\u2019est ALD Automotive, un autre poids lourd de la location longue dur\u00e9e, qui organisait\u2026\" \/>\n<meta property=\"og:url\" content=\"https:\/\/www.link2fleet.com\/fr\/move-2025-un-nouveau-plan-strategique-ambitieux-pour-ald-automotive\/\" \/>\n<meta property=\"og:site_name\" content=\"link2fleet\" \/>\n<meta property=\"article:published_time\" content=\"2020-11-12T15:43:22+00:00\" \/>\n<meta property=\"article:modified_time\" content=\"2024-04-17T14:52:08+00:00\" \/>\n<meta property=\"og:image\" content=\"https:\/\/static.link2fleet.com\/wp-content\/uploads\/2024\/03\/ald-automotive3.jpg\" \/>\n\t<meta property=\"og:image:width\" content=\"949\" \/>\n\t<meta property=\"og:image:height\" content=\"552\" \/>\n\t<meta property=\"og:image:type\" content=\"image\/jpeg\" \/>\n<meta name=\"author\" content=\"Marc Demoulin\" \/>\n<meta name=\"twitter:card\" content=\"summary_large_image\" \/>\n<meta name=\"twitter:description\" content=\"Quelques jours apr\u00e8s la pr\u00e9sentation de la feuille de route d\u2019Arval, c\u2019est ALD Automotive, un autre poids lourd de la location longue dur\u00e9e, qui organisait\u2026\" \/>\n<meta name=\"twitter:label1\" content=\"\u00c9crit par\" \/>\n\t<meta name=\"twitter:data1\" content=\"Marc Demoulin\" \/>\n\t<meta name=\"twitter:label2\" content=\"Dur\u00e9e de lecture estim\u00e9e\" \/>\n\t<meta name=\"twitter:data2\" content=\"3 minutes\" \/>\n<script type=\"application\/ld+json\" class=\"yoast-schema-graph\">{\"@context\":\"https:\\\/\\\/schema.org\",\"@graph\":[{\"@type\":\"Article\",\"@id\":\"https:\\\/\\\/www.link2fleet.com\\\/fr\\\/move-2025-un-nouveau-plan-strategique-ambitieux-pour-ald-automotive\\\/#article\",\"isPartOf\":{\"@id\":\"https:\\\/\\\/www.link2fleet.com\\\/fr\\\/move-2025-un-nouveau-plan-strategique-ambitieux-pour-ald-automotive\\\/\"},\"author\":{\"name\":\"Marc Demoulin\",\"@id\":\"https:\\\/\\\/www.link2fleet.com\\\/fr\\\/#\\\/schema\\\/person\\\/be5c57fc3d8ec765f7f536ffa2d67457\"},\"headline\":\"\u2018Move 2025\u2019, un nouveau plan strat\u00e9gique ambitieux pour ALD Automotive\",\"datePublished\":\"2020-11-12T15:43:22+00:00\",\"dateModified\":\"2024-04-17T14:52:08+00:00\",\"mainEntityOfPage\":{\"@id\":\"https:\\\/\\\/www.link2fleet.com\\\/fr\\\/move-2025-un-nouveau-plan-strategique-ambitieux-pour-ald-automotive\\\/\"},\"wordCount\":596,\"publisher\":{\"@id\":\"https:\\\/\\\/www.link2fleet.com\\\/fr\\\/#organization\"},\"image\":{\"@id\":\"https:\\\/\\\/www.link2fleet.com\\\/fr\\\/move-2025-un-nouveau-plan-strategique-ambitieux-pour-ald-automotive\\\/#primaryimage\"},\"thumbnailUrl\":\"https:\\\/\\\/static.link2fleet.com\\\/wp-content\\\/uploads\\\/2024\\\/03\\\/ald-automotive3.jpg\",\"articleSection\":[\"Gestion de flotte\",\"Location long-terme\"],\"inLanguage\":\"fr-FR\"},{\"@type\":\"WebPage\",\"@id\":\"https:\\\/\\\/www.link2fleet.com\\\/fr\\\/move-2025-un-nouveau-plan-strategique-ambitieux-pour-ald-automotive\\\/\",\"url\":\"https:\\\/\\\/www.link2fleet.com\\\/fr\\\/move-2025-un-nouveau-plan-strategique-ambitieux-pour-ald-automotive\\\/\",\"name\":\"\u2018Move 2025\u2019, un nouveau plan strat\u00e9gique ambitieux pour ALD Automotive - link2fleet\",\"isPartOf\":{\"@id\":\"https:\\\/\\\/www.link2fleet.com\\\/fr\\\/#website\"},\"primaryImageOfPage\":{\"@id\":\"https:\\\/\\\/www.link2fleet.com\\\/fr\\\/move-2025-un-nouveau-plan-strategique-ambitieux-pour-ald-automotive\\\/#primaryimage\"},\"image\":{\"@id\":\"https:\\\/\\\/www.link2fleet.com\\\/fr\\\/move-2025-un-nouveau-plan-strategique-ambitieux-pour-ald-automotive\\\/#primaryimage\"},\"thumbnailUrl\":\"https:\\\/\\\/static.link2fleet.com\\\/wp-content\\\/uploads\\\/2024\\\/03\\\/ald-automotive3.jpg\",\"datePublished\":\"2020-11-12T15:43:22+00:00\",\"dateModified\":\"2024-04-17T14:52:08+00:00\",\"breadcrumb\":{\"@id\":\"https:\\\/\\\/www.link2fleet.com\\\/fr\\\/move-2025-un-nouveau-plan-strategique-ambitieux-pour-ald-automotive\\\/#breadcrumb\"},\"inLanguage\":\"fr-FR\",\"potentialAction\":[{\"@type\":\"ReadAction\",\"target\":[\"https:\\\/\\\/www.link2fleet.com\\\/fr\\\/move-2025-un-nouveau-plan-strategique-ambitieux-pour-ald-automotive\\\/\"]}]},{\"@type\":\"ImageObject\",\"inLanguage\":\"fr-FR\",\"@id\":\"https:\\\/\\\/www.link2fleet.com\\\/fr\\\/move-2025-un-nouveau-plan-strategique-ambitieux-pour-ald-automotive\\\/#primaryimage\",\"url\":\"https:\\\/\\\/static.link2fleet.com\\\/wp-content\\\/uploads\\\/2024\\\/03\\\/ald-automotive3.jpg\",\"contentUrl\":\"https:\\\/\\\/static.link2fleet.com\\\/wp-content\\\/uploads\\\/2024\\\/03\\\/ald-automotive3.jpg\",\"width\":949,\"height\":552,\"caption\":\"||\"},{\"@type\":\"BreadcrumbList\",\"@id\":\"https:\\\/\\\/www.link2fleet.com\\\/fr\\\/move-2025-un-nouveau-plan-strategique-ambitieux-pour-ald-automotive\\\/#breadcrumb\",\"itemListElement\":[{\"@type\":\"ListItem\",\"position\":1,\"name\":\"Home\",\"item\":\"https:\\\/\\\/www.link2fleet.com\\\/fr\\\/\"},{\"@type\":\"ListItem\",\"position\":2,\"name\":\"\u2018Move 2025\u2019, un nouveau plan strat\u00e9gique ambitieux pour ALD Automotive\"}]},{\"@type\":\"WebSite\",\"@id\":\"https:\\\/\\\/www.link2fleet.com\\\/fr\\\/#website\",\"url\":\"https:\\\/\\\/www.link2fleet.com\\\/fr\\\/\",\"name\":\"Link2fleet\",\"description\":\"\",\"publisher\":{\"@id\":\"https:\\\/\\\/www.link2fleet.com\\\/fr\\\/#organization\"},\"potentialAction\":[{\"@type\":\"SearchAction\",\"target\":{\"@type\":\"EntryPoint\",\"urlTemplate\":\"https:\\\/\\\/www.link2fleet.com\\\/fr\\\/?s={search_term_string}\"},\"query-input\":{\"@type\":\"PropertyValueSpecification\",\"valueRequired\":true,\"valueName\":\"search_term_string\"}}],\"inLanguage\":\"fr-FR\"},{\"@type\":\"Organization\",\"@id\":\"https:\\\/\\\/www.link2fleet.com\\\/fr\\\/#organization\",\"name\":\"Link2fleet\",\"url\":\"https:\\\/\\\/www.link2fleet.com\\\/fr\\\/\",\"logo\":{\"@type\":\"ImageObject\",\"inLanguage\":\"fr-FR\",\"@id\":\"https:\\\/\\\/www.link2fleet.com\\\/fr\\\/#\\\/schema\\\/logo\\\/image\\\/\",\"url\":\"https:\\\/\\\/static.link2fleet.com\\\/wp-content\\\/uploads\\\/2024\\\/03\\\/share-image.jpg\",\"contentUrl\":\"https:\\\/\\\/static.link2fleet.com\\\/wp-content\\\/uploads\\\/2024\\\/03\\\/share-image.jpg\",\"width\":1200,\"height\":630,\"caption\":\"Link2fleet\"},\"image\":{\"@id\":\"https:\\\/\\\/www.link2fleet.com\\\/fr\\\/#\\\/schema\\\/logo\\\/image\\\/\"},\"sameAs\":[\"https:\\\/\\\/www.linkedin.com\\\/company\\\/link2fleet-belgium\",\"https:\\\/\\\/www.youtube.com\\\/user\\\/MMMBMBE\"]},{\"@type\":\"Person\",\"@id\":\"https:\\\/\\\/www.link2fleet.com\\\/fr\\\/#\\\/schema\\\/person\\\/be5c57fc3d8ec765f7f536ffa2d67457\",\"name\":\"Marc Demoulin\",\"image\":{\"@type\":\"ImageObject\",\"inLanguage\":\"fr-FR\",\"@id\":\"https:\\\/\\\/secure.gravatar.com\\\/avatar\\\/a87df2253d2615844817d0a7f244258741572a74e0c35a309fca2badab9f30e7?s=96&d=mm&r=g\",\"url\":\"https:\\\/\\\/secure.gravatar.com\\\/avatar\\\/a87df2253d2615844817d0a7f244258741572a74e0c35a309fca2badab9f30e7?s=96&d=mm&r=g\",\"contentUrl\":\"https:\\\/\\\/secure.gravatar.com\\\/avatar\\\/a87df2253d2615844817d0a7f244258741572a74e0c35a309fca2badab9f30e7?s=96&d=mm&r=g\",\"caption\":\"Marc Demoulin\"}}]}<\/script>\n<!-- \/ Yoast SEO plugin. -->","yoast_head_json":{"title":"\u2018Move 2025\u2019, un nouveau plan strat\u00e9gique ambitieux pour ALD Automotive - link2fleet","description":"Quelques jours apr\u00e8s la pr\u00e9sentation de la feuille de route d\u2019Arval, c\u2019est ALD Automotive, un autre poids lourd de la location longue dur\u00e9e, qui organisait\u2026","robots":{"index":"index","follow":"follow","max-snippet":"max-snippet:-1","max-image-preview":"max-image-preview:large","max-video-preview":"max-video-preview:-1"},"og_locale":"fr_FR","og_type":"article","og_title":"\u2018Move 2025\u2019, un nouveau plan strat\u00e9gique ambitieux pour ALD Automotive - link2fleet","og_description":"Quelques jours apr\u00e8s la pr\u00e9sentation de la feuille de route d\u2019Arval, c\u2019est ALD Automotive, un autre poids lourd de la location longue dur\u00e9e, qui organisait\u2026","og_url":"https:\/\/www.link2fleet.com\/fr\/move-2025-un-nouveau-plan-strategique-ambitieux-pour-ald-automotive\/","og_site_name":"link2fleet","article_published_time":"2020-11-12T15:43:22+00:00","article_modified_time":"2024-04-17T14:52:08+00:00","og_image":[{"width":949,"height":552,"url":"https:\/\/static.link2fleet.com\/wp-content\/uploads\/2024\/03\/ald-automotive3.jpg","type":"image\/jpeg"}],"author":"Marc Demoulin","twitter_card":"summary_large_image","twitter_description":"Quelques jours apr\u00e8s la pr\u00e9sentation de la feuille de route d\u2019Arval, c\u2019est ALD Automotive, un autre poids lourd de la location longue dur\u00e9e, qui organisait\u2026","twitter_misc":{"\u00c9crit par":"Marc Demoulin","Dur\u00e9e de lecture estim\u00e9e":"3 minutes"},"schema":{"@context":"https:\/\/schema.org","@graph":[{"@type":"Article","@id":"https:\/\/www.link2fleet.com\/fr\/move-2025-un-nouveau-plan-strategique-ambitieux-pour-ald-automotive\/#article","isPartOf":{"@id":"https:\/\/www.link2fleet.com\/fr\/move-2025-un-nouveau-plan-strategique-ambitieux-pour-ald-automotive\/"},"author":{"name":"Marc Demoulin","@id":"https:\/\/www.link2fleet.com\/fr\/#\/schema\/person\/be5c57fc3d8ec765f7f536ffa2d67457"},"headline":"\u2018Move 2025\u2019, un nouveau plan strat\u00e9gique ambitieux pour ALD Automotive","datePublished":"2020-11-12T15:43:22+00:00","dateModified":"2024-04-17T14:52:08+00:00","mainEntityOfPage":{"@id":"https:\/\/www.link2fleet.com\/fr\/move-2025-un-nouveau-plan-strategique-ambitieux-pour-ald-automotive\/"},"wordCount":596,"publisher":{"@id":"https:\/\/www.link2fleet.com\/fr\/#organization"},"image":{"@id":"https:\/\/www.link2fleet.com\/fr\/move-2025-un-nouveau-plan-strategique-ambitieux-pour-ald-automotive\/#primaryimage"},"thumbnailUrl":"https:\/\/static.link2fleet.com\/wp-content\/uploads\/2024\/03\/ald-automotive3.jpg","articleSection":["Gestion de flotte","Location long-terme"],"inLanguage":"fr-FR"},{"@type":"WebPage","@id":"https:\/\/www.link2fleet.com\/fr\/move-2025-un-nouveau-plan-strategique-ambitieux-pour-ald-automotive\/","url":"https:\/\/www.link2fleet.com\/fr\/move-2025-un-nouveau-plan-strategique-ambitieux-pour-ald-automotive\/","name":"\u2018Move 2025\u2019, un nouveau plan strat\u00e9gique ambitieux pour ALD Automotive - link2fleet","isPartOf":{"@id":"https:\/\/www.link2fleet.com\/fr\/#website"},"primaryImageOfPage":{"@id":"https:\/\/www.link2fleet.com\/fr\/move-2025-un-nouveau-plan-strategique-ambitieux-pour-ald-automotive\/#primaryimage"},"image":{"@id":"https:\/\/www.link2fleet.com\/fr\/move-2025-un-nouveau-plan-strategique-ambitieux-pour-ald-automotive\/#primaryimage"},"thumbnailUrl":"https:\/\/static.link2fleet.com\/wp-content\/uploads\/2024\/03\/ald-automotive3.jpg","datePublished":"2020-11-12T15:43:22+00:00","dateModified":"2024-04-17T14:52:08+00:00","breadcrumb":{"@id":"https:\/\/www.link2fleet.com\/fr\/move-2025-un-nouveau-plan-strategique-ambitieux-pour-ald-automotive\/#breadcrumb"},"inLanguage":"fr-FR","potentialAction":[{"@type":"ReadAction","target":["https:\/\/www.link2fleet.com\/fr\/move-2025-un-nouveau-plan-strategique-ambitieux-pour-ald-automotive\/"]}]},{"@type":"ImageObject","inLanguage":"fr-FR","@id":"https:\/\/www.link2fleet.com\/fr\/move-2025-un-nouveau-plan-strategique-ambitieux-pour-ald-automotive\/#primaryimage","url":"https:\/\/static.link2fleet.com\/wp-content\/uploads\/2024\/03\/ald-automotive3.jpg","contentUrl":"https:\/\/static.link2fleet.com\/wp-content\/uploads\/2024\/03\/ald-automotive3.jpg","width":949,"height":552,"caption":"||"},{"@type":"BreadcrumbList","@id":"https:\/\/www.link2fleet.com\/fr\/move-2025-un-nouveau-plan-strategique-ambitieux-pour-ald-automotive\/#breadcrumb","itemListElement":[{"@type":"ListItem","position":1,"name":"Home","item":"https:\/\/www.link2fleet.com\/fr\/"},{"@type":"ListItem","position":2,"name":"\u2018Move 2025\u2019, un nouveau plan strat\u00e9gique ambitieux pour ALD Automotive"}]},{"@type":"WebSite","@id":"https:\/\/www.link2fleet.com\/fr\/#website","url":"https:\/\/www.link2fleet.com\/fr\/","name":"Link2fleet","description":"","publisher":{"@id":"https:\/\/www.link2fleet.com\/fr\/#organization"},"potentialAction":[{"@type":"SearchAction","target":{"@type":"EntryPoint","urlTemplate":"https:\/\/www.link2fleet.com\/fr\/?s={search_term_string}"},"query-input":{"@type":"PropertyValueSpecification","valueRequired":true,"valueName":"search_term_string"}}],"inLanguage":"fr-FR"},{"@type":"Organization","@id":"https:\/\/www.link2fleet.com\/fr\/#organization","name":"Link2fleet","url":"https:\/\/www.link2fleet.com\/fr\/","logo":{"@type":"ImageObject","inLanguage":"fr-FR","@id":"https:\/\/www.link2fleet.com\/fr\/#\/schema\/logo\/image\/","url":"https:\/\/static.link2fleet.com\/wp-content\/uploads\/2024\/03\/share-image.jpg","contentUrl":"https:\/\/static.link2fleet.com\/wp-content\/uploads\/2024\/03\/share-image.jpg","width":1200,"height":630,"caption":"Link2fleet"},"image":{"@id":"https:\/\/www.link2fleet.com\/fr\/#\/schema\/logo\/image\/"},"sameAs":["https:\/\/www.linkedin.com\/company\/link2fleet-belgium","https:\/\/www.youtube.com\/user\/MMMBMBE"]},{"@type":"Person","@id":"https:\/\/www.link2fleet.com\/fr\/#\/schema\/person\/be5c57fc3d8ec765f7f536ffa2d67457","name":"Marc Demoulin","image":{"@type":"ImageObject","inLanguage":"fr-FR","@id":"https:\/\/secure.gravatar.com\/avatar\/a87df2253d2615844817d0a7f244258741572a74e0c35a309fca2badab9f30e7?s=96&d=mm&r=g","url":"https:\/\/secure.gravatar.com\/avatar\/a87df2253d2615844817d0a7f244258741572a74e0c35a309fca2badab9f30e7?s=96&d=mm&r=g","contentUrl":"https:\/\/secure.gravatar.com\/avatar\/a87df2253d2615844817d0a7f244258741572a74e0c35a309fca2badab9f30e7?s=96&d=mm&r=g","caption":"Marc Demoulin"}}]}},"_links":{"self":[{"href":"https:\/\/www.link2fleet.com\/fr\/wp-json\/wp\/v2\/posts\/2967","targetHints":{"allow":["GET"]}}],"collection":[{"href":"https:\/\/www.link2fleet.com\/fr\/wp-json\/wp\/v2\/posts"}],"about":[{"href":"https:\/\/www.link2fleet.com\/fr\/wp-json\/wp\/v2\/types\/post"}],"author":[{"embeddable":true,"href":"https:\/\/www.link2fleet.com\/fr\/wp-json\/wp\/v2\/users\/19"}],"replies":[{"embeddable":true,"href":"https:\/\/www.link2fleet.com\/fr\/wp-json\/wp\/v2\/comments?post=2967"}],"version-history":[{"count":0,"href":"https:\/\/www.link2fleet.com\/fr\/wp-json\/wp\/v2\/posts\/2967\/revisions"}],"wp:featuredmedia":[{"embeddable":true,"href":"https:\/\/www.link2fleet.com\/fr\/wp-json\/wp\/v2\/media\/2968"}],"wp:attachment":[{"href":"https:\/\/www.link2fleet.com\/fr\/wp-json\/wp\/v2\/media?parent=2967"}],"wp:term":[{"taxonomy":"category","embeddable":true,"href":"https:\/\/www.link2fleet.com\/fr\/wp-json\/wp\/v2\/categories?post=2967"},{"taxonomy":"post_tag","embeddable":true,"href":"https:\/\/www.link2fleet.com\/fr\/wp-json\/wp\/v2\/tags?post=2967"}],"curies":[{"name":"wp","href":"https:\/\/api.w.org\/{rel}","templated":true}]}}