{"id":2998,"date":"2020-11-19T16:24:56","date_gmt":"2020-11-19T15:24:56","guid":{"rendered":"https:\/\/www.link2fleet.com\/fleet-dating-e-car-policy-mobility-policy-le-duo-gagnant\/"},"modified":"2020-11-19T16:24:56","modified_gmt":"2020-11-19T15:24:56","slug":"fleet-dating-e-car-policy-mobility-policy-le-duo-gagnant","status":"publish","type":"post","link":"https:\/\/www.link2fleet.com\/fr\/fleet-dating-e-car-policy-mobility-policy-le-duo-gagnant\/","title":{"rendered":"Fleet Dating: e-car policy &#038; mobility policy: le duo gagnant ?"},"content":{"rendered":"\n<p><\/p>\n\n<div class=\"wp-block-image\"><figure class=\"alignleft size-large\"><img decoding=\"async\" src=\"https:\/\/www.link2fleet.com\/wp-content\/uploads\/2020\/09\/St\u00e9phane-Atsou.jpg\" alt=\"\" class=\"wp-image-1259959\"><\/figure><\/div>\n\n<p>Stephan Atsou, Sales &amp; Marketing Manager chez Powerdale, a mis en lumi\u00e8re la gestion du changement dans le projet de transition vers la conduite \u00e9lectrique. Un sondage r\u00e9alis\u00e9 aupr\u00e8s des participants a indiqu\u00e9 que les voitures diesel repr\u00e9sentent toujours 50 %, les moteurs \u00e0 essence 26 %, suivis par les hybrides rechargeables avec 12 % et 6 % pour les VE complets. Il y a donc encore beaucoup de changements \u00e0 venir, avec deux grands d\u00e9fis \u00e0 relever, selon Stephan Atsou :<\/p>\n\n<ul class=\"wp-block-list\">\n<li>Comprendre l&rsquo;innovation pour \u00e9viter le risque de retomber dans les vieilles habitudes. Une formation et des informations suppl\u00e9mentaires sont n\u00e9cessaires pour comprendre la technologie qui se cache derri\u00e8re la conduite \u00e9lectrique.<\/li>\n<li>Garder sous contr\u00f4le les facteurs de succ\u00e8s: cela s&rsquo;applique au facteur technologique qui a une grande part dans l&rsquo;\u00e9lectrification de la flotte, ainsi qu&rsquo;\u00e0 la connaissance du march\u00e9 avec une attention particuli\u00e8re \u00e0 la courbe d&rsquo;adoption parmi les utilisateurs (seulement 2,5% sont des innovateurs ; 16% sont des descendants ; 34% + 34% sont des \u00ab\u00a0early &amp; late majority\u00a0\u00bb).<\/li>\n<\/ul>\n<p><\/p>\n\n<div class=\"wp-block-image\"><figure class=\"alignright size-medium\"><img decoding=\"async\" src=\"https:\/\/www.link2fleet.com\/wp-content\/uploads\/2020\/11\/Thierry-Devresse-e1604394131867.jpeg\" alt=\"\" class=\"wp-image-1261123\"><\/figure><\/div>\n\n<p class=\"has-text-align-left\">Thierry Devresse, fondateur de \u00ab\u00a0My Mobility Budget Butler\u00a0\u00bb (MMBB), a plaid\u00e9 en faveur du budget (f\u00e9d\u00e9ral) de mobilit\u00e9 afin de r\u00e9pondre au mieux aux besoins actuels des employ\u00e9s en mati\u00e8re de mobilit\u00e9 : \u00ab\u00a0Il offre une personnalisation maximale avec un maximum d&rsquo;options de mobilit\u00e9 aux meilleurs avantages fiscaux, se traduit par une empreinte \u00e9cologique minimale et est neutre sur le plan budg\u00e9taire pour l&#8217;employeur\u00a0\u00bb.<\/p>\n\n<ul class=\"wp-block-list\">\n<li>L\u2019introduction du budget (f\u00e9d\u00e9ral) de mobilit\u00e9 n\u00e9cessite une feuille de route qui d\u00e9termine ce qui est inclus et quand, avec une communication claire \u00e0 tous les employ\u00e9s<\/li>\n<li>D\u00e9terminez vous-m\u00eame le TCO actuel, car il est diff\u00e9rent pour chaque entreprise.<\/li>\n<li>D\u00e9cidez ce qui doit \u00eatre impl\u00e9menter, l\u00e0 o\u00f9 une plus grande flexibilit\u00e9 augmente les chances de succ\u00e8s<\/li>\n<\/ul>\n<p>L\u2019\u00e9volution d\u2019une car-policy vers une e-car policy &amp; mobility policy \u00e9tait le th\u00e8me que Farrah Pedrido, Sales manager chez TraXall Belgium, a approfondi.<\/p>\n\n<div class=\"wp-block-image\"><figure class=\"alignleft size-large is-resized\"><img loading=\"lazy\" decoding=\"async\" src=\"https:\/\/www.link2fleet.com\/wp-content\/uploads\/2020\/10\/Foto-Farrah-Pedrido-TraXall-1-1024x950.jpg\" alt=\"\" class=\"wp-image-1260461\" width=\"258\" height=\"239\"><\/figure><\/div>\n\n<p>Ici aussi, une bonne pr\u00e9paration repr\u00e9sente la moiti\u00e9 du travail. R\u00e9fl\u00e9chissez au pourquoi de ce changement. La durabilit\u00e9 est-elle la force motrice et le faisons-nous avec les VE, les PHEV\u2019s ou un m\u00e9lange des propulsions ? L&rsquo;avantage \u00e9conomique peut \u00e9galement \u00eatre un motif de changement, ou peut-\u00eatre les employ\u00e9s eux-m\u00eames le demandent-ils. M\u00e9fiez-vous des hypes, ne vous contentez pas de copier ce que font les autres !<\/p>\n\n<ul class=\"wp-block-list\">\n<li>Rendre plus vert, ce n\u2019est pas seulement \u00e9lectrifier; remettez en question chaque d\u00e9placement, donnez plus d\u2019importance au t\u00e9l\u00e9travail.<\/li>\n<li>\u00c9laborer un bon plan de mobilit\u00e9 : analyser ce qui est faisable pour l&rsquo;organisation, en tenant compte de la localisation, des attentes et des profils des employ\u00e9s<\/li>\n<li>Int\u00e9grer dans une policy globale la car-policy, la mobility policy, le budget de mobilit\u00e9, etc<\/li>\n<\/ul>\n<p>\u00a0<\/p>\n\n<div class=\"wp-block-image\"><figure class=\"alignleft size-large\"><img decoding=\"async\" src=\"https:\/\/www.link2fleet.com\/wp-content\/uploads\/2020\/10\/foto-Els-Heynssens_2.jpg\" alt=\"\" class=\"wp-image-1260470\"><\/figure><\/div>\n\n<p>  <\/p>\n\n<ul class=\"wp-block-list\">\n<li>  <\/li>\n<li>  <\/li>\n<li>  <\/li>\n<\/ul>","protected":false},"excerpt":{"rendered":"<p>Stephan Atsou, Sales &amp; Marketing Manager chez Powerdale, a mis en lumi\u00e8re la gestion du changement dans le projet de transition vers la conduite \u00e9lectrique. Un sondage r\u00e9alis\u00e9 aupr\u00e8s des participants a indiqu\u00e9 que les voitures diesel repr\u00e9sentent toujours 50 %, les moteurs \u00e0 essence 26 %, suivis par les hybrides rechargeables avec 12 % [&hellip;]<\/p>\n","protected":false},"author":15,"featured_media":2999,"comment_status":"closed","ping_status":"closed","sticky":false,"template":"","format":"standard","meta":{"_acf_changed":false,"footnotes":""},"categories":[100,91],"tags":[],"class_list":["post-2998","post","type-post","status-publish","format-standard","has-post-thumbnail","hentry","category-best-practices","category-expertise-et-management"],"acf":[],"yoast_head":"<!-- This site is optimized with the Yoast SEO plugin v27.3 - https:\/\/yoast.com\/product\/yoast-seo-wordpress\/ -->\n<title>Fleet Dating: e-car policy &amp; mobility policy: le duo gagnant ? - link2fleet<\/title>\n<meta name=\"description\" content=\"D\u2019une r\u00e9cente enqu\u00eate online men\u00e9e par link2fleet et \u00e0 laquelle 150 gestionnaires de parc on pris part, il est ressorti que plus d\u2019une entreprise sur\u2026\" \/>\n<meta name=\"robots\" content=\"index, follow, max-snippet:-1, max-image-preview:large, max-video-preview:-1\" \/>\n<meta property=\"og:locale\" content=\"fr_FR\" \/>\n<meta property=\"og:type\" content=\"article\" \/>\n<meta property=\"og:title\" content=\"Fleet Dating: e-car policy &amp; mobility policy: le duo gagnant ? - link2fleet\" \/>\n<meta property=\"og:description\" content=\"D\u2019une r\u00e9cente enqu\u00eate online men\u00e9e par link2fleet et \u00e0 laquelle 150 gestionnaires de parc on pris part, il est ressorti que plus d\u2019une entreprise sur\u2026\" \/>\n<meta property=\"og:url\" content=\"https:\/\/www.link2fleet.com\/fr\/fleet-dating-e-car-policy-mobility-policy-le-duo-gagnant\/\" \/>\n<meta property=\"og:site_name\" content=\"link2fleet\" \/>\n<meta property=\"article:published_time\" content=\"2020-11-19T15:24:56+00:00\" \/>\n<meta property=\"og:image\" content=\"https:\/\/static.link2fleet.com\/wp-content\/uploads\/2024\/03\/voiture-electrique-xs.jpg\" \/>\n\t<meta property=\"og:image:width\" content=\"480\" \/>\n\t<meta property=\"og:image:height\" content=\"271\" \/>\n\t<meta property=\"og:image:type\" content=\"image\/jpeg\" \/>\n<meta name=\"author\" content=\"Eduard Codd\u00e9\" \/>\n<meta name=\"twitter:card\" content=\"summary_large_image\" \/>\n<meta name=\"twitter:description\" content=\"D\u2019une r\u00e9cente enqu\u00eate online men\u00e9e par link2fleet et \u00e0 laquelle 150 gestionnaires de parc on pris part, il est ressorti que plus d\u2019une entreprise sur\u2026\" \/>\n<meta name=\"twitter:label1\" content=\"\u00c9crit par\" \/>\n\t<meta name=\"twitter:data1\" content=\"Eduard Codd\u00e9\" \/>\n\t<meta name=\"twitter:label2\" content=\"Dur\u00e9e de lecture estim\u00e9e\" \/>\n\t<meta name=\"twitter:data2\" content=\"2 minutes\" \/>\n<script type=\"application\/ld+json\" class=\"yoast-schema-graph\">{\"@context\":\"https:\\\/\\\/schema.org\",\"@graph\":[{\"@type\":\"Article\",\"@id\":\"https:\\\/\\\/www.link2fleet.com\\\/fr\\\/fleet-dating-e-car-policy-mobility-policy-le-duo-gagnant\\\/#article\",\"isPartOf\":{\"@id\":\"https:\\\/\\\/www.link2fleet.com\\\/fr\\\/fleet-dating-e-car-policy-mobility-policy-le-duo-gagnant\\\/\"},\"author\":{\"name\":\"Eduard Codd\u00e9\",\"@id\":\"https:\\\/\\\/www.link2fleet.com\\\/fr\\\/#\\\/schema\\\/person\\\/665e97b2a09468c859e1054550b6df42\"},\"headline\":\"Fleet Dating: e-car policy &#038; mobility policy: le duo gagnant ?\",\"datePublished\":\"2020-11-19T15:24:56+00:00\",\"mainEntityOfPage\":{\"@id\":\"https:\\\/\\\/www.link2fleet.com\\\/fr\\\/fleet-dating-e-car-policy-mobility-policy-le-duo-gagnant\\\/\"},\"wordCount\":483,\"publisher\":{\"@id\":\"https:\\\/\\\/www.link2fleet.com\\\/fr\\\/#organization\"},\"image\":{\"@id\":\"https:\\\/\\\/www.link2fleet.com\\\/fr\\\/fleet-dating-e-car-policy-mobility-policy-le-duo-gagnant\\\/#primaryimage\"},\"thumbnailUrl\":\"https:\\\/\\\/static.link2fleet.com\\\/wp-content\\\/uploads\\\/2024\\\/03\\\/voiture-electrique-xs.jpg\",\"articleSection\":[\"Best practices\",\"Gestion de flotte\"],\"inLanguage\":\"fr-FR\"},{\"@type\":\"WebPage\",\"@id\":\"https:\\\/\\\/www.link2fleet.com\\\/fr\\\/fleet-dating-e-car-policy-mobility-policy-le-duo-gagnant\\\/\",\"url\":\"https:\\\/\\\/www.link2fleet.com\\\/fr\\\/fleet-dating-e-car-policy-mobility-policy-le-duo-gagnant\\\/\",\"name\":\"Fleet Dating: e-car policy & mobility policy: le duo gagnant ? - link2fleet\",\"isPartOf\":{\"@id\":\"https:\\\/\\\/www.link2fleet.com\\\/fr\\\/#website\"},\"primaryImageOfPage\":{\"@id\":\"https:\\\/\\\/www.link2fleet.com\\\/fr\\\/fleet-dating-e-car-policy-mobility-policy-le-duo-gagnant\\\/#primaryimage\"},\"image\":{\"@id\":\"https:\\\/\\\/www.link2fleet.com\\\/fr\\\/fleet-dating-e-car-policy-mobility-policy-le-duo-gagnant\\\/#primaryimage\"},\"thumbnailUrl\":\"https:\\\/\\\/static.link2fleet.com\\\/wp-content\\\/uploads\\\/2024\\\/03\\\/voiture-electrique-xs.jpg\",\"datePublished\":\"2020-11-19T15:24:56+00:00\",\"breadcrumb\":{\"@id\":\"https:\\\/\\\/www.link2fleet.com\\\/fr\\\/fleet-dating-e-car-policy-mobility-policy-le-duo-gagnant\\\/#breadcrumb\"},\"inLanguage\":\"fr-FR\",\"potentialAction\":[{\"@type\":\"ReadAction\",\"target\":[\"https:\\\/\\\/www.link2fleet.com\\\/fr\\\/fleet-dating-e-car-policy-mobility-policy-le-duo-gagnant\\\/\"]}]},{\"@type\":\"ImageObject\",\"inLanguage\":\"fr-FR\",\"@id\":\"https:\\\/\\\/www.link2fleet.com\\\/fr\\\/fleet-dating-e-car-policy-mobility-policy-le-duo-gagnant\\\/#primaryimage\",\"url\":\"https:\\\/\\\/static.link2fleet.com\\\/wp-content\\\/uploads\\\/2024\\\/03\\\/voiture-electrique-xs.jpg\",\"contentUrl\":\"https:\\\/\\\/static.link2fleet.com\\\/wp-content\\\/uploads\\\/2024\\\/03\\\/voiture-electrique-xs.jpg\",\"width\":480,\"height\":271},{\"@type\":\"BreadcrumbList\",\"@id\":\"https:\\\/\\\/www.link2fleet.com\\\/fr\\\/fleet-dating-e-car-policy-mobility-policy-le-duo-gagnant\\\/#breadcrumb\",\"itemListElement\":[{\"@type\":\"ListItem\",\"position\":1,\"name\":\"Home\",\"item\":\"https:\\\/\\\/www.link2fleet.com\\\/fr\\\/\"},{\"@type\":\"ListItem\",\"position\":2,\"name\":\"Fleet Dating: e-car policy &#038; mobility policy: le duo gagnant ?\"}]},{\"@type\":\"WebSite\",\"@id\":\"https:\\\/\\\/www.link2fleet.com\\\/fr\\\/#website\",\"url\":\"https:\\\/\\\/www.link2fleet.com\\\/fr\\\/\",\"name\":\"Link2fleet\",\"description\":\"\",\"publisher\":{\"@id\":\"https:\\\/\\\/www.link2fleet.com\\\/fr\\\/#organization\"},\"potentialAction\":[{\"@type\":\"SearchAction\",\"target\":{\"@type\":\"EntryPoint\",\"urlTemplate\":\"https:\\\/\\\/www.link2fleet.com\\\/fr\\\/?s={search_term_string}\"},\"query-input\":{\"@type\":\"PropertyValueSpecification\",\"valueRequired\":true,\"valueName\":\"search_term_string\"}}],\"inLanguage\":\"fr-FR\"},{\"@type\":\"Organization\",\"@id\":\"https:\\\/\\\/www.link2fleet.com\\\/fr\\\/#organization\",\"name\":\"Link2fleet\",\"url\":\"https:\\\/\\\/www.link2fleet.com\\\/fr\\\/\",\"logo\":{\"@type\":\"ImageObject\",\"inLanguage\":\"fr-FR\",\"@id\":\"https:\\\/\\\/www.link2fleet.com\\\/fr\\\/#\\\/schema\\\/logo\\\/image\\\/\",\"url\":\"https:\\\/\\\/static.link2fleet.com\\\/wp-content\\\/uploads\\\/2024\\\/03\\\/share-image.jpg\",\"contentUrl\":\"https:\\\/\\\/static.link2fleet.com\\\/wp-content\\\/uploads\\\/2024\\\/03\\\/share-image.jpg\",\"width\":1200,\"height\":630,\"caption\":\"Link2fleet\"},\"image\":{\"@id\":\"https:\\\/\\\/www.link2fleet.com\\\/fr\\\/#\\\/schema\\\/logo\\\/image\\\/\"},\"sameAs\":[\"https:\\\/\\\/www.linkedin.com\\\/company\\\/link2fleet-belgium\",\"https:\\\/\\\/www.youtube.com\\\/user\\\/MMMBMBE\"]},{\"@type\":\"Person\",\"@id\":\"https:\\\/\\\/www.link2fleet.com\\\/fr\\\/#\\\/schema\\\/person\\\/665e97b2a09468c859e1054550b6df42\",\"name\":\"Eduard Codd\u00e9\",\"image\":{\"@type\":\"ImageObject\",\"inLanguage\":\"fr-FR\",\"@id\":\"https:\\\/\\\/secure.gravatar.com\\\/avatar\\\/dec911fbcc7fe91af8440da6bf79457dcae5ede1c5620184af3119ee3db73d1b?s=96&d=mm&r=g\",\"url\":\"https:\\\/\\\/secure.gravatar.com\\\/avatar\\\/dec911fbcc7fe91af8440da6bf79457dcae5ede1c5620184af3119ee3db73d1b?s=96&d=mm&r=g\",\"contentUrl\":\"https:\\\/\\\/secure.gravatar.com\\\/avatar\\\/dec911fbcc7fe91af8440da6bf79457dcae5ede1c5620184af3119ee3db73d1b?s=96&d=mm&r=g\",\"caption\":\"Eduard Codd\u00e9\"}}]}<\/script>\n<!-- \/ Yoast SEO plugin. -->","yoast_head_json":{"title":"Fleet Dating: e-car policy & mobility policy: le duo gagnant ? - link2fleet","description":"D\u2019une r\u00e9cente enqu\u00eate online men\u00e9e par link2fleet et \u00e0 laquelle 150 gestionnaires de parc on pris part, il est ressorti que plus d\u2019une entreprise sur\u2026","robots":{"index":"index","follow":"follow","max-snippet":"max-snippet:-1","max-image-preview":"max-image-preview:large","max-video-preview":"max-video-preview:-1"},"og_locale":"fr_FR","og_type":"article","og_title":"Fleet Dating: e-car policy & mobility policy: le duo gagnant ? - link2fleet","og_description":"D\u2019une r\u00e9cente enqu\u00eate online men\u00e9e par link2fleet et \u00e0 laquelle 150 gestionnaires de parc on pris part, il est ressorti que plus d\u2019une entreprise sur\u2026","og_url":"https:\/\/www.link2fleet.com\/fr\/fleet-dating-e-car-policy-mobility-policy-le-duo-gagnant\/","og_site_name":"link2fleet","article_published_time":"2020-11-19T15:24:56+00:00","og_image":[{"width":480,"height":271,"url":"https:\/\/static.link2fleet.com\/wp-content\/uploads\/2024\/03\/voiture-electrique-xs.jpg","type":"image\/jpeg"}],"author":"Eduard Codd\u00e9","twitter_card":"summary_large_image","twitter_description":"D\u2019une r\u00e9cente enqu\u00eate online men\u00e9e par link2fleet et \u00e0 laquelle 150 gestionnaires de parc on pris part, il est ressorti que plus d\u2019une entreprise sur\u2026","twitter_misc":{"\u00c9crit par":"Eduard Codd\u00e9","Dur\u00e9e de lecture estim\u00e9e":"2 minutes"},"schema":{"@context":"https:\/\/schema.org","@graph":[{"@type":"Article","@id":"https:\/\/www.link2fleet.com\/fr\/fleet-dating-e-car-policy-mobility-policy-le-duo-gagnant\/#article","isPartOf":{"@id":"https:\/\/www.link2fleet.com\/fr\/fleet-dating-e-car-policy-mobility-policy-le-duo-gagnant\/"},"author":{"name":"Eduard Codd\u00e9","@id":"https:\/\/www.link2fleet.com\/fr\/#\/schema\/person\/665e97b2a09468c859e1054550b6df42"},"headline":"Fleet Dating: e-car policy &#038; mobility policy: le duo gagnant ?","datePublished":"2020-11-19T15:24:56+00:00","mainEntityOfPage":{"@id":"https:\/\/www.link2fleet.com\/fr\/fleet-dating-e-car-policy-mobility-policy-le-duo-gagnant\/"},"wordCount":483,"publisher":{"@id":"https:\/\/www.link2fleet.com\/fr\/#organization"},"image":{"@id":"https:\/\/www.link2fleet.com\/fr\/fleet-dating-e-car-policy-mobility-policy-le-duo-gagnant\/#primaryimage"},"thumbnailUrl":"https:\/\/static.link2fleet.com\/wp-content\/uploads\/2024\/03\/voiture-electrique-xs.jpg","articleSection":["Best practices","Gestion de flotte"],"inLanguage":"fr-FR"},{"@type":"WebPage","@id":"https:\/\/www.link2fleet.com\/fr\/fleet-dating-e-car-policy-mobility-policy-le-duo-gagnant\/","url":"https:\/\/www.link2fleet.com\/fr\/fleet-dating-e-car-policy-mobility-policy-le-duo-gagnant\/","name":"Fleet Dating: e-car policy & mobility policy: le duo gagnant ? - link2fleet","isPartOf":{"@id":"https:\/\/www.link2fleet.com\/fr\/#website"},"primaryImageOfPage":{"@id":"https:\/\/www.link2fleet.com\/fr\/fleet-dating-e-car-policy-mobility-policy-le-duo-gagnant\/#primaryimage"},"image":{"@id":"https:\/\/www.link2fleet.com\/fr\/fleet-dating-e-car-policy-mobility-policy-le-duo-gagnant\/#primaryimage"},"thumbnailUrl":"https:\/\/static.link2fleet.com\/wp-content\/uploads\/2024\/03\/voiture-electrique-xs.jpg","datePublished":"2020-11-19T15:24:56+00:00","breadcrumb":{"@id":"https:\/\/www.link2fleet.com\/fr\/fleet-dating-e-car-policy-mobility-policy-le-duo-gagnant\/#breadcrumb"},"inLanguage":"fr-FR","potentialAction":[{"@type":"ReadAction","target":["https:\/\/www.link2fleet.com\/fr\/fleet-dating-e-car-policy-mobility-policy-le-duo-gagnant\/"]}]},{"@type":"ImageObject","inLanguage":"fr-FR","@id":"https:\/\/www.link2fleet.com\/fr\/fleet-dating-e-car-policy-mobility-policy-le-duo-gagnant\/#primaryimage","url":"https:\/\/static.link2fleet.com\/wp-content\/uploads\/2024\/03\/voiture-electrique-xs.jpg","contentUrl":"https:\/\/static.link2fleet.com\/wp-content\/uploads\/2024\/03\/voiture-electrique-xs.jpg","width":480,"height":271},{"@type":"BreadcrumbList","@id":"https:\/\/www.link2fleet.com\/fr\/fleet-dating-e-car-policy-mobility-policy-le-duo-gagnant\/#breadcrumb","itemListElement":[{"@type":"ListItem","position":1,"name":"Home","item":"https:\/\/www.link2fleet.com\/fr\/"},{"@type":"ListItem","position":2,"name":"Fleet Dating: e-car policy &#038; mobility policy: le duo gagnant ?"}]},{"@type":"WebSite","@id":"https:\/\/www.link2fleet.com\/fr\/#website","url":"https:\/\/www.link2fleet.com\/fr\/","name":"Link2fleet","description":"","publisher":{"@id":"https:\/\/www.link2fleet.com\/fr\/#organization"},"potentialAction":[{"@type":"SearchAction","target":{"@type":"EntryPoint","urlTemplate":"https:\/\/www.link2fleet.com\/fr\/?s={search_term_string}"},"query-input":{"@type":"PropertyValueSpecification","valueRequired":true,"valueName":"search_term_string"}}],"inLanguage":"fr-FR"},{"@type":"Organization","@id":"https:\/\/www.link2fleet.com\/fr\/#organization","name":"Link2fleet","url":"https:\/\/www.link2fleet.com\/fr\/","logo":{"@type":"ImageObject","inLanguage":"fr-FR","@id":"https:\/\/www.link2fleet.com\/fr\/#\/schema\/logo\/image\/","url":"https:\/\/static.link2fleet.com\/wp-content\/uploads\/2024\/03\/share-image.jpg","contentUrl":"https:\/\/static.link2fleet.com\/wp-content\/uploads\/2024\/03\/share-image.jpg","width":1200,"height":630,"caption":"Link2fleet"},"image":{"@id":"https:\/\/www.link2fleet.com\/fr\/#\/schema\/logo\/image\/"},"sameAs":["https:\/\/www.linkedin.com\/company\/link2fleet-belgium","https:\/\/www.youtube.com\/user\/MMMBMBE"]},{"@type":"Person","@id":"https:\/\/www.link2fleet.com\/fr\/#\/schema\/person\/665e97b2a09468c859e1054550b6df42","name":"Eduard Codd\u00e9","image":{"@type":"ImageObject","inLanguage":"fr-FR","@id":"https:\/\/secure.gravatar.com\/avatar\/dec911fbcc7fe91af8440da6bf79457dcae5ede1c5620184af3119ee3db73d1b?s=96&d=mm&r=g","url":"https:\/\/secure.gravatar.com\/avatar\/dec911fbcc7fe91af8440da6bf79457dcae5ede1c5620184af3119ee3db73d1b?s=96&d=mm&r=g","contentUrl":"https:\/\/secure.gravatar.com\/avatar\/dec911fbcc7fe91af8440da6bf79457dcae5ede1c5620184af3119ee3db73d1b?s=96&d=mm&r=g","caption":"Eduard Codd\u00e9"}}]}},"_links":{"self":[{"href":"https:\/\/www.link2fleet.com\/fr\/wp-json\/wp\/v2\/posts\/2998","targetHints":{"allow":["GET"]}}],"collection":[{"href":"https:\/\/www.link2fleet.com\/fr\/wp-json\/wp\/v2\/posts"}],"about":[{"href":"https:\/\/www.link2fleet.com\/fr\/wp-json\/wp\/v2\/types\/post"}],"author":[{"embeddable":true,"href":"https:\/\/www.link2fleet.com\/fr\/wp-json\/wp\/v2\/users\/15"}],"replies":[{"embeddable":true,"href":"https:\/\/www.link2fleet.com\/fr\/wp-json\/wp\/v2\/comments?post=2998"}],"version-history":[{"count":0,"href":"https:\/\/www.link2fleet.com\/fr\/wp-json\/wp\/v2\/posts\/2998\/revisions"}],"wp:featuredmedia":[{"embeddable":true,"href":"https:\/\/www.link2fleet.com\/fr\/wp-json\/wp\/v2\/media\/2999"}],"wp:attachment":[{"href":"https:\/\/www.link2fleet.com\/fr\/wp-json\/wp\/v2\/media?parent=2998"}],"wp:term":[{"taxonomy":"category","embeddable":true,"href":"https:\/\/www.link2fleet.com\/fr\/wp-json\/wp\/v2\/categories?post=2998"},{"taxonomy":"post_tag","embeddable":true,"href":"https:\/\/www.link2fleet.com\/fr\/wp-json\/wp\/v2\/tags?post=2998"}],"curies":[{"name":"wp","href":"https:\/\/api.w.org\/{rel}","templated":true}]}}