{"id":30370,"date":"2024-06-24T16:06:18","date_gmt":"2024-06-24T14:06:18","guid":{"rendered":"https:\/\/www.link2fleet.com\/?p=30370"},"modified":"2024-06-24T16:06:18","modified_gmt":"2024-06-24T14:06:18","slug":"smart-1-elle-devient-plus-abordable-en-finition-pure","status":"publish","type":"post","link":"https:\/\/www.link2fleet.com\/fr\/smart-1-elle-devient-plus-abordable-en-finition-pure\/","title":{"rendered":"Smart #1 : elle devient plus abordable en finition \u00ab Pure \u00bb"},"content":{"rendered":"","protected":false},"excerpt":{"rendered":"","protected":false},"author":18,"featured_media":30376,"comment_status":"closed","ping_status":"closed","sticky":false,"template":"","format":"standard","meta":{"_acf_changed":false,"footnotes":""},"categories":[77,76],"tags":[155,375,376],"class_list":["post-30370","post","type-post","status-publish","format-standard","has-post-thumbnail","hentry","category-importateurs-et-constructeurs-automobiles-vp","category-car","tag-ev-fr","tag-smart","tag-smart-1"],"acf":[],"yoast_head":"<!-- This site is optimized with the Yoast SEO plugin v27.3 - https:\/\/yoast.com\/product\/yoast-seo-wordpress\/ -->\n<title>Smart #1 : elle devient plus abordable en finition \u00ab Pure \u00bb - link2fleet<\/title>\n<meta name=\"description\" content=\"Smart Belgique \u00e9largit sa gamme smart #1 avec les lignes de finition Pure et Pure+. Les deux lignes impressionnent surtout par leur prix tr\u00e8s comp\u00e9titif\u2026\" \/>\n<meta name=\"robots\" content=\"index, follow, max-snippet:-1, max-image-preview:large, max-video-preview:-1\" \/>\n<meta property=\"og:locale\" content=\"fr_FR\" \/>\n<meta property=\"og:type\" content=\"article\" \/>\n<meta property=\"og:title\" content=\"Smart #1 : elle devient plus abordable en finition \u00ab Pure \u00bb - link2fleet\" \/>\n<meta property=\"og:description\" content=\"Smart Belgique \u00e9largit sa gamme smart #1 avec les lignes de finition Pure et Pure+. Les deux lignes impressionnent surtout par leur prix tr\u00e8s comp\u00e9titif\u2026\" \/>\n<meta property=\"og:url\" content=\"https:\/\/www.link2fleet.com\/smart-1-elle-devient-plus-abordable-en-finition-pure\/\" \/>\n<meta property=\"og:site_name\" content=\"link2fleet\" \/>\n<meta property=\"article:published_time\" content=\"2024-06-24T14:06:18+00:00\" \/>\n<meta property=\"og:image\" content=\"https:\/\/static.link2fleet.com\/wp-content\/uploads\/2024\/06\/smart-hashtag1-pure-pureplus-1-1x1-paysage-ld.jpg\" \/>\n\t<meta property=\"og:image:width\" content=\"1300\" \/>\n\t<meta property=\"og:image:height\" content=\"950\" \/>\n\t<meta property=\"og:image:type\" content=\"image\/jpeg\" \/>\n<meta name=\"author\" content=\"Maxime Pasture\" \/>\n<meta name=\"twitter:card\" content=\"summary_large_image\" \/>\n<meta name=\"twitter:description\" content=\"Smart Belgique \u00e9largit sa gamme smart #1 avec les lignes de finition Pure et Pure+. Les deux lignes impressionnent surtout par leur prix tr\u00e8s comp\u00e9titif\u2026\" \/>\n<meta name=\"twitter:label1\" content=\"\u00c9crit par\" \/>\n\t<meta name=\"twitter:data1\" content=\"Journaliste de formation, Maxime est tr\u00e8s curieux mais surtout passionn\u00e9 d&#039;automobile. Sa curiosit\u00e9 l&#039;am\u00e8ne \u00e0 traiter de sujets divers et vari\u00e9s li\u00e9s \u00e0 la mobilit\u00e9 au sens large et bien plus encore !\" \/>\n\t<meta name=\"twitter:label2\" content=\"Dur\u00e9e de lecture estim\u00e9e\" \/>\n\t<meta name=\"twitter:data2\" content=\"3 minutes\" \/>\n<script type=\"application\/ld+json\" class=\"yoast-schema-graph\">{\"@context\":\"https:\\\/\\\/schema.org\",\"@graph\":[{\"@type\":\"Article\",\"@id\":\"https:\\\/\\\/www.link2fleet.com\\\/smart-1-elle-devient-plus-abordable-en-finition-pure\\\/#article\",\"isPartOf\":{\"@id\":\"https:\\\/\\\/www.link2fleet.com\\\/smart-1-elle-devient-plus-abordable-en-finition-pure\\\/\"},\"author\":{\"name\":\"Maxime Pasture\",\"@id\":\"https:\\\/\\\/www.link2fleet.com\\\/fr\\\/#\\\/schema\\\/person\\\/36f3d48d12a83e110d72b602b5bebc11\"},\"headline\":\"Smart #1 : elle devient plus abordable en finition \u00ab Pure \u00bb\",\"datePublished\":\"2024-06-24T14:06:18+00:00\",\"mainEntityOfPage\":{\"@id\":\"https:\\\/\\\/www.link2fleet.com\\\/smart-1-elle-devient-plus-abordable-en-finition-pure\\\/\"},\"wordCount\":8,\"publisher\":{\"@id\":\"https:\\\/\\\/www.link2fleet.com\\\/fr\\\/#organization\"},\"image\":{\"@id\":\"https:\\\/\\\/www.link2fleet.com\\\/smart-1-elle-devient-plus-abordable-en-finition-pure\\\/#primaryimage\"},\"thumbnailUrl\":\"https:\\\/\\\/static.link2fleet.com\\\/wp-content\\\/uploads\\\/2024\\\/06\\\/smart-hashtag1-pure-pureplus-1-1x1-paysage-ld.jpg\",\"keywords\":[\"EV\",\"smart\",\"smart #1\"],\"articleSection\":[\"Importateurs et constructeurs\",\"V\u00e9hicules\"],\"inLanguage\":\"fr-FR\"},{\"@type\":\"WebPage\",\"@id\":\"https:\\\/\\\/www.link2fleet.com\\\/smart-1-elle-devient-plus-abordable-en-finition-pure\\\/\",\"url\":\"https:\\\/\\\/www.link2fleet.com\\\/smart-1-elle-devient-plus-abordable-en-finition-pure\\\/\",\"name\":\"Smart #1 : elle devient plus abordable en finition \u00ab Pure \u00bb - link2fleet\",\"isPartOf\":{\"@id\":\"https:\\\/\\\/www.link2fleet.com\\\/fr\\\/#website\"},\"primaryImageOfPage\":{\"@id\":\"https:\\\/\\\/www.link2fleet.com\\\/smart-1-elle-devient-plus-abordable-en-finition-pure\\\/#primaryimage\"},\"image\":{\"@id\":\"https:\\\/\\\/www.link2fleet.com\\\/smart-1-elle-devient-plus-abordable-en-finition-pure\\\/#primaryimage\"},\"thumbnailUrl\":\"https:\\\/\\\/static.link2fleet.com\\\/wp-content\\\/uploads\\\/2024\\\/06\\\/smart-hashtag1-pure-pureplus-1-1x1-paysage-ld.jpg\",\"datePublished\":\"2024-06-24T14:06:18+00:00\",\"description\":\"Smart Belgique \u00e9largit sa gamme smart #1 avec les lignes de finition Pure et Pure+. Les deux lignes impressionnent surtout par leur prix tr\u00e8s comp\u00e9titif dans leur segment et sont \u00e9ligibles \u00e0 la prime VE flamande.\",\"breadcrumb\":{\"@id\":\"https:\\\/\\\/www.link2fleet.com\\\/smart-1-elle-devient-plus-abordable-en-finition-pure\\\/#breadcrumb\"},\"inLanguage\":\"fr-FR\",\"potentialAction\":[{\"@type\":\"ReadAction\",\"target\":[\"https:\\\/\\\/www.link2fleet.com\\\/smart-1-elle-devient-plus-abordable-en-finition-pure\\\/\"]}]},{\"@type\":\"ImageObject\",\"inLanguage\":\"fr-FR\",\"@id\":\"https:\\\/\\\/www.link2fleet.com\\\/smart-1-elle-devient-plus-abordable-en-finition-pure\\\/#primaryimage\",\"url\":\"https:\\\/\\\/static.link2fleet.com\\\/wp-content\\\/uploads\\\/2024\\\/06\\\/smart-hashtag1-pure-pureplus-1-1x1-paysage-ld.jpg\",\"contentUrl\":\"https:\\\/\\\/static.link2fleet.com\\\/wp-content\\\/uploads\\\/2024\\\/06\\\/smart-hashtag1-pure-pureplus-1-1x1-paysage-ld.jpg\",\"width\":1300,\"height\":950},{\"@type\":\"BreadcrumbList\",\"@id\":\"https:\\\/\\\/www.link2fleet.com\\\/smart-1-elle-devient-plus-abordable-en-finition-pure\\\/#breadcrumb\",\"itemListElement\":[{\"@type\":\"ListItem\",\"position\":1,\"name\":\"Home\",\"item\":\"https:\\\/\\\/www.link2fleet.com\\\/fr\\\/\"},{\"@type\":\"ListItem\",\"position\":2,\"name\":\"Smart #1 : elle devient plus abordable en finition \u00ab Pure \u00bb\"}]},{\"@type\":\"WebSite\",\"@id\":\"https:\\\/\\\/www.link2fleet.com\\\/fr\\\/#website\",\"url\":\"https:\\\/\\\/www.link2fleet.com\\\/fr\\\/\",\"name\":\"Link2fleet\",\"description\":\"\",\"publisher\":{\"@id\":\"https:\\\/\\\/www.link2fleet.com\\\/fr\\\/#organization\"},\"potentialAction\":[{\"@type\":\"SearchAction\",\"target\":{\"@type\":\"EntryPoint\",\"urlTemplate\":\"https:\\\/\\\/www.link2fleet.com\\\/fr\\\/?s={search_term_string}\"},\"query-input\":{\"@type\":\"PropertyValueSpecification\",\"valueRequired\":true,\"valueName\":\"search_term_string\"}}],\"inLanguage\":\"fr-FR\"},{\"@type\":\"Organization\",\"@id\":\"https:\\\/\\\/www.link2fleet.com\\\/fr\\\/#organization\",\"name\":\"Link2fleet\",\"url\":\"https:\\\/\\\/www.link2fleet.com\\\/fr\\\/\",\"logo\":{\"@type\":\"ImageObject\",\"inLanguage\":\"fr-FR\",\"@id\":\"https:\\\/\\\/www.link2fleet.com\\\/fr\\\/#\\\/schema\\\/logo\\\/image\\\/\",\"url\":\"https:\\\/\\\/static.link2fleet.com\\\/wp-content\\\/uploads\\\/2024\\\/03\\\/share-image.jpg\",\"contentUrl\":\"https:\\\/\\\/static.link2fleet.com\\\/wp-content\\\/uploads\\\/2024\\\/03\\\/share-image.jpg\",\"width\":1200,\"height\":630,\"caption\":\"Link2fleet\"},\"image\":{\"@id\":\"https:\\\/\\\/www.link2fleet.com\\\/fr\\\/#\\\/schema\\\/logo\\\/image\\\/\"},\"sameAs\":[\"https:\\\/\\\/www.linkedin.com\\\/company\\\/link2fleet-belgium\",\"https:\\\/\\\/www.youtube.com\\\/user\\\/MMMBMBE\"]},{\"@type\":\"Person\",\"@id\":\"https:\\\/\\\/www.link2fleet.com\\\/fr\\\/#\\\/schema\\\/person\\\/36f3d48d12a83e110d72b602b5bebc11\",\"name\":\"Maxime Pasture\",\"image\":{\"@type\":\"ImageObject\",\"inLanguage\":\"fr-FR\",\"@id\":\"https:\\\/\\\/secure.gravatar.com\\\/avatar\\\/a17c47a11dd3996c69a173e291c692b6a028e82349994bf0d9f60936c9795b9f?s=96&d=mm&r=g\",\"url\":\"https:\\\/\\\/secure.gravatar.com\\\/avatar\\\/a17c47a11dd3996c69a173e291c692b6a028e82349994bf0d9f60936c9795b9f?s=96&d=mm&r=g\",\"contentUrl\":\"https:\\\/\\\/secure.gravatar.com\\\/avatar\\\/a17c47a11dd3996c69a173e291c692b6a028e82349994bf0d9f60936c9795b9f?s=96&d=mm&r=g\",\"caption\":\"Maxime Pasture\"},\"description\":\"Journaliste de formation, Maxime est tr\u00e8s curieux mais surtout passionn\u00e9 d'automobile. Sa curiosit\u00e9 l'am\u00e8ne \u00e0 traiter de sujets divers et vari\u00e9s li\u00e9s \u00e0 la mobilit\u00e9 au sens large et bien plus encore !\"}]}<\/script>\n<!-- \/ Yoast SEO plugin. -->","yoast_head_json":{"title":"Smart #1 : elle devient plus abordable en finition \u00ab Pure \u00bb - link2fleet","description":"Smart Belgique \u00e9largit sa gamme smart #1 avec les lignes de finition Pure et Pure+. Les deux lignes impressionnent surtout par leur prix tr\u00e8s comp\u00e9titif\u2026","robots":{"index":"index","follow":"follow","max-snippet":"max-snippet:-1","max-image-preview":"max-image-preview:large","max-video-preview":"max-video-preview:-1"},"og_locale":"fr_FR","og_type":"article","og_title":"Smart #1 : elle devient plus abordable en finition \u00ab Pure \u00bb - link2fleet","og_description":"Smart Belgique \u00e9largit sa gamme smart #1 avec les lignes de finition Pure et Pure+. Les deux lignes impressionnent surtout par leur prix tr\u00e8s comp\u00e9titif\u2026","og_url":"https:\/\/www.link2fleet.com\/smart-1-elle-devient-plus-abordable-en-finition-pure\/","og_site_name":"link2fleet","article_published_time":"2024-06-24T14:06:18+00:00","og_image":[{"width":1300,"height":950,"url":"https:\/\/static.link2fleet.com\/wp-content\/uploads\/2024\/06\/smart-hashtag1-pure-pureplus-1-1x1-paysage-ld.jpg","type":"image\/jpeg"}],"author":"Maxime Pasture","twitter_card":"summary_large_image","twitter_description":"Smart Belgique \u00e9largit sa gamme smart #1 avec les lignes de finition Pure et Pure+. Les deux lignes impressionnent surtout par leur prix tr\u00e8s comp\u00e9titif\u2026","twitter_misc":{"\u00c9crit par":"Journaliste de formation, Maxime est tr\u00e8s curieux mais surtout passionn\u00e9 d'automobile. Sa curiosit\u00e9 l'am\u00e8ne \u00e0 traiter de sujets divers et vari\u00e9s li\u00e9s \u00e0 la mobilit\u00e9 au sens large et bien plus encore !","Dur\u00e9e de lecture estim\u00e9e":"3 minutes"},"schema":{"@context":"https:\/\/schema.org","@graph":[{"@type":"Article","@id":"https:\/\/www.link2fleet.com\/smart-1-elle-devient-plus-abordable-en-finition-pure\/#article","isPartOf":{"@id":"https:\/\/www.link2fleet.com\/smart-1-elle-devient-plus-abordable-en-finition-pure\/"},"author":{"name":"Maxime Pasture","@id":"https:\/\/www.link2fleet.com\/fr\/#\/schema\/person\/36f3d48d12a83e110d72b602b5bebc11"},"headline":"Smart #1 : elle devient plus abordable en finition \u00ab Pure \u00bb","datePublished":"2024-06-24T14:06:18+00:00","mainEntityOfPage":{"@id":"https:\/\/www.link2fleet.com\/smart-1-elle-devient-plus-abordable-en-finition-pure\/"},"wordCount":8,"publisher":{"@id":"https:\/\/www.link2fleet.com\/fr\/#organization"},"image":{"@id":"https:\/\/www.link2fleet.com\/smart-1-elle-devient-plus-abordable-en-finition-pure\/#primaryimage"},"thumbnailUrl":"https:\/\/static.link2fleet.com\/wp-content\/uploads\/2024\/06\/smart-hashtag1-pure-pureplus-1-1x1-paysage-ld.jpg","keywords":["EV","smart","smart #1"],"articleSection":["Importateurs et constructeurs","V\u00e9hicules"],"inLanguage":"fr-FR"},{"@type":"WebPage","@id":"https:\/\/www.link2fleet.com\/smart-1-elle-devient-plus-abordable-en-finition-pure\/","url":"https:\/\/www.link2fleet.com\/smart-1-elle-devient-plus-abordable-en-finition-pure\/","name":"Smart #1 : elle devient plus abordable en finition \u00ab Pure \u00bb - link2fleet","isPartOf":{"@id":"https:\/\/www.link2fleet.com\/fr\/#website"},"primaryImageOfPage":{"@id":"https:\/\/www.link2fleet.com\/smart-1-elle-devient-plus-abordable-en-finition-pure\/#primaryimage"},"image":{"@id":"https:\/\/www.link2fleet.com\/smart-1-elle-devient-plus-abordable-en-finition-pure\/#primaryimage"},"thumbnailUrl":"https:\/\/static.link2fleet.com\/wp-content\/uploads\/2024\/06\/smart-hashtag1-pure-pureplus-1-1x1-paysage-ld.jpg","datePublished":"2024-06-24T14:06:18+00:00","description":"Smart Belgique \u00e9largit sa gamme smart #1 avec les lignes de finition Pure et Pure+. Les deux lignes impressionnent surtout par leur prix tr\u00e8s comp\u00e9titif dans leur segment et sont \u00e9ligibles \u00e0 la prime VE flamande.","breadcrumb":{"@id":"https:\/\/www.link2fleet.com\/smart-1-elle-devient-plus-abordable-en-finition-pure\/#breadcrumb"},"inLanguage":"fr-FR","potentialAction":[{"@type":"ReadAction","target":["https:\/\/www.link2fleet.com\/smart-1-elle-devient-plus-abordable-en-finition-pure\/"]}]},{"@type":"ImageObject","inLanguage":"fr-FR","@id":"https:\/\/www.link2fleet.com\/smart-1-elle-devient-plus-abordable-en-finition-pure\/#primaryimage","url":"https:\/\/static.link2fleet.com\/wp-content\/uploads\/2024\/06\/smart-hashtag1-pure-pureplus-1-1x1-paysage-ld.jpg","contentUrl":"https:\/\/static.link2fleet.com\/wp-content\/uploads\/2024\/06\/smart-hashtag1-pure-pureplus-1-1x1-paysage-ld.jpg","width":1300,"height":950},{"@type":"BreadcrumbList","@id":"https:\/\/www.link2fleet.com\/smart-1-elle-devient-plus-abordable-en-finition-pure\/#breadcrumb","itemListElement":[{"@type":"ListItem","position":1,"name":"Home","item":"https:\/\/www.link2fleet.com\/fr\/"},{"@type":"ListItem","position":2,"name":"Smart #1 : elle devient plus abordable en finition \u00ab Pure \u00bb"}]},{"@type":"WebSite","@id":"https:\/\/www.link2fleet.com\/fr\/#website","url":"https:\/\/www.link2fleet.com\/fr\/","name":"Link2fleet","description":"","publisher":{"@id":"https:\/\/www.link2fleet.com\/fr\/#organization"},"potentialAction":[{"@type":"SearchAction","target":{"@type":"EntryPoint","urlTemplate":"https:\/\/www.link2fleet.com\/fr\/?s={search_term_string}"},"query-input":{"@type":"PropertyValueSpecification","valueRequired":true,"valueName":"search_term_string"}}],"inLanguage":"fr-FR"},{"@type":"Organization","@id":"https:\/\/www.link2fleet.com\/fr\/#organization","name":"Link2fleet","url":"https:\/\/www.link2fleet.com\/fr\/","logo":{"@type":"ImageObject","inLanguage":"fr-FR","@id":"https:\/\/www.link2fleet.com\/fr\/#\/schema\/logo\/image\/","url":"https:\/\/static.link2fleet.com\/wp-content\/uploads\/2024\/03\/share-image.jpg","contentUrl":"https:\/\/static.link2fleet.com\/wp-content\/uploads\/2024\/03\/share-image.jpg","width":1200,"height":630,"caption":"Link2fleet"},"image":{"@id":"https:\/\/www.link2fleet.com\/fr\/#\/schema\/logo\/image\/"},"sameAs":["https:\/\/www.linkedin.com\/company\/link2fleet-belgium","https:\/\/www.youtube.com\/user\/MMMBMBE"]},{"@type":"Person","@id":"https:\/\/www.link2fleet.com\/fr\/#\/schema\/person\/36f3d48d12a83e110d72b602b5bebc11","name":"Maxime Pasture","image":{"@type":"ImageObject","inLanguage":"fr-FR","@id":"https:\/\/secure.gravatar.com\/avatar\/a17c47a11dd3996c69a173e291c692b6a028e82349994bf0d9f60936c9795b9f?s=96&d=mm&r=g","url":"https:\/\/secure.gravatar.com\/avatar\/a17c47a11dd3996c69a173e291c692b6a028e82349994bf0d9f60936c9795b9f?s=96&d=mm&r=g","contentUrl":"https:\/\/secure.gravatar.com\/avatar\/a17c47a11dd3996c69a173e291c692b6a028e82349994bf0d9f60936c9795b9f?s=96&d=mm&r=g","caption":"Maxime Pasture"},"description":"Journaliste de formation, Maxime est tr\u00e8s curieux mais surtout passionn\u00e9 d'automobile. Sa curiosit\u00e9 l'am\u00e8ne \u00e0 traiter de sujets divers et vari\u00e9s li\u00e9s \u00e0 la mobilit\u00e9 au sens large et bien plus encore !"}]}},"_links":{"self":[{"href":"https:\/\/www.link2fleet.com\/fr\/wp-json\/wp\/v2\/posts\/30370","targetHints":{"allow":["GET"]}}],"collection":[{"href":"https:\/\/www.link2fleet.com\/fr\/wp-json\/wp\/v2\/posts"}],"about":[{"href":"https:\/\/www.link2fleet.com\/fr\/wp-json\/wp\/v2\/types\/post"}],"author":[{"embeddable":true,"href":"https:\/\/www.link2fleet.com\/fr\/wp-json\/wp\/v2\/users\/18"}],"replies":[{"embeddable":true,"href":"https:\/\/www.link2fleet.com\/fr\/wp-json\/wp\/v2\/comments?post=30370"}],"version-history":[{"count":0,"href":"https:\/\/www.link2fleet.com\/fr\/wp-json\/wp\/v2\/posts\/30370\/revisions"}],"wp:featuredmedia":[{"embeddable":true,"href":"https:\/\/www.link2fleet.com\/fr\/wp-json\/wp\/v2\/media\/30376"}],"wp:attachment":[{"href":"https:\/\/www.link2fleet.com\/fr\/wp-json\/wp\/v2\/media?parent=30370"}],"wp:term":[{"taxonomy":"category","embeddable":true,"href":"https:\/\/www.link2fleet.com\/fr\/wp-json\/wp\/v2\/categories?post=30370"},{"taxonomy":"post_tag","embeddable":true,"href":"https:\/\/www.link2fleet.com\/fr\/wp-json\/wp\/v2\/tags?post=30370"}],"curies":[{"name":"wp","href":"https:\/\/api.w.org\/{rel}","templated":true}]}}